{"id":9996,"date":"2021-07-10T13:20:00","date_gmt":"2021-07-10T12:20:00","guid":{"rendered":"https:\/\/algarve7.pt\/?p=9996"},"modified":"2021-07-09T18:20:39","modified_gmt":"2021-07-09T17:20:39","slug":"praias-seguras-com-apoio-do-municipio-de-lagos","status":"publish","type":"post","link":"https:\/\/algarve7.pt\/index.php\/2021\/07\/praias-seguras-com-apoio-do-municipio-de-lagos\/atualidade\/13\/20\/","title":{"rendered":"Praias seguras com apoio do munic\u00edpio de Lagos"},"content":{"rendered":"\n<p>A C\u00e2mara Municipal vai comparticipar, pelo segundo ano consecutivo, os vencimentos dos nadadores-salvadores que prestam servi\u00e7o nas praias de Lagos. O assunto foi presente \u00e0 \u00faltima reuni\u00e3o ordin\u00e1ria da autarquia, tendo sido aprovada a proposta de comparticipa\u00e7\u00e3o, por parte do munic\u00edpio, das despesas que os concession\u00e1rios dos apoios balneares ir\u00e3o ter com os nadadores salvadores para garantir a assist\u00eancia a banhistas e o socorro a n\u00e1ufragos.<\/p>\n\n\n\n<p>A redu\u00e7\u00e3o do n\u00famero de toldos e a limita\u00e7\u00e3o aos equipamentos dispon\u00edveis, a par do aumento dos encargos com a higieniza\u00e7\u00e3o dos espa\u00e7os, impostos pelas medidas de combate \u00e0 pandemia, deram origem a uma quebra de receitas para os concession\u00e1rios e \u00e0 consequente maior dificuldade em assegurar o encargo com os nadadores salvadores a que est\u00e3o obrigados.<\/p>\n\n\n\n<p>Neste contexto, e atendendo \u00e0 necessidade de manter o dispositivo de vigil\u00e2ncia e seguran\u00e7a nas zonas balneares, o munic\u00edpio de Lagos decidiu, no \u00e2mbito do \u201cLagos Apoia \u2013 Programa de Apoio \u00e0s Fam\u00edlias e Economia Local\u201d, comparticipar em 50% e em 75% o vencimento mensal bruto e despesas associadas com os nadadores salvadores, consoante se tratem de concession\u00e1rios que, para al\u00e9m de apoio balnear, tenham apoio de praia ou apenas apoio balnear.<\/p>\n\n\n\n<p>Luz, Porto de M\u00f3s, Camilo, D. Ana e Meia Praia s\u00e3o as zonas balneares abrangidas por esta medida, or\u00e7ada em cerca de 137 mil euros, sendo que relativamente \u00e0 Meia Praia a decis\u00e3o teve tamb\u00e9m em aten\u00e7\u00e3o o aumento do n\u00famero de nadadores salvadores determinado no Plano Integrado de Salvamento, que passou de 14 efetivos em 2020 para 20 efetivos em 2021, assim como a necessidade de utiliza\u00e7\u00e3o de outros recursos, como moto quatro e moto de \u00e1gua.<\/p>\n\n\n\n<p>A Praia da Batata, por seu turno, por estar atualmente sem concess\u00e3o atribu\u00edda, ter\u00e1 o dispositivo de vigil\u00e2ncia e seguran\u00e7a balnear assegurado pelo munic\u00edpio, atrav\u00e9s da contrata\u00e7\u00e3o direta de nadadores salvadores.<\/p>\n","protected":false},"excerpt":{"rendered":"<p>A C\u00e2mara Municipal vai comparticipar, pelo segundo ano consecutivo, os vencimentos dos nadadores-salvadores que prestam servi\u00e7o nas praias de Lagos.<\/p>\n","protected":false},"author":1,"featured_media":9997,"comment_status":"closed","ping_status":"open","sticky":false,"template":"","format":"standard","meta":{"colormag_page_container_layout":"default_layout","colormag_page_sidebar_layout":"default_layout","_monsterinsights_skip_tracking":false,"_monsterinsights_sitenote_active":false,"_monsterinsights_sitenote_note":"","_monsterinsights_sitenote_category":0,"jetpack_post_was_ever_published":false,"_jetpack_newsletter_access":"","_jetpack_dont_email_post_to_subs":false,"_jetpack_newsletter_tier_id":0,"_jetpack_memberships_contains_paywalled_content":false,"_jetpack_memberships_contains_paid_content":false,"footnotes":"","jetpack_publicize_message":"","jetpack_publicize_feature_enabled":true,"jetpack_social_post_already_shared":true,"jetpack_social_options":{"image_generator_settings":{"template":"highway","default_image_id":0,"font":"","enabled":false},"version":2}},"categories":[11],"tags":[36,62,68,49],"class_list":["post-9996","post","type-post","status-publish","format-standard","has-post-thumbnail","hentry","category-atualidade","tag-algarve","tag-atualidade","tag-lagos","tag-praias"],"yoast_head":"<!-- This site is optimized with the Yoast SEO plugin v27.5 - https:\/\/yoast.com\/product\/yoast-seo-wordpress\/ -->\n<title>Praias seguras com apoio do munic\u00edpio de Lagos - Algarve 7<\/title>\n<meta name=\"description\" content=\"Praias seguras com apoio do munic\u00edpio de Lagos Atualidade\" \/>\n<meta name=\"robots\" content=\"index, follow, max-snippet:-1, max-image-preview:large, max-video-preview:-1\" \/>\n<link rel=\"canonical\" href=\"https:\/\/algarve7.pt\/index.php\/2021\/07\/praias-seguras-com-apoio-do-municipio-de-lagos\/atualidade\/13\/20\/\" \/>\n<meta property=\"og:locale\" content=\"pt_PT\" \/>\n<meta property=\"og:type\" content=\"article\" \/>\n<meta property=\"og:title\" content=\"Praias seguras com apoio do munic\u00edpio de Lagos - Algarve 7\" \/>\n<meta property=\"og:description\" content=\"Praias seguras com apoio do munic\u00edpio de Lagos Atualidade\" \/>\n<meta property=\"og:url\" content=\"https:\/\/algarve7.pt\/index.php\/2021\/07\/praias-seguras-com-apoio-do-municipio-de-lagos\/atualidade\/13\/20\/\" \/>\n<meta property=\"og:site_name\" content=\"Algarve 7\" \/>\n<meta property=\"article:publisher\" content=\"https:\/\/www.facebook.com\/algarve7\" \/>\n<meta property=\"article:author\" content=\"https:\/\/www.facebook.com\/algarve7\" \/>\n<meta property=\"article:published_time\" content=\"2021-07-10T12:20:00+00:00\" \/>\n<meta property=\"og:image\" content=\"https:\/\/algarve7.pt\/wp-content\/uploads\/2021\/07\/Meia-Praia_Nadador_OCS.jpg\" \/>\n\t<meta property=\"og:image:width\" content=\"1200\" \/>\n\t<meta property=\"og:image:height\" content=\"800\" \/>\n\t<meta property=\"og:image:type\" content=\"image\/jpeg\" \/>\n<meta name=\"author\" content=\"Algarve 7\" \/>\n<meta name=\"twitter:card\" content=\"summary_large_image\" \/>\n<meta name=\"twitter:creator\" content=\"@Algarvesete\" \/>\n<meta name=\"twitter:site\" content=\"@Algarvesete\" \/>\n<meta name=\"twitter:label1\" content=\"Escrito por\" \/>\n\t<meta name=\"twitter:data1\" content=\"Algarve 7\" \/>\n\t<meta name=\"twitter:label2\" content=\"Tempo estimado de leitura\" \/>\n\t<meta name=\"twitter:data2\" content=\"2 minutos\" \/>\n<script type=\"application\/ld+json\" class=\"yoast-schema-graph\">{\"@context\":\"https:\\\/\\\/schema.org\",\"@graph\":[{\"@type\":\"Article\",\"@id\":\"https:\\\/\\\/algarve7.pt\\\/index.php\\\/2021\\\/07\\\/praias-seguras-com-apoio-do-municipio-de-lagos\\\/atualidade\\\/13\\\/20\\\/#article\",\"isPartOf\":{\"@id\":\"https:\\\/\\\/algarve7.pt\\\/index.php\\\/2021\\\/07\\\/praias-seguras-com-apoio-do-municipio-de-lagos\\\/atualidade\\\/13\\\/20\\\/\"},\"author\":{\"name\":\"Algarve 7\",\"@id\":\"https:\\\/\\\/algarve7.pt\\\/#\\\/schema\\\/person\\\/23fa70681308e7b319a3204bcea45e0c\"},\"headline\":\"Praias seguras com apoio do munic\u00edpio de Lagos\",\"datePublished\":\"2021-07-10T12:20:00+00:00\",\"mainEntityOfPage\":{\"@id\":\"https:\\\/\\\/algarve7.pt\\\/index.php\\\/2021\\\/07\\\/praias-seguras-com-apoio-do-municipio-de-lagos\\\/atualidade\\\/13\\\/20\\\/\"},\"wordCount\":339,\"publisher\":{\"@id\":\"https:\\\/\\\/algarve7.pt\\\/#organization\"},\"image\":{\"@id\":\"https:\\\/\\\/algarve7.pt\\\/index.php\\\/2021\\\/07\\\/praias-seguras-com-apoio-do-municipio-de-lagos\\\/atualidade\\\/13\\\/20\\\/#primaryimage\"},\"thumbnailUrl\":\"https:\\\/\\\/algarve7.pt\\\/wp-content\\\/uploads\\\/2021\\\/07\\\/Meia-Praia_Nadador_OCS.jpg\",\"keywords\":[\"Algarve\",\"Atualidade\",\"Lagos\",\"Praias\"],\"articleSection\":[\"Atualidade\"],\"inLanguage\":\"pt-PT\"},{\"@type\":\"WebPage\",\"@id\":\"https:\\\/\\\/algarve7.pt\\\/index.php\\\/2021\\\/07\\\/praias-seguras-com-apoio-do-municipio-de-lagos\\\/atualidade\\\/13\\\/20\\\/\",\"url\":\"https:\\\/\\\/algarve7.pt\\\/index.php\\\/2021\\\/07\\\/praias-seguras-com-apoio-do-municipio-de-lagos\\\/atualidade\\\/13\\\/20\\\/\",\"name\":\"Praias seguras com apoio do munic\u00edpio de Lagos - Algarve 7\",\"isPartOf\":{\"@id\":\"https:\\\/\\\/algarve7.pt\\\/#website\"},\"primaryImageOfPage\":{\"@id\":\"https:\\\/\\\/algarve7.pt\\\/index.php\\\/2021\\\/07\\\/praias-seguras-com-apoio-do-municipio-de-lagos\\\/atualidade\\\/13\\\/20\\\/#primaryimage\"},\"image\":{\"@id\":\"https:\\\/\\\/algarve7.pt\\\/index.php\\\/2021\\\/07\\\/praias-seguras-com-apoio-do-municipio-de-lagos\\\/atualidade\\\/13\\\/20\\\/#primaryimage\"},\"thumbnailUrl\":\"https:\\\/\\\/algarve7.pt\\\/wp-content\\\/uploads\\\/2021\\\/07\\\/Meia-Praia_Nadador_OCS.jpg\",\"datePublished\":\"2021-07-10T12:20:00+00:00\",\"description\":\"Praias seguras com apoio do munic\u00edpio de Lagos Atualidade\",\"breadcrumb\":{\"@id\":\"https:\\\/\\\/algarve7.pt\\\/index.php\\\/2021\\\/07\\\/praias-seguras-com-apoio-do-municipio-de-lagos\\\/atualidade\\\/13\\\/20\\\/#breadcrumb\"},\"inLanguage\":\"pt-PT\",\"potentialAction\":[{\"@type\":\"ReadAction\",\"target\":[\"https:\\\/\\\/algarve7.pt\\\/index.php\\\/2021\\\/07\\\/praias-seguras-com-apoio-do-municipio-de-lagos\\\/atualidade\\\/13\\\/20\\\/\"]}]},{\"@type\":\"ImageObject\",\"inLanguage\":\"pt-PT\",\"@id\":\"https:\\\/\\\/algarve7.pt\\\/index.php\\\/2021\\\/07\\\/praias-seguras-com-apoio-do-municipio-de-lagos\\\/atualidade\\\/13\\\/20\\\/#primaryimage\",\"url\":\"https:\\\/\\\/algarve7.pt\\\/wp-content\\\/uploads\\\/2021\\\/07\\\/Meia-Praia_Nadador_OCS.jpg\",\"contentUrl\":\"https:\\\/\\\/algarve7.pt\\\/wp-content\\\/uploads\\\/2021\\\/07\\\/Meia-Praia_Nadador_OCS.jpg\",\"width\":1200,\"height\":800,\"caption\":\"Imagens da meia praia e porto de m\u00f3s\"},{\"@type\":\"BreadcrumbList\",\"@id\":\"https:\\\/\\\/algarve7.pt\\\/index.php\\\/2021\\\/07\\\/praias-seguras-com-apoio-do-municipio-de-lagos\\\/atualidade\\\/13\\\/20\\\/#breadcrumb\",\"itemListElement\":[{\"@type\":\"ListItem\",\"position\":1,\"name\":\"In\u00edcio\",\"item\":\"https:\\\/\\\/algarve7.pt\\\/\"},{\"@type\":\"ListItem\",\"position\":2,\"name\":\"Praias seguras com apoio do munic\u00edpio de Lagos\"}]},{\"@type\":\"WebSite\",\"@id\":\"https:\\\/\\\/algarve7.pt\\\/#website\",\"url\":\"https:\\\/\\\/algarve7.pt\\\/\",\"name\":\"Algarve 7\",\"description\":\"Informa\u00e7\u00e3o sobre o Algarve\",\"publisher\":{\"@id\":\"https:\\\/\\\/algarve7.pt\\\/#organization\"},\"potentialAction\":[{\"@type\":\"SearchAction\",\"target\":{\"@type\":\"EntryPoint\",\"urlTemplate\":\"https:\\\/\\\/algarve7.pt\\\/?s={search_term_string}\"},\"query-input\":{\"@type\":\"PropertyValueSpecification\",\"valueRequired\":true,\"valueName\":\"search_term_string\"}}],\"inLanguage\":\"pt-PT\"},{\"@type\":\"Organization\",\"@id\":\"https:\\\/\\\/algarve7.pt\\\/#organization\",\"name\":\"Algarve 7\",\"url\":\"https:\\\/\\\/algarve7.pt\\\/\",\"logo\":{\"@type\":\"ImageObject\",\"inLanguage\":\"pt-PT\",\"@id\":\"https:\\\/\\\/algarve7.pt\\\/#\\\/schema\\\/logo\\\/image\\\/\",\"url\":\"https:\\\/\\\/algarve7.pt\\\/wp-content\\\/uploads\\\/2020\\\/10\\\/Logo-8.jpg\",\"contentUrl\":\"https:\\\/\\\/algarve7.pt\\\/wp-content\\\/uploads\\\/2020\\\/10\\\/Logo-8.jpg\",\"width\":1680,\"height\":1186,\"caption\":\"Algarve 7\"},\"image\":{\"@id\":\"https:\\\/\\\/algarve7.pt\\\/#\\\/schema\\\/logo\\\/image\\\/\"},\"sameAs\":[\"https:\\\/\\\/www.facebook.com\\\/algarve7\",\"https:\\\/\\\/x.com\\\/Algarvesete\",\"https:\\\/\\\/www.instagram.com\\\/jornalalgarve7\\\/\",\"https:\\\/\\\/www.linkedin.com\\\/company\\\/algarve7\",\"https:\\\/\\\/www.pinterest.pt\\\/geral0939\\\/_created\\\/\"]},{\"@type\":\"Person\",\"@id\":\"https:\\\/\\\/algarve7.pt\\\/#\\\/schema\\\/person\\\/23fa70681308e7b319a3204bcea45e0c\",\"name\":\"Algarve 7\",\"sameAs\":[\"https:\\\/\\\/algarve7.pt\",\"https:\\\/\\\/www.facebook.com\\\/algarve7\"],\"url\":\"https:\\\/\\\/algarve7.pt\\\/index.php\\\/author\\\/geralalgarve7-pt\\\/\"}]}<\/script>\n<!-- \/ Yoast SEO plugin. -->","yoast_head_json":{"title":"Praias seguras com apoio do munic\u00edpio de Lagos - Algarve 7","description":"Praias seguras com apoio do munic\u00edpio de Lagos Atualidade","robots":{"index":"index","follow":"follow","max-snippet":"max-snippet:-1","max-image-preview":"max-image-preview:large","max-video-preview":"max-video-preview:-1"},"canonical":"https:\/\/algarve7.pt\/index.php\/2021\/07\/praias-seguras-com-apoio-do-municipio-de-lagos\/atualidade\/13\/20\/","og_locale":"pt_PT","og_type":"article","og_title":"Praias seguras com apoio do munic\u00edpio de Lagos - Algarve 7","og_description":"Praias seguras com apoio do munic\u00edpio de Lagos Atualidade","og_url":"https:\/\/algarve7.pt\/index.php\/2021\/07\/praias-seguras-com-apoio-do-municipio-de-lagos\/atualidade\/13\/20\/","og_site_name":"Algarve 7","article_publisher":"https:\/\/www.facebook.com\/algarve7","article_author":"https:\/\/www.facebook.com\/algarve7","article_published_time":"2021-07-10T12:20:00+00:00","og_image":[{"width":1200,"height":800,"url":"https:\/\/algarve7.pt\/wp-content\/uploads\/2021\/07\/Meia-Praia_Nadador_OCS.jpg","type":"image\/jpeg"}],"author":"Algarve 7","twitter_card":"summary_large_image","twitter_creator":"@Algarvesete","twitter_site":"@Algarvesete","twitter_misc":{"Escrito por":"Algarve 7","Tempo estimado de leitura":"2 minutos"},"schema":{"@context":"https:\/\/schema.org","@graph":[{"@type":"Article","@id":"https:\/\/algarve7.pt\/index.php\/2021\/07\/praias-seguras-com-apoio-do-municipio-de-lagos\/atualidade\/13\/20\/#article","isPartOf":{"@id":"https:\/\/algarve7.pt\/index.php\/2021\/07\/praias-seguras-com-apoio-do-municipio-de-lagos\/atualidade\/13\/20\/"},"author":{"name":"Algarve 7","@id":"https:\/\/algarve7.pt\/#\/schema\/person\/23fa70681308e7b319a3204bcea45e0c"},"headline":"Praias seguras com apoio do munic\u00edpio de Lagos","datePublished":"2021-07-10T12:20:00+00:00","mainEntityOfPage":{"@id":"https:\/\/algarve7.pt\/index.php\/2021\/07\/praias-seguras-com-apoio-do-municipio-de-lagos\/atualidade\/13\/20\/"},"wordCount":339,"publisher":{"@id":"https:\/\/algarve7.pt\/#organization"},"image":{"@id":"https:\/\/algarve7.pt\/index.php\/2021\/07\/praias-seguras-com-apoio-do-municipio-de-lagos\/atualidade\/13\/20\/#primaryimage"},"thumbnailUrl":"https:\/\/algarve7.pt\/wp-content\/uploads\/2021\/07\/Meia-Praia_Nadador_OCS.jpg","keywords":["Algarve","Atualidade","Lagos","Praias"],"articleSection":["Atualidade"],"inLanguage":"pt-PT"},{"@type":"WebPage","@id":"https:\/\/algarve7.pt\/index.php\/2021\/07\/praias-seguras-com-apoio-do-municipio-de-lagos\/atualidade\/13\/20\/","url":"https:\/\/algarve7.pt\/index.php\/2021\/07\/praias-seguras-com-apoio-do-municipio-de-lagos\/atualidade\/13\/20\/","name":"Praias seguras com apoio do munic\u00edpio de Lagos - Algarve 7","isPartOf":{"@id":"https:\/\/algarve7.pt\/#website"},"primaryImageOfPage":{"@id":"https:\/\/algarve7.pt\/index.php\/2021\/07\/praias-seguras-com-apoio-do-municipio-de-lagos\/atualidade\/13\/20\/#primaryimage"},"image":{"@id":"https:\/\/algarve7.pt\/index.php\/2021\/07\/praias-seguras-com-apoio-do-municipio-de-lagos\/atualidade\/13\/20\/#primaryimage"},"thumbnailUrl":"https:\/\/algarve7.pt\/wp-content\/uploads\/2021\/07\/Meia-Praia_Nadador_OCS.jpg","datePublished":"2021-07-10T12:20:00+00:00","description":"Praias seguras com apoio do munic\u00edpio de Lagos Atualidade","breadcrumb":{"@id":"https:\/\/algarve7.pt\/index.php\/2021\/07\/praias-seguras-com-apoio-do-municipio-de-lagos\/atualidade\/13\/20\/#breadcrumb"},"inLanguage":"pt-PT","potentialAction":[{"@type":"ReadAction","target":["https:\/\/algarve7.pt\/index.php\/2021\/07\/praias-seguras-com-apoio-do-municipio-de-lagos\/atualidade\/13\/20\/"]}]},{"@type":"ImageObject","inLanguage":"pt-PT","@id":"https:\/\/algarve7.pt\/index.php\/2021\/07\/praias-seguras-com-apoio-do-municipio-de-lagos\/atualidade\/13\/20\/#primaryimage","url":"https:\/\/algarve7.pt\/wp-content\/uploads\/2021\/07\/Meia-Praia_Nadador_OCS.jpg","contentUrl":"https:\/\/algarve7.pt\/wp-content\/uploads\/2021\/07\/Meia-Praia_Nadador_OCS.jpg","width":1200,"height":800,"caption":"Imagens da meia praia e porto de m\u00f3s"},{"@type":"BreadcrumbList","@id":"https:\/\/algarve7.pt\/index.php\/2021\/07\/praias-seguras-com-apoio-do-municipio-de-lagos\/atualidade\/13\/20\/#breadcrumb","itemListElement":[{"@type":"ListItem","position":1,"name":"In\u00edcio","item":"https:\/\/algarve7.pt\/"},{"@type":"ListItem","position":2,"name":"Praias seguras com apoio do munic\u00edpio de Lagos"}]},{"@type":"WebSite","@id":"https:\/\/algarve7.pt\/#website","url":"https:\/\/algarve7.pt\/","name":"Algarve 7","description":"Informa\u00e7\u00e3o sobre o Algarve","publisher":{"@id":"https:\/\/algarve7.pt\/#organization"},"potentialAction":[{"@type":"SearchAction","target":{"@type":"EntryPoint","urlTemplate":"https:\/\/algarve7.pt\/?s={search_term_string}"},"query-input":{"@type":"PropertyValueSpecification","valueRequired":true,"valueName":"search_term_string"}}],"inLanguage":"pt-PT"},{"@type":"Organization","@id":"https:\/\/algarve7.pt\/#organization","name":"Algarve 7","url":"https:\/\/algarve7.pt\/","logo":{"@type":"ImageObject","inLanguage":"pt-PT","@id":"https:\/\/algarve7.pt\/#\/schema\/logo\/image\/","url":"https:\/\/algarve7.pt\/wp-content\/uploads\/2020\/10\/Logo-8.jpg","contentUrl":"https:\/\/algarve7.pt\/wp-content\/uploads\/2020\/10\/Logo-8.jpg","width":1680,"height":1186,"caption":"Algarve 7"},"image":{"@id":"https:\/\/algarve7.pt\/#\/schema\/logo\/image\/"},"sameAs":["https:\/\/www.facebook.com\/algarve7","https:\/\/x.com\/Algarvesete","https:\/\/www.instagram.com\/jornalalgarve7\/","https:\/\/www.linkedin.com\/company\/algarve7","https:\/\/www.pinterest.pt\/geral0939\/_created\/"]},{"@type":"Person","@id":"https:\/\/algarve7.pt\/#\/schema\/person\/23fa70681308e7b319a3204bcea45e0c","name":"Algarve 7","sameAs":["https:\/\/algarve7.pt","https:\/\/www.facebook.com\/algarve7"],"url":"https:\/\/algarve7.pt\/index.php\/author\/geralalgarve7-pt\/"}]}},"jetpack_publicize_connections":[],"jetpack_featured_media_url":"https:\/\/algarve7.pt\/wp-content\/uploads\/2021\/07\/Meia-Praia_Nadador_OCS.jpg","jetpack_shortlink":"https:\/\/wp.me\/pcezmW-2Be","jetpack_sharing_enabled":true,"_links":{"self":[{"href":"https:\/\/algarve7.pt\/index.php\/wp-json\/wp\/v2\/posts\/9996","targetHints":{"allow":["GET"]}}],"collection":[{"href":"https:\/\/algarve7.pt\/index.php\/wp-json\/wp\/v2\/posts"}],"about":[{"href":"https:\/\/algarve7.pt\/index.php\/wp-json\/wp\/v2\/types\/post"}],"author":[{"embeddable":true,"href":"https:\/\/algarve7.pt\/index.php\/wp-json\/wp\/v2\/users\/1"}],"replies":[{"embeddable":true,"href":"https:\/\/algarve7.pt\/index.php\/wp-json\/wp\/v2\/comments?post=9996"}],"version-history":[{"count":0,"href":"https:\/\/algarve7.pt\/index.php\/wp-json\/wp\/v2\/posts\/9996\/revisions"}],"wp:featuredmedia":[{"embeddable":true,"href":"https:\/\/algarve7.pt\/index.php\/wp-json\/wp\/v2\/media\/9997"}],"wp:attachment":[{"href":"https:\/\/algarve7.pt\/index.php\/wp-json\/wp\/v2\/media?parent=9996"}],"wp:term":[{"taxonomy":"category","embeddable":true,"href":"https:\/\/algarve7.pt\/index.php\/wp-json\/wp\/v2\/categories?post=9996"},{"taxonomy":"post_tag","embeddable":true,"href":"https:\/\/algarve7.pt\/index.php\/wp-json\/wp\/v2\/tags?post=9996"}],"curies":[{"name":"wp","href":"https:\/\/api.w.org\/{rel}","templated":true}]}}