{"id":9898,"date":"2021-07-06T19:51:59","date_gmt":"2021-07-06T18:51:59","guid":{"rendered":"https:\/\/algarve7.pt\/?p=9898"},"modified":"2021-07-06T19:52:02","modified_gmt":"2021-07-06T18:52:02","slug":"mestrado-em-medicina-da-ualg-aumenta-vagas-com-apoio-da-amal-e-do-mctes","status":"publish","type":"post","link":"https:\/\/algarve7.pt\/index.php\/2021\/07\/mestrado-em-medicina-da-ualg-aumenta-vagas-com-apoio-da-amal-e-do-mctes\/educacao\/19\/51\/","title":{"rendered":"Mestrado em Medicina da UAlg aumenta vagas com apoio da AMAL e do MCTES"},"content":{"rendered":"\n<p>A Universidade do Algarve, o Minist\u00e9rio da Ci\u00eancia, Tecnologia e Ensino Superior (MCTES) e os Munic\u00edpios do Algarve assinam, no pr\u00f3ximo dia 8 de julho, pelas 15h00, no Grande Audit\u00f3rio do Campus de Gambelas, o contrato-programa para o aumento de vagas de Medicina no Algarve.<\/p>\n\n\n\n<p>Tendo em vista a concretiza\u00e7\u00e3o, refor\u00e7o e alargamento do ensino de Medicina na regi\u00e3o, a AMAL (Comunidade Intermunicipal do Algarve) realiza um investimento de 600 mil euros\/ano em todas as todas as componentes da \u00e1rea da sa\u00fade na regi\u00e3o do Algarve, designadamente equipamentos, pesquisa e desenvolvimento, respostas de servi\u00e7os de sa\u00fade e forma\u00e7\u00e3o superior e p\u00f3s-graduada nesta \u00e1rea.<\/p>\n\n\n\n<p>O aumento de vagas teve in\u00edcio em 2020\/21 passando de 48 para 64 vagas , estando previsto atingir as 96 vagas em 2025\/26, contribuindo, a longo prazo para a melhoria da qualidade dos cuidados de sa\u00fade prestados na regi\u00e3o, bem como capta\u00e7\u00e3o e fixa\u00e7\u00e3o de profissionais de sa\u00fade no Algarve.<\/p>\n\n\n\n<p>Simultaneamente, ser\u00e1 lan\u00e7ado o Programa MD&nbsp;<em>PhD<\/em>, um programa conjunto entre a Universidade do Algarve e a Funda\u00e7\u00e3o Champalimaud que visa a forma\u00e7\u00e3o da pr\u00f3xima gera\u00e7\u00e3o de m\u00e9dicos-cientistas.<\/p>\n\n\n\n<p>O programa, pioneiro em Portugal pela sua vertente de duplo diploma (MD +&nbsp;<em>PhD<\/em>), \u00e9 desenhado com base nas melhores pr\u00e1ticas ao n\u00edvel internacional, providenciando aos estudantes a oportunidade de obter treino m\u00e9dico fundamental ao mesmo tempo que desenvolvem habilidades ao n\u00edvel da investiga\u00e7\u00e3o cient\u00edfica que lhe permitir\u00e3o desenvolver-se enquanto cl\u00ednicos-cientistas, fazendo a interface entre medicina e ci\u00eancia.<\/p>\n\n\n\n<p>O contrato-programa entre a UAlg, AD-ABC, Munic\u00edpios do Algarve e MCTES ser\u00e1 apresentado formalmente, no dia 8 de julho, pelas 15h00.<\/p>\n","protected":false},"excerpt":{"rendered":"<p>A Universidade do Algarve, o Minist\u00e9rio da Ci\u00eancia, Tecnologia e Ensino Superior (MCTES) e os Munic\u00edpios do Algarve assinam, no<\/p>\n","protected":false},"author":1,"featured_media":9899,"comment_status":"closed","ping_status":"open","sticky":false,"template":"","format":"standard","meta":{"colormag_page_container_layout":"default_layout","colormag_page_sidebar_layout":"default_layout","_monsterinsights_skip_tracking":false,"_monsterinsights_sitenote_active":false,"_monsterinsights_sitenote_note":"","_monsterinsights_sitenote_category":0,"jetpack_post_was_ever_published":false,"_jetpack_newsletter_access":"","_jetpack_dont_email_post_to_subs":false,"_jetpack_newsletter_tier_id":0,"_jetpack_memberships_contains_paywalled_content":false,"_jetpack_memberships_contains_paid_content":false,"footnotes":"","jetpack_publicize_message":"","jetpack_publicize_feature_enabled":true,"jetpack_social_post_already_shared":true,"jetpack_social_options":{"image_generator_settings":{"template":"highway","default_image_id":0,"font":"","enabled":false},"version":2}},"categories":[93],"tags":[132,36,207,74,182],"class_list":["post-9898","post","type-post","status-publish","format-standard","has-post-thumbnail","hentry","category-educacao","tag-abc","tag-algarve","tag-amal","tag-educacao","tag-ualg"],"yoast_head":"<!-- This site is optimized with the Yoast SEO plugin v27.5 - https:\/\/yoast.com\/product\/yoast-seo-wordpress\/ -->\n<title>Mestrado em Medicina da UAlg aumenta vagas com apoio da AMAL e do MCTES - Algarve 7<\/title>\n<meta name=\"description\" content=\"Mestrado em Medicina da UAlg aumenta vagas com apoio da AMAL e do MCTES Educa\u00e7\u00e3o\" \/>\n<meta name=\"robots\" content=\"index, follow, max-snippet:-1, max-image-preview:large, max-video-preview:-1\" \/>\n<link rel=\"canonical\" href=\"https:\/\/algarve7.pt\/index.php\/2021\/07\/mestrado-em-medicina-da-ualg-aumenta-vagas-com-apoio-da-amal-e-do-mctes\/educacao\/19\/51\/\" \/>\n<meta property=\"og:locale\" content=\"pt_PT\" \/>\n<meta property=\"og:type\" content=\"article\" \/>\n<meta property=\"og:title\" content=\"Mestrado em Medicina da UAlg aumenta vagas com apoio da AMAL e do MCTES - Algarve 7\" \/>\n<meta property=\"og:description\" content=\"Mestrado em Medicina da UAlg aumenta vagas com apoio da AMAL e do MCTES Educa\u00e7\u00e3o\" \/>\n<meta property=\"og:url\" content=\"https:\/\/algarve7.pt\/index.php\/2021\/07\/mestrado-em-medicina-da-ualg-aumenta-vagas-com-apoio-da-amal-e-do-mctes\/educacao\/19\/51\/\" \/>\n<meta property=\"og:site_name\" content=\"Algarve 7\" \/>\n<meta property=\"article:publisher\" content=\"https:\/\/www.facebook.com\/algarve7\" \/>\n<meta property=\"article:author\" content=\"https:\/\/www.facebook.com\/algarve7\" \/>\n<meta property=\"article:published_time\" content=\"2021-07-06T18:51:59+00:00\" \/>\n<meta property=\"article:modified_time\" content=\"2021-07-06T18:52:02+00:00\" \/>\n<meta property=\"og:image\" content=\"https:\/\/algarve7.pt\/wp-content\/uploads\/2021\/07\/Captura-de-ecra-2021-07-06-as-19.48.50-e1625597492207.png\" \/>\n\t<meta property=\"og:image:width\" content=\"1152\" \/>\n\t<meta property=\"og:image:height\" content=\"403\" \/>\n\t<meta property=\"og:image:type\" content=\"image\/png\" \/>\n<meta name=\"author\" content=\"Algarve 7\" \/>\n<meta name=\"twitter:card\" content=\"summary_large_image\" \/>\n<meta name=\"twitter:creator\" content=\"@Algarvesete\" \/>\n<meta name=\"twitter:site\" content=\"@Algarvesete\" \/>\n<meta name=\"twitter:label1\" content=\"Escrito por\" \/>\n\t<meta name=\"twitter:data1\" content=\"Algarve 7\" \/>\n\t<meta name=\"twitter:label2\" content=\"Tempo estimado de leitura\" \/>\n\t<meta name=\"twitter:data2\" content=\"2 minutos\" \/>\n<script type=\"application\/ld+json\" class=\"yoast-schema-graph\">{\"@context\":\"https:\\\/\\\/schema.org\",\"@graph\":[{\"@type\":\"Article\",\"@id\":\"https:\\\/\\\/algarve7.pt\\\/index.php\\\/2021\\\/07\\\/mestrado-em-medicina-da-ualg-aumenta-vagas-com-apoio-da-amal-e-do-mctes\\\/educacao\\\/19\\\/51\\\/#article\",\"isPartOf\":{\"@id\":\"https:\\\/\\\/algarve7.pt\\\/index.php\\\/2021\\\/07\\\/mestrado-em-medicina-da-ualg-aumenta-vagas-com-apoio-da-amal-e-do-mctes\\\/educacao\\\/19\\\/51\\\/\"},\"author\":{\"name\":\"Algarve 7\",\"@id\":\"https:\\\/\\\/algarve7.pt\\\/#\\\/schema\\\/person\\\/23fa70681308e7b319a3204bcea45e0c\"},\"headline\":\"Mestrado em Medicina da UAlg aumenta vagas com apoio da AMAL e do MCTES\",\"datePublished\":\"2021-07-06T18:51:59+00:00\",\"dateModified\":\"2021-07-06T18:52:02+00:00\",\"mainEntityOfPage\":{\"@id\":\"https:\\\/\\\/algarve7.pt\\\/index.php\\\/2021\\\/07\\\/mestrado-em-medicina-da-ualg-aumenta-vagas-com-apoio-da-amal-e-do-mctes\\\/educacao\\\/19\\\/51\\\/\"},\"wordCount\":302,\"publisher\":{\"@id\":\"https:\\\/\\\/algarve7.pt\\\/#organization\"},\"image\":{\"@id\":\"https:\\\/\\\/algarve7.pt\\\/index.php\\\/2021\\\/07\\\/mestrado-em-medicina-da-ualg-aumenta-vagas-com-apoio-da-amal-e-do-mctes\\\/educacao\\\/19\\\/51\\\/#primaryimage\"},\"thumbnailUrl\":\"https:\\\/\\\/algarve7.pt\\\/wp-content\\\/uploads\\\/2021\\\/07\\\/Captura-de-ecra-2021-07-06-as-19.48.50-e1625597492207.png\",\"keywords\":[\"ABC\",\"Algarve\",\"Amal\",\"Educa\u00e7\u00e3o\",\"UALG\"],\"articleSection\":[\"Educa\u00e7\u00e3o\"],\"inLanguage\":\"pt-PT\"},{\"@type\":\"WebPage\",\"@id\":\"https:\\\/\\\/algarve7.pt\\\/index.php\\\/2021\\\/07\\\/mestrado-em-medicina-da-ualg-aumenta-vagas-com-apoio-da-amal-e-do-mctes\\\/educacao\\\/19\\\/51\\\/\",\"url\":\"https:\\\/\\\/algarve7.pt\\\/index.php\\\/2021\\\/07\\\/mestrado-em-medicina-da-ualg-aumenta-vagas-com-apoio-da-amal-e-do-mctes\\\/educacao\\\/19\\\/51\\\/\",\"name\":\"Mestrado em Medicina da UAlg aumenta vagas com apoio da AMAL e do MCTES - Algarve 7\",\"isPartOf\":{\"@id\":\"https:\\\/\\\/algarve7.pt\\\/#website\"},\"primaryImageOfPage\":{\"@id\":\"https:\\\/\\\/algarve7.pt\\\/index.php\\\/2021\\\/07\\\/mestrado-em-medicina-da-ualg-aumenta-vagas-com-apoio-da-amal-e-do-mctes\\\/educacao\\\/19\\\/51\\\/#primaryimage\"},\"image\":{\"@id\":\"https:\\\/\\\/algarve7.pt\\\/index.php\\\/2021\\\/07\\\/mestrado-em-medicina-da-ualg-aumenta-vagas-com-apoio-da-amal-e-do-mctes\\\/educacao\\\/19\\\/51\\\/#primaryimage\"},\"thumbnailUrl\":\"https:\\\/\\\/algarve7.pt\\\/wp-content\\\/uploads\\\/2021\\\/07\\\/Captura-de-ecra-2021-07-06-as-19.48.50-e1625597492207.png\",\"datePublished\":\"2021-07-06T18:51:59+00:00\",\"dateModified\":\"2021-07-06T18:52:02+00:00\",\"description\":\"Mestrado em Medicina da UAlg aumenta vagas com apoio da AMAL e do MCTES Educa\u00e7\u00e3o\",\"breadcrumb\":{\"@id\":\"https:\\\/\\\/algarve7.pt\\\/index.php\\\/2021\\\/07\\\/mestrado-em-medicina-da-ualg-aumenta-vagas-com-apoio-da-amal-e-do-mctes\\\/educacao\\\/19\\\/51\\\/#breadcrumb\"},\"inLanguage\":\"pt-PT\",\"potentialAction\":[{\"@type\":\"ReadAction\",\"target\":[\"https:\\\/\\\/algarve7.pt\\\/index.php\\\/2021\\\/07\\\/mestrado-em-medicina-da-ualg-aumenta-vagas-com-apoio-da-amal-e-do-mctes\\\/educacao\\\/19\\\/51\\\/\"]}]},{\"@type\":\"ImageObject\",\"inLanguage\":\"pt-PT\",\"@id\":\"https:\\\/\\\/algarve7.pt\\\/index.php\\\/2021\\\/07\\\/mestrado-em-medicina-da-ualg-aumenta-vagas-com-apoio-da-amal-e-do-mctes\\\/educacao\\\/19\\\/51\\\/#primaryimage\",\"url\":\"https:\\\/\\\/algarve7.pt\\\/wp-content\\\/uploads\\\/2021\\\/07\\\/Captura-de-ecra-2021-07-06-as-19.48.50-e1625597492207.png\",\"contentUrl\":\"https:\\\/\\\/algarve7.pt\\\/wp-content\\\/uploads\\\/2021\\\/07\\\/Captura-de-ecra-2021-07-06-as-19.48.50-e1625597492207.png\",\"width\":1152,\"height\":403},{\"@type\":\"BreadcrumbList\",\"@id\":\"https:\\\/\\\/algarve7.pt\\\/index.php\\\/2021\\\/07\\\/mestrado-em-medicina-da-ualg-aumenta-vagas-com-apoio-da-amal-e-do-mctes\\\/educacao\\\/19\\\/51\\\/#breadcrumb\",\"itemListElement\":[{\"@type\":\"ListItem\",\"position\":1,\"name\":\"In\u00edcio\",\"item\":\"https:\\\/\\\/algarve7.pt\\\/\"},{\"@type\":\"ListItem\",\"position\":2,\"name\":\"Mestrado em Medicina da UAlg aumenta vagas com apoio da AMAL e do MCTES\"}]},{\"@type\":\"WebSite\",\"@id\":\"https:\\\/\\\/algarve7.pt\\\/#website\",\"url\":\"https:\\\/\\\/algarve7.pt\\\/\",\"name\":\"Algarve 7\",\"description\":\"Informa\u00e7\u00e3o sobre o Algarve\",\"publisher\":{\"@id\":\"https:\\\/\\\/algarve7.pt\\\/#organization\"},\"potentialAction\":[{\"@type\":\"SearchAction\",\"target\":{\"@type\":\"EntryPoint\",\"urlTemplate\":\"https:\\\/\\\/algarve7.pt\\\/?s={search_term_string}\"},\"query-input\":{\"@type\":\"PropertyValueSpecification\",\"valueRequired\":true,\"valueName\":\"search_term_string\"}}],\"inLanguage\":\"pt-PT\"},{\"@type\":\"Organization\",\"@id\":\"https:\\\/\\\/algarve7.pt\\\/#organization\",\"name\":\"Algarve 7\",\"url\":\"https:\\\/\\\/algarve7.pt\\\/\",\"logo\":{\"@type\":\"ImageObject\",\"inLanguage\":\"pt-PT\",\"@id\":\"https:\\\/\\\/algarve7.pt\\\/#\\\/schema\\\/logo\\\/image\\\/\",\"url\":\"https:\\\/\\\/algarve7.pt\\\/wp-content\\\/uploads\\\/2020\\\/10\\\/Logo-8.jpg\",\"contentUrl\":\"https:\\\/\\\/algarve7.pt\\\/wp-content\\\/uploads\\\/2020\\\/10\\\/Logo-8.jpg\",\"width\":1680,\"height\":1186,\"caption\":\"Algarve 7\"},\"image\":{\"@id\":\"https:\\\/\\\/algarve7.pt\\\/#\\\/schema\\\/logo\\\/image\\\/\"},\"sameAs\":[\"https:\\\/\\\/www.facebook.com\\\/algarve7\",\"https:\\\/\\\/x.com\\\/Algarvesete\",\"https:\\\/\\\/www.instagram.com\\\/jornalalgarve7\\\/\",\"https:\\\/\\\/www.linkedin.com\\\/company\\\/algarve7\",\"https:\\\/\\\/www.pinterest.pt\\\/geral0939\\\/_created\\\/\"]},{\"@type\":\"Person\",\"@id\":\"https:\\\/\\\/algarve7.pt\\\/#\\\/schema\\\/person\\\/23fa70681308e7b319a3204bcea45e0c\",\"name\":\"Algarve 7\",\"sameAs\":[\"https:\\\/\\\/algarve7.pt\",\"https:\\\/\\\/www.facebook.com\\\/algarve7\"],\"url\":\"https:\\\/\\\/algarve7.pt\\\/index.php\\\/author\\\/geralalgarve7-pt\\\/\"}]}<\/script>\n<!-- \/ Yoast SEO plugin. -->","yoast_head_json":{"title":"Mestrado em Medicina da UAlg aumenta vagas com apoio da AMAL e do MCTES - Algarve 7","description":"Mestrado em Medicina da UAlg aumenta vagas com apoio da AMAL e do MCTES Educa\u00e7\u00e3o","robots":{"index":"index","follow":"follow","max-snippet":"max-snippet:-1","max-image-preview":"max-image-preview:large","max-video-preview":"max-video-preview:-1"},"canonical":"https:\/\/algarve7.pt\/index.php\/2021\/07\/mestrado-em-medicina-da-ualg-aumenta-vagas-com-apoio-da-amal-e-do-mctes\/educacao\/19\/51\/","og_locale":"pt_PT","og_type":"article","og_title":"Mestrado em Medicina da UAlg aumenta vagas com apoio da AMAL e do MCTES - Algarve 7","og_description":"Mestrado em Medicina da UAlg aumenta vagas com apoio da AMAL e do MCTES Educa\u00e7\u00e3o","og_url":"https:\/\/algarve7.pt\/index.php\/2021\/07\/mestrado-em-medicina-da-ualg-aumenta-vagas-com-apoio-da-amal-e-do-mctes\/educacao\/19\/51\/","og_site_name":"Algarve 7","article_publisher":"https:\/\/www.facebook.com\/algarve7","article_author":"https:\/\/www.facebook.com\/algarve7","article_published_time":"2021-07-06T18:51:59+00:00","article_modified_time":"2021-07-06T18:52:02+00:00","og_image":[{"width":1152,"height":403,"url":"https:\/\/algarve7.pt\/wp-content\/uploads\/2021\/07\/Captura-de-ecra-2021-07-06-as-19.48.50-e1625597492207.png","type":"image\/png"}],"author":"Algarve 7","twitter_card":"summary_large_image","twitter_creator":"@Algarvesete","twitter_site":"@Algarvesete","twitter_misc":{"Escrito por":"Algarve 7","Tempo estimado de leitura":"2 minutos"},"schema":{"@context":"https:\/\/schema.org","@graph":[{"@type":"Article","@id":"https:\/\/algarve7.pt\/index.php\/2021\/07\/mestrado-em-medicina-da-ualg-aumenta-vagas-com-apoio-da-amal-e-do-mctes\/educacao\/19\/51\/#article","isPartOf":{"@id":"https:\/\/algarve7.pt\/index.php\/2021\/07\/mestrado-em-medicina-da-ualg-aumenta-vagas-com-apoio-da-amal-e-do-mctes\/educacao\/19\/51\/"},"author":{"name":"Algarve 7","@id":"https:\/\/algarve7.pt\/#\/schema\/person\/23fa70681308e7b319a3204bcea45e0c"},"headline":"Mestrado em Medicina da UAlg aumenta vagas com apoio da AMAL e do MCTES","datePublished":"2021-07-06T18:51:59+00:00","dateModified":"2021-07-06T18:52:02+00:00","mainEntityOfPage":{"@id":"https:\/\/algarve7.pt\/index.php\/2021\/07\/mestrado-em-medicina-da-ualg-aumenta-vagas-com-apoio-da-amal-e-do-mctes\/educacao\/19\/51\/"},"wordCount":302,"publisher":{"@id":"https:\/\/algarve7.pt\/#organization"},"image":{"@id":"https:\/\/algarve7.pt\/index.php\/2021\/07\/mestrado-em-medicina-da-ualg-aumenta-vagas-com-apoio-da-amal-e-do-mctes\/educacao\/19\/51\/#primaryimage"},"thumbnailUrl":"https:\/\/algarve7.pt\/wp-content\/uploads\/2021\/07\/Captura-de-ecra-2021-07-06-as-19.48.50-e1625597492207.png","keywords":["ABC","Algarve","Amal","Educa\u00e7\u00e3o","UALG"],"articleSection":["Educa\u00e7\u00e3o"],"inLanguage":"pt-PT"},{"@type":"WebPage","@id":"https:\/\/algarve7.pt\/index.php\/2021\/07\/mestrado-em-medicina-da-ualg-aumenta-vagas-com-apoio-da-amal-e-do-mctes\/educacao\/19\/51\/","url":"https:\/\/algarve7.pt\/index.php\/2021\/07\/mestrado-em-medicina-da-ualg-aumenta-vagas-com-apoio-da-amal-e-do-mctes\/educacao\/19\/51\/","name":"Mestrado em Medicina da UAlg aumenta vagas com apoio da AMAL e do MCTES - Algarve 7","isPartOf":{"@id":"https:\/\/algarve7.pt\/#website"},"primaryImageOfPage":{"@id":"https:\/\/algarve7.pt\/index.php\/2021\/07\/mestrado-em-medicina-da-ualg-aumenta-vagas-com-apoio-da-amal-e-do-mctes\/educacao\/19\/51\/#primaryimage"},"image":{"@id":"https:\/\/algarve7.pt\/index.php\/2021\/07\/mestrado-em-medicina-da-ualg-aumenta-vagas-com-apoio-da-amal-e-do-mctes\/educacao\/19\/51\/#primaryimage"},"thumbnailUrl":"https:\/\/algarve7.pt\/wp-content\/uploads\/2021\/07\/Captura-de-ecra-2021-07-06-as-19.48.50-e1625597492207.png","datePublished":"2021-07-06T18:51:59+00:00","dateModified":"2021-07-06T18:52:02+00:00","description":"Mestrado em Medicina da UAlg aumenta vagas com apoio da AMAL e do MCTES Educa\u00e7\u00e3o","breadcrumb":{"@id":"https:\/\/algarve7.pt\/index.php\/2021\/07\/mestrado-em-medicina-da-ualg-aumenta-vagas-com-apoio-da-amal-e-do-mctes\/educacao\/19\/51\/#breadcrumb"},"inLanguage":"pt-PT","potentialAction":[{"@type":"ReadAction","target":["https:\/\/algarve7.pt\/index.php\/2021\/07\/mestrado-em-medicina-da-ualg-aumenta-vagas-com-apoio-da-amal-e-do-mctes\/educacao\/19\/51\/"]}]},{"@type":"ImageObject","inLanguage":"pt-PT","@id":"https:\/\/algarve7.pt\/index.php\/2021\/07\/mestrado-em-medicina-da-ualg-aumenta-vagas-com-apoio-da-amal-e-do-mctes\/educacao\/19\/51\/#primaryimage","url":"https:\/\/algarve7.pt\/wp-content\/uploads\/2021\/07\/Captura-de-ecra-2021-07-06-as-19.48.50-e1625597492207.png","contentUrl":"https:\/\/algarve7.pt\/wp-content\/uploads\/2021\/07\/Captura-de-ecra-2021-07-06-as-19.48.50-e1625597492207.png","width":1152,"height":403},{"@type":"BreadcrumbList","@id":"https:\/\/algarve7.pt\/index.php\/2021\/07\/mestrado-em-medicina-da-ualg-aumenta-vagas-com-apoio-da-amal-e-do-mctes\/educacao\/19\/51\/#breadcrumb","itemListElement":[{"@type":"ListItem","position":1,"name":"In\u00edcio","item":"https:\/\/algarve7.pt\/"},{"@type":"ListItem","position":2,"name":"Mestrado em Medicina da UAlg aumenta vagas com apoio da AMAL e do MCTES"}]},{"@type":"WebSite","@id":"https:\/\/algarve7.pt\/#website","url":"https:\/\/algarve7.pt\/","name":"Algarve 7","description":"Informa\u00e7\u00e3o sobre o Algarve","publisher":{"@id":"https:\/\/algarve7.pt\/#organization"},"potentialAction":[{"@type":"SearchAction","target":{"@type":"EntryPoint","urlTemplate":"https:\/\/algarve7.pt\/?s={search_term_string}"},"query-input":{"@type":"PropertyValueSpecification","valueRequired":true,"valueName":"search_term_string"}}],"inLanguage":"pt-PT"},{"@type":"Organization","@id":"https:\/\/algarve7.pt\/#organization","name":"Algarve 7","url":"https:\/\/algarve7.pt\/","logo":{"@type":"ImageObject","inLanguage":"pt-PT","@id":"https:\/\/algarve7.pt\/#\/schema\/logo\/image\/","url":"https:\/\/algarve7.pt\/wp-content\/uploads\/2020\/10\/Logo-8.jpg","contentUrl":"https:\/\/algarve7.pt\/wp-content\/uploads\/2020\/10\/Logo-8.jpg","width":1680,"height":1186,"caption":"Algarve 7"},"image":{"@id":"https:\/\/algarve7.pt\/#\/schema\/logo\/image\/"},"sameAs":["https:\/\/www.facebook.com\/algarve7","https:\/\/x.com\/Algarvesete","https:\/\/www.instagram.com\/jornalalgarve7\/","https:\/\/www.linkedin.com\/company\/algarve7","https:\/\/www.pinterest.pt\/geral0939\/_created\/"]},{"@type":"Person","@id":"https:\/\/algarve7.pt\/#\/schema\/person\/23fa70681308e7b319a3204bcea45e0c","name":"Algarve 7","sameAs":["https:\/\/algarve7.pt","https:\/\/www.facebook.com\/algarve7"],"url":"https:\/\/algarve7.pt\/index.php\/author\/geralalgarve7-pt\/"}]}},"jetpack_publicize_connections":[],"jetpack_featured_media_url":"https:\/\/algarve7.pt\/wp-content\/uploads\/2021\/07\/Captura-de-ecra-2021-07-06-as-19.48.50-e1625597492207.png","jetpack_shortlink":"https:\/\/wp.me\/pcezmW-2zE","jetpack_sharing_enabled":true,"_links":{"self":[{"href":"https:\/\/algarve7.pt\/index.php\/wp-json\/wp\/v2\/posts\/9898","targetHints":{"allow":["GET"]}}],"collection":[{"href":"https:\/\/algarve7.pt\/index.php\/wp-json\/wp\/v2\/posts"}],"about":[{"href":"https:\/\/algarve7.pt\/index.php\/wp-json\/wp\/v2\/types\/post"}],"author":[{"embeddable":true,"href":"https:\/\/algarve7.pt\/index.php\/wp-json\/wp\/v2\/users\/1"}],"replies":[{"embeddable":true,"href":"https:\/\/algarve7.pt\/index.php\/wp-json\/wp\/v2\/comments?post=9898"}],"version-history":[{"count":0,"href":"https:\/\/algarve7.pt\/index.php\/wp-json\/wp\/v2\/posts\/9898\/revisions"}],"wp:featuredmedia":[{"embeddable":true,"href":"https:\/\/algarve7.pt\/index.php\/wp-json\/wp\/v2\/media\/9899"}],"wp:attachment":[{"href":"https:\/\/algarve7.pt\/index.php\/wp-json\/wp\/v2\/media?parent=9898"}],"wp:term":[{"taxonomy":"category","embeddable":true,"href":"https:\/\/algarve7.pt\/index.php\/wp-json\/wp\/v2\/categories?post=9898"},{"taxonomy":"post_tag","embeddable":true,"href":"https:\/\/algarve7.pt\/index.php\/wp-json\/wp\/v2\/tags?post=9898"}],"curies":[{"name":"wp","href":"https:\/\/api.w.org\/{rel}","templated":true}]}}