{"id":989,"date":"2020-09-01T15:41:25","date_gmt":"2020-09-01T14:41:25","guid":{"rendered":"https:\/\/algarve7.pt\/?p=989"},"modified":"2020-09-01T15:41:26","modified_gmt":"2020-09-01T14:41:26","slug":"cineteatro-louletano-anuncia-nova-temporada-com-programacao-de-referencia-a-sul","status":"publish","type":"post","link":"https:\/\/algarve7.pt\/index.php\/2020\/09\/cineteatro-louletano-anuncia-nova-temporada-com-programacao-de-referencia-a-sul\/cultura\/15\/41\/","title":{"rendered":"Cineteatro Louletano anuncia nova temporada com programa\u00e7\u00e3o de refer\u00eancia a Sul"},"content":{"rendered":"\n<p>O Cineteatro Louletano, equipamento cultural do Munic\u00edpio de Loul\u00e9, est\u00e1 a anunciar a sua nova programa\u00e7\u00e3o art\u00edstica para o per\u00edodo entre setembro e dezembro deste ano. A nova grelha de propostas reflete uma aposta ambiciosa, exigente e muito vincada na pluralidade musical, na integra\u00e7\u00e3o do meio art\u00edstico louletano e da regi\u00e3o, bem como um enfoque muito significativo nos seus cinco principais eixos estrat\u00e9gicos de programa\u00e7\u00e3o: arte para a inf\u00e2ncia; cruzamento entre criadores locais e reconhecidas figuras do panorama nacional atrav\u00e9s de encomendas musicais; arte inclusiva atrav\u00e9s da dan\u00e7a contempor\u00e2nea, com envolvimento ativo das IPSS\u2019s locais; di\u00e1logos experimentais e multidisciplinares entre som\/m\u00fasica e imagem, aliados a abordagens explorat\u00f3rias em torno da arte sonora (festival Som Riscado); e uma ausculta\u00e7\u00e3o art\u00edstica de m\u00e9dio-longo prazo (numa vis\u00e3o que convoca o teatro e a fotografia) do territ\u00f3rio louletano no que toca \u00e0s suas identidades, din\u00e2micas e devir sociol\u00f3gico.&nbsp;<\/p>\n\n\n\n<p>Recorde-se que depois de v\u00e1rios meses de interregno devido \u00e0 pandemia, o Cineteatro apresentou nos meses de maio, junho e julho uma programa\u00e7\u00e3o online de est\u00edmulo e apoio financeiro ao meio art\u00edstico local, a qual obteve um assinal\u00e1vel impacto e registou perto de 170 mil visualiza\u00e7\u00f5es nas \u00e1reas da m\u00fasica e teatro\/performance (envolvendo 15 artistas em nome individual e 5 estruturas associativas), al\u00e9m de mais de 7000 visualiza\u00e7\u00f5es no campo do cinema (numa parceria com a associa\u00e7\u00e3o algarvia Plut\u00e3o de Ver\u00e3o em torno do universo das curtas-metragens).&nbsp;<\/p>\n\n\n\n<p>A temporada do Cineteatro inicia-se com o ciclo \u201cImplika\u00e7\u00e3o\u201d e centra-se numa reflex\u00e3o pertinente e urgente em torno do fen\u00f3meno tur\u00edstico e das consequ\u00eancias da covid-19 nessa \u00e1rea e no que est\u00e1 a mudar nas cidades. A 8 de setembro, pelas 18h00, no Pal\u00e1cio Gama Lobo, o encenador Tiago Correia, a arquiteta Teresa Valente e o fot\u00f3grafo Filipe da Palma debatem esta tem\u00e1tica, seguindo-se a 12 de setembro, pelas 21h30, no Cineteatro o primeiro espet\u00e1culo da temporada com a inquietante pe\u00e7a de teatro \u201cTurismo\u201d, numa coprodu\u00e7\u00e3o com o Teatro Municipal do Porto.&nbsp;<\/p>\n\n\n\n<p>No campo teatral, destaque ainda para as estreias nacionais de duas pe\u00e7as de estruturas profissionais sediadas em Loul\u00e9: a M\u00e1kina de Cena com a cria\u00e7\u00e3o \u201cDois perdidos no horror el\u00edptico da sobremodernidade\u201d, a 26 de setembro; e a Folha de Medronho \u2013 Artes Performativas, com \u201cAs Primas de Godot\u201d, a 6 de novembro (ambas integradas na Bolsa de Apoio ao Teatro 2020 dinamizada pela autarquia louletana). A ACTA \u2013 A Companhia de Teatro do Algarve tamb\u00e9m marca presen\u00e7a no palco do Cineteatro com a pe\u00e7a \u201cInstru\u00e7\u00f5es para abolir o Natal\u201d e o JAT \u2013 Janela Aberta Teatro apresenta \u201cAlgo de Macbeth\u201d, uma s\u00e1tira sociopol\u00edtica do nosso tempo numa coprodu\u00e7\u00e3o do Cineteatro com o Teatro das Figuras.&nbsp;<\/p>\n\n\n\n<p>Quanto \u00e0 \u00e1rea musical, destaque desde logo para a estreia absoluta no palco do Cineteatro, a 20 de setembro \u00e0s 19h00, da banda da nova m\u00fasica portuguesa mais aclamada e premiada dos \u00faltimos anos: Capit\u00e3o Fausto. Igualmente imperd\u00edveis s\u00e3o os concertos do Trio de Jazz de Loul\u00e9 com Jorge Palma (celebrando o Dia Mundial da M\u00fasica a 1 de outubro) e de Sofia Escobar com um ensemble de docentes do Conservat\u00f3rio de M\u00fasica de Loul\u00e9 \u2013 Francisco Rosado a 24 de outubro, ambos encomendas e integrando o ciclo \u201cO Longe \u00e9 Aqui\u201d. O ecletismo musical da agenda passa ainda por nomes como Cristina Branco (que faz a estreia nacional no Cineteatro do seu novo disco \u201cEva\u201d ap\u00f3s uma resid\u00eancia art\u00edstica em Loul\u00e9 em 2019), Tiago Bettencourt, Orquestra Cl\u00e1ssica do Sul, Pedro Moutinho com Isa de Brito, 5.\u00aa Gala dos Fadistas Louletanos, Tuna Universit\u00e1ria Afonsina de Loul\u00e9, Orquestra de Jazz do Algarve (com convidado especial), MorTais e Stone Breaker, esta \u00faltima com estreia nacional do seu primeiro disco \u201cHopes &amp; Dreams\u201d no ciclo \u201cIlustres Desconhecidos\u201d no Audit\u00f3rio do Solar da M\u00fasica Nova a 7 de novembro. Destaque ainda para o Festival Jovens M\u00fasicos 2020, numa parceria do Munic\u00edpio de Loul\u00e9 com a Antena 2 e a RTP, que traz a sul dois projetos da nova m\u00fasica erudita com talentos musicais de elevado n\u00edvel: Tom\u00e1s Marques Quarteto e Quarteto Tejo, respetivamente a 23 e 25 de setembro.&nbsp;<\/p>\n\n\n\n<p>No que toca \u00e0 dimens\u00e3o multidisciplinar, entre 19 e 22 de novembro acontecer\u00e1 o&nbsp;Som Riscado \u2013 Festival de M\u00fasica e Imagem de Loul\u00e9 \u2013 evento com um conceito in\u00e9dito a sul do pa\u00eds \u2013, mantendo exatamente a mesma programa\u00e7\u00e3o art\u00edstica que estava inicialmente prevista e j\u00e1 anunciada, da qual constam os seguintes nomes: Surma com Camille Leon &amp; In\u00eas Barracha; os Drumming GP com Joana Gama, Lu\u00eds Fernandes e Pedro Maia; Victor Gama com a Orquestra Cl\u00e1ssica do Sul; Frankie Chavez &amp; Peixe no projeto \u201cMiramar\u201d em parceria com Jorge Quintela; a estreia nacional do primeiro disco do projeto algarvio \u201cGrafonola Voadora &amp; Napole\u00e3o Mira\u201d; a nova cria\u00e7\u00e3o dos Boris Chimp 504; a Sonoscopia; a Companhia de M\u00fasica Teatral; e as bandas algarvias Kilavra, 2143, Mateus Verde e Heroin Holiday Big Band em colabora\u00e7\u00e3o criativa com alunos do curso de Imagem Animada da Escola Superior de Educa\u00e7\u00e3o e Comunica\u00e7\u00e3o (ESEC) da Universidade do Algarve.<\/p>\n\n\n\n<p>Na oferta para a comunidade educativa, Marco Paiva apresenta a pe\u00e7a de teatro \u201cAldebar\u00e3\u201d em contexto escolar, numa interven\u00e7\u00e3o que inclui um atelier de express\u00e3o dram\u00e1tica para docentes e profissionais da \u00e1rea art\u00edstica. A prestigiada Companhia de M\u00fasica Teatral apresenta o projeto \u201cMil P\u00e1ssaros\u201d, que ir\u00e1 envolver dez jardins de inf\u00e2ncia do concelho de Loul\u00e9 com performances, forma\u00e7\u00e3o, instala\u00e7\u00f5es e espet\u00e1culo final durante os meses de outubro, novembro e dezembro, numa articula\u00e7\u00e3o in\u00e9dita do Cineteatro com a comunidade pr\u00e9-escolar louletana. A dupla Miguel Fragata &amp; In\u00eas Barahona traz a Loul\u00e9, em estreia absoluta a sul do pa\u00eds, a cria\u00e7\u00e3o \u201cDo Bosque para o Mundo\u201d, abordando a tem\u00e1tica dos refugiados para os mais novos e fam\u00edlias, entre 9 e 14 de novembro. Em dezembro, de 7 a 11 de dezembro, numa coprodu\u00e7\u00e3o do Cineteatro Louletano com o Centro Cultural de Bel\u00e9m, o espet\u00e1culo \u201cAssim devera eu ser\u201d (com um elenco de luxo: Catarina Moura, Sara Vidal, Celina da Piedade e Ricardo Silva) revisita a vida e obra de Am\u00e1lia Rodrigues no ano em que se comemora o centen\u00e1rio do seu nascimento, aqui a pensar no p\u00fablico pr\u00e9-escolar, mais uma vez numa estreia a sul.&nbsp;<\/p>\n\n\n\n<p>Na dan\u00e7a, a 6.\u00aa edi\u00e7\u00e3o do Festival encontros do DeVIR \u2013 Resgate, uma organiza\u00e7\u00e3o do DeVIR CAPa \u2013 Centro de Artes Performativas do Algarve, acontece a 18 de setembro e 9 de outubro com grandes nomes da cena nacional e internacional: Eduardo Fukushima (Brasil), Gregory Maqoma (\u00c1frica do Sul) e Francisco Camacho (Portugal). J\u00e1 a realiza\u00e7\u00e3o do F\u00f3rum de Dan\u00e7a Inclusiva foi reagendada para os dias 1 a 4 de dezembro, marcando o in\u00edcio de uma colabora\u00e7\u00e3o regular com o renomado Grupo Dan\u00e7ando com a Diferen\u00e7a (sediado na Madeira), reflexo da estrat\u00e9gia program\u00e1tica do Cineteatro de privilegiar esta \u00e1rea nas pr\u00f3ximas temporadas, numa estreita articula\u00e7\u00e3o e envolvimento das institui\u00e7\u00f5es de cariz social do concelho de Loul\u00e9. A dupla Diletta Bindi e Sara Montalv\u00e3o traz a Loul\u00e9 o projeto \u201cSombras\u201d (coprodu\u00e7\u00e3o do Cineteatro), que revisita a dan\u00e7a contempor\u00e2nea para a comunidade escolar, e entre 27 e 31 de outubro Loul\u00e9 dedica uma semana aos 25 anos da Companhia Olga Roriz, com estreia a sul da nova cria\u00e7\u00e3o \u201cSeis meses depois\u201d, coprodu\u00e7\u00e3o que o Cineteatro tamb\u00e9m integra juntamente com o&nbsp;Teatro Nacional D. Maria II e a Casa das Artes de Vila Nova de Famalic\u00e3o.<\/p>\n\n\n\n<p>No cinema o grande destaque vai para a XIII Festa do Cinema Italiano, que se realiza entre 13 e 15 de novembro, para al\u00e9m do \u201cFilme Franc\u00eas do M\u00eas\u201d, numa parceria da autarquia com a Alliance Fran\u00e7aise Algarve, \u00e0 segunda ter\u00e7a-feira de cada m\u00eas no Audit\u00f3rio do Solar da M\u00fasica Nova. No que toca \u00e0 rubrica regular \u201cConversas \u00e0 Quinta\u201d, os convidados s\u00e3o o core\u00f3grafo Rui Horta e&nbsp;a dupla Nuno Catarino e M\u00e1rcia Lessa, esta \u00faltima a prop\u00f3sito do seu livro \u201cImprovisando \u2013 A nova gera\u00e7\u00e3o do Jazz portugu\u00eas\u201d.&nbsp;<\/p>\n\n\n\n<p>Uma \u00faltima nota para o ciclo de resid\u00eancias de apoio \u00e0 cria\u00e7\u00e3o art\u00edstica nacional, que em 2020 envolve o coletivo composto por Jo\u00e3o Pedro Leal, Eduardo Molina e Marco Mendon\u00e7a (teatro), Catarina Miranda (dan\u00e7a), Amarelo Silvestre (teatro), Pauliana Pimentel, Alex Cassal e Nuno Lucas (estes tr\u00eas criadores no \u00e2mbito do festival Ver\u00e3o Azul, organizado pela Casabranca) e o M\u00e1rio Laginha Trio.&nbsp;<\/p>\n\n\n\n<p>Toda a programa\u00e7\u00e3o art\u00edstica a realizar seguir\u00e1 as regras de higiene e seguran\u00e7a emanadas pela Dire\u00e7\u00e3o Geral de Sa\u00fade, estando os equipamentos Cineteatro Louletano e Audit\u00f3rio do Solar da M\u00fasica Nova tamb\u00e9m j\u00e1 oficialmente credenciados com o Selo \u201cClean &amp; Safe\u201d do Turismo de Portugal.<\/p>\n\n\n\n<p>Para mais informa\u00e7\u00f5es e reservas os interessados podem contactar o Cineteatro Louletano pelo telefone 289 414 604 (ter\u00e7a a sexta-feira, das 13h00 \u00e0s 18h00) ou pelo email cinereservas@cm-loule.pt Al\u00e9m disso, podem consultar a sua p\u00e1gina de facebook \u2013 www.facebook.com\/cineteatrolouletano ou o seu renovado website http:\/\/cineteatro.cm-loule.pt, ambos em permanente atualiza\u00e7\u00e3o, bem como a sua conta no instagram (cineteatrolouletano), existindo tamb\u00e9m a possibilidade de compra de ingressos nos locais aderentes ou on-line atrav\u00e9s da plataforma BOL, em&nbsp;<a href=\"https:\/\/cineteatrolouletano.bol.pt\/\">https:\/\/cineteatrolouletano.bol.pt\/<\/a><\/p>\n\n\n\n<p>O Cineteatro Louletano \u00e9 uma estrutura cultural no dom\u00ednio das artes performativas da C\u00e2mara Municipal de Loul\u00e9 e est\u00e1 integrado na Rede Azul \u2013 Rede de Teatros do Algarve e na Rede 5 Sentidos.<\/p>\n","protected":false},"excerpt":{"rendered":"<p>O Cineteatro Louletano, equipamento cultural do Munic\u00edpio de Loul\u00e9, est\u00e1 a anunciar a sua nova programa\u00e7\u00e3o art\u00edstica para o per\u00edodo<\/p>\n","protected":false},"author":1,"featured_media":711,"comment_status":"closed","ping_status":"open","sticky":false,"template":"","format":"standard","meta":{"colormag_page_container_layout":"default_layout","colormag_page_sidebar_layout":"default_layout","_monsterinsights_skip_tracking":false,"_monsterinsights_sitenote_active":false,"_monsterinsights_sitenote_note":"","_monsterinsights_sitenote_category":0,"jetpack_post_was_ever_published":false,"_jetpack_newsletter_access":"","_jetpack_dont_email_post_to_subs":false,"_jetpack_newsletter_tier_id":0,"_jetpack_memberships_contains_paywalled_content":false,"_jetpack_memberships_contains_paid_content":false,"footnotes":"","jetpack_publicize_message":"","jetpack_publicize_feature_enabled":true,"jetpack_social_post_already_shared":true,"jetpack_social_options":{"image_generator_settings":{"template":"highway","default_image_id":0,"font":"","enabled":false},"version":2}},"categories":[14],"tags":[36,53,52,31],"class_list":["post-989","post","type-post","status-publish","format-standard","has-post-thumbnail","hentry","category-cultura","tag-algarve","tag-cine-teatro","tag-concerto","tag-loule"],"yoast_head":"<!-- This site is optimized with the Yoast SEO plugin v27.4 - https:\/\/yoast.com\/product\/yoast-seo-wordpress\/ -->\n<title>Cineteatro Louletano anuncia nova temporada com programa\u00e7\u00e3o de refer\u00eancia a Sul - Algarve 7<\/title>\n<meta name=\"description\" content=\"Cineteatro Louletano anuncia nova temporada com programa\u00e7\u00e3o de refer\u00eancia a Sul\" \/>\n<meta name=\"robots\" content=\"index, follow, max-snippet:-1, max-image-preview:large, max-video-preview:-1\" \/>\n<link rel=\"canonical\" href=\"https:\/\/algarve7.pt\/index.php\/2020\/09\/cineteatro-louletano-anuncia-nova-temporada-com-programacao-de-referencia-a-sul\/cultura\/15\/41\/\" \/>\n<meta property=\"og:locale\" content=\"pt_PT\" \/>\n<meta property=\"og:type\" content=\"article\" \/>\n<meta property=\"og:title\" content=\"Cineteatro Louletano anuncia nova temporada com programa\u00e7\u00e3o de refer\u00eancia a Sul - Algarve 7\" \/>\n<meta property=\"og:description\" content=\"Cineteatro Louletano anuncia nova temporada com programa\u00e7\u00e3o de refer\u00eancia a Sul\" \/>\n<meta property=\"og:url\" content=\"https:\/\/algarve7.pt\/index.php\/2020\/09\/cineteatro-louletano-anuncia-nova-temporada-com-programacao-de-referencia-a-sul\/cultura\/15\/41\/\" \/>\n<meta property=\"og:site_name\" content=\"Algarve 7\" \/>\n<meta property=\"article:publisher\" content=\"https:\/\/www.facebook.com\/algarve7\" \/>\n<meta property=\"article:author\" content=\"https:\/\/www.facebook.com\/algarve7\" \/>\n<meta property=\"article:published_time\" content=\"2020-09-01T14:41:25+00:00\" \/>\n<meta property=\"article:modified_time\" content=\"2020-09-01T14:41:26+00:00\" \/>\n<meta property=\"og:image\" content=\"https:\/\/algarve7.pt\/wp-content\/uploads\/2020\/08\/imgLoader2.ashx_.jpeg\" \/>\n\t<meta property=\"og:image:width\" content=\"866\" \/>\n\t<meta property=\"og:image:height\" content=\"579\" \/>\n\t<meta property=\"og:image:type\" content=\"image\/jpeg\" \/>\n<meta name=\"author\" content=\"Algarve 7\" \/>\n<meta name=\"twitter:card\" content=\"summary_large_image\" \/>\n<meta name=\"twitter:creator\" content=\"@Algarvesete\" \/>\n<meta name=\"twitter:site\" content=\"@Algarvesete\" \/>\n<meta name=\"twitter:label1\" content=\"Escrito por\" \/>\n\t<meta name=\"twitter:data1\" content=\"Algarve 7\" \/>\n\t<meta name=\"twitter:label2\" content=\"Tempo estimado de leitura\" \/>\n\t<meta name=\"twitter:data2\" content=\"8 minutos\" \/>\n<script type=\"application\/ld+json\" class=\"yoast-schema-graph\">{\"@context\":\"https:\\\/\\\/schema.org\",\"@graph\":[{\"@type\":\"Article\",\"@id\":\"https:\\\/\\\/algarve7.pt\\\/index.php\\\/2020\\\/09\\\/cineteatro-louletano-anuncia-nova-temporada-com-programacao-de-referencia-a-sul\\\/cultura\\\/15\\\/41\\\/#article\",\"isPartOf\":{\"@id\":\"https:\\\/\\\/algarve7.pt\\\/index.php\\\/2020\\\/09\\\/cineteatro-louletano-anuncia-nova-temporada-com-programacao-de-referencia-a-sul\\\/cultura\\\/15\\\/41\\\/\"},\"author\":{\"name\":\"Algarve 7\",\"@id\":\"https:\\\/\\\/algarve7.pt\\\/#\\\/schema\\\/person\\\/23fa70681308e7b319a3204bcea45e0c\"},\"headline\":\"Cineteatro Louletano anuncia nova temporada com programa\u00e7\u00e3o de refer\u00eancia a Sul\",\"datePublished\":\"2020-09-01T14:41:25+00:00\",\"dateModified\":\"2020-09-01T14:41:26+00:00\",\"mainEntityOfPage\":{\"@id\":\"https:\\\/\\\/algarve7.pt\\\/index.php\\\/2020\\\/09\\\/cineteatro-louletano-anuncia-nova-temporada-com-programacao-de-referencia-a-sul\\\/cultura\\\/15\\\/41\\\/\"},\"wordCount\":1678,\"publisher\":{\"@id\":\"https:\\\/\\\/algarve7.pt\\\/#organization\"},\"image\":{\"@id\":\"https:\\\/\\\/algarve7.pt\\\/index.php\\\/2020\\\/09\\\/cineteatro-louletano-anuncia-nova-temporada-com-programacao-de-referencia-a-sul\\\/cultura\\\/15\\\/41\\\/#primaryimage\"},\"thumbnailUrl\":\"https:\\\/\\\/algarve7.pt\\\/wp-content\\\/uploads\\\/2020\\\/08\\\/imgLoader2.ashx_.jpeg\",\"keywords\":[\"Algarve\",\"Cin\u00e9-Teatro\",\"Concerto\",\"Loul\u00e9\"],\"articleSection\":[\"Cultura\"],\"inLanguage\":\"pt-PT\"},{\"@type\":\"WebPage\",\"@id\":\"https:\\\/\\\/algarve7.pt\\\/index.php\\\/2020\\\/09\\\/cineteatro-louletano-anuncia-nova-temporada-com-programacao-de-referencia-a-sul\\\/cultura\\\/15\\\/41\\\/\",\"url\":\"https:\\\/\\\/algarve7.pt\\\/index.php\\\/2020\\\/09\\\/cineteatro-louletano-anuncia-nova-temporada-com-programacao-de-referencia-a-sul\\\/cultura\\\/15\\\/41\\\/\",\"name\":\"Cineteatro Louletano anuncia nova temporada com programa\u00e7\u00e3o de refer\u00eancia a Sul - Algarve 7\",\"isPartOf\":{\"@id\":\"https:\\\/\\\/algarve7.pt\\\/#website\"},\"primaryImageOfPage\":{\"@id\":\"https:\\\/\\\/algarve7.pt\\\/index.php\\\/2020\\\/09\\\/cineteatro-louletano-anuncia-nova-temporada-com-programacao-de-referencia-a-sul\\\/cultura\\\/15\\\/41\\\/#primaryimage\"},\"image\":{\"@id\":\"https:\\\/\\\/algarve7.pt\\\/index.php\\\/2020\\\/09\\\/cineteatro-louletano-anuncia-nova-temporada-com-programacao-de-referencia-a-sul\\\/cultura\\\/15\\\/41\\\/#primaryimage\"},\"thumbnailUrl\":\"https:\\\/\\\/algarve7.pt\\\/wp-content\\\/uploads\\\/2020\\\/08\\\/imgLoader2.ashx_.jpeg\",\"datePublished\":\"2020-09-01T14:41:25+00:00\",\"dateModified\":\"2020-09-01T14:41:26+00:00\",\"description\":\"Cineteatro Louletano anuncia nova temporada com programa\u00e7\u00e3o de refer\u00eancia a Sul\",\"breadcrumb\":{\"@id\":\"https:\\\/\\\/algarve7.pt\\\/index.php\\\/2020\\\/09\\\/cineteatro-louletano-anuncia-nova-temporada-com-programacao-de-referencia-a-sul\\\/cultura\\\/15\\\/41\\\/#breadcrumb\"},\"inLanguage\":\"pt-PT\",\"potentialAction\":[{\"@type\":\"ReadAction\",\"target\":[\"https:\\\/\\\/algarve7.pt\\\/index.php\\\/2020\\\/09\\\/cineteatro-louletano-anuncia-nova-temporada-com-programacao-de-referencia-a-sul\\\/cultura\\\/15\\\/41\\\/\"]}]},{\"@type\":\"ImageObject\",\"inLanguage\":\"pt-PT\",\"@id\":\"https:\\\/\\\/algarve7.pt\\\/index.php\\\/2020\\\/09\\\/cineteatro-louletano-anuncia-nova-temporada-com-programacao-de-referencia-a-sul\\\/cultura\\\/15\\\/41\\\/#primaryimage\",\"url\":\"https:\\\/\\\/algarve7.pt\\\/wp-content\\\/uploads\\\/2020\\\/08\\\/imgLoader2.ashx_.jpeg\",\"contentUrl\":\"https:\\\/\\\/algarve7.pt\\\/wp-content\\\/uploads\\\/2020\\\/08\\\/imgLoader2.ashx_.jpeg\",\"width\":866,\"height\":579},{\"@type\":\"BreadcrumbList\",\"@id\":\"https:\\\/\\\/algarve7.pt\\\/index.php\\\/2020\\\/09\\\/cineteatro-louletano-anuncia-nova-temporada-com-programacao-de-referencia-a-sul\\\/cultura\\\/15\\\/41\\\/#breadcrumb\",\"itemListElement\":[{\"@type\":\"ListItem\",\"position\":1,\"name\":\"In\u00edcio\",\"item\":\"https:\\\/\\\/algarve7.pt\\\/\"},{\"@type\":\"ListItem\",\"position\":2,\"name\":\"Cineteatro Louletano anuncia nova temporada com programa\u00e7\u00e3o de refer\u00eancia a Sul\"}]},{\"@type\":\"WebSite\",\"@id\":\"https:\\\/\\\/algarve7.pt\\\/#website\",\"url\":\"https:\\\/\\\/algarve7.pt\\\/\",\"name\":\"Algarve 7\",\"description\":\"Informa\u00e7\u00e3o sobre o Algarve\",\"publisher\":{\"@id\":\"https:\\\/\\\/algarve7.pt\\\/#organization\"},\"potentialAction\":[{\"@type\":\"SearchAction\",\"target\":{\"@type\":\"EntryPoint\",\"urlTemplate\":\"https:\\\/\\\/algarve7.pt\\\/?s={search_term_string}\"},\"query-input\":{\"@type\":\"PropertyValueSpecification\",\"valueRequired\":true,\"valueName\":\"search_term_string\"}}],\"inLanguage\":\"pt-PT\"},{\"@type\":\"Organization\",\"@id\":\"https:\\\/\\\/algarve7.pt\\\/#organization\",\"name\":\"Algarve 7\",\"url\":\"https:\\\/\\\/algarve7.pt\\\/\",\"logo\":{\"@type\":\"ImageObject\",\"inLanguage\":\"pt-PT\",\"@id\":\"https:\\\/\\\/algarve7.pt\\\/#\\\/schema\\\/logo\\\/image\\\/\",\"url\":\"https:\\\/\\\/algarve7.pt\\\/wp-content\\\/uploads\\\/2020\\\/10\\\/Logo-8.jpg\",\"contentUrl\":\"https:\\\/\\\/algarve7.pt\\\/wp-content\\\/uploads\\\/2020\\\/10\\\/Logo-8.jpg\",\"width\":1680,\"height\":1186,\"caption\":\"Algarve 7\"},\"image\":{\"@id\":\"https:\\\/\\\/algarve7.pt\\\/#\\\/schema\\\/logo\\\/image\\\/\"},\"sameAs\":[\"https:\\\/\\\/www.facebook.com\\\/algarve7\",\"https:\\\/\\\/x.com\\\/Algarvesete\",\"https:\\\/\\\/www.instagram.com\\\/jornalalgarve7\\\/\",\"https:\\\/\\\/www.linkedin.com\\\/company\\\/algarve7\",\"https:\\\/\\\/www.pinterest.pt\\\/geral0939\\\/_created\\\/\"]},{\"@type\":\"Person\",\"@id\":\"https:\\\/\\\/algarve7.pt\\\/#\\\/schema\\\/person\\\/23fa70681308e7b319a3204bcea45e0c\",\"name\":\"Algarve 7\",\"sameAs\":[\"https:\\\/\\\/algarve7.pt\",\"https:\\\/\\\/www.facebook.com\\\/algarve7\"],\"url\":\"https:\\\/\\\/algarve7.pt\\\/index.php\\\/author\\\/geralalgarve7-pt\\\/\"}]}<\/script>\n<!-- \/ Yoast SEO plugin. -->","yoast_head_json":{"title":"Cineteatro Louletano anuncia nova temporada com programa\u00e7\u00e3o de refer\u00eancia a Sul - Algarve 7","description":"Cineteatro Louletano anuncia nova temporada com programa\u00e7\u00e3o de refer\u00eancia a Sul","robots":{"index":"index","follow":"follow","max-snippet":"max-snippet:-1","max-image-preview":"max-image-preview:large","max-video-preview":"max-video-preview:-1"},"canonical":"https:\/\/algarve7.pt\/index.php\/2020\/09\/cineteatro-louletano-anuncia-nova-temporada-com-programacao-de-referencia-a-sul\/cultura\/15\/41\/","og_locale":"pt_PT","og_type":"article","og_title":"Cineteatro Louletano anuncia nova temporada com programa\u00e7\u00e3o de refer\u00eancia a Sul - Algarve 7","og_description":"Cineteatro Louletano anuncia nova temporada com programa\u00e7\u00e3o de refer\u00eancia a Sul","og_url":"https:\/\/algarve7.pt\/index.php\/2020\/09\/cineteatro-louletano-anuncia-nova-temporada-com-programacao-de-referencia-a-sul\/cultura\/15\/41\/","og_site_name":"Algarve 7","article_publisher":"https:\/\/www.facebook.com\/algarve7","article_author":"https:\/\/www.facebook.com\/algarve7","article_published_time":"2020-09-01T14:41:25+00:00","article_modified_time":"2020-09-01T14:41:26+00:00","og_image":[{"width":866,"height":579,"url":"https:\/\/algarve7.pt\/wp-content\/uploads\/2020\/08\/imgLoader2.ashx_.jpeg","type":"image\/jpeg"}],"author":"Algarve 7","twitter_card":"summary_large_image","twitter_creator":"@Algarvesete","twitter_site":"@Algarvesete","twitter_misc":{"Escrito por":"Algarve 7","Tempo estimado de leitura":"8 minutos"},"schema":{"@context":"https:\/\/schema.org","@graph":[{"@type":"Article","@id":"https:\/\/algarve7.pt\/index.php\/2020\/09\/cineteatro-louletano-anuncia-nova-temporada-com-programacao-de-referencia-a-sul\/cultura\/15\/41\/#article","isPartOf":{"@id":"https:\/\/algarve7.pt\/index.php\/2020\/09\/cineteatro-louletano-anuncia-nova-temporada-com-programacao-de-referencia-a-sul\/cultura\/15\/41\/"},"author":{"name":"Algarve 7","@id":"https:\/\/algarve7.pt\/#\/schema\/person\/23fa70681308e7b319a3204bcea45e0c"},"headline":"Cineteatro Louletano anuncia nova temporada com programa\u00e7\u00e3o de refer\u00eancia a Sul","datePublished":"2020-09-01T14:41:25+00:00","dateModified":"2020-09-01T14:41:26+00:00","mainEntityOfPage":{"@id":"https:\/\/algarve7.pt\/index.php\/2020\/09\/cineteatro-louletano-anuncia-nova-temporada-com-programacao-de-referencia-a-sul\/cultura\/15\/41\/"},"wordCount":1678,"publisher":{"@id":"https:\/\/algarve7.pt\/#organization"},"image":{"@id":"https:\/\/algarve7.pt\/index.php\/2020\/09\/cineteatro-louletano-anuncia-nova-temporada-com-programacao-de-referencia-a-sul\/cultura\/15\/41\/#primaryimage"},"thumbnailUrl":"https:\/\/algarve7.pt\/wp-content\/uploads\/2020\/08\/imgLoader2.ashx_.jpeg","keywords":["Algarve","Cin\u00e9-Teatro","Concerto","Loul\u00e9"],"articleSection":["Cultura"],"inLanguage":"pt-PT"},{"@type":"WebPage","@id":"https:\/\/algarve7.pt\/index.php\/2020\/09\/cineteatro-louletano-anuncia-nova-temporada-com-programacao-de-referencia-a-sul\/cultura\/15\/41\/","url":"https:\/\/algarve7.pt\/index.php\/2020\/09\/cineteatro-louletano-anuncia-nova-temporada-com-programacao-de-referencia-a-sul\/cultura\/15\/41\/","name":"Cineteatro Louletano anuncia nova temporada com programa\u00e7\u00e3o de refer\u00eancia a Sul - Algarve 7","isPartOf":{"@id":"https:\/\/algarve7.pt\/#website"},"primaryImageOfPage":{"@id":"https:\/\/algarve7.pt\/index.php\/2020\/09\/cineteatro-louletano-anuncia-nova-temporada-com-programacao-de-referencia-a-sul\/cultura\/15\/41\/#primaryimage"},"image":{"@id":"https:\/\/algarve7.pt\/index.php\/2020\/09\/cineteatro-louletano-anuncia-nova-temporada-com-programacao-de-referencia-a-sul\/cultura\/15\/41\/#primaryimage"},"thumbnailUrl":"https:\/\/algarve7.pt\/wp-content\/uploads\/2020\/08\/imgLoader2.ashx_.jpeg","datePublished":"2020-09-01T14:41:25+00:00","dateModified":"2020-09-01T14:41:26+00:00","description":"Cineteatro Louletano anuncia nova temporada com programa\u00e7\u00e3o de refer\u00eancia a Sul","breadcrumb":{"@id":"https:\/\/algarve7.pt\/index.php\/2020\/09\/cineteatro-louletano-anuncia-nova-temporada-com-programacao-de-referencia-a-sul\/cultura\/15\/41\/#breadcrumb"},"inLanguage":"pt-PT","potentialAction":[{"@type":"ReadAction","target":["https:\/\/algarve7.pt\/index.php\/2020\/09\/cineteatro-louletano-anuncia-nova-temporada-com-programacao-de-referencia-a-sul\/cultura\/15\/41\/"]}]},{"@type":"ImageObject","inLanguage":"pt-PT","@id":"https:\/\/algarve7.pt\/index.php\/2020\/09\/cineteatro-louletano-anuncia-nova-temporada-com-programacao-de-referencia-a-sul\/cultura\/15\/41\/#primaryimage","url":"https:\/\/algarve7.pt\/wp-content\/uploads\/2020\/08\/imgLoader2.ashx_.jpeg","contentUrl":"https:\/\/algarve7.pt\/wp-content\/uploads\/2020\/08\/imgLoader2.ashx_.jpeg","width":866,"height":579},{"@type":"BreadcrumbList","@id":"https:\/\/algarve7.pt\/index.php\/2020\/09\/cineteatro-louletano-anuncia-nova-temporada-com-programacao-de-referencia-a-sul\/cultura\/15\/41\/#breadcrumb","itemListElement":[{"@type":"ListItem","position":1,"name":"In\u00edcio","item":"https:\/\/algarve7.pt\/"},{"@type":"ListItem","position":2,"name":"Cineteatro Louletano anuncia nova temporada com programa\u00e7\u00e3o de refer\u00eancia a Sul"}]},{"@type":"WebSite","@id":"https:\/\/algarve7.pt\/#website","url":"https:\/\/algarve7.pt\/","name":"Algarve 7","description":"Informa\u00e7\u00e3o sobre o Algarve","publisher":{"@id":"https:\/\/algarve7.pt\/#organization"},"potentialAction":[{"@type":"SearchAction","target":{"@type":"EntryPoint","urlTemplate":"https:\/\/algarve7.pt\/?s={search_term_string}"},"query-input":{"@type":"PropertyValueSpecification","valueRequired":true,"valueName":"search_term_string"}}],"inLanguage":"pt-PT"},{"@type":"Organization","@id":"https:\/\/algarve7.pt\/#organization","name":"Algarve 7","url":"https:\/\/algarve7.pt\/","logo":{"@type":"ImageObject","inLanguage":"pt-PT","@id":"https:\/\/algarve7.pt\/#\/schema\/logo\/image\/","url":"https:\/\/algarve7.pt\/wp-content\/uploads\/2020\/10\/Logo-8.jpg","contentUrl":"https:\/\/algarve7.pt\/wp-content\/uploads\/2020\/10\/Logo-8.jpg","width":1680,"height":1186,"caption":"Algarve 7"},"image":{"@id":"https:\/\/algarve7.pt\/#\/schema\/logo\/image\/"},"sameAs":["https:\/\/www.facebook.com\/algarve7","https:\/\/x.com\/Algarvesete","https:\/\/www.instagram.com\/jornalalgarve7\/","https:\/\/www.linkedin.com\/company\/algarve7","https:\/\/www.pinterest.pt\/geral0939\/_created\/"]},{"@type":"Person","@id":"https:\/\/algarve7.pt\/#\/schema\/person\/23fa70681308e7b319a3204bcea45e0c","name":"Algarve 7","sameAs":["https:\/\/algarve7.pt","https:\/\/www.facebook.com\/algarve7"],"url":"https:\/\/algarve7.pt\/index.php\/author\/geralalgarve7-pt\/"}]}},"jetpack_publicize_connections":[],"jetpack_featured_media_url":"https:\/\/algarve7.pt\/wp-content\/uploads\/2020\/08\/imgLoader2.ashx_.jpeg","jetpack_shortlink":"https:\/\/wp.me\/pcezmW-fX","jetpack_sharing_enabled":true,"_links":{"self":[{"href":"https:\/\/algarve7.pt\/index.php\/wp-json\/wp\/v2\/posts\/989","targetHints":{"allow":["GET"]}}],"collection":[{"href":"https:\/\/algarve7.pt\/index.php\/wp-json\/wp\/v2\/posts"}],"about":[{"href":"https:\/\/algarve7.pt\/index.php\/wp-json\/wp\/v2\/types\/post"}],"author":[{"embeddable":true,"href":"https:\/\/algarve7.pt\/index.php\/wp-json\/wp\/v2\/users\/1"}],"replies":[{"embeddable":true,"href":"https:\/\/algarve7.pt\/index.php\/wp-json\/wp\/v2\/comments?post=989"}],"version-history":[{"count":0,"href":"https:\/\/algarve7.pt\/index.php\/wp-json\/wp\/v2\/posts\/989\/revisions"}],"wp:featuredmedia":[{"embeddable":true,"href":"https:\/\/algarve7.pt\/index.php\/wp-json\/wp\/v2\/media\/711"}],"wp:attachment":[{"href":"https:\/\/algarve7.pt\/index.php\/wp-json\/wp\/v2\/media?parent=989"}],"wp:term":[{"taxonomy":"category","embeddable":true,"href":"https:\/\/algarve7.pt\/index.php\/wp-json\/wp\/v2\/categories?post=989"},{"taxonomy":"post_tag","embeddable":true,"href":"https:\/\/algarve7.pt\/index.php\/wp-json\/wp\/v2\/tags?post=989"}],"curies":[{"name":"wp","href":"https:\/\/api.w.org\/{rel}","templated":true}]}}