{"id":9799,"date":"2021-07-01T20:37:34","date_gmt":"2021-07-01T19:37:34","guid":{"rendered":"https:\/\/algarve7.pt\/?p=9799"},"modified":"2021-07-01T20:37:37","modified_gmt":"2021-07-01T19:37:37","slug":"drap-algarve-visitou-as-obras-de-reabilitacao-e-modernizacao-do-aproveitamento-hidroagricola-de-silves-lagoa-e-portimao","status":"publish","type":"post","link":"https:\/\/algarve7.pt\/index.php\/2021\/07\/drap-algarve-visitou-as-obras-de-reabilitacao-e-modernizacao-do-aproveitamento-hidroagricola-de-silves-lagoa-e-portimao\/atualidade\/20\/37\/","title":{"rendered":"DRAP Algarve visitou as obras de reabilita\u00e7\u00e3o e moderniza\u00e7\u00e3o do Aproveitamento Hidroagr\u00edcola de Silves, Lagoa e Portim\u00e3o."},"content":{"rendered":"\n<p>Recentemente, a Dire\u00e7\u00e3o Regional de Agricultura e Pescas do Algarve (DRAP Algarve) realizou uma visita \u00e0s obras de reabilita\u00e7\u00e3o e moderniza\u00e7\u00e3o do Aproveitamento Hidroagr\u00edcola de Silves, Lagoa e Portim\u00e3o, um dos mais antigos do Pa\u00eds (data de conclus\u00e3o em 1956) e cuja \u00e1rea em explora\u00e7\u00e3o ronda os 2.300 hectares.&nbsp;<\/p>\n\n\n\n<p>A distribui\u00e7\u00e3o da \u00e1gua neste per\u00edmetro de rega p\u00fablico, um dos tr\u00eas existentes no Algarve, e que conta com mais de 1.400 benefici\u00e1rios (regantes), era at\u00e9 h\u00e1 pouco tempo exclusivamente grav\u00edtica, atrav\u00e9s de canais a c\u00e9u aberto, apresentando por isso elevadas perdas de \u00e1gua, nomeadamente por evapora\u00e7\u00e3o e por infiltra\u00e7\u00e3o devido \u00e0s fugas existentes nas redes de distribui\u00e7\u00e3o prim\u00e1ria e secund\u00e1ria.&nbsp;<\/p>\n\n\n\n<p>Com as profundas obras de reabilita\u00e7\u00e3o em curso, financiadas pelo Programa Nacional de Regadios, a breve trecho todo o per\u00edmetro de rega (Blocos de Lagoa e de Silves) passar\u00e1 a ser servido por sistemas pressurizados, sendo o fornecimento de \u00e1gua feito a pedido, com uma poupan\u00e7a muito significativa de \u00e1gua por via da minimiza\u00e7\u00e3o das perdas.&nbsp;<\/p>\n\n\n\n<p>Esta visita, feita conjuntamente com membros da dire\u00e7\u00e3o da respetiva associa\u00e7\u00e3o de regantes, incidiu sobre os trabalhos que est\u00e3o a decorrer para a reabilita\u00e7\u00e3o do Bloco de Lagoa, com 1.300 hectares, num investimento total de 11.000.000,00\u20ac.&nbsp;<\/p>\n\n\n\n<p>Tivemos oportunidade de constatar in loco que se encontram praticamente conclu\u00eddos os trabalhos das empreitadas de constru\u00e7\u00e3o do dep\u00f3sito de regulariza\u00e7\u00e3o com 40.000 m3 de capacidade, das 2 esta\u00e7\u00f5es elevat\u00f3rias e de cerca de 80 km de condutas enterradas. Depois de conclu\u00eddos estes investimentos, estima-se poupar at\u00e9 2,5 hm3, ou seja metade do volume de \u00e1gua que se utiliza hoje em dia no Bloco de Lagoa.&nbsp;<\/p>\n\n\n\n<p>Os projetos futuros da Associa\u00e7\u00e3o de Regantes e Benefici\u00e1rios de Silves, Lagoa e Portim\u00e3o passam pela instala\u00e7\u00e3o de pain\u00e9is fotovoltaicos flutuantes (instalados sobre a superf\u00edcie dos reservat\u00f3rios existentes) para promover a transi\u00e7\u00e3o energ\u00e9tica para fontes renov\u00e1veis e garantir a autossustentabilidade na alimenta\u00e7\u00e3o das esta\u00e7\u00f5es elevat\u00f3rias.&nbsp;<\/p>\n","protected":false},"excerpt":{"rendered":"<p>Recentemente, a Dire\u00e7\u00e3o Regional de Agricultura e Pescas do Algarve (DRAP Algarve) realizou uma visita \u00e0s obras de reabilita\u00e7\u00e3o e<\/p>\n","protected":false},"author":1,"featured_media":9800,"comment_status":"closed","ping_status":"open","sticky":false,"template":"","format":"standard","meta":{"colormag_page_container_layout":"default_layout","colormag_page_sidebar_layout":"default_layout","_monsterinsights_skip_tracking":false,"_monsterinsights_sitenote_active":false,"_monsterinsights_sitenote_note":"","_monsterinsights_sitenote_category":0,"jetpack_post_was_ever_published":false,"_jetpack_newsletter_access":"","_jetpack_dont_email_post_to_subs":false,"_jetpack_newsletter_tier_id":0,"_jetpack_memberships_contains_paywalled_content":false,"_jetpack_memberships_contains_paid_content":false,"footnotes":"","jetpack_publicize_message":"","jetpack_publicize_feature_enabled":true,"jetpack_social_post_already_shared":true,"jetpack_social_options":{"image_generator_settings":{"template":"highway","default_image_id":0,"font":"","enabled":false},"version":2}},"categories":[11],"tags":[36,62,156,99],"class_list":["post-9799","post","type-post","status-publish","format-standard","has-post-thumbnail","hentry","category-atualidade","tag-algarve","tag-atualidade","tag-drap","tag-obra"],"yoast_head":"<!-- This site is optimized with the Yoast SEO plugin v27.5 - https:\/\/yoast.com\/product\/yoast-seo-wordpress\/ -->\n<title>DRAP Algarve visitou as obras de reabilita\u00e7\u00e3o e moderniza\u00e7\u00e3o do Aproveitamento Hidroagr\u00edcola de Silves, Lagoa e Portim\u00e3o. - Algarve 7<\/title>\n<meta name=\"description\" content=\"DRAP Algarve visitou as obras de reabilita\u00e7\u00e3o e moderniza\u00e7\u00e3o do Aproveitamento Hidroagr\u00edcola de Silves, Lagoa e Portim\u00e3o. Atualidade\" \/>\n<meta name=\"robots\" content=\"index, follow, max-snippet:-1, max-image-preview:large, max-video-preview:-1\" \/>\n<link rel=\"canonical\" href=\"https:\/\/algarve7.pt\/index.php\/2021\/07\/drap-algarve-visitou-as-obras-de-reabilitacao-e-modernizacao-do-aproveitamento-hidroagricola-de-silves-lagoa-e-portimao\/atualidade\/20\/37\/\" \/>\n<meta property=\"og:locale\" content=\"pt_PT\" \/>\n<meta property=\"og:type\" content=\"article\" \/>\n<meta property=\"og:title\" content=\"DRAP Algarve visitou as obras de reabilita\u00e7\u00e3o e moderniza\u00e7\u00e3o do Aproveitamento Hidroagr\u00edcola de Silves, Lagoa e Portim\u00e3o. - Algarve 7\" \/>\n<meta property=\"og:description\" content=\"DRAP Algarve visitou as obras de reabilita\u00e7\u00e3o e moderniza\u00e7\u00e3o do Aproveitamento Hidroagr\u00edcola de Silves, Lagoa e Portim\u00e3o. Atualidade\" \/>\n<meta property=\"og:url\" content=\"https:\/\/algarve7.pt\/index.php\/2021\/07\/drap-algarve-visitou-as-obras-de-reabilitacao-e-modernizacao-do-aproveitamento-hidroagricola-de-silves-lagoa-e-portimao\/atualidade\/20\/37\/\" \/>\n<meta property=\"og:site_name\" content=\"Algarve 7\" \/>\n<meta property=\"article:publisher\" content=\"https:\/\/www.facebook.com\/algarve7\" \/>\n<meta property=\"article:author\" content=\"https:\/\/www.facebook.com\/algarve7\" \/>\n<meta property=\"article:published_time\" content=\"2021-07-01T19:37:34+00:00\" \/>\n<meta property=\"article:modified_time\" content=\"2021-07-01T19:37:37+00:00\" \/>\n<meta property=\"og:image\" content=\"https:\/\/algarve7.pt\/wp-content\/uploads\/2021\/07\/1.jpg\" \/>\n\t<meta property=\"og:image:width\" content=\"640\" \/>\n\t<meta property=\"og:image:height\" content=\"480\" \/>\n\t<meta property=\"og:image:type\" content=\"image\/jpeg\" \/>\n<meta name=\"author\" content=\"Algarve 7\" \/>\n<meta name=\"twitter:card\" content=\"summary_large_image\" \/>\n<meta name=\"twitter:creator\" content=\"@Algarvesete\" \/>\n<meta name=\"twitter:site\" content=\"@Algarvesete\" \/>\n<meta name=\"twitter:label1\" content=\"Escrito por\" \/>\n\t<meta name=\"twitter:data1\" content=\"Algarve 7\" \/>\n\t<meta name=\"twitter:label2\" content=\"Tempo estimado de leitura\" \/>\n\t<meta name=\"twitter:data2\" content=\"2 minutos\" \/>\n<script type=\"application\/ld+json\" class=\"yoast-schema-graph\">{\"@context\":\"https:\\\/\\\/schema.org\",\"@graph\":[{\"@type\":\"Article\",\"@id\":\"https:\\\/\\\/algarve7.pt\\\/index.php\\\/2021\\\/07\\\/drap-algarve-visitou-as-obras-de-reabilitacao-e-modernizacao-do-aproveitamento-hidroagricola-de-silves-lagoa-e-portimao\\\/atualidade\\\/20\\\/37\\\/#article\",\"isPartOf\":{\"@id\":\"https:\\\/\\\/algarve7.pt\\\/index.php\\\/2021\\\/07\\\/drap-algarve-visitou-as-obras-de-reabilitacao-e-modernizacao-do-aproveitamento-hidroagricola-de-silves-lagoa-e-portimao\\\/atualidade\\\/20\\\/37\\\/\"},\"author\":{\"name\":\"Algarve 7\",\"@id\":\"https:\\\/\\\/algarve7.pt\\\/#\\\/schema\\\/person\\\/23fa70681308e7b319a3204bcea45e0c\"},\"headline\":\"DRAP Algarve visitou as obras de reabilita\u00e7\u00e3o e moderniza\u00e7\u00e3o do Aproveitamento Hidroagr\u00edcola de Silves, Lagoa e Portim\u00e3o.\",\"datePublished\":\"2021-07-01T19:37:34+00:00\",\"dateModified\":\"2021-07-01T19:37:37+00:00\",\"mainEntityOfPage\":{\"@id\":\"https:\\\/\\\/algarve7.pt\\\/index.php\\\/2021\\\/07\\\/drap-algarve-visitou-as-obras-de-reabilitacao-e-modernizacao-do-aproveitamento-hidroagricola-de-silves-lagoa-e-portimao\\\/atualidade\\\/20\\\/37\\\/\"},\"wordCount\":380,\"publisher\":{\"@id\":\"https:\\\/\\\/algarve7.pt\\\/#organization\"},\"image\":{\"@id\":\"https:\\\/\\\/algarve7.pt\\\/index.php\\\/2021\\\/07\\\/drap-algarve-visitou-as-obras-de-reabilitacao-e-modernizacao-do-aproveitamento-hidroagricola-de-silves-lagoa-e-portimao\\\/atualidade\\\/20\\\/37\\\/#primaryimage\"},\"thumbnailUrl\":\"https:\\\/\\\/algarve7.pt\\\/wp-content\\\/uploads\\\/2021\\\/07\\\/1.jpg\",\"keywords\":[\"Algarve\",\"Atualidade\",\"DRAP\",\"Obra\"],\"articleSection\":[\"Atualidade\"],\"inLanguage\":\"pt-PT\"},{\"@type\":\"WebPage\",\"@id\":\"https:\\\/\\\/algarve7.pt\\\/index.php\\\/2021\\\/07\\\/drap-algarve-visitou-as-obras-de-reabilitacao-e-modernizacao-do-aproveitamento-hidroagricola-de-silves-lagoa-e-portimao\\\/atualidade\\\/20\\\/37\\\/\",\"url\":\"https:\\\/\\\/algarve7.pt\\\/index.php\\\/2021\\\/07\\\/drap-algarve-visitou-as-obras-de-reabilitacao-e-modernizacao-do-aproveitamento-hidroagricola-de-silves-lagoa-e-portimao\\\/atualidade\\\/20\\\/37\\\/\",\"name\":\"DRAP Algarve visitou as obras de reabilita\u00e7\u00e3o e moderniza\u00e7\u00e3o do Aproveitamento Hidroagr\u00edcola de Silves, Lagoa e Portim\u00e3o. - Algarve 7\",\"isPartOf\":{\"@id\":\"https:\\\/\\\/algarve7.pt\\\/#website\"},\"primaryImageOfPage\":{\"@id\":\"https:\\\/\\\/algarve7.pt\\\/index.php\\\/2021\\\/07\\\/drap-algarve-visitou-as-obras-de-reabilitacao-e-modernizacao-do-aproveitamento-hidroagricola-de-silves-lagoa-e-portimao\\\/atualidade\\\/20\\\/37\\\/#primaryimage\"},\"image\":{\"@id\":\"https:\\\/\\\/algarve7.pt\\\/index.php\\\/2021\\\/07\\\/drap-algarve-visitou-as-obras-de-reabilitacao-e-modernizacao-do-aproveitamento-hidroagricola-de-silves-lagoa-e-portimao\\\/atualidade\\\/20\\\/37\\\/#primaryimage\"},\"thumbnailUrl\":\"https:\\\/\\\/algarve7.pt\\\/wp-content\\\/uploads\\\/2021\\\/07\\\/1.jpg\",\"datePublished\":\"2021-07-01T19:37:34+00:00\",\"dateModified\":\"2021-07-01T19:37:37+00:00\",\"description\":\"DRAP Algarve visitou as obras de reabilita\u00e7\u00e3o e moderniza\u00e7\u00e3o do Aproveitamento Hidroagr\u00edcola de Silves, Lagoa e Portim\u00e3o. Atualidade\",\"breadcrumb\":{\"@id\":\"https:\\\/\\\/algarve7.pt\\\/index.php\\\/2021\\\/07\\\/drap-algarve-visitou-as-obras-de-reabilitacao-e-modernizacao-do-aproveitamento-hidroagricola-de-silves-lagoa-e-portimao\\\/atualidade\\\/20\\\/37\\\/#breadcrumb\"},\"inLanguage\":\"pt-PT\",\"potentialAction\":[{\"@type\":\"ReadAction\",\"target\":[\"https:\\\/\\\/algarve7.pt\\\/index.php\\\/2021\\\/07\\\/drap-algarve-visitou-as-obras-de-reabilitacao-e-modernizacao-do-aproveitamento-hidroagricola-de-silves-lagoa-e-portimao\\\/atualidade\\\/20\\\/37\\\/\"]}]},{\"@type\":\"ImageObject\",\"inLanguage\":\"pt-PT\",\"@id\":\"https:\\\/\\\/algarve7.pt\\\/index.php\\\/2021\\\/07\\\/drap-algarve-visitou-as-obras-de-reabilitacao-e-modernizacao-do-aproveitamento-hidroagricola-de-silves-lagoa-e-portimao\\\/atualidade\\\/20\\\/37\\\/#primaryimage\",\"url\":\"https:\\\/\\\/algarve7.pt\\\/wp-content\\\/uploads\\\/2021\\\/07\\\/1.jpg\",\"contentUrl\":\"https:\\\/\\\/algarve7.pt\\\/wp-content\\\/uploads\\\/2021\\\/07\\\/1.jpg\",\"width\":640,\"height\":480},{\"@type\":\"BreadcrumbList\",\"@id\":\"https:\\\/\\\/algarve7.pt\\\/index.php\\\/2021\\\/07\\\/drap-algarve-visitou-as-obras-de-reabilitacao-e-modernizacao-do-aproveitamento-hidroagricola-de-silves-lagoa-e-portimao\\\/atualidade\\\/20\\\/37\\\/#breadcrumb\",\"itemListElement\":[{\"@type\":\"ListItem\",\"position\":1,\"name\":\"In\u00edcio\",\"item\":\"https:\\\/\\\/algarve7.pt\\\/\"},{\"@type\":\"ListItem\",\"position\":2,\"name\":\"DRAP Algarve visitou as obras de reabilita\u00e7\u00e3o e moderniza\u00e7\u00e3o do Aproveitamento Hidroagr\u00edcola de Silves, Lagoa e Portim\u00e3o.\"}]},{\"@type\":\"WebSite\",\"@id\":\"https:\\\/\\\/algarve7.pt\\\/#website\",\"url\":\"https:\\\/\\\/algarve7.pt\\\/\",\"name\":\"Algarve 7\",\"description\":\"Informa\u00e7\u00e3o sobre o Algarve\",\"publisher\":{\"@id\":\"https:\\\/\\\/algarve7.pt\\\/#organization\"},\"potentialAction\":[{\"@type\":\"SearchAction\",\"target\":{\"@type\":\"EntryPoint\",\"urlTemplate\":\"https:\\\/\\\/algarve7.pt\\\/?s={search_term_string}\"},\"query-input\":{\"@type\":\"PropertyValueSpecification\",\"valueRequired\":true,\"valueName\":\"search_term_string\"}}],\"inLanguage\":\"pt-PT\"},{\"@type\":\"Organization\",\"@id\":\"https:\\\/\\\/algarve7.pt\\\/#organization\",\"name\":\"Algarve 7\",\"url\":\"https:\\\/\\\/algarve7.pt\\\/\",\"logo\":{\"@type\":\"ImageObject\",\"inLanguage\":\"pt-PT\",\"@id\":\"https:\\\/\\\/algarve7.pt\\\/#\\\/schema\\\/logo\\\/image\\\/\",\"url\":\"https:\\\/\\\/algarve7.pt\\\/wp-content\\\/uploads\\\/2020\\\/10\\\/Logo-8.jpg\",\"contentUrl\":\"https:\\\/\\\/algarve7.pt\\\/wp-content\\\/uploads\\\/2020\\\/10\\\/Logo-8.jpg\",\"width\":1680,\"height\":1186,\"caption\":\"Algarve 7\"},\"image\":{\"@id\":\"https:\\\/\\\/algarve7.pt\\\/#\\\/schema\\\/logo\\\/image\\\/\"},\"sameAs\":[\"https:\\\/\\\/www.facebook.com\\\/algarve7\",\"https:\\\/\\\/x.com\\\/Algarvesete\",\"https:\\\/\\\/www.instagram.com\\\/jornalalgarve7\\\/\",\"https:\\\/\\\/www.linkedin.com\\\/company\\\/algarve7\",\"https:\\\/\\\/www.pinterest.pt\\\/geral0939\\\/_created\\\/\"]},{\"@type\":\"Person\",\"@id\":\"https:\\\/\\\/algarve7.pt\\\/#\\\/schema\\\/person\\\/23fa70681308e7b319a3204bcea45e0c\",\"name\":\"Algarve 7\",\"sameAs\":[\"https:\\\/\\\/algarve7.pt\",\"https:\\\/\\\/www.facebook.com\\\/algarve7\"],\"url\":\"https:\\\/\\\/algarve7.pt\\\/index.php\\\/author\\\/geralalgarve7-pt\\\/\"}]}<\/script>\n<!-- \/ Yoast SEO plugin. -->","yoast_head_json":{"title":"DRAP Algarve visitou as obras de reabilita\u00e7\u00e3o e moderniza\u00e7\u00e3o do Aproveitamento Hidroagr\u00edcola de Silves, Lagoa e Portim\u00e3o. - Algarve 7","description":"DRAP Algarve visitou as obras de reabilita\u00e7\u00e3o e moderniza\u00e7\u00e3o do Aproveitamento Hidroagr\u00edcola de Silves, Lagoa e Portim\u00e3o. Atualidade","robots":{"index":"index","follow":"follow","max-snippet":"max-snippet:-1","max-image-preview":"max-image-preview:large","max-video-preview":"max-video-preview:-1"},"canonical":"https:\/\/algarve7.pt\/index.php\/2021\/07\/drap-algarve-visitou-as-obras-de-reabilitacao-e-modernizacao-do-aproveitamento-hidroagricola-de-silves-lagoa-e-portimao\/atualidade\/20\/37\/","og_locale":"pt_PT","og_type":"article","og_title":"DRAP Algarve visitou as obras de reabilita\u00e7\u00e3o e moderniza\u00e7\u00e3o do Aproveitamento Hidroagr\u00edcola de Silves, Lagoa e Portim\u00e3o. - Algarve 7","og_description":"DRAP Algarve visitou as obras de reabilita\u00e7\u00e3o e moderniza\u00e7\u00e3o do Aproveitamento Hidroagr\u00edcola de Silves, Lagoa e Portim\u00e3o. Atualidade","og_url":"https:\/\/algarve7.pt\/index.php\/2021\/07\/drap-algarve-visitou-as-obras-de-reabilitacao-e-modernizacao-do-aproveitamento-hidroagricola-de-silves-lagoa-e-portimao\/atualidade\/20\/37\/","og_site_name":"Algarve 7","article_publisher":"https:\/\/www.facebook.com\/algarve7","article_author":"https:\/\/www.facebook.com\/algarve7","article_published_time":"2021-07-01T19:37:34+00:00","article_modified_time":"2021-07-01T19:37:37+00:00","og_image":[{"width":640,"height":480,"url":"https:\/\/algarve7.pt\/wp-content\/uploads\/2021\/07\/1.jpg","type":"image\/jpeg"}],"author":"Algarve 7","twitter_card":"summary_large_image","twitter_creator":"@Algarvesete","twitter_site":"@Algarvesete","twitter_misc":{"Escrito por":"Algarve 7","Tempo estimado de leitura":"2 minutos"},"schema":{"@context":"https:\/\/schema.org","@graph":[{"@type":"Article","@id":"https:\/\/algarve7.pt\/index.php\/2021\/07\/drap-algarve-visitou-as-obras-de-reabilitacao-e-modernizacao-do-aproveitamento-hidroagricola-de-silves-lagoa-e-portimao\/atualidade\/20\/37\/#article","isPartOf":{"@id":"https:\/\/algarve7.pt\/index.php\/2021\/07\/drap-algarve-visitou-as-obras-de-reabilitacao-e-modernizacao-do-aproveitamento-hidroagricola-de-silves-lagoa-e-portimao\/atualidade\/20\/37\/"},"author":{"name":"Algarve 7","@id":"https:\/\/algarve7.pt\/#\/schema\/person\/23fa70681308e7b319a3204bcea45e0c"},"headline":"DRAP Algarve visitou as obras de reabilita\u00e7\u00e3o e moderniza\u00e7\u00e3o do Aproveitamento Hidroagr\u00edcola de Silves, Lagoa e Portim\u00e3o.","datePublished":"2021-07-01T19:37:34+00:00","dateModified":"2021-07-01T19:37:37+00:00","mainEntityOfPage":{"@id":"https:\/\/algarve7.pt\/index.php\/2021\/07\/drap-algarve-visitou-as-obras-de-reabilitacao-e-modernizacao-do-aproveitamento-hidroagricola-de-silves-lagoa-e-portimao\/atualidade\/20\/37\/"},"wordCount":380,"publisher":{"@id":"https:\/\/algarve7.pt\/#organization"},"image":{"@id":"https:\/\/algarve7.pt\/index.php\/2021\/07\/drap-algarve-visitou-as-obras-de-reabilitacao-e-modernizacao-do-aproveitamento-hidroagricola-de-silves-lagoa-e-portimao\/atualidade\/20\/37\/#primaryimage"},"thumbnailUrl":"https:\/\/algarve7.pt\/wp-content\/uploads\/2021\/07\/1.jpg","keywords":["Algarve","Atualidade","DRAP","Obra"],"articleSection":["Atualidade"],"inLanguage":"pt-PT"},{"@type":"WebPage","@id":"https:\/\/algarve7.pt\/index.php\/2021\/07\/drap-algarve-visitou-as-obras-de-reabilitacao-e-modernizacao-do-aproveitamento-hidroagricola-de-silves-lagoa-e-portimao\/atualidade\/20\/37\/","url":"https:\/\/algarve7.pt\/index.php\/2021\/07\/drap-algarve-visitou-as-obras-de-reabilitacao-e-modernizacao-do-aproveitamento-hidroagricola-de-silves-lagoa-e-portimao\/atualidade\/20\/37\/","name":"DRAP Algarve visitou as obras de reabilita\u00e7\u00e3o e moderniza\u00e7\u00e3o do Aproveitamento Hidroagr\u00edcola de Silves, Lagoa e Portim\u00e3o. - Algarve 7","isPartOf":{"@id":"https:\/\/algarve7.pt\/#website"},"primaryImageOfPage":{"@id":"https:\/\/algarve7.pt\/index.php\/2021\/07\/drap-algarve-visitou-as-obras-de-reabilitacao-e-modernizacao-do-aproveitamento-hidroagricola-de-silves-lagoa-e-portimao\/atualidade\/20\/37\/#primaryimage"},"image":{"@id":"https:\/\/algarve7.pt\/index.php\/2021\/07\/drap-algarve-visitou-as-obras-de-reabilitacao-e-modernizacao-do-aproveitamento-hidroagricola-de-silves-lagoa-e-portimao\/atualidade\/20\/37\/#primaryimage"},"thumbnailUrl":"https:\/\/algarve7.pt\/wp-content\/uploads\/2021\/07\/1.jpg","datePublished":"2021-07-01T19:37:34+00:00","dateModified":"2021-07-01T19:37:37+00:00","description":"DRAP Algarve visitou as obras de reabilita\u00e7\u00e3o e moderniza\u00e7\u00e3o do Aproveitamento Hidroagr\u00edcola de Silves, Lagoa e Portim\u00e3o. Atualidade","breadcrumb":{"@id":"https:\/\/algarve7.pt\/index.php\/2021\/07\/drap-algarve-visitou-as-obras-de-reabilitacao-e-modernizacao-do-aproveitamento-hidroagricola-de-silves-lagoa-e-portimao\/atualidade\/20\/37\/#breadcrumb"},"inLanguage":"pt-PT","potentialAction":[{"@type":"ReadAction","target":["https:\/\/algarve7.pt\/index.php\/2021\/07\/drap-algarve-visitou-as-obras-de-reabilitacao-e-modernizacao-do-aproveitamento-hidroagricola-de-silves-lagoa-e-portimao\/atualidade\/20\/37\/"]}]},{"@type":"ImageObject","inLanguage":"pt-PT","@id":"https:\/\/algarve7.pt\/index.php\/2021\/07\/drap-algarve-visitou-as-obras-de-reabilitacao-e-modernizacao-do-aproveitamento-hidroagricola-de-silves-lagoa-e-portimao\/atualidade\/20\/37\/#primaryimage","url":"https:\/\/algarve7.pt\/wp-content\/uploads\/2021\/07\/1.jpg","contentUrl":"https:\/\/algarve7.pt\/wp-content\/uploads\/2021\/07\/1.jpg","width":640,"height":480},{"@type":"BreadcrumbList","@id":"https:\/\/algarve7.pt\/index.php\/2021\/07\/drap-algarve-visitou-as-obras-de-reabilitacao-e-modernizacao-do-aproveitamento-hidroagricola-de-silves-lagoa-e-portimao\/atualidade\/20\/37\/#breadcrumb","itemListElement":[{"@type":"ListItem","position":1,"name":"In\u00edcio","item":"https:\/\/algarve7.pt\/"},{"@type":"ListItem","position":2,"name":"DRAP Algarve visitou as obras de reabilita\u00e7\u00e3o e moderniza\u00e7\u00e3o do Aproveitamento Hidroagr\u00edcola de Silves, Lagoa e Portim\u00e3o."}]},{"@type":"WebSite","@id":"https:\/\/algarve7.pt\/#website","url":"https:\/\/algarve7.pt\/","name":"Algarve 7","description":"Informa\u00e7\u00e3o sobre o Algarve","publisher":{"@id":"https:\/\/algarve7.pt\/#organization"},"potentialAction":[{"@type":"SearchAction","target":{"@type":"EntryPoint","urlTemplate":"https:\/\/algarve7.pt\/?s={search_term_string}"},"query-input":{"@type":"PropertyValueSpecification","valueRequired":true,"valueName":"search_term_string"}}],"inLanguage":"pt-PT"},{"@type":"Organization","@id":"https:\/\/algarve7.pt\/#organization","name":"Algarve 7","url":"https:\/\/algarve7.pt\/","logo":{"@type":"ImageObject","inLanguage":"pt-PT","@id":"https:\/\/algarve7.pt\/#\/schema\/logo\/image\/","url":"https:\/\/algarve7.pt\/wp-content\/uploads\/2020\/10\/Logo-8.jpg","contentUrl":"https:\/\/algarve7.pt\/wp-content\/uploads\/2020\/10\/Logo-8.jpg","width":1680,"height":1186,"caption":"Algarve 7"},"image":{"@id":"https:\/\/algarve7.pt\/#\/schema\/logo\/image\/"},"sameAs":["https:\/\/www.facebook.com\/algarve7","https:\/\/x.com\/Algarvesete","https:\/\/www.instagram.com\/jornalalgarve7\/","https:\/\/www.linkedin.com\/company\/algarve7","https:\/\/www.pinterest.pt\/geral0939\/_created\/"]},{"@type":"Person","@id":"https:\/\/algarve7.pt\/#\/schema\/person\/23fa70681308e7b319a3204bcea45e0c","name":"Algarve 7","sameAs":["https:\/\/algarve7.pt","https:\/\/www.facebook.com\/algarve7"],"url":"https:\/\/algarve7.pt\/index.php\/author\/geralalgarve7-pt\/"}]}},"jetpack_publicize_connections":[],"jetpack_featured_media_url":"https:\/\/algarve7.pt\/wp-content\/uploads\/2021\/07\/1.jpg","jetpack_shortlink":"https:\/\/wp.me\/pcezmW-2y3","jetpack_sharing_enabled":true,"_links":{"self":[{"href":"https:\/\/algarve7.pt\/index.php\/wp-json\/wp\/v2\/posts\/9799","targetHints":{"allow":["GET"]}}],"collection":[{"href":"https:\/\/algarve7.pt\/index.php\/wp-json\/wp\/v2\/posts"}],"about":[{"href":"https:\/\/algarve7.pt\/index.php\/wp-json\/wp\/v2\/types\/post"}],"author":[{"embeddable":true,"href":"https:\/\/algarve7.pt\/index.php\/wp-json\/wp\/v2\/users\/1"}],"replies":[{"embeddable":true,"href":"https:\/\/algarve7.pt\/index.php\/wp-json\/wp\/v2\/comments?post=9799"}],"version-history":[{"count":0,"href":"https:\/\/algarve7.pt\/index.php\/wp-json\/wp\/v2\/posts\/9799\/revisions"}],"wp:featuredmedia":[{"embeddable":true,"href":"https:\/\/algarve7.pt\/index.php\/wp-json\/wp\/v2\/media\/9800"}],"wp:attachment":[{"href":"https:\/\/algarve7.pt\/index.php\/wp-json\/wp\/v2\/media?parent=9799"}],"wp:term":[{"taxonomy":"category","embeddable":true,"href":"https:\/\/algarve7.pt\/index.php\/wp-json\/wp\/v2\/categories?post=9799"},{"taxonomy":"post_tag","embeddable":true,"href":"https:\/\/algarve7.pt\/index.php\/wp-json\/wp\/v2\/tags?post=9799"}],"curies":[{"name":"wp","href":"https:\/\/api.w.org\/{rel}","templated":true}]}}