{"id":9779,"date":"2021-07-02T10:16:00","date_gmt":"2021-07-02T09:16:00","guid":{"rendered":"https:\/\/algarve7.pt\/?p=9779"},"modified":"2021-07-01T15:17:31","modified_gmt":"2021-07-01T14:17:31","slug":"programa-exercicio-e-saude-de-portimao-encerrou-epoca-em-clima-de-festa","status":"publish","type":"post","link":"https:\/\/algarve7.pt\/index.php\/2021\/07\/programa-exercicio-e-saude-de-portimao-encerrou-epoca-em-clima-de-festa\/desporto\/10\/16\/","title":{"rendered":"Programa Exerc\u00edcio e Sa\u00fade de Portim\u00e3o encerrou \u00e9poca em clima de festa"},"content":{"rendered":"\n<p>Decorreu em clima de festa na manh\u00e3 da passada quarta-feira, 30 de junho, o encerramento do Programa Exerc\u00edcio e Sa\u00fade, juntando seis dezenas de participantes no Pavilh\u00e3o Desportivo da Boavista, na mesma data em que tamb\u00e9m terminaram as atividades das classes desportivas de Portim\u00e3o, que ao longo do ano tiveram lugar em diversos equipamentos municipais.<\/p>\n\n\n\n<p>Foi desta forma assinalado o fim da \u00e9poca 2020\/2021 das atividades desportivas informais promovidas pelo Munic\u00edpio de Portim\u00e3o, durante a qual os utentes experimentaram novas modalidades, estando marcada para setembro pr\u00f3ximo a reabertura das inscri\u00e7\u00f5es para os utentes do Programa Exerc\u00edcio e Sa\u00fade, j\u00e1 com duas d\u00e9cadas de exist\u00eancia, e que neste \u00faltimo ano contou com 140 inscritos, maioritariamente do sexo feminino, funcionando em seis classes.&nbsp;<\/p>\n\n\n\n<p>Com duas aulas por semana, foi dinamizado pelos professores de Educa\u00e7\u00e3o F\u00edsica Nuno Alvo, Mariana Rodrigues e Francisco Nunes, a uma m\u00e9dia mensal de participa\u00e7\u00e3o entre os 70 e os 80 participantes, sendo desej\u00e1vel que na pr\u00f3xima \u00e9poca se verifique um acentuado crescimento no n\u00famero de inscritos do sexo masculino, at\u00e9 agora com escassa representatividade neste projeto municipal.<\/p>\n\n\n\n<p>Em tempos de pandemia, devido \u00e0 Covid-19, as aulas decorreram em regime online e presencial, mantendo apesar de tudo o objetivo de acompanhar todos os utentes e sensibiliz\u00e1-los para a import\u00e2ncia de uma pr\u00e1tica saud\u00e1vel e regular da atividade f\u00edsica.<\/p>\n\n\n\n<p>No que toca \u00e0s classes municipais, que tamb\u00e9m regressar\u00e3o em setembro, o programa Portim\u00e3o Gym contou com cerca de 180 inscritos, a uma cad\u00eancia de duas a tr\u00eas aulas por semana, e proporcionou as disciplinas de mind &amp; body (professora Ana Penteado), yoga (prof. Marlene Bernardino), pilates (prof. Sofia Leit\u00e3o), zumba (prof. N\u00e1dia Pires), fit power e localizada (prof. Rita Ramos) e fitpower\/localizada e popdance (prof. Liliana Recatia). As aulas foram online e presenciais, sempre que a pandemia o permitiu, registando-se uma media mensal de participa\u00e7\u00e3o na ordem dos 60 utentes.<\/p>\n\n\n\n<p>J\u00e1 a Escola Municipal de Dan\u00e7a possibilitou aos alunos frequentarem ballet elementar e avan\u00e7ado ou dan\u00e7a contempor\u00e2nea, verificando-se 30 alunos inscritos. As aulas, online e presenciais, realizaram-se duas vezes por semana e foram lecionadas pela professora Nilsen Jorge, que teve a seu cargo uma m\u00e9dia de participa\u00e7\u00e3o superior aos 15 utentes.<\/p>\n\n\n\n<p>Merece destaque o facto de, quer atrav\u00e9s do Programa Exerc\u00edcio e Sa\u00fade, quer pelas classes desportivas municipais, as pessoas de todas as idades terem beneficiado neste \u00faltimo ano da oportunidade de praticar atividade f\u00edsica de forma cont\u00ednua, mesmo condicionados pelas limita\u00e7\u00f5es que a Covid-19 imp\u00f4s.<\/p>\n","protected":false},"excerpt":{"rendered":"<p>Decorreu em clima de festa na manh\u00e3 da passada quarta-feira, 30 de junho, o encerramento do Programa Exerc\u00edcio e Sa\u00fade,<\/p>\n","protected":false},"author":1,"featured_media":9780,"comment_status":"closed","ping_status":"open","sticky":false,"template":"","format":"standard","meta":{"colormag_page_container_layout":"default_layout","colormag_page_sidebar_layout":"default_layout","_monsterinsights_skip_tracking":false,"_monsterinsights_sitenote_active":false,"_monsterinsights_sitenote_note":"","_monsterinsights_sitenote_category":0,"jetpack_post_was_ever_published":false,"_jetpack_newsletter_access":"","_jetpack_dont_email_post_to_subs":false,"_jetpack_newsletter_tier_id":0,"_jetpack_memberships_contains_paywalled_content":false,"_jetpack_memberships_contains_paid_content":false,"footnotes":"","jetpack_publicize_message":"","jetpack_publicize_feature_enabled":true,"jetpack_social_post_already_shared":true,"jetpack_social_options":{"image_generator_settings":{"template":"highway","default_image_id":0,"font":"","enabled":false},"version":2}},"categories":[15],"tags":[36,40,72],"class_list":["post-9779","post","type-post","status-publish","format-standard","has-post-thumbnail","hentry","category-desporto","tag-algarve","tag-desporto","tag-portimao"],"yoast_head":"<!-- This site is optimized with the Yoast SEO plugin v27.5 - https:\/\/yoast.com\/product\/yoast-seo-wordpress\/ -->\n<title>Programa Exerc\u00edcio e Sa\u00fade de Portim\u00e3o encerrou \u00e9poca em clima de festa - Algarve 7<\/title>\n<meta name=\"description\" content=\"Programa Exerc\u00edcio e Sa\u00fade de Portim\u00e3o encerrou \u00e9poca em clima de festa Desporto\" \/>\n<meta name=\"robots\" content=\"index, follow, max-snippet:-1, max-image-preview:large, max-video-preview:-1\" \/>\n<link rel=\"canonical\" href=\"https:\/\/algarve7.pt\/index.php\/2021\/07\/programa-exercicio-e-saude-de-portimao-encerrou-epoca-em-clima-de-festa\/desporto\/10\/16\/\" \/>\n<meta property=\"og:locale\" content=\"pt_PT\" \/>\n<meta property=\"og:type\" content=\"article\" \/>\n<meta property=\"og:title\" content=\"Programa Exerc\u00edcio e Sa\u00fade de Portim\u00e3o encerrou \u00e9poca em clima de festa - Algarve 7\" \/>\n<meta property=\"og:description\" content=\"Programa Exerc\u00edcio e Sa\u00fade de Portim\u00e3o encerrou \u00e9poca em clima de festa Desporto\" \/>\n<meta property=\"og:url\" content=\"https:\/\/algarve7.pt\/index.php\/2021\/07\/programa-exercicio-e-saude-de-portimao-encerrou-epoca-em-clima-de-festa\/desporto\/10\/16\/\" \/>\n<meta property=\"og:site_name\" content=\"Algarve 7\" \/>\n<meta property=\"article:publisher\" content=\"https:\/\/www.facebook.com\/algarve7\" \/>\n<meta property=\"article:author\" content=\"https:\/\/www.facebook.com\/algarve7\" \/>\n<meta property=\"article:published_time\" content=\"2021-07-02T09:16:00+00:00\" \/>\n<meta property=\"og:image\" content=\"https:\/\/algarve7.pt\/wp-content\/uploads\/2021\/07\/ENCERRAMENTO-EXERCICIO-E-SAUDE-@FILIPA-BARBUDO-EPGE-2.jpg\" \/>\n\t<meta property=\"og:image:width\" content=\"1280\" \/>\n\t<meta property=\"og:image:height\" content=\"853\" \/>\n\t<meta property=\"og:image:type\" content=\"image\/jpeg\" \/>\n<meta name=\"author\" content=\"Algarve 7\" \/>\n<meta name=\"twitter:card\" content=\"summary_large_image\" \/>\n<meta name=\"twitter:creator\" content=\"@Algarvesete\" \/>\n<meta name=\"twitter:site\" content=\"@Algarvesete\" \/>\n<meta name=\"twitter:label1\" content=\"Escrito por\" \/>\n\t<meta name=\"twitter:data1\" content=\"Algarve 7\" \/>\n\t<meta name=\"twitter:label2\" content=\"Tempo estimado de leitura\" \/>\n\t<meta name=\"twitter:data2\" content=\"2 minutos\" \/>\n<script type=\"application\/ld+json\" class=\"yoast-schema-graph\">{\"@context\":\"https:\\\/\\\/schema.org\",\"@graph\":[{\"@type\":\"Article\",\"@id\":\"https:\\\/\\\/algarve7.pt\\\/index.php\\\/2021\\\/07\\\/programa-exercicio-e-saude-de-portimao-encerrou-epoca-em-clima-de-festa\\\/desporto\\\/10\\\/16\\\/#article\",\"isPartOf\":{\"@id\":\"https:\\\/\\\/algarve7.pt\\\/index.php\\\/2021\\\/07\\\/programa-exercicio-e-saude-de-portimao-encerrou-epoca-em-clima-de-festa\\\/desporto\\\/10\\\/16\\\/\"},\"author\":{\"name\":\"Algarve 7\",\"@id\":\"https:\\\/\\\/algarve7.pt\\\/#\\\/schema\\\/person\\\/23fa70681308e7b319a3204bcea45e0c\"},\"headline\":\"Programa Exerc\u00edcio e Sa\u00fade de Portim\u00e3o encerrou \u00e9poca em clima de festa\",\"datePublished\":\"2021-07-02T09:16:00+00:00\",\"mainEntityOfPage\":{\"@id\":\"https:\\\/\\\/algarve7.pt\\\/index.php\\\/2021\\\/07\\\/programa-exercicio-e-saude-de-portimao-encerrou-epoca-em-clima-de-festa\\\/desporto\\\/10\\\/16\\\/\"},\"wordCount\":459,\"publisher\":{\"@id\":\"https:\\\/\\\/algarve7.pt\\\/#organization\"},\"image\":{\"@id\":\"https:\\\/\\\/algarve7.pt\\\/index.php\\\/2021\\\/07\\\/programa-exercicio-e-saude-de-portimao-encerrou-epoca-em-clima-de-festa\\\/desporto\\\/10\\\/16\\\/#primaryimage\"},\"thumbnailUrl\":\"https:\\\/\\\/algarve7.pt\\\/wp-content\\\/uploads\\\/2021\\\/07\\\/ENCERRAMENTO-EXERCICIO-E-SAUDE-@FILIPA-BARBUDO-EPGE-2.jpg\",\"keywords\":[\"Algarve\",\"Desporto\",\"Portim\u00e3o\"],\"articleSection\":[\"Desporto\"],\"inLanguage\":\"pt-PT\"},{\"@type\":\"WebPage\",\"@id\":\"https:\\\/\\\/algarve7.pt\\\/index.php\\\/2021\\\/07\\\/programa-exercicio-e-saude-de-portimao-encerrou-epoca-em-clima-de-festa\\\/desporto\\\/10\\\/16\\\/\",\"url\":\"https:\\\/\\\/algarve7.pt\\\/index.php\\\/2021\\\/07\\\/programa-exercicio-e-saude-de-portimao-encerrou-epoca-em-clima-de-festa\\\/desporto\\\/10\\\/16\\\/\",\"name\":\"Programa Exerc\u00edcio e Sa\u00fade de Portim\u00e3o encerrou \u00e9poca em clima de festa - Algarve 7\",\"isPartOf\":{\"@id\":\"https:\\\/\\\/algarve7.pt\\\/#website\"},\"primaryImageOfPage\":{\"@id\":\"https:\\\/\\\/algarve7.pt\\\/index.php\\\/2021\\\/07\\\/programa-exercicio-e-saude-de-portimao-encerrou-epoca-em-clima-de-festa\\\/desporto\\\/10\\\/16\\\/#primaryimage\"},\"image\":{\"@id\":\"https:\\\/\\\/algarve7.pt\\\/index.php\\\/2021\\\/07\\\/programa-exercicio-e-saude-de-portimao-encerrou-epoca-em-clima-de-festa\\\/desporto\\\/10\\\/16\\\/#primaryimage\"},\"thumbnailUrl\":\"https:\\\/\\\/algarve7.pt\\\/wp-content\\\/uploads\\\/2021\\\/07\\\/ENCERRAMENTO-EXERCICIO-E-SAUDE-@FILIPA-BARBUDO-EPGE-2.jpg\",\"datePublished\":\"2021-07-02T09:16:00+00:00\",\"description\":\"Programa Exerc\u00edcio e Sa\u00fade de Portim\u00e3o encerrou \u00e9poca em clima de festa Desporto\",\"breadcrumb\":{\"@id\":\"https:\\\/\\\/algarve7.pt\\\/index.php\\\/2021\\\/07\\\/programa-exercicio-e-saude-de-portimao-encerrou-epoca-em-clima-de-festa\\\/desporto\\\/10\\\/16\\\/#breadcrumb\"},\"inLanguage\":\"pt-PT\",\"potentialAction\":[{\"@type\":\"ReadAction\",\"target\":[\"https:\\\/\\\/algarve7.pt\\\/index.php\\\/2021\\\/07\\\/programa-exercicio-e-saude-de-portimao-encerrou-epoca-em-clima-de-festa\\\/desporto\\\/10\\\/16\\\/\"]}]},{\"@type\":\"ImageObject\",\"inLanguage\":\"pt-PT\",\"@id\":\"https:\\\/\\\/algarve7.pt\\\/index.php\\\/2021\\\/07\\\/programa-exercicio-e-saude-de-portimao-encerrou-epoca-em-clima-de-festa\\\/desporto\\\/10\\\/16\\\/#primaryimage\",\"url\":\"https:\\\/\\\/algarve7.pt\\\/wp-content\\\/uploads\\\/2021\\\/07\\\/ENCERRAMENTO-EXERCICIO-E-SAUDE-@FILIPA-BARBUDO-EPGE-2.jpg\",\"contentUrl\":\"https:\\\/\\\/algarve7.pt\\\/wp-content\\\/uploads\\\/2021\\\/07\\\/ENCERRAMENTO-EXERCICIO-E-SAUDE-@FILIPA-BARBUDO-EPGE-2.jpg\",\"width\":1280,\"height\":853},{\"@type\":\"BreadcrumbList\",\"@id\":\"https:\\\/\\\/algarve7.pt\\\/index.php\\\/2021\\\/07\\\/programa-exercicio-e-saude-de-portimao-encerrou-epoca-em-clima-de-festa\\\/desporto\\\/10\\\/16\\\/#breadcrumb\",\"itemListElement\":[{\"@type\":\"ListItem\",\"position\":1,\"name\":\"In\u00edcio\",\"item\":\"https:\\\/\\\/algarve7.pt\\\/\"},{\"@type\":\"ListItem\",\"position\":2,\"name\":\"Programa Exerc\u00edcio e Sa\u00fade de Portim\u00e3o encerrou \u00e9poca em clima de festa\"}]},{\"@type\":\"WebSite\",\"@id\":\"https:\\\/\\\/algarve7.pt\\\/#website\",\"url\":\"https:\\\/\\\/algarve7.pt\\\/\",\"name\":\"Algarve 7\",\"description\":\"Informa\u00e7\u00e3o sobre o Algarve\",\"publisher\":{\"@id\":\"https:\\\/\\\/algarve7.pt\\\/#organization\"},\"potentialAction\":[{\"@type\":\"SearchAction\",\"target\":{\"@type\":\"EntryPoint\",\"urlTemplate\":\"https:\\\/\\\/algarve7.pt\\\/?s={search_term_string}\"},\"query-input\":{\"@type\":\"PropertyValueSpecification\",\"valueRequired\":true,\"valueName\":\"search_term_string\"}}],\"inLanguage\":\"pt-PT\"},{\"@type\":\"Organization\",\"@id\":\"https:\\\/\\\/algarve7.pt\\\/#organization\",\"name\":\"Algarve 7\",\"url\":\"https:\\\/\\\/algarve7.pt\\\/\",\"logo\":{\"@type\":\"ImageObject\",\"inLanguage\":\"pt-PT\",\"@id\":\"https:\\\/\\\/algarve7.pt\\\/#\\\/schema\\\/logo\\\/image\\\/\",\"url\":\"https:\\\/\\\/algarve7.pt\\\/wp-content\\\/uploads\\\/2020\\\/10\\\/Logo-8.jpg\",\"contentUrl\":\"https:\\\/\\\/algarve7.pt\\\/wp-content\\\/uploads\\\/2020\\\/10\\\/Logo-8.jpg\",\"width\":1680,\"height\":1186,\"caption\":\"Algarve 7\"},\"image\":{\"@id\":\"https:\\\/\\\/algarve7.pt\\\/#\\\/schema\\\/logo\\\/image\\\/\"},\"sameAs\":[\"https:\\\/\\\/www.facebook.com\\\/algarve7\",\"https:\\\/\\\/x.com\\\/Algarvesete\",\"https:\\\/\\\/www.instagram.com\\\/jornalalgarve7\\\/\",\"https:\\\/\\\/www.linkedin.com\\\/company\\\/algarve7\",\"https:\\\/\\\/www.pinterest.pt\\\/geral0939\\\/_created\\\/\"]},{\"@type\":\"Person\",\"@id\":\"https:\\\/\\\/algarve7.pt\\\/#\\\/schema\\\/person\\\/23fa70681308e7b319a3204bcea45e0c\",\"name\":\"Algarve 7\",\"sameAs\":[\"https:\\\/\\\/algarve7.pt\",\"https:\\\/\\\/www.facebook.com\\\/algarve7\"],\"url\":\"https:\\\/\\\/algarve7.pt\\\/index.php\\\/author\\\/geralalgarve7-pt\\\/\"}]}<\/script>\n<!-- \/ Yoast SEO plugin. -->","yoast_head_json":{"title":"Programa Exerc\u00edcio e Sa\u00fade de Portim\u00e3o encerrou \u00e9poca em clima de festa - Algarve 7","description":"Programa Exerc\u00edcio e Sa\u00fade de Portim\u00e3o encerrou \u00e9poca em clima de festa Desporto","robots":{"index":"index","follow":"follow","max-snippet":"max-snippet:-1","max-image-preview":"max-image-preview:large","max-video-preview":"max-video-preview:-1"},"canonical":"https:\/\/algarve7.pt\/index.php\/2021\/07\/programa-exercicio-e-saude-de-portimao-encerrou-epoca-em-clima-de-festa\/desporto\/10\/16\/","og_locale":"pt_PT","og_type":"article","og_title":"Programa Exerc\u00edcio e Sa\u00fade de Portim\u00e3o encerrou \u00e9poca em clima de festa - Algarve 7","og_description":"Programa Exerc\u00edcio e Sa\u00fade de Portim\u00e3o encerrou \u00e9poca em clima de festa Desporto","og_url":"https:\/\/algarve7.pt\/index.php\/2021\/07\/programa-exercicio-e-saude-de-portimao-encerrou-epoca-em-clima-de-festa\/desporto\/10\/16\/","og_site_name":"Algarve 7","article_publisher":"https:\/\/www.facebook.com\/algarve7","article_author":"https:\/\/www.facebook.com\/algarve7","article_published_time":"2021-07-02T09:16:00+00:00","og_image":[{"width":1280,"height":853,"url":"https:\/\/algarve7.pt\/wp-content\/uploads\/2021\/07\/ENCERRAMENTO-EXERCICIO-E-SAUDE-@FILIPA-BARBUDO-EPGE-2.jpg","type":"image\/jpeg"}],"author":"Algarve 7","twitter_card":"summary_large_image","twitter_creator":"@Algarvesete","twitter_site":"@Algarvesete","twitter_misc":{"Escrito por":"Algarve 7","Tempo estimado de leitura":"2 minutos"},"schema":{"@context":"https:\/\/schema.org","@graph":[{"@type":"Article","@id":"https:\/\/algarve7.pt\/index.php\/2021\/07\/programa-exercicio-e-saude-de-portimao-encerrou-epoca-em-clima-de-festa\/desporto\/10\/16\/#article","isPartOf":{"@id":"https:\/\/algarve7.pt\/index.php\/2021\/07\/programa-exercicio-e-saude-de-portimao-encerrou-epoca-em-clima-de-festa\/desporto\/10\/16\/"},"author":{"name":"Algarve 7","@id":"https:\/\/algarve7.pt\/#\/schema\/person\/23fa70681308e7b319a3204bcea45e0c"},"headline":"Programa Exerc\u00edcio e Sa\u00fade de Portim\u00e3o encerrou \u00e9poca em clima de festa","datePublished":"2021-07-02T09:16:00+00:00","mainEntityOfPage":{"@id":"https:\/\/algarve7.pt\/index.php\/2021\/07\/programa-exercicio-e-saude-de-portimao-encerrou-epoca-em-clima-de-festa\/desporto\/10\/16\/"},"wordCount":459,"publisher":{"@id":"https:\/\/algarve7.pt\/#organization"},"image":{"@id":"https:\/\/algarve7.pt\/index.php\/2021\/07\/programa-exercicio-e-saude-de-portimao-encerrou-epoca-em-clima-de-festa\/desporto\/10\/16\/#primaryimage"},"thumbnailUrl":"https:\/\/algarve7.pt\/wp-content\/uploads\/2021\/07\/ENCERRAMENTO-EXERCICIO-E-SAUDE-@FILIPA-BARBUDO-EPGE-2.jpg","keywords":["Algarve","Desporto","Portim\u00e3o"],"articleSection":["Desporto"],"inLanguage":"pt-PT"},{"@type":"WebPage","@id":"https:\/\/algarve7.pt\/index.php\/2021\/07\/programa-exercicio-e-saude-de-portimao-encerrou-epoca-em-clima-de-festa\/desporto\/10\/16\/","url":"https:\/\/algarve7.pt\/index.php\/2021\/07\/programa-exercicio-e-saude-de-portimao-encerrou-epoca-em-clima-de-festa\/desporto\/10\/16\/","name":"Programa Exerc\u00edcio e Sa\u00fade de Portim\u00e3o encerrou \u00e9poca em clima de festa - Algarve 7","isPartOf":{"@id":"https:\/\/algarve7.pt\/#website"},"primaryImageOfPage":{"@id":"https:\/\/algarve7.pt\/index.php\/2021\/07\/programa-exercicio-e-saude-de-portimao-encerrou-epoca-em-clima-de-festa\/desporto\/10\/16\/#primaryimage"},"image":{"@id":"https:\/\/algarve7.pt\/index.php\/2021\/07\/programa-exercicio-e-saude-de-portimao-encerrou-epoca-em-clima-de-festa\/desporto\/10\/16\/#primaryimage"},"thumbnailUrl":"https:\/\/algarve7.pt\/wp-content\/uploads\/2021\/07\/ENCERRAMENTO-EXERCICIO-E-SAUDE-@FILIPA-BARBUDO-EPGE-2.jpg","datePublished":"2021-07-02T09:16:00+00:00","description":"Programa Exerc\u00edcio e Sa\u00fade de Portim\u00e3o encerrou \u00e9poca em clima de festa Desporto","breadcrumb":{"@id":"https:\/\/algarve7.pt\/index.php\/2021\/07\/programa-exercicio-e-saude-de-portimao-encerrou-epoca-em-clima-de-festa\/desporto\/10\/16\/#breadcrumb"},"inLanguage":"pt-PT","potentialAction":[{"@type":"ReadAction","target":["https:\/\/algarve7.pt\/index.php\/2021\/07\/programa-exercicio-e-saude-de-portimao-encerrou-epoca-em-clima-de-festa\/desporto\/10\/16\/"]}]},{"@type":"ImageObject","inLanguage":"pt-PT","@id":"https:\/\/algarve7.pt\/index.php\/2021\/07\/programa-exercicio-e-saude-de-portimao-encerrou-epoca-em-clima-de-festa\/desporto\/10\/16\/#primaryimage","url":"https:\/\/algarve7.pt\/wp-content\/uploads\/2021\/07\/ENCERRAMENTO-EXERCICIO-E-SAUDE-@FILIPA-BARBUDO-EPGE-2.jpg","contentUrl":"https:\/\/algarve7.pt\/wp-content\/uploads\/2021\/07\/ENCERRAMENTO-EXERCICIO-E-SAUDE-@FILIPA-BARBUDO-EPGE-2.jpg","width":1280,"height":853},{"@type":"BreadcrumbList","@id":"https:\/\/algarve7.pt\/index.php\/2021\/07\/programa-exercicio-e-saude-de-portimao-encerrou-epoca-em-clima-de-festa\/desporto\/10\/16\/#breadcrumb","itemListElement":[{"@type":"ListItem","position":1,"name":"In\u00edcio","item":"https:\/\/algarve7.pt\/"},{"@type":"ListItem","position":2,"name":"Programa Exerc\u00edcio e Sa\u00fade de Portim\u00e3o encerrou \u00e9poca em clima de festa"}]},{"@type":"WebSite","@id":"https:\/\/algarve7.pt\/#website","url":"https:\/\/algarve7.pt\/","name":"Algarve 7","description":"Informa\u00e7\u00e3o sobre o Algarve","publisher":{"@id":"https:\/\/algarve7.pt\/#organization"},"potentialAction":[{"@type":"SearchAction","target":{"@type":"EntryPoint","urlTemplate":"https:\/\/algarve7.pt\/?s={search_term_string}"},"query-input":{"@type":"PropertyValueSpecification","valueRequired":true,"valueName":"search_term_string"}}],"inLanguage":"pt-PT"},{"@type":"Organization","@id":"https:\/\/algarve7.pt\/#organization","name":"Algarve 7","url":"https:\/\/algarve7.pt\/","logo":{"@type":"ImageObject","inLanguage":"pt-PT","@id":"https:\/\/algarve7.pt\/#\/schema\/logo\/image\/","url":"https:\/\/algarve7.pt\/wp-content\/uploads\/2020\/10\/Logo-8.jpg","contentUrl":"https:\/\/algarve7.pt\/wp-content\/uploads\/2020\/10\/Logo-8.jpg","width":1680,"height":1186,"caption":"Algarve 7"},"image":{"@id":"https:\/\/algarve7.pt\/#\/schema\/logo\/image\/"},"sameAs":["https:\/\/www.facebook.com\/algarve7","https:\/\/x.com\/Algarvesete","https:\/\/www.instagram.com\/jornalalgarve7\/","https:\/\/www.linkedin.com\/company\/algarve7","https:\/\/www.pinterest.pt\/geral0939\/_created\/"]},{"@type":"Person","@id":"https:\/\/algarve7.pt\/#\/schema\/person\/23fa70681308e7b319a3204bcea45e0c","name":"Algarve 7","sameAs":["https:\/\/algarve7.pt","https:\/\/www.facebook.com\/algarve7"],"url":"https:\/\/algarve7.pt\/index.php\/author\/geralalgarve7-pt\/"}]}},"jetpack_publicize_connections":[],"jetpack_featured_media_url":"https:\/\/algarve7.pt\/wp-content\/uploads\/2021\/07\/ENCERRAMENTO-EXERCICIO-E-SAUDE-@FILIPA-BARBUDO-EPGE-2.jpg","jetpack_shortlink":"https:\/\/wp.me\/pcezmW-2xJ","jetpack_sharing_enabled":true,"_links":{"self":[{"href":"https:\/\/algarve7.pt\/index.php\/wp-json\/wp\/v2\/posts\/9779","targetHints":{"allow":["GET"]}}],"collection":[{"href":"https:\/\/algarve7.pt\/index.php\/wp-json\/wp\/v2\/posts"}],"about":[{"href":"https:\/\/algarve7.pt\/index.php\/wp-json\/wp\/v2\/types\/post"}],"author":[{"embeddable":true,"href":"https:\/\/algarve7.pt\/index.php\/wp-json\/wp\/v2\/users\/1"}],"replies":[{"embeddable":true,"href":"https:\/\/algarve7.pt\/index.php\/wp-json\/wp\/v2\/comments?post=9779"}],"version-history":[{"count":0,"href":"https:\/\/algarve7.pt\/index.php\/wp-json\/wp\/v2\/posts\/9779\/revisions"}],"wp:featuredmedia":[{"embeddable":true,"href":"https:\/\/algarve7.pt\/index.php\/wp-json\/wp\/v2\/media\/9780"}],"wp:attachment":[{"href":"https:\/\/algarve7.pt\/index.php\/wp-json\/wp\/v2\/media?parent=9779"}],"wp:term":[{"taxonomy":"category","embeddable":true,"href":"https:\/\/algarve7.pt\/index.php\/wp-json\/wp\/v2\/categories?post=9779"},{"taxonomy":"post_tag","embeddable":true,"href":"https:\/\/algarve7.pt\/index.php\/wp-json\/wp\/v2\/tags?post=9779"}],"curies":[{"name":"wp","href":"https:\/\/api.w.org\/{rel}","templated":true}]}}