{"id":9776,"date":"2021-07-02T09:13:00","date_gmt":"2021-07-02T08:13:00","guid":{"rendered":"https:\/\/algarve7.pt\/?p=9776"},"modified":"2021-07-01T15:15:28","modified_gmt":"2021-07-01T14:15:28","slug":"assembleia-municipal-de-sao-bras-de-alportel-aprova-relatorio-de-contas","status":"publish","type":"post","link":"https:\/\/algarve7.pt\/index.php\/2021\/07\/assembleia-municipal-de-sao-bras-de-alportel-aprova-relatorio-de-contas\/economia\/09\/13\/","title":{"rendered":"Assembleia municipal de S\u00e3o Br\u00e1s de Alportel aprova relat\u00f3rio de contas"},"content":{"rendered":"\n<p>A Assembleia Municipal de S\u00e3o Br\u00e1s de Alportel aprovou esta ter\u00e7a-feira, dia 29 de junho, por maioria, o Relat\u00f3rio de Presta\u00e7\u00e3o de Contas da C\u00e2mara Municipal referente a 2020, um ano at\u00edpico que elevou o n\u00edvel de exig\u00eancia na gest\u00e3o or\u00e7amental e otimiza\u00e7\u00e3o da capacidade de resposta \u00e0s necessidades da popula\u00e7\u00e3o.<\/p>\n\n\n\n<p>Segundo Vitor Guerreiro,\u00a0<em>\u201dneste ano em particular, a pandemia fez com que tiv\u00e9ssemos de reprogramar projetos e alocar verbas consider\u00e1veis ao Fundo Municipal de Emerg\u00eancia COVID 19 com prioridades bem definidas: preven\u00e7\u00e3o e combate \u00e0 pandemia, apoio \u00e0s fam\u00edlias, \u00e0 comunidade e defesa da economia local. Um exerc\u00edcio complexo, mas executado com responsabilidade e rigor, salvaguardando sempre o equil\u00edbrio das contas p\u00fablicas e o pagamento a tempo e horas de todos os nossos compromissos\u201d.<\/em><\/p>\n\n\n\n<p>O Fundo Municipal de Emerg\u00eancia COVID 19 representou um investimento superior a 280.000,00 euros no apoio \u00e0 comunidade, combate ao desemprego, incentivo ao empreendedorismo e fomento da economia local. A reorganiza\u00e7\u00e3o dos servi\u00e7os, o refor\u00e7o de parcerias para a cria\u00e7\u00e3o de novas respostas sociais, com especial incid\u00eancia na alimenta\u00e7\u00e3o, educa\u00e7\u00e3o, habita\u00e7\u00e3o, retoma da economia e apoio ao empreendedorismo foram algumas das a\u00e7\u00f5es implementadas a fim de minimizar o impacto da pandemia no quotidiano dos s\u00e3o-brasenses.<\/p>\n\n\n\n<p>Acresce a estas despesas adicionais a redu\u00e7\u00e3o significativa nas receitas municipais, em 223.425,11 euros, correspondentes a isen\u00e7\u00f5es de taxas de ocupa\u00e7\u00e3o de bancas no Mercado municipal, espa\u00e7o p\u00fablico e publicidade, isen\u00e7\u00e3o de tarifas fixas do servi\u00e7o de \u00e1guas e saneamento e res\u00edduos s\u00f3lidos e ainda de rendas dos espa\u00e7os comerciais, entre outras verbas invalidadas pelo cancelamento de iniciativas ou servi\u00e7os por causa da pandemia.\u00a0<\/p>\n\n\n\n<p>Apesar de todos estes desafios financeiros e sociais, a C\u00e2mara Municipal prosseguiu a sua atividade com\u00a0<em>\u201cplaneamento e precis\u00e3o, conseguindo manter um grau de execu\u00e7\u00e3o or\u00e7amental de 88,3%, e a concretiza\u00e7\u00e3o de projetos estruturantes para o desenvolvimento do munic\u00edpio, com destaque para a mobilidade acess\u00edvel, qualidade ambiental e valoriza\u00e7\u00e3o tur\u00edstica do territ\u00f3rio\u201d.<\/em><\/p>\n\n\n\n<p>O Relat\u00f3rio de Presta\u00e7\u00e3o de Contas de 2020 foi supervisionado por auditor externo que emitiu a certifica\u00e7\u00e3o legal \u201csem reservas e sem \u00eanfases\u201d.<\/p>\n","protected":false},"excerpt":{"rendered":"<p>A Assembleia Municipal de S\u00e3o Br\u00e1s de Alportel aprovou esta ter\u00e7a-feira, dia 29 de junho, por maioria, o Relat\u00f3rio de<\/p>\n","protected":false},"author":1,"featured_media":9777,"comment_status":"closed","ping_status":"open","sticky":false,"template":"","format":"standard","meta":{"colormag_page_container_layout":"default_layout","colormag_page_sidebar_layout":"default_layout","_monsterinsights_skip_tracking":false,"_monsterinsights_sitenote_active":false,"_monsterinsights_sitenote_note":"","_monsterinsights_sitenote_category":0,"jetpack_post_was_ever_published":false,"_jetpack_newsletter_access":"","_jetpack_dont_email_post_to_subs":false,"_jetpack_newsletter_tier_id":0,"_jetpack_memberships_contains_paywalled_content":false,"_jetpack_memberships_contains_paid_content":false,"footnotes":"","jetpack_publicize_message":"","jetpack_publicize_feature_enabled":true,"jetpack_social_post_already_shared":true,"jetpack_social_options":{"image_generator_settings":{"template":"highway","default_image_id":0,"font":"","enabled":false},"version":2}},"categories":[151],"tags":[36,153,63],"class_list":["post-9776","post","type-post","status-publish","format-standard","has-post-thumbnail","hentry","category-economia","tag-algarve","tag-economia","tag-sao-bras-de-alportel"],"yoast_head":"<!-- This site is optimized with the Yoast SEO plugin v27.5 - https:\/\/yoast.com\/product\/yoast-seo-wordpress\/ -->\n<title>Assembleia municipal de S\u00e3o Br\u00e1s de Alportel aprova relat\u00f3rio de contas - Algarve 7<\/title>\n<meta name=\"description\" content=\"Assembleia municipal de S\u00e3o Br\u00e1s de Alportel aprova relat\u00f3rio de contas Economia\" \/>\n<meta name=\"robots\" content=\"index, follow, max-snippet:-1, max-image-preview:large, max-video-preview:-1\" \/>\n<link rel=\"canonical\" href=\"https:\/\/algarve7.pt\/index.php\/2021\/07\/assembleia-municipal-de-sao-bras-de-alportel-aprova-relatorio-de-contas\/economia\/09\/13\/\" \/>\n<meta property=\"og:locale\" content=\"pt_PT\" \/>\n<meta property=\"og:type\" content=\"article\" \/>\n<meta property=\"og:title\" content=\"Assembleia municipal de S\u00e3o Br\u00e1s de Alportel aprova relat\u00f3rio de contas - Algarve 7\" \/>\n<meta property=\"og:description\" content=\"Assembleia municipal de S\u00e3o Br\u00e1s de Alportel aprova relat\u00f3rio de contas Economia\" \/>\n<meta property=\"og:url\" content=\"https:\/\/algarve7.pt\/index.php\/2021\/07\/assembleia-municipal-de-sao-bras-de-alportel-aprova-relatorio-de-contas\/economia\/09\/13\/\" \/>\n<meta property=\"og:site_name\" content=\"Algarve 7\" \/>\n<meta property=\"article:publisher\" content=\"https:\/\/www.facebook.com\/algarve7\" \/>\n<meta property=\"article:author\" content=\"https:\/\/www.facebook.com\/algarve7\" \/>\n<meta property=\"article:published_time\" content=\"2021-07-02T08:13:00+00:00\" \/>\n<meta property=\"og:image\" content=\"https:\/\/algarve7.pt\/wp-content\/uploads\/2021\/07\/CM_SBA_r.jpg\" \/>\n\t<meta property=\"og:image:width\" content=\"1686\" \/>\n\t<meta property=\"og:image:height\" content=\"1080\" \/>\n\t<meta property=\"og:image:type\" content=\"image\/jpeg\" \/>\n<meta name=\"author\" content=\"Algarve 7\" \/>\n<meta name=\"twitter:card\" content=\"summary_large_image\" \/>\n<meta name=\"twitter:creator\" content=\"@Algarvesete\" \/>\n<meta name=\"twitter:site\" content=\"@Algarvesete\" \/>\n<meta name=\"twitter:label1\" content=\"Escrito por\" \/>\n\t<meta name=\"twitter:data1\" content=\"Algarve 7\" \/>\n\t<meta name=\"twitter:label2\" content=\"Tempo estimado de leitura\" \/>\n\t<meta name=\"twitter:data2\" content=\"2 minutos\" \/>\n<script type=\"application\/ld+json\" class=\"yoast-schema-graph\">{\"@context\":\"https:\\\/\\\/schema.org\",\"@graph\":[{\"@type\":\"Article\",\"@id\":\"https:\\\/\\\/algarve7.pt\\\/index.php\\\/2021\\\/07\\\/assembleia-municipal-de-sao-bras-de-alportel-aprova-relatorio-de-contas\\\/economia\\\/09\\\/13\\\/#article\",\"isPartOf\":{\"@id\":\"https:\\\/\\\/algarve7.pt\\\/index.php\\\/2021\\\/07\\\/assembleia-municipal-de-sao-bras-de-alportel-aprova-relatorio-de-contas\\\/economia\\\/09\\\/13\\\/\"},\"author\":{\"name\":\"Algarve 7\",\"@id\":\"https:\\\/\\\/algarve7.pt\\\/#\\\/schema\\\/person\\\/23fa70681308e7b319a3204bcea45e0c\"},\"headline\":\"Assembleia municipal de S\u00e3o Br\u00e1s de Alportel aprova relat\u00f3rio de contas\",\"datePublished\":\"2021-07-02T08:13:00+00:00\",\"mainEntityOfPage\":{\"@id\":\"https:\\\/\\\/algarve7.pt\\\/index.php\\\/2021\\\/07\\\/assembleia-municipal-de-sao-bras-de-alportel-aprova-relatorio-de-contas\\\/economia\\\/09\\\/13\\\/\"},\"wordCount\":398,\"publisher\":{\"@id\":\"https:\\\/\\\/algarve7.pt\\\/#organization\"},\"image\":{\"@id\":\"https:\\\/\\\/algarve7.pt\\\/index.php\\\/2021\\\/07\\\/assembleia-municipal-de-sao-bras-de-alportel-aprova-relatorio-de-contas\\\/economia\\\/09\\\/13\\\/#primaryimage\"},\"thumbnailUrl\":\"https:\\\/\\\/algarve7.pt\\\/wp-content\\\/uploads\\\/2021\\\/07\\\/CM_SBA_r.jpg\",\"keywords\":[\"Algarve\",\"Economia\",\"S\u00e3o Br\u00e1s de Alportel\"],\"articleSection\":[\"Economia\"],\"inLanguage\":\"pt-PT\"},{\"@type\":\"WebPage\",\"@id\":\"https:\\\/\\\/algarve7.pt\\\/index.php\\\/2021\\\/07\\\/assembleia-municipal-de-sao-bras-de-alportel-aprova-relatorio-de-contas\\\/economia\\\/09\\\/13\\\/\",\"url\":\"https:\\\/\\\/algarve7.pt\\\/index.php\\\/2021\\\/07\\\/assembleia-municipal-de-sao-bras-de-alportel-aprova-relatorio-de-contas\\\/economia\\\/09\\\/13\\\/\",\"name\":\"Assembleia municipal de S\u00e3o Br\u00e1s de Alportel aprova relat\u00f3rio de contas - Algarve 7\",\"isPartOf\":{\"@id\":\"https:\\\/\\\/algarve7.pt\\\/#website\"},\"primaryImageOfPage\":{\"@id\":\"https:\\\/\\\/algarve7.pt\\\/index.php\\\/2021\\\/07\\\/assembleia-municipal-de-sao-bras-de-alportel-aprova-relatorio-de-contas\\\/economia\\\/09\\\/13\\\/#primaryimage\"},\"image\":{\"@id\":\"https:\\\/\\\/algarve7.pt\\\/index.php\\\/2021\\\/07\\\/assembleia-municipal-de-sao-bras-de-alportel-aprova-relatorio-de-contas\\\/economia\\\/09\\\/13\\\/#primaryimage\"},\"thumbnailUrl\":\"https:\\\/\\\/algarve7.pt\\\/wp-content\\\/uploads\\\/2021\\\/07\\\/CM_SBA_r.jpg\",\"datePublished\":\"2021-07-02T08:13:00+00:00\",\"description\":\"Assembleia municipal de S\u00e3o Br\u00e1s de Alportel aprova relat\u00f3rio de contas Economia\",\"breadcrumb\":{\"@id\":\"https:\\\/\\\/algarve7.pt\\\/index.php\\\/2021\\\/07\\\/assembleia-municipal-de-sao-bras-de-alportel-aprova-relatorio-de-contas\\\/economia\\\/09\\\/13\\\/#breadcrumb\"},\"inLanguage\":\"pt-PT\",\"potentialAction\":[{\"@type\":\"ReadAction\",\"target\":[\"https:\\\/\\\/algarve7.pt\\\/index.php\\\/2021\\\/07\\\/assembleia-municipal-de-sao-bras-de-alportel-aprova-relatorio-de-contas\\\/economia\\\/09\\\/13\\\/\"]}]},{\"@type\":\"ImageObject\",\"inLanguage\":\"pt-PT\",\"@id\":\"https:\\\/\\\/algarve7.pt\\\/index.php\\\/2021\\\/07\\\/assembleia-municipal-de-sao-bras-de-alportel-aprova-relatorio-de-contas\\\/economia\\\/09\\\/13\\\/#primaryimage\",\"url\":\"https:\\\/\\\/algarve7.pt\\\/wp-content\\\/uploads\\\/2021\\\/07\\\/CM_SBA_r.jpg\",\"contentUrl\":\"https:\\\/\\\/algarve7.pt\\\/wp-content\\\/uploads\\\/2021\\\/07\\\/CM_SBA_r.jpg\",\"width\":1686,\"height\":1080},{\"@type\":\"BreadcrumbList\",\"@id\":\"https:\\\/\\\/algarve7.pt\\\/index.php\\\/2021\\\/07\\\/assembleia-municipal-de-sao-bras-de-alportel-aprova-relatorio-de-contas\\\/economia\\\/09\\\/13\\\/#breadcrumb\",\"itemListElement\":[{\"@type\":\"ListItem\",\"position\":1,\"name\":\"In\u00edcio\",\"item\":\"https:\\\/\\\/algarve7.pt\\\/\"},{\"@type\":\"ListItem\",\"position\":2,\"name\":\"Assembleia municipal de S\u00e3o Br\u00e1s de Alportel aprova relat\u00f3rio de contas\"}]},{\"@type\":\"WebSite\",\"@id\":\"https:\\\/\\\/algarve7.pt\\\/#website\",\"url\":\"https:\\\/\\\/algarve7.pt\\\/\",\"name\":\"Algarve 7\",\"description\":\"Informa\u00e7\u00e3o sobre o Algarve\",\"publisher\":{\"@id\":\"https:\\\/\\\/algarve7.pt\\\/#organization\"},\"potentialAction\":[{\"@type\":\"SearchAction\",\"target\":{\"@type\":\"EntryPoint\",\"urlTemplate\":\"https:\\\/\\\/algarve7.pt\\\/?s={search_term_string}\"},\"query-input\":{\"@type\":\"PropertyValueSpecification\",\"valueRequired\":true,\"valueName\":\"search_term_string\"}}],\"inLanguage\":\"pt-PT\"},{\"@type\":\"Organization\",\"@id\":\"https:\\\/\\\/algarve7.pt\\\/#organization\",\"name\":\"Algarve 7\",\"url\":\"https:\\\/\\\/algarve7.pt\\\/\",\"logo\":{\"@type\":\"ImageObject\",\"inLanguage\":\"pt-PT\",\"@id\":\"https:\\\/\\\/algarve7.pt\\\/#\\\/schema\\\/logo\\\/image\\\/\",\"url\":\"https:\\\/\\\/algarve7.pt\\\/wp-content\\\/uploads\\\/2020\\\/10\\\/Logo-8.jpg\",\"contentUrl\":\"https:\\\/\\\/algarve7.pt\\\/wp-content\\\/uploads\\\/2020\\\/10\\\/Logo-8.jpg\",\"width\":1680,\"height\":1186,\"caption\":\"Algarve 7\"},\"image\":{\"@id\":\"https:\\\/\\\/algarve7.pt\\\/#\\\/schema\\\/logo\\\/image\\\/\"},\"sameAs\":[\"https:\\\/\\\/www.facebook.com\\\/algarve7\",\"https:\\\/\\\/x.com\\\/Algarvesete\",\"https:\\\/\\\/www.instagram.com\\\/jornalalgarve7\\\/\",\"https:\\\/\\\/www.linkedin.com\\\/company\\\/algarve7\",\"https:\\\/\\\/www.pinterest.pt\\\/geral0939\\\/_created\\\/\"]},{\"@type\":\"Person\",\"@id\":\"https:\\\/\\\/algarve7.pt\\\/#\\\/schema\\\/person\\\/23fa70681308e7b319a3204bcea45e0c\",\"name\":\"Algarve 7\",\"sameAs\":[\"https:\\\/\\\/algarve7.pt\",\"https:\\\/\\\/www.facebook.com\\\/algarve7\"],\"url\":\"https:\\\/\\\/algarve7.pt\\\/index.php\\\/author\\\/geralalgarve7-pt\\\/\"}]}<\/script>\n<!-- \/ Yoast SEO plugin. -->","yoast_head_json":{"title":"Assembleia municipal de S\u00e3o Br\u00e1s de Alportel aprova relat\u00f3rio de contas - Algarve 7","description":"Assembleia municipal de S\u00e3o Br\u00e1s de Alportel aprova relat\u00f3rio de contas Economia","robots":{"index":"index","follow":"follow","max-snippet":"max-snippet:-1","max-image-preview":"max-image-preview:large","max-video-preview":"max-video-preview:-1"},"canonical":"https:\/\/algarve7.pt\/index.php\/2021\/07\/assembleia-municipal-de-sao-bras-de-alportel-aprova-relatorio-de-contas\/economia\/09\/13\/","og_locale":"pt_PT","og_type":"article","og_title":"Assembleia municipal de S\u00e3o Br\u00e1s de Alportel aprova relat\u00f3rio de contas - Algarve 7","og_description":"Assembleia municipal de S\u00e3o Br\u00e1s de Alportel aprova relat\u00f3rio de contas Economia","og_url":"https:\/\/algarve7.pt\/index.php\/2021\/07\/assembleia-municipal-de-sao-bras-de-alportel-aprova-relatorio-de-contas\/economia\/09\/13\/","og_site_name":"Algarve 7","article_publisher":"https:\/\/www.facebook.com\/algarve7","article_author":"https:\/\/www.facebook.com\/algarve7","article_published_time":"2021-07-02T08:13:00+00:00","og_image":[{"width":1686,"height":1080,"url":"https:\/\/algarve7.pt\/wp-content\/uploads\/2021\/07\/CM_SBA_r.jpg","type":"image\/jpeg"}],"author":"Algarve 7","twitter_card":"summary_large_image","twitter_creator":"@Algarvesete","twitter_site":"@Algarvesete","twitter_misc":{"Escrito por":"Algarve 7","Tempo estimado de leitura":"2 minutos"},"schema":{"@context":"https:\/\/schema.org","@graph":[{"@type":"Article","@id":"https:\/\/algarve7.pt\/index.php\/2021\/07\/assembleia-municipal-de-sao-bras-de-alportel-aprova-relatorio-de-contas\/economia\/09\/13\/#article","isPartOf":{"@id":"https:\/\/algarve7.pt\/index.php\/2021\/07\/assembleia-municipal-de-sao-bras-de-alportel-aprova-relatorio-de-contas\/economia\/09\/13\/"},"author":{"name":"Algarve 7","@id":"https:\/\/algarve7.pt\/#\/schema\/person\/23fa70681308e7b319a3204bcea45e0c"},"headline":"Assembleia municipal de S\u00e3o Br\u00e1s de Alportel aprova relat\u00f3rio de contas","datePublished":"2021-07-02T08:13:00+00:00","mainEntityOfPage":{"@id":"https:\/\/algarve7.pt\/index.php\/2021\/07\/assembleia-municipal-de-sao-bras-de-alportel-aprova-relatorio-de-contas\/economia\/09\/13\/"},"wordCount":398,"publisher":{"@id":"https:\/\/algarve7.pt\/#organization"},"image":{"@id":"https:\/\/algarve7.pt\/index.php\/2021\/07\/assembleia-municipal-de-sao-bras-de-alportel-aprova-relatorio-de-contas\/economia\/09\/13\/#primaryimage"},"thumbnailUrl":"https:\/\/algarve7.pt\/wp-content\/uploads\/2021\/07\/CM_SBA_r.jpg","keywords":["Algarve","Economia","S\u00e3o Br\u00e1s de Alportel"],"articleSection":["Economia"],"inLanguage":"pt-PT"},{"@type":"WebPage","@id":"https:\/\/algarve7.pt\/index.php\/2021\/07\/assembleia-municipal-de-sao-bras-de-alportel-aprova-relatorio-de-contas\/economia\/09\/13\/","url":"https:\/\/algarve7.pt\/index.php\/2021\/07\/assembleia-municipal-de-sao-bras-de-alportel-aprova-relatorio-de-contas\/economia\/09\/13\/","name":"Assembleia municipal de S\u00e3o Br\u00e1s de Alportel aprova relat\u00f3rio de contas - Algarve 7","isPartOf":{"@id":"https:\/\/algarve7.pt\/#website"},"primaryImageOfPage":{"@id":"https:\/\/algarve7.pt\/index.php\/2021\/07\/assembleia-municipal-de-sao-bras-de-alportel-aprova-relatorio-de-contas\/economia\/09\/13\/#primaryimage"},"image":{"@id":"https:\/\/algarve7.pt\/index.php\/2021\/07\/assembleia-municipal-de-sao-bras-de-alportel-aprova-relatorio-de-contas\/economia\/09\/13\/#primaryimage"},"thumbnailUrl":"https:\/\/algarve7.pt\/wp-content\/uploads\/2021\/07\/CM_SBA_r.jpg","datePublished":"2021-07-02T08:13:00+00:00","description":"Assembleia municipal de S\u00e3o Br\u00e1s de Alportel aprova relat\u00f3rio de contas Economia","breadcrumb":{"@id":"https:\/\/algarve7.pt\/index.php\/2021\/07\/assembleia-municipal-de-sao-bras-de-alportel-aprova-relatorio-de-contas\/economia\/09\/13\/#breadcrumb"},"inLanguage":"pt-PT","potentialAction":[{"@type":"ReadAction","target":["https:\/\/algarve7.pt\/index.php\/2021\/07\/assembleia-municipal-de-sao-bras-de-alportel-aprova-relatorio-de-contas\/economia\/09\/13\/"]}]},{"@type":"ImageObject","inLanguage":"pt-PT","@id":"https:\/\/algarve7.pt\/index.php\/2021\/07\/assembleia-municipal-de-sao-bras-de-alportel-aprova-relatorio-de-contas\/economia\/09\/13\/#primaryimage","url":"https:\/\/algarve7.pt\/wp-content\/uploads\/2021\/07\/CM_SBA_r.jpg","contentUrl":"https:\/\/algarve7.pt\/wp-content\/uploads\/2021\/07\/CM_SBA_r.jpg","width":1686,"height":1080},{"@type":"BreadcrumbList","@id":"https:\/\/algarve7.pt\/index.php\/2021\/07\/assembleia-municipal-de-sao-bras-de-alportel-aprova-relatorio-de-contas\/economia\/09\/13\/#breadcrumb","itemListElement":[{"@type":"ListItem","position":1,"name":"In\u00edcio","item":"https:\/\/algarve7.pt\/"},{"@type":"ListItem","position":2,"name":"Assembleia municipal de S\u00e3o Br\u00e1s de Alportel aprova relat\u00f3rio de contas"}]},{"@type":"WebSite","@id":"https:\/\/algarve7.pt\/#website","url":"https:\/\/algarve7.pt\/","name":"Algarve 7","description":"Informa\u00e7\u00e3o sobre o Algarve","publisher":{"@id":"https:\/\/algarve7.pt\/#organization"},"potentialAction":[{"@type":"SearchAction","target":{"@type":"EntryPoint","urlTemplate":"https:\/\/algarve7.pt\/?s={search_term_string}"},"query-input":{"@type":"PropertyValueSpecification","valueRequired":true,"valueName":"search_term_string"}}],"inLanguage":"pt-PT"},{"@type":"Organization","@id":"https:\/\/algarve7.pt\/#organization","name":"Algarve 7","url":"https:\/\/algarve7.pt\/","logo":{"@type":"ImageObject","inLanguage":"pt-PT","@id":"https:\/\/algarve7.pt\/#\/schema\/logo\/image\/","url":"https:\/\/algarve7.pt\/wp-content\/uploads\/2020\/10\/Logo-8.jpg","contentUrl":"https:\/\/algarve7.pt\/wp-content\/uploads\/2020\/10\/Logo-8.jpg","width":1680,"height":1186,"caption":"Algarve 7"},"image":{"@id":"https:\/\/algarve7.pt\/#\/schema\/logo\/image\/"},"sameAs":["https:\/\/www.facebook.com\/algarve7","https:\/\/x.com\/Algarvesete","https:\/\/www.instagram.com\/jornalalgarve7\/","https:\/\/www.linkedin.com\/company\/algarve7","https:\/\/www.pinterest.pt\/geral0939\/_created\/"]},{"@type":"Person","@id":"https:\/\/algarve7.pt\/#\/schema\/person\/23fa70681308e7b319a3204bcea45e0c","name":"Algarve 7","sameAs":["https:\/\/algarve7.pt","https:\/\/www.facebook.com\/algarve7"],"url":"https:\/\/algarve7.pt\/index.php\/author\/geralalgarve7-pt\/"}]}},"jetpack_publicize_connections":[],"jetpack_featured_media_url":"https:\/\/algarve7.pt\/wp-content\/uploads\/2021\/07\/CM_SBA_r.jpg","jetpack_shortlink":"https:\/\/wp.me\/pcezmW-2xG","jetpack_sharing_enabled":true,"_links":{"self":[{"href":"https:\/\/algarve7.pt\/index.php\/wp-json\/wp\/v2\/posts\/9776","targetHints":{"allow":["GET"]}}],"collection":[{"href":"https:\/\/algarve7.pt\/index.php\/wp-json\/wp\/v2\/posts"}],"about":[{"href":"https:\/\/algarve7.pt\/index.php\/wp-json\/wp\/v2\/types\/post"}],"author":[{"embeddable":true,"href":"https:\/\/algarve7.pt\/index.php\/wp-json\/wp\/v2\/users\/1"}],"replies":[{"embeddable":true,"href":"https:\/\/algarve7.pt\/index.php\/wp-json\/wp\/v2\/comments?post=9776"}],"version-history":[{"count":0,"href":"https:\/\/algarve7.pt\/index.php\/wp-json\/wp\/v2\/posts\/9776\/revisions"}],"wp:featuredmedia":[{"embeddable":true,"href":"https:\/\/algarve7.pt\/index.php\/wp-json\/wp\/v2\/media\/9777"}],"wp:attachment":[{"href":"https:\/\/algarve7.pt\/index.php\/wp-json\/wp\/v2\/media?parent=9776"}],"wp:term":[{"taxonomy":"category","embeddable":true,"href":"https:\/\/algarve7.pt\/index.php\/wp-json\/wp\/v2\/categories?post=9776"},{"taxonomy":"post_tag","embeddable":true,"href":"https:\/\/algarve7.pt\/index.php\/wp-json\/wp\/v2\/tags?post=9776"}],"curies":[{"name":"wp","href":"https:\/\/api.w.org\/{rel}","templated":true}]}}