{"id":9773,"date":"2021-07-01T20:49:00","date_gmt":"2021-07-01T19:49:00","guid":{"rendered":"https:\/\/algarve7.pt\/?p=9773"},"modified":"2021-07-01T14:51:19","modified_gmt":"2021-07-01T13:51:19","slug":"uniao-de-freguesias-de-faro-obtem-1-o-lugar-de-galardao-eco-freguesias-xxi","status":"publish","type":"post","link":"https:\/\/algarve7.pt\/index.php\/2021\/07\/uniao-de-freguesias-de-faro-obtem-1-o-lugar-de-galardao-eco-freguesias-xxi\/ambiente\/20\/49\/","title":{"rendered":"Uni\u00e3o de freguesias de faro obt\u00e9m 1.\u00ba lugar de galard\u00e3o eco-freguesias XXI"},"content":{"rendered":"\n<p>O Munic\u00edpio de Faro congratula-se com a obten\u00e7\u00e3o do 1.\u00ba lugar da Uni\u00e3o de Freguesias de Faro (S\u00e9 e S\u00e3o Pedro) no \u00e2mbito da 3.\u00aa edi\u00e7\u00e3o dos Galard\u00f5es Eco-Freguesias XXI.<\/p>\n\n\n\n<p>Com organiza\u00e7\u00e3o da Associa\u00e7\u00e3o Bandeira Azul da Europa (ABAE), a cerim\u00f3nia de entrega do Galard\u00e3o \u2013 que visa reconhecer e premiar as freguesias mais sustent\u00e1veis do Pa\u00eds \u2013 aconteceu no passado dia 21 de junho, em Pombal, com apoio do Munic\u00edpio local.<\/p>\n\n\n\n<p>De um total de 111 candidaturas, a Uni\u00e3o das Freguesias de Faro foi a que obteve a melhor classifica\u00e7\u00e3o a n\u00edvel nacional, obtendo um \u00edndice de 96,72 por cento. Ao todo, foram avaliados os 10 indicadores, tendo esta Junta de Freguesia merecido especial destaque nos Espa\u00e7os P\u00fablicos, Gest\u00e3o Ambiental, Promo\u00e7\u00e3o da Economia Local, Servi\u00e7os de Proximidade, Desenvolvimento Sociocultural, Promo\u00e7\u00e3o da Biodiversidade e Informa\u00e7\u00e3o e Participa\u00e7\u00e3o P\u00fablica.&nbsp;<\/p>\n\n\n\n<p>Este galard\u00e3o, um projeto da ABAE iniciado em 2014 \u2013 que visa trabalhar com as freguesias no sentido do desenvolvimento de eco-comunidades ou comunidades sustent\u00e1veis \u2013 foi avaliado por um j\u00fari composto por nove elementos pertencentes \u00e0 Ag\u00eancia Portuguesa do Ambiente, a ONGAS e investigadores ligados a v\u00e1rias Universidades de todo o Pa\u00eds.<\/p>\n\n\n\n<p>Ao todo, as freguesias que atingiram os objetivos m\u00ednimos estabelecidos pelo projeto, ou seja, um \u00edndice igual ou superior a 50 por cento, s\u00e3o reconhecidos como Eco-Freguesia XXI e receberem uma Bandeira Verde, como s\u00edmbolo do caminho do caminho percorrido no sentido da sustentabilidade.<\/p>\n\n\n\n<p>O Munic\u00edpio considera que este reconhecimento \u00e9 um orgulho para Faro e para os farenses, sendo o corol\u00e1rio de um conjunto de medidas que t\u00eam sido implementadas pela Uni\u00e3o das Freguesias, que muito tem feito para incrementar a qualidade de vida no nosso territ\u00f3rio, articulando dimens\u00f5es fundamentais para a sustentabilidade da nossa comunidade como o meio-ambiente, os espa\u00e7os verdes, a sustentabilidade e a prote\u00e7\u00e3o do patrim\u00f3nio e da identidade hist\u00f3rica do nosso concelho, endere\u00e7ando por isso congratula\u00e7\u00f5es ao Presidente da UF e demais membros do Executivo, bem como a todos os funcion\u00e1rios da autarquia que concorreram para a obten\u00e7\u00e3o deste \u00eaxito.<\/p>\n","protected":false},"excerpt":{"rendered":"<p>O Munic\u00edpio de Faro congratula-se com a obten\u00e7\u00e3o do 1.\u00ba lugar da Uni\u00e3o de Freguesias de Faro (S\u00e9 e S\u00e3o<\/p>\n","protected":false},"author":1,"featured_media":9774,"comment_status":"closed","ping_status":"open","sticky":false,"template":"","format":"standard","meta":{"colormag_page_container_layout":"default_layout","colormag_page_sidebar_layout":"default_layout","_monsterinsights_skip_tracking":false,"_monsterinsights_sitenote_active":false,"_monsterinsights_sitenote_note":"","_monsterinsights_sitenote_category":0,"jetpack_post_was_ever_published":false,"_jetpack_newsletter_access":"","_jetpack_dont_email_post_to_subs":false,"_jetpack_newsletter_tier_id":0,"_jetpack_memberships_contains_paywalled_content":false,"_jetpack_memberships_contains_paid_content":false,"footnotes":"","jetpack_publicize_message":"","jetpack_publicize_feature_enabled":true,"jetpack_social_post_already_shared":true,"jetpack_social_options":{"image_generator_settings":{"template":"highway","default_image_id":0,"font":"","enabled":false},"version":2}},"categories":[5],"tags":[36,32,57,80],"class_list":["post-9773","post","type-post","status-publish","format-standard","has-post-thumbnail","hentry","category-ambiente","tag-algarve","tag-ambiente","tag-faro","tag-premio"],"yoast_head":"<!-- This site is optimized with the Yoast SEO plugin v27.5 - https:\/\/yoast.com\/product\/yoast-seo-wordpress\/ -->\n<title>Uni\u00e3o de freguesias de faro obt\u00e9m 1.\u00ba lugar de galard\u00e3o eco-freguesias XXI - Algarve 7<\/title>\n<meta name=\"description\" content=\"Uni\u00e3o de freguesias de faro obt\u00e9m 1.\u00ba lugar de galard\u00e3o eco-freguesias XXI Ambiente\" \/>\n<meta name=\"robots\" content=\"index, follow, max-snippet:-1, max-image-preview:large, max-video-preview:-1\" \/>\n<link rel=\"canonical\" href=\"https:\/\/algarve7.pt\/index.php\/2021\/07\/uniao-de-freguesias-de-faro-obtem-1-o-lugar-de-galardao-eco-freguesias-xxi\/ambiente\/20\/49\/\" \/>\n<meta property=\"og:locale\" content=\"pt_PT\" \/>\n<meta property=\"og:type\" content=\"article\" \/>\n<meta property=\"og:title\" content=\"Uni\u00e3o de freguesias de faro obt\u00e9m 1.\u00ba lugar de galard\u00e3o eco-freguesias XXI - Algarve 7\" \/>\n<meta property=\"og:description\" content=\"Uni\u00e3o de freguesias de faro obt\u00e9m 1.\u00ba lugar de galard\u00e3o eco-freguesias XXI Ambiente\" \/>\n<meta property=\"og:url\" content=\"https:\/\/algarve7.pt\/index.php\/2021\/07\/uniao-de-freguesias-de-faro-obtem-1-o-lugar-de-galardao-eco-freguesias-xxi\/ambiente\/20\/49\/\" \/>\n<meta property=\"og:site_name\" content=\"Algarve 7\" \/>\n<meta property=\"article:publisher\" content=\"https:\/\/www.facebook.com\/algarve7\" \/>\n<meta property=\"article:author\" content=\"https:\/\/www.facebook.com\/algarve7\" \/>\n<meta property=\"article:published_time\" content=\"2021-07-01T19:49:00+00:00\" \/>\n<meta property=\"og:image\" content=\"https:\/\/algarve7.pt\/wp-content\/uploads\/2021\/07\/21.06.29-ECOFREGUESIA.jpg\" \/>\n\t<meta property=\"og:image:width\" content=\"1280\" \/>\n\t<meta property=\"og:image:height\" content=\"960\" \/>\n\t<meta property=\"og:image:type\" content=\"image\/jpeg\" \/>\n<meta name=\"author\" content=\"Algarve 7\" \/>\n<meta name=\"twitter:card\" content=\"summary_large_image\" \/>\n<meta name=\"twitter:creator\" content=\"@Algarvesete\" \/>\n<meta name=\"twitter:site\" content=\"@Algarvesete\" \/>\n<meta name=\"twitter:label1\" content=\"Escrito por\" \/>\n\t<meta name=\"twitter:data1\" content=\"Algarve 7\" \/>\n\t<meta name=\"twitter:label2\" content=\"Tempo estimado de leitura\" \/>\n\t<meta name=\"twitter:data2\" content=\"2 minutos\" \/>\n<script type=\"application\/ld+json\" class=\"yoast-schema-graph\">{\"@context\":\"https:\\\/\\\/schema.org\",\"@graph\":[{\"@type\":\"Article\",\"@id\":\"https:\\\/\\\/algarve7.pt\\\/index.php\\\/2021\\\/07\\\/uniao-de-freguesias-de-faro-obtem-1-o-lugar-de-galardao-eco-freguesias-xxi\\\/ambiente\\\/20\\\/49\\\/#article\",\"isPartOf\":{\"@id\":\"https:\\\/\\\/algarve7.pt\\\/index.php\\\/2021\\\/07\\\/uniao-de-freguesias-de-faro-obtem-1-o-lugar-de-galardao-eco-freguesias-xxi\\\/ambiente\\\/20\\\/49\\\/\"},\"author\":{\"name\":\"Algarve 7\",\"@id\":\"https:\\\/\\\/algarve7.pt\\\/#\\\/schema\\\/person\\\/23fa70681308e7b319a3204bcea45e0c\"},\"headline\":\"Uni\u00e3o de freguesias de faro obt\u00e9m 1.\u00ba lugar de galard\u00e3o eco-freguesias XXI\",\"datePublished\":\"2021-07-01T19:49:00+00:00\",\"mainEntityOfPage\":{\"@id\":\"https:\\\/\\\/algarve7.pt\\\/index.php\\\/2021\\\/07\\\/uniao-de-freguesias-de-faro-obtem-1-o-lugar-de-galardao-eco-freguesias-xxi\\\/ambiente\\\/20\\\/49\\\/\"},\"wordCount\":385,\"publisher\":{\"@id\":\"https:\\\/\\\/algarve7.pt\\\/#organization\"},\"image\":{\"@id\":\"https:\\\/\\\/algarve7.pt\\\/index.php\\\/2021\\\/07\\\/uniao-de-freguesias-de-faro-obtem-1-o-lugar-de-galardao-eco-freguesias-xxi\\\/ambiente\\\/20\\\/49\\\/#primaryimage\"},\"thumbnailUrl\":\"https:\\\/\\\/algarve7.pt\\\/wp-content\\\/uploads\\\/2021\\\/07\\\/21.06.29-ECOFREGUESIA.jpg\",\"keywords\":[\"Algarve\",\"Ambiente\",\"Faro\",\"Pr\u00e9mio\"],\"articleSection\":[\"Ambiente\"],\"inLanguage\":\"pt-PT\"},{\"@type\":\"WebPage\",\"@id\":\"https:\\\/\\\/algarve7.pt\\\/index.php\\\/2021\\\/07\\\/uniao-de-freguesias-de-faro-obtem-1-o-lugar-de-galardao-eco-freguesias-xxi\\\/ambiente\\\/20\\\/49\\\/\",\"url\":\"https:\\\/\\\/algarve7.pt\\\/index.php\\\/2021\\\/07\\\/uniao-de-freguesias-de-faro-obtem-1-o-lugar-de-galardao-eco-freguesias-xxi\\\/ambiente\\\/20\\\/49\\\/\",\"name\":\"Uni\u00e3o de freguesias de faro obt\u00e9m 1.\u00ba lugar de galard\u00e3o eco-freguesias XXI - Algarve 7\",\"isPartOf\":{\"@id\":\"https:\\\/\\\/algarve7.pt\\\/#website\"},\"primaryImageOfPage\":{\"@id\":\"https:\\\/\\\/algarve7.pt\\\/index.php\\\/2021\\\/07\\\/uniao-de-freguesias-de-faro-obtem-1-o-lugar-de-galardao-eco-freguesias-xxi\\\/ambiente\\\/20\\\/49\\\/#primaryimage\"},\"image\":{\"@id\":\"https:\\\/\\\/algarve7.pt\\\/index.php\\\/2021\\\/07\\\/uniao-de-freguesias-de-faro-obtem-1-o-lugar-de-galardao-eco-freguesias-xxi\\\/ambiente\\\/20\\\/49\\\/#primaryimage\"},\"thumbnailUrl\":\"https:\\\/\\\/algarve7.pt\\\/wp-content\\\/uploads\\\/2021\\\/07\\\/21.06.29-ECOFREGUESIA.jpg\",\"datePublished\":\"2021-07-01T19:49:00+00:00\",\"description\":\"Uni\u00e3o de freguesias de faro obt\u00e9m 1.\u00ba lugar de galard\u00e3o eco-freguesias XXI Ambiente\",\"breadcrumb\":{\"@id\":\"https:\\\/\\\/algarve7.pt\\\/index.php\\\/2021\\\/07\\\/uniao-de-freguesias-de-faro-obtem-1-o-lugar-de-galardao-eco-freguesias-xxi\\\/ambiente\\\/20\\\/49\\\/#breadcrumb\"},\"inLanguage\":\"pt-PT\",\"potentialAction\":[{\"@type\":\"ReadAction\",\"target\":[\"https:\\\/\\\/algarve7.pt\\\/index.php\\\/2021\\\/07\\\/uniao-de-freguesias-de-faro-obtem-1-o-lugar-de-galardao-eco-freguesias-xxi\\\/ambiente\\\/20\\\/49\\\/\"]}]},{\"@type\":\"ImageObject\",\"inLanguage\":\"pt-PT\",\"@id\":\"https:\\\/\\\/algarve7.pt\\\/index.php\\\/2021\\\/07\\\/uniao-de-freguesias-de-faro-obtem-1-o-lugar-de-galardao-eco-freguesias-xxi\\\/ambiente\\\/20\\\/49\\\/#primaryimage\",\"url\":\"https:\\\/\\\/algarve7.pt\\\/wp-content\\\/uploads\\\/2021\\\/07\\\/21.06.29-ECOFREGUESIA.jpg\",\"contentUrl\":\"https:\\\/\\\/algarve7.pt\\\/wp-content\\\/uploads\\\/2021\\\/07\\\/21.06.29-ECOFREGUESIA.jpg\",\"width\":1280,\"height\":960},{\"@type\":\"BreadcrumbList\",\"@id\":\"https:\\\/\\\/algarve7.pt\\\/index.php\\\/2021\\\/07\\\/uniao-de-freguesias-de-faro-obtem-1-o-lugar-de-galardao-eco-freguesias-xxi\\\/ambiente\\\/20\\\/49\\\/#breadcrumb\",\"itemListElement\":[{\"@type\":\"ListItem\",\"position\":1,\"name\":\"In\u00edcio\",\"item\":\"https:\\\/\\\/algarve7.pt\\\/\"},{\"@type\":\"ListItem\",\"position\":2,\"name\":\"Uni\u00e3o de freguesias de faro obt\u00e9m 1.\u00ba lugar de galard\u00e3o eco-freguesias XXI\"}]},{\"@type\":\"WebSite\",\"@id\":\"https:\\\/\\\/algarve7.pt\\\/#website\",\"url\":\"https:\\\/\\\/algarve7.pt\\\/\",\"name\":\"Algarve 7\",\"description\":\"Informa\u00e7\u00e3o sobre o Algarve\",\"publisher\":{\"@id\":\"https:\\\/\\\/algarve7.pt\\\/#organization\"},\"potentialAction\":[{\"@type\":\"SearchAction\",\"target\":{\"@type\":\"EntryPoint\",\"urlTemplate\":\"https:\\\/\\\/algarve7.pt\\\/?s={search_term_string}\"},\"query-input\":{\"@type\":\"PropertyValueSpecification\",\"valueRequired\":true,\"valueName\":\"search_term_string\"}}],\"inLanguage\":\"pt-PT\"},{\"@type\":\"Organization\",\"@id\":\"https:\\\/\\\/algarve7.pt\\\/#organization\",\"name\":\"Algarve 7\",\"url\":\"https:\\\/\\\/algarve7.pt\\\/\",\"logo\":{\"@type\":\"ImageObject\",\"inLanguage\":\"pt-PT\",\"@id\":\"https:\\\/\\\/algarve7.pt\\\/#\\\/schema\\\/logo\\\/image\\\/\",\"url\":\"https:\\\/\\\/algarve7.pt\\\/wp-content\\\/uploads\\\/2020\\\/10\\\/Logo-8.jpg\",\"contentUrl\":\"https:\\\/\\\/algarve7.pt\\\/wp-content\\\/uploads\\\/2020\\\/10\\\/Logo-8.jpg\",\"width\":1680,\"height\":1186,\"caption\":\"Algarve 7\"},\"image\":{\"@id\":\"https:\\\/\\\/algarve7.pt\\\/#\\\/schema\\\/logo\\\/image\\\/\"},\"sameAs\":[\"https:\\\/\\\/www.facebook.com\\\/algarve7\",\"https:\\\/\\\/x.com\\\/Algarvesete\",\"https:\\\/\\\/www.instagram.com\\\/jornalalgarve7\\\/\",\"https:\\\/\\\/www.linkedin.com\\\/company\\\/algarve7\",\"https:\\\/\\\/www.pinterest.pt\\\/geral0939\\\/_created\\\/\"]},{\"@type\":\"Person\",\"@id\":\"https:\\\/\\\/algarve7.pt\\\/#\\\/schema\\\/person\\\/23fa70681308e7b319a3204bcea45e0c\",\"name\":\"Algarve 7\",\"sameAs\":[\"https:\\\/\\\/algarve7.pt\",\"https:\\\/\\\/www.facebook.com\\\/algarve7\"],\"url\":\"https:\\\/\\\/algarve7.pt\\\/index.php\\\/author\\\/geralalgarve7-pt\\\/\"}]}<\/script>\n<!-- \/ Yoast SEO plugin. -->","yoast_head_json":{"title":"Uni\u00e3o de freguesias de faro obt\u00e9m 1.\u00ba lugar de galard\u00e3o eco-freguesias XXI - Algarve 7","description":"Uni\u00e3o de freguesias de faro obt\u00e9m 1.\u00ba lugar de galard\u00e3o eco-freguesias XXI Ambiente","robots":{"index":"index","follow":"follow","max-snippet":"max-snippet:-1","max-image-preview":"max-image-preview:large","max-video-preview":"max-video-preview:-1"},"canonical":"https:\/\/algarve7.pt\/index.php\/2021\/07\/uniao-de-freguesias-de-faro-obtem-1-o-lugar-de-galardao-eco-freguesias-xxi\/ambiente\/20\/49\/","og_locale":"pt_PT","og_type":"article","og_title":"Uni\u00e3o de freguesias de faro obt\u00e9m 1.\u00ba lugar de galard\u00e3o eco-freguesias XXI - Algarve 7","og_description":"Uni\u00e3o de freguesias de faro obt\u00e9m 1.\u00ba lugar de galard\u00e3o eco-freguesias XXI Ambiente","og_url":"https:\/\/algarve7.pt\/index.php\/2021\/07\/uniao-de-freguesias-de-faro-obtem-1-o-lugar-de-galardao-eco-freguesias-xxi\/ambiente\/20\/49\/","og_site_name":"Algarve 7","article_publisher":"https:\/\/www.facebook.com\/algarve7","article_author":"https:\/\/www.facebook.com\/algarve7","article_published_time":"2021-07-01T19:49:00+00:00","og_image":[{"width":1280,"height":960,"url":"https:\/\/algarve7.pt\/wp-content\/uploads\/2021\/07\/21.06.29-ECOFREGUESIA.jpg","type":"image\/jpeg"}],"author":"Algarve 7","twitter_card":"summary_large_image","twitter_creator":"@Algarvesete","twitter_site":"@Algarvesete","twitter_misc":{"Escrito por":"Algarve 7","Tempo estimado de leitura":"2 minutos"},"schema":{"@context":"https:\/\/schema.org","@graph":[{"@type":"Article","@id":"https:\/\/algarve7.pt\/index.php\/2021\/07\/uniao-de-freguesias-de-faro-obtem-1-o-lugar-de-galardao-eco-freguesias-xxi\/ambiente\/20\/49\/#article","isPartOf":{"@id":"https:\/\/algarve7.pt\/index.php\/2021\/07\/uniao-de-freguesias-de-faro-obtem-1-o-lugar-de-galardao-eco-freguesias-xxi\/ambiente\/20\/49\/"},"author":{"name":"Algarve 7","@id":"https:\/\/algarve7.pt\/#\/schema\/person\/23fa70681308e7b319a3204bcea45e0c"},"headline":"Uni\u00e3o de freguesias de faro obt\u00e9m 1.\u00ba lugar de galard\u00e3o eco-freguesias XXI","datePublished":"2021-07-01T19:49:00+00:00","mainEntityOfPage":{"@id":"https:\/\/algarve7.pt\/index.php\/2021\/07\/uniao-de-freguesias-de-faro-obtem-1-o-lugar-de-galardao-eco-freguesias-xxi\/ambiente\/20\/49\/"},"wordCount":385,"publisher":{"@id":"https:\/\/algarve7.pt\/#organization"},"image":{"@id":"https:\/\/algarve7.pt\/index.php\/2021\/07\/uniao-de-freguesias-de-faro-obtem-1-o-lugar-de-galardao-eco-freguesias-xxi\/ambiente\/20\/49\/#primaryimage"},"thumbnailUrl":"https:\/\/algarve7.pt\/wp-content\/uploads\/2021\/07\/21.06.29-ECOFREGUESIA.jpg","keywords":["Algarve","Ambiente","Faro","Pr\u00e9mio"],"articleSection":["Ambiente"],"inLanguage":"pt-PT"},{"@type":"WebPage","@id":"https:\/\/algarve7.pt\/index.php\/2021\/07\/uniao-de-freguesias-de-faro-obtem-1-o-lugar-de-galardao-eco-freguesias-xxi\/ambiente\/20\/49\/","url":"https:\/\/algarve7.pt\/index.php\/2021\/07\/uniao-de-freguesias-de-faro-obtem-1-o-lugar-de-galardao-eco-freguesias-xxi\/ambiente\/20\/49\/","name":"Uni\u00e3o de freguesias de faro obt\u00e9m 1.\u00ba lugar de galard\u00e3o eco-freguesias XXI - Algarve 7","isPartOf":{"@id":"https:\/\/algarve7.pt\/#website"},"primaryImageOfPage":{"@id":"https:\/\/algarve7.pt\/index.php\/2021\/07\/uniao-de-freguesias-de-faro-obtem-1-o-lugar-de-galardao-eco-freguesias-xxi\/ambiente\/20\/49\/#primaryimage"},"image":{"@id":"https:\/\/algarve7.pt\/index.php\/2021\/07\/uniao-de-freguesias-de-faro-obtem-1-o-lugar-de-galardao-eco-freguesias-xxi\/ambiente\/20\/49\/#primaryimage"},"thumbnailUrl":"https:\/\/algarve7.pt\/wp-content\/uploads\/2021\/07\/21.06.29-ECOFREGUESIA.jpg","datePublished":"2021-07-01T19:49:00+00:00","description":"Uni\u00e3o de freguesias de faro obt\u00e9m 1.\u00ba lugar de galard\u00e3o eco-freguesias XXI Ambiente","breadcrumb":{"@id":"https:\/\/algarve7.pt\/index.php\/2021\/07\/uniao-de-freguesias-de-faro-obtem-1-o-lugar-de-galardao-eco-freguesias-xxi\/ambiente\/20\/49\/#breadcrumb"},"inLanguage":"pt-PT","potentialAction":[{"@type":"ReadAction","target":["https:\/\/algarve7.pt\/index.php\/2021\/07\/uniao-de-freguesias-de-faro-obtem-1-o-lugar-de-galardao-eco-freguesias-xxi\/ambiente\/20\/49\/"]}]},{"@type":"ImageObject","inLanguage":"pt-PT","@id":"https:\/\/algarve7.pt\/index.php\/2021\/07\/uniao-de-freguesias-de-faro-obtem-1-o-lugar-de-galardao-eco-freguesias-xxi\/ambiente\/20\/49\/#primaryimage","url":"https:\/\/algarve7.pt\/wp-content\/uploads\/2021\/07\/21.06.29-ECOFREGUESIA.jpg","contentUrl":"https:\/\/algarve7.pt\/wp-content\/uploads\/2021\/07\/21.06.29-ECOFREGUESIA.jpg","width":1280,"height":960},{"@type":"BreadcrumbList","@id":"https:\/\/algarve7.pt\/index.php\/2021\/07\/uniao-de-freguesias-de-faro-obtem-1-o-lugar-de-galardao-eco-freguesias-xxi\/ambiente\/20\/49\/#breadcrumb","itemListElement":[{"@type":"ListItem","position":1,"name":"In\u00edcio","item":"https:\/\/algarve7.pt\/"},{"@type":"ListItem","position":2,"name":"Uni\u00e3o de freguesias de faro obt\u00e9m 1.\u00ba lugar de galard\u00e3o eco-freguesias XXI"}]},{"@type":"WebSite","@id":"https:\/\/algarve7.pt\/#website","url":"https:\/\/algarve7.pt\/","name":"Algarve 7","description":"Informa\u00e7\u00e3o sobre o Algarve","publisher":{"@id":"https:\/\/algarve7.pt\/#organization"},"potentialAction":[{"@type":"SearchAction","target":{"@type":"EntryPoint","urlTemplate":"https:\/\/algarve7.pt\/?s={search_term_string}"},"query-input":{"@type":"PropertyValueSpecification","valueRequired":true,"valueName":"search_term_string"}}],"inLanguage":"pt-PT"},{"@type":"Organization","@id":"https:\/\/algarve7.pt\/#organization","name":"Algarve 7","url":"https:\/\/algarve7.pt\/","logo":{"@type":"ImageObject","inLanguage":"pt-PT","@id":"https:\/\/algarve7.pt\/#\/schema\/logo\/image\/","url":"https:\/\/algarve7.pt\/wp-content\/uploads\/2020\/10\/Logo-8.jpg","contentUrl":"https:\/\/algarve7.pt\/wp-content\/uploads\/2020\/10\/Logo-8.jpg","width":1680,"height":1186,"caption":"Algarve 7"},"image":{"@id":"https:\/\/algarve7.pt\/#\/schema\/logo\/image\/"},"sameAs":["https:\/\/www.facebook.com\/algarve7","https:\/\/x.com\/Algarvesete","https:\/\/www.instagram.com\/jornalalgarve7\/","https:\/\/www.linkedin.com\/company\/algarve7","https:\/\/www.pinterest.pt\/geral0939\/_created\/"]},{"@type":"Person","@id":"https:\/\/algarve7.pt\/#\/schema\/person\/23fa70681308e7b319a3204bcea45e0c","name":"Algarve 7","sameAs":["https:\/\/algarve7.pt","https:\/\/www.facebook.com\/algarve7"],"url":"https:\/\/algarve7.pt\/index.php\/author\/geralalgarve7-pt\/"}]}},"jetpack_publicize_connections":[],"jetpack_featured_media_url":"https:\/\/algarve7.pt\/wp-content\/uploads\/2021\/07\/21.06.29-ECOFREGUESIA.jpg","jetpack_shortlink":"https:\/\/wp.me\/pcezmW-2xD","jetpack_sharing_enabled":true,"_links":{"self":[{"href":"https:\/\/algarve7.pt\/index.php\/wp-json\/wp\/v2\/posts\/9773","targetHints":{"allow":["GET"]}}],"collection":[{"href":"https:\/\/algarve7.pt\/index.php\/wp-json\/wp\/v2\/posts"}],"about":[{"href":"https:\/\/algarve7.pt\/index.php\/wp-json\/wp\/v2\/types\/post"}],"author":[{"embeddable":true,"href":"https:\/\/algarve7.pt\/index.php\/wp-json\/wp\/v2\/users\/1"}],"replies":[{"embeddable":true,"href":"https:\/\/algarve7.pt\/index.php\/wp-json\/wp\/v2\/comments?post=9773"}],"version-history":[{"count":0,"href":"https:\/\/algarve7.pt\/index.php\/wp-json\/wp\/v2\/posts\/9773\/revisions"}],"wp:featuredmedia":[{"embeddable":true,"href":"https:\/\/algarve7.pt\/index.php\/wp-json\/wp\/v2\/media\/9774"}],"wp:attachment":[{"href":"https:\/\/algarve7.pt\/index.php\/wp-json\/wp\/v2\/media?parent=9773"}],"wp:term":[{"taxonomy":"category","embeddable":true,"href":"https:\/\/algarve7.pt\/index.php\/wp-json\/wp\/v2\/categories?post=9773"},{"taxonomy":"post_tag","embeddable":true,"href":"https:\/\/algarve7.pt\/index.php\/wp-json\/wp\/v2\/tags?post=9773"}],"curies":[{"name":"wp","href":"https:\/\/api.w.org\/{rel}","templated":true}]}}