{"id":9753,"date":"2021-07-01T11:00:00","date_gmt":"2021-07-01T10:00:00","guid":{"rendered":"https:\/\/algarve7.pt\/?p=9753"},"modified":"2021-07-01T10:15:05","modified_gmt":"2021-07-01T09:15:05","slug":"aljezur-prisao-preventiva-por-trafico-de-cerca-de-duas-toneladas-de-estupefacientes","status":"publish","type":"post","link":"https:\/\/algarve7.pt\/index.php\/2021\/07\/aljezur-prisao-preventiva-por-trafico-de-cerca-de-duas-toneladas-de-estupefacientes\/atualidade\/11\/00\/","title":{"rendered":"Aljezur pris\u00e3o preventiva por tr\u00e1fico de cerca de duas toneladas de estupefacientes"},"content":{"rendered":"\n<p>A Unidade de Controlo Costeiro, atrav\u00e9s do Subdestacamento de Controlo Costeiro de Aljezur, no dia&nbsp;28&nbsp;de&nbsp;junho,&nbsp;deteve em flagrante quatro homens,&nbsp;com idades compreendidas entre os 27 e os 40 anos,&nbsp;por tr\u00e1fico de estupefacientes, no concelho de Aljezur.<\/p>\n\n\n\n<p>Na sequ\u00eancia de uma den\u00fancia de desembarque de produto estupefaciente, os militares da Guarda deslocaram-se de imediato para o local, tendo abordado e detido os quatro suspeitos em flagrante.&nbsp;No decorrer das dilig\u00eancias policiais, foram apreendidos&nbsp;1&nbsp;944,65 quilos de haxixe (distribu\u00eddos em 53 fardos), 3&nbsp;000&nbsp;litros de gasolina armazenados em 153 jerric\u00e3s, uma arma de fogo vulgarmente conhecida como \u201c<em>kalashnikov<\/em>\u201d&nbsp;e tr\u00eas viaturas, tudo num&nbsp;valor estimado de cerca de&nbsp;dois milh\u00f5es de euros.<\/p>\n\n\n\n<p>No decorrer da a\u00e7\u00e3o foram tamb\u00e9m identificados e constitu\u00eddos arguidos oito indiv\u00edduos suspeitos de estarem envolvidos na a\u00e7\u00e3o.<\/p>\n\n\n\n<p>Os detidos foram presentes ao Tribunal Judicial de Portim\u00e3o, tendo sido aplicada a medida de coa\u00e7\u00e3o de pris\u00e3o preventiva aos quatro.<\/p>\n","protected":false},"excerpt":{"rendered":"<p>A Unidade de Controlo Costeiro, atrav\u00e9s do Subdestacamento de Controlo Costeiro de Aljezur, no dia&nbsp;28&nbsp;de&nbsp;junho,&nbsp;deteve em flagrante quatro homens,&nbsp;com idades<\/p>\n","protected":false},"author":1,"featured_media":9754,"comment_status":"closed","ping_status":"open","sticky":false,"template":"","format":"standard","meta":{"colormag_page_container_layout":"default_layout","colormag_page_sidebar_layout":"default_layout","_monsterinsights_skip_tracking":false,"_monsterinsights_sitenote_active":false,"_monsterinsights_sitenote_note":"","_monsterinsights_sitenote_category":0,"jetpack_post_was_ever_published":false,"_jetpack_newsletter_access":"","_jetpack_dont_email_post_to_subs":false,"_jetpack_newsletter_tier_id":0,"_jetpack_memberships_contains_paywalled_content":false,"_jetpack_memberships_contains_paid_content":false,"footnotes":"","jetpack_publicize_message":"","jetpack_publicize_feature_enabled":true,"jetpack_social_post_already_shared":true,"jetpack_social_options":{"image_generator_settings":{"template":"highway","default_image_id":0,"font":"","enabled":false},"version":2}},"categories":[11],"tags":[36,73,62,140],"class_list":["post-9753","post","type-post","status-publish","format-standard","has-post-thumbnail","hentry","category-atualidade","tag-algarve","tag-aljezur","tag-atualidade","tag-gnr"],"yoast_head":"<!-- This site is optimized with the Yoast SEO plugin v27.4 - https:\/\/yoast.com\/product\/yoast-seo-wordpress\/ -->\n<title>Aljezur pris\u00e3o preventiva por tr\u00e1fico de cerca de duas toneladas de estupefacientes - Algarve 7<\/title>\n<meta name=\"description\" content=\"Aljezur pris\u00e3o preventiva por tr\u00e1fico de cerca de duas toneladas de estupefacientes Atualidade\" \/>\n<meta name=\"robots\" content=\"index, follow, max-snippet:-1, max-image-preview:large, max-video-preview:-1\" \/>\n<link rel=\"canonical\" href=\"https:\/\/algarve7.pt\/index.php\/2021\/07\/aljezur-prisao-preventiva-por-trafico-de-cerca-de-duas-toneladas-de-estupefacientes\/atualidade\/11\/00\/\" \/>\n<meta property=\"og:locale\" content=\"pt_PT\" \/>\n<meta property=\"og:type\" content=\"article\" \/>\n<meta property=\"og:title\" content=\"Aljezur pris\u00e3o preventiva por tr\u00e1fico de cerca de duas toneladas de estupefacientes - Algarve 7\" \/>\n<meta property=\"og:description\" content=\"Aljezur pris\u00e3o preventiva por tr\u00e1fico de cerca de duas toneladas de estupefacientes Atualidade\" \/>\n<meta property=\"og:url\" content=\"https:\/\/algarve7.pt\/index.php\/2021\/07\/aljezur-prisao-preventiva-por-trafico-de-cerca-de-duas-toneladas-de-estupefacientes\/atualidade\/11\/00\/\" \/>\n<meta property=\"og:site_name\" content=\"Algarve 7\" \/>\n<meta property=\"article:publisher\" content=\"https:\/\/www.facebook.com\/algarve7\" \/>\n<meta property=\"article:author\" content=\"https:\/\/www.facebook.com\/algarve7\" \/>\n<meta property=\"article:published_time\" content=\"2021-07-01T10:00:00+00:00\" \/>\n<meta property=\"og:image\" content=\"https:\/\/algarve7.pt\/wp-content\/uploads\/2021\/07\/GNR-UCC-Apreensao_1.jpg\" \/>\n\t<meta property=\"og:image:width\" content=\"1374\" \/>\n\t<meta property=\"og:image:height\" content=\"539\" \/>\n\t<meta property=\"og:image:type\" content=\"image\/jpeg\" \/>\n<meta name=\"author\" content=\"Algarve 7\" \/>\n<meta name=\"twitter:card\" content=\"summary_large_image\" \/>\n<meta name=\"twitter:creator\" content=\"@Algarvesete\" \/>\n<meta name=\"twitter:site\" content=\"@Algarvesete\" \/>\n<meta name=\"twitter:label1\" content=\"Escrito por\" \/>\n\t<meta name=\"twitter:data1\" content=\"Algarve 7\" \/>\n\t<meta name=\"twitter:label2\" content=\"Tempo estimado de leitura\" \/>\n\t<meta name=\"twitter:data2\" content=\"1 minuto\" \/>\n<script type=\"application\/ld+json\" class=\"yoast-schema-graph\">{\"@context\":\"https:\\\/\\\/schema.org\",\"@graph\":[{\"@type\":\"Article\",\"@id\":\"https:\\\/\\\/algarve7.pt\\\/index.php\\\/2021\\\/07\\\/aljezur-prisao-preventiva-por-trafico-de-cerca-de-duas-toneladas-de-estupefacientes\\\/atualidade\\\/11\\\/00\\\/#article\",\"isPartOf\":{\"@id\":\"https:\\\/\\\/algarve7.pt\\\/index.php\\\/2021\\\/07\\\/aljezur-prisao-preventiva-por-trafico-de-cerca-de-duas-toneladas-de-estupefacientes\\\/atualidade\\\/11\\\/00\\\/\"},\"author\":{\"name\":\"Algarve 7\",\"@id\":\"https:\\\/\\\/algarve7.pt\\\/#\\\/schema\\\/person\\\/23fa70681308e7b319a3204bcea45e0c\"},\"headline\":\"Aljezur pris\u00e3o preventiva por tr\u00e1fico de cerca de duas toneladas de estupefacientes\",\"datePublished\":\"2021-07-01T10:00:00+00:00\",\"mainEntityOfPage\":{\"@id\":\"https:\\\/\\\/algarve7.pt\\\/index.php\\\/2021\\\/07\\\/aljezur-prisao-preventiva-por-trafico-de-cerca-de-duas-toneladas-de-estupefacientes\\\/atualidade\\\/11\\\/00\\\/\"},\"wordCount\":192,\"publisher\":{\"@id\":\"https:\\\/\\\/algarve7.pt\\\/#organization\"},\"image\":{\"@id\":\"https:\\\/\\\/algarve7.pt\\\/index.php\\\/2021\\\/07\\\/aljezur-prisao-preventiva-por-trafico-de-cerca-de-duas-toneladas-de-estupefacientes\\\/atualidade\\\/11\\\/00\\\/#primaryimage\"},\"thumbnailUrl\":\"https:\\\/\\\/algarve7.pt\\\/wp-content\\\/uploads\\\/2021\\\/07\\\/GNR-UCC-Apreensao_1.jpg\",\"keywords\":[\"Algarve\",\"Aljezur\",\"Atualidade\",\"GNR\"],\"articleSection\":[\"Atualidade\"],\"inLanguage\":\"pt-PT\"},{\"@type\":\"WebPage\",\"@id\":\"https:\\\/\\\/algarve7.pt\\\/index.php\\\/2021\\\/07\\\/aljezur-prisao-preventiva-por-trafico-de-cerca-de-duas-toneladas-de-estupefacientes\\\/atualidade\\\/11\\\/00\\\/\",\"url\":\"https:\\\/\\\/algarve7.pt\\\/index.php\\\/2021\\\/07\\\/aljezur-prisao-preventiva-por-trafico-de-cerca-de-duas-toneladas-de-estupefacientes\\\/atualidade\\\/11\\\/00\\\/\",\"name\":\"Aljezur pris\u00e3o preventiva por tr\u00e1fico de cerca de duas toneladas de estupefacientes - Algarve 7\",\"isPartOf\":{\"@id\":\"https:\\\/\\\/algarve7.pt\\\/#website\"},\"primaryImageOfPage\":{\"@id\":\"https:\\\/\\\/algarve7.pt\\\/index.php\\\/2021\\\/07\\\/aljezur-prisao-preventiva-por-trafico-de-cerca-de-duas-toneladas-de-estupefacientes\\\/atualidade\\\/11\\\/00\\\/#primaryimage\"},\"image\":{\"@id\":\"https:\\\/\\\/algarve7.pt\\\/index.php\\\/2021\\\/07\\\/aljezur-prisao-preventiva-por-trafico-de-cerca-de-duas-toneladas-de-estupefacientes\\\/atualidade\\\/11\\\/00\\\/#primaryimage\"},\"thumbnailUrl\":\"https:\\\/\\\/algarve7.pt\\\/wp-content\\\/uploads\\\/2021\\\/07\\\/GNR-UCC-Apreensao_1.jpg\",\"datePublished\":\"2021-07-01T10:00:00+00:00\",\"description\":\"Aljezur pris\u00e3o preventiva por tr\u00e1fico de cerca de duas toneladas de estupefacientes Atualidade\",\"breadcrumb\":{\"@id\":\"https:\\\/\\\/algarve7.pt\\\/index.php\\\/2021\\\/07\\\/aljezur-prisao-preventiva-por-trafico-de-cerca-de-duas-toneladas-de-estupefacientes\\\/atualidade\\\/11\\\/00\\\/#breadcrumb\"},\"inLanguage\":\"pt-PT\",\"potentialAction\":[{\"@type\":\"ReadAction\",\"target\":[\"https:\\\/\\\/algarve7.pt\\\/index.php\\\/2021\\\/07\\\/aljezur-prisao-preventiva-por-trafico-de-cerca-de-duas-toneladas-de-estupefacientes\\\/atualidade\\\/11\\\/00\\\/\"]}]},{\"@type\":\"ImageObject\",\"inLanguage\":\"pt-PT\",\"@id\":\"https:\\\/\\\/algarve7.pt\\\/index.php\\\/2021\\\/07\\\/aljezur-prisao-preventiva-por-trafico-de-cerca-de-duas-toneladas-de-estupefacientes\\\/atualidade\\\/11\\\/00\\\/#primaryimage\",\"url\":\"https:\\\/\\\/algarve7.pt\\\/wp-content\\\/uploads\\\/2021\\\/07\\\/GNR-UCC-Apreensao_1.jpg\",\"contentUrl\":\"https:\\\/\\\/algarve7.pt\\\/wp-content\\\/uploads\\\/2021\\\/07\\\/GNR-UCC-Apreensao_1.jpg\",\"width\":1374,\"height\":539},{\"@type\":\"BreadcrumbList\",\"@id\":\"https:\\\/\\\/algarve7.pt\\\/index.php\\\/2021\\\/07\\\/aljezur-prisao-preventiva-por-trafico-de-cerca-de-duas-toneladas-de-estupefacientes\\\/atualidade\\\/11\\\/00\\\/#breadcrumb\",\"itemListElement\":[{\"@type\":\"ListItem\",\"position\":1,\"name\":\"In\u00edcio\",\"item\":\"https:\\\/\\\/algarve7.pt\\\/\"},{\"@type\":\"ListItem\",\"position\":2,\"name\":\"Aljezur pris\u00e3o preventiva por tr\u00e1fico de cerca de duas toneladas de estupefacientes\"}]},{\"@type\":\"WebSite\",\"@id\":\"https:\\\/\\\/algarve7.pt\\\/#website\",\"url\":\"https:\\\/\\\/algarve7.pt\\\/\",\"name\":\"Algarve 7\",\"description\":\"Informa\u00e7\u00e3o sobre o Algarve\",\"publisher\":{\"@id\":\"https:\\\/\\\/algarve7.pt\\\/#organization\"},\"potentialAction\":[{\"@type\":\"SearchAction\",\"target\":{\"@type\":\"EntryPoint\",\"urlTemplate\":\"https:\\\/\\\/algarve7.pt\\\/?s={search_term_string}\"},\"query-input\":{\"@type\":\"PropertyValueSpecification\",\"valueRequired\":true,\"valueName\":\"search_term_string\"}}],\"inLanguage\":\"pt-PT\"},{\"@type\":\"Organization\",\"@id\":\"https:\\\/\\\/algarve7.pt\\\/#organization\",\"name\":\"Algarve 7\",\"url\":\"https:\\\/\\\/algarve7.pt\\\/\",\"logo\":{\"@type\":\"ImageObject\",\"inLanguage\":\"pt-PT\",\"@id\":\"https:\\\/\\\/algarve7.pt\\\/#\\\/schema\\\/logo\\\/image\\\/\",\"url\":\"https:\\\/\\\/algarve7.pt\\\/wp-content\\\/uploads\\\/2020\\\/10\\\/Logo-8.jpg\",\"contentUrl\":\"https:\\\/\\\/algarve7.pt\\\/wp-content\\\/uploads\\\/2020\\\/10\\\/Logo-8.jpg\",\"width\":1680,\"height\":1186,\"caption\":\"Algarve 7\"},\"image\":{\"@id\":\"https:\\\/\\\/algarve7.pt\\\/#\\\/schema\\\/logo\\\/image\\\/\"},\"sameAs\":[\"https:\\\/\\\/www.facebook.com\\\/algarve7\",\"https:\\\/\\\/x.com\\\/Algarvesete\",\"https:\\\/\\\/www.instagram.com\\\/jornalalgarve7\\\/\",\"https:\\\/\\\/www.linkedin.com\\\/company\\\/algarve7\",\"https:\\\/\\\/www.pinterest.pt\\\/geral0939\\\/_created\\\/\"]},{\"@type\":\"Person\",\"@id\":\"https:\\\/\\\/algarve7.pt\\\/#\\\/schema\\\/person\\\/23fa70681308e7b319a3204bcea45e0c\",\"name\":\"Algarve 7\",\"sameAs\":[\"https:\\\/\\\/algarve7.pt\",\"https:\\\/\\\/www.facebook.com\\\/algarve7\"],\"url\":\"https:\\\/\\\/algarve7.pt\\\/index.php\\\/author\\\/geralalgarve7-pt\\\/\"}]}<\/script>\n<!-- \/ Yoast SEO plugin. -->","yoast_head_json":{"title":"Aljezur pris\u00e3o preventiva por tr\u00e1fico de cerca de duas toneladas de estupefacientes - Algarve 7","description":"Aljezur pris\u00e3o preventiva por tr\u00e1fico de cerca de duas toneladas de estupefacientes Atualidade","robots":{"index":"index","follow":"follow","max-snippet":"max-snippet:-1","max-image-preview":"max-image-preview:large","max-video-preview":"max-video-preview:-1"},"canonical":"https:\/\/algarve7.pt\/index.php\/2021\/07\/aljezur-prisao-preventiva-por-trafico-de-cerca-de-duas-toneladas-de-estupefacientes\/atualidade\/11\/00\/","og_locale":"pt_PT","og_type":"article","og_title":"Aljezur pris\u00e3o preventiva por tr\u00e1fico de cerca de duas toneladas de estupefacientes - Algarve 7","og_description":"Aljezur pris\u00e3o preventiva por tr\u00e1fico de cerca de duas toneladas de estupefacientes Atualidade","og_url":"https:\/\/algarve7.pt\/index.php\/2021\/07\/aljezur-prisao-preventiva-por-trafico-de-cerca-de-duas-toneladas-de-estupefacientes\/atualidade\/11\/00\/","og_site_name":"Algarve 7","article_publisher":"https:\/\/www.facebook.com\/algarve7","article_author":"https:\/\/www.facebook.com\/algarve7","article_published_time":"2021-07-01T10:00:00+00:00","og_image":[{"width":1374,"height":539,"url":"https:\/\/algarve7.pt\/wp-content\/uploads\/2021\/07\/GNR-UCC-Apreensao_1.jpg","type":"image\/jpeg"}],"author":"Algarve 7","twitter_card":"summary_large_image","twitter_creator":"@Algarvesete","twitter_site":"@Algarvesete","twitter_misc":{"Escrito por":"Algarve 7","Tempo estimado de leitura":"1 minuto"},"schema":{"@context":"https:\/\/schema.org","@graph":[{"@type":"Article","@id":"https:\/\/algarve7.pt\/index.php\/2021\/07\/aljezur-prisao-preventiva-por-trafico-de-cerca-de-duas-toneladas-de-estupefacientes\/atualidade\/11\/00\/#article","isPartOf":{"@id":"https:\/\/algarve7.pt\/index.php\/2021\/07\/aljezur-prisao-preventiva-por-trafico-de-cerca-de-duas-toneladas-de-estupefacientes\/atualidade\/11\/00\/"},"author":{"name":"Algarve 7","@id":"https:\/\/algarve7.pt\/#\/schema\/person\/23fa70681308e7b319a3204bcea45e0c"},"headline":"Aljezur pris\u00e3o preventiva por tr\u00e1fico de cerca de duas toneladas de estupefacientes","datePublished":"2021-07-01T10:00:00+00:00","mainEntityOfPage":{"@id":"https:\/\/algarve7.pt\/index.php\/2021\/07\/aljezur-prisao-preventiva-por-trafico-de-cerca-de-duas-toneladas-de-estupefacientes\/atualidade\/11\/00\/"},"wordCount":192,"publisher":{"@id":"https:\/\/algarve7.pt\/#organization"},"image":{"@id":"https:\/\/algarve7.pt\/index.php\/2021\/07\/aljezur-prisao-preventiva-por-trafico-de-cerca-de-duas-toneladas-de-estupefacientes\/atualidade\/11\/00\/#primaryimage"},"thumbnailUrl":"https:\/\/algarve7.pt\/wp-content\/uploads\/2021\/07\/GNR-UCC-Apreensao_1.jpg","keywords":["Algarve","Aljezur","Atualidade","GNR"],"articleSection":["Atualidade"],"inLanguage":"pt-PT"},{"@type":"WebPage","@id":"https:\/\/algarve7.pt\/index.php\/2021\/07\/aljezur-prisao-preventiva-por-trafico-de-cerca-de-duas-toneladas-de-estupefacientes\/atualidade\/11\/00\/","url":"https:\/\/algarve7.pt\/index.php\/2021\/07\/aljezur-prisao-preventiva-por-trafico-de-cerca-de-duas-toneladas-de-estupefacientes\/atualidade\/11\/00\/","name":"Aljezur pris\u00e3o preventiva por tr\u00e1fico de cerca de duas toneladas de estupefacientes - Algarve 7","isPartOf":{"@id":"https:\/\/algarve7.pt\/#website"},"primaryImageOfPage":{"@id":"https:\/\/algarve7.pt\/index.php\/2021\/07\/aljezur-prisao-preventiva-por-trafico-de-cerca-de-duas-toneladas-de-estupefacientes\/atualidade\/11\/00\/#primaryimage"},"image":{"@id":"https:\/\/algarve7.pt\/index.php\/2021\/07\/aljezur-prisao-preventiva-por-trafico-de-cerca-de-duas-toneladas-de-estupefacientes\/atualidade\/11\/00\/#primaryimage"},"thumbnailUrl":"https:\/\/algarve7.pt\/wp-content\/uploads\/2021\/07\/GNR-UCC-Apreensao_1.jpg","datePublished":"2021-07-01T10:00:00+00:00","description":"Aljezur pris\u00e3o preventiva por tr\u00e1fico de cerca de duas toneladas de estupefacientes Atualidade","breadcrumb":{"@id":"https:\/\/algarve7.pt\/index.php\/2021\/07\/aljezur-prisao-preventiva-por-trafico-de-cerca-de-duas-toneladas-de-estupefacientes\/atualidade\/11\/00\/#breadcrumb"},"inLanguage":"pt-PT","potentialAction":[{"@type":"ReadAction","target":["https:\/\/algarve7.pt\/index.php\/2021\/07\/aljezur-prisao-preventiva-por-trafico-de-cerca-de-duas-toneladas-de-estupefacientes\/atualidade\/11\/00\/"]}]},{"@type":"ImageObject","inLanguage":"pt-PT","@id":"https:\/\/algarve7.pt\/index.php\/2021\/07\/aljezur-prisao-preventiva-por-trafico-de-cerca-de-duas-toneladas-de-estupefacientes\/atualidade\/11\/00\/#primaryimage","url":"https:\/\/algarve7.pt\/wp-content\/uploads\/2021\/07\/GNR-UCC-Apreensao_1.jpg","contentUrl":"https:\/\/algarve7.pt\/wp-content\/uploads\/2021\/07\/GNR-UCC-Apreensao_1.jpg","width":1374,"height":539},{"@type":"BreadcrumbList","@id":"https:\/\/algarve7.pt\/index.php\/2021\/07\/aljezur-prisao-preventiva-por-trafico-de-cerca-de-duas-toneladas-de-estupefacientes\/atualidade\/11\/00\/#breadcrumb","itemListElement":[{"@type":"ListItem","position":1,"name":"In\u00edcio","item":"https:\/\/algarve7.pt\/"},{"@type":"ListItem","position":2,"name":"Aljezur pris\u00e3o preventiva por tr\u00e1fico de cerca de duas toneladas de estupefacientes"}]},{"@type":"WebSite","@id":"https:\/\/algarve7.pt\/#website","url":"https:\/\/algarve7.pt\/","name":"Algarve 7","description":"Informa\u00e7\u00e3o sobre o Algarve","publisher":{"@id":"https:\/\/algarve7.pt\/#organization"},"potentialAction":[{"@type":"SearchAction","target":{"@type":"EntryPoint","urlTemplate":"https:\/\/algarve7.pt\/?s={search_term_string}"},"query-input":{"@type":"PropertyValueSpecification","valueRequired":true,"valueName":"search_term_string"}}],"inLanguage":"pt-PT"},{"@type":"Organization","@id":"https:\/\/algarve7.pt\/#organization","name":"Algarve 7","url":"https:\/\/algarve7.pt\/","logo":{"@type":"ImageObject","inLanguage":"pt-PT","@id":"https:\/\/algarve7.pt\/#\/schema\/logo\/image\/","url":"https:\/\/algarve7.pt\/wp-content\/uploads\/2020\/10\/Logo-8.jpg","contentUrl":"https:\/\/algarve7.pt\/wp-content\/uploads\/2020\/10\/Logo-8.jpg","width":1680,"height":1186,"caption":"Algarve 7"},"image":{"@id":"https:\/\/algarve7.pt\/#\/schema\/logo\/image\/"},"sameAs":["https:\/\/www.facebook.com\/algarve7","https:\/\/x.com\/Algarvesete","https:\/\/www.instagram.com\/jornalalgarve7\/","https:\/\/www.linkedin.com\/company\/algarve7","https:\/\/www.pinterest.pt\/geral0939\/_created\/"]},{"@type":"Person","@id":"https:\/\/algarve7.pt\/#\/schema\/person\/23fa70681308e7b319a3204bcea45e0c","name":"Algarve 7","sameAs":["https:\/\/algarve7.pt","https:\/\/www.facebook.com\/algarve7"],"url":"https:\/\/algarve7.pt\/index.php\/author\/geralalgarve7-pt\/"}]}},"jetpack_publicize_connections":[],"jetpack_featured_media_url":"https:\/\/algarve7.pt\/wp-content\/uploads\/2021\/07\/GNR-UCC-Apreensao_1.jpg","jetpack_shortlink":"https:\/\/wp.me\/pcezmW-2xj","jetpack_sharing_enabled":true,"_links":{"self":[{"href":"https:\/\/algarve7.pt\/index.php\/wp-json\/wp\/v2\/posts\/9753","targetHints":{"allow":["GET"]}}],"collection":[{"href":"https:\/\/algarve7.pt\/index.php\/wp-json\/wp\/v2\/posts"}],"about":[{"href":"https:\/\/algarve7.pt\/index.php\/wp-json\/wp\/v2\/types\/post"}],"author":[{"embeddable":true,"href":"https:\/\/algarve7.pt\/index.php\/wp-json\/wp\/v2\/users\/1"}],"replies":[{"embeddable":true,"href":"https:\/\/algarve7.pt\/index.php\/wp-json\/wp\/v2\/comments?post=9753"}],"version-history":[{"count":0,"href":"https:\/\/algarve7.pt\/index.php\/wp-json\/wp\/v2\/posts\/9753\/revisions"}],"wp:featuredmedia":[{"embeddable":true,"href":"https:\/\/algarve7.pt\/index.php\/wp-json\/wp\/v2\/media\/9754"}],"wp:attachment":[{"href":"https:\/\/algarve7.pt\/index.php\/wp-json\/wp\/v2\/media?parent=9753"}],"wp:term":[{"taxonomy":"category","embeddable":true,"href":"https:\/\/algarve7.pt\/index.php\/wp-json\/wp\/v2\/categories?post=9753"},{"taxonomy":"post_tag","embeddable":true,"href":"https:\/\/algarve7.pt\/index.php\/wp-json\/wp\/v2\/tags?post=9753"}],"curies":[{"name":"wp","href":"https:\/\/api.w.org\/{rel}","templated":true}]}}