{"id":9733,"date":"2021-07-01T09:39:00","date_gmt":"2021-07-01T08:39:00","guid":{"rendered":"https:\/\/algarve7.pt\/?p=9733"},"modified":"2021-06-30T20:42:09","modified_gmt":"2021-06-30T19:42:09","slug":"ana-jorge-e-a-nova-presidente-do-conselho-geral-da-universidade-do-algarve","status":"publish","type":"post","link":"https:\/\/algarve7.pt\/index.php\/2021\/07\/ana-jorge-e-a-nova-presidente-do-conselho-geral-da-universidade-do-algarve\/educacao\/09\/39\/","title":{"rendered":"Ana Jorge \u00e9 a nova presidente do Conselho Geral da Universidade do Algarve"},"content":{"rendered":"\n<p>Ana Maria Teodoro Jorge, m\u00e9dica e antiga ministra da Sa\u00fade, foi eleita presidente do Conselho Geral da Universidade do Algarve (UAlg), no dia 28 de junho.<\/p>\n\n\n\n<p>Personalidade de destaque a n\u00edvel nacional, Ana Jorge&nbsp;dinamiza v\u00e1rios&nbsp;projetos ligados \u00e0 sa\u00fade em diversas institui\u00e7\u00f5es.<\/p>\n\n\n\n<p>Al\u00e9m de Ana Jorge, que passa a presidir, na nova composi\u00e7\u00e3o foram cooptados os seguintes membros externos: Am\u00e9lia Santos (cofundadora e CEO da empresa Innuos Digital Music Players); Ant\u00f3nio Carlos Guerreiro Morgado Andr\u00e9 (Delegado Distrital da Ordem dos Engenheiros e gerente da empresa PROTECNA &#8211; consultores de engenharia) H\u00e9lder Mota Filipe (professor associado da Faculdade de Farm\u00e1cia da Universidade de Lisboa, ex-presidente do Infarmed); Hugo Vieira (vice-presidente da Dire\u00e7\u00e3o Nacional da ANJE); Isabel Maria Rodrigues Gon\u00e7alves (fundadora da empresa Hubel); Jo\u00e3o Augusto Castel-Branco Goul\u00e3o (diretor-geral do Servi\u00e7o de Interven\u00e7\u00e3o nos Comportamentos Aditivos e nas Depend\u00eancias &#8211; SICAD); Nuno Battaglia (presidente da Algarve Partners, grupo empresarial que criou a Congelagos); Paulo Lu\u00eds do Carmo Pinheiro (administrador da Parkalgar \u2013 Parques Tecnol\u00f3gicos e Desportivos, S.A.); Tiago Magalh\u00e3es (diretor de Bioinform\u00e1tica da multinacional Genuity Science).&nbsp;<\/p>\n\n\n\n<p>O novo Conselho Geral deu posse aos membros externos cooptados, seguindo-se a elei\u00e7\u00e3o do novo presidente deste \u00f3rg\u00e3o. Refira-se que compete ao Conselho Geral eleger o seu presidente de entre as dez personalidades externas.&nbsp;<\/p>\n\n\n\n<p>O Conselho Geral da UAlg \u00e9 composto por trinta e cinco membros, que se distribuem da seguinte forma: Dezoito representantes dos professores e investigadores; seis representantes dos estudantes; um representante dos funcion\u00e1rios n\u00e3o docentes; e dez personalidades externas, de reconhecido m\u00e9rito, n\u00e3o pertencentes \u00e0 UAlg, com conhecimentos e experi\u00eancia relevantes para a Academia.<\/p>\n\n\n\n<p>Os membros do Conselho Geral n\u00e3o representam grupos nem interesses setoriais e s\u00e3o independentes no exerc\u00edcio das suas fun\u00e7\u00f5es.<\/p>\n\n\n\n<p>De real\u00e7ar que compete ao Conselho Geral a defini\u00e7\u00e3o da estrat\u00e9gia de desenvolvimento da Institui\u00e7\u00e3o e a decis\u00e3o sobre todos os aspetos decisivos relacionados com a gest\u00e3o da Universidade, nomeadamente a elei\u00e7\u00e3o do Reitor.<\/p>\n\n\n\n<p><strong>Sobre Ana Jorge<\/strong><\/p>\n\n\n\n<p>Licenciada em Medicina pela Universidade de Lisboa, especialidade Pediatria.<\/p>\n\n\n\n<p>\u00c1rea de Interven\u00e7\u00e3o profissional, social ou cultural: Ci\u00eancias da Sa\u00fade.<\/p>\n\n\n\n<p>Foi ministra da Sa\u00fade, entre 2008 e 2011, diretora do servi\u00e7o de Pediatria no Hospital Garcia da Orta, docente na Escola Nacional de Sa\u00fade Publica e Faculdade de Medicina da Universidade de Lisboa, dire\u00e7\u00e3o do col\u00e9gio de Pediatria da Ordem das M\u00e9dicos e mais recentemente na Santa Casa da Miseric\u00f3rdia de Lisboa, onde esteve \u00e0 frente da unidade de miss\u00e3o para os cuidados continuados do Hospital da Estrela da SCML. J\u00e1 fez parte de variadas comiss\u00f5es de \u00e9tica e conselhos gerais de outras Institui\u00e7\u00f5es de ensino superior e ligadas \u00e0 sa\u00fade.<\/p>\n","protected":false},"excerpt":{"rendered":"<p>Ana Maria Teodoro Jorge, m\u00e9dica e antiga ministra da Sa\u00fade, foi eleita presidente do Conselho Geral da Universidade do Algarve<\/p>\n","protected":false},"author":1,"featured_media":9734,"comment_status":"closed","ping_status":"open","sticky":false,"template":"","format":"standard","meta":{"colormag_page_container_layout":"default_layout","colormag_page_sidebar_layout":"default_layout","_monsterinsights_skip_tracking":false,"_monsterinsights_sitenote_active":false,"_monsterinsights_sitenote_note":"","_monsterinsights_sitenote_category":0,"jetpack_post_was_ever_published":false,"_jetpack_newsletter_access":"","_jetpack_dont_email_post_to_subs":false,"_jetpack_newsletter_tier_id":0,"_jetpack_memberships_contains_paywalled_content":false,"_jetpack_memberships_contains_paid_content":false,"footnotes":"","jetpack_publicize_message":"","jetpack_publicize_feature_enabled":true,"jetpack_social_post_already_shared":true,"jetpack_social_options":{"image_generator_settings":{"template":"highway","default_image_id":0,"font":"","enabled":false},"version":2}},"categories":[93],"tags":[36,182],"class_list":["post-9733","post","type-post","status-publish","format-standard","has-post-thumbnail","hentry","category-educacao","tag-algarve","tag-ualg"],"yoast_head":"<!-- This site is optimized with the Yoast SEO plugin v27.5 - https:\/\/yoast.com\/product\/yoast-seo-wordpress\/ -->\n<title>Ana Jorge \u00e9 a nova presidente do Conselho Geral da Universidade do Algarve - Algarve 7<\/title>\n<meta name=\"description\" content=\"Ana Jorge \u00e9 a nova presidente do Conselho Geral da Universidade do Algarve Educa\u00e7\u00e3o\" \/>\n<meta name=\"robots\" content=\"index, follow, max-snippet:-1, max-image-preview:large, max-video-preview:-1\" \/>\n<link rel=\"canonical\" href=\"https:\/\/algarve7.pt\/index.php\/2021\/07\/ana-jorge-e-a-nova-presidente-do-conselho-geral-da-universidade-do-algarve\/educacao\/09\/39\/\" \/>\n<meta property=\"og:locale\" content=\"pt_PT\" \/>\n<meta property=\"og:type\" content=\"article\" \/>\n<meta property=\"og:title\" content=\"Ana Jorge \u00e9 a nova presidente do Conselho Geral da Universidade do Algarve - Algarve 7\" \/>\n<meta property=\"og:description\" content=\"Ana Jorge \u00e9 a nova presidente do Conselho Geral da Universidade do Algarve Educa\u00e7\u00e3o\" \/>\n<meta property=\"og:url\" content=\"https:\/\/algarve7.pt\/index.php\/2021\/07\/ana-jorge-e-a-nova-presidente-do-conselho-geral-da-universidade-do-algarve\/educacao\/09\/39\/\" \/>\n<meta property=\"og:site_name\" content=\"Algarve 7\" \/>\n<meta property=\"article:publisher\" content=\"https:\/\/www.facebook.com\/algarve7\" \/>\n<meta property=\"article:author\" content=\"https:\/\/www.facebook.com\/algarve7\" \/>\n<meta property=\"article:published_time\" content=\"2021-07-01T08:39:00+00:00\" \/>\n<meta property=\"og:image\" content=\"https:\/\/algarve7.pt\/wp-content\/uploads\/2021\/06\/Captura-de-ecra-2021-06-30-as-20.41.05-1024x649.png\" \/>\n\t<meta property=\"og:image:width\" content=\"1024\" \/>\n\t<meta property=\"og:image:height\" content=\"649\" \/>\n\t<meta property=\"og:image:type\" content=\"image\/png\" \/>\n<meta name=\"author\" content=\"Algarve 7\" \/>\n<meta name=\"twitter:card\" content=\"summary_large_image\" \/>\n<meta name=\"twitter:creator\" content=\"@Algarvesete\" \/>\n<meta name=\"twitter:site\" content=\"@Algarvesete\" \/>\n<meta name=\"twitter:label1\" content=\"Escrito por\" \/>\n\t<meta name=\"twitter:data1\" content=\"Algarve 7\" \/>\n\t<meta name=\"twitter:label2\" content=\"Tempo estimado de leitura\" \/>\n\t<meta name=\"twitter:data2\" content=\"2 minutos\" \/>\n<script type=\"application\/ld+json\" class=\"yoast-schema-graph\">{\"@context\":\"https:\\\/\\\/schema.org\",\"@graph\":[{\"@type\":\"Article\",\"@id\":\"https:\\\/\\\/algarve7.pt\\\/index.php\\\/2021\\\/07\\\/ana-jorge-e-a-nova-presidente-do-conselho-geral-da-universidade-do-algarve\\\/educacao\\\/09\\\/39\\\/#article\",\"isPartOf\":{\"@id\":\"https:\\\/\\\/algarve7.pt\\\/index.php\\\/2021\\\/07\\\/ana-jorge-e-a-nova-presidente-do-conselho-geral-da-universidade-do-algarve\\\/educacao\\\/09\\\/39\\\/\"},\"author\":{\"name\":\"Algarve 7\",\"@id\":\"https:\\\/\\\/algarve7.pt\\\/#\\\/schema\\\/person\\\/23fa70681308e7b319a3204bcea45e0c\"},\"headline\":\"Ana Jorge \u00e9 a nova presidente do Conselho Geral da Universidade do Algarve\",\"datePublished\":\"2021-07-01T08:39:00+00:00\",\"mainEntityOfPage\":{\"@id\":\"https:\\\/\\\/algarve7.pt\\\/index.php\\\/2021\\\/07\\\/ana-jorge-e-a-nova-presidente-do-conselho-geral-da-universidade-do-algarve\\\/educacao\\\/09\\\/39\\\/\"},\"wordCount\":491,\"publisher\":{\"@id\":\"https:\\\/\\\/algarve7.pt\\\/#organization\"},\"image\":{\"@id\":\"https:\\\/\\\/algarve7.pt\\\/index.php\\\/2021\\\/07\\\/ana-jorge-e-a-nova-presidente-do-conselho-geral-da-universidade-do-algarve\\\/educacao\\\/09\\\/39\\\/#primaryimage\"},\"thumbnailUrl\":\"https:\\\/\\\/algarve7.pt\\\/wp-content\\\/uploads\\\/2021\\\/06\\\/Captura-de-ecra-2021-06-30-as-20.41.05.png\",\"keywords\":[\"Algarve\",\"UALG\"],\"articleSection\":[\"Educa\u00e7\u00e3o\"],\"inLanguage\":\"pt-PT\"},{\"@type\":\"WebPage\",\"@id\":\"https:\\\/\\\/algarve7.pt\\\/index.php\\\/2021\\\/07\\\/ana-jorge-e-a-nova-presidente-do-conselho-geral-da-universidade-do-algarve\\\/educacao\\\/09\\\/39\\\/\",\"url\":\"https:\\\/\\\/algarve7.pt\\\/index.php\\\/2021\\\/07\\\/ana-jorge-e-a-nova-presidente-do-conselho-geral-da-universidade-do-algarve\\\/educacao\\\/09\\\/39\\\/\",\"name\":\"Ana Jorge \u00e9 a nova presidente do Conselho Geral da Universidade do Algarve - Algarve 7\",\"isPartOf\":{\"@id\":\"https:\\\/\\\/algarve7.pt\\\/#website\"},\"primaryImageOfPage\":{\"@id\":\"https:\\\/\\\/algarve7.pt\\\/index.php\\\/2021\\\/07\\\/ana-jorge-e-a-nova-presidente-do-conselho-geral-da-universidade-do-algarve\\\/educacao\\\/09\\\/39\\\/#primaryimage\"},\"image\":{\"@id\":\"https:\\\/\\\/algarve7.pt\\\/index.php\\\/2021\\\/07\\\/ana-jorge-e-a-nova-presidente-do-conselho-geral-da-universidade-do-algarve\\\/educacao\\\/09\\\/39\\\/#primaryimage\"},\"thumbnailUrl\":\"https:\\\/\\\/algarve7.pt\\\/wp-content\\\/uploads\\\/2021\\\/06\\\/Captura-de-ecra-2021-06-30-as-20.41.05.png\",\"datePublished\":\"2021-07-01T08:39:00+00:00\",\"description\":\"Ana Jorge \u00e9 a nova presidente do Conselho Geral da Universidade do Algarve Educa\u00e7\u00e3o\",\"breadcrumb\":{\"@id\":\"https:\\\/\\\/algarve7.pt\\\/index.php\\\/2021\\\/07\\\/ana-jorge-e-a-nova-presidente-do-conselho-geral-da-universidade-do-algarve\\\/educacao\\\/09\\\/39\\\/#breadcrumb\"},\"inLanguage\":\"pt-PT\",\"potentialAction\":[{\"@type\":\"ReadAction\",\"target\":[\"https:\\\/\\\/algarve7.pt\\\/index.php\\\/2021\\\/07\\\/ana-jorge-e-a-nova-presidente-do-conselho-geral-da-universidade-do-algarve\\\/educacao\\\/09\\\/39\\\/\"]}]},{\"@type\":\"ImageObject\",\"inLanguage\":\"pt-PT\",\"@id\":\"https:\\\/\\\/algarve7.pt\\\/index.php\\\/2021\\\/07\\\/ana-jorge-e-a-nova-presidente-do-conselho-geral-da-universidade-do-algarve\\\/educacao\\\/09\\\/39\\\/#primaryimage\",\"url\":\"https:\\\/\\\/algarve7.pt\\\/wp-content\\\/uploads\\\/2021\\\/06\\\/Captura-de-ecra-2021-06-30-as-20.41.05.png\",\"contentUrl\":\"https:\\\/\\\/algarve7.pt\\\/wp-content\\\/uploads\\\/2021\\\/06\\\/Captura-de-ecra-2021-06-30-as-20.41.05.png\",\"width\":1544,\"height\":978},{\"@type\":\"BreadcrumbList\",\"@id\":\"https:\\\/\\\/algarve7.pt\\\/index.php\\\/2021\\\/07\\\/ana-jorge-e-a-nova-presidente-do-conselho-geral-da-universidade-do-algarve\\\/educacao\\\/09\\\/39\\\/#breadcrumb\",\"itemListElement\":[{\"@type\":\"ListItem\",\"position\":1,\"name\":\"In\u00edcio\",\"item\":\"https:\\\/\\\/algarve7.pt\\\/\"},{\"@type\":\"ListItem\",\"position\":2,\"name\":\"Ana Jorge \u00e9 a nova presidente do Conselho Geral da Universidade do Algarve\"}]},{\"@type\":\"WebSite\",\"@id\":\"https:\\\/\\\/algarve7.pt\\\/#website\",\"url\":\"https:\\\/\\\/algarve7.pt\\\/\",\"name\":\"Algarve 7\",\"description\":\"Informa\u00e7\u00e3o sobre o Algarve\",\"publisher\":{\"@id\":\"https:\\\/\\\/algarve7.pt\\\/#organization\"},\"potentialAction\":[{\"@type\":\"SearchAction\",\"target\":{\"@type\":\"EntryPoint\",\"urlTemplate\":\"https:\\\/\\\/algarve7.pt\\\/?s={search_term_string}\"},\"query-input\":{\"@type\":\"PropertyValueSpecification\",\"valueRequired\":true,\"valueName\":\"search_term_string\"}}],\"inLanguage\":\"pt-PT\"},{\"@type\":\"Organization\",\"@id\":\"https:\\\/\\\/algarve7.pt\\\/#organization\",\"name\":\"Algarve 7\",\"url\":\"https:\\\/\\\/algarve7.pt\\\/\",\"logo\":{\"@type\":\"ImageObject\",\"inLanguage\":\"pt-PT\",\"@id\":\"https:\\\/\\\/algarve7.pt\\\/#\\\/schema\\\/logo\\\/image\\\/\",\"url\":\"https:\\\/\\\/algarve7.pt\\\/wp-content\\\/uploads\\\/2020\\\/10\\\/Logo-8.jpg\",\"contentUrl\":\"https:\\\/\\\/algarve7.pt\\\/wp-content\\\/uploads\\\/2020\\\/10\\\/Logo-8.jpg\",\"width\":1680,\"height\":1186,\"caption\":\"Algarve 7\"},\"image\":{\"@id\":\"https:\\\/\\\/algarve7.pt\\\/#\\\/schema\\\/logo\\\/image\\\/\"},\"sameAs\":[\"https:\\\/\\\/www.facebook.com\\\/algarve7\",\"https:\\\/\\\/x.com\\\/Algarvesete\",\"https:\\\/\\\/www.instagram.com\\\/jornalalgarve7\\\/\",\"https:\\\/\\\/www.linkedin.com\\\/company\\\/algarve7\",\"https:\\\/\\\/www.pinterest.pt\\\/geral0939\\\/_created\\\/\"]},{\"@type\":\"Person\",\"@id\":\"https:\\\/\\\/algarve7.pt\\\/#\\\/schema\\\/person\\\/23fa70681308e7b319a3204bcea45e0c\",\"name\":\"Algarve 7\",\"sameAs\":[\"https:\\\/\\\/algarve7.pt\",\"https:\\\/\\\/www.facebook.com\\\/algarve7\"],\"url\":\"https:\\\/\\\/algarve7.pt\\\/index.php\\\/author\\\/geralalgarve7-pt\\\/\"}]}<\/script>\n<!-- \/ Yoast SEO plugin. -->","yoast_head_json":{"title":"Ana Jorge \u00e9 a nova presidente do Conselho Geral da Universidade do Algarve - Algarve 7","description":"Ana Jorge \u00e9 a nova presidente do Conselho Geral da Universidade do Algarve Educa\u00e7\u00e3o","robots":{"index":"index","follow":"follow","max-snippet":"max-snippet:-1","max-image-preview":"max-image-preview:large","max-video-preview":"max-video-preview:-1"},"canonical":"https:\/\/algarve7.pt\/index.php\/2021\/07\/ana-jorge-e-a-nova-presidente-do-conselho-geral-da-universidade-do-algarve\/educacao\/09\/39\/","og_locale":"pt_PT","og_type":"article","og_title":"Ana Jorge \u00e9 a nova presidente do Conselho Geral da Universidade do Algarve - Algarve 7","og_description":"Ana Jorge \u00e9 a nova presidente do Conselho Geral da Universidade do Algarve Educa\u00e7\u00e3o","og_url":"https:\/\/algarve7.pt\/index.php\/2021\/07\/ana-jorge-e-a-nova-presidente-do-conselho-geral-da-universidade-do-algarve\/educacao\/09\/39\/","og_site_name":"Algarve 7","article_publisher":"https:\/\/www.facebook.com\/algarve7","article_author":"https:\/\/www.facebook.com\/algarve7","article_published_time":"2021-07-01T08:39:00+00:00","og_image":[{"width":1024,"height":649,"url":"https:\/\/algarve7.pt\/wp-content\/uploads\/2021\/06\/Captura-de-ecra-2021-06-30-as-20.41.05-1024x649.png","type":"image\/png"}],"author":"Algarve 7","twitter_card":"summary_large_image","twitter_creator":"@Algarvesete","twitter_site":"@Algarvesete","twitter_misc":{"Escrito por":"Algarve 7","Tempo estimado de leitura":"2 minutos"},"schema":{"@context":"https:\/\/schema.org","@graph":[{"@type":"Article","@id":"https:\/\/algarve7.pt\/index.php\/2021\/07\/ana-jorge-e-a-nova-presidente-do-conselho-geral-da-universidade-do-algarve\/educacao\/09\/39\/#article","isPartOf":{"@id":"https:\/\/algarve7.pt\/index.php\/2021\/07\/ana-jorge-e-a-nova-presidente-do-conselho-geral-da-universidade-do-algarve\/educacao\/09\/39\/"},"author":{"name":"Algarve 7","@id":"https:\/\/algarve7.pt\/#\/schema\/person\/23fa70681308e7b319a3204bcea45e0c"},"headline":"Ana Jorge \u00e9 a nova presidente do Conselho Geral da Universidade do Algarve","datePublished":"2021-07-01T08:39:00+00:00","mainEntityOfPage":{"@id":"https:\/\/algarve7.pt\/index.php\/2021\/07\/ana-jorge-e-a-nova-presidente-do-conselho-geral-da-universidade-do-algarve\/educacao\/09\/39\/"},"wordCount":491,"publisher":{"@id":"https:\/\/algarve7.pt\/#organization"},"image":{"@id":"https:\/\/algarve7.pt\/index.php\/2021\/07\/ana-jorge-e-a-nova-presidente-do-conselho-geral-da-universidade-do-algarve\/educacao\/09\/39\/#primaryimage"},"thumbnailUrl":"https:\/\/algarve7.pt\/wp-content\/uploads\/2021\/06\/Captura-de-ecra-2021-06-30-as-20.41.05.png","keywords":["Algarve","UALG"],"articleSection":["Educa\u00e7\u00e3o"],"inLanguage":"pt-PT"},{"@type":"WebPage","@id":"https:\/\/algarve7.pt\/index.php\/2021\/07\/ana-jorge-e-a-nova-presidente-do-conselho-geral-da-universidade-do-algarve\/educacao\/09\/39\/","url":"https:\/\/algarve7.pt\/index.php\/2021\/07\/ana-jorge-e-a-nova-presidente-do-conselho-geral-da-universidade-do-algarve\/educacao\/09\/39\/","name":"Ana Jorge \u00e9 a nova presidente do Conselho Geral da Universidade do Algarve - Algarve 7","isPartOf":{"@id":"https:\/\/algarve7.pt\/#website"},"primaryImageOfPage":{"@id":"https:\/\/algarve7.pt\/index.php\/2021\/07\/ana-jorge-e-a-nova-presidente-do-conselho-geral-da-universidade-do-algarve\/educacao\/09\/39\/#primaryimage"},"image":{"@id":"https:\/\/algarve7.pt\/index.php\/2021\/07\/ana-jorge-e-a-nova-presidente-do-conselho-geral-da-universidade-do-algarve\/educacao\/09\/39\/#primaryimage"},"thumbnailUrl":"https:\/\/algarve7.pt\/wp-content\/uploads\/2021\/06\/Captura-de-ecra-2021-06-30-as-20.41.05.png","datePublished":"2021-07-01T08:39:00+00:00","description":"Ana Jorge \u00e9 a nova presidente do Conselho Geral da Universidade do Algarve Educa\u00e7\u00e3o","breadcrumb":{"@id":"https:\/\/algarve7.pt\/index.php\/2021\/07\/ana-jorge-e-a-nova-presidente-do-conselho-geral-da-universidade-do-algarve\/educacao\/09\/39\/#breadcrumb"},"inLanguage":"pt-PT","potentialAction":[{"@type":"ReadAction","target":["https:\/\/algarve7.pt\/index.php\/2021\/07\/ana-jorge-e-a-nova-presidente-do-conselho-geral-da-universidade-do-algarve\/educacao\/09\/39\/"]}]},{"@type":"ImageObject","inLanguage":"pt-PT","@id":"https:\/\/algarve7.pt\/index.php\/2021\/07\/ana-jorge-e-a-nova-presidente-do-conselho-geral-da-universidade-do-algarve\/educacao\/09\/39\/#primaryimage","url":"https:\/\/algarve7.pt\/wp-content\/uploads\/2021\/06\/Captura-de-ecra-2021-06-30-as-20.41.05.png","contentUrl":"https:\/\/algarve7.pt\/wp-content\/uploads\/2021\/06\/Captura-de-ecra-2021-06-30-as-20.41.05.png","width":1544,"height":978},{"@type":"BreadcrumbList","@id":"https:\/\/algarve7.pt\/index.php\/2021\/07\/ana-jorge-e-a-nova-presidente-do-conselho-geral-da-universidade-do-algarve\/educacao\/09\/39\/#breadcrumb","itemListElement":[{"@type":"ListItem","position":1,"name":"In\u00edcio","item":"https:\/\/algarve7.pt\/"},{"@type":"ListItem","position":2,"name":"Ana Jorge \u00e9 a nova presidente do Conselho Geral da Universidade do Algarve"}]},{"@type":"WebSite","@id":"https:\/\/algarve7.pt\/#website","url":"https:\/\/algarve7.pt\/","name":"Algarve 7","description":"Informa\u00e7\u00e3o sobre o Algarve","publisher":{"@id":"https:\/\/algarve7.pt\/#organization"},"potentialAction":[{"@type":"SearchAction","target":{"@type":"EntryPoint","urlTemplate":"https:\/\/algarve7.pt\/?s={search_term_string}"},"query-input":{"@type":"PropertyValueSpecification","valueRequired":true,"valueName":"search_term_string"}}],"inLanguage":"pt-PT"},{"@type":"Organization","@id":"https:\/\/algarve7.pt\/#organization","name":"Algarve 7","url":"https:\/\/algarve7.pt\/","logo":{"@type":"ImageObject","inLanguage":"pt-PT","@id":"https:\/\/algarve7.pt\/#\/schema\/logo\/image\/","url":"https:\/\/algarve7.pt\/wp-content\/uploads\/2020\/10\/Logo-8.jpg","contentUrl":"https:\/\/algarve7.pt\/wp-content\/uploads\/2020\/10\/Logo-8.jpg","width":1680,"height":1186,"caption":"Algarve 7"},"image":{"@id":"https:\/\/algarve7.pt\/#\/schema\/logo\/image\/"},"sameAs":["https:\/\/www.facebook.com\/algarve7","https:\/\/x.com\/Algarvesete","https:\/\/www.instagram.com\/jornalalgarve7\/","https:\/\/www.linkedin.com\/company\/algarve7","https:\/\/www.pinterest.pt\/geral0939\/_created\/"]},{"@type":"Person","@id":"https:\/\/algarve7.pt\/#\/schema\/person\/23fa70681308e7b319a3204bcea45e0c","name":"Algarve 7","sameAs":["https:\/\/algarve7.pt","https:\/\/www.facebook.com\/algarve7"],"url":"https:\/\/algarve7.pt\/index.php\/author\/geralalgarve7-pt\/"}]}},"jetpack_publicize_connections":[],"jetpack_featured_media_url":"https:\/\/algarve7.pt\/wp-content\/uploads\/2021\/06\/Captura-de-ecra-2021-06-30-as-20.41.05.png","jetpack_shortlink":"https:\/\/wp.me\/pcezmW-2wZ","jetpack_sharing_enabled":true,"_links":{"self":[{"href":"https:\/\/algarve7.pt\/index.php\/wp-json\/wp\/v2\/posts\/9733","targetHints":{"allow":["GET"]}}],"collection":[{"href":"https:\/\/algarve7.pt\/index.php\/wp-json\/wp\/v2\/posts"}],"about":[{"href":"https:\/\/algarve7.pt\/index.php\/wp-json\/wp\/v2\/types\/post"}],"author":[{"embeddable":true,"href":"https:\/\/algarve7.pt\/index.php\/wp-json\/wp\/v2\/users\/1"}],"replies":[{"embeddable":true,"href":"https:\/\/algarve7.pt\/index.php\/wp-json\/wp\/v2\/comments?post=9733"}],"version-history":[{"count":0,"href":"https:\/\/algarve7.pt\/index.php\/wp-json\/wp\/v2\/posts\/9733\/revisions"}],"wp:featuredmedia":[{"embeddable":true,"href":"https:\/\/algarve7.pt\/index.php\/wp-json\/wp\/v2\/media\/9734"}],"wp:attachment":[{"href":"https:\/\/algarve7.pt\/index.php\/wp-json\/wp\/v2\/media?parent=9733"}],"wp:term":[{"taxonomy":"category","embeddable":true,"href":"https:\/\/algarve7.pt\/index.php\/wp-json\/wp\/v2\/categories?post=9733"},{"taxonomy":"post_tag","embeddable":true,"href":"https:\/\/algarve7.pt\/index.php\/wp-json\/wp\/v2\/tags?post=9733"}],"curies":[{"name":"wp","href":"https:\/\/api.w.org\/{rel}","templated":true}]}}