{"id":9674,"date":"2021-06-28T22:22:42","date_gmt":"2021-06-28T21:22:42","guid":{"rendered":"https:\/\/algarve7.pt\/?p=9674"},"modified":"2021-06-28T22:22:47","modified_gmt":"2021-06-28T21:22:47","slug":"ualg-e-microsoft-juntam-se-para-lancar-curso-de-inteligencia-artificial-para-executivos","status":"publish","type":"post","link":"https:\/\/algarve7.pt\/index.php\/2021\/06\/ualg-e-microsoft-juntam-se-para-lancar-curso-de-inteligencia-artificial-para-executivos\/educacao\/22\/22\/","title":{"rendered":"UAlg e Microsoft juntam-se para lan\u00e7ar curso de Intelig\u00eancia Artificial para Executivos"},"content":{"rendered":"\n<p>A Universidade do Algarve e a Microsoft assinaram um protocolo de colabora\u00e7\u00e3o, no dia 25 de junho, que resulta na cria\u00e7\u00e3o de um curso de Intelig\u00eancia Artificial para Executivos. Esta forma\u00e7\u00e3o pretende criar bases para que executivos e gestores possam definir estrat\u00e9gias, implementar pr\u00e1ticas e avaliar resultados de investimentos relacionados com a Intelig\u00eancia Artificial (IA).<\/p>\n\n\n\n<p>O programa realiza-se no \u00e2mbito da AI Business School, uma iniciativa global da Microsoft com o INSEAD, que pretende apresentar o estado da arte e capacitar os executivos de uma forma pr\u00e1tica e acion\u00e1vel, ajudando-os a construir uma estrat\u00e9gia de Intelig\u00eancia Artificial para a sua organiza\u00e7\u00e3o, incluindo quest\u00f5es culturais e de responsabilidade da empresa.<\/p>\n\n\n\n<p>O curso \u201cIntelig\u00eancia Artificial para Executivos\u201d \u00e9 dirigido a executivos e l\u00edderes de organiza\u00e7\u00f5es, que queiram apostar em desenvolver estrat\u00e9gias de cria\u00e7\u00e3o de valor para o neg\u00f3cio, alicer\u00e7adas em dados e nos mais recentes desenvolvimentos tecnol\u00f3gicos, que colocam a IA ao servi\u00e7o das empresas, bem como oferecer as ferramentas necess\u00e1rias para a sua utiliza\u00e7\u00e3o de forma respons\u00e1vel.<\/p>\n\n\n\n<p>Al\u00e9m disso, em todos os m\u00f3dulos existir\u00e1 um orador convidado, de empresas l\u00edderes, que partilhar\u00e1 com os formandos a sua experi\u00eancia.&nbsp;<\/p>\n\n\n\n<p>O curso arranca a 25 de setembro e termina a 30 de outubro 2021, decorrer\u00e1 aos s\u00e1bados, das 09h30 \u00e0s 13h30, tendo uma dura\u00e7\u00e3o de cinco semanas. As inscri\u00e7\u00f5es realizam-se de 01 a 17 de setembro.<\/p>\n\n\n\n<p>Para Paula Panarra, diretora-geral da Microsoft Portugal, \u201cO Algarve&nbsp;\u00e9 uma das zonas mais afetadas pela pandemia a n\u00edvel econ\u00f3mico, pelo que queremos disponibilizar as ferramentas necess\u00e1rias para que l\u00edderes de neg\u00f3cio locais consigam implementar&nbsp;estrat\u00e9gias de&nbsp;Intelig\u00eancia Artificial&nbsp;eficazes para a recupera\u00e7\u00e3o e re-imagina\u00e7\u00e3o da economia da regi\u00e3o.\u201d<\/p>\n\n\n\n<p>Paulo \u00c1guas, reitor da UAlg, considera que \u00abo curso de Intelig\u00eancia Artificial para Executivos contribuir\u00e1 para refor\u00e7ar a capacidade dos gestores da regi\u00e3o na cria\u00e7\u00e3o de valor e no refor\u00e7o da competitividade das suas empresas, sendo orientado para uma forte contextualiza\u00e7\u00e3o em torno da atividade tur\u00edstica, que continuar\u00e1 a ser o principal \u201cmotor\u201d da economia regional, que se pretende mais diversificada.\u00bb<\/p>\n","protected":false},"excerpt":{"rendered":"<p>A Universidade do Algarve e a Microsoft assinaram um protocolo de colabora\u00e7\u00e3o, no dia 25 de junho, que resulta na<\/p>\n","protected":false},"author":1,"featured_media":9675,"comment_status":"closed","ping_status":"open","sticky":false,"template":"","format":"standard","meta":{"colormag_page_container_layout":"default_layout","colormag_page_sidebar_layout":"default_layout","_monsterinsights_skip_tracking":false,"_monsterinsights_sitenote_active":false,"_monsterinsights_sitenote_note":"","_monsterinsights_sitenote_category":0,"jetpack_post_was_ever_published":false,"_jetpack_newsletter_access":"","_jetpack_dont_email_post_to_subs":false,"_jetpack_newsletter_tier_id":0,"_jetpack_memberships_contains_paywalled_content":false,"_jetpack_memberships_contains_paid_content":false,"footnotes":"","jetpack_publicize_message":"","jetpack_publicize_feature_enabled":true,"jetpack_social_post_already_shared":true,"jetpack_social_options":{"image_generator_settings":{"template":"highway","default_image_id":0,"font":"","enabled":false},"version":2}},"categories":[93],"tags":[36,74,57,182],"class_list":["post-9674","post","type-post","status-publish","format-standard","has-post-thumbnail","hentry","category-educacao","tag-algarve","tag-educacao","tag-faro","tag-ualg"],"yoast_head":"<!-- This site is optimized with the Yoast SEO plugin v27.5 - https:\/\/yoast.com\/product\/yoast-seo-wordpress\/ -->\n<title>UAlg e Microsoft juntam-se para lan\u00e7ar curso de Intelig\u00eancia Artificial para Executivos - Algarve 7<\/title>\n<meta name=\"description\" content=\"UAlg e Microsoft juntam-se para lan\u00e7ar curso de Intelig\u00eancia Artificial para Executivos Educa\u00e7\u00e3o\" \/>\n<meta name=\"robots\" content=\"index, follow, max-snippet:-1, max-image-preview:large, max-video-preview:-1\" \/>\n<link rel=\"canonical\" href=\"https:\/\/algarve7.pt\/index.php\/2021\/06\/ualg-e-microsoft-juntam-se-para-lancar-curso-de-inteligencia-artificial-para-executivos\/educacao\/22\/22\/\" \/>\n<meta property=\"og:locale\" content=\"pt_PT\" \/>\n<meta property=\"og:type\" content=\"article\" \/>\n<meta property=\"og:title\" content=\"UAlg e Microsoft juntam-se para lan\u00e7ar curso de Intelig\u00eancia Artificial para Executivos - Algarve 7\" \/>\n<meta property=\"og:description\" content=\"UAlg e Microsoft juntam-se para lan\u00e7ar curso de Intelig\u00eancia Artificial para Executivos Educa\u00e7\u00e3o\" \/>\n<meta property=\"og:url\" content=\"https:\/\/algarve7.pt\/index.php\/2021\/06\/ualg-e-microsoft-juntam-se-para-lancar-curso-de-inteligencia-artificial-para-executivos\/educacao\/22\/22\/\" \/>\n<meta property=\"og:site_name\" content=\"Algarve 7\" \/>\n<meta property=\"article:publisher\" content=\"https:\/\/www.facebook.com\/algarve7\" \/>\n<meta property=\"article:author\" content=\"https:\/\/www.facebook.com\/algarve7\" \/>\n<meta property=\"article:published_time\" content=\"2021-06-28T21:22:42+00:00\" \/>\n<meta property=\"article:modified_time\" content=\"2021-06-28T21:22:47+00:00\" \/>\n<meta property=\"og:image\" content=\"https:\/\/algarve7.pt\/wp-content\/uploads\/2021\/06\/Microsoft_IA_4.jpg\" \/>\n\t<meta property=\"og:image:width\" content=\"1920\" \/>\n\t<meta property=\"og:image:height\" content=\"1280\" \/>\n\t<meta property=\"og:image:type\" content=\"image\/jpeg\" \/>\n<meta name=\"author\" content=\"Algarve 7\" \/>\n<meta name=\"twitter:card\" content=\"summary_large_image\" \/>\n<meta name=\"twitter:creator\" content=\"@Algarvesete\" \/>\n<meta name=\"twitter:site\" content=\"@Algarvesete\" \/>\n<meta name=\"twitter:label1\" content=\"Escrito por\" \/>\n\t<meta name=\"twitter:data1\" content=\"Algarve 7\" \/>\n\t<meta name=\"twitter:label2\" content=\"Tempo estimado de leitura\" \/>\n\t<meta name=\"twitter:data2\" content=\"2 minutos\" \/>\n<script type=\"application\/ld+json\" class=\"yoast-schema-graph\">{\"@context\":\"https:\\\/\\\/schema.org\",\"@graph\":[{\"@type\":\"Article\",\"@id\":\"https:\\\/\\\/algarve7.pt\\\/index.php\\\/2021\\\/06\\\/ualg-e-microsoft-juntam-se-para-lancar-curso-de-inteligencia-artificial-para-executivos\\\/educacao\\\/22\\\/22\\\/#article\",\"isPartOf\":{\"@id\":\"https:\\\/\\\/algarve7.pt\\\/index.php\\\/2021\\\/06\\\/ualg-e-microsoft-juntam-se-para-lancar-curso-de-inteligencia-artificial-para-executivos\\\/educacao\\\/22\\\/22\\\/\"},\"author\":{\"name\":\"Algarve 7\",\"@id\":\"https:\\\/\\\/algarve7.pt\\\/#\\\/schema\\\/person\\\/23fa70681308e7b319a3204bcea45e0c\"},\"headline\":\"UAlg e Microsoft juntam-se para lan\u00e7ar curso de Intelig\u00eancia Artificial para Executivos\",\"datePublished\":\"2021-06-28T21:22:42+00:00\",\"dateModified\":\"2021-06-28T21:22:47+00:00\",\"mainEntityOfPage\":{\"@id\":\"https:\\\/\\\/algarve7.pt\\\/index.php\\\/2021\\\/06\\\/ualg-e-microsoft-juntam-se-para-lancar-curso-de-inteligencia-artificial-para-executivos\\\/educacao\\\/22\\\/22\\\/\"},\"wordCount\":393,\"publisher\":{\"@id\":\"https:\\\/\\\/algarve7.pt\\\/#organization\"},\"image\":{\"@id\":\"https:\\\/\\\/algarve7.pt\\\/index.php\\\/2021\\\/06\\\/ualg-e-microsoft-juntam-se-para-lancar-curso-de-inteligencia-artificial-para-executivos\\\/educacao\\\/22\\\/22\\\/#primaryimage\"},\"thumbnailUrl\":\"https:\\\/\\\/algarve7.pt\\\/wp-content\\\/uploads\\\/2021\\\/06\\\/Microsoft_IA_4.jpg\",\"keywords\":[\"Algarve\",\"Educa\u00e7\u00e3o\",\"Faro\",\"UALG\"],\"articleSection\":[\"Educa\u00e7\u00e3o\"],\"inLanguage\":\"pt-PT\"},{\"@type\":\"WebPage\",\"@id\":\"https:\\\/\\\/algarve7.pt\\\/index.php\\\/2021\\\/06\\\/ualg-e-microsoft-juntam-se-para-lancar-curso-de-inteligencia-artificial-para-executivos\\\/educacao\\\/22\\\/22\\\/\",\"url\":\"https:\\\/\\\/algarve7.pt\\\/index.php\\\/2021\\\/06\\\/ualg-e-microsoft-juntam-se-para-lancar-curso-de-inteligencia-artificial-para-executivos\\\/educacao\\\/22\\\/22\\\/\",\"name\":\"UAlg e Microsoft juntam-se para lan\u00e7ar curso de Intelig\u00eancia Artificial para Executivos - Algarve 7\",\"isPartOf\":{\"@id\":\"https:\\\/\\\/algarve7.pt\\\/#website\"},\"primaryImageOfPage\":{\"@id\":\"https:\\\/\\\/algarve7.pt\\\/index.php\\\/2021\\\/06\\\/ualg-e-microsoft-juntam-se-para-lancar-curso-de-inteligencia-artificial-para-executivos\\\/educacao\\\/22\\\/22\\\/#primaryimage\"},\"image\":{\"@id\":\"https:\\\/\\\/algarve7.pt\\\/index.php\\\/2021\\\/06\\\/ualg-e-microsoft-juntam-se-para-lancar-curso-de-inteligencia-artificial-para-executivos\\\/educacao\\\/22\\\/22\\\/#primaryimage\"},\"thumbnailUrl\":\"https:\\\/\\\/algarve7.pt\\\/wp-content\\\/uploads\\\/2021\\\/06\\\/Microsoft_IA_4.jpg\",\"datePublished\":\"2021-06-28T21:22:42+00:00\",\"dateModified\":\"2021-06-28T21:22:47+00:00\",\"description\":\"UAlg e Microsoft juntam-se para lan\u00e7ar curso de Intelig\u00eancia Artificial para Executivos Educa\u00e7\u00e3o\",\"breadcrumb\":{\"@id\":\"https:\\\/\\\/algarve7.pt\\\/index.php\\\/2021\\\/06\\\/ualg-e-microsoft-juntam-se-para-lancar-curso-de-inteligencia-artificial-para-executivos\\\/educacao\\\/22\\\/22\\\/#breadcrumb\"},\"inLanguage\":\"pt-PT\",\"potentialAction\":[{\"@type\":\"ReadAction\",\"target\":[\"https:\\\/\\\/algarve7.pt\\\/index.php\\\/2021\\\/06\\\/ualg-e-microsoft-juntam-se-para-lancar-curso-de-inteligencia-artificial-para-executivos\\\/educacao\\\/22\\\/22\\\/\"]}]},{\"@type\":\"ImageObject\",\"inLanguage\":\"pt-PT\",\"@id\":\"https:\\\/\\\/algarve7.pt\\\/index.php\\\/2021\\\/06\\\/ualg-e-microsoft-juntam-se-para-lancar-curso-de-inteligencia-artificial-para-executivos\\\/educacao\\\/22\\\/22\\\/#primaryimage\",\"url\":\"https:\\\/\\\/algarve7.pt\\\/wp-content\\\/uploads\\\/2021\\\/06\\\/Microsoft_IA_4.jpg\",\"contentUrl\":\"https:\\\/\\\/algarve7.pt\\\/wp-content\\\/uploads\\\/2021\\\/06\\\/Microsoft_IA_4.jpg\",\"width\":1920,\"height\":1280},{\"@type\":\"BreadcrumbList\",\"@id\":\"https:\\\/\\\/algarve7.pt\\\/index.php\\\/2021\\\/06\\\/ualg-e-microsoft-juntam-se-para-lancar-curso-de-inteligencia-artificial-para-executivos\\\/educacao\\\/22\\\/22\\\/#breadcrumb\",\"itemListElement\":[{\"@type\":\"ListItem\",\"position\":1,\"name\":\"In\u00edcio\",\"item\":\"https:\\\/\\\/algarve7.pt\\\/\"},{\"@type\":\"ListItem\",\"position\":2,\"name\":\"UAlg e Microsoft juntam-se para lan\u00e7ar curso de Intelig\u00eancia Artificial para Executivos\"}]},{\"@type\":\"WebSite\",\"@id\":\"https:\\\/\\\/algarve7.pt\\\/#website\",\"url\":\"https:\\\/\\\/algarve7.pt\\\/\",\"name\":\"Algarve 7\",\"description\":\"Informa\u00e7\u00e3o sobre o Algarve\",\"publisher\":{\"@id\":\"https:\\\/\\\/algarve7.pt\\\/#organization\"},\"potentialAction\":[{\"@type\":\"SearchAction\",\"target\":{\"@type\":\"EntryPoint\",\"urlTemplate\":\"https:\\\/\\\/algarve7.pt\\\/?s={search_term_string}\"},\"query-input\":{\"@type\":\"PropertyValueSpecification\",\"valueRequired\":true,\"valueName\":\"search_term_string\"}}],\"inLanguage\":\"pt-PT\"},{\"@type\":\"Organization\",\"@id\":\"https:\\\/\\\/algarve7.pt\\\/#organization\",\"name\":\"Algarve 7\",\"url\":\"https:\\\/\\\/algarve7.pt\\\/\",\"logo\":{\"@type\":\"ImageObject\",\"inLanguage\":\"pt-PT\",\"@id\":\"https:\\\/\\\/algarve7.pt\\\/#\\\/schema\\\/logo\\\/image\\\/\",\"url\":\"https:\\\/\\\/algarve7.pt\\\/wp-content\\\/uploads\\\/2020\\\/10\\\/Logo-8.jpg\",\"contentUrl\":\"https:\\\/\\\/algarve7.pt\\\/wp-content\\\/uploads\\\/2020\\\/10\\\/Logo-8.jpg\",\"width\":1680,\"height\":1186,\"caption\":\"Algarve 7\"},\"image\":{\"@id\":\"https:\\\/\\\/algarve7.pt\\\/#\\\/schema\\\/logo\\\/image\\\/\"},\"sameAs\":[\"https:\\\/\\\/www.facebook.com\\\/algarve7\",\"https:\\\/\\\/x.com\\\/Algarvesete\",\"https:\\\/\\\/www.instagram.com\\\/jornalalgarve7\\\/\",\"https:\\\/\\\/www.linkedin.com\\\/company\\\/algarve7\",\"https:\\\/\\\/www.pinterest.pt\\\/geral0939\\\/_created\\\/\"]},{\"@type\":\"Person\",\"@id\":\"https:\\\/\\\/algarve7.pt\\\/#\\\/schema\\\/person\\\/23fa70681308e7b319a3204bcea45e0c\",\"name\":\"Algarve 7\",\"sameAs\":[\"https:\\\/\\\/algarve7.pt\",\"https:\\\/\\\/www.facebook.com\\\/algarve7\"],\"url\":\"https:\\\/\\\/algarve7.pt\\\/index.php\\\/author\\\/geralalgarve7-pt\\\/\"}]}<\/script>\n<!-- \/ Yoast SEO plugin. -->","yoast_head_json":{"title":"UAlg e Microsoft juntam-se para lan\u00e7ar curso de Intelig\u00eancia Artificial para Executivos - Algarve 7","description":"UAlg e Microsoft juntam-se para lan\u00e7ar curso de Intelig\u00eancia Artificial para Executivos Educa\u00e7\u00e3o","robots":{"index":"index","follow":"follow","max-snippet":"max-snippet:-1","max-image-preview":"max-image-preview:large","max-video-preview":"max-video-preview:-1"},"canonical":"https:\/\/algarve7.pt\/index.php\/2021\/06\/ualg-e-microsoft-juntam-se-para-lancar-curso-de-inteligencia-artificial-para-executivos\/educacao\/22\/22\/","og_locale":"pt_PT","og_type":"article","og_title":"UAlg e Microsoft juntam-se para lan\u00e7ar curso de Intelig\u00eancia Artificial para Executivos - Algarve 7","og_description":"UAlg e Microsoft juntam-se para lan\u00e7ar curso de Intelig\u00eancia Artificial para Executivos Educa\u00e7\u00e3o","og_url":"https:\/\/algarve7.pt\/index.php\/2021\/06\/ualg-e-microsoft-juntam-se-para-lancar-curso-de-inteligencia-artificial-para-executivos\/educacao\/22\/22\/","og_site_name":"Algarve 7","article_publisher":"https:\/\/www.facebook.com\/algarve7","article_author":"https:\/\/www.facebook.com\/algarve7","article_published_time":"2021-06-28T21:22:42+00:00","article_modified_time":"2021-06-28T21:22:47+00:00","og_image":[{"width":1920,"height":1280,"url":"https:\/\/algarve7.pt\/wp-content\/uploads\/2021\/06\/Microsoft_IA_4.jpg","type":"image\/jpeg"}],"author":"Algarve 7","twitter_card":"summary_large_image","twitter_creator":"@Algarvesete","twitter_site":"@Algarvesete","twitter_misc":{"Escrito por":"Algarve 7","Tempo estimado de leitura":"2 minutos"},"schema":{"@context":"https:\/\/schema.org","@graph":[{"@type":"Article","@id":"https:\/\/algarve7.pt\/index.php\/2021\/06\/ualg-e-microsoft-juntam-se-para-lancar-curso-de-inteligencia-artificial-para-executivos\/educacao\/22\/22\/#article","isPartOf":{"@id":"https:\/\/algarve7.pt\/index.php\/2021\/06\/ualg-e-microsoft-juntam-se-para-lancar-curso-de-inteligencia-artificial-para-executivos\/educacao\/22\/22\/"},"author":{"name":"Algarve 7","@id":"https:\/\/algarve7.pt\/#\/schema\/person\/23fa70681308e7b319a3204bcea45e0c"},"headline":"UAlg e Microsoft juntam-se para lan\u00e7ar curso de Intelig\u00eancia Artificial para Executivos","datePublished":"2021-06-28T21:22:42+00:00","dateModified":"2021-06-28T21:22:47+00:00","mainEntityOfPage":{"@id":"https:\/\/algarve7.pt\/index.php\/2021\/06\/ualg-e-microsoft-juntam-se-para-lancar-curso-de-inteligencia-artificial-para-executivos\/educacao\/22\/22\/"},"wordCount":393,"publisher":{"@id":"https:\/\/algarve7.pt\/#organization"},"image":{"@id":"https:\/\/algarve7.pt\/index.php\/2021\/06\/ualg-e-microsoft-juntam-se-para-lancar-curso-de-inteligencia-artificial-para-executivos\/educacao\/22\/22\/#primaryimage"},"thumbnailUrl":"https:\/\/algarve7.pt\/wp-content\/uploads\/2021\/06\/Microsoft_IA_4.jpg","keywords":["Algarve","Educa\u00e7\u00e3o","Faro","UALG"],"articleSection":["Educa\u00e7\u00e3o"],"inLanguage":"pt-PT"},{"@type":"WebPage","@id":"https:\/\/algarve7.pt\/index.php\/2021\/06\/ualg-e-microsoft-juntam-se-para-lancar-curso-de-inteligencia-artificial-para-executivos\/educacao\/22\/22\/","url":"https:\/\/algarve7.pt\/index.php\/2021\/06\/ualg-e-microsoft-juntam-se-para-lancar-curso-de-inteligencia-artificial-para-executivos\/educacao\/22\/22\/","name":"UAlg e Microsoft juntam-se para lan\u00e7ar curso de Intelig\u00eancia Artificial para Executivos - Algarve 7","isPartOf":{"@id":"https:\/\/algarve7.pt\/#website"},"primaryImageOfPage":{"@id":"https:\/\/algarve7.pt\/index.php\/2021\/06\/ualg-e-microsoft-juntam-se-para-lancar-curso-de-inteligencia-artificial-para-executivos\/educacao\/22\/22\/#primaryimage"},"image":{"@id":"https:\/\/algarve7.pt\/index.php\/2021\/06\/ualg-e-microsoft-juntam-se-para-lancar-curso-de-inteligencia-artificial-para-executivos\/educacao\/22\/22\/#primaryimage"},"thumbnailUrl":"https:\/\/algarve7.pt\/wp-content\/uploads\/2021\/06\/Microsoft_IA_4.jpg","datePublished":"2021-06-28T21:22:42+00:00","dateModified":"2021-06-28T21:22:47+00:00","description":"UAlg e Microsoft juntam-se para lan\u00e7ar curso de Intelig\u00eancia Artificial para Executivos Educa\u00e7\u00e3o","breadcrumb":{"@id":"https:\/\/algarve7.pt\/index.php\/2021\/06\/ualg-e-microsoft-juntam-se-para-lancar-curso-de-inteligencia-artificial-para-executivos\/educacao\/22\/22\/#breadcrumb"},"inLanguage":"pt-PT","potentialAction":[{"@type":"ReadAction","target":["https:\/\/algarve7.pt\/index.php\/2021\/06\/ualg-e-microsoft-juntam-se-para-lancar-curso-de-inteligencia-artificial-para-executivos\/educacao\/22\/22\/"]}]},{"@type":"ImageObject","inLanguage":"pt-PT","@id":"https:\/\/algarve7.pt\/index.php\/2021\/06\/ualg-e-microsoft-juntam-se-para-lancar-curso-de-inteligencia-artificial-para-executivos\/educacao\/22\/22\/#primaryimage","url":"https:\/\/algarve7.pt\/wp-content\/uploads\/2021\/06\/Microsoft_IA_4.jpg","contentUrl":"https:\/\/algarve7.pt\/wp-content\/uploads\/2021\/06\/Microsoft_IA_4.jpg","width":1920,"height":1280},{"@type":"BreadcrumbList","@id":"https:\/\/algarve7.pt\/index.php\/2021\/06\/ualg-e-microsoft-juntam-se-para-lancar-curso-de-inteligencia-artificial-para-executivos\/educacao\/22\/22\/#breadcrumb","itemListElement":[{"@type":"ListItem","position":1,"name":"In\u00edcio","item":"https:\/\/algarve7.pt\/"},{"@type":"ListItem","position":2,"name":"UAlg e Microsoft juntam-se para lan\u00e7ar curso de Intelig\u00eancia Artificial para Executivos"}]},{"@type":"WebSite","@id":"https:\/\/algarve7.pt\/#website","url":"https:\/\/algarve7.pt\/","name":"Algarve 7","description":"Informa\u00e7\u00e3o sobre o Algarve","publisher":{"@id":"https:\/\/algarve7.pt\/#organization"},"potentialAction":[{"@type":"SearchAction","target":{"@type":"EntryPoint","urlTemplate":"https:\/\/algarve7.pt\/?s={search_term_string}"},"query-input":{"@type":"PropertyValueSpecification","valueRequired":true,"valueName":"search_term_string"}}],"inLanguage":"pt-PT"},{"@type":"Organization","@id":"https:\/\/algarve7.pt\/#organization","name":"Algarve 7","url":"https:\/\/algarve7.pt\/","logo":{"@type":"ImageObject","inLanguage":"pt-PT","@id":"https:\/\/algarve7.pt\/#\/schema\/logo\/image\/","url":"https:\/\/algarve7.pt\/wp-content\/uploads\/2020\/10\/Logo-8.jpg","contentUrl":"https:\/\/algarve7.pt\/wp-content\/uploads\/2020\/10\/Logo-8.jpg","width":1680,"height":1186,"caption":"Algarve 7"},"image":{"@id":"https:\/\/algarve7.pt\/#\/schema\/logo\/image\/"},"sameAs":["https:\/\/www.facebook.com\/algarve7","https:\/\/x.com\/Algarvesete","https:\/\/www.instagram.com\/jornalalgarve7\/","https:\/\/www.linkedin.com\/company\/algarve7","https:\/\/www.pinterest.pt\/geral0939\/_created\/"]},{"@type":"Person","@id":"https:\/\/algarve7.pt\/#\/schema\/person\/23fa70681308e7b319a3204bcea45e0c","name":"Algarve 7","sameAs":["https:\/\/algarve7.pt","https:\/\/www.facebook.com\/algarve7"],"url":"https:\/\/algarve7.pt\/index.php\/author\/geralalgarve7-pt\/"}]}},"jetpack_publicize_connections":[],"jetpack_featured_media_url":"https:\/\/algarve7.pt\/wp-content\/uploads\/2021\/06\/Microsoft_IA_4.jpg","jetpack_shortlink":"https:\/\/wp.me\/pcezmW-2w2","jetpack_sharing_enabled":true,"_links":{"self":[{"href":"https:\/\/algarve7.pt\/index.php\/wp-json\/wp\/v2\/posts\/9674","targetHints":{"allow":["GET"]}}],"collection":[{"href":"https:\/\/algarve7.pt\/index.php\/wp-json\/wp\/v2\/posts"}],"about":[{"href":"https:\/\/algarve7.pt\/index.php\/wp-json\/wp\/v2\/types\/post"}],"author":[{"embeddable":true,"href":"https:\/\/algarve7.pt\/index.php\/wp-json\/wp\/v2\/users\/1"}],"replies":[{"embeddable":true,"href":"https:\/\/algarve7.pt\/index.php\/wp-json\/wp\/v2\/comments?post=9674"}],"version-history":[{"count":0,"href":"https:\/\/algarve7.pt\/index.php\/wp-json\/wp\/v2\/posts\/9674\/revisions"}],"wp:featuredmedia":[{"embeddable":true,"href":"https:\/\/algarve7.pt\/index.php\/wp-json\/wp\/v2\/media\/9675"}],"wp:attachment":[{"href":"https:\/\/algarve7.pt\/index.php\/wp-json\/wp\/v2\/media?parent=9674"}],"wp:term":[{"taxonomy":"category","embeddable":true,"href":"https:\/\/algarve7.pt\/index.php\/wp-json\/wp\/v2\/categories?post=9674"},{"taxonomy":"post_tag","embeddable":true,"href":"https:\/\/algarve7.pt\/index.php\/wp-json\/wp\/v2\/tags?post=9674"}],"curies":[{"name":"wp","href":"https:\/\/api.w.org\/{rel}","templated":true}]}}