{"id":9669,"date":"2021-06-28T12:43:00","date_gmt":"2021-06-28T11:43:00","guid":{"rendered":"https:\/\/algarve7.pt\/?p=9669"},"modified":"2021-06-28T11:44:06","modified_gmt":"2021-06-28T10:44:06","slug":"segunda-fase-da-estrategia-visao-zero-2030-em-curso","status":"publish","type":"post","link":"https:\/\/algarve7.pt\/index.php\/2021\/06\/segunda-fase-da-estrategia-visao-zero-2030-em-curso\/nacional\/12\/43\/","title":{"rendered":"Segunda fase da Estrat\u00e9gia Vis\u00e3o Zero 2030 em curso"},"content":{"rendered":"\n<p>A Autoridade Nacional de Seguran\u00e7a Rodovi\u00e1ria (ANSR) divulga hoje o primeiro relat\u00f3rio&nbsp;\u201ct\u00e9cnico-&nbsp;cient\u00edfico\u201d&nbsp;da segunda fase da Estrat\u00e9gia Nacional de Seguran\u00e7a Rodovi\u00e1ria 2021-2030:&nbsp;<strong>Vis\u00e3o Zero 2030&nbsp;<\/strong>e disponibiliza uma vers\u00e3o em ingl\u00eas do&nbsp;site Vis\u00e3o Zero 2030.<\/p>\n\n\n\n<p>A Autoridade Nacional de Seguran\u00e7a Rodovi\u00e1ria (ANSR) est\u00e1 a desenvolver a estrat\u00e9gia de seguran\u00e7a rodovi\u00e1ria para a pr\u00f3xima d\u00e9cada de 2021-2030. Este projeto tem tr\u00eas etapas: Fase 1 &#8211; Estabelecimento dos princ\u00edpios orientadores; Fase 2 &#8211; Relat\u00f3rios t\u00e9cnico-cient\u00edficos para apoio \u00e0 prepara\u00e7\u00e3o da nova estrat\u00e9gia e, finalmente, a Fase 3 na qual se estabelecer\u00e1 a vis\u00e3o estrat\u00e9gica e se elaborar\u00e1 o Plano de A\u00e7\u00e3o 2021-2022.<\/p>\n\n\n\n<p>Conclu\u00edda a Fase 1, a ANSR solicitou ao Laborat\u00f3rio Nacional de Engenharia Civil (LNEC) que desenvolvesse os relat\u00f3rios da Fase 2 conjuntamente com o Prof. Fred Wegman, da Universidade de Tecnologia de Delft. No relat\u00f3rio&nbsp;\u201c<strong>Fundamentos T\u00e9cnico-cient\u00edficos para a Estrat\u00e9gia de Seguran\u00e7a Rodovi\u00e1ria 2020-2030 &#8211; Situa\u00e7\u00e3o atual e desafios emergentes<\/strong>\u201d, que agora se divulga, e que contou igualmente com a colabora\u00e7\u00e3o e acompanhamento do Conselho Executivo de Especialistas, \u00e9 efetuada uma avalia\u00e7\u00e3o da situa\u00e7\u00e3o atual da seguran\u00e7a rodovi\u00e1ria, apresentando uma vis\u00e3o das quest\u00f5es de seguran\u00e7a mais relevantes em Portugal, e a discuss\u00e3o de tend\u00eancias emergentes no setor que muito provavelmente necessitar\u00e3o de ser tidas em conta durante o per\u00edodo de vig\u00eancia da&nbsp;<strong>Vis\u00e3o Zero 2030<\/strong>. Igualmente, cont\u00e9m uma an\u00e1lise do alinhamento do sistema rodovi\u00e1rio nacional com os princ\u00edpios do Sistema Seguro. S\u00e3o tamb\u00e9m examinados os contributos obtidos dos intervenientes p\u00fablicos e privados, bem como dos membros do Conselho N\u00e3o-Executivo de Especialistas, para considera\u00e7\u00e3o nas atividades seguintes da Fase 2.<\/p>\n\n\n\n<p><strong>ANSR disponibiliza Site Vis\u00e3o Zero 2030 em ingl\u00eas<\/strong><\/p>\n\n\n\n<p>Para acompanhar e ficar a conhecer detalhadamente todo o trabalho que se encontra em desenvolvimento, a ANSR desenvolveu o\u00a0site <a href=\"https:\/\/visaozero2030.pt\" target=\"_blank\" rel=\"noreferrer noopener\">Vis\u00e3o Zero 2030<\/a>\u00a0que, a partir de hoje, passa tamb\u00e9m a estar dispon\u00edvel na\u00a0l\u00edngua inglesa, ficando globalmente acess\u00edvel toda a informa\u00e7\u00e3o relevante sobre a estrat\u00e9gia, tais como os objetivos, a metodologia, a estrutura de gest\u00e3o e os relat\u00f3rios, documenta\u00e7\u00e3o relacionada com as pol\u00edticas de Seguran\u00e7a Rodovi\u00e1ria a n\u00edvel mundial, europeu e nacional, dados mais recentes relativos \u00e0 sinistralidade rodovi\u00e1ria nacional, para al\u00e9m da \u00e1rea dedicada ao Sistema Seguro, e aos seus princ\u00edpios, que s\u00e3o a base da Estrat\u00e9gia\u00a0<strong>Vis\u00e3o Zero 2030<\/strong>.<\/p>\n\n\n\n<p>Com a disponibiliza\u00e7\u00e3o desta plataforma, a ANSR d\u00e1 a conhecer a toda a sociedade, de uma forma transparente, o trabalho em desenvolvimento.<\/p>\n\n\n\n<p>Todos temos uma enorme responsabilidade no combate \u00e0 sinistralidade rodovi\u00e1ria. Se no final de cada dia de trabalho conseguirmos salvar uma vida, estaremos a dar um enorme contributo para um futuro melhor e a realizar-nos, atrav\u00e9s do melhor resultado que qualquer profissional pode almejar&nbsp;\u2013&nbsp;salvar vidas.<\/p>\n","protected":false},"excerpt":{"rendered":"<p>A Autoridade Nacional de Seguran\u00e7a Rodovi\u00e1ria (ANSR) divulga hoje o primeiro relat\u00f3rio&nbsp;\u201ct\u00e9cnico-&nbsp;cient\u00edfico\u201d&nbsp;da segunda fase da Estrat\u00e9gia Nacional de Seguran\u00e7a Rodovi\u00e1ria<\/p>\n","protected":false},"author":1,"featured_media":4189,"comment_status":"open","ping_status":"open","sticky":false,"template":"","format":"standard","meta":{"colormag_page_container_layout":"default_layout","colormag_page_sidebar_layout":"default_layout","_monsterinsights_skip_tracking":false,"_monsterinsights_sitenote_active":false,"_monsterinsights_sitenote_note":"","_monsterinsights_sitenote_category":0,"jetpack_post_was_ever_published":false,"_jetpack_newsletter_access":"","_jetpack_dont_email_post_to_subs":false,"_jetpack_newsletter_tier_id":0,"_jetpack_memberships_contains_paywalled_content":false,"_jetpack_memberships_contains_paid_content":false,"footnotes":"","jetpack_publicize_message":"","jetpack_publicize_feature_enabled":true,"jetpack_social_post_already_shared":true,"jetpack_social_options":{"image_generator_settings":{"template":"highway","default_image_id":0,"font":"","enabled":false},"version":2}},"categories":[189],"tags":[261,98],"class_list":["post-9669","post","type-post","status-publish","format-standard","has-post-thumbnail","hentry","category-nacional","tag-ansr","tag-nacional"],"yoast_head":"<!-- This site is optimized with the Yoast SEO plugin v27.5 - https:\/\/yoast.com\/product\/yoast-seo-wordpress\/ -->\n<title>Segunda fase da Estrat\u00e9gia Vis\u00e3o Zero 2030 em curso - Algarve 7<\/title>\n<meta name=\"description\" content=\"Segunda fase da Estrat\u00e9gia Vis\u00e3o Zero 2030 em curso Nacional\" \/>\n<meta name=\"robots\" content=\"index, follow, max-snippet:-1, max-image-preview:large, max-video-preview:-1\" \/>\n<link rel=\"canonical\" href=\"https:\/\/algarve7.pt\/index.php\/2021\/06\/segunda-fase-da-estrategia-visao-zero-2030-em-curso\/nacional\/12\/43\/\" \/>\n<meta property=\"og:locale\" content=\"pt_PT\" \/>\n<meta property=\"og:type\" content=\"article\" \/>\n<meta property=\"og:title\" content=\"Segunda fase da Estrat\u00e9gia Vis\u00e3o Zero 2030 em curso - Algarve 7\" \/>\n<meta property=\"og:description\" content=\"Segunda fase da Estrat\u00e9gia Vis\u00e3o Zero 2030 em curso Nacional\" \/>\n<meta property=\"og:url\" content=\"https:\/\/algarve7.pt\/index.php\/2021\/06\/segunda-fase-da-estrategia-visao-zero-2030-em-curso\/nacional\/12\/43\/\" \/>\n<meta property=\"og:site_name\" content=\"Algarve 7\" \/>\n<meta property=\"article:publisher\" content=\"https:\/\/www.facebook.com\/algarve7\" \/>\n<meta property=\"article:author\" content=\"https:\/\/www.facebook.com\/algarve7\" \/>\n<meta property=\"article:published_time\" content=\"2021-06-28T11:43:00+00:00\" \/>\n<meta property=\"og:image\" content=\"https:\/\/algarve7.pt\/wp-content\/uploads\/2020\/11\/ANSR.jpg\" \/>\n\t<meta property=\"og:image:width\" content=\"1920\" \/>\n\t<meta property=\"og:image:height\" content=\"996\" \/>\n\t<meta property=\"og:image:type\" content=\"image\/jpeg\" \/>\n<meta name=\"author\" content=\"Algarve 7\" \/>\n<meta name=\"twitter:card\" content=\"summary_large_image\" \/>\n<meta name=\"twitter:creator\" content=\"@Algarvesete\" \/>\n<meta name=\"twitter:site\" content=\"@Algarvesete\" \/>\n<meta name=\"twitter:label1\" content=\"Escrito por\" \/>\n\t<meta name=\"twitter:data1\" content=\"Algarve 7\" \/>\n\t<meta name=\"twitter:label2\" content=\"Tempo estimado de leitura\" \/>\n\t<meta name=\"twitter:data2\" content=\"2 minutos\" \/>\n<script type=\"application\/ld+json\" class=\"yoast-schema-graph\">{\"@context\":\"https:\\\/\\\/schema.org\",\"@graph\":[{\"@type\":\"Article\",\"@id\":\"https:\\\/\\\/algarve7.pt\\\/index.php\\\/2021\\\/06\\\/segunda-fase-da-estrategia-visao-zero-2030-em-curso\\\/nacional\\\/12\\\/43\\\/#article\",\"isPartOf\":{\"@id\":\"https:\\\/\\\/algarve7.pt\\\/index.php\\\/2021\\\/06\\\/segunda-fase-da-estrategia-visao-zero-2030-em-curso\\\/nacional\\\/12\\\/43\\\/\"},\"author\":{\"name\":\"Algarve 7\",\"@id\":\"https:\\\/\\\/algarve7.pt\\\/#\\\/schema\\\/person\\\/23fa70681308e7b319a3204bcea45e0c\"},\"headline\":\"Segunda fase da Estrat\u00e9gia Vis\u00e3o Zero 2030 em curso\",\"datePublished\":\"2021-06-28T11:43:00+00:00\",\"mainEntityOfPage\":{\"@id\":\"https:\\\/\\\/algarve7.pt\\\/index.php\\\/2021\\\/06\\\/segunda-fase-da-estrategia-visao-zero-2030-em-curso\\\/nacional\\\/12\\\/43\\\/\"},\"wordCount\":531,\"commentCount\":0,\"publisher\":{\"@id\":\"https:\\\/\\\/algarve7.pt\\\/#organization\"},\"image\":{\"@id\":\"https:\\\/\\\/algarve7.pt\\\/index.php\\\/2021\\\/06\\\/segunda-fase-da-estrategia-visao-zero-2030-em-curso\\\/nacional\\\/12\\\/43\\\/#primaryimage\"},\"thumbnailUrl\":\"https:\\\/\\\/algarve7.pt\\\/wp-content\\\/uploads\\\/2020\\\/11\\\/ANSR.jpg\",\"keywords\":[\"ANSR\",\"Nacional\"],\"articleSection\":[\"Nacional\"],\"inLanguage\":\"pt-PT\",\"potentialAction\":[{\"@type\":\"CommentAction\",\"name\":\"Comment\",\"target\":[\"https:\\\/\\\/algarve7.pt\\\/index.php\\\/2021\\\/06\\\/segunda-fase-da-estrategia-visao-zero-2030-em-curso\\\/nacional\\\/12\\\/43\\\/#respond\"]}]},{\"@type\":\"WebPage\",\"@id\":\"https:\\\/\\\/algarve7.pt\\\/index.php\\\/2021\\\/06\\\/segunda-fase-da-estrategia-visao-zero-2030-em-curso\\\/nacional\\\/12\\\/43\\\/\",\"url\":\"https:\\\/\\\/algarve7.pt\\\/index.php\\\/2021\\\/06\\\/segunda-fase-da-estrategia-visao-zero-2030-em-curso\\\/nacional\\\/12\\\/43\\\/\",\"name\":\"Segunda fase da Estrat\u00e9gia Vis\u00e3o Zero 2030 em curso - Algarve 7\",\"isPartOf\":{\"@id\":\"https:\\\/\\\/algarve7.pt\\\/#website\"},\"primaryImageOfPage\":{\"@id\":\"https:\\\/\\\/algarve7.pt\\\/index.php\\\/2021\\\/06\\\/segunda-fase-da-estrategia-visao-zero-2030-em-curso\\\/nacional\\\/12\\\/43\\\/#primaryimage\"},\"image\":{\"@id\":\"https:\\\/\\\/algarve7.pt\\\/index.php\\\/2021\\\/06\\\/segunda-fase-da-estrategia-visao-zero-2030-em-curso\\\/nacional\\\/12\\\/43\\\/#primaryimage\"},\"thumbnailUrl\":\"https:\\\/\\\/algarve7.pt\\\/wp-content\\\/uploads\\\/2020\\\/11\\\/ANSR.jpg\",\"datePublished\":\"2021-06-28T11:43:00+00:00\",\"description\":\"Segunda fase da Estrat\u00e9gia Vis\u00e3o Zero 2030 em curso Nacional\",\"breadcrumb\":{\"@id\":\"https:\\\/\\\/algarve7.pt\\\/index.php\\\/2021\\\/06\\\/segunda-fase-da-estrategia-visao-zero-2030-em-curso\\\/nacional\\\/12\\\/43\\\/#breadcrumb\"},\"inLanguage\":\"pt-PT\",\"potentialAction\":[{\"@type\":\"ReadAction\",\"target\":[\"https:\\\/\\\/algarve7.pt\\\/index.php\\\/2021\\\/06\\\/segunda-fase-da-estrategia-visao-zero-2030-em-curso\\\/nacional\\\/12\\\/43\\\/\"]}]},{\"@type\":\"ImageObject\",\"inLanguage\":\"pt-PT\",\"@id\":\"https:\\\/\\\/algarve7.pt\\\/index.php\\\/2021\\\/06\\\/segunda-fase-da-estrategia-visao-zero-2030-em-curso\\\/nacional\\\/12\\\/43\\\/#primaryimage\",\"url\":\"https:\\\/\\\/algarve7.pt\\\/wp-content\\\/uploads\\\/2020\\\/11\\\/ANSR.jpg\",\"contentUrl\":\"https:\\\/\\\/algarve7.pt\\\/wp-content\\\/uploads\\\/2020\\\/11\\\/ANSR.jpg\",\"width\":1920,\"height\":996},{\"@type\":\"BreadcrumbList\",\"@id\":\"https:\\\/\\\/algarve7.pt\\\/index.php\\\/2021\\\/06\\\/segunda-fase-da-estrategia-visao-zero-2030-em-curso\\\/nacional\\\/12\\\/43\\\/#breadcrumb\",\"itemListElement\":[{\"@type\":\"ListItem\",\"position\":1,\"name\":\"In\u00edcio\",\"item\":\"https:\\\/\\\/algarve7.pt\\\/\"},{\"@type\":\"ListItem\",\"position\":2,\"name\":\"Segunda fase da Estrat\u00e9gia Vis\u00e3o Zero 2030 em curso\"}]},{\"@type\":\"WebSite\",\"@id\":\"https:\\\/\\\/algarve7.pt\\\/#website\",\"url\":\"https:\\\/\\\/algarve7.pt\\\/\",\"name\":\"Algarve 7\",\"description\":\"Informa\u00e7\u00e3o sobre o Algarve\",\"publisher\":{\"@id\":\"https:\\\/\\\/algarve7.pt\\\/#organization\"},\"potentialAction\":[{\"@type\":\"SearchAction\",\"target\":{\"@type\":\"EntryPoint\",\"urlTemplate\":\"https:\\\/\\\/algarve7.pt\\\/?s={search_term_string}\"},\"query-input\":{\"@type\":\"PropertyValueSpecification\",\"valueRequired\":true,\"valueName\":\"search_term_string\"}}],\"inLanguage\":\"pt-PT\"},{\"@type\":\"Organization\",\"@id\":\"https:\\\/\\\/algarve7.pt\\\/#organization\",\"name\":\"Algarve 7\",\"url\":\"https:\\\/\\\/algarve7.pt\\\/\",\"logo\":{\"@type\":\"ImageObject\",\"inLanguage\":\"pt-PT\",\"@id\":\"https:\\\/\\\/algarve7.pt\\\/#\\\/schema\\\/logo\\\/image\\\/\",\"url\":\"https:\\\/\\\/algarve7.pt\\\/wp-content\\\/uploads\\\/2020\\\/10\\\/Logo-8.jpg\",\"contentUrl\":\"https:\\\/\\\/algarve7.pt\\\/wp-content\\\/uploads\\\/2020\\\/10\\\/Logo-8.jpg\",\"width\":1680,\"height\":1186,\"caption\":\"Algarve 7\"},\"image\":{\"@id\":\"https:\\\/\\\/algarve7.pt\\\/#\\\/schema\\\/logo\\\/image\\\/\"},\"sameAs\":[\"https:\\\/\\\/www.facebook.com\\\/algarve7\",\"https:\\\/\\\/x.com\\\/Algarvesete\",\"https:\\\/\\\/www.instagram.com\\\/jornalalgarve7\\\/\",\"https:\\\/\\\/www.linkedin.com\\\/company\\\/algarve7\",\"https:\\\/\\\/www.pinterest.pt\\\/geral0939\\\/_created\\\/\"]},{\"@type\":\"Person\",\"@id\":\"https:\\\/\\\/algarve7.pt\\\/#\\\/schema\\\/person\\\/23fa70681308e7b319a3204bcea45e0c\",\"name\":\"Algarve 7\",\"sameAs\":[\"https:\\\/\\\/algarve7.pt\",\"https:\\\/\\\/www.facebook.com\\\/algarve7\"],\"url\":\"https:\\\/\\\/algarve7.pt\\\/index.php\\\/author\\\/geralalgarve7-pt\\\/\"}]}<\/script>\n<!-- \/ Yoast SEO plugin. -->","yoast_head_json":{"title":"Segunda fase da Estrat\u00e9gia Vis\u00e3o Zero 2030 em curso - Algarve 7","description":"Segunda fase da Estrat\u00e9gia Vis\u00e3o Zero 2030 em curso Nacional","robots":{"index":"index","follow":"follow","max-snippet":"max-snippet:-1","max-image-preview":"max-image-preview:large","max-video-preview":"max-video-preview:-1"},"canonical":"https:\/\/algarve7.pt\/index.php\/2021\/06\/segunda-fase-da-estrategia-visao-zero-2030-em-curso\/nacional\/12\/43\/","og_locale":"pt_PT","og_type":"article","og_title":"Segunda fase da Estrat\u00e9gia Vis\u00e3o Zero 2030 em curso - Algarve 7","og_description":"Segunda fase da Estrat\u00e9gia Vis\u00e3o Zero 2030 em curso Nacional","og_url":"https:\/\/algarve7.pt\/index.php\/2021\/06\/segunda-fase-da-estrategia-visao-zero-2030-em-curso\/nacional\/12\/43\/","og_site_name":"Algarve 7","article_publisher":"https:\/\/www.facebook.com\/algarve7","article_author":"https:\/\/www.facebook.com\/algarve7","article_published_time":"2021-06-28T11:43:00+00:00","og_image":[{"width":1920,"height":996,"url":"https:\/\/algarve7.pt\/wp-content\/uploads\/2020\/11\/ANSR.jpg","type":"image\/jpeg"}],"author":"Algarve 7","twitter_card":"summary_large_image","twitter_creator":"@Algarvesete","twitter_site":"@Algarvesete","twitter_misc":{"Escrito por":"Algarve 7","Tempo estimado de leitura":"2 minutos"},"schema":{"@context":"https:\/\/schema.org","@graph":[{"@type":"Article","@id":"https:\/\/algarve7.pt\/index.php\/2021\/06\/segunda-fase-da-estrategia-visao-zero-2030-em-curso\/nacional\/12\/43\/#article","isPartOf":{"@id":"https:\/\/algarve7.pt\/index.php\/2021\/06\/segunda-fase-da-estrategia-visao-zero-2030-em-curso\/nacional\/12\/43\/"},"author":{"name":"Algarve 7","@id":"https:\/\/algarve7.pt\/#\/schema\/person\/23fa70681308e7b319a3204bcea45e0c"},"headline":"Segunda fase da Estrat\u00e9gia Vis\u00e3o Zero 2030 em curso","datePublished":"2021-06-28T11:43:00+00:00","mainEntityOfPage":{"@id":"https:\/\/algarve7.pt\/index.php\/2021\/06\/segunda-fase-da-estrategia-visao-zero-2030-em-curso\/nacional\/12\/43\/"},"wordCount":531,"commentCount":0,"publisher":{"@id":"https:\/\/algarve7.pt\/#organization"},"image":{"@id":"https:\/\/algarve7.pt\/index.php\/2021\/06\/segunda-fase-da-estrategia-visao-zero-2030-em-curso\/nacional\/12\/43\/#primaryimage"},"thumbnailUrl":"https:\/\/algarve7.pt\/wp-content\/uploads\/2020\/11\/ANSR.jpg","keywords":["ANSR","Nacional"],"articleSection":["Nacional"],"inLanguage":"pt-PT","potentialAction":[{"@type":"CommentAction","name":"Comment","target":["https:\/\/algarve7.pt\/index.php\/2021\/06\/segunda-fase-da-estrategia-visao-zero-2030-em-curso\/nacional\/12\/43\/#respond"]}]},{"@type":"WebPage","@id":"https:\/\/algarve7.pt\/index.php\/2021\/06\/segunda-fase-da-estrategia-visao-zero-2030-em-curso\/nacional\/12\/43\/","url":"https:\/\/algarve7.pt\/index.php\/2021\/06\/segunda-fase-da-estrategia-visao-zero-2030-em-curso\/nacional\/12\/43\/","name":"Segunda fase da Estrat\u00e9gia Vis\u00e3o Zero 2030 em curso - Algarve 7","isPartOf":{"@id":"https:\/\/algarve7.pt\/#website"},"primaryImageOfPage":{"@id":"https:\/\/algarve7.pt\/index.php\/2021\/06\/segunda-fase-da-estrategia-visao-zero-2030-em-curso\/nacional\/12\/43\/#primaryimage"},"image":{"@id":"https:\/\/algarve7.pt\/index.php\/2021\/06\/segunda-fase-da-estrategia-visao-zero-2030-em-curso\/nacional\/12\/43\/#primaryimage"},"thumbnailUrl":"https:\/\/algarve7.pt\/wp-content\/uploads\/2020\/11\/ANSR.jpg","datePublished":"2021-06-28T11:43:00+00:00","description":"Segunda fase da Estrat\u00e9gia Vis\u00e3o Zero 2030 em curso Nacional","breadcrumb":{"@id":"https:\/\/algarve7.pt\/index.php\/2021\/06\/segunda-fase-da-estrategia-visao-zero-2030-em-curso\/nacional\/12\/43\/#breadcrumb"},"inLanguage":"pt-PT","potentialAction":[{"@type":"ReadAction","target":["https:\/\/algarve7.pt\/index.php\/2021\/06\/segunda-fase-da-estrategia-visao-zero-2030-em-curso\/nacional\/12\/43\/"]}]},{"@type":"ImageObject","inLanguage":"pt-PT","@id":"https:\/\/algarve7.pt\/index.php\/2021\/06\/segunda-fase-da-estrategia-visao-zero-2030-em-curso\/nacional\/12\/43\/#primaryimage","url":"https:\/\/algarve7.pt\/wp-content\/uploads\/2020\/11\/ANSR.jpg","contentUrl":"https:\/\/algarve7.pt\/wp-content\/uploads\/2020\/11\/ANSR.jpg","width":1920,"height":996},{"@type":"BreadcrumbList","@id":"https:\/\/algarve7.pt\/index.php\/2021\/06\/segunda-fase-da-estrategia-visao-zero-2030-em-curso\/nacional\/12\/43\/#breadcrumb","itemListElement":[{"@type":"ListItem","position":1,"name":"In\u00edcio","item":"https:\/\/algarve7.pt\/"},{"@type":"ListItem","position":2,"name":"Segunda fase da Estrat\u00e9gia Vis\u00e3o Zero 2030 em curso"}]},{"@type":"WebSite","@id":"https:\/\/algarve7.pt\/#website","url":"https:\/\/algarve7.pt\/","name":"Algarve 7","description":"Informa\u00e7\u00e3o sobre o Algarve","publisher":{"@id":"https:\/\/algarve7.pt\/#organization"},"potentialAction":[{"@type":"SearchAction","target":{"@type":"EntryPoint","urlTemplate":"https:\/\/algarve7.pt\/?s={search_term_string}"},"query-input":{"@type":"PropertyValueSpecification","valueRequired":true,"valueName":"search_term_string"}}],"inLanguage":"pt-PT"},{"@type":"Organization","@id":"https:\/\/algarve7.pt\/#organization","name":"Algarve 7","url":"https:\/\/algarve7.pt\/","logo":{"@type":"ImageObject","inLanguage":"pt-PT","@id":"https:\/\/algarve7.pt\/#\/schema\/logo\/image\/","url":"https:\/\/algarve7.pt\/wp-content\/uploads\/2020\/10\/Logo-8.jpg","contentUrl":"https:\/\/algarve7.pt\/wp-content\/uploads\/2020\/10\/Logo-8.jpg","width":1680,"height":1186,"caption":"Algarve 7"},"image":{"@id":"https:\/\/algarve7.pt\/#\/schema\/logo\/image\/"},"sameAs":["https:\/\/www.facebook.com\/algarve7","https:\/\/x.com\/Algarvesete","https:\/\/www.instagram.com\/jornalalgarve7\/","https:\/\/www.linkedin.com\/company\/algarve7","https:\/\/www.pinterest.pt\/geral0939\/_created\/"]},{"@type":"Person","@id":"https:\/\/algarve7.pt\/#\/schema\/person\/23fa70681308e7b319a3204bcea45e0c","name":"Algarve 7","sameAs":["https:\/\/algarve7.pt","https:\/\/www.facebook.com\/algarve7"],"url":"https:\/\/algarve7.pt\/index.php\/author\/geralalgarve7-pt\/"}]}},"jetpack_publicize_connections":[],"jetpack_featured_media_url":"https:\/\/algarve7.pt\/wp-content\/uploads\/2020\/11\/ANSR.jpg","jetpack_shortlink":"https:\/\/wp.me\/pcezmW-2vX","jetpack_sharing_enabled":true,"_links":{"self":[{"href":"https:\/\/algarve7.pt\/index.php\/wp-json\/wp\/v2\/posts\/9669","targetHints":{"allow":["GET"]}}],"collection":[{"href":"https:\/\/algarve7.pt\/index.php\/wp-json\/wp\/v2\/posts"}],"about":[{"href":"https:\/\/algarve7.pt\/index.php\/wp-json\/wp\/v2\/types\/post"}],"author":[{"embeddable":true,"href":"https:\/\/algarve7.pt\/index.php\/wp-json\/wp\/v2\/users\/1"}],"replies":[{"embeddable":true,"href":"https:\/\/algarve7.pt\/index.php\/wp-json\/wp\/v2\/comments?post=9669"}],"version-history":[{"count":0,"href":"https:\/\/algarve7.pt\/index.php\/wp-json\/wp\/v2\/posts\/9669\/revisions"}],"wp:featuredmedia":[{"embeddable":true,"href":"https:\/\/algarve7.pt\/index.php\/wp-json\/wp\/v2\/media\/4189"}],"wp:attachment":[{"href":"https:\/\/algarve7.pt\/index.php\/wp-json\/wp\/v2\/media?parent=9669"}],"wp:term":[{"taxonomy":"category","embeddable":true,"href":"https:\/\/algarve7.pt\/index.php\/wp-json\/wp\/v2\/categories?post=9669"},{"taxonomy":"post_tag","embeddable":true,"href":"https:\/\/algarve7.pt\/index.php\/wp-json\/wp\/v2\/tags?post=9669"}],"curies":[{"name":"wp","href":"https:\/\/api.w.org\/{rel}","templated":true}]}}