{"id":9575,"date":"2021-06-24T17:20:09","date_gmt":"2021-06-24T16:20:09","guid":{"rendered":"https:\/\/algarve7.pt\/?p=9575"},"modified":"2021-06-24T17:20:13","modified_gmt":"2021-06-24T16:20:13","slug":"municipio-de-sao-bras-de-alportel-atribuiu-voto-de-louvor-a-luis-viriato-e-filipa-viriato","status":"publish","type":"post","link":"https:\/\/algarve7.pt\/index.php\/2021\/06\/municipio-de-sao-bras-de-alportel-atribuiu-voto-de-louvor-a-luis-viriato-e-filipa-viriato\/atualidade\/17\/20\/","title":{"rendered":"Munic\u00edpio de S\u00e3o Br\u00e1s de Alportel atribuiu voto de louvor a Lu\u00eds Viriato e Filipa Viriato"},"content":{"rendered":"\n<p>O Munic\u00edpio de S\u00e3o Br\u00e1s de Alportel entregou esta ter\u00e7a-feira, dia 22 de junho, um voto de louvor a Lu\u00eds Viriato e Filipa Viriato, pelo seu merit\u00f3rio contributo solid\u00e1rio e altru\u00edsta para a comunidade s\u00e3o-brasense, durante perto de uma d\u00e9cada, enquanto oficiais dirigentes do N\u00facleo local de S\u00e3o Br\u00e1s de Alportel do Ex\u00e9rcito de Salva\u00e7\u00e3o, no momento em que terminam mais uma etapa do seu percurso social e c\u00edvico e abra\u00e7am nova miss\u00e3o, rumo \u00e0 Inglaterra.<\/p>\n\n\n\n<p>Ao longo de quase 10 anos, Luis e Filipa Viriato honraram e aprofundaram a participa\u00e7\u00e3o c\u00edvica e solid\u00e1ria do N\u00facleo Local do Ex\u00e9rcito de Salva\u00e7\u00e3o, &nbsp;membro ativo da Rede Social do concelho, parte integrantes de um numeroso conjunto de projetos e iniciativas aos quais o casal de oficiais se entregaram com abnegada entrega e exemplar dedica\u00e7\u00e3o no servi\u00e7o aos outros.<\/p>\n\n\n\n<p>A prof\u00edcua parceria em prol da concretiza\u00e7\u00e3o de projetos solid\u00e1rios da maior relev\u00e2ncia para a comunidade s\u00e3o-brasense consubstanciou-se no desenvolvimento de um conjunto de projetos, entre os quais a Plataforma Local de Ajuda Alimentar, a Loja Social, o Mercadinho Solid\u00e1rio, o Jantar Solid\u00e1rio e o Armaz\u00e9m Social e na participa\u00e7\u00e3o ativa num conjunto de estruturas entre as quais a Comiss\u00e3o Municipal de Habita\u00e7\u00e3o e o Conselho Local de A\u00e7\u00e3o Social de S\u00e3o Br\u00e1s de Alportel.<\/p>\n\n\n\n<p>O voto de louvor foi aprovado, por unanimidade, e em Reuni\u00e3o de C\u00e2mara de 8 de junho e entregue pelo executivo municipal esta ter\u00e7a-feira, no Espa\u00e7o Mem\u00f3ria do Munic\u00edpio, no edif\u00edcio dos Pa\u00e7os do Concelho.<\/p>\n","protected":false},"excerpt":{"rendered":"<p>O Munic\u00edpio de S\u00e3o Br\u00e1s de Alportel entregou esta ter\u00e7a-feira, dia 22 de junho, um voto de louvor a Lu\u00eds<\/p>\n","protected":false},"author":1,"featured_media":9576,"comment_status":"closed","ping_status":"open","sticky":false,"template":"","format":"standard","meta":{"colormag_page_container_layout":"default_layout","colormag_page_sidebar_layout":"default_layout","_monsterinsights_skip_tracking":false,"_monsterinsights_sitenote_active":false,"_monsterinsights_sitenote_note":"","_monsterinsights_sitenote_category":0,"jetpack_post_was_ever_published":false,"_jetpack_newsletter_access":"","_jetpack_dont_email_post_to_subs":false,"_jetpack_newsletter_tier_id":0,"_jetpack_memberships_contains_paywalled_content":false,"_jetpack_memberships_contains_paid_content":false,"footnotes":"","jetpack_publicize_message":"","jetpack_publicize_feature_enabled":true,"jetpack_social_post_already_shared":true,"jetpack_social_options":{"image_generator_settings":{"template":"highway","default_image_id":0,"font":"","enabled":false},"version":2}},"categories":[11],"tags":[36,62,63],"class_list":["post-9575","post","type-post","status-publish","format-standard","has-post-thumbnail","hentry","category-atualidade","tag-algarve","tag-atualidade","tag-sao-bras-de-alportel"],"yoast_head":"<!-- This site is optimized with the Yoast SEO plugin v27.5 - https:\/\/yoast.com\/product\/yoast-seo-wordpress\/ -->\n<title>Munic\u00edpio de S\u00e3o Br\u00e1s de Alportel atribuiu voto de louvor a Lu\u00eds Viriato e Filipa Viriato - Algarve 7<\/title>\n<meta name=\"description\" content=\"Munic\u00edpio de S\u00e3o Br\u00e1s de Alportel atribuiu voto de louvor a Lu\u00eds Viriato e Filipa Viriato Atualidade\" \/>\n<meta name=\"robots\" content=\"index, follow, max-snippet:-1, max-image-preview:large, max-video-preview:-1\" \/>\n<link rel=\"canonical\" href=\"https:\/\/algarve7.pt\/index.php\/2021\/06\/municipio-de-sao-bras-de-alportel-atribuiu-voto-de-louvor-a-luis-viriato-e-filipa-viriato\/atualidade\/17\/20\/\" \/>\n<meta property=\"og:locale\" content=\"pt_PT\" \/>\n<meta property=\"og:type\" content=\"article\" \/>\n<meta property=\"og:title\" content=\"Munic\u00edpio de S\u00e3o Br\u00e1s de Alportel atribuiu voto de louvor a Lu\u00eds Viriato e Filipa Viriato - Algarve 7\" \/>\n<meta property=\"og:description\" content=\"Munic\u00edpio de S\u00e3o Br\u00e1s de Alportel atribuiu voto de louvor a Lu\u00eds Viriato e Filipa Viriato Atualidade\" \/>\n<meta property=\"og:url\" content=\"https:\/\/algarve7.pt\/index.php\/2021\/06\/municipio-de-sao-bras-de-alportel-atribuiu-voto-de-louvor-a-luis-viriato-e-filipa-viriato\/atualidade\/17\/20\/\" \/>\n<meta property=\"og:site_name\" content=\"Algarve 7\" \/>\n<meta property=\"article:publisher\" content=\"https:\/\/www.facebook.com\/algarve7\" \/>\n<meta property=\"article:author\" content=\"https:\/\/www.facebook.com\/algarve7\" \/>\n<meta property=\"article:published_time\" content=\"2021-06-24T16:20:09+00:00\" \/>\n<meta property=\"article:modified_time\" content=\"2021-06-24T16:20:13+00:00\" \/>\n<meta property=\"og:image\" content=\"https:\/\/algarve7.pt\/wp-content\/uploads\/2021\/06\/voto-louvor_exercito-salvacao.jpg\" \/>\n\t<meta property=\"og:image:width\" content=\"1796\" \/>\n\t<meta property=\"og:image:height\" content=\"1096\" \/>\n\t<meta property=\"og:image:type\" content=\"image\/jpeg\" \/>\n<meta name=\"author\" content=\"Algarve 7\" \/>\n<meta name=\"twitter:card\" content=\"summary_large_image\" \/>\n<meta name=\"twitter:creator\" content=\"@Algarvesete\" \/>\n<meta name=\"twitter:site\" content=\"@Algarvesete\" \/>\n<meta name=\"twitter:label1\" content=\"Escrito por\" \/>\n\t<meta name=\"twitter:data1\" content=\"Algarve 7\" \/>\n\t<meta name=\"twitter:label2\" content=\"Tempo estimado de leitura\" \/>\n\t<meta name=\"twitter:data2\" content=\"2 minutos\" \/>\n<script type=\"application\/ld+json\" class=\"yoast-schema-graph\">{\"@context\":\"https:\\\/\\\/schema.org\",\"@graph\":[{\"@type\":\"Article\",\"@id\":\"https:\\\/\\\/algarve7.pt\\\/index.php\\\/2021\\\/06\\\/municipio-de-sao-bras-de-alportel-atribuiu-voto-de-louvor-a-luis-viriato-e-filipa-viriato\\\/atualidade\\\/17\\\/20\\\/#article\",\"isPartOf\":{\"@id\":\"https:\\\/\\\/algarve7.pt\\\/index.php\\\/2021\\\/06\\\/municipio-de-sao-bras-de-alportel-atribuiu-voto-de-louvor-a-luis-viriato-e-filipa-viriato\\\/atualidade\\\/17\\\/20\\\/\"},\"author\":{\"name\":\"Algarve 7\",\"@id\":\"https:\\\/\\\/algarve7.pt\\\/#\\\/schema\\\/person\\\/23fa70681308e7b319a3204bcea45e0c\"},\"headline\":\"Munic\u00edpio de S\u00e3o Br\u00e1s de Alportel atribuiu voto de louvor a Lu\u00eds Viriato e Filipa Viriato\",\"datePublished\":\"2021-06-24T16:20:09+00:00\",\"dateModified\":\"2021-06-24T16:20:13+00:00\",\"mainEntityOfPage\":{\"@id\":\"https:\\\/\\\/algarve7.pt\\\/index.php\\\/2021\\\/06\\\/municipio-de-sao-bras-de-alportel-atribuiu-voto-de-louvor-a-luis-viriato-e-filipa-viriato\\\/atualidade\\\/17\\\/20\\\/\"},\"wordCount\":311,\"publisher\":{\"@id\":\"https:\\\/\\\/algarve7.pt\\\/#organization\"},\"image\":{\"@id\":\"https:\\\/\\\/algarve7.pt\\\/index.php\\\/2021\\\/06\\\/municipio-de-sao-bras-de-alportel-atribuiu-voto-de-louvor-a-luis-viriato-e-filipa-viriato\\\/atualidade\\\/17\\\/20\\\/#primaryimage\"},\"thumbnailUrl\":\"https:\\\/\\\/algarve7.pt\\\/wp-content\\\/uploads\\\/2021\\\/06\\\/voto-louvor_exercito-salvacao.jpg\",\"keywords\":[\"Algarve\",\"Atualidade\",\"S\u00e3o Br\u00e1s de Alportel\"],\"articleSection\":[\"Atualidade\"],\"inLanguage\":\"pt-PT\"},{\"@type\":\"WebPage\",\"@id\":\"https:\\\/\\\/algarve7.pt\\\/index.php\\\/2021\\\/06\\\/municipio-de-sao-bras-de-alportel-atribuiu-voto-de-louvor-a-luis-viriato-e-filipa-viriato\\\/atualidade\\\/17\\\/20\\\/\",\"url\":\"https:\\\/\\\/algarve7.pt\\\/index.php\\\/2021\\\/06\\\/municipio-de-sao-bras-de-alportel-atribuiu-voto-de-louvor-a-luis-viriato-e-filipa-viriato\\\/atualidade\\\/17\\\/20\\\/\",\"name\":\"Munic\u00edpio de S\u00e3o Br\u00e1s de Alportel atribuiu voto de louvor a Lu\u00eds Viriato e Filipa Viriato - Algarve 7\",\"isPartOf\":{\"@id\":\"https:\\\/\\\/algarve7.pt\\\/#website\"},\"primaryImageOfPage\":{\"@id\":\"https:\\\/\\\/algarve7.pt\\\/index.php\\\/2021\\\/06\\\/municipio-de-sao-bras-de-alportel-atribuiu-voto-de-louvor-a-luis-viriato-e-filipa-viriato\\\/atualidade\\\/17\\\/20\\\/#primaryimage\"},\"image\":{\"@id\":\"https:\\\/\\\/algarve7.pt\\\/index.php\\\/2021\\\/06\\\/municipio-de-sao-bras-de-alportel-atribuiu-voto-de-louvor-a-luis-viriato-e-filipa-viriato\\\/atualidade\\\/17\\\/20\\\/#primaryimage\"},\"thumbnailUrl\":\"https:\\\/\\\/algarve7.pt\\\/wp-content\\\/uploads\\\/2021\\\/06\\\/voto-louvor_exercito-salvacao.jpg\",\"datePublished\":\"2021-06-24T16:20:09+00:00\",\"dateModified\":\"2021-06-24T16:20:13+00:00\",\"description\":\"Munic\u00edpio de S\u00e3o Br\u00e1s de Alportel atribuiu voto de louvor a Lu\u00eds Viriato e Filipa Viriato Atualidade\",\"breadcrumb\":{\"@id\":\"https:\\\/\\\/algarve7.pt\\\/index.php\\\/2021\\\/06\\\/municipio-de-sao-bras-de-alportel-atribuiu-voto-de-louvor-a-luis-viriato-e-filipa-viriato\\\/atualidade\\\/17\\\/20\\\/#breadcrumb\"},\"inLanguage\":\"pt-PT\",\"potentialAction\":[{\"@type\":\"ReadAction\",\"target\":[\"https:\\\/\\\/algarve7.pt\\\/index.php\\\/2021\\\/06\\\/municipio-de-sao-bras-de-alportel-atribuiu-voto-de-louvor-a-luis-viriato-e-filipa-viriato\\\/atualidade\\\/17\\\/20\\\/\"]}]},{\"@type\":\"ImageObject\",\"inLanguage\":\"pt-PT\",\"@id\":\"https:\\\/\\\/algarve7.pt\\\/index.php\\\/2021\\\/06\\\/municipio-de-sao-bras-de-alportel-atribuiu-voto-de-louvor-a-luis-viriato-e-filipa-viriato\\\/atualidade\\\/17\\\/20\\\/#primaryimage\",\"url\":\"https:\\\/\\\/algarve7.pt\\\/wp-content\\\/uploads\\\/2021\\\/06\\\/voto-louvor_exercito-salvacao.jpg\",\"contentUrl\":\"https:\\\/\\\/algarve7.pt\\\/wp-content\\\/uploads\\\/2021\\\/06\\\/voto-louvor_exercito-salvacao.jpg\",\"width\":1796,\"height\":1096},{\"@type\":\"BreadcrumbList\",\"@id\":\"https:\\\/\\\/algarve7.pt\\\/index.php\\\/2021\\\/06\\\/municipio-de-sao-bras-de-alportel-atribuiu-voto-de-louvor-a-luis-viriato-e-filipa-viriato\\\/atualidade\\\/17\\\/20\\\/#breadcrumb\",\"itemListElement\":[{\"@type\":\"ListItem\",\"position\":1,\"name\":\"In\u00edcio\",\"item\":\"https:\\\/\\\/algarve7.pt\\\/\"},{\"@type\":\"ListItem\",\"position\":2,\"name\":\"Munic\u00edpio de S\u00e3o Br\u00e1s de Alportel atribuiu voto de louvor a Lu\u00eds Viriato e Filipa Viriato\"}]},{\"@type\":\"WebSite\",\"@id\":\"https:\\\/\\\/algarve7.pt\\\/#website\",\"url\":\"https:\\\/\\\/algarve7.pt\\\/\",\"name\":\"Algarve 7\",\"description\":\"Informa\u00e7\u00e3o sobre o Algarve\",\"publisher\":{\"@id\":\"https:\\\/\\\/algarve7.pt\\\/#organization\"},\"potentialAction\":[{\"@type\":\"SearchAction\",\"target\":{\"@type\":\"EntryPoint\",\"urlTemplate\":\"https:\\\/\\\/algarve7.pt\\\/?s={search_term_string}\"},\"query-input\":{\"@type\":\"PropertyValueSpecification\",\"valueRequired\":true,\"valueName\":\"search_term_string\"}}],\"inLanguage\":\"pt-PT\"},{\"@type\":\"Organization\",\"@id\":\"https:\\\/\\\/algarve7.pt\\\/#organization\",\"name\":\"Algarve 7\",\"url\":\"https:\\\/\\\/algarve7.pt\\\/\",\"logo\":{\"@type\":\"ImageObject\",\"inLanguage\":\"pt-PT\",\"@id\":\"https:\\\/\\\/algarve7.pt\\\/#\\\/schema\\\/logo\\\/image\\\/\",\"url\":\"https:\\\/\\\/algarve7.pt\\\/wp-content\\\/uploads\\\/2020\\\/10\\\/Logo-8.jpg\",\"contentUrl\":\"https:\\\/\\\/algarve7.pt\\\/wp-content\\\/uploads\\\/2020\\\/10\\\/Logo-8.jpg\",\"width\":1680,\"height\":1186,\"caption\":\"Algarve 7\"},\"image\":{\"@id\":\"https:\\\/\\\/algarve7.pt\\\/#\\\/schema\\\/logo\\\/image\\\/\"},\"sameAs\":[\"https:\\\/\\\/www.facebook.com\\\/algarve7\",\"https:\\\/\\\/x.com\\\/Algarvesete\",\"https:\\\/\\\/www.instagram.com\\\/jornalalgarve7\\\/\",\"https:\\\/\\\/www.linkedin.com\\\/company\\\/algarve7\",\"https:\\\/\\\/www.pinterest.pt\\\/geral0939\\\/_created\\\/\"]},{\"@type\":\"Person\",\"@id\":\"https:\\\/\\\/algarve7.pt\\\/#\\\/schema\\\/person\\\/23fa70681308e7b319a3204bcea45e0c\",\"name\":\"Algarve 7\",\"sameAs\":[\"https:\\\/\\\/algarve7.pt\",\"https:\\\/\\\/www.facebook.com\\\/algarve7\"],\"url\":\"https:\\\/\\\/algarve7.pt\\\/index.php\\\/author\\\/geralalgarve7-pt\\\/\"}]}<\/script>\n<!-- \/ Yoast SEO plugin. -->","yoast_head_json":{"title":"Munic\u00edpio de S\u00e3o Br\u00e1s de Alportel atribuiu voto de louvor a Lu\u00eds Viriato e Filipa Viriato - Algarve 7","description":"Munic\u00edpio de S\u00e3o Br\u00e1s de Alportel atribuiu voto de louvor a Lu\u00eds Viriato e Filipa Viriato Atualidade","robots":{"index":"index","follow":"follow","max-snippet":"max-snippet:-1","max-image-preview":"max-image-preview:large","max-video-preview":"max-video-preview:-1"},"canonical":"https:\/\/algarve7.pt\/index.php\/2021\/06\/municipio-de-sao-bras-de-alportel-atribuiu-voto-de-louvor-a-luis-viriato-e-filipa-viriato\/atualidade\/17\/20\/","og_locale":"pt_PT","og_type":"article","og_title":"Munic\u00edpio de S\u00e3o Br\u00e1s de Alportel atribuiu voto de louvor a Lu\u00eds Viriato e Filipa Viriato - Algarve 7","og_description":"Munic\u00edpio de S\u00e3o Br\u00e1s de Alportel atribuiu voto de louvor a Lu\u00eds Viriato e Filipa Viriato Atualidade","og_url":"https:\/\/algarve7.pt\/index.php\/2021\/06\/municipio-de-sao-bras-de-alportel-atribuiu-voto-de-louvor-a-luis-viriato-e-filipa-viriato\/atualidade\/17\/20\/","og_site_name":"Algarve 7","article_publisher":"https:\/\/www.facebook.com\/algarve7","article_author":"https:\/\/www.facebook.com\/algarve7","article_published_time":"2021-06-24T16:20:09+00:00","article_modified_time":"2021-06-24T16:20:13+00:00","og_image":[{"width":1796,"height":1096,"url":"https:\/\/algarve7.pt\/wp-content\/uploads\/2021\/06\/voto-louvor_exercito-salvacao.jpg","type":"image\/jpeg"}],"author":"Algarve 7","twitter_card":"summary_large_image","twitter_creator":"@Algarvesete","twitter_site":"@Algarvesete","twitter_misc":{"Escrito por":"Algarve 7","Tempo estimado de leitura":"2 minutos"},"schema":{"@context":"https:\/\/schema.org","@graph":[{"@type":"Article","@id":"https:\/\/algarve7.pt\/index.php\/2021\/06\/municipio-de-sao-bras-de-alportel-atribuiu-voto-de-louvor-a-luis-viriato-e-filipa-viriato\/atualidade\/17\/20\/#article","isPartOf":{"@id":"https:\/\/algarve7.pt\/index.php\/2021\/06\/municipio-de-sao-bras-de-alportel-atribuiu-voto-de-louvor-a-luis-viriato-e-filipa-viriato\/atualidade\/17\/20\/"},"author":{"name":"Algarve 7","@id":"https:\/\/algarve7.pt\/#\/schema\/person\/23fa70681308e7b319a3204bcea45e0c"},"headline":"Munic\u00edpio de S\u00e3o Br\u00e1s de Alportel atribuiu voto de louvor a Lu\u00eds Viriato e Filipa Viriato","datePublished":"2021-06-24T16:20:09+00:00","dateModified":"2021-06-24T16:20:13+00:00","mainEntityOfPage":{"@id":"https:\/\/algarve7.pt\/index.php\/2021\/06\/municipio-de-sao-bras-de-alportel-atribuiu-voto-de-louvor-a-luis-viriato-e-filipa-viriato\/atualidade\/17\/20\/"},"wordCount":311,"publisher":{"@id":"https:\/\/algarve7.pt\/#organization"},"image":{"@id":"https:\/\/algarve7.pt\/index.php\/2021\/06\/municipio-de-sao-bras-de-alportel-atribuiu-voto-de-louvor-a-luis-viriato-e-filipa-viriato\/atualidade\/17\/20\/#primaryimage"},"thumbnailUrl":"https:\/\/algarve7.pt\/wp-content\/uploads\/2021\/06\/voto-louvor_exercito-salvacao.jpg","keywords":["Algarve","Atualidade","S\u00e3o Br\u00e1s de Alportel"],"articleSection":["Atualidade"],"inLanguage":"pt-PT"},{"@type":"WebPage","@id":"https:\/\/algarve7.pt\/index.php\/2021\/06\/municipio-de-sao-bras-de-alportel-atribuiu-voto-de-louvor-a-luis-viriato-e-filipa-viriato\/atualidade\/17\/20\/","url":"https:\/\/algarve7.pt\/index.php\/2021\/06\/municipio-de-sao-bras-de-alportel-atribuiu-voto-de-louvor-a-luis-viriato-e-filipa-viriato\/atualidade\/17\/20\/","name":"Munic\u00edpio de S\u00e3o Br\u00e1s de Alportel atribuiu voto de louvor a Lu\u00eds Viriato e Filipa Viriato - Algarve 7","isPartOf":{"@id":"https:\/\/algarve7.pt\/#website"},"primaryImageOfPage":{"@id":"https:\/\/algarve7.pt\/index.php\/2021\/06\/municipio-de-sao-bras-de-alportel-atribuiu-voto-de-louvor-a-luis-viriato-e-filipa-viriato\/atualidade\/17\/20\/#primaryimage"},"image":{"@id":"https:\/\/algarve7.pt\/index.php\/2021\/06\/municipio-de-sao-bras-de-alportel-atribuiu-voto-de-louvor-a-luis-viriato-e-filipa-viriato\/atualidade\/17\/20\/#primaryimage"},"thumbnailUrl":"https:\/\/algarve7.pt\/wp-content\/uploads\/2021\/06\/voto-louvor_exercito-salvacao.jpg","datePublished":"2021-06-24T16:20:09+00:00","dateModified":"2021-06-24T16:20:13+00:00","description":"Munic\u00edpio de S\u00e3o Br\u00e1s de Alportel atribuiu voto de louvor a Lu\u00eds Viriato e Filipa Viriato Atualidade","breadcrumb":{"@id":"https:\/\/algarve7.pt\/index.php\/2021\/06\/municipio-de-sao-bras-de-alportel-atribuiu-voto-de-louvor-a-luis-viriato-e-filipa-viriato\/atualidade\/17\/20\/#breadcrumb"},"inLanguage":"pt-PT","potentialAction":[{"@type":"ReadAction","target":["https:\/\/algarve7.pt\/index.php\/2021\/06\/municipio-de-sao-bras-de-alportel-atribuiu-voto-de-louvor-a-luis-viriato-e-filipa-viriato\/atualidade\/17\/20\/"]}]},{"@type":"ImageObject","inLanguage":"pt-PT","@id":"https:\/\/algarve7.pt\/index.php\/2021\/06\/municipio-de-sao-bras-de-alportel-atribuiu-voto-de-louvor-a-luis-viriato-e-filipa-viriato\/atualidade\/17\/20\/#primaryimage","url":"https:\/\/algarve7.pt\/wp-content\/uploads\/2021\/06\/voto-louvor_exercito-salvacao.jpg","contentUrl":"https:\/\/algarve7.pt\/wp-content\/uploads\/2021\/06\/voto-louvor_exercito-salvacao.jpg","width":1796,"height":1096},{"@type":"BreadcrumbList","@id":"https:\/\/algarve7.pt\/index.php\/2021\/06\/municipio-de-sao-bras-de-alportel-atribuiu-voto-de-louvor-a-luis-viriato-e-filipa-viriato\/atualidade\/17\/20\/#breadcrumb","itemListElement":[{"@type":"ListItem","position":1,"name":"In\u00edcio","item":"https:\/\/algarve7.pt\/"},{"@type":"ListItem","position":2,"name":"Munic\u00edpio de S\u00e3o Br\u00e1s de Alportel atribuiu voto de louvor a Lu\u00eds Viriato e Filipa Viriato"}]},{"@type":"WebSite","@id":"https:\/\/algarve7.pt\/#website","url":"https:\/\/algarve7.pt\/","name":"Algarve 7","description":"Informa\u00e7\u00e3o sobre o Algarve","publisher":{"@id":"https:\/\/algarve7.pt\/#organization"},"potentialAction":[{"@type":"SearchAction","target":{"@type":"EntryPoint","urlTemplate":"https:\/\/algarve7.pt\/?s={search_term_string}"},"query-input":{"@type":"PropertyValueSpecification","valueRequired":true,"valueName":"search_term_string"}}],"inLanguage":"pt-PT"},{"@type":"Organization","@id":"https:\/\/algarve7.pt\/#organization","name":"Algarve 7","url":"https:\/\/algarve7.pt\/","logo":{"@type":"ImageObject","inLanguage":"pt-PT","@id":"https:\/\/algarve7.pt\/#\/schema\/logo\/image\/","url":"https:\/\/algarve7.pt\/wp-content\/uploads\/2020\/10\/Logo-8.jpg","contentUrl":"https:\/\/algarve7.pt\/wp-content\/uploads\/2020\/10\/Logo-8.jpg","width":1680,"height":1186,"caption":"Algarve 7"},"image":{"@id":"https:\/\/algarve7.pt\/#\/schema\/logo\/image\/"},"sameAs":["https:\/\/www.facebook.com\/algarve7","https:\/\/x.com\/Algarvesete","https:\/\/www.instagram.com\/jornalalgarve7\/","https:\/\/www.linkedin.com\/company\/algarve7","https:\/\/www.pinterest.pt\/geral0939\/_created\/"]},{"@type":"Person","@id":"https:\/\/algarve7.pt\/#\/schema\/person\/23fa70681308e7b319a3204bcea45e0c","name":"Algarve 7","sameAs":["https:\/\/algarve7.pt","https:\/\/www.facebook.com\/algarve7"],"url":"https:\/\/algarve7.pt\/index.php\/author\/geralalgarve7-pt\/"}]}},"jetpack_publicize_connections":[],"jetpack_featured_media_url":"https:\/\/algarve7.pt\/wp-content\/uploads\/2021\/06\/voto-louvor_exercito-salvacao.jpg","jetpack_shortlink":"https:\/\/wp.me\/pcezmW-2ur","jetpack_sharing_enabled":true,"_links":{"self":[{"href":"https:\/\/algarve7.pt\/index.php\/wp-json\/wp\/v2\/posts\/9575","targetHints":{"allow":["GET"]}}],"collection":[{"href":"https:\/\/algarve7.pt\/index.php\/wp-json\/wp\/v2\/posts"}],"about":[{"href":"https:\/\/algarve7.pt\/index.php\/wp-json\/wp\/v2\/types\/post"}],"author":[{"embeddable":true,"href":"https:\/\/algarve7.pt\/index.php\/wp-json\/wp\/v2\/users\/1"}],"replies":[{"embeddable":true,"href":"https:\/\/algarve7.pt\/index.php\/wp-json\/wp\/v2\/comments?post=9575"}],"version-history":[{"count":0,"href":"https:\/\/algarve7.pt\/index.php\/wp-json\/wp\/v2\/posts\/9575\/revisions"}],"wp:featuredmedia":[{"embeddable":true,"href":"https:\/\/algarve7.pt\/index.php\/wp-json\/wp\/v2\/media\/9576"}],"wp:attachment":[{"href":"https:\/\/algarve7.pt\/index.php\/wp-json\/wp\/v2\/media?parent=9575"}],"wp:term":[{"taxonomy":"category","embeddable":true,"href":"https:\/\/algarve7.pt\/index.php\/wp-json\/wp\/v2\/categories?post=9575"},{"taxonomy":"post_tag","embeddable":true,"href":"https:\/\/algarve7.pt\/index.php\/wp-json\/wp\/v2\/tags?post=9575"}],"curies":[{"name":"wp","href":"https:\/\/api.w.org\/{rel}","templated":true}]}}