{"id":9522,"date":"2021-06-22T15:05:00","date_gmt":"2021-06-22T14:05:00","guid":{"rendered":"https:\/\/algarve7.pt\/?p=9522"},"modified":"2021-06-22T14:07:14","modified_gmt":"2021-06-22T13:07:14","slug":"chua-comeca-a-utilizar-procedimento-nao-invasivo-para-o-tratamento-do-glaucoma","status":"publish","type":"post","link":"https:\/\/algarve7.pt\/index.php\/2021\/06\/chua-comeca-a-utilizar-procedimento-nao-invasivo-para-o-tratamento-do-glaucoma\/saude\/15\/05\/","title":{"rendered":"CHUA come\u00e7a a utilizar procedimento n\u00e3o invasivo para o tratamento do Glaucoma"},"content":{"rendered":"\n<p class=\"wp-block-paragraph\">Foram intervencionados, esta semana, dois doentes com glaucoma com recurso a uma t\u00e9cnica n\u00e3o invasiva que est\u00e1, a partir de agora, dispon\u00edvel no Centro Hospitalar Universit\u00e1rio do Algarve.<\/p>\n\n\n\n<p class=\"wp-block-paragraph\">As cirurgias de&nbsp;abla\u00e7\u00e3o ultrass\u00f3nica do corpo ciliar, realizadas pela equipa do Servi\u00e7o de Oftalmologia de Portim\u00e3o, permitir\u00e3o tratar a press\u00e3o intraocular elevada que conduziu ao glaucoma, nestes dois doentes, evitando o agravamento da doen\u00e7a que pode levar \u00e0 perda severa de vis\u00e3o ou mesmo a uma situa\u00e7\u00e3o de cegueira irrevers\u00edvel.<\/p>\n\n\n\n<p class=\"wp-block-paragraph\">O glaucoma \u00e9 uma doen\u00e7a oftalmol\u00f3gica grave que surge, na maioria dos casos, devido ao aumento da press\u00e3o intraocular provocada pelo desequil\u00edbrio na produ\u00e7\u00e3o e drenagem do humor aquoso (l\u00edquido no interior do olho) que, em excesso, conduz ao aumento da tens\u00e3o ocular.<\/p>\n\n\n\n<p class=\"wp-block-paragraph\">Esta interven\u00e7\u00e3o cir\u00fargica&nbsp;<em>\u201cconsiste na destrui\u00e7\u00e3o parcial do corpo ciliar, que \u00e9 o \u00f3rg\u00e3o que produz o humor aquoso, levando \u00e0 diminui\u00e7\u00e3o da produ\u00e7\u00e3o deste l\u00edquido, o que consequentemente conduzir\u00e1 \u00e0 descida da press\u00e3o intraocular. Este procedimento, ao contr\u00e1rio dos outros tratamentos cir\u00fargicos preconizados para o tratamento do glaucoma, tem a vantagem de ser n\u00e3o invasivo, anulando assim as complica\u00e7\u00f5es dos procedimentos t\u00edpicos que criam cirurgicamente uma \u00ababertura\u00bb (f\u00edstula) para drenar o l\u00edquido, o que acarreta sempre riscos de infe\u00e7\u00e3o associados, que por vezes podem ser graves\u201d<\/em>&nbsp;explica Filipe Isidro, m\u00e9dico oftalmologista que realizou este procedimento. \u201c<em>\u00c9 ent\u00e3o uma t\u00e9cnica mais segura, com muito menos efeitos secund\u00e1rios e que, a longo prazo, salvaguarda o olho<\/em>\u201d conclui o m\u00e9dico oftalmologista.<\/p>\n\n\n\n<p class=\"wp-block-paragraph\">O Glaucoma \u00e9 uma doen\u00e7a grave, e que na maioria das vezes s\u00f3 \u00e9 detetada com uma ida ao Oftalmologista, ou quando apresenta sintomas, que normalmente \u00e9 j\u00e1 numa fase muito avan\u00e7ada da doen\u00e7a, pelo que os profissionais deixam o apelo a que as pessoas maiores de 50 anos consultem o oftalmologista com regularidade para avalia\u00e7\u00e3o da sua sa\u00fade ocular, e principalmente da press\u00e3o intraocular, que pode conduzir ao glaucoma.<\/p>\n","protected":false},"excerpt":{"rendered":"<p>Foram intervencionados, esta semana, dois doentes com glaucoma com recurso a uma t\u00e9cnica n\u00e3o invasiva que est\u00e1, a partir de<\/p>\n","protected":false},"author":1,"featured_media":9523,"comment_status":"closed","ping_status":"open","sticky":false,"template":"","format":"standard","meta":{"colormag_page_container_layout":"default_layout","colormag_page_sidebar_layout":"default_layout","_monsterinsights_skip_tracking":false,"_jetpack_newsletter_access":"","_jetpack_dont_email_post_to_subs":false,"_jetpack_newsletter_tier_id":0,"_jetpack_memberships_contains_paywalled_content":false,"_jetpack_feature_clip_id":0,"_jetpack_memberships_contains_paid_content":false,"footnotes":"","jetpack_publicize_message":"","jetpack_publicize_feature_enabled":true,"jetpack_social_post_already_shared":true,"jetpack_social_options":{"image_generator_settings":{"template":"highway","default_image_id":0,"font":"","enabled":false},"version":2},"jetpack_post_was_ever_published":false},"categories":[59],"tags":[36,181,58],"class_list":["post-9522","post","type-post","status-publish","format-standard","has-post-thumbnail","hentry","category-saude","tag-algarve","tag-chua","tag-saude"],"yoast_head":"<!-- This site is optimized with the Yoast SEO plugin v28.3 - https:\/\/yoast.com\/product\/yoast-seo-wordpress\/ -->\n<title>CHUA come\u00e7a a utilizar procedimento n\u00e3o invasivo para o tratamento do Glaucoma - Algarve 7<\/title>\n<meta name=\"description\" content=\"CHUA come\u00e7a a utilizar procedimento n\u00e3o invasivo para o tratamento do Glaucoma Sa\u00fade\" \/>\n<meta name=\"robots\" content=\"index, follow, max-snippet:-1, max-image-preview:large, max-video-preview:-1\" \/>\n<link rel=\"canonical\" href=\"https:\/\/algarve7.pt\/index.php\/2021\/06\/chua-comeca-a-utilizar-procedimento-nao-invasivo-para-o-tratamento-do-glaucoma\/saude\/15\/05\/\" \/>\n<meta property=\"og:locale\" content=\"pt_PT\" \/>\n<meta property=\"og:type\" content=\"article\" \/>\n<meta property=\"og:title\" content=\"CHUA come\u00e7a a utilizar procedimento n\u00e3o invasivo para o tratamento do Glaucoma - Algarve 7\" \/>\n<meta property=\"og:description\" content=\"CHUA come\u00e7a a utilizar procedimento n\u00e3o invasivo para o tratamento do Glaucoma Sa\u00fade\" \/>\n<meta property=\"og:url\" content=\"https:\/\/algarve7.pt\/index.php\/2021\/06\/chua-comeca-a-utilizar-procedimento-nao-invasivo-para-o-tratamento-do-glaucoma\/saude\/15\/05\/\" \/>\n<meta property=\"og:site_name\" content=\"Algarve 7\" \/>\n<meta property=\"article:publisher\" content=\"https:\/\/www.facebook.com\/algarve7\" \/>\n<meta property=\"article:author\" content=\"https:\/\/www.facebook.com\/algarve7\" \/>\n<meta property=\"article:published_time\" content=\"2021-06-22T14:05:00+00:00\" \/>\n<meta property=\"og:image\" content=\"https:\/\/algarve7.pt\/wp-content\/uploads\/2021\/06\/Oftalmologia_cir_glaucoma.jpg\" \/>\n\t<meta property=\"og:image:width\" content=\"1600\" \/>\n\t<meta property=\"og:image:height\" content=\"899\" \/>\n\t<meta property=\"og:image:type\" content=\"image\/jpeg\" \/>\n<meta name=\"author\" content=\"Algarve 7\" \/>\n<meta name=\"twitter:card\" content=\"summary_large_image\" \/>\n<meta name=\"twitter:creator\" content=\"@Algarvesete\" \/>\n<meta name=\"twitter:site\" content=\"@Algarvesete\" \/>\n<meta name=\"twitter:label1\" content=\"Escrito por\" \/>\n\t<meta name=\"twitter:data1\" content=\"Algarve 7\" \/>\n\t<meta name=\"twitter:label2\" content=\"Tempo estimado de leitura\" \/>\n\t<meta name=\"twitter:data2\" content=\"2 minutos\" \/>\n<script type=\"application\/ld+json\" class=\"yoast-schema-graph\">{\"@context\":\"https:\\\/\\\/schema.org\",\"@graph\":[{\"@type\":\"Article\",\"@id\":\"https:\\\/\\\/algarve7.pt\\\/index.php\\\/2021\\\/06\\\/chua-comeca-a-utilizar-procedimento-nao-invasivo-para-o-tratamento-do-glaucoma\\\/saude\\\/15\\\/05\\\/#article\",\"isPartOf\":{\"@id\":\"https:\\\/\\\/algarve7.pt\\\/index.php\\\/2021\\\/06\\\/chua-comeca-a-utilizar-procedimento-nao-invasivo-para-o-tratamento-do-glaucoma\\\/saude\\\/15\\\/05\\\/\"},\"author\":{\"name\":\"Algarve 7\",\"@id\":\"https:\\\/\\\/algarve7.pt\\\/#\\\/schema\\\/person\\\/23fa70681308e7b319a3204bcea45e0c\"},\"headline\":\"CHUA come\u00e7a a utilizar procedimento n\u00e3o invasivo para o tratamento do Glaucoma\",\"datePublished\":\"2021-06-22T14:05:00+00:00\",\"mainEntityOfPage\":{\"@id\":\"https:\\\/\\\/algarve7.pt\\\/index.php\\\/2021\\\/06\\\/chua-comeca-a-utilizar-procedimento-nao-invasivo-para-o-tratamento-do-glaucoma\\\/saude\\\/15\\\/05\\\/\"},\"wordCount\":366,\"publisher\":{\"@id\":\"https:\\\/\\\/algarve7.pt\\\/#organization\"},\"image\":{\"@id\":\"https:\\\/\\\/algarve7.pt\\\/index.php\\\/2021\\\/06\\\/chua-comeca-a-utilizar-procedimento-nao-invasivo-para-o-tratamento-do-glaucoma\\\/saude\\\/15\\\/05\\\/#primaryimage\"},\"thumbnailUrl\":\"https:\\\/\\\/algarve7.pt\\\/wp-content\\\/uploads\\\/2021\\\/06\\\/Oftalmologia_cir_glaucoma.jpg\",\"keywords\":[\"Algarve\",\"CHUA\",\"Sa\u00fade\"],\"articleSection\":[\"Sa\u00fade\"],\"inLanguage\":\"pt-PT\"},{\"@type\":\"WebPage\",\"@id\":\"https:\\\/\\\/algarve7.pt\\\/index.php\\\/2021\\\/06\\\/chua-comeca-a-utilizar-procedimento-nao-invasivo-para-o-tratamento-do-glaucoma\\\/saude\\\/15\\\/05\\\/\",\"url\":\"https:\\\/\\\/algarve7.pt\\\/index.php\\\/2021\\\/06\\\/chua-comeca-a-utilizar-procedimento-nao-invasivo-para-o-tratamento-do-glaucoma\\\/saude\\\/15\\\/05\\\/\",\"name\":\"CHUA come\u00e7a a utilizar procedimento n\u00e3o invasivo para o tratamento do Glaucoma - Algarve 7\",\"isPartOf\":{\"@id\":\"https:\\\/\\\/algarve7.pt\\\/#website\"},\"primaryImageOfPage\":{\"@id\":\"https:\\\/\\\/algarve7.pt\\\/index.php\\\/2021\\\/06\\\/chua-comeca-a-utilizar-procedimento-nao-invasivo-para-o-tratamento-do-glaucoma\\\/saude\\\/15\\\/05\\\/#primaryimage\"},\"image\":{\"@id\":\"https:\\\/\\\/algarve7.pt\\\/index.php\\\/2021\\\/06\\\/chua-comeca-a-utilizar-procedimento-nao-invasivo-para-o-tratamento-do-glaucoma\\\/saude\\\/15\\\/05\\\/#primaryimage\"},\"thumbnailUrl\":\"https:\\\/\\\/algarve7.pt\\\/wp-content\\\/uploads\\\/2021\\\/06\\\/Oftalmologia_cir_glaucoma.jpg\",\"datePublished\":\"2021-06-22T14:05:00+00:00\",\"description\":\"CHUA come\u00e7a a utilizar procedimento n\u00e3o invasivo para o tratamento do Glaucoma Sa\u00fade\",\"breadcrumb\":{\"@id\":\"https:\\\/\\\/algarve7.pt\\\/index.php\\\/2021\\\/06\\\/chua-comeca-a-utilizar-procedimento-nao-invasivo-para-o-tratamento-do-glaucoma\\\/saude\\\/15\\\/05\\\/#breadcrumb\"},\"inLanguage\":\"pt-PT\",\"potentialAction\":[{\"@type\":\"ReadAction\",\"target\":[\"https:\\\/\\\/algarve7.pt\\\/index.php\\\/2021\\\/06\\\/chua-comeca-a-utilizar-procedimento-nao-invasivo-para-o-tratamento-do-glaucoma\\\/saude\\\/15\\\/05\\\/\"]}]},{\"@type\":\"ImageObject\",\"inLanguage\":\"pt-PT\",\"@id\":\"https:\\\/\\\/algarve7.pt\\\/index.php\\\/2021\\\/06\\\/chua-comeca-a-utilizar-procedimento-nao-invasivo-para-o-tratamento-do-glaucoma\\\/saude\\\/15\\\/05\\\/#primaryimage\",\"url\":\"https:\\\/\\\/algarve7.pt\\\/wp-content\\\/uploads\\\/2021\\\/06\\\/Oftalmologia_cir_glaucoma.jpg\",\"contentUrl\":\"https:\\\/\\\/algarve7.pt\\\/wp-content\\\/uploads\\\/2021\\\/06\\\/Oftalmologia_cir_glaucoma.jpg\",\"width\":1600,\"height\":899},{\"@type\":\"BreadcrumbList\",\"@id\":\"https:\\\/\\\/algarve7.pt\\\/index.php\\\/2021\\\/06\\\/chua-comeca-a-utilizar-procedimento-nao-invasivo-para-o-tratamento-do-glaucoma\\\/saude\\\/15\\\/05\\\/#breadcrumb\",\"itemListElement\":[{\"@type\":\"ListItem\",\"position\":1,\"name\":\"In\u00edcio\",\"item\":\"https:\\\/\\\/algarve7.pt\\\/\"},{\"@type\":\"ListItem\",\"position\":2,\"name\":\"CHUA come\u00e7a a utilizar procedimento n\u00e3o invasivo para o tratamento do Glaucoma\"}]},{\"@type\":\"WebSite\",\"@id\":\"https:\\\/\\\/algarve7.pt\\\/#website\",\"url\":\"https:\\\/\\\/algarve7.pt\\\/\",\"name\":\"Algarve 7\",\"description\":\"Informa\u00e7\u00e3o sobre o Algarve\",\"publisher\":{\"@id\":\"https:\\\/\\\/algarve7.pt\\\/#organization\"},\"potentialAction\":[{\"@type\":\"SearchAction\",\"target\":{\"@type\":\"EntryPoint\",\"urlTemplate\":\"https:\\\/\\\/algarve7.pt\\\/?s={search_term_string}\"},\"query-input\":{\"@type\":\"PropertyValueSpecification\",\"valueRequired\":true,\"valueName\":\"search_term_string\"}}],\"inLanguage\":\"pt-PT\"},{\"@type\":\"Organization\",\"@id\":\"https:\\\/\\\/algarve7.pt\\\/#organization\",\"name\":\"Algarve 7\",\"url\":\"https:\\\/\\\/algarve7.pt\\\/\",\"logo\":{\"@type\":\"ImageObject\",\"inLanguage\":\"pt-PT\",\"@id\":\"https:\\\/\\\/algarve7.pt\\\/#\\\/schema\\\/logo\\\/image\\\/\",\"url\":\"https:\\\/\\\/algarve7.pt\\\/wp-content\\\/uploads\\\/2020\\\/10\\\/Logo-8.jpg\",\"contentUrl\":\"https:\\\/\\\/algarve7.pt\\\/wp-content\\\/uploads\\\/2020\\\/10\\\/Logo-8.jpg\",\"width\":1680,\"height\":1186,\"caption\":\"Algarve 7\"},\"image\":{\"@id\":\"https:\\\/\\\/algarve7.pt\\\/#\\\/schema\\\/logo\\\/image\\\/\"},\"sameAs\":[\"https:\\\/\\\/www.facebook.com\\\/algarve7\",\"https:\\\/\\\/x.com\\\/Algarvesete\",\"https:\\\/\\\/www.instagram.com\\\/jornalalgarve7\\\/\",\"https:\\\/\\\/www.linkedin.com\\\/company\\\/algarve7\",\"https:\\\/\\\/www.pinterest.pt\\\/geral0939\\\/_created\\\/\"]},{\"@type\":\"Person\",\"@id\":\"https:\\\/\\\/algarve7.pt\\\/#\\\/schema\\\/person\\\/23fa70681308e7b319a3204bcea45e0c\",\"name\":\"Algarve 7\",\"sameAs\":[\"https:\\\/\\\/algarve7.pt\",\"https:\\\/\\\/www.facebook.com\\\/algarve7\"],\"url\":\"https:\\\/\\\/algarve7.pt\\\/index.php\\\/author\\\/geralalgarve7-pt\\\/\"}]}<\/script>\n<!-- \/ Yoast SEO plugin. -->","yoast_head_json":{"title":"CHUA come\u00e7a a utilizar procedimento n\u00e3o invasivo para o tratamento do Glaucoma - Algarve 7","description":"CHUA come\u00e7a a utilizar procedimento n\u00e3o invasivo para o tratamento do Glaucoma Sa\u00fade","robots":{"index":"index","follow":"follow","max-snippet":"max-snippet:-1","max-image-preview":"max-image-preview:large","max-video-preview":"max-video-preview:-1"},"canonical":"https:\/\/algarve7.pt\/index.php\/2021\/06\/chua-comeca-a-utilizar-procedimento-nao-invasivo-para-o-tratamento-do-glaucoma\/saude\/15\/05\/","og_locale":"pt_PT","og_type":"article","og_title":"CHUA come\u00e7a a utilizar procedimento n\u00e3o invasivo para o tratamento do Glaucoma - Algarve 7","og_description":"CHUA come\u00e7a a utilizar procedimento n\u00e3o invasivo para o tratamento do Glaucoma Sa\u00fade","og_url":"https:\/\/algarve7.pt\/index.php\/2021\/06\/chua-comeca-a-utilizar-procedimento-nao-invasivo-para-o-tratamento-do-glaucoma\/saude\/15\/05\/","og_site_name":"Algarve 7","article_publisher":"https:\/\/www.facebook.com\/algarve7","article_author":"https:\/\/www.facebook.com\/algarve7","article_published_time":"2021-06-22T14:05:00+00:00","og_image":[{"width":1600,"height":899,"url":"https:\/\/algarve7.pt\/wp-content\/uploads\/2021\/06\/Oftalmologia_cir_glaucoma.jpg","type":"image\/jpeg"}],"author":"Algarve 7","twitter_card":"summary_large_image","twitter_creator":"@Algarvesete","twitter_site":"@Algarvesete","twitter_misc":{"Escrito por":"Algarve 7","Tempo estimado de leitura":"2 minutos"},"schema":{"@context":"https:\/\/schema.org","@graph":[{"@type":"Article","@id":"https:\/\/algarve7.pt\/index.php\/2021\/06\/chua-comeca-a-utilizar-procedimento-nao-invasivo-para-o-tratamento-do-glaucoma\/saude\/15\/05\/#article","isPartOf":{"@id":"https:\/\/algarve7.pt\/index.php\/2021\/06\/chua-comeca-a-utilizar-procedimento-nao-invasivo-para-o-tratamento-do-glaucoma\/saude\/15\/05\/"},"author":{"name":"Algarve 7","@id":"https:\/\/algarve7.pt\/#\/schema\/person\/23fa70681308e7b319a3204bcea45e0c"},"headline":"CHUA come\u00e7a a utilizar procedimento n\u00e3o invasivo para o tratamento do Glaucoma","datePublished":"2021-06-22T14:05:00+00:00","mainEntityOfPage":{"@id":"https:\/\/algarve7.pt\/index.php\/2021\/06\/chua-comeca-a-utilizar-procedimento-nao-invasivo-para-o-tratamento-do-glaucoma\/saude\/15\/05\/"},"wordCount":366,"publisher":{"@id":"https:\/\/algarve7.pt\/#organization"},"image":{"@id":"https:\/\/algarve7.pt\/index.php\/2021\/06\/chua-comeca-a-utilizar-procedimento-nao-invasivo-para-o-tratamento-do-glaucoma\/saude\/15\/05\/#primaryimage"},"thumbnailUrl":"https:\/\/algarve7.pt\/wp-content\/uploads\/2021\/06\/Oftalmologia_cir_glaucoma.jpg","keywords":["Algarve","CHUA","Sa\u00fade"],"articleSection":["Sa\u00fade"],"inLanguage":"pt-PT"},{"@type":"WebPage","@id":"https:\/\/algarve7.pt\/index.php\/2021\/06\/chua-comeca-a-utilizar-procedimento-nao-invasivo-para-o-tratamento-do-glaucoma\/saude\/15\/05\/","url":"https:\/\/algarve7.pt\/index.php\/2021\/06\/chua-comeca-a-utilizar-procedimento-nao-invasivo-para-o-tratamento-do-glaucoma\/saude\/15\/05\/","name":"CHUA come\u00e7a a utilizar procedimento n\u00e3o invasivo para o tratamento do Glaucoma - Algarve 7","isPartOf":{"@id":"https:\/\/algarve7.pt\/#website"},"primaryImageOfPage":{"@id":"https:\/\/algarve7.pt\/index.php\/2021\/06\/chua-comeca-a-utilizar-procedimento-nao-invasivo-para-o-tratamento-do-glaucoma\/saude\/15\/05\/#primaryimage"},"image":{"@id":"https:\/\/algarve7.pt\/index.php\/2021\/06\/chua-comeca-a-utilizar-procedimento-nao-invasivo-para-o-tratamento-do-glaucoma\/saude\/15\/05\/#primaryimage"},"thumbnailUrl":"https:\/\/algarve7.pt\/wp-content\/uploads\/2021\/06\/Oftalmologia_cir_glaucoma.jpg","datePublished":"2021-06-22T14:05:00+00:00","description":"CHUA come\u00e7a a utilizar procedimento n\u00e3o invasivo para o tratamento do Glaucoma Sa\u00fade","breadcrumb":{"@id":"https:\/\/algarve7.pt\/index.php\/2021\/06\/chua-comeca-a-utilizar-procedimento-nao-invasivo-para-o-tratamento-do-glaucoma\/saude\/15\/05\/#breadcrumb"},"inLanguage":"pt-PT","potentialAction":[{"@type":"ReadAction","target":["https:\/\/algarve7.pt\/index.php\/2021\/06\/chua-comeca-a-utilizar-procedimento-nao-invasivo-para-o-tratamento-do-glaucoma\/saude\/15\/05\/"]}]},{"@type":"ImageObject","inLanguage":"pt-PT","@id":"https:\/\/algarve7.pt\/index.php\/2021\/06\/chua-comeca-a-utilizar-procedimento-nao-invasivo-para-o-tratamento-do-glaucoma\/saude\/15\/05\/#primaryimage","url":"https:\/\/algarve7.pt\/wp-content\/uploads\/2021\/06\/Oftalmologia_cir_glaucoma.jpg","contentUrl":"https:\/\/algarve7.pt\/wp-content\/uploads\/2021\/06\/Oftalmologia_cir_glaucoma.jpg","width":1600,"height":899},{"@type":"BreadcrumbList","@id":"https:\/\/algarve7.pt\/index.php\/2021\/06\/chua-comeca-a-utilizar-procedimento-nao-invasivo-para-o-tratamento-do-glaucoma\/saude\/15\/05\/#breadcrumb","itemListElement":[{"@type":"ListItem","position":1,"name":"In\u00edcio","item":"https:\/\/algarve7.pt\/"},{"@type":"ListItem","position":2,"name":"CHUA come\u00e7a a utilizar procedimento n\u00e3o invasivo para o tratamento do Glaucoma"}]},{"@type":"WebSite","@id":"https:\/\/algarve7.pt\/#website","url":"https:\/\/algarve7.pt\/","name":"Algarve 7","description":"Informa\u00e7\u00e3o sobre o Algarve","publisher":{"@id":"https:\/\/algarve7.pt\/#organization"},"potentialAction":[{"@type":"SearchAction","target":{"@type":"EntryPoint","urlTemplate":"https:\/\/algarve7.pt\/?s={search_term_string}"},"query-input":{"@type":"PropertyValueSpecification","valueRequired":true,"valueName":"search_term_string"}}],"inLanguage":"pt-PT"},{"@type":"Organization","@id":"https:\/\/algarve7.pt\/#organization","name":"Algarve 7","url":"https:\/\/algarve7.pt\/","logo":{"@type":"ImageObject","inLanguage":"pt-PT","@id":"https:\/\/algarve7.pt\/#\/schema\/logo\/image\/","url":"https:\/\/algarve7.pt\/wp-content\/uploads\/2020\/10\/Logo-8.jpg","contentUrl":"https:\/\/algarve7.pt\/wp-content\/uploads\/2020\/10\/Logo-8.jpg","width":1680,"height":1186,"caption":"Algarve 7"},"image":{"@id":"https:\/\/algarve7.pt\/#\/schema\/logo\/image\/"},"sameAs":["https:\/\/www.facebook.com\/algarve7","https:\/\/x.com\/Algarvesete","https:\/\/www.instagram.com\/jornalalgarve7\/","https:\/\/www.linkedin.com\/company\/algarve7","https:\/\/www.pinterest.pt\/geral0939\/_created\/"]},{"@type":"Person","@id":"https:\/\/algarve7.pt\/#\/schema\/person\/23fa70681308e7b319a3204bcea45e0c","name":"Algarve 7","sameAs":["https:\/\/algarve7.pt","https:\/\/www.facebook.com\/algarve7"],"url":"https:\/\/algarve7.pt\/index.php\/author\/geralalgarve7-pt\/"}]}},"jetpack_publicize_connections":[],"jetpack_shortlink":"https:\/\/wp.me\/pcezmW-2tA","jetpack_sharing_enabled":true,"jetpack_featured_media_url":"https:\/\/algarve7.pt\/wp-content\/uploads\/2021\/06\/Oftalmologia_cir_glaucoma.jpg","_links":{"self":[{"href":"https:\/\/algarve7.pt\/index.php\/wp-json\/wp\/v2\/posts\/9522","targetHints":{"allow":["GET"]}}],"collection":[{"href":"https:\/\/algarve7.pt\/index.php\/wp-json\/wp\/v2\/posts"}],"about":[{"href":"https:\/\/algarve7.pt\/index.php\/wp-json\/wp\/v2\/types\/post"}],"author":[{"embeddable":true,"href":"https:\/\/algarve7.pt\/index.php\/wp-json\/wp\/v2\/users\/1"}],"replies":[{"embeddable":true,"href":"https:\/\/algarve7.pt\/index.php\/wp-json\/wp\/v2\/comments?post=9522"}],"version-history":[{"count":0,"href":"https:\/\/algarve7.pt\/index.php\/wp-json\/wp\/v2\/posts\/9522\/revisions"}],"wp:featuredmedia":[{"embeddable":true,"href":"https:\/\/algarve7.pt\/index.php\/wp-json\/wp\/v2\/media\/9523"}],"wp:attachment":[{"href":"https:\/\/algarve7.pt\/index.php\/wp-json\/wp\/v2\/media?parent=9522"}],"wp:term":[{"taxonomy":"category","embeddable":true,"href":"https:\/\/algarve7.pt\/index.php\/wp-json\/wp\/v2\/categories?post=9522"},{"taxonomy":"post_tag","embeddable":true,"href":"https:\/\/algarve7.pt\/index.php\/wp-json\/wp\/v2\/tags?post=9522"}],"curies":[{"name":"wp","href":"https:\/\/api.w.org\/{rel}","templated":true}]}}