{"id":9411,"date":"2021-06-18T13:20:00","date_gmt":"2021-06-18T12:20:00","guid":{"rendered":"https:\/\/algarve7.pt\/?p=9411"},"modified":"2021-06-17T18:55:17","modified_gmt":"2021-06-17T17:55:17","slug":"lancamento-oficial-do-documentario-caminho-dos-promontorios","status":"publish","type":"post","link":"https:\/\/algarve7.pt\/index.php\/2021\/06\/lancamento-oficial-do-documentario-caminho-dos-promontorios\/cultura\/13\/20\/","title":{"rendered":"Lan\u00e7amento Oficial do Document\u00e1rio &#8220;Caminho dos Promont\u00f3rios"},"content":{"rendered":"\n<p>No \u00e2mbito&nbsp;das comemora\u00e7\u00f5es do Centen\u00e1rio do Farol de Alfanzina, realizar-se-\u00e1 no pr\u00f3ximo dia 25 de junho, pelas 21h30 o Lan\u00e7amento Oficial do Document\u00e1rio \u201cCaminho dos Promont\u00f3rios\u201d, que ter\u00e1 lugar no Largo do Forte de N\u00aa. Sra. da Encarna\u00e7\u00e3o em Carvoeiro.<\/p>\n\n\n\n<p>O document\u00e1rio \u201cCaminho dos Promont\u00f3rios\u201d \u00e9 o relato de uma caminhada protagonizada pelo \u201cCaminhante\u201d ao longo de um tro\u00e7o fascinante do litoral de Lagoa.&nbsp; O p\u00e9riplo do Caminhante come\u00e7a no outono e atravessa as quatro esta\u00e7\u00f5es do ano, para dar a conhecer os valores naturais, hist\u00f3rico-culturais e c\u00e9nicos que caracterizam estes sete quil\u00f3metros do litoral poente do Concelho. O Faroleiro, o Amigo do Caminhante, o Passeante, o Arque\u00f3logo, a Bi\u00f3loga, o Ge\u00f3grafo e o Pescador, ajudam o protagonista a conhecer melhor o territ\u00f3rio atravessado por este percurso. Por fim, o Caminhante descobre que h\u00e1 mais que uma forma de percorrer o Caminho dos Promont\u00f3rios.<\/p>\n\n\n\n<p>O acesso \u00e9 livre mas sujeito \u00e0 lota\u00e7\u00e3o dos lugares sentados.<\/p>\n\n\n\n<p>O document\u00e1rio ir\u00e1 ter estreia simult\u00e2nea nos canais de comunica\u00e7\u00e3o e redes sociais do Munic\u00edpio de Lagoa.<\/p>\n\n\n\n<p>No s\u00e1bado, dia 26 de junho, pelas 17h00, poder\u00e1 participar na atividade Entre Far\u00f3is: Caminhada Guiada que ir\u00e1 levar os participantes do Farol da Ponta do Altar at\u00e9 ao Farol de Alfanzina.<\/p>\n\n\n\n<p>A participa\u00e7\u00e3o \u00e9 livre, mas limitada a 24 participantes, e requer inscri\u00e7\u00e3o em:\u00a0<a href=\"https:\/\/tinyurl.com\/entrefarois\" target=\"_blank\" rel=\"noreferrer noopener\">https:\/\/tinyurl.com\/entrefarois<\/a><\/p>\n\n\n\n<p>O Percurso \u00e9 linear e tem dura\u00e7\u00e3o prevista de 3,5 a 4 horas.<\/p>\n\n\n\n<p>H\u00e1 paragens ao longo do trajeto para breves explica\u00e7\u00f5es sobre a paisagem (geoformas, patrim\u00f3nio constru\u00eddo, fauna e flora).<\/p>\n\n\n\n<p>A organiza\u00e7\u00e3o assegura: seguro, credencial de identifica\u00e7\u00e3o, lanche e \u00e1gua, transporte de regresso.<\/p>\n\n\n\n<p>Aconselha-se o uso de vestu\u00e1rio e cal\u00e7ado que permitam boa mobilidade e adequados \u00e0 \u00e9poca do ano, chap\u00e9u, protetor solar e garrafa de \u00e1gua.<\/p>\n\n\n\n<div class=\"wp-block-image\"><figure class=\"aligncenter size-large is-resized\"><img loading=\"lazy\" decoding=\"async\" src=\"https:\/\/algarve7.pt\/wp-content\/uploads\/2021\/06\/cartaz-CGEFL-Programa_A4-724x1024.png\" alt=\"\" class=\"wp-image-9412\" width=\"334\" height=\"472\" srcset=\"https:\/\/algarve7.pt\/wp-content\/uploads\/2021\/06\/cartaz-CGEFL-Programa_A4-724x1024.png 724w, https:\/\/algarve7.pt\/wp-content\/uploads\/2021\/06\/cartaz-CGEFL-Programa_A4-212x300.png 212w, https:\/\/algarve7.pt\/wp-content\/uploads\/2021\/06\/cartaz-CGEFL-Programa_A4-768x1086.png 768w, https:\/\/algarve7.pt\/wp-content\/uploads\/2021\/06\/cartaz-CGEFL-Programa_A4-1086x1536.png 1086w, https:\/\/algarve7.pt\/wp-content\/uploads\/2021\/06\/cartaz-CGEFL-Programa_A4.png 1358w\" sizes=\"auto, (max-width: 334px) 100vw, 334px\" \/><\/figure><\/div>\n","protected":false},"excerpt":{"rendered":"<p>No \u00e2mbito&nbsp;das comemora\u00e7\u00f5es do Centen\u00e1rio do Farol de Alfanzina, realizar-se-\u00e1 no pr\u00f3ximo dia 25 de junho, pelas 21h30 o Lan\u00e7amento<\/p>\n","protected":false},"author":1,"featured_media":9413,"comment_status":"closed","ping_status":"open","sticky":false,"template":"","format":"standard","meta":{"colormag_page_container_layout":"default_layout","colormag_page_sidebar_layout":"default_layout","_monsterinsights_skip_tracking":false,"_monsterinsights_sitenote_active":false,"_monsterinsights_sitenote_note":"","_monsterinsights_sitenote_category":0,"jetpack_post_was_ever_published":false,"_jetpack_newsletter_access":"","_jetpack_dont_email_post_to_subs":false,"_jetpack_newsletter_tier_id":0,"_jetpack_memberships_contains_paywalled_content":false,"_jetpack_memberships_contains_paid_content":false,"footnotes":"","jetpack_publicize_message":"","jetpack_publicize_feature_enabled":true,"jetpack_social_post_already_shared":true,"jetpack_social_options":{"image_generator_settings":{"template":"highway","default_image_id":0,"font":"","enabled":false},"version":2}},"categories":[14],"tags":[36,377,35,48],"class_list":["post-9411","post","type-post","status-publish","format-standard","has-post-thumbnail","hentry","category-cultura","tag-algarve","tag-caminhadas","tag-cultura","tag-lagoa"],"yoast_head":"<!-- This site is optimized with the Yoast SEO plugin v27.5 - https:\/\/yoast.com\/product\/yoast-seo-wordpress\/ -->\n<title>Lan\u00e7amento Oficial do Document\u00e1rio &quot;Caminho dos Promont\u00f3rios - Algarve 7<\/title>\n<meta name=\"description\" content=\"Lan\u00e7amento Oficial do Document\u00e1rio &quot;Caminho dos Promont\u00f3rios Cultura\" \/>\n<meta name=\"robots\" content=\"index, follow, max-snippet:-1, max-image-preview:large, max-video-preview:-1\" \/>\n<link rel=\"canonical\" href=\"https:\/\/algarve7.pt\/index.php\/2021\/06\/lancamento-oficial-do-documentario-caminho-dos-promontorios\/cultura\/13\/20\/\" \/>\n<meta property=\"og:locale\" content=\"pt_PT\" \/>\n<meta property=\"og:type\" content=\"article\" \/>\n<meta property=\"og:title\" content=\"Lan\u00e7amento Oficial do Document\u00e1rio &quot;Caminho dos Promont\u00f3rios - Algarve 7\" \/>\n<meta property=\"og:description\" content=\"Lan\u00e7amento Oficial do Document\u00e1rio &quot;Caminho dos Promont\u00f3rios Cultura\" \/>\n<meta property=\"og:url\" content=\"https:\/\/algarve7.pt\/index.php\/2021\/06\/lancamento-oficial-do-documentario-caminho-dos-promontorios\/cultura\/13\/20\/\" \/>\n<meta property=\"og:site_name\" content=\"Algarve 7\" \/>\n<meta property=\"article:publisher\" content=\"https:\/\/www.facebook.com\/algarve7\" \/>\n<meta property=\"article:author\" content=\"https:\/\/www.facebook.com\/algarve7\" \/>\n<meta property=\"article:published_time\" content=\"2021-06-18T12:20:00+00:00\" \/>\n<meta property=\"og:image\" content=\"https:\/\/algarve7.pt\/wp-content\/uploads\/2021\/06\/Captura-de-ecra-2021-06-17-as-18.50.43.png\" \/>\n\t<meta property=\"og:image:width\" content=\"1570\" \/>\n\t<meta property=\"og:image:height\" content=\"928\" \/>\n\t<meta property=\"og:image:type\" content=\"image\/png\" \/>\n<meta name=\"author\" content=\"Algarve 7\" \/>\n<meta name=\"twitter:card\" content=\"summary_large_image\" \/>\n<meta name=\"twitter:creator\" content=\"@Algarvesete\" \/>\n<meta name=\"twitter:site\" content=\"@Algarvesete\" \/>\n<meta name=\"twitter:label1\" content=\"Escrito por\" \/>\n\t<meta name=\"twitter:data1\" content=\"Algarve 7\" \/>\n\t<meta name=\"twitter:label2\" content=\"Tempo estimado de leitura\" \/>\n\t<meta name=\"twitter:data2\" content=\"2 minutos\" \/>\n<script type=\"application\/ld+json\" class=\"yoast-schema-graph\">{\"@context\":\"https:\\\/\\\/schema.org\",\"@graph\":[{\"@type\":\"Article\",\"@id\":\"https:\\\/\\\/algarve7.pt\\\/index.php\\\/2021\\\/06\\\/lancamento-oficial-do-documentario-caminho-dos-promontorios\\\/cultura\\\/13\\\/20\\\/#article\",\"isPartOf\":{\"@id\":\"https:\\\/\\\/algarve7.pt\\\/index.php\\\/2021\\\/06\\\/lancamento-oficial-do-documentario-caminho-dos-promontorios\\\/cultura\\\/13\\\/20\\\/\"},\"author\":{\"name\":\"Algarve 7\",\"@id\":\"https:\\\/\\\/algarve7.pt\\\/#\\\/schema\\\/person\\\/23fa70681308e7b319a3204bcea45e0c\"},\"headline\":\"Lan\u00e7amento Oficial do Document\u00e1rio &#8220;Caminho dos Promont\u00f3rios\",\"datePublished\":\"2021-06-18T12:20:00+00:00\",\"mainEntityOfPage\":{\"@id\":\"https:\\\/\\\/algarve7.pt\\\/index.php\\\/2021\\\/06\\\/lancamento-oficial-do-documentario-caminho-dos-promontorios\\\/cultura\\\/13\\\/20\\\/\"},\"wordCount\":330,\"publisher\":{\"@id\":\"https:\\\/\\\/algarve7.pt\\\/#organization\"},\"image\":{\"@id\":\"https:\\\/\\\/algarve7.pt\\\/index.php\\\/2021\\\/06\\\/lancamento-oficial-do-documentario-caminho-dos-promontorios\\\/cultura\\\/13\\\/20\\\/#primaryimage\"},\"thumbnailUrl\":\"https:\\\/\\\/algarve7.pt\\\/wp-content\\\/uploads\\\/2021\\\/06\\\/Captura-de-ecra-2021-06-17-as-18.50.43.png\",\"keywords\":[\"Algarve\",\"Caminhadas\",\"Cultura\",\"Lagoa\"],\"articleSection\":[\"Cultura\"],\"inLanguage\":\"pt-PT\"},{\"@type\":\"WebPage\",\"@id\":\"https:\\\/\\\/algarve7.pt\\\/index.php\\\/2021\\\/06\\\/lancamento-oficial-do-documentario-caminho-dos-promontorios\\\/cultura\\\/13\\\/20\\\/\",\"url\":\"https:\\\/\\\/algarve7.pt\\\/index.php\\\/2021\\\/06\\\/lancamento-oficial-do-documentario-caminho-dos-promontorios\\\/cultura\\\/13\\\/20\\\/\",\"name\":\"Lan\u00e7amento Oficial do Document\u00e1rio \\\"Caminho dos Promont\u00f3rios - Algarve 7\",\"isPartOf\":{\"@id\":\"https:\\\/\\\/algarve7.pt\\\/#website\"},\"primaryImageOfPage\":{\"@id\":\"https:\\\/\\\/algarve7.pt\\\/index.php\\\/2021\\\/06\\\/lancamento-oficial-do-documentario-caminho-dos-promontorios\\\/cultura\\\/13\\\/20\\\/#primaryimage\"},\"image\":{\"@id\":\"https:\\\/\\\/algarve7.pt\\\/index.php\\\/2021\\\/06\\\/lancamento-oficial-do-documentario-caminho-dos-promontorios\\\/cultura\\\/13\\\/20\\\/#primaryimage\"},\"thumbnailUrl\":\"https:\\\/\\\/algarve7.pt\\\/wp-content\\\/uploads\\\/2021\\\/06\\\/Captura-de-ecra-2021-06-17-as-18.50.43.png\",\"datePublished\":\"2021-06-18T12:20:00+00:00\",\"description\":\"Lan\u00e7amento Oficial do Document\u00e1rio \\\"Caminho dos Promont\u00f3rios Cultura\",\"breadcrumb\":{\"@id\":\"https:\\\/\\\/algarve7.pt\\\/index.php\\\/2021\\\/06\\\/lancamento-oficial-do-documentario-caminho-dos-promontorios\\\/cultura\\\/13\\\/20\\\/#breadcrumb\"},\"inLanguage\":\"pt-PT\",\"potentialAction\":[{\"@type\":\"ReadAction\",\"target\":[\"https:\\\/\\\/algarve7.pt\\\/index.php\\\/2021\\\/06\\\/lancamento-oficial-do-documentario-caminho-dos-promontorios\\\/cultura\\\/13\\\/20\\\/\"]}]},{\"@type\":\"ImageObject\",\"inLanguage\":\"pt-PT\",\"@id\":\"https:\\\/\\\/algarve7.pt\\\/index.php\\\/2021\\\/06\\\/lancamento-oficial-do-documentario-caminho-dos-promontorios\\\/cultura\\\/13\\\/20\\\/#primaryimage\",\"url\":\"https:\\\/\\\/algarve7.pt\\\/wp-content\\\/uploads\\\/2021\\\/06\\\/Captura-de-ecra-2021-06-17-as-18.50.43.png\",\"contentUrl\":\"https:\\\/\\\/algarve7.pt\\\/wp-content\\\/uploads\\\/2021\\\/06\\\/Captura-de-ecra-2021-06-17-as-18.50.43.png\",\"width\":1570,\"height\":928},{\"@type\":\"BreadcrumbList\",\"@id\":\"https:\\\/\\\/algarve7.pt\\\/index.php\\\/2021\\\/06\\\/lancamento-oficial-do-documentario-caminho-dos-promontorios\\\/cultura\\\/13\\\/20\\\/#breadcrumb\",\"itemListElement\":[{\"@type\":\"ListItem\",\"position\":1,\"name\":\"In\u00edcio\",\"item\":\"https:\\\/\\\/algarve7.pt\\\/\"},{\"@type\":\"ListItem\",\"position\":2,\"name\":\"Lan\u00e7amento Oficial do Document\u00e1rio &#8220;Caminho dos Promont\u00f3rios\"}]},{\"@type\":\"WebSite\",\"@id\":\"https:\\\/\\\/algarve7.pt\\\/#website\",\"url\":\"https:\\\/\\\/algarve7.pt\\\/\",\"name\":\"Algarve 7\",\"description\":\"Informa\u00e7\u00e3o sobre o Algarve\",\"publisher\":{\"@id\":\"https:\\\/\\\/algarve7.pt\\\/#organization\"},\"potentialAction\":[{\"@type\":\"SearchAction\",\"target\":{\"@type\":\"EntryPoint\",\"urlTemplate\":\"https:\\\/\\\/algarve7.pt\\\/?s={search_term_string}\"},\"query-input\":{\"@type\":\"PropertyValueSpecification\",\"valueRequired\":true,\"valueName\":\"search_term_string\"}}],\"inLanguage\":\"pt-PT\"},{\"@type\":\"Organization\",\"@id\":\"https:\\\/\\\/algarve7.pt\\\/#organization\",\"name\":\"Algarve 7\",\"url\":\"https:\\\/\\\/algarve7.pt\\\/\",\"logo\":{\"@type\":\"ImageObject\",\"inLanguage\":\"pt-PT\",\"@id\":\"https:\\\/\\\/algarve7.pt\\\/#\\\/schema\\\/logo\\\/image\\\/\",\"url\":\"https:\\\/\\\/algarve7.pt\\\/wp-content\\\/uploads\\\/2020\\\/10\\\/Logo-8.jpg\",\"contentUrl\":\"https:\\\/\\\/algarve7.pt\\\/wp-content\\\/uploads\\\/2020\\\/10\\\/Logo-8.jpg\",\"width\":1680,\"height\":1186,\"caption\":\"Algarve 7\"},\"image\":{\"@id\":\"https:\\\/\\\/algarve7.pt\\\/#\\\/schema\\\/logo\\\/image\\\/\"},\"sameAs\":[\"https:\\\/\\\/www.facebook.com\\\/algarve7\",\"https:\\\/\\\/x.com\\\/Algarvesete\",\"https:\\\/\\\/www.instagram.com\\\/jornalalgarve7\\\/\",\"https:\\\/\\\/www.linkedin.com\\\/company\\\/algarve7\",\"https:\\\/\\\/www.pinterest.pt\\\/geral0939\\\/_created\\\/\"]},{\"@type\":\"Person\",\"@id\":\"https:\\\/\\\/algarve7.pt\\\/#\\\/schema\\\/person\\\/23fa70681308e7b319a3204bcea45e0c\",\"name\":\"Algarve 7\",\"sameAs\":[\"https:\\\/\\\/algarve7.pt\",\"https:\\\/\\\/www.facebook.com\\\/algarve7\"],\"url\":\"https:\\\/\\\/algarve7.pt\\\/index.php\\\/author\\\/geralalgarve7-pt\\\/\"}]}<\/script>\n<!-- \/ Yoast SEO plugin. -->","yoast_head_json":{"title":"Lan\u00e7amento Oficial do Document\u00e1rio \"Caminho dos Promont\u00f3rios - Algarve 7","description":"Lan\u00e7amento Oficial do Document\u00e1rio \"Caminho dos Promont\u00f3rios Cultura","robots":{"index":"index","follow":"follow","max-snippet":"max-snippet:-1","max-image-preview":"max-image-preview:large","max-video-preview":"max-video-preview:-1"},"canonical":"https:\/\/algarve7.pt\/index.php\/2021\/06\/lancamento-oficial-do-documentario-caminho-dos-promontorios\/cultura\/13\/20\/","og_locale":"pt_PT","og_type":"article","og_title":"Lan\u00e7amento Oficial do Document\u00e1rio \"Caminho dos Promont\u00f3rios - Algarve 7","og_description":"Lan\u00e7amento Oficial do Document\u00e1rio \"Caminho dos Promont\u00f3rios Cultura","og_url":"https:\/\/algarve7.pt\/index.php\/2021\/06\/lancamento-oficial-do-documentario-caminho-dos-promontorios\/cultura\/13\/20\/","og_site_name":"Algarve 7","article_publisher":"https:\/\/www.facebook.com\/algarve7","article_author":"https:\/\/www.facebook.com\/algarve7","article_published_time":"2021-06-18T12:20:00+00:00","og_image":[{"width":1570,"height":928,"url":"https:\/\/algarve7.pt\/wp-content\/uploads\/2021\/06\/Captura-de-ecra-2021-06-17-as-18.50.43.png","type":"image\/png"}],"author":"Algarve 7","twitter_card":"summary_large_image","twitter_creator":"@Algarvesete","twitter_site":"@Algarvesete","twitter_misc":{"Escrito por":"Algarve 7","Tempo estimado de leitura":"2 minutos"},"schema":{"@context":"https:\/\/schema.org","@graph":[{"@type":"Article","@id":"https:\/\/algarve7.pt\/index.php\/2021\/06\/lancamento-oficial-do-documentario-caminho-dos-promontorios\/cultura\/13\/20\/#article","isPartOf":{"@id":"https:\/\/algarve7.pt\/index.php\/2021\/06\/lancamento-oficial-do-documentario-caminho-dos-promontorios\/cultura\/13\/20\/"},"author":{"name":"Algarve 7","@id":"https:\/\/algarve7.pt\/#\/schema\/person\/23fa70681308e7b319a3204bcea45e0c"},"headline":"Lan\u00e7amento Oficial do Document\u00e1rio &#8220;Caminho dos Promont\u00f3rios","datePublished":"2021-06-18T12:20:00+00:00","mainEntityOfPage":{"@id":"https:\/\/algarve7.pt\/index.php\/2021\/06\/lancamento-oficial-do-documentario-caminho-dos-promontorios\/cultura\/13\/20\/"},"wordCount":330,"publisher":{"@id":"https:\/\/algarve7.pt\/#organization"},"image":{"@id":"https:\/\/algarve7.pt\/index.php\/2021\/06\/lancamento-oficial-do-documentario-caminho-dos-promontorios\/cultura\/13\/20\/#primaryimage"},"thumbnailUrl":"https:\/\/algarve7.pt\/wp-content\/uploads\/2021\/06\/Captura-de-ecra-2021-06-17-as-18.50.43.png","keywords":["Algarve","Caminhadas","Cultura","Lagoa"],"articleSection":["Cultura"],"inLanguage":"pt-PT"},{"@type":"WebPage","@id":"https:\/\/algarve7.pt\/index.php\/2021\/06\/lancamento-oficial-do-documentario-caminho-dos-promontorios\/cultura\/13\/20\/","url":"https:\/\/algarve7.pt\/index.php\/2021\/06\/lancamento-oficial-do-documentario-caminho-dos-promontorios\/cultura\/13\/20\/","name":"Lan\u00e7amento Oficial do Document\u00e1rio \"Caminho dos Promont\u00f3rios - Algarve 7","isPartOf":{"@id":"https:\/\/algarve7.pt\/#website"},"primaryImageOfPage":{"@id":"https:\/\/algarve7.pt\/index.php\/2021\/06\/lancamento-oficial-do-documentario-caminho-dos-promontorios\/cultura\/13\/20\/#primaryimage"},"image":{"@id":"https:\/\/algarve7.pt\/index.php\/2021\/06\/lancamento-oficial-do-documentario-caminho-dos-promontorios\/cultura\/13\/20\/#primaryimage"},"thumbnailUrl":"https:\/\/algarve7.pt\/wp-content\/uploads\/2021\/06\/Captura-de-ecra-2021-06-17-as-18.50.43.png","datePublished":"2021-06-18T12:20:00+00:00","description":"Lan\u00e7amento Oficial do Document\u00e1rio \"Caminho dos Promont\u00f3rios Cultura","breadcrumb":{"@id":"https:\/\/algarve7.pt\/index.php\/2021\/06\/lancamento-oficial-do-documentario-caminho-dos-promontorios\/cultura\/13\/20\/#breadcrumb"},"inLanguage":"pt-PT","potentialAction":[{"@type":"ReadAction","target":["https:\/\/algarve7.pt\/index.php\/2021\/06\/lancamento-oficial-do-documentario-caminho-dos-promontorios\/cultura\/13\/20\/"]}]},{"@type":"ImageObject","inLanguage":"pt-PT","@id":"https:\/\/algarve7.pt\/index.php\/2021\/06\/lancamento-oficial-do-documentario-caminho-dos-promontorios\/cultura\/13\/20\/#primaryimage","url":"https:\/\/algarve7.pt\/wp-content\/uploads\/2021\/06\/Captura-de-ecra-2021-06-17-as-18.50.43.png","contentUrl":"https:\/\/algarve7.pt\/wp-content\/uploads\/2021\/06\/Captura-de-ecra-2021-06-17-as-18.50.43.png","width":1570,"height":928},{"@type":"BreadcrumbList","@id":"https:\/\/algarve7.pt\/index.php\/2021\/06\/lancamento-oficial-do-documentario-caminho-dos-promontorios\/cultura\/13\/20\/#breadcrumb","itemListElement":[{"@type":"ListItem","position":1,"name":"In\u00edcio","item":"https:\/\/algarve7.pt\/"},{"@type":"ListItem","position":2,"name":"Lan\u00e7amento Oficial do Document\u00e1rio &#8220;Caminho dos Promont\u00f3rios"}]},{"@type":"WebSite","@id":"https:\/\/algarve7.pt\/#website","url":"https:\/\/algarve7.pt\/","name":"Algarve 7","description":"Informa\u00e7\u00e3o sobre o Algarve","publisher":{"@id":"https:\/\/algarve7.pt\/#organization"},"potentialAction":[{"@type":"SearchAction","target":{"@type":"EntryPoint","urlTemplate":"https:\/\/algarve7.pt\/?s={search_term_string}"},"query-input":{"@type":"PropertyValueSpecification","valueRequired":true,"valueName":"search_term_string"}}],"inLanguage":"pt-PT"},{"@type":"Organization","@id":"https:\/\/algarve7.pt\/#organization","name":"Algarve 7","url":"https:\/\/algarve7.pt\/","logo":{"@type":"ImageObject","inLanguage":"pt-PT","@id":"https:\/\/algarve7.pt\/#\/schema\/logo\/image\/","url":"https:\/\/algarve7.pt\/wp-content\/uploads\/2020\/10\/Logo-8.jpg","contentUrl":"https:\/\/algarve7.pt\/wp-content\/uploads\/2020\/10\/Logo-8.jpg","width":1680,"height":1186,"caption":"Algarve 7"},"image":{"@id":"https:\/\/algarve7.pt\/#\/schema\/logo\/image\/"},"sameAs":["https:\/\/www.facebook.com\/algarve7","https:\/\/x.com\/Algarvesete","https:\/\/www.instagram.com\/jornalalgarve7\/","https:\/\/www.linkedin.com\/company\/algarve7","https:\/\/www.pinterest.pt\/geral0939\/_created\/"]},{"@type":"Person","@id":"https:\/\/algarve7.pt\/#\/schema\/person\/23fa70681308e7b319a3204bcea45e0c","name":"Algarve 7","sameAs":["https:\/\/algarve7.pt","https:\/\/www.facebook.com\/algarve7"],"url":"https:\/\/algarve7.pt\/index.php\/author\/geralalgarve7-pt\/"}]}},"jetpack_publicize_connections":[],"jetpack_featured_media_url":"https:\/\/algarve7.pt\/wp-content\/uploads\/2021\/06\/Captura-de-ecra-2021-06-17-as-18.50.43.png","jetpack_shortlink":"https:\/\/wp.me\/pcezmW-2rN","jetpack_sharing_enabled":true,"_links":{"self":[{"href":"https:\/\/algarve7.pt\/index.php\/wp-json\/wp\/v2\/posts\/9411","targetHints":{"allow":["GET"]}}],"collection":[{"href":"https:\/\/algarve7.pt\/index.php\/wp-json\/wp\/v2\/posts"}],"about":[{"href":"https:\/\/algarve7.pt\/index.php\/wp-json\/wp\/v2\/types\/post"}],"author":[{"embeddable":true,"href":"https:\/\/algarve7.pt\/index.php\/wp-json\/wp\/v2\/users\/1"}],"replies":[{"embeddable":true,"href":"https:\/\/algarve7.pt\/index.php\/wp-json\/wp\/v2\/comments?post=9411"}],"version-history":[{"count":0,"href":"https:\/\/algarve7.pt\/index.php\/wp-json\/wp\/v2\/posts\/9411\/revisions"}],"wp:featuredmedia":[{"embeddable":true,"href":"https:\/\/algarve7.pt\/index.php\/wp-json\/wp\/v2\/media\/9413"}],"wp:attachment":[{"href":"https:\/\/algarve7.pt\/index.php\/wp-json\/wp\/v2\/media?parent=9411"}],"wp:term":[{"taxonomy":"category","embeddable":true,"href":"https:\/\/algarve7.pt\/index.php\/wp-json\/wp\/v2\/categories?post=9411"},{"taxonomy":"post_tag","embeddable":true,"href":"https:\/\/algarve7.pt\/index.php\/wp-json\/wp\/v2\/tags?post=9411"}],"curies":[{"name":"wp","href":"https:\/\/api.w.org\/{rel}","templated":true}]}}