{"id":9389,"date":"2021-06-17T15:27:00","date_gmt":"2021-06-17T14:27:00","guid":{"rendered":"https:\/\/algarve7.pt\/?p=9389"},"modified":"2021-06-17T10:27:55","modified_gmt":"2021-06-17T09:27:55","slug":"in-loco-promove-os-projetos-apoiados-pelo-si2e-no-seu-territorio","status":"publish","type":"post","link":"https:\/\/algarve7.pt\/index.php\/2021\/06\/in-loco-promove-os-projetos-apoiados-pelo-si2e-no-seu-territorio\/cultura\/15\/27\/","title":{"rendered":"In Loco promove os projetos apoiados pelo SI2E no seu territ\u00f3rio"},"content":{"rendered":"\n<p>A Associa\u00e7\u00e3o IN LOCO, na qualidade de entidade gestora do Grupo de A\u00e7\u00e3o Local para o Interior do Algarve Central, produziu um conjunto de v\u00eddeos de promo\u00e7\u00e3o dos projetos apoiados pelo Sistema de Incentivos ao Empreendedorismo e ao Emprego (SI2E), sistema de apoios no \u00e2mbito&nbsp;do&nbsp;CRESC Algarve 2020&nbsp;(Programa Operacional do Algarve), integrado no Acordo de Parceria PORTUGAL 2020.<\/p>\n\n\n\n<p>Lan\u00e7ado em 2017, o&nbsp;SI2E apoiou financeiramente pequenas e m\u00e9dias empresas do interior Algarvio, contribuindo para o desenvolvimento do tecido empresarial deste territ\u00f3rio.&nbsp;<\/p>\n\n\n\n<p><br>Este apoio, permitiu que empresas que j\u00e1 estavam estabelecidas nas suas atividades, pudessem melhorar a qualidade dos seus servi\u00e7os e produtos, chegando aos seus clientes de forma mais eficiente e satisfat\u00f3ria.&nbsp;<\/p>\n\n\n\n<p>A&nbsp;aquisi\u00e7\u00e3o de novos equipamentos,&nbsp;realiza\u00e7\u00e3o de obras de adapta\u00e7\u00e3o e cria\u00e7\u00e3o de novos espa\u00e7os, permitiu tamb\u00e9m a cria\u00e7\u00e3o de mais emprego, o que \u00e9 extremamente importante para a fixa\u00e7\u00e3o de jovens no interior, al\u00e9m de ter contribu\u00eddo para a melhoria das condi\u00e7\u00f5es de trabalho.&nbsp;<\/p>\n\n\n\n<p>O Sistema de Incentivos ao Empreendedorismo e ao Emprego foi uma ferramenta relevante para o dinamismo e a inova\u00e7\u00e3o do tecido empresarial neste territ\u00f3rio. A atividade destas empresas centra-se nos produtos e recursos end\u00f3genos, trazendo mais gente ao interior e contribuindo para a imagem de qualidade dos nossos produtos.&nbsp;<\/p>\n\n\n\n<p>Este programa de incentivos est\u00e1 alinhado com a estrat\u00e9gia que o Grupo de A\u00e7\u00e3o Local Interior do Algarve Central, gerido pela Associa\u00e7\u00e3o In Loco, preparou para este territ\u00f3rio, nomeadamente o seu objetivo principal,&nbsp;investir no tecido empresarial e na cria\u00e7\u00e3o de emprego, promovendo o desenvolvimento e a expans\u00e3o das empresas locais.<\/p>\n\n\n\n<p>Estes v\u00eddeos t\u00eam como objetivo a promo\u00e7\u00e3o do territ\u00f3rio, do programa e das empresas.<\/p>\n\n\n\n<p>S\u00e3o v\u00eddeos curtos que permitem a proje\u00e7\u00e3o nas redes sociais das empresas e das entidades promotoras dos apoios.<\/p>\n\n\n\n<p>A Quinta do Marco, hotel rural, no s\u00edtio do Marco, em Santa Catarina da Fonte do Bispo, a Quinta do Moinho, restaurante e alojamento local, em Loul\u00e9, na mesma cidade a Loul\u00e9gest, empresa de contabilidade e consultoria, a Padaria Barreirinhas, em Monte Novo das Barreirinhas, na freguesia de S\u00e3o Marcos da Serra, a Casa Modesta, turismo rural, em Quatrim do Sul, Olh\u00e3o,&nbsp;a clinica SAN &#8211; Sa\u00fade Integrativa, em S\u00e3o Br\u00e1s de Alportel e o Restaurante Mato \u00e0 Vista, em Cabanita, Paderne, s\u00e3o os projetos apoiados e que t\u00eam esta promo\u00e7\u00e3o.<\/p>\n\n\n\n<p>Os v\u00eddeos j\u00e1 est\u00e3o dispon\u00edveis\u00a0<a href=\"https:\/\/www.youtube.com\/channel\/UChqJukbV5nyXQT6ZunF2XIA\" target=\"_blank\" rel=\"noreferrer noopener\">aqui<\/a>\u00a0no canal de you tube da Associa\u00e7\u00e3o In Loco e, brevemente, tamb\u00e9m nas redes sociais das entidades envolvidas.<\/p>\n\n\n\n<p>Foram realizados com o apoio do CRESC Algarve 2020.<\/p>\n","protected":false},"excerpt":{"rendered":"<p>A Associa\u00e7\u00e3o IN LOCO, na qualidade de entidade gestora do Grupo de A\u00e7\u00e3o Local para o Interior do Algarve Central,<\/p>\n","protected":false},"author":1,"featured_media":9390,"comment_status":"closed","ping_status":"open","sticky":false,"template":"","format":"standard","meta":{"colormag_page_container_layout":"default_layout","colormag_page_sidebar_layout":"default_layout","_monsterinsights_skip_tracking":false,"_monsterinsights_sitenote_active":false,"_monsterinsights_sitenote_note":"","_monsterinsights_sitenote_category":0,"jetpack_post_was_ever_published":false,"_jetpack_newsletter_access":"","_jetpack_dont_email_post_to_subs":false,"_jetpack_newsletter_tier_id":0,"_jetpack_memberships_contains_paywalled_content":false,"_jetpack_memberships_contains_paid_content":false,"footnotes":"","jetpack_publicize_message":"","jetpack_publicize_feature_enabled":true,"jetpack_social_post_already_shared":true,"jetpack_social_options":{"image_generator_settings":{"template":"highway","default_image_id":0,"font":"","enabled":false},"version":2}},"categories":[14],"tags":[36,35,152],"class_list":["post-9389","post","type-post","status-publish","format-standard","has-post-thumbnail","hentry","category-cultura","tag-algarve","tag-cultura","tag-in-loco"],"yoast_head":"<!-- This site is optimized with the Yoast SEO plugin v27.5 - https:\/\/yoast.com\/product\/yoast-seo-wordpress\/ -->\n<title>In Loco promove os projetos apoiados pelo SI2E no seu territ\u00f3rio - Algarve 7<\/title>\n<meta name=\"description\" content=\"In Loco promove os projetos apoiados pelo SI2E no seu territ\u00f3rio Cultura\" \/>\n<meta name=\"robots\" content=\"index, follow, max-snippet:-1, max-image-preview:large, max-video-preview:-1\" \/>\n<link rel=\"canonical\" href=\"https:\/\/algarve7.pt\/index.php\/2021\/06\/in-loco-promove-os-projetos-apoiados-pelo-si2e-no-seu-territorio\/cultura\/15\/27\/\" \/>\n<meta property=\"og:locale\" content=\"pt_PT\" \/>\n<meta property=\"og:type\" content=\"article\" \/>\n<meta property=\"og:title\" content=\"In Loco promove os projetos apoiados pelo SI2E no seu territ\u00f3rio - Algarve 7\" \/>\n<meta property=\"og:description\" content=\"In Loco promove os projetos apoiados pelo SI2E no seu territ\u00f3rio Cultura\" \/>\n<meta property=\"og:url\" content=\"https:\/\/algarve7.pt\/index.php\/2021\/06\/in-loco-promove-os-projetos-apoiados-pelo-si2e-no-seu-territorio\/cultura\/15\/27\/\" \/>\n<meta property=\"og:site_name\" content=\"Algarve 7\" \/>\n<meta property=\"article:publisher\" content=\"https:\/\/www.facebook.com\/algarve7\" \/>\n<meta property=\"article:author\" content=\"https:\/\/www.facebook.com\/algarve7\" \/>\n<meta property=\"article:published_time\" content=\"2021-06-17T14:27:00+00:00\" \/>\n<meta property=\"og:image\" content=\"https:\/\/algarve7.pt\/wp-content\/uploads\/2021\/06\/IMG_20210507_141011.jpg\" \/>\n\t<meta property=\"og:image:width\" content=\"1920\" \/>\n\t<meta property=\"og:image:height\" content=\"1440\" \/>\n\t<meta property=\"og:image:type\" content=\"image\/jpeg\" \/>\n<meta name=\"author\" content=\"Algarve 7\" \/>\n<meta name=\"twitter:card\" content=\"summary_large_image\" \/>\n<meta name=\"twitter:creator\" content=\"@Algarvesete\" \/>\n<meta name=\"twitter:site\" content=\"@Algarvesete\" \/>\n<meta name=\"twitter:label1\" content=\"Escrito por\" \/>\n\t<meta name=\"twitter:data1\" content=\"Algarve 7\" \/>\n\t<meta name=\"twitter:label2\" content=\"Tempo estimado de leitura\" \/>\n\t<meta name=\"twitter:data2\" content=\"2 minutos\" \/>\n<script type=\"application\/ld+json\" class=\"yoast-schema-graph\">{\"@context\":\"https:\\\/\\\/schema.org\",\"@graph\":[{\"@type\":\"Article\",\"@id\":\"https:\\\/\\\/algarve7.pt\\\/index.php\\\/2021\\\/06\\\/in-loco-promove-os-projetos-apoiados-pelo-si2e-no-seu-territorio\\\/cultura\\\/15\\\/27\\\/#article\",\"isPartOf\":{\"@id\":\"https:\\\/\\\/algarve7.pt\\\/index.php\\\/2021\\\/06\\\/in-loco-promove-os-projetos-apoiados-pelo-si2e-no-seu-territorio\\\/cultura\\\/15\\\/27\\\/\"},\"author\":{\"name\":\"Algarve 7\",\"@id\":\"https:\\\/\\\/algarve7.pt\\\/#\\\/schema\\\/person\\\/23fa70681308e7b319a3204bcea45e0c\"},\"headline\":\"In Loco promove os projetos apoiados pelo SI2E no seu territ\u00f3rio\",\"datePublished\":\"2021-06-17T14:27:00+00:00\",\"mainEntityOfPage\":{\"@id\":\"https:\\\/\\\/algarve7.pt\\\/index.php\\\/2021\\\/06\\\/in-loco-promove-os-projetos-apoiados-pelo-si2e-no-seu-territorio\\\/cultura\\\/15\\\/27\\\/\"},\"wordCount\":487,\"publisher\":{\"@id\":\"https:\\\/\\\/algarve7.pt\\\/#organization\"},\"image\":{\"@id\":\"https:\\\/\\\/algarve7.pt\\\/index.php\\\/2021\\\/06\\\/in-loco-promove-os-projetos-apoiados-pelo-si2e-no-seu-territorio\\\/cultura\\\/15\\\/27\\\/#primaryimage\"},\"thumbnailUrl\":\"https:\\\/\\\/algarve7.pt\\\/wp-content\\\/uploads\\\/2021\\\/06\\\/IMG_20210507_141011.jpg\",\"keywords\":[\"Algarve\",\"Cultura\",\"In Loco\"],\"articleSection\":[\"Cultura\"],\"inLanguage\":\"pt-PT\"},{\"@type\":\"WebPage\",\"@id\":\"https:\\\/\\\/algarve7.pt\\\/index.php\\\/2021\\\/06\\\/in-loco-promove-os-projetos-apoiados-pelo-si2e-no-seu-territorio\\\/cultura\\\/15\\\/27\\\/\",\"url\":\"https:\\\/\\\/algarve7.pt\\\/index.php\\\/2021\\\/06\\\/in-loco-promove-os-projetos-apoiados-pelo-si2e-no-seu-territorio\\\/cultura\\\/15\\\/27\\\/\",\"name\":\"In Loco promove os projetos apoiados pelo SI2E no seu territ\u00f3rio - Algarve 7\",\"isPartOf\":{\"@id\":\"https:\\\/\\\/algarve7.pt\\\/#website\"},\"primaryImageOfPage\":{\"@id\":\"https:\\\/\\\/algarve7.pt\\\/index.php\\\/2021\\\/06\\\/in-loco-promove-os-projetos-apoiados-pelo-si2e-no-seu-territorio\\\/cultura\\\/15\\\/27\\\/#primaryimage\"},\"image\":{\"@id\":\"https:\\\/\\\/algarve7.pt\\\/index.php\\\/2021\\\/06\\\/in-loco-promove-os-projetos-apoiados-pelo-si2e-no-seu-territorio\\\/cultura\\\/15\\\/27\\\/#primaryimage\"},\"thumbnailUrl\":\"https:\\\/\\\/algarve7.pt\\\/wp-content\\\/uploads\\\/2021\\\/06\\\/IMG_20210507_141011.jpg\",\"datePublished\":\"2021-06-17T14:27:00+00:00\",\"description\":\"In Loco promove os projetos apoiados pelo SI2E no seu territ\u00f3rio Cultura\",\"breadcrumb\":{\"@id\":\"https:\\\/\\\/algarve7.pt\\\/index.php\\\/2021\\\/06\\\/in-loco-promove-os-projetos-apoiados-pelo-si2e-no-seu-territorio\\\/cultura\\\/15\\\/27\\\/#breadcrumb\"},\"inLanguage\":\"pt-PT\",\"potentialAction\":[{\"@type\":\"ReadAction\",\"target\":[\"https:\\\/\\\/algarve7.pt\\\/index.php\\\/2021\\\/06\\\/in-loco-promove-os-projetos-apoiados-pelo-si2e-no-seu-territorio\\\/cultura\\\/15\\\/27\\\/\"]}]},{\"@type\":\"ImageObject\",\"inLanguage\":\"pt-PT\",\"@id\":\"https:\\\/\\\/algarve7.pt\\\/index.php\\\/2021\\\/06\\\/in-loco-promove-os-projetos-apoiados-pelo-si2e-no-seu-territorio\\\/cultura\\\/15\\\/27\\\/#primaryimage\",\"url\":\"https:\\\/\\\/algarve7.pt\\\/wp-content\\\/uploads\\\/2021\\\/06\\\/IMG_20210507_141011.jpg\",\"contentUrl\":\"https:\\\/\\\/algarve7.pt\\\/wp-content\\\/uploads\\\/2021\\\/06\\\/IMG_20210507_141011.jpg\",\"width\":1920,\"height\":1440},{\"@type\":\"BreadcrumbList\",\"@id\":\"https:\\\/\\\/algarve7.pt\\\/index.php\\\/2021\\\/06\\\/in-loco-promove-os-projetos-apoiados-pelo-si2e-no-seu-territorio\\\/cultura\\\/15\\\/27\\\/#breadcrumb\",\"itemListElement\":[{\"@type\":\"ListItem\",\"position\":1,\"name\":\"In\u00edcio\",\"item\":\"https:\\\/\\\/algarve7.pt\\\/\"},{\"@type\":\"ListItem\",\"position\":2,\"name\":\"In Loco promove os projetos apoiados pelo SI2E no seu territ\u00f3rio\"}]},{\"@type\":\"WebSite\",\"@id\":\"https:\\\/\\\/algarve7.pt\\\/#website\",\"url\":\"https:\\\/\\\/algarve7.pt\\\/\",\"name\":\"Algarve 7\",\"description\":\"Informa\u00e7\u00e3o sobre o Algarve\",\"publisher\":{\"@id\":\"https:\\\/\\\/algarve7.pt\\\/#organization\"},\"potentialAction\":[{\"@type\":\"SearchAction\",\"target\":{\"@type\":\"EntryPoint\",\"urlTemplate\":\"https:\\\/\\\/algarve7.pt\\\/?s={search_term_string}\"},\"query-input\":{\"@type\":\"PropertyValueSpecification\",\"valueRequired\":true,\"valueName\":\"search_term_string\"}}],\"inLanguage\":\"pt-PT\"},{\"@type\":\"Organization\",\"@id\":\"https:\\\/\\\/algarve7.pt\\\/#organization\",\"name\":\"Algarve 7\",\"url\":\"https:\\\/\\\/algarve7.pt\\\/\",\"logo\":{\"@type\":\"ImageObject\",\"inLanguage\":\"pt-PT\",\"@id\":\"https:\\\/\\\/algarve7.pt\\\/#\\\/schema\\\/logo\\\/image\\\/\",\"url\":\"https:\\\/\\\/algarve7.pt\\\/wp-content\\\/uploads\\\/2020\\\/10\\\/Logo-8.jpg\",\"contentUrl\":\"https:\\\/\\\/algarve7.pt\\\/wp-content\\\/uploads\\\/2020\\\/10\\\/Logo-8.jpg\",\"width\":1680,\"height\":1186,\"caption\":\"Algarve 7\"},\"image\":{\"@id\":\"https:\\\/\\\/algarve7.pt\\\/#\\\/schema\\\/logo\\\/image\\\/\"},\"sameAs\":[\"https:\\\/\\\/www.facebook.com\\\/algarve7\",\"https:\\\/\\\/x.com\\\/Algarvesete\",\"https:\\\/\\\/www.instagram.com\\\/jornalalgarve7\\\/\",\"https:\\\/\\\/www.linkedin.com\\\/company\\\/algarve7\",\"https:\\\/\\\/www.pinterest.pt\\\/geral0939\\\/_created\\\/\"]},{\"@type\":\"Person\",\"@id\":\"https:\\\/\\\/algarve7.pt\\\/#\\\/schema\\\/person\\\/23fa70681308e7b319a3204bcea45e0c\",\"name\":\"Algarve 7\",\"sameAs\":[\"https:\\\/\\\/algarve7.pt\",\"https:\\\/\\\/www.facebook.com\\\/algarve7\"],\"url\":\"https:\\\/\\\/algarve7.pt\\\/index.php\\\/author\\\/geralalgarve7-pt\\\/\"}]}<\/script>\n<!-- \/ Yoast SEO plugin. -->","yoast_head_json":{"title":"In Loco promove os projetos apoiados pelo SI2E no seu territ\u00f3rio - Algarve 7","description":"In Loco promove os projetos apoiados pelo SI2E no seu territ\u00f3rio Cultura","robots":{"index":"index","follow":"follow","max-snippet":"max-snippet:-1","max-image-preview":"max-image-preview:large","max-video-preview":"max-video-preview:-1"},"canonical":"https:\/\/algarve7.pt\/index.php\/2021\/06\/in-loco-promove-os-projetos-apoiados-pelo-si2e-no-seu-territorio\/cultura\/15\/27\/","og_locale":"pt_PT","og_type":"article","og_title":"In Loco promove os projetos apoiados pelo SI2E no seu territ\u00f3rio - Algarve 7","og_description":"In Loco promove os projetos apoiados pelo SI2E no seu territ\u00f3rio Cultura","og_url":"https:\/\/algarve7.pt\/index.php\/2021\/06\/in-loco-promove-os-projetos-apoiados-pelo-si2e-no-seu-territorio\/cultura\/15\/27\/","og_site_name":"Algarve 7","article_publisher":"https:\/\/www.facebook.com\/algarve7","article_author":"https:\/\/www.facebook.com\/algarve7","article_published_time":"2021-06-17T14:27:00+00:00","og_image":[{"width":1920,"height":1440,"url":"https:\/\/algarve7.pt\/wp-content\/uploads\/2021\/06\/IMG_20210507_141011.jpg","type":"image\/jpeg"}],"author":"Algarve 7","twitter_card":"summary_large_image","twitter_creator":"@Algarvesete","twitter_site":"@Algarvesete","twitter_misc":{"Escrito por":"Algarve 7","Tempo estimado de leitura":"2 minutos"},"schema":{"@context":"https:\/\/schema.org","@graph":[{"@type":"Article","@id":"https:\/\/algarve7.pt\/index.php\/2021\/06\/in-loco-promove-os-projetos-apoiados-pelo-si2e-no-seu-territorio\/cultura\/15\/27\/#article","isPartOf":{"@id":"https:\/\/algarve7.pt\/index.php\/2021\/06\/in-loco-promove-os-projetos-apoiados-pelo-si2e-no-seu-territorio\/cultura\/15\/27\/"},"author":{"name":"Algarve 7","@id":"https:\/\/algarve7.pt\/#\/schema\/person\/23fa70681308e7b319a3204bcea45e0c"},"headline":"In Loco promove os projetos apoiados pelo SI2E no seu territ\u00f3rio","datePublished":"2021-06-17T14:27:00+00:00","mainEntityOfPage":{"@id":"https:\/\/algarve7.pt\/index.php\/2021\/06\/in-loco-promove-os-projetos-apoiados-pelo-si2e-no-seu-territorio\/cultura\/15\/27\/"},"wordCount":487,"publisher":{"@id":"https:\/\/algarve7.pt\/#organization"},"image":{"@id":"https:\/\/algarve7.pt\/index.php\/2021\/06\/in-loco-promove-os-projetos-apoiados-pelo-si2e-no-seu-territorio\/cultura\/15\/27\/#primaryimage"},"thumbnailUrl":"https:\/\/algarve7.pt\/wp-content\/uploads\/2021\/06\/IMG_20210507_141011.jpg","keywords":["Algarve","Cultura","In Loco"],"articleSection":["Cultura"],"inLanguage":"pt-PT"},{"@type":"WebPage","@id":"https:\/\/algarve7.pt\/index.php\/2021\/06\/in-loco-promove-os-projetos-apoiados-pelo-si2e-no-seu-territorio\/cultura\/15\/27\/","url":"https:\/\/algarve7.pt\/index.php\/2021\/06\/in-loco-promove-os-projetos-apoiados-pelo-si2e-no-seu-territorio\/cultura\/15\/27\/","name":"In Loco promove os projetos apoiados pelo SI2E no seu territ\u00f3rio - Algarve 7","isPartOf":{"@id":"https:\/\/algarve7.pt\/#website"},"primaryImageOfPage":{"@id":"https:\/\/algarve7.pt\/index.php\/2021\/06\/in-loco-promove-os-projetos-apoiados-pelo-si2e-no-seu-territorio\/cultura\/15\/27\/#primaryimage"},"image":{"@id":"https:\/\/algarve7.pt\/index.php\/2021\/06\/in-loco-promove-os-projetos-apoiados-pelo-si2e-no-seu-territorio\/cultura\/15\/27\/#primaryimage"},"thumbnailUrl":"https:\/\/algarve7.pt\/wp-content\/uploads\/2021\/06\/IMG_20210507_141011.jpg","datePublished":"2021-06-17T14:27:00+00:00","description":"In Loco promove os projetos apoiados pelo SI2E no seu territ\u00f3rio Cultura","breadcrumb":{"@id":"https:\/\/algarve7.pt\/index.php\/2021\/06\/in-loco-promove-os-projetos-apoiados-pelo-si2e-no-seu-territorio\/cultura\/15\/27\/#breadcrumb"},"inLanguage":"pt-PT","potentialAction":[{"@type":"ReadAction","target":["https:\/\/algarve7.pt\/index.php\/2021\/06\/in-loco-promove-os-projetos-apoiados-pelo-si2e-no-seu-territorio\/cultura\/15\/27\/"]}]},{"@type":"ImageObject","inLanguage":"pt-PT","@id":"https:\/\/algarve7.pt\/index.php\/2021\/06\/in-loco-promove-os-projetos-apoiados-pelo-si2e-no-seu-territorio\/cultura\/15\/27\/#primaryimage","url":"https:\/\/algarve7.pt\/wp-content\/uploads\/2021\/06\/IMG_20210507_141011.jpg","contentUrl":"https:\/\/algarve7.pt\/wp-content\/uploads\/2021\/06\/IMG_20210507_141011.jpg","width":1920,"height":1440},{"@type":"BreadcrumbList","@id":"https:\/\/algarve7.pt\/index.php\/2021\/06\/in-loco-promove-os-projetos-apoiados-pelo-si2e-no-seu-territorio\/cultura\/15\/27\/#breadcrumb","itemListElement":[{"@type":"ListItem","position":1,"name":"In\u00edcio","item":"https:\/\/algarve7.pt\/"},{"@type":"ListItem","position":2,"name":"In Loco promove os projetos apoiados pelo SI2E no seu territ\u00f3rio"}]},{"@type":"WebSite","@id":"https:\/\/algarve7.pt\/#website","url":"https:\/\/algarve7.pt\/","name":"Algarve 7","description":"Informa\u00e7\u00e3o sobre o Algarve","publisher":{"@id":"https:\/\/algarve7.pt\/#organization"},"potentialAction":[{"@type":"SearchAction","target":{"@type":"EntryPoint","urlTemplate":"https:\/\/algarve7.pt\/?s={search_term_string}"},"query-input":{"@type":"PropertyValueSpecification","valueRequired":true,"valueName":"search_term_string"}}],"inLanguage":"pt-PT"},{"@type":"Organization","@id":"https:\/\/algarve7.pt\/#organization","name":"Algarve 7","url":"https:\/\/algarve7.pt\/","logo":{"@type":"ImageObject","inLanguage":"pt-PT","@id":"https:\/\/algarve7.pt\/#\/schema\/logo\/image\/","url":"https:\/\/algarve7.pt\/wp-content\/uploads\/2020\/10\/Logo-8.jpg","contentUrl":"https:\/\/algarve7.pt\/wp-content\/uploads\/2020\/10\/Logo-8.jpg","width":1680,"height":1186,"caption":"Algarve 7"},"image":{"@id":"https:\/\/algarve7.pt\/#\/schema\/logo\/image\/"},"sameAs":["https:\/\/www.facebook.com\/algarve7","https:\/\/x.com\/Algarvesete","https:\/\/www.instagram.com\/jornalalgarve7\/","https:\/\/www.linkedin.com\/company\/algarve7","https:\/\/www.pinterest.pt\/geral0939\/_created\/"]},{"@type":"Person","@id":"https:\/\/algarve7.pt\/#\/schema\/person\/23fa70681308e7b319a3204bcea45e0c","name":"Algarve 7","sameAs":["https:\/\/algarve7.pt","https:\/\/www.facebook.com\/algarve7"],"url":"https:\/\/algarve7.pt\/index.php\/author\/geralalgarve7-pt\/"}]}},"jetpack_publicize_connections":[],"jetpack_featured_media_url":"https:\/\/algarve7.pt\/wp-content\/uploads\/2021\/06\/IMG_20210507_141011.jpg","jetpack_shortlink":"https:\/\/wp.me\/pcezmW-2rr","jetpack_sharing_enabled":true,"_links":{"self":[{"href":"https:\/\/algarve7.pt\/index.php\/wp-json\/wp\/v2\/posts\/9389","targetHints":{"allow":["GET"]}}],"collection":[{"href":"https:\/\/algarve7.pt\/index.php\/wp-json\/wp\/v2\/posts"}],"about":[{"href":"https:\/\/algarve7.pt\/index.php\/wp-json\/wp\/v2\/types\/post"}],"author":[{"embeddable":true,"href":"https:\/\/algarve7.pt\/index.php\/wp-json\/wp\/v2\/users\/1"}],"replies":[{"embeddable":true,"href":"https:\/\/algarve7.pt\/index.php\/wp-json\/wp\/v2\/comments?post=9389"}],"version-history":[{"count":0,"href":"https:\/\/algarve7.pt\/index.php\/wp-json\/wp\/v2\/posts\/9389\/revisions"}],"wp:featuredmedia":[{"embeddable":true,"href":"https:\/\/algarve7.pt\/index.php\/wp-json\/wp\/v2\/media\/9390"}],"wp:attachment":[{"href":"https:\/\/algarve7.pt\/index.php\/wp-json\/wp\/v2\/media?parent=9389"}],"wp:term":[{"taxonomy":"category","embeddable":true,"href":"https:\/\/algarve7.pt\/index.php\/wp-json\/wp\/v2\/categories?post=9389"},{"taxonomy":"post_tag","embeddable":true,"href":"https:\/\/algarve7.pt\/index.php\/wp-json\/wp\/v2\/tags?post=9389"}],"curies":[{"name":"wp","href":"https:\/\/api.w.org\/{rel}","templated":true}]}}