{"id":9300,"date":"2021-06-14T12:39:54","date_gmt":"2021-06-14T11:39:54","guid":{"rendered":"https:\/\/algarve7.pt\/?p=9300"},"modified":"2021-06-14T12:40:00","modified_gmt":"2021-06-14T11:40:00","slug":"marafada-quarentena-esta-de-regresso-a-sala-do-boa-esperanca","status":"publish","type":"post","link":"https:\/\/algarve7.pt\/index.php\/2021\/06\/marafada-quarentena-esta-de-regresso-a-sala-do-boa-esperanca\/cultura\/12\/39\/","title":{"rendered":"\u201cMarafada Quarentena\u201d est\u00e1 de regresso \u00e0 sala do Boa Esperan\u00e7a"},"content":{"rendered":"\n<p>Depois do \u00eaxito alcan\u00e7ado durante agosto do ano passado, quando foi representada no TEMPO \u2013 Teatro Municipal de Portim\u00e3o, a com\u00e9dia \u201cMarafada Quarentena\u201d regressa a 19 de junho \u00e0 sua casa original, a sala do Boa Esperan\u00e7a, para uma s\u00e9rie de espet\u00e1culos a levar \u00e0 cena nas noites dos pr\u00f3ximos s\u00e1bados.<\/p>\n\n\n\n<p>Com textos e letras originais de Carlos Pacheco, &#8220;Marafada Quarentena&#8221; \u00e9 a mais recente produ\u00e7\u00e3o do Boa Esperan\u00e7a Atl\u00e9tico Clube Portimonense e constitui um bom exemplo de como os artistas locais n\u00e3o desanimam e arrega\u00e7am os bra\u00e7os para enfrentar os obst\u00e1culos causados nos \u00faltimos tempos pela pandemia da Covid-19.<\/p>\n\n\n\n<p>A com\u00e9dia acompanha as perip\u00e9cias de uma fam\u00edlia t\u00e3o hilariante quanto disfuncional, durante o per\u00edodo de confinamento, estando desde logo garantida uma generosa dose de gargalhadas, porque \u201crir \u00e9 o melhor rem\u00e9dio\u201d.<\/p>\n\n\n\n<p>Quando \u00e9 decretado o estado de emerg\u00eancia, o p\u00e2nico instala-se dentro do pequeno apartamento da fam\u00edlia Sampaio, que se encontra \u00e0 beira do div\u00f3rcio. Tudo come\u00e7a a dar errado no momento em que Anat\u00f3lio Sampaio, banc\u00e1rio e chefe de fam\u00edlia, percebe que, gra\u00e7as \u00e0 Covid\u201319, todos os seus planos v\u00e3o por \u00e1gua abaixo. Agora, e por tempo indeterminado, vai ter de dividir o seu apartamento com a fam\u00edlia e &#8230; alguns indesejados.<\/p>\n\n\n\n<p>O espet\u00e1culo respeita o plano de conting\u00eancia determinado pela Dire\u00e7\u00e3o-Geral da Sa\u00fade e tem lota\u00e7\u00e3o limitada a 100 pessoas, sendo representado nas noites de s\u00e1bado dos pr\u00f3ximos meses, sempre a partir das 21h00.<\/p>\n\n\n\n<p>Os ingressos podem ser reservados nos dias de espet\u00e1culo, entre as 15h00 e as 21h00, pelos n\u00fameros 967\u00a0188 290 e 964\u00a0389\u00a0752, ou atrav\u00e9s do email <a href=\"mailto:boaesperanca.a.c@hotmail.com\" target=\"_blank\" rel=\"noreferrer noopener\">boaesperanca.a.c@hotmail.com<\/a>, para onde tamb\u00e9m dever\u00e3o ser solicitadas informa\u00e7\u00f5es complementares.<\/p>\n","protected":false},"excerpt":{"rendered":"<p>Depois do \u00eaxito alcan\u00e7ado durante agosto do ano passado, quando foi representada no TEMPO \u2013 Teatro Municipal de Portim\u00e3o, a<\/p>\n","protected":false},"author":1,"featured_media":9301,"comment_status":"closed","ping_status":"open","sticky":false,"template":"","format":"standard","meta":{"colormag_page_container_layout":"default_layout","colormag_page_sidebar_layout":"default_layout","_monsterinsights_skip_tracking":false,"_monsterinsights_sitenote_active":false,"_monsterinsights_sitenote_note":"","_monsterinsights_sitenote_category":0,"jetpack_post_was_ever_published":false,"_jetpack_newsletter_access":"","_jetpack_dont_email_post_to_subs":false,"_jetpack_newsletter_tier_id":0,"_jetpack_memberships_contains_paywalled_content":false,"_jetpack_memberships_contains_paid_content":false,"footnotes":"","jetpack_publicize_message":"","jetpack_publicize_feature_enabled":true,"jetpack_social_post_already_shared":true,"jetpack_social_options":{"image_generator_settings":{"template":"highway","default_image_id":0,"font":"","enabled":false},"version":2}},"categories":[14],"tags":[36,35,72],"class_list":["post-9300","post","type-post","status-publish","format-standard","has-post-thumbnail","hentry","category-cultura","tag-algarve","tag-cultura","tag-portimao"],"yoast_head":"<!-- This site is optimized with the Yoast SEO plugin v27.5 - https:\/\/yoast.com\/product\/yoast-seo-wordpress\/ -->\n<title>\u201cMarafada Quarentena\u201d est\u00e1 de regresso \u00e0 sala do Boa Esperan\u00e7a - Algarve 7<\/title>\n<meta name=\"description\" content=\"\u201cMarafada Quarentena\u201d est\u00e1 de regresso \u00e0 sala do Boa Esperan\u00e7a Cultura\" \/>\n<meta name=\"robots\" content=\"index, follow, max-snippet:-1, max-image-preview:large, max-video-preview:-1\" \/>\n<link rel=\"canonical\" href=\"https:\/\/algarve7.pt\/index.php\/2021\/06\/marafada-quarentena-esta-de-regresso-a-sala-do-boa-esperanca\/cultura\/12\/39\/\" \/>\n<meta property=\"og:locale\" content=\"pt_PT\" \/>\n<meta property=\"og:type\" content=\"article\" \/>\n<meta property=\"og:title\" content=\"\u201cMarafada Quarentena\u201d est\u00e1 de regresso \u00e0 sala do Boa Esperan\u00e7a - Algarve 7\" \/>\n<meta property=\"og:description\" content=\"\u201cMarafada Quarentena\u201d est\u00e1 de regresso \u00e0 sala do Boa Esperan\u00e7a Cultura\" \/>\n<meta property=\"og:url\" content=\"https:\/\/algarve7.pt\/index.php\/2021\/06\/marafada-quarentena-esta-de-regresso-a-sala-do-boa-esperanca\/cultura\/12\/39\/\" \/>\n<meta property=\"og:site_name\" content=\"Algarve 7\" \/>\n<meta property=\"article:publisher\" content=\"https:\/\/www.facebook.com\/algarve7\" \/>\n<meta property=\"article:author\" content=\"https:\/\/www.facebook.com\/algarve7\" \/>\n<meta property=\"article:published_time\" content=\"2021-06-14T11:39:54+00:00\" \/>\n<meta property=\"article:modified_time\" content=\"2021-06-14T11:40:00+00:00\" \/>\n<meta property=\"og:image\" content=\"https:\/\/algarve7.pt\/wp-content\/uploads\/2021\/06\/1.jpg\" \/>\n\t<meta property=\"og:image:width\" content=\"800\" \/>\n\t<meta property=\"og:image:height\" content=\"534\" \/>\n\t<meta property=\"og:image:type\" content=\"image\/jpeg\" \/>\n<meta name=\"author\" content=\"Algarve 7\" \/>\n<meta name=\"twitter:card\" content=\"summary_large_image\" \/>\n<meta name=\"twitter:creator\" content=\"@Algarvesete\" \/>\n<meta name=\"twitter:site\" content=\"@Algarvesete\" \/>\n<meta name=\"twitter:label1\" content=\"Escrito por\" \/>\n\t<meta name=\"twitter:data1\" content=\"Algarve 7\" \/>\n\t<meta name=\"twitter:label2\" content=\"Tempo estimado de leitura\" \/>\n\t<meta name=\"twitter:data2\" content=\"2 minutos\" \/>\n<script type=\"application\/ld+json\" class=\"yoast-schema-graph\">{\"@context\":\"https:\\\/\\\/schema.org\",\"@graph\":[{\"@type\":\"Article\",\"@id\":\"https:\\\/\\\/algarve7.pt\\\/index.php\\\/2021\\\/06\\\/marafada-quarentena-esta-de-regresso-a-sala-do-boa-esperanca\\\/cultura\\\/12\\\/39\\\/#article\",\"isPartOf\":{\"@id\":\"https:\\\/\\\/algarve7.pt\\\/index.php\\\/2021\\\/06\\\/marafada-quarentena-esta-de-regresso-a-sala-do-boa-esperanca\\\/cultura\\\/12\\\/39\\\/\"},\"author\":{\"name\":\"Algarve 7\",\"@id\":\"https:\\\/\\\/algarve7.pt\\\/#\\\/schema\\\/person\\\/23fa70681308e7b319a3204bcea45e0c\"},\"headline\":\"\u201cMarafada Quarentena\u201d est\u00e1 de regresso \u00e0 sala do Boa Esperan\u00e7a\",\"datePublished\":\"2021-06-14T11:39:54+00:00\",\"dateModified\":\"2021-06-14T11:40:00+00:00\",\"mainEntityOfPage\":{\"@id\":\"https:\\\/\\\/algarve7.pt\\\/index.php\\\/2021\\\/06\\\/marafada-quarentena-esta-de-regresso-a-sala-do-boa-esperanca\\\/cultura\\\/12\\\/39\\\/\"},\"wordCount\":316,\"publisher\":{\"@id\":\"https:\\\/\\\/algarve7.pt\\\/#organization\"},\"image\":{\"@id\":\"https:\\\/\\\/algarve7.pt\\\/index.php\\\/2021\\\/06\\\/marafada-quarentena-esta-de-regresso-a-sala-do-boa-esperanca\\\/cultura\\\/12\\\/39\\\/#primaryimage\"},\"thumbnailUrl\":\"https:\\\/\\\/algarve7.pt\\\/wp-content\\\/uploads\\\/2021\\\/06\\\/1.jpg\",\"keywords\":[\"Algarve\",\"Cultura\",\"Portim\u00e3o\"],\"articleSection\":[\"Cultura\"],\"inLanguage\":\"pt-PT\"},{\"@type\":\"WebPage\",\"@id\":\"https:\\\/\\\/algarve7.pt\\\/index.php\\\/2021\\\/06\\\/marafada-quarentena-esta-de-regresso-a-sala-do-boa-esperanca\\\/cultura\\\/12\\\/39\\\/\",\"url\":\"https:\\\/\\\/algarve7.pt\\\/index.php\\\/2021\\\/06\\\/marafada-quarentena-esta-de-regresso-a-sala-do-boa-esperanca\\\/cultura\\\/12\\\/39\\\/\",\"name\":\"\u201cMarafada Quarentena\u201d est\u00e1 de regresso \u00e0 sala do Boa Esperan\u00e7a - Algarve 7\",\"isPartOf\":{\"@id\":\"https:\\\/\\\/algarve7.pt\\\/#website\"},\"primaryImageOfPage\":{\"@id\":\"https:\\\/\\\/algarve7.pt\\\/index.php\\\/2021\\\/06\\\/marafada-quarentena-esta-de-regresso-a-sala-do-boa-esperanca\\\/cultura\\\/12\\\/39\\\/#primaryimage\"},\"image\":{\"@id\":\"https:\\\/\\\/algarve7.pt\\\/index.php\\\/2021\\\/06\\\/marafada-quarentena-esta-de-regresso-a-sala-do-boa-esperanca\\\/cultura\\\/12\\\/39\\\/#primaryimage\"},\"thumbnailUrl\":\"https:\\\/\\\/algarve7.pt\\\/wp-content\\\/uploads\\\/2021\\\/06\\\/1.jpg\",\"datePublished\":\"2021-06-14T11:39:54+00:00\",\"dateModified\":\"2021-06-14T11:40:00+00:00\",\"description\":\"\u201cMarafada Quarentena\u201d est\u00e1 de regresso \u00e0 sala do Boa Esperan\u00e7a Cultura\",\"breadcrumb\":{\"@id\":\"https:\\\/\\\/algarve7.pt\\\/index.php\\\/2021\\\/06\\\/marafada-quarentena-esta-de-regresso-a-sala-do-boa-esperanca\\\/cultura\\\/12\\\/39\\\/#breadcrumb\"},\"inLanguage\":\"pt-PT\",\"potentialAction\":[{\"@type\":\"ReadAction\",\"target\":[\"https:\\\/\\\/algarve7.pt\\\/index.php\\\/2021\\\/06\\\/marafada-quarentena-esta-de-regresso-a-sala-do-boa-esperanca\\\/cultura\\\/12\\\/39\\\/\"]}]},{\"@type\":\"ImageObject\",\"inLanguage\":\"pt-PT\",\"@id\":\"https:\\\/\\\/algarve7.pt\\\/index.php\\\/2021\\\/06\\\/marafada-quarentena-esta-de-regresso-a-sala-do-boa-esperanca\\\/cultura\\\/12\\\/39\\\/#primaryimage\",\"url\":\"https:\\\/\\\/algarve7.pt\\\/wp-content\\\/uploads\\\/2021\\\/06\\\/1.jpg\",\"contentUrl\":\"https:\\\/\\\/algarve7.pt\\\/wp-content\\\/uploads\\\/2021\\\/06\\\/1.jpg\",\"width\":800,\"height\":534},{\"@type\":\"BreadcrumbList\",\"@id\":\"https:\\\/\\\/algarve7.pt\\\/index.php\\\/2021\\\/06\\\/marafada-quarentena-esta-de-regresso-a-sala-do-boa-esperanca\\\/cultura\\\/12\\\/39\\\/#breadcrumb\",\"itemListElement\":[{\"@type\":\"ListItem\",\"position\":1,\"name\":\"In\u00edcio\",\"item\":\"https:\\\/\\\/algarve7.pt\\\/\"},{\"@type\":\"ListItem\",\"position\":2,\"name\":\"\u201cMarafada Quarentena\u201d est\u00e1 de regresso \u00e0 sala do Boa Esperan\u00e7a\"}]},{\"@type\":\"WebSite\",\"@id\":\"https:\\\/\\\/algarve7.pt\\\/#website\",\"url\":\"https:\\\/\\\/algarve7.pt\\\/\",\"name\":\"Algarve 7\",\"description\":\"Informa\u00e7\u00e3o sobre o Algarve\",\"publisher\":{\"@id\":\"https:\\\/\\\/algarve7.pt\\\/#organization\"},\"potentialAction\":[{\"@type\":\"SearchAction\",\"target\":{\"@type\":\"EntryPoint\",\"urlTemplate\":\"https:\\\/\\\/algarve7.pt\\\/?s={search_term_string}\"},\"query-input\":{\"@type\":\"PropertyValueSpecification\",\"valueRequired\":true,\"valueName\":\"search_term_string\"}}],\"inLanguage\":\"pt-PT\"},{\"@type\":\"Organization\",\"@id\":\"https:\\\/\\\/algarve7.pt\\\/#organization\",\"name\":\"Algarve 7\",\"url\":\"https:\\\/\\\/algarve7.pt\\\/\",\"logo\":{\"@type\":\"ImageObject\",\"inLanguage\":\"pt-PT\",\"@id\":\"https:\\\/\\\/algarve7.pt\\\/#\\\/schema\\\/logo\\\/image\\\/\",\"url\":\"https:\\\/\\\/algarve7.pt\\\/wp-content\\\/uploads\\\/2020\\\/10\\\/Logo-8.jpg\",\"contentUrl\":\"https:\\\/\\\/algarve7.pt\\\/wp-content\\\/uploads\\\/2020\\\/10\\\/Logo-8.jpg\",\"width\":1680,\"height\":1186,\"caption\":\"Algarve 7\"},\"image\":{\"@id\":\"https:\\\/\\\/algarve7.pt\\\/#\\\/schema\\\/logo\\\/image\\\/\"},\"sameAs\":[\"https:\\\/\\\/www.facebook.com\\\/algarve7\",\"https:\\\/\\\/x.com\\\/Algarvesete\",\"https:\\\/\\\/www.instagram.com\\\/jornalalgarve7\\\/\",\"https:\\\/\\\/www.linkedin.com\\\/company\\\/algarve7\",\"https:\\\/\\\/www.pinterest.pt\\\/geral0939\\\/_created\\\/\"]},{\"@type\":\"Person\",\"@id\":\"https:\\\/\\\/algarve7.pt\\\/#\\\/schema\\\/person\\\/23fa70681308e7b319a3204bcea45e0c\",\"name\":\"Algarve 7\",\"sameAs\":[\"https:\\\/\\\/algarve7.pt\",\"https:\\\/\\\/www.facebook.com\\\/algarve7\"],\"url\":\"https:\\\/\\\/algarve7.pt\\\/index.php\\\/author\\\/geralalgarve7-pt\\\/\"}]}<\/script>\n<!-- \/ Yoast SEO plugin. -->","yoast_head_json":{"title":"\u201cMarafada Quarentena\u201d est\u00e1 de regresso \u00e0 sala do Boa Esperan\u00e7a - Algarve 7","description":"\u201cMarafada Quarentena\u201d est\u00e1 de regresso \u00e0 sala do Boa Esperan\u00e7a Cultura","robots":{"index":"index","follow":"follow","max-snippet":"max-snippet:-1","max-image-preview":"max-image-preview:large","max-video-preview":"max-video-preview:-1"},"canonical":"https:\/\/algarve7.pt\/index.php\/2021\/06\/marafada-quarentena-esta-de-regresso-a-sala-do-boa-esperanca\/cultura\/12\/39\/","og_locale":"pt_PT","og_type":"article","og_title":"\u201cMarafada Quarentena\u201d est\u00e1 de regresso \u00e0 sala do Boa Esperan\u00e7a - Algarve 7","og_description":"\u201cMarafada Quarentena\u201d est\u00e1 de regresso \u00e0 sala do Boa Esperan\u00e7a Cultura","og_url":"https:\/\/algarve7.pt\/index.php\/2021\/06\/marafada-quarentena-esta-de-regresso-a-sala-do-boa-esperanca\/cultura\/12\/39\/","og_site_name":"Algarve 7","article_publisher":"https:\/\/www.facebook.com\/algarve7","article_author":"https:\/\/www.facebook.com\/algarve7","article_published_time":"2021-06-14T11:39:54+00:00","article_modified_time":"2021-06-14T11:40:00+00:00","og_image":[{"width":800,"height":534,"url":"https:\/\/algarve7.pt\/wp-content\/uploads\/2021\/06\/1.jpg","type":"image\/jpeg"}],"author":"Algarve 7","twitter_card":"summary_large_image","twitter_creator":"@Algarvesete","twitter_site":"@Algarvesete","twitter_misc":{"Escrito por":"Algarve 7","Tempo estimado de leitura":"2 minutos"},"schema":{"@context":"https:\/\/schema.org","@graph":[{"@type":"Article","@id":"https:\/\/algarve7.pt\/index.php\/2021\/06\/marafada-quarentena-esta-de-regresso-a-sala-do-boa-esperanca\/cultura\/12\/39\/#article","isPartOf":{"@id":"https:\/\/algarve7.pt\/index.php\/2021\/06\/marafada-quarentena-esta-de-regresso-a-sala-do-boa-esperanca\/cultura\/12\/39\/"},"author":{"name":"Algarve 7","@id":"https:\/\/algarve7.pt\/#\/schema\/person\/23fa70681308e7b319a3204bcea45e0c"},"headline":"\u201cMarafada Quarentena\u201d est\u00e1 de regresso \u00e0 sala do Boa Esperan\u00e7a","datePublished":"2021-06-14T11:39:54+00:00","dateModified":"2021-06-14T11:40:00+00:00","mainEntityOfPage":{"@id":"https:\/\/algarve7.pt\/index.php\/2021\/06\/marafada-quarentena-esta-de-regresso-a-sala-do-boa-esperanca\/cultura\/12\/39\/"},"wordCount":316,"publisher":{"@id":"https:\/\/algarve7.pt\/#organization"},"image":{"@id":"https:\/\/algarve7.pt\/index.php\/2021\/06\/marafada-quarentena-esta-de-regresso-a-sala-do-boa-esperanca\/cultura\/12\/39\/#primaryimage"},"thumbnailUrl":"https:\/\/algarve7.pt\/wp-content\/uploads\/2021\/06\/1.jpg","keywords":["Algarve","Cultura","Portim\u00e3o"],"articleSection":["Cultura"],"inLanguage":"pt-PT"},{"@type":"WebPage","@id":"https:\/\/algarve7.pt\/index.php\/2021\/06\/marafada-quarentena-esta-de-regresso-a-sala-do-boa-esperanca\/cultura\/12\/39\/","url":"https:\/\/algarve7.pt\/index.php\/2021\/06\/marafada-quarentena-esta-de-regresso-a-sala-do-boa-esperanca\/cultura\/12\/39\/","name":"\u201cMarafada Quarentena\u201d est\u00e1 de regresso \u00e0 sala do Boa Esperan\u00e7a - Algarve 7","isPartOf":{"@id":"https:\/\/algarve7.pt\/#website"},"primaryImageOfPage":{"@id":"https:\/\/algarve7.pt\/index.php\/2021\/06\/marafada-quarentena-esta-de-regresso-a-sala-do-boa-esperanca\/cultura\/12\/39\/#primaryimage"},"image":{"@id":"https:\/\/algarve7.pt\/index.php\/2021\/06\/marafada-quarentena-esta-de-regresso-a-sala-do-boa-esperanca\/cultura\/12\/39\/#primaryimage"},"thumbnailUrl":"https:\/\/algarve7.pt\/wp-content\/uploads\/2021\/06\/1.jpg","datePublished":"2021-06-14T11:39:54+00:00","dateModified":"2021-06-14T11:40:00+00:00","description":"\u201cMarafada Quarentena\u201d est\u00e1 de regresso \u00e0 sala do Boa Esperan\u00e7a Cultura","breadcrumb":{"@id":"https:\/\/algarve7.pt\/index.php\/2021\/06\/marafada-quarentena-esta-de-regresso-a-sala-do-boa-esperanca\/cultura\/12\/39\/#breadcrumb"},"inLanguage":"pt-PT","potentialAction":[{"@type":"ReadAction","target":["https:\/\/algarve7.pt\/index.php\/2021\/06\/marafada-quarentena-esta-de-regresso-a-sala-do-boa-esperanca\/cultura\/12\/39\/"]}]},{"@type":"ImageObject","inLanguage":"pt-PT","@id":"https:\/\/algarve7.pt\/index.php\/2021\/06\/marafada-quarentena-esta-de-regresso-a-sala-do-boa-esperanca\/cultura\/12\/39\/#primaryimage","url":"https:\/\/algarve7.pt\/wp-content\/uploads\/2021\/06\/1.jpg","contentUrl":"https:\/\/algarve7.pt\/wp-content\/uploads\/2021\/06\/1.jpg","width":800,"height":534},{"@type":"BreadcrumbList","@id":"https:\/\/algarve7.pt\/index.php\/2021\/06\/marafada-quarentena-esta-de-regresso-a-sala-do-boa-esperanca\/cultura\/12\/39\/#breadcrumb","itemListElement":[{"@type":"ListItem","position":1,"name":"In\u00edcio","item":"https:\/\/algarve7.pt\/"},{"@type":"ListItem","position":2,"name":"\u201cMarafada Quarentena\u201d est\u00e1 de regresso \u00e0 sala do Boa Esperan\u00e7a"}]},{"@type":"WebSite","@id":"https:\/\/algarve7.pt\/#website","url":"https:\/\/algarve7.pt\/","name":"Algarve 7","description":"Informa\u00e7\u00e3o sobre o Algarve","publisher":{"@id":"https:\/\/algarve7.pt\/#organization"},"potentialAction":[{"@type":"SearchAction","target":{"@type":"EntryPoint","urlTemplate":"https:\/\/algarve7.pt\/?s={search_term_string}"},"query-input":{"@type":"PropertyValueSpecification","valueRequired":true,"valueName":"search_term_string"}}],"inLanguage":"pt-PT"},{"@type":"Organization","@id":"https:\/\/algarve7.pt\/#organization","name":"Algarve 7","url":"https:\/\/algarve7.pt\/","logo":{"@type":"ImageObject","inLanguage":"pt-PT","@id":"https:\/\/algarve7.pt\/#\/schema\/logo\/image\/","url":"https:\/\/algarve7.pt\/wp-content\/uploads\/2020\/10\/Logo-8.jpg","contentUrl":"https:\/\/algarve7.pt\/wp-content\/uploads\/2020\/10\/Logo-8.jpg","width":1680,"height":1186,"caption":"Algarve 7"},"image":{"@id":"https:\/\/algarve7.pt\/#\/schema\/logo\/image\/"},"sameAs":["https:\/\/www.facebook.com\/algarve7","https:\/\/x.com\/Algarvesete","https:\/\/www.instagram.com\/jornalalgarve7\/","https:\/\/www.linkedin.com\/company\/algarve7","https:\/\/www.pinterest.pt\/geral0939\/_created\/"]},{"@type":"Person","@id":"https:\/\/algarve7.pt\/#\/schema\/person\/23fa70681308e7b319a3204bcea45e0c","name":"Algarve 7","sameAs":["https:\/\/algarve7.pt","https:\/\/www.facebook.com\/algarve7"],"url":"https:\/\/algarve7.pt\/index.php\/author\/geralalgarve7-pt\/"}]}},"jetpack_publicize_connections":[],"jetpack_featured_media_url":"https:\/\/algarve7.pt\/wp-content\/uploads\/2021\/06\/1.jpg","jetpack_shortlink":"https:\/\/wp.me\/pcezmW-2q0","jetpack_sharing_enabled":true,"_links":{"self":[{"href":"https:\/\/algarve7.pt\/index.php\/wp-json\/wp\/v2\/posts\/9300","targetHints":{"allow":["GET"]}}],"collection":[{"href":"https:\/\/algarve7.pt\/index.php\/wp-json\/wp\/v2\/posts"}],"about":[{"href":"https:\/\/algarve7.pt\/index.php\/wp-json\/wp\/v2\/types\/post"}],"author":[{"embeddable":true,"href":"https:\/\/algarve7.pt\/index.php\/wp-json\/wp\/v2\/users\/1"}],"replies":[{"embeddable":true,"href":"https:\/\/algarve7.pt\/index.php\/wp-json\/wp\/v2\/comments?post=9300"}],"version-history":[{"count":0,"href":"https:\/\/algarve7.pt\/index.php\/wp-json\/wp\/v2\/posts\/9300\/revisions"}],"wp:featuredmedia":[{"embeddable":true,"href":"https:\/\/algarve7.pt\/index.php\/wp-json\/wp\/v2\/media\/9301"}],"wp:attachment":[{"href":"https:\/\/algarve7.pt\/index.php\/wp-json\/wp\/v2\/media?parent=9300"}],"wp:term":[{"taxonomy":"category","embeddable":true,"href":"https:\/\/algarve7.pt\/index.php\/wp-json\/wp\/v2\/categories?post=9300"},{"taxonomy":"post_tag","embeddable":true,"href":"https:\/\/algarve7.pt\/index.php\/wp-json\/wp\/v2\/tags?post=9300"}],"curies":[{"name":"wp","href":"https:\/\/api.w.org\/{rel}","templated":true}]}}