{"id":9202,"date":"2021-06-10T09:50:00","date_gmt":"2021-06-10T08:50:00","guid":{"rendered":"https:\/\/algarve7.pt\/?p=9202"},"modified":"2021-06-10T09:10:49","modified_gmt":"2021-06-10T08:10:49","slug":"presidencia-portuguesa-anuncia-acordo-com-reino-unido-sobre-oportunidades-de-pesca","status":"publish","type":"post","link":"https:\/\/algarve7.pt\/index.php\/2021\/06\/presidencia-portuguesa-anuncia-acordo-com-reino-unido-sobre-oportunidades-de-pesca\/nacional\/09\/50\/","title":{"rendered":"Presid\u00eancia Portuguesa anuncia acordo com Reino Unido sobre oportunidades de pesca"},"content":{"rendered":"\n<p>Os Ministros das Pescas da Uni\u00e3o Europeia reuniram-se por videoconfer\u00eancia, a 9 de junho, para discutir o acordo provis\u00f3rio sobre as oportunidades de pesca relativas aos&nbsp;<em>stocks&nbsp;<\/em>partilhados entre a Uni\u00e3o Europeia e o Reino Unido.<\/p>\n\n\n\n<p>Este acordo abrange as possibilidades de pesca para 2021 e, para as unidades populacionais de \u00e1guas profundas, para 2021 e 2022, bem como regras e condi\u00e7\u00f5es aplic\u00e1veis a ambas as frotas.<\/p>\n\n\n\n<p>A Comiss\u00e3o Europeia apresentou informa\u00e7\u00e3o detalhada sobre o resultado das consultas como base para o debate, tendo os ministros expressado o seu apoio ao acordo provis\u00f3rio por considerarem as condi\u00e7\u00f5es equitativas entre as frotas de pesca da UE e do Reino Unido.<\/p>\n\n\n\n<p>Os ministros disseram, ainda, que o acordo assegura o respeito cont\u00ednuo pelos pilares social, ambiental e econ\u00f3mico da Pol\u00edtica Comum das Pescas.<\/p>\n\n\n\n<p>O Ministro do Mar de Portugal, Ricardo Serr\u00e3o Santos, que presidiu \u00e0 reuni\u00e3o, disse: \u201cConsidero&nbsp;que este acordo representa um marco nas rela\u00e7\u00f5es UE-Reino Unido e estabelece um excelente precedente para futuras negocia\u00e7\u00f5es com o Reino Unido sobre oportunidades de pesca, proporcionando clareza jur\u00eddica e estabilidade aos pescadores, ao mesmo tempo que garante que os recursos marinhos continuar\u00e3o a ser utilizados de forma sustent\u00e1vel&#8221;.<\/p>\n\n\n\n<p>A Pol\u00edtica Comum das Pescas inclui aspetos socioecon\u00f3micos, tomada de decis\u00f5es com base nos melhores pareceres cient\u00edf<\/p>\n","protected":false},"excerpt":{"rendered":"<p>Os Ministros das Pescas da Uni\u00e3o Europeia reuniram-se por videoconfer\u00eancia, a 9 de junho, para discutir o acordo provis\u00f3rio sobre<\/p>\n","protected":false},"author":1,"featured_media":9203,"comment_status":"closed","ping_status":"open","sticky":false,"template":"","format":"standard","meta":{"colormag_page_container_layout":"default_layout","colormag_page_sidebar_layout":"default_layout","_monsterinsights_skip_tracking":false,"_monsterinsights_sitenote_active":false,"_monsterinsights_sitenote_note":"","_monsterinsights_sitenote_category":0,"jetpack_post_was_ever_published":false,"_jetpack_newsletter_access":"","_jetpack_dont_email_post_to_subs":false,"_jetpack_newsletter_tier_id":0,"_jetpack_memberships_contains_paywalled_content":false,"_jetpack_memberships_contains_paid_content":false,"footnotes":"","jetpack_publicize_message":"","jetpack_publicize_feature_enabled":true,"jetpack_social_post_already_shared":true,"jetpack_social_options":{"image_generator_settings":{"template":"highway","default_image_id":0,"font":"","enabled":false},"version":2}},"categories":[189],"tags":[98,111],"class_list":["post-9202","post","type-post","status-publish","format-standard","has-post-thumbnail","hentry","category-nacional","tag-nacional","tag-pesca"],"yoast_head":"<!-- This site is optimized with the Yoast SEO plugin v27.5 - https:\/\/yoast.com\/product\/yoast-seo-wordpress\/ -->\n<title>Presid\u00eancia Portuguesa anuncia acordo com Reino Unido sobre oportunidades de pesca - Algarve 7<\/title>\n<meta name=\"description\" content=\"Presid\u00eancia Portuguesa anuncia acordo com Reino Unido sobre oportunidades de pesca Nacional\" \/>\n<meta name=\"robots\" content=\"index, follow, max-snippet:-1, max-image-preview:large, max-video-preview:-1\" \/>\n<link rel=\"canonical\" href=\"https:\/\/algarve7.pt\/index.php\/2021\/06\/presidencia-portuguesa-anuncia-acordo-com-reino-unido-sobre-oportunidades-de-pesca\/nacional\/09\/50\/\" \/>\n<meta property=\"og:locale\" content=\"pt_PT\" \/>\n<meta property=\"og:type\" content=\"article\" \/>\n<meta property=\"og:title\" content=\"Presid\u00eancia Portuguesa anuncia acordo com Reino Unido sobre oportunidades de pesca - Algarve 7\" \/>\n<meta property=\"og:description\" content=\"Presid\u00eancia Portuguesa anuncia acordo com Reino Unido sobre oportunidades de pesca Nacional\" \/>\n<meta property=\"og:url\" content=\"https:\/\/algarve7.pt\/index.php\/2021\/06\/presidencia-portuguesa-anuncia-acordo-com-reino-unido-sobre-oportunidades-de-pesca\/nacional\/09\/50\/\" \/>\n<meta property=\"og:site_name\" content=\"Algarve 7\" \/>\n<meta property=\"article:publisher\" content=\"https:\/\/www.facebook.com\/algarve7\" \/>\n<meta property=\"article:author\" content=\"https:\/\/www.facebook.com\/algarve7\" \/>\n<meta property=\"article:published_time\" content=\"2021-06-10T08:50:00+00:00\" \/>\n<meta property=\"og:image\" content=\"https:\/\/algarve7.pt\/wp-content\/uploads\/2021\/06\/i045204.png\" \/>\n\t<meta property=\"og:image:width\" content=\"1459\" \/>\n\t<meta property=\"og:image:height\" content=\"1459\" \/>\n\t<meta property=\"og:image:type\" content=\"image\/png\" \/>\n<meta name=\"author\" content=\"Algarve 7\" \/>\n<meta name=\"twitter:card\" content=\"summary_large_image\" \/>\n<meta name=\"twitter:creator\" content=\"@Algarvesete\" \/>\n<meta name=\"twitter:site\" content=\"@Algarvesete\" \/>\n<meta name=\"twitter:label1\" content=\"Escrito por\" \/>\n\t<meta name=\"twitter:data1\" content=\"Algarve 7\" \/>\n\t<meta name=\"twitter:label2\" content=\"Tempo estimado de leitura\" \/>\n\t<meta name=\"twitter:data2\" content=\"1 minuto\" \/>\n<script type=\"application\/ld+json\" class=\"yoast-schema-graph\">{\"@context\":\"https:\\\/\\\/schema.org\",\"@graph\":[{\"@type\":\"Article\",\"@id\":\"https:\\\/\\\/algarve7.pt\\\/index.php\\\/2021\\\/06\\\/presidencia-portuguesa-anuncia-acordo-com-reino-unido-sobre-oportunidades-de-pesca\\\/nacional\\\/09\\\/50\\\/#article\",\"isPartOf\":{\"@id\":\"https:\\\/\\\/algarve7.pt\\\/index.php\\\/2021\\\/06\\\/presidencia-portuguesa-anuncia-acordo-com-reino-unido-sobre-oportunidades-de-pesca\\\/nacional\\\/09\\\/50\\\/\"},\"author\":{\"name\":\"Algarve 7\",\"@id\":\"https:\\\/\\\/algarve7.pt\\\/#\\\/schema\\\/person\\\/23fa70681308e7b319a3204bcea45e0c\"},\"headline\":\"Presid\u00eancia Portuguesa anuncia acordo com Reino Unido sobre oportunidades de pesca\",\"datePublished\":\"2021-06-10T08:50:00+00:00\",\"mainEntityOfPage\":{\"@id\":\"https:\\\/\\\/algarve7.pt\\\/index.php\\\/2021\\\/06\\\/presidencia-portuguesa-anuncia-acordo-com-reino-unido-sobre-oportunidades-de-pesca\\\/nacional\\\/09\\\/50\\\/\"},\"wordCount\":246,\"publisher\":{\"@id\":\"https:\\\/\\\/algarve7.pt\\\/#organization\"},\"image\":{\"@id\":\"https:\\\/\\\/algarve7.pt\\\/index.php\\\/2021\\\/06\\\/presidencia-portuguesa-anuncia-acordo-com-reino-unido-sobre-oportunidades-de-pesca\\\/nacional\\\/09\\\/50\\\/#primaryimage\"},\"thumbnailUrl\":\"https:\\\/\\\/algarve7.pt\\\/wp-content\\\/uploads\\\/2021\\\/06\\\/i045204.png\",\"keywords\":[\"Nacional\",\"Pesca\"],\"articleSection\":[\"Nacional\"],\"inLanguage\":\"pt-PT\"},{\"@type\":\"WebPage\",\"@id\":\"https:\\\/\\\/algarve7.pt\\\/index.php\\\/2021\\\/06\\\/presidencia-portuguesa-anuncia-acordo-com-reino-unido-sobre-oportunidades-de-pesca\\\/nacional\\\/09\\\/50\\\/\",\"url\":\"https:\\\/\\\/algarve7.pt\\\/index.php\\\/2021\\\/06\\\/presidencia-portuguesa-anuncia-acordo-com-reino-unido-sobre-oportunidades-de-pesca\\\/nacional\\\/09\\\/50\\\/\",\"name\":\"Presid\u00eancia Portuguesa anuncia acordo com Reino Unido sobre oportunidades de pesca - Algarve 7\",\"isPartOf\":{\"@id\":\"https:\\\/\\\/algarve7.pt\\\/#website\"},\"primaryImageOfPage\":{\"@id\":\"https:\\\/\\\/algarve7.pt\\\/index.php\\\/2021\\\/06\\\/presidencia-portuguesa-anuncia-acordo-com-reino-unido-sobre-oportunidades-de-pesca\\\/nacional\\\/09\\\/50\\\/#primaryimage\"},\"image\":{\"@id\":\"https:\\\/\\\/algarve7.pt\\\/index.php\\\/2021\\\/06\\\/presidencia-portuguesa-anuncia-acordo-com-reino-unido-sobre-oportunidades-de-pesca\\\/nacional\\\/09\\\/50\\\/#primaryimage\"},\"thumbnailUrl\":\"https:\\\/\\\/algarve7.pt\\\/wp-content\\\/uploads\\\/2021\\\/06\\\/i045204.png\",\"datePublished\":\"2021-06-10T08:50:00+00:00\",\"description\":\"Presid\u00eancia Portuguesa anuncia acordo com Reino Unido sobre oportunidades de pesca Nacional\",\"breadcrumb\":{\"@id\":\"https:\\\/\\\/algarve7.pt\\\/index.php\\\/2021\\\/06\\\/presidencia-portuguesa-anuncia-acordo-com-reino-unido-sobre-oportunidades-de-pesca\\\/nacional\\\/09\\\/50\\\/#breadcrumb\"},\"inLanguage\":\"pt-PT\",\"potentialAction\":[{\"@type\":\"ReadAction\",\"target\":[\"https:\\\/\\\/algarve7.pt\\\/index.php\\\/2021\\\/06\\\/presidencia-portuguesa-anuncia-acordo-com-reino-unido-sobre-oportunidades-de-pesca\\\/nacional\\\/09\\\/50\\\/\"]}]},{\"@type\":\"ImageObject\",\"inLanguage\":\"pt-PT\",\"@id\":\"https:\\\/\\\/algarve7.pt\\\/index.php\\\/2021\\\/06\\\/presidencia-portuguesa-anuncia-acordo-com-reino-unido-sobre-oportunidades-de-pesca\\\/nacional\\\/09\\\/50\\\/#primaryimage\",\"url\":\"https:\\\/\\\/algarve7.pt\\\/wp-content\\\/uploads\\\/2021\\\/06\\\/i045204.png\",\"contentUrl\":\"https:\\\/\\\/algarve7.pt\\\/wp-content\\\/uploads\\\/2021\\\/06\\\/i045204.png\",\"width\":1459,\"height\":1459},{\"@type\":\"BreadcrumbList\",\"@id\":\"https:\\\/\\\/algarve7.pt\\\/index.php\\\/2021\\\/06\\\/presidencia-portuguesa-anuncia-acordo-com-reino-unido-sobre-oportunidades-de-pesca\\\/nacional\\\/09\\\/50\\\/#breadcrumb\",\"itemListElement\":[{\"@type\":\"ListItem\",\"position\":1,\"name\":\"In\u00edcio\",\"item\":\"https:\\\/\\\/algarve7.pt\\\/\"},{\"@type\":\"ListItem\",\"position\":2,\"name\":\"Presid\u00eancia Portuguesa anuncia acordo com Reino Unido sobre oportunidades de pesca\"}]},{\"@type\":\"WebSite\",\"@id\":\"https:\\\/\\\/algarve7.pt\\\/#website\",\"url\":\"https:\\\/\\\/algarve7.pt\\\/\",\"name\":\"Algarve 7\",\"description\":\"Informa\u00e7\u00e3o sobre o Algarve\",\"publisher\":{\"@id\":\"https:\\\/\\\/algarve7.pt\\\/#organization\"},\"potentialAction\":[{\"@type\":\"SearchAction\",\"target\":{\"@type\":\"EntryPoint\",\"urlTemplate\":\"https:\\\/\\\/algarve7.pt\\\/?s={search_term_string}\"},\"query-input\":{\"@type\":\"PropertyValueSpecification\",\"valueRequired\":true,\"valueName\":\"search_term_string\"}}],\"inLanguage\":\"pt-PT\"},{\"@type\":\"Organization\",\"@id\":\"https:\\\/\\\/algarve7.pt\\\/#organization\",\"name\":\"Algarve 7\",\"url\":\"https:\\\/\\\/algarve7.pt\\\/\",\"logo\":{\"@type\":\"ImageObject\",\"inLanguage\":\"pt-PT\",\"@id\":\"https:\\\/\\\/algarve7.pt\\\/#\\\/schema\\\/logo\\\/image\\\/\",\"url\":\"https:\\\/\\\/algarve7.pt\\\/wp-content\\\/uploads\\\/2020\\\/10\\\/Logo-8.jpg\",\"contentUrl\":\"https:\\\/\\\/algarve7.pt\\\/wp-content\\\/uploads\\\/2020\\\/10\\\/Logo-8.jpg\",\"width\":1680,\"height\":1186,\"caption\":\"Algarve 7\"},\"image\":{\"@id\":\"https:\\\/\\\/algarve7.pt\\\/#\\\/schema\\\/logo\\\/image\\\/\"},\"sameAs\":[\"https:\\\/\\\/www.facebook.com\\\/algarve7\",\"https:\\\/\\\/x.com\\\/Algarvesete\",\"https:\\\/\\\/www.instagram.com\\\/jornalalgarve7\\\/\",\"https:\\\/\\\/www.linkedin.com\\\/company\\\/algarve7\",\"https:\\\/\\\/www.pinterest.pt\\\/geral0939\\\/_created\\\/\"]},{\"@type\":\"Person\",\"@id\":\"https:\\\/\\\/algarve7.pt\\\/#\\\/schema\\\/person\\\/23fa70681308e7b319a3204bcea45e0c\",\"name\":\"Algarve 7\",\"sameAs\":[\"https:\\\/\\\/algarve7.pt\",\"https:\\\/\\\/www.facebook.com\\\/algarve7\"],\"url\":\"https:\\\/\\\/algarve7.pt\\\/index.php\\\/author\\\/geralalgarve7-pt\\\/\"}]}<\/script>\n<!-- \/ Yoast SEO plugin. -->","yoast_head_json":{"title":"Presid\u00eancia Portuguesa anuncia acordo com Reino Unido sobre oportunidades de pesca - Algarve 7","description":"Presid\u00eancia Portuguesa anuncia acordo com Reino Unido sobre oportunidades de pesca Nacional","robots":{"index":"index","follow":"follow","max-snippet":"max-snippet:-1","max-image-preview":"max-image-preview:large","max-video-preview":"max-video-preview:-1"},"canonical":"https:\/\/algarve7.pt\/index.php\/2021\/06\/presidencia-portuguesa-anuncia-acordo-com-reino-unido-sobre-oportunidades-de-pesca\/nacional\/09\/50\/","og_locale":"pt_PT","og_type":"article","og_title":"Presid\u00eancia Portuguesa anuncia acordo com Reino Unido sobre oportunidades de pesca - Algarve 7","og_description":"Presid\u00eancia Portuguesa anuncia acordo com Reino Unido sobre oportunidades de pesca Nacional","og_url":"https:\/\/algarve7.pt\/index.php\/2021\/06\/presidencia-portuguesa-anuncia-acordo-com-reino-unido-sobre-oportunidades-de-pesca\/nacional\/09\/50\/","og_site_name":"Algarve 7","article_publisher":"https:\/\/www.facebook.com\/algarve7","article_author":"https:\/\/www.facebook.com\/algarve7","article_published_time":"2021-06-10T08:50:00+00:00","og_image":[{"width":1459,"height":1459,"url":"https:\/\/algarve7.pt\/wp-content\/uploads\/2021\/06\/i045204.png","type":"image\/png"}],"author":"Algarve 7","twitter_card":"summary_large_image","twitter_creator":"@Algarvesete","twitter_site":"@Algarvesete","twitter_misc":{"Escrito por":"Algarve 7","Tempo estimado de leitura":"1 minuto"},"schema":{"@context":"https:\/\/schema.org","@graph":[{"@type":"Article","@id":"https:\/\/algarve7.pt\/index.php\/2021\/06\/presidencia-portuguesa-anuncia-acordo-com-reino-unido-sobre-oportunidades-de-pesca\/nacional\/09\/50\/#article","isPartOf":{"@id":"https:\/\/algarve7.pt\/index.php\/2021\/06\/presidencia-portuguesa-anuncia-acordo-com-reino-unido-sobre-oportunidades-de-pesca\/nacional\/09\/50\/"},"author":{"name":"Algarve 7","@id":"https:\/\/algarve7.pt\/#\/schema\/person\/23fa70681308e7b319a3204bcea45e0c"},"headline":"Presid\u00eancia Portuguesa anuncia acordo com Reino Unido sobre oportunidades de pesca","datePublished":"2021-06-10T08:50:00+00:00","mainEntityOfPage":{"@id":"https:\/\/algarve7.pt\/index.php\/2021\/06\/presidencia-portuguesa-anuncia-acordo-com-reino-unido-sobre-oportunidades-de-pesca\/nacional\/09\/50\/"},"wordCount":246,"publisher":{"@id":"https:\/\/algarve7.pt\/#organization"},"image":{"@id":"https:\/\/algarve7.pt\/index.php\/2021\/06\/presidencia-portuguesa-anuncia-acordo-com-reino-unido-sobre-oportunidades-de-pesca\/nacional\/09\/50\/#primaryimage"},"thumbnailUrl":"https:\/\/algarve7.pt\/wp-content\/uploads\/2021\/06\/i045204.png","keywords":["Nacional","Pesca"],"articleSection":["Nacional"],"inLanguage":"pt-PT"},{"@type":"WebPage","@id":"https:\/\/algarve7.pt\/index.php\/2021\/06\/presidencia-portuguesa-anuncia-acordo-com-reino-unido-sobre-oportunidades-de-pesca\/nacional\/09\/50\/","url":"https:\/\/algarve7.pt\/index.php\/2021\/06\/presidencia-portuguesa-anuncia-acordo-com-reino-unido-sobre-oportunidades-de-pesca\/nacional\/09\/50\/","name":"Presid\u00eancia Portuguesa anuncia acordo com Reino Unido sobre oportunidades de pesca - Algarve 7","isPartOf":{"@id":"https:\/\/algarve7.pt\/#website"},"primaryImageOfPage":{"@id":"https:\/\/algarve7.pt\/index.php\/2021\/06\/presidencia-portuguesa-anuncia-acordo-com-reino-unido-sobre-oportunidades-de-pesca\/nacional\/09\/50\/#primaryimage"},"image":{"@id":"https:\/\/algarve7.pt\/index.php\/2021\/06\/presidencia-portuguesa-anuncia-acordo-com-reino-unido-sobre-oportunidades-de-pesca\/nacional\/09\/50\/#primaryimage"},"thumbnailUrl":"https:\/\/algarve7.pt\/wp-content\/uploads\/2021\/06\/i045204.png","datePublished":"2021-06-10T08:50:00+00:00","description":"Presid\u00eancia Portuguesa anuncia acordo com Reino Unido sobre oportunidades de pesca Nacional","breadcrumb":{"@id":"https:\/\/algarve7.pt\/index.php\/2021\/06\/presidencia-portuguesa-anuncia-acordo-com-reino-unido-sobre-oportunidades-de-pesca\/nacional\/09\/50\/#breadcrumb"},"inLanguage":"pt-PT","potentialAction":[{"@type":"ReadAction","target":["https:\/\/algarve7.pt\/index.php\/2021\/06\/presidencia-portuguesa-anuncia-acordo-com-reino-unido-sobre-oportunidades-de-pesca\/nacional\/09\/50\/"]}]},{"@type":"ImageObject","inLanguage":"pt-PT","@id":"https:\/\/algarve7.pt\/index.php\/2021\/06\/presidencia-portuguesa-anuncia-acordo-com-reino-unido-sobre-oportunidades-de-pesca\/nacional\/09\/50\/#primaryimage","url":"https:\/\/algarve7.pt\/wp-content\/uploads\/2021\/06\/i045204.png","contentUrl":"https:\/\/algarve7.pt\/wp-content\/uploads\/2021\/06\/i045204.png","width":1459,"height":1459},{"@type":"BreadcrumbList","@id":"https:\/\/algarve7.pt\/index.php\/2021\/06\/presidencia-portuguesa-anuncia-acordo-com-reino-unido-sobre-oportunidades-de-pesca\/nacional\/09\/50\/#breadcrumb","itemListElement":[{"@type":"ListItem","position":1,"name":"In\u00edcio","item":"https:\/\/algarve7.pt\/"},{"@type":"ListItem","position":2,"name":"Presid\u00eancia Portuguesa anuncia acordo com Reino Unido sobre oportunidades de pesca"}]},{"@type":"WebSite","@id":"https:\/\/algarve7.pt\/#website","url":"https:\/\/algarve7.pt\/","name":"Algarve 7","description":"Informa\u00e7\u00e3o sobre o Algarve","publisher":{"@id":"https:\/\/algarve7.pt\/#organization"},"potentialAction":[{"@type":"SearchAction","target":{"@type":"EntryPoint","urlTemplate":"https:\/\/algarve7.pt\/?s={search_term_string}"},"query-input":{"@type":"PropertyValueSpecification","valueRequired":true,"valueName":"search_term_string"}}],"inLanguage":"pt-PT"},{"@type":"Organization","@id":"https:\/\/algarve7.pt\/#organization","name":"Algarve 7","url":"https:\/\/algarve7.pt\/","logo":{"@type":"ImageObject","inLanguage":"pt-PT","@id":"https:\/\/algarve7.pt\/#\/schema\/logo\/image\/","url":"https:\/\/algarve7.pt\/wp-content\/uploads\/2020\/10\/Logo-8.jpg","contentUrl":"https:\/\/algarve7.pt\/wp-content\/uploads\/2020\/10\/Logo-8.jpg","width":1680,"height":1186,"caption":"Algarve 7"},"image":{"@id":"https:\/\/algarve7.pt\/#\/schema\/logo\/image\/"},"sameAs":["https:\/\/www.facebook.com\/algarve7","https:\/\/x.com\/Algarvesete","https:\/\/www.instagram.com\/jornalalgarve7\/","https:\/\/www.linkedin.com\/company\/algarve7","https:\/\/www.pinterest.pt\/geral0939\/_created\/"]},{"@type":"Person","@id":"https:\/\/algarve7.pt\/#\/schema\/person\/23fa70681308e7b319a3204bcea45e0c","name":"Algarve 7","sameAs":["https:\/\/algarve7.pt","https:\/\/www.facebook.com\/algarve7"],"url":"https:\/\/algarve7.pt\/index.php\/author\/geralalgarve7-pt\/"}]}},"jetpack_publicize_connections":[],"jetpack_featured_media_url":"https:\/\/algarve7.pt\/wp-content\/uploads\/2021\/06\/i045204.png","jetpack_shortlink":"https:\/\/wp.me\/pcezmW-2oq","jetpack_sharing_enabled":true,"_links":{"self":[{"href":"https:\/\/algarve7.pt\/index.php\/wp-json\/wp\/v2\/posts\/9202","targetHints":{"allow":["GET"]}}],"collection":[{"href":"https:\/\/algarve7.pt\/index.php\/wp-json\/wp\/v2\/posts"}],"about":[{"href":"https:\/\/algarve7.pt\/index.php\/wp-json\/wp\/v2\/types\/post"}],"author":[{"embeddable":true,"href":"https:\/\/algarve7.pt\/index.php\/wp-json\/wp\/v2\/users\/1"}],"replies":[{"embeddable":true,"href":"https:\/\/algarve7.pt\/index.php\/wp-json\/wp\/v2\/comments?post=9202"}],"version-history":[{"count":0,"href":"https:\/\/algarve7.pt\/index.php\/wp-json\/wp\/v2\/posts\/9202\/revisions"}],"wp:featuredmedia":[{"embeddable":true,"href":"https:\/\/algarve7.pt\/index.php\/wp-json\/wp\/v2\/media\/9203"}],"wp:attachment":[{"href":"https:\/\/algarve7.pt\/index.php\/wp-json\/wp\/v2\/media?parent=9202"}],"wp:term":[{"taxonomy":"category","embeddable":true,"href":"https:\/\/algarve7.pt\/index.php\/wp-json\/wp\/v2\/categories?post=9202"},{"taxonomy":"post_tag","embeddable":true,"href":"https:\/\/algarve7.pt\/index.php\/wp-json\/wp\/v2\/tags?post=9202"}],"curies":[{"name":"wp","href":"https:\/\/api.w.org\/{rel}","templated":true}]}}