{"id":9169,"date":"2021-06-09T13:24:00","date_gmt":"2021-06-09T12:24:00","guid":{"rendered":"https:\/\/algarve7.pt\/?p=9169"},"modified":"2021-06-09T12:17:41","modified_gmt":"2021-06-09T11:17:41","slug":"investigadora-da-ualg-recebe-premio-ocean-award-da-fundacao-mirpuri","status":"publish","type":"post","link":"https:\/\/algarve7.pt\/index.php\/2021\/06\/investigadora-da-ualg-recebe-premio-ocean-award-da-fundacao-mirpuri\/ambiente\/13\/24\/","title":{"rendered":"Investigadora da UAlg recebe pr\u00e9mio Ocean Award da Funda\u00e7\u00e3o Mirpuri"},"content":{"rendered":"\n<p>Joanna Melissa Gon\u00e7alves, doutoranda do curso de Ci\u00eancias do Mar, da Terra e do Ambiente e investigadora do Centro de Investiga\u00e7\u00e3o Marinha e Ambiental (CIMA) da Universidade do Algarve (UAlg), foi a grande vencedora do pr\u00e9mio Ocean Award da Funda\u00e7\u00e3o Mirpuri.<\/p>\n\n\n\n<p>Trata-se de um pr\u00e9mio internacional de sustentabilidade, que tem como objetivo reconhecer e valorizar a excel\u00eancia na comunidade cient\u00edfica e premiar os projetos mais inovadores com impacto positivo na sa\u00fade dos oceanos.<\/p>\n\n\n\n<p>A vencedora foi anunciada no dia 5 de junho, Dia Mundial do Ambiente, durante a cerim\u00f3nia de encerramento do Trof\u00e9u Anual de Vela da Funda\u00e7\u00e3o Mirpuri, que teve lugar no Clube Naval de Cascais, uma das regatas mais importantes do calend\u00e1rio internacional de vela, que visa sensibilizar e angariar fundos para projetos de conserva\u00e7\u00e3o marinha em todo o mundo.<\/p>\n\n\n\n<p>Joanna Gon\u00e7alves, que concorreu com o projeto de doutoramento &#8220;EMERGING: Environmental Mixtures of Emerging contaminants Repercussions on Gonads and Impact on Next Generations&#8221;, recebeu o t\u00edtulo \u201cThe Mirpuri Foundation Ocean Award of the Year 2021\u201d, e um pr\u00e9mio no valor de 5 mil euros, bem como o reconhecimento internacional da sua contribui\u00e7\u00e3o para um mundo melhor.<\/p>\n\n\n\n<p>A frequentar o primeiro ano do doutoramento, para a investigadora o pr\u00e9mio reveste-se de particular import\u00e2ncia. \u201cEste reconhecimento global n\u00e3o s\u00f3 me ajudar\u00e1 a ganhar mais visibilidade como bi\u00f3loga marinha, mas tamb\u00e9m a abrir novos caminhos e poss\u00edveis contactos com outros cientistas conhecidos mundialmente.&#8221; O seu projeto de doutoramento resulta de uma paix\u00e3o que nasceu no mestrado, tendo a reprodu\u00e7\u00e3o como tem\u00e1tica central. Na sua opini\u00e3o, \u201cdever\u00edamos estudar a reprodu\u00e7\u00e3o mais profundamente, pois sem esta fun\u00e7\u00e3o n\u00e3o h\u00e1 gera\u00e7\u00f5es futuras, pondo em risco a sa\u00fade do nosso oceano\u201d. Com os resultados que pretende obter, Joanna Gon\u00e7alves espera poder, \u201cdar o seu contributo para projetos internacionais em prol de melhores solu\u00e7\u00f5es que contribuam para a sa\u00fade do Oceano\u201d.<\/p>\n","protected":false},"excerpt":{"rendered":"<p>Joanna Melissa Gon\u00e7alves, doutoranda do curso de Ci\u00eancias do Mar, da Terra e do Ambiente e investigadora do Centro de<\/p>\n","protected":false},"author":1,"featured_media":9170,"comment_status":"closed","ping_status":"open","sticky":false,"template":"","format":"standard","meta":{"colormag_page_container_layout":"default_layout","colormag_page_sidebar_layout":"default_layout","_monsterinsights_skip_tracking":false,"_monsterinsights_sitenote_active":false,"_monsterinsights_sitenote_note":"","_monsterinsights_sitenote_category":0,"jetpack_post_was_ever_published":false,"_jetpack_newsletter_access":"","_jetpack_dont_email_post_to_subs":false,"_jetpack_newsletter_tier_id":0,"_jetpack_memberships_contains_paywalled_content":false,"_jetpack_memberships_contains_paid_content":false,"footnotes":"","jetpack_publicize_message":"","jetpack_publicize_feature_enabled":true,"jetpack_social_post_already_shared":true,"jetpack_social_options":{"image_generator_settings":{"template":"highway","default_image_id":0,"font":"","enabled":false},"version":2}},"categories":[5],"tags":[36,32,80,182],"class_list":["post-9169","post","type-post","status-publish","format-standard","has-post-thumbnail","hentry","category-ambiente","tag-algarve","tag-ambiente","tag-premio","tag-ualg"],"yoast_head":"<!-- This site is optimized with the Yoast SEO plugin v27.5 - https:\/\/yoast.com\/product\/yoast-seo-wordpress\/ -->\n<title>Investigadora da UAlg recebe pr\u00e9mio Ocean Award da Funda\u00e7\u00e3o Mirpuri - Algarve 7<\/title>\n<meta name=\"description\" content=\"Investigadora da UAlg recebe pr\u00e9mio Ocean Award da Funda\u00e7\u00e3o Mirpuri Ambiente\" \/>\n<meta name=\"robots\" content=\"index, follow, max-snippet:-1, max-image-preview:large, max-video-preview:-1\" \/>\n<link rel=\"canonical\" href=\"https:\/\/algarve7.pt\/index.php\/2021\/06\/investigadora-da-ualg-recebe-premio-ocean-award-da-fundacao-mirpuri\/ambiente\/13\/24\/\" \/>\n<meta property=\"og:locale\" content=\"pt_PT\" \/>\n<meta property=\"og:type\" content=\"article\" \/>\n<meta property=\"og:title\" content=\"Investigadora da UAlg recebe pr\u00e9mio Ocean Award da Funda\u00e7\u00e3o Mirpuri - Algarve 7\" \/>\n<meta property=\"og:description\" content=\"Investigadora da UAlg recebe pr\u00e9mio Ocean Award da Funda\u00e7\u00e3o Mirpuri Ambiente\" \/>\n<meta property=\"og:url\" content=\"https:\/\/algarve7.pt\/index.php\/2021\/06\/investigadora-da-ualg-recebe-premio-ocean-award-da-fundacao-mirpuri\/ambiente\/13\/24\/\" \/>\n<meta property=\"og:site_name\" content=\"Algarve 7\" \/>\n<meta property=\"article:publisher\" content=\"https:\/\/www.facebook.com\/algarve7\" \/>\n<meta property=\"article:author\" content=\"https:\/\/www.facebook.com\/algarve7\" \/>\n<meta property=\"article:published_time\" content=\"2021-06-09T12:24:00+00:00\" \/>\n<meta property=\"og:image\" content=\"https:\/\/algarve7.pt\/wp-content\/uploads\/2021\/06\/primage_46718-1.jpg\" \/>\n\t<meta property=\"og:image:width\" content=\"1920\" \/>\n\t<meta property=\"og:image:height\" content=\"1080\" \/>\n\t<meta property=\"og:image:type\" content=\"image\/jpeg\" \/>\n<meta name=\"author\" content=\"Algarve 7\" \/>\n<meta name=\"twitter:card\" content=\"summary_large_image\" \/>\n<meta name=\"twitter:creator\" content=\"@Algarvesete\" \/>\n<meta name=\"twitter:site\" content=\"@Algarvesete\" \/>\n<meta name=\"twitter:label1\" content=\"Escrito por\" \/>\n\t<meta name=\"twitter:data1\" content=\"Algarve 7\" \/>\n\t<meta name=\"twitter:label2\" content=\"Tempo estimado de leitura\" \/>\n\t<meta name=\"twitter:data2\" content=\"2 minutos\" \/>\n<script type=\"application\/ld+json\" class=\"yoast-schema-graph\">{\"@context\":\"https:\\\/\\\/schema.org\",\"@graph\":[{\"@type\":\"Article\",\"@id\":\"https:\\\/\\\/algarve7.pt\\\/index.php\\\/2021\\\/06\\\/investigadora-da-ualg-recebe-premio-ocean-award-da-fundacao-mirpuri\\\/ambiente\\\/13\\\/24\\\/#article\",\"isPartOf\":{\"@id\":\"https:\\\/\\\/algarve7.pt\\\/index.php\\\/2021\\\/06\\\/investigadora-da-ualg-recebe-premio-ocean-award-da-fundacao-mirpuri\\\/ambiente\\\/13\\\/24\\\/\"},\"author\":{\"name\":\"Algarve 7\",\"@id\":\"https:\\\/\\\/algarve7.pt\\\/#\\\/schema\\\/person\\\/23fa70681308e7b319a3204bcea45e0c\"},\"headline\":\"Investigadora da UAlg recebe pr\u00e9mio Ocean Award da Funda\u00e7\u00e3o Mirpuri\",\"datePublished\":\"2021-06-09T12:24:00+00:00\",\"mainEntityOfPage\":{\"@id\":\"https:\\\/\\\/algarve7.pt\\\/index.php\\\/2021\\\/06\\\/investigadora-da-ualg-recebe-premio-ocean-award-da-fundacao-mirpuri\\\/ambiente\\\/13\\\/24\\\/\"},\"wordCount\":351,\"publisher\":{\"@id\":\"https:\\\/\\\/algarve7.pt\\\/#organization\"},\"image\":{\"@id\":\"https:\\\/\\\/algarve7.pt\\\/index.php\\\/2021\\\/06\\\/investigadora-da-ualg-recebe-premio-ocean-award-da-fundacao-mirpuri\\\/ambiente\\\/13\\\/24\\\/#primaryimage\"},\"thumbnailUrl\":\"https:\\\/\\\/algarve7.pt\\\/wp-content\\\/uploads\\\/2021\\\/06\\\/primage_46718-1.jpg\",\"keywords\":[\"Algarve\",\"Ambiente\",\"Pr\u00e9mio\",\"UALG\"],\"articleSection\":[\"Ambiente\"],\"inLanguage\":\"pt-PT\"},{\"@type\":\"WebPage\",\"@id\":\"https:\\\/\\\/algarve7.pt\\\/index.php\\\/2021\\\/06\\\/investigadora-da-ualg-recebe-premio-ocean-award-da-fundacao-mirpuri\\\/ambiente\\\/13\\\/24\\\/\",\"url\":\"https:\\\/\\\/algarve7.pt\\\/index.php\\\/2021\\\/06\\\/investigadora-da-ualg-recebe-premio-ocean-award-da-fundacao-mirpuri\\\/ambiente\\\/13\\\/24\\\/\",\"name\":\"Investigadora da UAlg recebe pr\u00e9mio Ocean Award da Funda\u00e7\u00e3o Mirpuri - Algarve 7\",\"isPartOf\":{\"@id\":\"https:\\\/\\\/algarve7.pt\\\/#website\"},\"primaryImageOfPage\":{\"@id\":\"https:\\\/\\\/algarve7.pt\\\/index.php\\\/2021\\\/06\\\/investigadora-da-ualg-recebe-premio-ocean-award-da-fundacao-mirpuri\\\/ambiente\\\/13\\\/24\\\/#primaryimage\"},\"image\":{\"@id\":\"https:\\\/\\\/algarve7.pt\\\/index.php\\\/2021\\\/06\\\/investigadora-da-ualg-recebe-premio-ocean-award-da-fundacao-mirpuri\\\/ambiente\\\/13\\\/24\\\/#primaryimage\"},\"thumbnailUrl\":\"https:\\\/\\\/algarve7.pt\\\/wp-content\\\/uploads\\\/2021\\\/06\\\/primage_46718-1.jpg\",\"datePublished\":\"2021-06-09T12:24:00+00:00\",\"description\":\"Investigadora da UAlg recebe pr\u00e9mio Ocean Award da Funda\u00e7\u00e3o Mirpuri Ambiente\",\"breadcrumb\":{\"@id\":\"https:\\\/\\\/algarve7.pt\\\/index.php\\\/2021\\\/06\\\/investigadora-da-ualg-recebe-premio-ocean-award-da-fundacao-mirpuri\\\/ambiente\\\/13\\\/24\\\/#breadcrumb\"},\"inLanguage\":\"pt-PT\",\"potentialAction\":[{\"@type\":\"ReadAction\",\"target\":[\"https:\\\/\\\/algarve7.pt\\\/index.php\\\/2021\\\/06\\\/investigadora-da-ualg-recebe-premio-ocean-award-da-fundacao-mirpuri\\\/ambiente\\\/13\\\/24\\\/\"]}]},{\"@type\":\"ImageObject\",\"inLanguage\":\"pt-PT\",\"@id\":\"https:\\\/\\\/algarve7.pt\\\/index.php\\\/2021\\\/06\\\/investigadora-da-ualg-recebe-premio-ocean-award-da-fundacao-mirpuri\\\/ambiente\\\/13\\\/24\\\/#primaryimage\",\"url\":\"https:\\\/\\\/algarve7.pt\\\/wp-content\\\/uploads\\\/2021\\\/06\\\/primage_46718-1.jpg\",\"contentUrl\":\"https:\\\/\\\/algarve7.pt\\\/wp-content\\\/uploads\\\/2021\\\/06\\\/primage_46718-1.jpg\",\"width\":1920,\"height\":1080},{\"@type\":\"BreadcrumbList\",\"@id\":\"https:\\\/\\\/algarve7.pt\\\/index.php\\\/2021\\\/06\\\/investigadora-da-ualg-recebe-premio-ocean-award-da-fundacao-mirpuri\\\/ambiente\\\/13\\\/24\\\/#breadcrumb\",\"itemListElement\":[{\"@type\":\"ListItem\",\"position\":1,\"name\":\"In\u00edcio\",\"item\":\"https:\\\/\\\/algarve7.pt\\\/\"},{\"@type\":\"ListItem\",\"position\":2,\"name\":\"Investigadora da UAlg recebe pr\u00e9mio Ocean Award da Funda\u00e7\u00e3o Mirpuri\"}]},{\"@type\":\"WebSite\",\"@id\":\"https:\\\/\\\/algarve7.pt\\\/#website\",\"url\":\"https:\\\/\\\/algarve7.pt\\\/\",\"name\":\"Algarve 7\",\"description\":\"Informa\u00e7\u00e3o sobre o Algarve\",\"publisher\":{\"@id\":\"https:\\\/\\\/algarve7.pt\\\/#organization\"},\"potentialAction\":[{\"@type\":\"SearchAction\",\"target\":{\"@type\":\"EntryPoint\",\"urlTemplate\":\"https:\\\/\\\/algarve7.pt\\\/?s={search_term_string}\"},\"query-input\":{\"@type\":\"PropertyValueSpecification\",\"valueRequired\":true,\"valueName\":\"search_term_string\"}}],\"inLanguage\":\"pt-PT\"},{\"@type\":\"Organization\",\"@id\":\"https:\\\/\\\/algarve7.pt\\\/#organization\",\"name\":\"Algarve 7\",\"url\":\"https:\\\/\\\/algarve7.pt\\\/\",\"logo\":{\"@type\":\"ImageObject\",\"inLanguage\":\"pt-PT\",\"@id\":\"https:\\\/\\\/algarve7.pt\\\/#\\\/schema\\\/logo\\\/image\\\/\",\"url\":\"https:\\\/\\\/algarve7.pt\\\/wp-content\\\/uploads\\\/2020\\\/10\\\/Logo-8.jpg\",\"contentUrl\":\"https:\\\/\\\/algarve7.pt\\\/wp-content\\\/uploads\\\/2020\\\/10\\\/Logo-8.jpg\",\"width\":1680,\"height\":1186,\"caption\":\"Algarve 7\"},\"image\":{\"@id\":\"https:\\\/\\\/algarve7.pt\\\/#\\\/schema\\\/logo\\\/image\\\/\"},\"sameAs\":[\"https:\\\/\\\/www.facebook.com\\\/algarve7\",\"https:\\\/\\\/x.com\\\/Algarvesete\",\"https:\\\/\\\/www.instagram.com\\\/jornalalgarve7\\\/\",\"https:\\\/\\\/www.linkedin.com\\\/company\\\/algarve7\",\"https:\\\/\\\/www.pinterest.pt\\\/geral0939\\\/_created\\\/\"]},{\"@type\":\"Person\",\"@id\":\"https:\\\/\\\/algarve7.pt\\\/#\\\/schema\\\/person\\\/23fa70681308e7b319a3204bcea45e0c\",\"name\":\"Algarve 7\",\"sameAs\":[\"https:\\\/\\\/algarve7.pt\",\"https:\\\/\\\/www.facebook.com\\\/algarve7\"],\"url\":\"https:\\\/\\\/algarve7.pt\\\/index.php\\\/author\\\/geralalgarve7-pt\\\/\"}]}<\/script>\n<!-- \/ Yoast SEO plugin. -->","yoast_head_json":{"title":"Investigadora da UAlg recebe pr\u00e9mio Ocean Award da Funda\u00e7\u00e3o Mirpuri - Algarve 7","description":"Investigadora da UAlg recebe pr\u00e9mio Ocean Award da Funda\u00e7\u00e3o Mirpuri Ambiente","robots":{"index":"index","follow":"follow","max-snippet":"max-snippet:-1","max-image-preview":"max-image-preview:large","max-video-preview":"max-video-preview:-1"},"canonical":"https:\/\/algarve7.pt\/index.php\/2021\/06\/investigadora-da-ualg-recebe-premio-ocean-award-da-fundacao-mirpuri\/ambiente\/13\/24\/","og_locale":"pt_PT","og_type":"article","og_title":"Investigadora da UAlg recebe pr\u00e9mio Ocean Award da Funda\u00e7\u00e3o Mirpuri - Algarve 7","og_description":"Investigadora da UAlg recebe pr\u00e9mio Ocean Award da Funda\u00e7\u00e3o Mirpuri Ambiente","og_url":"https:\/\/algarve7.pt\/index.php\/2021\/06\/investigadora-da-ualg-recebe-premio-ocean-award-da-fundacao-mirpuri\/ambiente\/13\/24\/","og_site_name":"Algarve 7","article_publisher":"https:\/\/www.facebook.com\/algarve7","article_author":"https:\/\/www.facebook.com\/algarve7","article_published_time":"2021-06-09T12:24:00+00:00","og_image":[{"width":1920,"height":1080,"url":"https:\/\/algarve7.pt\/wp-content\/uploads\/2021\/06\/primage_46718-1.jpg","type":"image\/jpeg"}],"author":"Algarve 7","twitter_card":"summary_large_image","twitter_creator":"@Algarvesete","twitter_site":"@Algarvesete","twitter_misc":{"Escrito por":"Algarve 7","Tempo estimado de leitura":"2 minutos"},"schema":{"@context":"https:\/\/schema.org","@graph":[{"@type":"Article","@id":"https:\/\/algarve7.pt\/index.php\/2021\/06\/investigadora-da-ualg-recebe-premio-ocean-award-da-fundacao-mirpuri\/ambiente\/13\/24\/#article","isPartOf":{"@id":"https:\/\/algarve7.pt\/index.php\/2021\/06\/investigadora-da-ualg-recebe-premio-ocean-award-da-fundacao-mirpuri\/ambiente\/13\/24\/"},"author":{"name":"Algarve 7","@id":"https:\/\/algarve7.pt\/#\/schema\/person\/23fa70681308e7b319a3204bcea45e0c"},"headline":"Investigadora da UAlg recebe pr\u00e9mio Ocean Award da Funda\u00e7\u00e3o Mirpuri","datePublished":"2021-06-09T12:24:00+00:00","mainEntityOfPage":{"@id":"https:\/\/algarve7.pt\/index.php\/2021\/06\/investigadora-da-ualg-recebe-premio-ocean-award-da-fundacao-mirpuri\/ambiente\/13\/24\/"},"wordCount":351,"publisher":{"@id":"https:\/\/algarve7.pt\/#organization"},"image":{"@id":"https:\/\/algarve7.pt\/index.php\/2021\/06\/investigadora-da-ualg-recebe-premio-ocean-award-da-fundacao-mirpuri\/ambiente\/13\/24\/#primaryimage"},"thumbnailUrl":"https:\/\/algarve7.pt\/wp-content\/uploads\/2021\/06\/primage_46718-1.jpg","keywords":["Algarve","Ambiente","Pr\u00e9mio","UALG"],"articleSection":["Ambiente"],"inLanguage":"pt-PT"},{"@type":"WebPage","@id":"https:\/\/algarve7.pt\/index.php\/2021\/06\/investigadora-da-ualg-recebe-premio-ocean-award-da-fundacao-mirpuri\/ambiente\/13\/24\/","url":"https:\/\/algarve7.pt\/index.php\/2021\/06\/investigadora-da-ualg-recebe-premio-ocean-award-da-fundacao-mirpuri\/ambiente\/13\/24\/","name":"Investigadora da UAlg recebe pr\u00e9mio Ocean Award da Funda\u00e7\u00e3o Mirpuri - Algarve 7","isPartOf":{"@id":"https:\/\/algarve7.pt\/#website"},"primaryImageOfPage":{"@id":"https:\/\/algarve7.pt\/index.php\/2021\/06\/investigadora-da-ualg-recebe-premio-ocean-award-da-fundacao-mirpuri\/ambiente\/13\/24\/#primaryimage"},"image":{"@id":"https:\/\/algarve7.pt\/index.php\/2021\/06\/investigadora-da-ualg-recebe-premio-ocean-award-da-fundacao-mirpuri\/ambiente\/13\/24\/#primaryimage"},"thumbnailUrl":"https:\/\/algarve7.pt\/wp-content\/uploads\/2021\/06\/primage_46718-1.jpg","datePublished":"2021-06-09T12:24:00+00:00","description":"Investigadora da UAlg recebe pr\u00e9mio Ocean Award da Funda\u00e7\u00e3o Mirpuri Ambiente","breadcrumb":{"@id":"https:\/\/algarve7.pt\/index.php\/2021\/06\/investigadora-da-ualg-recebe-premio-ocean-award-da-fundacao-mirpuri\/ambiente\/13\/24\/#breadcrumb"},"inLanguage":"pt-PT","potentialAction":[{"@type":"ReadAction","target":["https:\/\/algarve7.pt\/index.php\/2021\/06\/investigadora-da-ualg-recebe-premio-ocean-award-da-fundacao-mirpuri\/ambiente\/13\/24\/"]}]},{"@type":"ImageObject","inLanguage":"pt-PT","@id":"https:\/\/algarve7.pt\/index.php\/2021\/06\/investigadora-da-ualg-recebe-premio-ocean-award-da-fundacao-mirpuri\/ambiente\/13\/24\/#primaryimage","url":"https:\/\/algarve7.pt\/wp-content\/uploads\/2021\/06\/primage_46718-1.jpg","contentUrl":"https:\/\/algarve7.pt\/wp-content\/uploads\/2021\/06\/primage_46718-1.jpg","width":1920,"height":1080},{"@type":"BreadcrumbList","@id":"https:\/\/algarve7.pt\/index.php\/2021\/06\/investigadora-da-ualg-recebe-premio-ocean-award-da-fundacao-mirpuri\/ambiente\/13\/24\/#breadcrumb","itemListElement":[{"@type":"ListItem","position":1,"name":"In\u00edcio","item":"https:\/\/algarve7.pt\/"},{"@type":"ListItem","position":2,"name":"Investigadora da UAlg recebe pr\u00e9mio Ocean Award da Funda\u00e7\u00e3o Mirpuri"}]},{"@type":"WebSite","@id":"https:\/\/algarve7.pt\/#website","url":"https:\/\/algarve7.pt\/","name":"Algarve 7","description":"Informa\u00e7\u00e3o sobre o Algarve","publisher":{"@id":"https:\/\/algarve7.pt\/#organization"},"potentialAction":[{"@type":"SearchAction","target":{"@type":"EntryPoint","urlTemplate":"https:\/\/algarve7.pt\/?s={search_term_string}"},"query-input":{"@type":"PropertyValueSpecification","valueRequired":true,"valueName":"search_term_string"}}],"inLanguage":"pt-PT"},{"@type":"Organization","@id":"https:\/\/algarve7.pt\/#organization","name":"Algarve 7","url":"https:\/\/algarve7.pt\/","logo":{"@type":"ImageObject","inLanguage":"pt-PT","@id":"https:\/\/algarve7.pt\/#\/schema\/logo\/image\/","url":"https:\/\/algarve7.pt\/wp-content\/uploads\/2020\/10\/Logo-8.jpg","contentUrl":"https:\/\/algarve7.pt\/wp-content\/uploads\/2020\/10\/Logo-8.jpg","width":1680,"height":1186,"caption":"Algarve 7"},"image":{"@id":"https:\/\/algarve7.pt\/#\/schema\/logo\/image\/"},"sameAs":["https:\/\/www.facebook.com\/algarve7","https:\/\/x.com\/Algarvesete","https:\/\/www.instagram.com\/jornalalgarve7\/","https:\/\/www.linkedin.com\/company\/algarve7","https:\/\/www.pinterest.pt\/geral0939\/_created\/"]},{"@type":"Person","@id":"https:\/\/algarve7.pt\/#\/schema\/person\/23fa70681308e7b319a3204bcea45e0c","name":"Algarve 7","sameAs":["https:\/\/algarve7.pt","https:\/\/www.facebook.com\/algarve7"],"url":"https:\/\/algarve7.pt\/index.php\/author\/geralalgarve7-pt\/"}]}},"jetpack_publicize_connections":[],"jetpack_featured_media_url":"https:\/\/algarve7.pt\/wp-content\/uploads\/2021\/06\/primage_46718-1.jpg","jetpack_shortlink":"https:\/\/wp.me\/pcezmW-2nT","jetpack_sharing_enabled":true,"_links":{"self":[{"href":"https:\/\/algarve7.pt\/index.php\/wp-json\/wp\/v2\/posts\/9169","targetHints":{"allow":["GET"]}}],"collection":[{"href":"https:\/\/algarve7.pt\/index.php\/wp-json\/wp\/v2\/posts"}],"about":[{"href":"https:\/\/algarve7.pt\/index.php\/wp-json\/wp\/v2\/types\/post"}],"author":[{"embeddable":true,"href":"https:\/\/algarve7.pt\/index.php\/wp-json\/wp\/v2\/users\/1"}],"replies":[{"embeddable":true,"href":"https:\/\/algarve7.pt\/index.php\/wp-json\/wp\/v2\/comments?post=9169"}],"version-history":[{"count":0,"href":"https:\/\/algarve7.pt\/index.php\/wp-json\/wp\/v2\/posts\/9169\/revisions"}],"wp:featuredmedia":[{"embeddable":true,"href":"https:\/\/algarve7.pt\/index.php\/wp-json\/wp\/v2\/media\/9170"}],"wp:attachment":[{"href":"https:\/\/algarve7.pt\/index.php\/wp-json\/wp\/v2\/media?parent=9169"}],"wp:term":[{"taxonomy":"category","embeddable":true,"href":"https:\/\/algarve7.pt\/index.php\/wp-json\/wp\/v2\/categories?post=9169"},{"taxonomy":"post_tag","embeddable":true,"href":"https:\/\/algarve7.pt\/index.php\/wp-json\/wp\/v2\/tags?post=9169"}],"curies":[{"name":"wp","href":"https:\/\/api.w.org\/{rel}","templated":true}]}}