{"id":9148,"date":"2021-06-09T09:40:00","date_gmt":"2021-06-09T08:40:00","guid":{"rendered":"https:\/\/algarve7.pt\/?p=9148"},"modified":"2021-06-08T21:41:29","modified_gmt":"2021-06-08T20:41:29","slug":"loule-assinala-dia-internacional-dos-arquivos-com-lancamento-de-livro","status":"publish","type":"post","link":"https:\/\/algarve7.pt\/index.php\/2021\/06\/loule-assinala-dia-internacional-dos-arquivos-com-lancamento-de-livro\/cultura\/09\/40\/","title":{"rendered":"Loul\u00e9 assinala dia internacional dos arquivos com lan\u00e7amento de livro"},"content":{"rendered":"\n<p>A 9 de junho, assinala-se o Dia Internacional dos Arquivos e o Arquivo Municipal Professor Joaquim Romero Magalh\u00e3es, em Loul\u00e9, ir\u00e1 marcar a data com o lan\u00e7amento do livro &#8220;Breve Hist\u00f3ria das Confrarias, Irmandades e Mordomias de Loul\u00e9 na Idade Moderna (s\u00e9culos XVI, XVII e XVIII)&#8221;, da autoria de Marco Sousa Santos, Cole\u00e7\u00e3o Arquivo&amp;Hist\u00f3ria. A sess\u00e3o acontece pelas 17h30 desta quarta-feira.<\/p>\n\n\n\n<p>A obra constitui um exerc\u00edcio de s\u00edntese sobre aquilo que ter\u00e1 sido a evolu\u00e7\u00e3o hist\u00f3rica da rede confraternal no termo de Loul\u00e9 ao longo da Idade Moderna (s\u00e9culos XVI, XVII e XVIII), arrolando o essencial do que foi poss\u00edvel recolher a respeito da hist\u00f3ria, protagonistas, modelo de organiza\u00e7\u00e3o e atividades desenvolvidas pelas noventa irmandades, confrarias e mordomias com atividade documentada no territ\u00f3rio em quest\u00e3o durante o referido per\u00edodo. Na primeira parte do livro \u00e9 apresentada uma breve caracteriza\u00e7\u00e3o do conjunto, enquanto que na segunda parte, organizada sob a forma de fichas de invent\u00e1rio divididas por freguesias, se re\u00fane o essencial do que foi poss\u00edvel apurar em rela\u00e7\u00e3o \u00e0 hist\u00f3ria e particularidades de cada uma das nove dezenas de confrarias e irmandades identificadas.<\/p>\n\n\n\n<p>Marco Sousa Santos \u00e9 licenciado em Patrim\u00f3nio Cultural e mestre em Hist\u00f3ria da Arte pela Universidade do Algarve. Frequenta atualmente o curso de doutoramento em Hist\u00f3ria da Arte na Universidade de Coimbra. \u00c9 membro do Centro de Estudos de Arqueologia, Artes e Ci\u00eancias do Patrim\u00f3nio da Universidade de Coimbra e do Centro de Estudos em Patrim\u00f3nio, Paisagem e constru\u00e7\u00e3o da Universidade do Algarve. Foi um dos vencedores da 1\u00aa edi\u00e7\u00e3o do Pr\u00e9mio Nacional de Ensaio Hist\u00f3rico Ant\u00f3nio Rosa Mendes, em 2015, e em 2017 venceu a 2\u00aa edi\u00e7\u00e3o do mesmo Pr\u00e9mio. J\u00e1 em 2019, conquistou o primeiro lugar na 1\u00aa edi\u00e7\u00e3o do Pr\u00e9mio Ensaio Hist\u00f3rico da Uni\u00e3o de Freguesias de Faro. \u00c9&nbsp;autor de&nbsp;livros e&nbsp;artigos que versam sobretudo temas relacionados com a arquitetura religiosa portuguesa da \u00e9poca Moderna e com a hist\u00f3ria e patrim\u00f3nio da regi\u00e3o algarvia.&nbsp;&nbsp;<\/p>\n","protected":false},"excerpt":{"rendered":"<p>A 9 de junho, assinala-se o Dia Internacional dos Arquivos e o Arquivo Municipal Professor Joaquim Romero Magalh\u00e3es, em Loul\u00e9,<\/p>\n","protected":false},"author":1,"featured_media":9149,"comment_status":"closed","ping_status":"open","sticky":false,"template":"","format":"standard","meta":{"colormag_page_container_layout":"default_layout","colormag_page_sidebar_layout":"default_layout","_monsterinsights_skip_tracking":false,"_monsterinsights_sitenote_active":false,"_monsterinsights_sitenote_note":"","_monsterinsights_sitenote_category":0,"jetpack_post_was_ever_published":false,"_jetpack_newsletter_access":"","_jetpack_dont_email_post_to_subs":false,"_jetpack_newsletter_tier_id":0,"_jetpack_memberships_contains_paywalled_content":false,"_jetpack_memberships_contains_paid_content":false,"footnotes":"","jetpack_publicize_message":"","jetpack_publicize_feature_enabled":true,"jetpack_social_post_already_shared":true,"jetpack_social_options":{"image_generator_settings":{"template":"highway","default_image_id":0,"font":"","enabled":false},"version":2}},"categories":[14],"tags":[323,35,31],"class_list":["post-9148","post","type-post","status-publish","format-standard","has-post-thumbnail","hentry","category-cultura","tag-arquivo","tag-cultura","tag-loule"],"yoast_head":"<!-- This site is optimized with the Yoast SEO plugin v27.5 - https:\/\/yoast.com\/product\/yoast-seo-wordpress\/ -->\n<title>Loul\u00e9 assinala dia internacional dos arquivos com lan\u00e7amento de livro - Algarve 7<\/title>\n<meta name=\"description\" content=\"Loul\u00e9 assinala dia internacional dos arquivos com lan\u00e7amento de livro Cultura\" \/>\n<meta name=\"robots\" content=\"index, follow, max-snippet:-1, max-image-preview:large, max-video-preview:-1\" \/>\n<link rel=\"canonical\" href=\"https:\/\/algarve7.pt\/index.php\/2021\/06\/loule-assinala-dia-internacional-dos-arquivos-com-lancamento-de-livro\/cultura\/09\/40\/\" \/>\n<meta property=\"og:locale\" content=\"pt_PT\" \/>\n<meta property=\"og:type\" content=\"article\" \/>\n<meta property=\"og:title\" content=\"Loul\u00e9 assinala dia internacional dos arquivos com lan\u00e7amento de livro - Algarve 7\" \/>\n<meta property=\"og:description\" content=\"Loul\u00e9 assinala dia internacional dos arquivos com lan\u00e7amento de livro Cultura\" \/>\n<meta property=\"og:url\" content=\"https:\/\/algarve7.pt\/index.php\/2021\/06\/loule-assinala-dia-internacional-dos-arquivos-com-lancamento-de-livro\/cultura\/09\/40\/\" \/>\n<meta property=\"og:site_name\" content=\"Algarve 7\" \/>\n<meta property=\"article:publisher\" content=\"https:\/\/www.facebook.com\/algarve7\" \/>\n<meta property=\"article:author\" content=\"https:\/\/www.facebook.com\/algarve7\" \/>\n<meta property=\"article:published_time\" content=\"2021-06-09T08:40:00+00:00\" \/>\n<meta property=\"og:image\" content=\"https:\/\/algarve7.pt\/wp-content\/uploads\/2021\/06\/Captura-de-ecra-2021-06-08-as-21.38.34.png\" \/>\n\t<meta property=\"og:image:width\" content=\"1246\" \/>\n\t<meta property=\"og:image:height\" content=\"766\" \/>\n\t<meta property=\"og:image:type\" content=\"image\/png\" \/>\n<meta name=\"author\" content=\"Algarve 7\" \/>\n<meta name=\"twitter:card\" content=\"summary_large_image\" \/>\n<meta name=\"twitter:creator\" content=\"@Algarvesete\" \/>\n<meta name=\"twitter:site\" content=\"@Algarvesete\" \/>\n<meta name=\"twitter:label1\" content=\"Escrito por\" \/>\n\t<meta name=\"twitter:data1\" content=\"Algarve 7\" \/>\n\t<meta name=\"twitter:label2\" content=\"Tempo estimado de leitura\" \/>\n\t<meta name=\"twitter:data2\" content=\"2 minutos\" \/>\n<script type=\"application\/ld+json\" class=\"yoast-schema-graph\">{\"@context\":\"https:\\\/\\\/schema.org\",\"@graph\":[{\"@type\":\"Article\",\"@id\":\"https:\\\/\\\/algarve7.pt\\\/index.php\\\/2021\\\/06\\\/loule-assinala-dia-internacional-dos-arquivos-com-lancamento-de-livro\\\/cultura\\\/09\\\/40\\\/#article\",\"isPartOf\":{\"@id\":\"https:\\\/\\\/algarve7.pt\\\/index.php\\\/2021\\\/06\\\/loule-assinala-dia-internacional-dos-arquivos-com-lancamento-de-livro\\\/cultura\\\/09\\\/40\\\/\"},\"author\":{\"name\":\"Algarve 7\",\"@id\":\"https:\\\/\\\/algarve7.pt\\\/#\\\/schema\\\/person\\\/23fa70681308e7b319a3204bcea45e0c\"},\"headline\":\"Loul\u00e9 assinala dia internacional dos arquivos com lan\u00e7amento de livro\",\"datePublished\":\"2021-06-09T08:40:00+00:00\",\"mainEntityOfPage\":{\"@id\":\"https:\\\/\\\/algarve7.pt\\\/index.php\\\/2021\\\/06\\\/loule-assinala-dia-internacional-dos-arquivos-com-lancamento-de-livro\\\/cultura\\\/09\\\/40\\\/\"},\"wordCount\":372,\"publisher\":{\"@id\":\"https:\\\/\\\/algarve7.pt\\\/#organization\"},\"image\":{\"@id\":\"https:\\\/\\\/algarve7.pt\\\/index.php\\\/2021\\\/06\\\/loule-assinala-dia-internacional-dos-arquivos-com-lancamento-de-livro\\\/cultura\\\/09\\\/40\\\/#primaryimage\"},\"thumbnailUrl\":\"https:\\\/\\\/algarve7.pt\\\/wp-content\\\/uploads\\\/2021\\\/06\\\/Captura-de-ecra-2021-06-08-as-21.38.34.png\",\"keywords\":[\"Arquivo\",\"Cultura\",\"Loul\u00e9\"],\"articleSection\":[\"Cultura\"],\"inLanguage\":\"pt-PT\"},{\"@type\":\"WebPage\",\"@id\":\"https:\\\/\\\/algarve7.pt\\\/index.php\\\/2021\\\/06\\\/loule-assinala-dia-internacional-dos-arquivos-com-lancamento-de-livro\\\/cultura\\\/09\\\/40\\\/\",\"url\":\"https:\\\/\\\/algarve7.pt\\\/index.php\\\/2021\\\/06\\\/loule-assinala-dia-internacional-dos-arquivos-com-lancamento-de-livro\\\/cultura\\\/09\\\/40\\\/\",\"name\":\"Loul\u00e9 assinala dia internacional dos arquivos com lan\u00e7amento de livro - Algarve 7\",\"isPartOf\":{\"@id\":\"https:\\\/\\\/algarve7.pt\\\/#website\"},\"primaryImageOfPage\":{\"@id\":\"https:\\\/\\\/algarve7.pt\\\/index.php\\\/2021\\\/06\\\/loule-assinala-dia-internacional-dos-arquivos-com-lancamento-de-livro\\\/cultura\\\/09\\\/40\\\/#primaryimage\"},\"image\":{\"@id\":\"https:\\\/\\\/algarve7.pt\\\/index.php\\\/2021\\\/06\\\/loule-assinala-dia-internacional-dos-arquivos-com-lancamento-de-livro\\\/cultura\\\/09\\\/40\\\/#primaryimage\"},\"thumbnailUrl\":\"https:\\\/\\\/algarve7.pt\\\/wp-content\\\/uploads\\\/2021\\\/06\\\/Captura-de-ecra-2021-06-08-as-21.38.34.png\",\"datePublished\":\"2021-06-09T08:40:00+00:00\",\"description\":\"Loul\u00e9 assinala dia internacional dos arquivos com lan\u00e7amento de livro Cultura\",\"breadcrumb\":{\"@id\":\"https:\\\/\\\/algarve7.pt\\\/index.php\\\/2021\\\/06\\\/loule-assinala-dia-internacional-dos-arquivos-com-lancamento-de-livro\\\/cultura\\\/09\\\/40\\\/#breadcrumb\"},\"inLanguage\":\"pt-PT\",\"potentialAction\":[{\"@type\":\"ReadAction\",\"target\":[\"https:\\\/\\\/algarve7.pt\\\/index.php\\\/2021\\\/06\\\/loule-assinala-dia-internacional-dos-arquivos-com-lancamento-de-livro\\\/cultura\\\/09\\\/40\\\/\"]}]},{\"@type\":\"ImageObject\",\"inLanguage\":\"pt-PT\",\"@id\":\"https:\\\/\\\/algarve7.pt\\\/index.php\\\/2021\\\/06\\\/loule-assinala-dia-internacional-dos-arquivos-com-lancamento-de-livro\\\/cultura\\\/09\\\/40\\\/#primaryimage\",\"url\":\"https:\\\/\\\/algarve7.pt\\\/wp-content\\\/uploads\\\/2021\\\/06\\\/Captura-de-ecra-2021-06-08-as-21.38.34.png\",\"contentUrl\":\"https:\\\/\\\/algarve7.pt\\\/wp-content\\\/uploads\\\/2021\\\/06\\\/Captura-de-ecra-2021-06-08-as-21.38.34.png\",\"width\":1246,\"height\":766},{\"@type\":\"BreadcrumbList\",\"@id\":\"https:\\\/\\\/algarve7.pt\\\/index.php\\\/2021\\\/06\\\/loule-assinala-dia-internacional-dos-arquivos-com-lancamento-de-livro\\\/cultura\\\/09\\\/40\\\/#breadcrumb\",\"itemListElement\":[{\"@type\":\"ListItem\",\"position\":1,\"name\":\"In\u00edcio\",\"item\":\"https:\\\/\\\/algarve7.pt\\\/\"},{\"@type\":\"ListItem\",\"position\":2,\"name\":\"Loul\u00e9 assinala dia internacional dos arquivos com lan\u00e7amento de livro\"}]},{\"@type\":\"WebSite\",\"@id\":\"https:\\\/\\\/algarve7.pt\\\/#website\",\"url\":\"https:\\\/\\\/algarve7.pt\\\/\",\"name\":\"Algarve 7\",\"description\":\"Informa\u00e7\u00e3o sobre o Algarve\",\"publisher\":{\"@id\":\"https:\\\/\\\/algarve7.pt\\\/#organization\"},\"potentialAction\":[{\"@type\":\"SearchAction\",\"target\":{\"@type\":\"EntryPoint\",\"urlTemplate\":\"https:\\\/\\\/algarve7.pt\\\/?s={search_term_string}\"},\"query-input\":{\"@type\":\"PropertyValueSpecification\",\"valueRequired\":true,\"valueName\":\"search_term_string\"}}],\"inLanguage\":\"pt-PT\"},{\"@type\":\"Organization\",\"@id\":\"https:\\\/\\\/algarve7.pt\\\/#organization\",\"name\":\"Algarve 7\",\"url\":\"https:\\\/\\\/algarve7.pt\\\/\",\"logo\":{\"@type\":\"ImageObject\",\"inLanguage\":\"pt-PT\",\"@id\":\"https:\\\/\\\/algarve7.pt\\\/#\\\/schema\\\/logo\\\/image\\\/\",\"url\":\"https:\\\/\\\/algarve7.pt\\\/wp-content\\\/uploads\\\/2020\\\/10\\\/Logo-8.jpg\",\"contentUrl\":\"https:\\\/\\\/algarve7.pt\\\/wp-content\\\/uploads\\\/2020\\\/10\\\/Logo-8.jpg\",\"width\":1680,\"height\":1186,\"caption\":\"Algarve 7\"},\"image\":{\"@id\":\"https:\\\/\\\/algarve7.pt\\\/#\\\/schema\\\/logo\\\/image\\\/\"},\"sameAs\":[\"https:\\\/\\\/www.facebook.com\\\/algarve7\",\"https:\\\/\\\/x.com\\\/Algarvesete\",\"https:\\\/\\\/www.instagram.com\\\/jornalalgarve7\\\/\",\"https:\\\/\\\/www.linkedin.com\\\/company\\\/algarve7\",\"https:\\\/\\\/www.pinterest.pt\\\/geral0939\\\/_created\\\/\"]},{\"@type\":\"Person\",\"@id\":\"https:\\\/\\\/algarve7.pt\\\/#\\\/schema\\\/person\\\/23fa70681308e7b319a3204bcea45e0c\",\"name\":\"Algarve 7\",\"sameAs\":[\"https:\\\/\\\/algarve7.pt\",\"https:\\\/\\\/www.facebook.com\\\/algarve7\"],\"url\":\"https:\\\/\\\/algarve7.pt\\\/index.php\\\/author\\\/geralalgarve7-pt\\\/\"}]}<\/script>\n<!-- \/ Yoast SEO plugin. -->","yoast_head_json":{"title":"Loul\u00e9 assinala dia internacional dos arquivos com lan\u00e7amento de livro - Algarve 7","description":"Loul\u00e9 assinala dia internacional dos arquivos com lan\u00e7amento de livro Cultura","robots":{"index":"index","follow":"follow","max-snippet":"max-snippet:-1","max-image-preview":"max-image-preview:large","max-video-preview":"max-video-preview:-1"},"canonical":"https:\/\/algarve7.pt\/index.php\/2021\/06\/loule-assinala-dia-internacional-dos-arquivos-com-lancamento-de-livro\/cultura\/09\/40\/","og_locale":"pt_PT","og_type":"article","og_title":"Loul\u00e9 assinala dia internacional dos arquivos com lan\u00e7amento de livro - Algarve 7","og_description":"Loul\u00e9 assinala dia internacional dos arquivos com lan\u00e7amento de livro Cultura","og_url":"https:\/\/algarve7.pt\/index.php\/2021\/06\/loule-assinala-dia-internacional-dos-arquivos-com-lancamento-de-livro\/cultura\/09\/40\/","og_site_name":"Algarve 7","article_publisher":"https:\/\/www.facebook.com\/algarve7","article_author":"https:\/\/www.facebook.com\/algarve7","article_published_time":"2021-06-09T08:40:00+00:00","og_image":[{"width":1246,"height":766,"url":"https:\/\/algarve7.pt\/wp-content\/uploads\/2021\/06\/Captura-de-ecra-2021-06-08-as-21.38.34.png","type":"image\/png"}],"author":"Algarve 7","twitter_card":"summary_large_image","twitter_creator":"@Algarvesete","twitter_site":"@Algarvesete","twitter_misc":{"Escrito por":"Algarve 7","Tempo estimado de leitura":"2 minutos"},"schema":{"@context":"https:\/\/schema.org","@graph":[{"@type":"Article","@id":"https:\/\/algarve7.pt\/index.php\/2021\/06\/loule-assinala-dia-internacional-dos-arquivos-com-lancamento-de-livro\/cultura\/09\/40\/#article","isPartOf":{"@id":"https:\/\/algarve7.pt\/index.php\/2021\/06\/loule-assinala-dia-internacional-dos-arquivos-com-lancamento-de-livro\/cultura\/09\/40\/"},"author":{"name":"Algarve 7","@id":"https:\/\/algarve7.pt\/#\/schema\/person\/23fa70681308e7b319a3204bcea45e0c"},"headline":"Loul\u00e9 assinala dia internacional dos arquivos com lan\u00e7amento de livro","datePublished":"2021-06-09T08:40:00+00:00","mainEntityOfPage":{"@id":"https:\/\/algarve7.pt\/index.php\/2021\/06\/loule-assinala-dia-internacional-dos-arquivos-com-lancamento-de-livro\/cultura\/09\/40\/"},"wordCount":372,"publisher":{"@id":"https:\/\/algarve7.pt\/#organization"},"image":{"@id":"https:\/\/algarve7.pt\/index.php\/2021\/06\/loule-assinala-dia-internacional-dos-arquivos-com-lancamento-de-livro\/cultura\/09\/40\/#primaryimage"},"thumbnailUrl":"https:\/\/algarve7.pt\/wp-content\/uploads\/2021\/06\/Captura-de-ecra-2021-06-08-as-21.38.34.png","keywords":["Arquivo","Cultura","Loul\u00e9"],"articleSection":["Cultura"],"inLanguage":"pt-PT"},{"@type":"WebPage","@id":"https:\/\/algarve7.pt\/index.php\/2021\/06\/loule-assinala-dia-internacional-dos-arquivos-com-lancamento-de-livro\/cultura\/09\/40\/","url":"https:\/\/algarve7.pt\/index.php\/2021\/06\/loule-assinala-dia-internacional-dos-arquivos-com-lancamento-de-livro\/cultura\/09\/40\/","name":"Loul\u00e9 assinala dia internacional dos arquivos com lan\u00e7amento de livro - Algarve 7","isPartOf":{"@id":"https:\/\/algarve7.pt\/#website"},"primaryImageOfPage":{"@id":"https:\/\/algarve7.pt\/index.php\/2021\/06\/loule-assinala-dia-internacional-dos-arquivos-com-lancamento-de-livro\/cultura\/09\/40\/#primaryimage"},"image":{"@id":"https:\/\/algarve7.pt\/index.php\/2021\/06\/loule-assinala-dia-internacional-dos-arquivos-com-lancamento-de-livro\/cultura\/09\/40\/#primaryimage"},"thumbnailUrl":"https:\/\/algarve7.pt\/wp-content\/uploads\/2021\/06\/Captura-de-ecra-2021-06-08-as-21.38.34.png","datePublished":"2021-06-09T08:40:00+00:00","description":"Loul\u00e9 assinala dia internacional dos arquivos com lan\u00e7amento de livro Cultura","breadcrumb":{"@id":"https:\/\/algarve7.pt\/index.php\/2021\/06\/loule-assinala-dia-internacional-dos-arquivos-com-lancamento-de-livro\/cultura\/09\/40\/#breadcrumb"},"inLanguage":"pt-PT","potentialAction":[{"@type":"ReadAction","target":["https:\/\/algarve7.pt\/index.php\/2021\/06\/loule-assinala-dia-internacional-dos-arquivos-com-lancamento-de-livro\/cultura\/09\/40\/"]}]},{"@type":"ImageObject","inLanguage":"pt-PT","@id":"https:\/\/algarve7.pt\/index.php\/2021\/06\/loule-assinala-dia-internacional-dos-arquivos-com-lancamento-de-livro\/cultura\/09\/40\/#primaryimage","url":"https:\/\/algarve7.pt\/wp-content\/uploads\/2021\/06\/Captura-de-ecra-2021-06-08-as-21.38.34.png","contentUrl":"https:\/\/algarve7.pt\/wp-content\/uploads\/2021\/06\/Captura-de-ecra-2021-06-08-as-21.38.34.png","width":1246,"height":766},{"@type":"BreadcrumbList","@id":"https:\/\/algarve7.pt\/index.php\/2021\/06\/loule-assinala-dia-internacional-dos-arquivos-com-lancamento-de-livro\/cultura\/09\/40\/#breadcrumb","itemListElement":[{"@type":"ListItem","position":1,"name":"In\u00edcio","item":"https:\/\/algarve7.pt\/"},{"@type":"ListItem","position":2,"name":"Loul\u00e9 assinala dia internacional dos arquivos com lan\u00e7amento de livro"}]},{"@type":"WebSite","@id":"https:\/\/algarve7.pt\/#website","url":"https:\/\/algarve7.pt\/","name":"Algarve 7","description":"Informa\u00e7\u00e3o sobre o Algarve","publisher":{"@id":"https:\/\/algarve7.pt\/#organization"},"potentialAction":[{"@type":"SearchAction","target":{"@type":"EntryPoint","urlTemplate":"https:\/\/algarve7.pt\/?s={search_term_string}"},"query-input":{"@type":"PropertyValueSpecification","valueRequired":true,"valueName":"search_term_string"}}],"inLanguage":"pt-PT"},{"@type":"Organization","@id":"https:\/\/algarve7.pt\/#organization","name":"Algarve 7","url":"https:\/\/algarve7.pt\/","logo":{"@type":"ImageObject","inLanguage":"pt-PT","@id":"https:\/\/algarve7.pt\/#\/schema\/logo\/image\/","url":"https:\/\/algarve7.pt\/wp-content\/uploads\/2020\/10\/Logo-8.jpg","contentUrl":"https:\/\/algarve7.pt\/wp-content\/uploads\/2020\/10\/Logo-8.jpg","width":1680,"height":1186,"caption":"Algarve 7"},"image":{"@id":"https:\/\/algarve7.pt\/#\/schema\/logo\/image\/"},"sameAs":["https:\/\/www.facebook.com\/algarve7","https:\/\/x.com\/Algarvesete","https:\/\/www.instagram.com\/jornalalgarve7\/","https:\/\/www.linkedin.com\/company\/algarve7","https:\/\/www.pinterest.pt\/geral0939\/_created\/"]},{"@type":"Person","@id":"https:\/\/algarve7.pt\/#\/schema\/person\/23fa70681308e7b319a3204bcea45e0c","name":"Algarve 7","sameAs":["https:\/\/algarve7.pt","https:\/\/www.facebook.com\/algarve7"],"url":"https:\/\/algarve7.pt\/index.php\/author\/geralalgarve7-pt\/"}]}},"jetpack_publicize_connections":[],"jetpack_featured_media_url":"https:\/\/algarve7.pt\/wp-content\/uploads\/2021\/06\/Captura-de-ecra-2021-06-08-as-21.38.34.png","jetpack_shortlink":"https:\/\/wp.me\/pcezmW-2ny","jetpack_sharing_enabled":true,"_links":{"self":[{"href":"https:\/\/algarve7.pt\/index.php\/wp-json\/wp\/v2\/posts\/9148","targetHints":{"allow":["GET"]}}],"collection":[{"href":"https:\/\/algarve7.pt\/index.php\/wp-json\/wp\/v2\/posts"}],"about":[{"href":"https:\/\/algarve7.pt\/index.php\/wp-json\/wp\/v2\/types\/post"}],"author":[{"embeddable":true,"href":"https:\/\/algarve7.pt\/index.php\/wp-json\/wp\/v2\/users\/1"}],"replies":[{"embeddable":true,"href":"https:\/\/algarve7.pt\/index.php\/wp-json\/wp\/v2\/comments?post=9148"}],"version-history":[{"count":0,"href":"https:\/\/algarve7.pt\/index.php\/wp-json\/wp\/v2\/posts\/9148\/revisions"}],"wp:featuredmedia":[{"embeddable":true,"href":"https:\/\/algarve7.pt\/index.php\/wp-json\/wp\/v2\/media\/9149"}],"wp:attachment":[{"href":"https:\/\/algarve7.pt\/index.php\/wp-json\/wp\/v2\/media?parent=9148"}],"wp:term":[{"taxonomy":"category","embeddable":true,"href":"https:\/\/algarve7.pt\/index.php\/wp-json\/wp\/v2\/categories?post=9148"},{"taxonomy":"post_tag","embeddable":true,"href":"https:\/\/algarve7.pt\/index.php\/wp-json\/wp\/v2\/tags?post=9148"}],"curies":[{"name":"wp","href":"https:\/\/api.w.org\/{rel}","templated":true}]}}