{"id":9102,"date":"2021-06-07T19:40:00","date_gmt":"2021-06-07T18:40:00","guid":{"rendered":"https:\/\/algarve7.pt\/?p=9102"},"modified":"2021-06-07T19:21:29","modified_gmt":"2021-06-07T18:21:29","slug":"o-centro-ciencia-viva-do-algarve-coloca-o-oceano-em-foco-num-projeto-financiado-pela-ccdr-algarve-e-destinado-ao-ensino-profissional-da-regiao","status":"publish","type":"post","link":"https:\/\/algarve7.pt\/index.php\/2021\/06\/o-centro-ciencia-viva-do-algarve-coloca-o-oceano-em-foco-num-projeto-financiado-pela-ccdr-algarve-e-destinado-ao-ensino-profissional-da-regiao\/ambiente\/19\/40\/","title":{"rendered":"O Centro Ci\u00eancia Viva do Algarve coloca o Oceano em foco num projeto financiado pela CCDR Algarve e destinado ao Ensino profissional da regi\u00e3o"},"content":{"rendered":"\n<p>\u00c0 semelhan\u00e7a do Dia Mundial dos Oceanos, celebrado esta 3\u00aa feira, o projeto \u201cPr\u2019Oceano\u201d recentemente aprovado para financiamento pela CCDR Algarve pretende real\u00e7ar a import\u00e2ncia dos oceanos na vida quotidiana de todos n\u00f3s.&nbsp;&nbsp;<\/p>\n\n\n\n<p>Coordenado pelo Centro Ci\u00eancia Viva do Algarve, em parceria com a Universidade do Algarve e o Agrupamento de Escolas Tom\u00e1s Cabreira de Faro, este projeto tem como principal objetivo o desenvolvimento de recursos did\u00e1ticos digitais inovadores para o Ensino profissional da regi\u00e3o do Algarve, permitindo refor\u00e7ar as compet\u00eancias na \u00e1rea de saber ligada ao Mar mas igualmente \u00e0s TICs.<\/p>\n\n\n\n<p>Ao longo dos pr\u00f3ximos 2 anos, o programa operacional CRESC2020 Algarve, atrav\u00e9s do Fundo Social Europeu, ir\u00e1 possibilitar criar conte\u00fados informativos \u00e0 volta de 36 temas atuais com base no estado do conhecimento sobre o Oceano que conhecemos, o Oceano feito de \u00e1gua e rocha, o que passa do Oceano para o nosso prato, como o Oceano nos protege, ou como nos une, a forma como ocupamos o Oceano ou colocamos a sua sa\u00fade em perigo, ou ainda o Oceano que queremos legar \u00e0s futuras gera\u00e7\u00f5es e as oportunidades que ainda existem no Oceano de amanh\u00e3.&nbsp;<\/p>\n\n\n\n<p>De Lagoa a Vila Real de Santo Ant\u00f3nio, s\u00e3o mais de 10 as escolas e institui\u00e7\u00f5es do ensino profissional do Algarve, envolvidas no projeto desde o in\u00edcio, tanto a n\u00edvel da co-cria\u00e7\u00e3o como da experimenta\u00e7\u00e3o dos recursos.&nbsp;<\/p>\n\n\n\n<p>Depois de validados a n\u00edvel regional, todos os recursos ser\u00e3o colocados em plataformas abertas e acess\u00edveis, nomeadamente na plataforma Milage, para todos os docentes e estudantes interessados, ou mesmo o p\u00fablico em geral, poderem utilizar.<\/p>\n\n\n\n<p>Alinhado com os Objetivos de Desenvolvimento Sustent\u00e1vel e a D\u00e9cada dos Oceanos mas igualmente com a Estrat\u00e9gia Regional de Investiga\u00e7\u00e3o e Inova\u00e7\u00e3o para a Especializa\u00e7\u00e3o Inteligente do Algarve, o projeto \u201cPr\u2019Oceano \u2013 Proteger o Oceano como e porqu\u00ea?\u201d ambiciona&nbsp;&nbsp;colocar os resultados de v\u00e1rios projetos de investiga\u00e7\u00e3o da Universidade do Algarve e dos seus centros de investiga\u00e7\u00e3o dedicados ao mar (CCMAR e CIMA), nos programas dos cursos profissionais da regi\u00e3o.<\/p>\n","protected":false},"excerpt":{"rendered":"<p>\u00c0 semelhan\u00e7a do Dia Mundial dos Oceanos, celebrado esta 3\u00aa feira, o projeto \u201cPr\u2019Oceano\u201d recentemente aprovado para financiamento pela CCDR<\/p>\n","protected":false},"author":1,"featured_media":2501,"comment_status":"closed","ping_status":"open","sticky":false,"template":"","format":"standard","meta":{"colormag_page_container_layout":"default_layout","colormag_page_sidebar_layout":"default_layout","_monsterinsights_skip_tracking":false,"_monsterinsights_sitenote_active":false,"_monsterinsights_sitenote_note":"","_monsterinsights_sitenote_category":0,"jetpack_post_was_ever_published":false,"_jetpack_newsletter_access":"","_jetpack_dont_email_post_to_subs":false,"_jetpack_newsletter_tier_id":0,"_jetpack_memberships_contains_paywalled_content":false,"_jetpack_memberships_contains_paid_content":false,"footnotes":"","jetpack_publicize_message":"","jetpack_publicize_feature_enabled":true,"jetpack_social_post_already_shared":true,"jetpack_social_options":{"image_generator_settings":{"template":"highway","default_image_id":0,"font":"","enabled":false},"version":2}},"categories":[5],"tags":[36,32,74],"class_list":["post-9102","post","type-post","status-publish","format-standard","has-post-thumbnail","hentry","category-ambiente","tag-algarve","tag-ambiente","tag-educacao"],"yoast_head":"<!-- This site is optimized with the Yoast SEO plugin v27.5 - https:\/\/yoast.com\/product\/yoast-seo-wordpress\/ -->\n<title>O Centro Ci\u00eancia Viva do Algarve coloca o Oceano em foco num projeto financiado pela CCDR Algarve e destinado ao Ensino profissional da regi\u00e3o - Algarve 7<\/title>\n<meta name=\"description\" content=\"O Centro Ci\u00eancia Viva do Algarve coloca o Oceano em foco num projeto financiado pela CCDR Algarve e destinado ao Ensino profissional da regi\u00e3o Ambiente\" \/>\n<meta name=\"robots\" content=\"index, follow, max-snippet:-1, max-image-preview:large, max-video-preview:-1\" \/>\n<link rel=\"canonical\" href=\"https:\/\/algarve7.pt\/index.php\/2021\/06\/o-centro-ciencia-viva-do-algarve-coloca-o-oceano-em-foco-num-projeto-financiado-pela-ccdr-algarve-e-destinado-ao-ensino-profissional-da-regiao\/ambiente\/19\/40\/\" \/>\n<meta property=\"og:locale\" content=\"pt_PT\" \/>\n<meta property=\"og:type\" content=\"article\" \/>\n<meta property=\"og:title\" content=\"O Centro Ci\u00eancia Viva do Algarve coloca o Oceano em foco num projeto financiado pela CCDR Algarve e destinado ao Ensino profissional da regi\u00e3o - Algarve 7\" \/>\n<meta property=\"og:description\" content=\"O Centro Ci\u00eancia Viva do Algarve coloca o Oceano em foco num projeto financiado pela CCDR Algarve e destinado ao Ensino profissional da regi\u00e3o Ambiente\" \/>\n<meta property=\"og:url\" content=\"https:\/\/algarve7.pt\/index.php\/2021\/06\/o-centro-ciencia-viva-do-algarve-coloca-o-oceano-em-foco-num-projeto-financiado-pela-ccdr-algarve-e-destinado-ao-ensino-profissional-da-regiao\/ambiente\/19\/40\/\" \/>\n<meta property=\"og:site_name\" content=\"Algarve 7\" \/>\n<meta property=\"article:publisher\" content=\"https:\/\/www.facebook.com\/algarve7\" \/>\n<meta property=\"article:author\" content=\"https:\/\/www.facebook.com\/algarve7\" \/>\n<meta property=\"article:published_time\" content=\"2021-06-07T18:40:00+00:00\" \/>\n<meta property=\"og:image\" content=\"https:\/\/algarve7.pt\/wp-content\/uploads\/2020\/10\/imgLoader2.ashx_.jpeg\" \/>\n\t<meta property=\"og:image:width\" content=\"580\" \/>\n\t<meta property=\"og:image:height\" content=\"282\" \/>\n\t<meta property=\"og:image:type\" content=\"image\/jpeg\" \/>\n<meta name=\"author\" content=\"Algarve 7\" \/>\n<meta name=\"twitter:card\" content=\"summary_large_image\" \/>\n<meta name=\"twitter:creator\" content=\"@Algarvesete\" \/>\n<meta name=\"twitter:site\" content=\"@Algarvesete\" \/>\n<meta name=\"twitter:label1\" content=\"Escrito por\" \/>\n\t<meta name=\"twitter:data1\" content=\"Algarve 7\" \/>\n\t<meta name=\"twitter:label2\" content=\"Tempo estimado de leitura\" \/>\n\t<meta name=\"twitter:data2\" content=\"2 minutos\" \/>\n<script type=\"application\/ld+json\" class=\"yoast-schema-graph\">{\"@context\":\"https:\\\/\\\/schema.org\",\"@graph\":[{\"@type\":\"Article\",\"@id\":\"https:\\\/\\\/algarve7.pt\\\/index.php\\\/2021\\\/06\\\/o-centro-ciencia-viva-do-algarve-coloca-o-oceano-em-foco-num-projeto-financiado-pela-ccdr-algarve-e-destinado-ao-ensino-profissional-da-regiao\\\/ambiente\\\/19\\\/40\\\/#article\",\"isPartOf\":{\"@id\":\"https:\\\/\\\/algarve7.pt\\\/index.php\\\/2021\\\/06\\\/o-centro-ciencia-viva-do-algarve-coloca-o-oceano-em-foco-num-projeto-financiado-pela-ccdr-algarve-e-destinado-ao-ensino-profissional-da-regiao\\\/ambiente\\\/19\\\/40\\\/\"},\"author\":{\"name\":\"Algarve 7\",\"@id\":\"https:\\\/\\\/algarve7.pt\\\/#\\\/schema\\\/person\\\/23fa70681308e7b319a3204bcea45e0c\"},\"headline\":\"O Centro Ci\u00eancia Viva do Algarve coloca o Oceano em foco num projeto financiado pela CCDR Algarve e destinado ao Ensino profissional da regi\u00e3o\",\"datePublished\":\"2021-06-07T18:40:00+00:00\",\"mainEntityOfPage\":{\"@id\":\"https:\\\/\\\/algarve7.pt\\\/index.php\\\/2021\\\/06\\\/o-centro-ciencia-viva-do-algarve-coloca-o-oceano-em-foco-num-projeto-financiado-pela-ccdr-algarve-e-destinado-ao-ensino-profissional-da-regiao\\\/ambiente\\\/19\\\/40\\\/\"},\"wordCount\":393,\"publisher\":{\"@id\":\"https:\\\/\\\/algarve7.pt\\\/#organization\"},\"image\":{\"@id\":\"https:\\\/\\\/algarve7.pt\\\/index.php\\\/2021\\\/06\\\/o-centro-ciencia-viva-do-algarve-coloca-o-oceano-em-foco-num-projeto-financiado-pela-ccdr-algarve-e-destinado-ao-ensino-profissional-da-regiao\\\/ambiente\\\/19\\\/40\\\/#primaryimage\"},\"thumbnailUrl\":\"https:\\\/\\\/algarve7.pt\\\/wp-content\\\/uploads\\\/2020\\\/10\\\/imgLoader2.ashx_.jpeg\",\"keywords\":[\"Algarve\",\"Ambiente\",\"Educa\u00e7\u00e3o\"],\"articleSection\":[\"Ambiente\"],\"inLanguage\":\"pt-PT\"},{\"@type\":\"WebPage\",\"@id\":\"https:\\\/\\\/algarve7.pt\\\/index.php\\\/2021\\\/06\\\/o-centro-ciencia-viva-do-algarve-coloca-o-oceano-em-foco-num-projeto-financiado-pela-ccdr-algarve-e-destinado-ao-ensino-profissional-da-regiao\\\/ambiente\\\/19\\\/40\\\/\",\"url\":\"https:\\\/\\\/algarve7.pt\\\/index.php\\\/2021\\\/06\\\/o-centro-ciencia-viva-do-algarve-coloca-o-oceano-em-foco-num-projeto-financiado-pela-ccdr-algarve-e-destinado-ao-ensino-profissional-da-regiao\\\/ambiente\\\/19\\\/40\\\/\",\"name\":\"O Centro Ci\u00eancia Viva do Algarve coloca o Oceano em foco num projeto financiado pela CCDR Algarve e destinado ao Ensino profissional da regi\u00e3o - Algarve 7\",\"isPartOf\":{\"@id\":\"https:\\\/\\\/algarve7.pt\\\/#website\"},\"primaryImageOfPage\":{\"@id\":\"https:\\\/\\\/algarve7.pt\\\/index.php\\\/2021\\\/06\\\/o-centro-ciencia-viva-do-algarve-coloca-o-oceano-em-foco-num-projeto-financiado-pela-ccdr-algarve-e-destinado-ao-ensino-profissional-da-regiao\\\/ambiente\\\/19\\\/40\\\/#primaryimage\"},\"image\":{\"@id\":\"https:\\\/\\\/algarve7.pt\\\/index.php\\\/2021\\\/06\\\/o-centro-ciencia-viva-do-algarve-coloca-o-oceano-em-foco-num-projeto-financiado-pela-ccdr-algarve-e-destinado-ao-ensino-profissional-da-regiao\\\/ambiente\\\/19\\\/40\\\/#primaryimage\"},\"thumbnailUrl\":\"https:\\\/\\\/algarve7.pt\\\/wp-content\\\/uploads\\\/2020\\\/10\\\/imgLoader2.ashx_.jpeg\",\"datePublished\":\"2021-06-07T18:40:00+00:00\",\"description\":\"O Centro Ci\u00eancia Viva do Algarve coloca o Oceano em foco num projeto financiado pela CCDR Algarve e destinado ao Ensino profissional da regi\u00e3o Ambiente\",\"breadcrumb\":{\"@id\":\"https:\\\/\\\/algarve7.pt\\\/index.php\\\/2021\\\/06\\\/o-centro-ciencia-viva-do-algarve-coloca-o-oceano-em-foco-num-projeto-financiado-pela-ccdr-algarve-e-destinado-ao-ensino-profissional-da-regiao\\\/ambiente\\\/19\\\/40\\\/#breadcrumb\"},\"inLanguage\":\"pt-PT\",\"potentialAction\":[{\"@type\":\"ReadAction\",\"target\":[\"https:\\\/\\\/algarve7.pt\\\/index.php\\\/2021\\\/06\\\/o-centro-ciencia-viva-do-algarve-coloca-o-oceano-em-foco-num-projeto-financiado-pela-ccdr-algarve-e-destinado-ao-ensino-profissional-da-regiao\\\/ambiente\\\/19\\\/40\\\/\"]}]},{\"@type\":\"ImageObject\",\"inLanguage\":\"pt-PT\",\"@id\":\"https:\\\/\\\/algarve7.pt\\\/index.php\\\/2021\\\/06\\\/o-centro-ciencia-viva-do-algarve-coloca-o-oceano-em-foco-num-projeto-financiado-pela-ccdr-algarve-e-destinado-ao-ensino-profissional-da-regiao\\\/ambiente\\\/19\\\/40\\\/#primaryimage\",\"url\":\"https:\\\/\\\/algarve7.pt\\\/wp-content\\\/uploads\\\/2020\\\/10\\\/imgLoader2.ashx_.jpeg\",\"contentUrl\":\"https:\\\/\\\/algarve7.pt\\\/wp-content\\\/uploads\\\/2020\\\/10\\\/imgLoader2.ashx_.jpeg\",\"width\":580,\"height\":282},{\"@type\":\"BreadcrumbList\",\"@id\":\"https:\\\/\\\/algarve7.pt\\\/index.php\\\/2021\\\/06\\\/o-centro-ciencia-viva-do-algarve-coloca-o-oceano-em-foco-num-projeto-financiado-pela-ccdr-algarve-e-destinado-ao-ensino-profissional-da-regiao\\\/ambiente\\\/19\\\/40\\\/#breadcrumb\",\"itemListElement\":[{\"@type\":\"ListItem\",\"position\":1,\"name\":\"In\u00edcio\",\"item\":\"https:\\\/\\\/algarve7.pt\\\/\"},{\"@type\":\"ListItem\",\"position\":2,\"name\":\"O Centro Ci\u00eancia Viva do Algarve coloca o Oceano em foco num projeto financiado pela CCDR Algarve e destinado ao Ensino profissional da regi\u00e3o\"}]},{\"@type\":\"WebSite\",\"@id\":\"https:\\\/\\\/algarve7.pt\\\/#website\",\"url\":\"https:\\\/\\\/algarve7.pt\\\/\",\"name\":\"Algarve 7\",\"description\":\"Informa\u00e7\u00e3o sobre o Algarve\",\"publisher\":{\"@id\":\"https:\\\/\\\/algarve7.pt\\\/#organization\"},\"potentialAction\":[{\"@type\":\"SearchAction\",\"target\":{\"@type\":\"EntryPoint\",\"urlTemplate\":\"https:\\\/\\\/algarve7.pt\\\/?s={search_term_string}\"},\"query-input\":{\"@type\":\"PropertyValueSpecification\",\"valueRequired\":true,\"valueName\":\"search_term_string\"}}],\"inLanguage\":\"pt-PT\"},{\"@type\":\"Organization\",\"@id\":\"https:\\\/\\\/algarve7.pt\\\/#organization\",\"name\":\"Algarve 7\",\"url\":\"https:\\\/\\\/algarve7.pt\\\/\",\"logo\":{\"@type\":\"ImageObject\",\"inLanguage\":\"pt-PT\",\"@id\":\"https:\\\/\\\/algarve7.pt\\\/#\\\/schema\\\/logo\\\/image\\\/\",\"url\":\"https:\\\/\\\/algarve7.pt\\\/wp-content\\\/uploads\\\/2020\\\/10\\\/Logo-8.jpg\",\"contentUrl\":\"https:\\\/\\\/algarve7.pt\\\/wp-content\\\/uploads\\\/2020\\\/10\\\/Logo-8.jpg\",\"width\":1680,\"height\":1186,\"caption\":\"Algarve 7\"},\"image\":{\"@id\":\"https:\\\/\\\/algarve7.pt\\\/#\\\/schema\\\/logo\\\/image\\\/\"},\"sameAs\":[\"https:\\\/\\\/www.facebook.com\\\/algarve7\",\"https:\\\/\\\/x.com\\\/Algarvesete\",\"https:\\\/\\\/www.instagram.com\\\/jornalalgarve7\\\/\",\"https:\\\/\\\/www.linkedin.com\\\/company\\\/algarve7\",\"https:\\\/\\\/www.pinterest.pt\\\/geral0939\\\/_created\\\/\"]},{\"@type\":\"Person\",\"@id\":\"https:\\\/\\\/algarve7.pt\\\/#\\\/schema\\\/person\\\/23fa70681308e7b319a3204bcea45e0c\",\"name\":\"Algarve 7\",\"sameAs\":[\"https:\\\/\\\/algarve7.pt\",\"https:\\\/\\\/www.facebook.com\\\/algarve7\"],\"url\":\"https:\\\/\\\/algarve7.pt\\\/index.php\\\/author\\\/geralalgarve7-pt\\\/\"}]}<\/script>\n<!-- \/ Yoast SEO plugin. -->","yoast_head_json":{"title":"O Centro Ci\u00eancia Viva do Algarve coloca o Oceano em foco num projeto financiado pela CCDR Algarve e destinado ao Ensino profissional da regi\u00e3o - Algarve 7","description":"O Centro Ci\u00eancia Viva do Algarve coloca o Oceano em foco num projeto financiado pela CCDR Algarve e destinado ao Ensino profissional da regi\u00e3o Ambiente","robots":{"index":"index","follow":"follow","max-snippet":"max-snippet:-1","max-image-preview":"max-image-preview:large","max-video-preview":"max-video-preview:-1"},"canonical":"https:\/\/algarve7.pt\/index.php\/2021\/06\/o-centro-ciencia-viva-do-algarve-coloca-o-oceano-em-foco-num-projeto-financiado-pela-ccdr-algarve-e-destinado-ao-ensino-profissional-da-regiao\/ambiente\/19\/40\/","og_locale":"pt_PT","og_type":"article","og_title":"O Centro Ci\u00eancia Viva do Algarve coloca o Oceano em foco num projeto financiado pela CCDR Algarve e destinado ao Ensino profissional da regi\u00e3o - Algarve 7","og_description":"O Centro Ci\u00eancia Viva do Algarve coloca o Oceano em foco num projeto financiado pela CCDR Algarve e destinado ao Ensino profissional da regi\u00e3o Ambiente","og_url":"https:\/\/algarve7.pt\/index.php\/2021\/06\/o-centro-ciencia-viva-do-algarve-coloca-o-oceano-em-foco-num-projeto-financiado-pela-ccdr-algarve-e-destinado-ao-ensino-profissional-da-regiao\/ambiente\/19\/40\/","og_site_name":"Algarve 7","article_publisher":"https:\/\/www.facebook.com\/algarve7","article_author":"https:\/\/www.facebook.com\/algarve7","article_published_time":"2021-06-07T18:40:00+00:00","og_image":[{"width":580,"height":282,"url":"https:\/\/algarve7.pt\/wp-content\/uploads\/2020\/10\/imgLoader2.ashx_.jpeg","type":"image\/jpeg"}],"author":"Algarve 7","twitter_card":"summary_large_image","twitter_creator":"@Algarvesete","twitter_site":"@Algarvesete","twitter_misc":{"Escrito por":"Algarve 7","Tempo estimado de leitura":"2 minutos"},"schema":{"@context":"https:\/\/schema.org","@graph":[{"@type":"Article","@id":"https:\/\/algarve7.pt\/index.php\/2021\/06\/o-centro-ciencia-viva-do-algarve-coloca-o-oceano-em-foco-num-projeto-financiado-pela-ccdr-algarve-e-destinado-ao-ensino-profissional-da-regiao\/ambiente\/19\/40\/#article","isPartOf":{"@id":"https:\/\/algarve7.pt\/index.php\/2021\/06\/o-centro-ciencia-viva-do-algarve-coloca-o-oceano-em-foco-num-projeto-financiado-pela-ccdr-algarve-e-destinado-ao-ensino-profissional-da-regiao\/ambiente\/19\/40\/"},"author":{"name":"Algarve 7","@id":"https:\/\/algarve7.pt\/#\/schema\/person\/23fa70681308e7b319a3204bcea45e0c"},"headline":"O Centro Ci\u00eancia Viva do Algarve coloca o Oceano em foco num projeto financiado pela CCDR Algarve e destinado ao Ensino profissional da regi\u00e3o","datePublished":"2021-06-07T18:40:00+00:00","mainEntityOfPage":{"@id":"https:\/\/algarve7.pt\/index.php\/2021\/06\/o-centro-ciencia-viva-do-algarve-coloca-o-oceano-em-foco-num-projeto-financiado-pela-ccdr-algarve-e-destinado-ao-ensino-profissional-da-regiao\/ambiente\/19\/40\/"},"wordCount":393,"publisher":{"@id":"https:\/\/algarve7.pt\/#organization"},"image":{"@id":"https:\/\/algarve7.pt\/index.php\/2021\/06\/o-centro-ciencia-viva-do-algarve-coloca-o-oceano-em-foco-num-projeto-financiado-pela-ccdr-algarve-e-destinado-ao-ensino-profissional-da-regiao\/ambiente\/19\/40\/#primaryimage"},"thumbnailUrl":"https:\/\/algarve7.pt\/wp-content\/uploads\/2020\/10\/imgLoader2.ashx_.jpeg","keywords":["Algarve","Ambiente","Educa\u00e7\u00e3o"],"articleSection":["Ambiente"],"inLanguage":"pt-PT"},{"@type":"WebPage","@id":"https:\/\/algarve7.pt\/index.php\/2021\/06\/o-centro-ciencia-viva-do-algarve-coloca-o-oceano-em-foco-num-projeto-financiado-pela-ccdr-algarve-e-destinado-ao-ensino-profissional-da-regiao\/ambiente\/19\/40\/","url":"https:\/\/algarve7.pt\/index.php\/2021\/06\/o-centro-ciencia-viva-do-algarve-coloca-o-oceano-em-foco-num-projeto-financiado-pela-ccdr-algarve-e-destinado-ao-ensino-profissional-da-regiao\/ambiente\/19\/40\/","name":"O Centro Ci\u00eancia Viva do Algarve coloca o Oceano em foco num projeto financiado pela CCDR Algarve e destinado ao Ensino profissional da regi\u00e3o - Algarve 7","isPartOf":{"@id":"https:\/\/algarve7.pt\/#website"},"primaryImageOfPage":{"@id":"https:\/\/algarve7.pt\/index.php\/2021\/06\/o-centro-ciencia-viva-do-algarve-coloca-o-oceano-em-foco-num-projeto-financiado-pela-ccdr-algarve-e-destinado-ao-ensino-profissional-da-regiao\/ambiente\/19\/40\/#primaryimage"},"image":{"@id":"https:\/\/algarve7.pt\/index.php\/2021\/06\/o-centro-ciencia-viva-do-algarve-coloca-o-oceano-em-foco-num-projeto-financiado-pela-ccdr-algarve-e-destinado-ao-ensino-profissional-da-regiao\/ambiente\/19\/40\/#primaryimage"},"thumbnailUrl":"https:\/\/algarve7.pt\/wp-content\/uploads\/2020\/10\/imgLoader2.ashx_.jpeg","datePublished":"2021-06-07T18:40:00+00:00","description":"O Centro Ci\u00eancia Viva do Algarve coloca o Oceano em foco num projeto financiado pela CCDR Algarve e destinado ao Ensino profissional da regi\u00e3o Ambiente","breadcrumb":{"@id":"https:\/\/algarve7.pt\/index.php\/2021\/06\/o-centro-ciencia-viva-do-algarve-coloca-o-oceano-em-foco-num-projeto-financiado-pela-ccdr-algarve-e-destinado-ao-ensino-profissional-da-regiao\/ambiente\/19\/40\/#breadcrumb"},"inLanguage":"pt-PT","potentialAction":[{"@type":"ReadAction","target":["https:\/\/algarve7.pt\/index.php\/2021\/06\/o-centro-ciencia-viva-do-algarve-coloca-o-oceano-em-foco-num-projeto-financiado-pela-ccdr-algarve-e-destinado-ao-ensino-profissional-da-regiao\/ambiente\/19\/40\/"]}]},{"@type":"ImageObject","inLanguage":"pt-PT","@id":"https:\/\/algarve7.pt\/index.php\/2021\/06\/o-centro-ciencia-viva-do-algarve-coloca-o-oceano-em-foco-num-projeto-financiado-pela-ccdr-algarve-e-destinado-ao-ensino-profissional-da-regiao\/ambiente\/19\/40\/#primaryimage","url":"https:\/\/algarve7.pt\/wp-content\/uploads\/2020\/10\/imgLoader2.ashx_.jpeg","contentUrl":"https:\/\/algarve7.pt\/wp-content\/uploads\/2020\/10\/imgLoader2.ashx_.jpeg","width":580,"height":282},{"@type":"BreadcrumbList","@id":"https:\/\/algarve7.pt\/index.php\/2021\/06\/o-centro-ciencia-viva-do-algarve-coloca-o-oceano-em-foco-num-projeto-financiado-pela-ccdr-algarve-e-destinado-ao-ensino-profissional-da-regiao\/ambiente\/19\/40\/#breadcrumb","itemListElement":[{"@type":"ListItem","position":1,"name":"In\u00edcio","item":"https:\/\/algarve7.pt\/"},{"@type":"ListItem","position":2,"name":"O Centro Ci\u00eancia Viva do Algarve coloca o Oceano em foco num projeto financiado pela CCDR Algarve e destinado ao Ensino profissional da regi\u00e3o"}]},{"@type":"WebSite","@id":"https:\/\/algarve7.pt\/#website","url":"https:\/\/algarve7.pt\/","name":"Algarve 7","description":"Informa\u00e7\u00e3o sobre o Algarve","publisher":{"@id":"https:\/\/algarve7.pt\/#organization"},"potentialAction":[{"@type":"SearchAction","target":{"@type":"EntryPoint","urlTemplate":"https:\/\/algarve7.pt\/?s={search_term_string}"},"query-input":{"@type":"PropertyValueSpecification","valueRequired":true,"valueName":"search_term_string"}}],"inLanguage":"pt-PT"},{"@type":"Organization","@id":"https:\/\/algarve7.pt\/#organization","name":"Algarve 7","url":"https:\/\/algarve7.pt\/","logo":{"@type":"ImageObject","inLanguage":"pt-PT","@id":"https:\/\/algarve7.pt\/#\/schema\/logo\/image\/","url":"https:\/\/algarve7.pt\/wp-content\/uploads\/2020\/10\/Logo-8.jpg","contentUrl":"https:\/\/algarve7.pt\/wp-content\/uploads\/2020\/10\/Logo-8.jpg","width":1680,"height":1186,"caption":"Algarve 7"},"image":{"@id":"https:\/\/algarve7.pt\/#\/schema\/logo\/image\/"},"sameAs":["https:\/\/www.facebook.com\/algarve7","https:\/\/x.com\/Algarvesete","https:\/\/www.instagram.com\/jornalalgarve7\/","https:\/\/www.linkedin.com\/company\/algarve7","https:\/\/www.pinterest.pt\/geral0939\/_created\/"]},{"@type":"Person","@id":"https:\/\/algarve7.pt\/#\/schema\/person\/23fa70681308e7b319a3204bcea45e0c","name":"Algarve 7","sameAs":["https:\/\/algarve7.pt","https:\/\/www.facebook.com\/algarve7"],"url":"https:\/\/algarve7.pt\/index.php\/author\/geralalgarve7-pt\/"}]}},"jetpack_publicize_connections":[],"jetpack_featured_media_url":"https:\/\/algarve7.pt\/wp-content\/uploads\/2020\/10\/imgLoader2.ashx_.jpeg","jetpack_shortlink":"https:\/\/wp.me\/pcezmW-2mO","jetpack_sharing_enabled":true,"_links":{"self":[{"href":"https:\/\/algarve7.pt\/index.php\/wp-json\/wp\/v2\/posts\/9102","targetHints":{"allow":["GET"]}}],"collection":[{"href":"https:\/\/algarve7.pt\/index.php\/wp-json\/wp\/v2\/posts"}],"about":[{"href":"https:\/\/algarve7.pt\/index.php\/wp-json\/wp\/v2\/types\/post"}],"author":[{"embeddable":true,"href":"https:\/\/algarve7.pt\/index.php\/wp-json\/wp\/v2\/users\/1"}],"replies":[{"embeddable":true,"href":"https:\/\/algarve7.pt\/index.php\/wp-json\/wp\/v2\/comments?post=9102"}],"version-history":[{"count":0,"href":"https:\/\/algarve7.pt\/index.php\/wp-json\/wp\/v2\/posts\/9102\/revisions"}],"wp:featuredmedia":[{"embeddable":true,"href":"https:\/\/algarve7.pt\/index.php\/wp-json\/wp\/v2\/media\/2501"}],"wp:attachment":[{"href":"https:\/\/algarve7.pt\/index.php\/wp-json\/wp\/v2\/media?parent=9102"}],"wp:term":[{"taxonomy":"category","embeddable":true,"href":"https:\/\/algarve7.pt\/index.php\/wp-json\/wp\/v2\/categories?post=9102"},{"taxonomy":"post_tag","embeddable":true,"href":"https:\/\/algarve7.pt\/index.php\/wp-json\/wp\/v2\/tags?post=9102"}],"curies":[{"name":"wp","href":"https:\/\/api.w.org\/{rel}","templated":true}]}}