{"id":9096,"date":"2021-06-07T18:37:27","date_gmt":"2021-06-07T17:37:27","guid":{"rendered":"https:\/\/algarve7.pt\/?p=9096"},"modified":"2021-06-07T18:37:30","modified_gmt":"2021-06-07T17:37:30","slug":"aljezur-sempre-e-uma-marca-que-afirma-a-identidade-de-um-territorio-unico-um-territorio-rico-em-cor-cheiros-sabores-e-sentimentos","status":"publish","type":"post","link":"https:\/\/algarve7.pt\/index.php\/2021\/06\/aljezur-sempre-e-uma-marca-que-afirma-a-identidade-de-um-territorio-unico-um-territorio-rico-em-cor-cheiros-sabores-e-sentimentos\/turismo\/18\/37\/","title":{"rendered":"\u201cALJEZUR SEMPRE\u201d, \u00e9 uma marca que afirma a identidade de um territ\u00f3rio \u00fanico, um territ\u00f3rio rico em cor, cheiros, sabores e sentimentos!"},"content":{"rendered":"\n<p>Aljezur apresenta-se com uma nova campanha de promo\u00e7\u00e3o e de valoriza\u00e7\u00e3o do territ\u00f3rio. Foi na passada sexta feira, dia 4 de junho, que o Munic\u00edpio de Aljezur apresentou esta nova campanha junto dos&nbsp;principais \u201catores\u201d do setor tur\u00edstico do Concelho. Esta nova linha de comunica\u00e7\u00e3o pretende numa primeira fase elevar a autoestima local, afirmando a alma do concelho de Aljezur desde Odeceixe, passando pelo Rogil, Aljezur e Bordeira e consolidar tamb\u00e9m a escolha preferencial por este territ\u00f3rio para as f\u00e9rias dos turistas nacionais.<\/p>\n\n\n\n<p>\u201cAljezur sempre\u201d afirma o que \u00e9 nosso, a nossa cultura, o nosso patrim\u00f3nio, a nossa paisagem, a nossa&nbsp;natureza, as tradi\u00e7\u00f5es e os saberes, a nossa gastronomia, as nossas praias, a nossa serra, enfim as nossas ra\u00edzes e as nossas gentes.<\/p>\n\n\n\n<p>O in\u00edcio desta campanha, acontece numa altura em que alavancar a economia \u00e9 fundamental, unindo esfor\u00e7os com as empresas e os empres\u00e1rios locais, por um territ\u00f3rio que orgulha quem vive e visita a regi\u00e3o, a simplicidade no trato e dedica\u00e7\u00e3o, mas tamb\u00e9m pela sua complexidade \u00fanica que nos apresenta na especificidade da sua paisagem.<\/p>\n\n\n\n<p>\u201cAljezur Sempre\u201d, vai apaixonar quem escolher este territ\u00f3rio para a suas f\u00e9rias, mas acima de tudo&nbsp;assume um compromisso de uma rela\u00e7\u00e3o duradoura que pretende fidelizar quem nos visita para que descubra mais um pouco de Aljezur, por isso \u201cAljezur Sempre\u201d ir\u00e1 criar um programa de compensa\u00e7\u00e3o em&nbsp;que cada valor gasto nos alojamentos, na restaura\u00e7\u00e3o e bebida e nos operadores de anima\u00e7\u00e3o tur\u00edstica dar\u00e3o azo a um sorteio de novas experi\u00eancias para consumirem durante este outono e inverno.<\/p>\n\n\n\n<p>Este programa estar\u00e1 sujeito a regulamento, que ser\u00e1 brevemente divulgado, bem como aos restantes pormenores, pela C\u00e2mara Municipal de Aljezur. Esta \u00e9 uma medida que pretende no imediato refor\u00e7ar a retoma econ\u00f3mica deste setor no Concelho de Aljezur, mas sobretudo garantir uma desej\u00e1vel e ansiada din\u00e2mica deste setor na pr\u00f3xima \u00e9poca baixa, trazendo a Aljezur mais visitantes. Esta nova imagem ir\u00e1 ter presen\u00e7a em outdoors que marcam as entradas do concelho, anima\u00e7\u00e3o nas redes sociais, brochuras, imprensa escrita e numa campanha nos t\u00e1xis locais. Na segunda fase deste programa, ser\u00e1 alargada a presen\u00e7a em radio e televis\u00e3o como campanha na comunica\u00e7\u00e3o social.<\/p>\n","protected":false},"excerpt":{"rendered":"<p>Aljezur apresenta-se com uma nova campanha de promo\u00e7\u00e3o e de valoriza\u00e7\u00e3o do territ\u00f3rio. Foi na passada sexta feira, dia 4<\/p>\n","protected":false},"author":1,"featured_media":9097,"comment_status":"closed","ping_status":"open","sticky":false,"template":"","format":"standard","meta":{"colormag_page_container_layout":"default_layout","colormag_page_sidebar_layout":"default_layout","_monsterinsights_skip_tracking":false,"_monsterinsights_sitenote_active":false,"_monsterinsights_sitenote_note":"","_monsterinsights_sitenote_category":0,"jetpack_post_was_ever_published":false,"_jetpack_newsletter_access":"","_jetpack_dont_email_post_to_subs":false,"_jetpack_newsletter_tier_id":0,"_jetpack_memberships_contains_paywalled_content":false,"_jetpack_memberships_contains_paid_content":false,"footnotes":"","jetpack_publicize_message":"","jetpack_publicize_feature_enabled":true,"jetpack_social_post_already_shared":true,"jetpack_social_options":{"image_generator_settings":{"template":"highway","default_image_id":0,"font":"","enabled":false},"version":2}},"categories":[17],"tags":[36,73,45],"class_list":["post-9096","post","type-post","status-publish","format-standard","has-post-thumbnail","hentry","category-turismo","tag-algarve","tag-aljezur","tag-turismo"],"yoast_head":"<!-- This site is optimized with the Yoast SEO plugin v27.5 - https:\/\/yoast.com\/product\/yoast-seo-wordpress\/ -->\n<title>\u201cALJEZUR SEMPRE\u201d, \u00e9 uma marca que afirma a identidade de um territ\u00f3rio \u00fanico, um territ\u00f3rio rico em cor, cheiros, sabores e sentimentos! - Algarve 7<\/title>\n<meta name=\"description\" content=\"\u201cALJEZUR SEMPRE\u201d, \u00e9 uma marca que afirma a identidade de um territ\u00f3rio \u00fanico, um territ\u00f3rio rico em cor, cheiros, sabores e sentimentos! Turismo\" \/>\n<meta name=\"robots\" content=\"index, follow, max-snippet:-1, max-image-preview:large, max-video-preview:-1\" \/>\n<link rel=\"canonical\" href=\"https:\/\/algarve7.pt\/index.php\/2021\/06\/aljezur-sempre-e-uma-marca-que-afirma-a-identidade-de-um-territorio-unico-um-territorio-rico-em-cor-cheiros-sabores-e-sentimentos\/turismo\/18\/37\/\" \/>\n<meta property=\"og:locale\" content=\"pt_PT\" \/>\n<meta property=\"og:type\" content=\"article\" \/>\n<meta property=\"og:title\" content=\"\u201cALJEZUR SEMPRE\u201d, \u00e9 uma marca que afirma a identidade de um territ\u00f3rio \u00fanico, um territ\u00f3rio rico em cor, cheiros, sabores e sentimentos! - Algarve 7\" \/>\n<meta property=\"og:description\" content=\"\u201cALJEZUR SEMPRE\u201d, \u00e9 uma marca que afirma a identidade de um territ\u00f3rio \u00fanico, um territ\u00f3rio rico em cor, cheiros, sabores e sentimentos! Turismo\" \/>\n<meta property=\"og:url\" content=\"https:\/\/algarve7.pt\/index.php\/2021\/06\/aljezur-sempre-e-uma-marca-que-afirma-a-identidade-de-um-territorio-unico-um-territorio-rico-em-cor-cheiros-sabores-e-sentimentos\/turismo\/18\/37\/\" \/>\n<meta property=\"og:site_name\" content=\"Algarve 7\" \/>\n<meta property=\"article:publisher\" content=\"https:\/\/www.facebook.com\/algarve7\" \/>\n<meta property=\"article:author\" content=\"https:\/\/www.facebook.com\/algarve7\" \/>\n<meta property=\"article:published_time\" content=\"2021-06-07T17:37:27+00:00\" \/>\n<meta property=\"article:modified_time\" content=\"2021-06-07T17:37:30+00:00\" \/>\n<meta property=\"og:image\" content=\"https:\/\/algarve7.pt\/wp-content\/uploads\/2021\/06\/Aljezur_Sempre_.jpg\" \/>\n\t<meta property=\"og:image:width\" content=\"1920\" \/>\n\t<meta property=\"og:image:height\" content=\"1274\" \/>\n\t<meta property=\"og:image:type\" content=\"image\/jpeg\" \/>\n<meta name=\"author\" content=\"Algarve 7\" \/>\n<meta name=\"twitter:card\" content=\"summary_large_image\" \/>\n<meta name=\"twitter:creator\" content=\"@Algarvesete\" \/>\n<meta name=\"twitter:site\" content=\"@Algarvesete\" \/>\n<meta name=\"twitter:label1\" content=\"Escrito por\" \/>\n\t<meta name=\"twitter:data1\" content=\"Algarve 7\" \/>\n\t<meta name=\"twitter:label2\" content=\"Tempo estimado de leitura\" \/>\n\t<meta name=\"twitter:data2\" content=\"2 minutos\" \/>\n<script type=\"application\/ld+json\" class=\"yoast-schema-graph\">{\"@context\":\"https:\\\/\\\/schema.org\",\"@graph\":[{\"@type\":\"Article\",\"@id\":\"https:\\\/\\\/algarve7.pt\\\/index.php\\\/2021\\\/06\\\/aljezur-sempre-e-uma-marca-que-afirma-a-identidade-de-um-territorio-unico-um-territorio-rico-em-cor-cheiros-sabores-e-sentimentos\\\/turismo\\\/18\\\/37\\\/#article\",\"isPartOf\":{\"@id\":\"https:\\\/\\\/algarve7.pt\\\/index.php\\\/2021\\\/06\\\/aljezur-sempre-e-uma-marca-que-afirma-a-identidade-de-um-territorio-unico-um-territorio-rico-em-cor-cheiros-sabores-e-sentimentos\\\/turismo\\\/18\\\/37\\\/\"},\"author\":{\"name\":\"Algarve 7\",\"@id\":\"https:\\\/\\\/algarve7.pt\\\/#\\\/schema\\\/person\\\/23fa70681308e7b319a3204bcea45e0c\"},\"headline\":\"\u201cALJEZUR SEMPRE\u201d, \u00e9 uma marca que afirma a identidade de um territ\u00f3rio \u00fanico, um territ\u00f3rio rico em cor, cheiros, sabores e sentimentos!\",\"datePublished\":\"2021-06-07T17:37:27+00:00\",\"dateModified\":\"2021-06-07T17:37:30+00:00\",\"mainEntityOfPage\":{\"@id\":\"https:\\\/\\\/algarve7.pt\\\/index.php\\\/2021\\\/06\\\/aljezur-sempre-e-uma-marca-que-afirma-a-identidade-de-um-territorio-unico-um-territorio-rico-em-cor-cheiros-sabores-e-sentimentos\\\/turismo\\\/18\\\/37\\\/\"},\"wordCount\":422,\"publisher\":{\"@id\":\"https:\\\/\\\/algarve7.pt\\\/#organization\"},\"image\":{\"@id\":\"https:\\\/\\\/algarve7.pt\\\/index.php\\\/2021\\\/06\\\/aljezur-sempre-e-uma-marca-que-afirma-a-identidade-de-um-territorio-unico-um-territorio-rico-em-cor-cheiros-sabores-e-sentimentos\\\/turismo\\\/18\\\/37\\\/#primaryimage\"},\"thumbnailUrl\":\"https:\\\/\\\/algarve7.pt\\\/wp-content\\\/uploads\\\/2021\\\/06\\\/Aljezur_Sempre_.jpg\",\"keywords\":[\"Algarve\",\"Aljezur\",\"Turismo\"],\"articleSection\":[\"Turismo\"],\"inLanguage\":\"pt-PT\"},{\"@type\":\"WebPage\",\"@id\":\"https:\\\/\\\/algarve7.pt\\\/index.php\\\/2021\\\/06\\\/aljezur-sempre-e-uma-marca-que-afirma-a-identidade-de-um-territorio-unico-um-territorio-rico-em-cor-cheiros-sabores-e-sentimentos\\\/turismo\\\/18\\\/37\\\/\",\"url\":\"https:\\\/\\\/algarve7.pt\\\/index.php\\\/2021\\\/06\\\/aljezur-sempre-e-uma-marca-que-afirma-a-identidade-de-um-territorio-unico-um-territorio-rico-em-cor-cheiros-sabores-e-sentimentos\\\/turismo\\\/18\\\/37\\\/\",\"name\":\"\u201cALJEZUR SEMPRE\u201d, \u00e9 uma marca que afirma a identidade de um territ\u00f3rio \u00fanico, um territ\u00f3rio rico em cor, cheiros, sabores e sentimentos! - Algarve 7\",\"isPartOf\":{\"@id\":\"https:\\\/\\\/algarve7.pt\\\/#website\"},\"primaryImageOfPage\":{\"@id\":\"https:\\\/\\\/algarve7.pt\\\/index.php\\\/2021\\\/06\\\/aljezur-sempre-e-uma-marca-que-afirma-a-identidade-de-um-territorio-unico-um-territorio-rico-em-cor-cheiros-sabores-e-sentimentos\\\/turismo\\\/18\\\/37\\\/#primaryimage\"},\"image\":{\"@id\":\"https:\\\/\\\/algarve7.pt\\\/index.php\\\/2021\\\/06\\\/aljezur-sempre-e-uma-marca-que-afirma-a-identidade-de-um-territorio-unico-um-territorio-rico-em-cor-cheiros-sabores-e-sentimentos\\\/turismo\\\/18\\\/37\\\/#primaryimage\"},\"thumbnailUrl\":\"https:\\\/\\\/algarve7.pt\\\/wp-content\\\/uploads\\\/2021\\\/06\\\/Aljezur_Sempre_.jpg\",\"datePublished\":\"2021-06-07T17:37:27+00:00\",\"dateModified\":\"2021-06-07T17:37:30+00:00\",\"description\":\"\u201cALJEZUR SEMPRE\u201d, \u00e9 uma marca que afirma a identidade de um territ\u00f3rio \u00fanico, um territ\u00f3rio rico em cor, cheiros, sabores e sentimentos! Turismo\",\"breadcrumb\":{\"@id\":\"https:\\\/\\\/algarve7.pt\\\/index.php\\\/2021\\\/06\\\/aljezur-sempre-e-uma-marca-que-afirma-a-identidade-de-um-territorio-unico-um-territorio-rico-em-cor-cheiros-sabores-e-sentimentos\\\/turismo\\\/18\\\/37\\\/#breadcrumb\"},\"inLanguage\":\"pt-PT\",\"potentialAction\":[{\"@type\":\"ReadAction\",\"target\":[\"https:\\\/\\\/algarve7.pt\\\/index.php\\\/2021\\\/06\\\/aljezur-sempre-e-uma-marca-que-afirma-a-identidade-de-um-territorio-unico-um-territorio-rico-em-cor-cheiros-sabores-e-sentimentos\\\/turismo\\\/18\\\/37\\\/\"]}]},{\"@type\":\"ImageObject\",\"inLanguage\":\"pt-PT\",\"@id\":\"https:\\\/\\\/algarve7.pt\\\/index.php\\\/2021\\\/06\\\/aljezur-sempre-e-uma-marca-que-afirma-a-identidade-de-um-territorio-unico-um-territorio-rico-em-cor-cheiros-sabores-e-sentimentos\\\/turismo\\\/18\\\/37\\\/#primaryimage\",\"url\":\"https:\\\/\\\/algarve7.pt\\\/wp-content\\\/uploads\\\/2021\\\/06\\\/Aljezur_Sempre_.jpg\",\"contentUrl\":\"https:\\\/\\\/algarve7.pt\\\/wp-content\\\/uploads\\\/2021\\\/06\\\/Aljezur_Sempre_.jpg\",\"width\":1920,\"height\":1274},{\"@type\":\"BreadcrumbList\",\"@id\":\"https:\\\/\\\/algarve7.pt\\\/index.php\\\/2021\\\/06\\\/aljezur-sempre-e-uma-marca-que-afirma-a-identidade-de-um-territorio-unico-um-territorio-rico-em-cor-cheiros-sabores-e-sentimentos\\\/turismo\\\/18\\\/37\\\/#breadcrumb\",\"itemListElement\":[{\"@type\":\"ListItem\",\"position\":1,\"name\":\"In\u00edcio\",\"item\":\"https:\\\/\\\/algarve7.pt\\\/\"},{\"@type\":\"ListItem\",\"position\":2,\"name\":\"\u201cALJEZUR SEMPRE\u201d, \u00e9 uma marca que afirma a identidade de um territ\u00f3rio \u00fanico, um territ\u00f3rio rico em cor, cheiros, sabores e sentimentos!\"}]},{\"@type\":\"WebSite\",\"@id\":\"https:\\\/\\\/algarve7.pt\\\/#website\",\"url\":\"https:\\\/\\\/algarve7.pt\\\/\",\"name\":\"Algarve 7\",\"description\":\"Informa\u00e7\u00e3o sobre o Algarve\",\"publisher\":{\"@id\":\"https:\\\/\\\/algarve7.pt\\\/#organization\"},\"potentialAction\":[{\"@type\":\"SearchAction\",\"target\":{\"@type\":\"EntryPoint\",\"urlTemplate\":\"https:\\\/\\\/algarve7.pt\\\/?s={search_term_string}\"},\"query-input\":{\"@type\":\"PropertyValueSpecification\",\"valueRequired\":true,\"valueName\":\"search_term_string\"}}],\"inLanguage\":\"pt-PT\"},{\"@type\":\"Organization\",\"@id\":\"https:\\\/\\\/algarve7.pt\\\/#organization\",\"name\":\"Algarve 7\",\"url\":\"https:\\\/\\\/algarve7.pt\\\/\",\"logo\":{\"@type\":\"ImageObject\",\"inLanguage\":\"pt-PT\",\"@id\":\"https:\\\/\\\/algarve7.pt\\\/#\\\/schema\\\/logo\\\/image\\\/\",\"url\":\"https:\\\/\\\/algarve7.pt\\\/wp-content\\\/uploads\\\/2020\\\/10\\\/Logo-8.jpg\",\"contentUrl\":\"https:\\\/\\\/algarve7.pt\\\/wp-content\\\/uploads\\\/2020\\\/10\\\/Logo-8.jpg\",\"width\":1680,\"height\":1186,\"caption\":\"Algarve 7\"},\"image\":{\"@id\":\"https:\\\/\\\/algarve7.pt\\\/#\\\/schema\\\/logo\\\/image\\\/\"},\"sameAs\":[\"https:\\\/\\\/www.facebook.com\\\/algarve7\",\"https:\\\/\\\/x.com\\\/Algarvesete\",\"https:\\\/\\\/www.instagram.com\\\/jornalalgarve7\\\/\",\"https:\\\/\\\/www.linkedin.com\\\/company\\\/algarve7\",\"https:\\\/\\\/www.pinterest.pt\\\/geral0939\\\/_created\\\/\"]},{\"@type\":\"Person\",\"@id\":\"https:\\\/\\\/algarve7.pt\\\/#\\\/schema\\\/person\\\/23fa70681308e7b319a3204bcea45e0c\",\"name\":\"Algarve 7\",\"sameAs\":[\"https:\\\/\\\/algarve7.pt\",\"https:\\\/\\\/www.facebook.com\\\/algarve7\"],\"url\":\"https:\\\/\\\/algarve7.pt\\\/index.php\\\/author\\\/geralalgarve7-pt\\\/\"}]}<\/script>\n<!-- \/ Yoast SEO plugin. -->","yoast_head_json":{"title":"\u201cALJEZUR SEMPRE\u201d, \u00e9 uma marca que afirma a identidade de um territ\u00f3rio \u00fanico, um territ\u00f3rio rico em cor, cheiros, sabores e sentimentos! - Algarve 7","description":"\u201cALJEZUR SEMPRE\u201d, \u00e9 uma marca que afirma a identidade de um territ\u00f3rio \u00fanico, um territ\u00f3rio rico em cor, cheiros, sabores e sentimentos! Turismo","robots":{"index":"index","follow":"follow","max-snippet":"max-snippet:-1","max-image-preview":"max-image-preview:large","max-video-preview":"max-video-preview:-1"},"canonical":"https:\/\/algarve7.pt\/index.php\/2021\/06\/aljezur-sempre-e-uma-marca-que-afirma-a-identidade-de-um-territorio-unico-um-territorio-rico-em-cor-cheiros-sabores-e-sentimentos\/turismo\/18\/37\/","og_locale":"pt_PT","og_type":"article","og_title":"\u201cALJEZUR SEMPRE\u201d, \u00e9 uma marca que afirma a identidade de um territ\u00f3rio \u00fanico, um territ\u00f3rio rico em cor, cheiros, sabores e sentimentos! - Algarve 7","og_description":"\u201cALJEZUR SEMPRE\u201d, \u00e9 uma marca que afirma a identidade de um territ\u00f3rio \u00fanico, um territ\u00f3rio rico em cor, cheiros, sabores e sentimentos! Turismo","og_url":"https:\/\/algarve7.pt\/index.php\/2021\/06\/aljezur-sempre-e-uma-marca-que-afirma-a-identidade-de-um-territorio-unico-um-territorio-rico-em-cor-cheiros-sabores-e-sentimentos\/turismo\/18\/37\/","og_site_name":"Algarve 7","article_publisher":"https:\/\/www.facebook.com\/algarve7","article_author":"https:\/\/www.facebook.com\/algarve7","article_published_time":"2021-06-07T17:37:27+00:00","article_modified_time":"2021-06-07T17:37:30+00:00","og_image":[{"width":1920,"height":1274,"url":"https:\/\/algarve7.pt\/wp-content\/uploads\/2021\/06\/Aljezur_Sempre_.jpg","type":"image\/jpeg"}],"author":"Algarve 7","twitter_card":"summary_large_image","twitter_creator":"@Algarvesete","twitter_site":"@Algarvesete","twitter_misc":{"Escrito por":"Algarve 7","Tempo estimado de leitura":"2 minutos"},"schema":{"@context":"https:\/\/schema.org","@graph":[{"@type":"Article","@id":"https:\/\/algarve7.pt\/index.php\/2021\/06\/aljezur-sempre-e-uma-marca-que-afirma-a-identidade-de-um-territorio-unico-um-territorio-rico-em-cor-cheiros-sabores-e-sentimentos\/turismo\/18\/37\/#article","isPartOf":{"@id":"https:\/\/algarve7.pt\/index.php\/2021\/06\/aljezur-sempre-e-uma-marca-que-afirma-a-identidade-de-um-territorio-unico-um-territorio-rico-em-cor-cheiros-sabores-e-sentimentos\/turismo\/18\/37\/"},"author":{"name":"Algarve 7","@id":"https:\/\/algarve7.pt\/#\/schema\/person\/23fa70681308e7b319a3204bcea45e0c"},"headline":"\u201cALJEZUR SEMPRE\u201d, \u00e9 uma marca que afirma a identidade de um territ\u00f3rio \u00fanico, um territ\u00f3rio rico em cor, cheiros, sabores e sentimentos!","datePublished":"2021-06-07T17:37:27+00:00","dateModified":"2021-06-07T17:37:30+00:00","mainEntityOfPage":{"@id":"https:\/\/algarve7.pt\/index.php\/2021\/06\/aljezur-sempre-e-uma-marca-que-afirma-a-identidade-de-um-territorio-unico-um-territorio-rico-em-cor-cheiros-sabores-e-sentimentos\/turismo\/18\/37\/"},"wordCount":422,"publisher":{"@id":"https:\/\/algarve7.pt\/#organization"},"image":{"@id":"https:\/\/algarve7.pt\/index.php\/2021\/06\/aljezur-sempre-e-uma-marca-que-afirma-a-identidade-de-um-territorio-unico-um-territorio-rico-em-cor-cheiros-sabores-e-sentimentos\/turismo\/18\/37\/#primaryimage"},"thumbnailUrl":"https:\/\/algarve7.pt\/wp-content\/uploads\/2021\/06\/Aljezur_Sempre_.jpg","keywords":["Algarve","Aljezur","Turismo"],"articleSection":["Turismo"],"inLanguage":"pt-PT"},{"@type":"WebPage","@id":"https:\/\/algarve7.pt\/index.php\/2021\/06\/aljezur-sempre-e-uma-marca-que-afirma-a-identidade-de-um-territorio-unico-um-territorio-rico-em-cor-cheiros-sabores-e-sentimentos\/turismo\/18\/37\/","url":"https:\/\/algarve7.pt\/index.php\/2021\/06\/aljezur-sempre-e-uma-marca-que-afirma-a-identidade-de-um-territorio-unico-um-territorio-rico-em-cor-cheiros-sabores-e-sentimentos\/turismo\/18\/37\/","name":"\u201cALJEZUR SEMPRE\u201d, \u00e9 uma marca que afirma a identidade de um territ\u00f3rio \u00fanico, um territ\u00f3rio rico em cor, cheiros, sabores e sentimentos! - Algarve 7","isPartOf":{"@id":"https:\/\/algarve7.pt\/#website"},"primaryImageOfPage":{"@id":"https:\/\/algarve7.pt\/index.php\/2021\/06\/aljezur-sempre-e-uma-marca-que-afirma-a-identidade-de-um-territorio-unico-um-territorio-rico-em-cor-cheiros-sabores-e-sentimentos\/turismo\/18\/37\/#primaryimage"},"image":{"@id":"https:\/\/algarve7.pt\/index.php\/2021\/06\/aljezur-sempre-e-uma-marca-que-afirma-a-identidade-de-um-territorio-unico-um-territorio-rico-em-cor-cheiros-sabores-e-sentimentos\/turismo\/18\/37\/#primaryimage"},"thumbnailUrl":"https:\/\/algarve7.pt\/wp-content\/uploads\/2021\/06\/Aljezur_Sempre_.jpg","datePublished":"2021-06-07T17:37:27+00:00","dateModified":"2021-06-07T17:37:30+00:00","description":"\u201cALJEZUR SEMPRE\u201d, \u00e9 uma marca que afirma a identidade de um territ\u00f3rio \u00fanico, um territ\u00f3rio rico em cor, cheiros, sabores e sentimentos! Turismo","breadcrumb":{"@id":"https:\/\/algarve7.pt\/index.php\/2021\/06\/aljezur-sempre-e-uma-marca-que-afirma-a-identidade-de-um-territorio-unico-um-territorio-rico-em-cor-cheiros-sabores-e-sentimentos\/turismo\/18\/37\/#breadcrumb"},"inLanguage":"pt-PT","potentialAction":[{"@type":"ReadAction","target":["https:\/\/algarve7.pt\/index.php\/2021\/06\/aljezur-sempre-e-uma-marca-que-afirma-a-identidade-de-um-territorio-unico-um-territorio-rico-em-cor-cheiros-sabores-e-sentimentos\/turismo\/18\/37\/"]}]},{"@type":"ImageObject","inLanguage":"pt-PT","@id":"https:\/\/algarve7.pt\/index.php\/2021\/06\/aljezur-sempre-e-uma-marca-que-afirma-a-identidade-de-um-territorio-unico-um-territorio-rico-em-cor-cheiros-sabores-e-sentimentos\/turismo\/18\/37\/#primaryimage","url":"https:\/\/algarve7.pt\/wp-content\/uploads\/2021\/06\/Aljezur_Sempre_.jpg","contentUrl":"https:\/\/algarve7.pt\/wp-content\/uploads\/2021\/06\/Aljezur_Sempre_.jpg","width":1920,"height":1274},{"@type":"BreadcrumbList","@id":"https:\/\/algarve7.pt\/index.php\/2021\/06\/aljezur-sempre-e-uma-marca-que-afirma-a-identidade-de-um-territorio-unico-um-territorio-rico-em-cor-cheiros-sabores-e-sentimentos\/turismo\/18\/37\/#breadcrumb","itemListElement":[{"@type":"ListItem","position":1,"name":"In\u00edcio","item":"https:\/\/algarve7.pt\/"},{"@type":"ListItem","position":2,"name":"\u201cALJEZUR SEMPRE\u201d, \u00e9 uma marca que afirma a identidade de um territ\u00f3rio \u00fanico, um territ\u00f3rio rico em cor, cheiros, sabores e sentimentos!"}]},{"@type":"WebSite","@id":"https:\/\/algarve7.pt\/#website","url":"https:\/\/algarve7.pt\/","name":"Algarve 7","description":"Informa\u00e7\u00e3o sobre o Algarve","publisher":{"@id":"https:\/\/algarve7.pt\/#organization"},"potentialAction":[{"@type":"SearchAction","target":{"@type":"EntryPoint","urlTemplate":"https:\/\/algarve7.pt\/?s={search_term_string}"},"query-input":{"@type":"PropertyValueSpecification","valueRequired":true,"valueName":"search_term_string"}}],"inLanguage":"pt-PT"},{"@type":"Organization","@id":"https:\/\/algarve7.pt\/#organization","name":"Algarve 7","url":"https:\/\/algarve7.pt\/","logo":{"@type":"ImageObject","inLanguage":"pt-PT","@id":"https:\/\/algarve7.pt\/#\/schema\/logo\/image\/","url":"https:\/\/algarve7.pt\/wp-content\/uploads\/2020\/10\/Logo-8.jpg","contentUrl":"https:\/\/algarve7.pt\/wp-content\/uploads\/2020\/10\/Logo-8.jpg","width":1680,"height":1186,"caption":"Algarve 7"},"image":{"@id":"https:\/\/algarve7.pt\/#\/schema\/logo\/image\/"},"sameAs":["https:\/\/www.facebook.com\/algarve7","https:\/\/x.com\/Algarvesete","https:\/\/www.instagram.com\/jornalalgarve7\/","https:\/\/www.linkedin.com\/company\/algarve7","https:\/\/www.pinterest.pt\/geral0939\/_created\/"]},{"@type":"Person","@id":"https:\/\/algarve7.pt\/#\/schema\/person\/23fa70681308e7b319a3204bcea45e0c","name":"Algarve 7","sameAs":["https:\/\/algarve7.pt","https:\/\/www.facebook.com\/algarve7"],"url":"https:\/\/algarve7.pt\/index.php\/author\/geralalgarve7-pt\/"}]}},"jetpack_publicize_connections":[],"jetpack_featured_media_url":"https:\/\/algarve7.pt\/wp-content\/uploads\/2021\/06\/Aljezur_Sempre_.jpg","jetpack_shortlink":"https:\/\/wp.me\/pcezmW-2mI","jetpack_sharing_enabled":true,"_links":{"self":[{"href":"https:\/\/algarve7.pt\/index.php\/wp-json\/wp\/v2\/posts\/9096","targetHints":{"allow":["GET"]}}],"collection":[{"href":"https:\/\/algarve7.pt\/index.php\/wp-json\/wp\/v2\/posts"}],"about":[{"href":"https:\/\/algarve7.pt\/index.php\/wp-json\/wp\/v2\/types\/post"}],"author":[{"embeddable":true,"href":"https:\/\/algarve7.pt\/index.php\/wp-json\/wp\/v2\/users\/1"}],"replies":[{"embeddable":true,"href":"https:\/\/algarve7.pt\/index.php\/wp-json\/wp\/v2\/comments?post=9096"}],"version-history":[{"count":0,"href":"https:\/\/algarve7.pt\/index.php\/wp-json\/wp\/v2\/posts\/9096\/revisions"}],"wp:featuredmedia":[{"embeddable":true,"href":"https:\/\/algarve7.pt\/index.php\/wp-json\/wp\/v2\/media\/9097"}],"wp:attachment":[{"href":"https:\/\/algarve7.pt\/index.php\/wp-json\/wp\/v2\/media?parent=9096"}],"wp:term":[{"taxonomy":"category","embeddable":true,"href":"https:\/\/algarve7.pt\/index.php\/wp-json\/wp\/v2\/categories?post=9096"},{"taxonomy":"post_tag","embeddable":true,"href":"https:\/\/algarve7.pt\/index.php\/wp-json\/wp\/v2\/tags?post=9096"}],"curies":[{"name":"wp","href":"https:\/\/api.w.org\/{rel}","templated":true}]}}