{"id":9065,"date":"2021-06-04T19:19:22","date_gmt":"2021-06-04T18:19:22","guid":{"rendered":"https:\/\/algarve7.pt\/?p=9065"},"modified":"2021-06-04T19:19:26","modified_gmt":"2021-06-04T18:19:26","slug":"algarve-apreensivo-com-decisao-do-reino-unido","status":"publish","type":"post","link":"https:\/\/algarve7.pt\/index.php\/2021\/06\/algarve-apreensivo-com-decisao-do-reino-unido\/turismo\/19\/19\/","title":{"rendered":"Algarve apreensivo com decis\u00e3o do Reino Unido"},"content":{"rendered":"\n<p>A decis\u00e3o do governo brit\u00e2nico, de retirar Portugal da lista verde dos pa\u00edses considerados seguros, apanhou a regi\u00e3o de surpresa. Autarcas pedem que se mantenham os apoios aos empres\u00e1rios algarvios que se prepararam para receber turistas ingleses e que por isso ficaram agora numa situa\u00e7\u00e3o ainda mais dif\u00edcil.<\/p>\n\n\n\n<p>A Comunidade Intermunicipal do Algarve, em representa\u00e7\u00e3o dos 16 Presidentes de C\u00e2mara da Regi\u00e3o, condena a op\u00e7\u00e3o do Reino Unido. No entender da AMAL, ela contraria o esfor\u00e7o que est\u00e1 a ser feito pelos pa\u00edses europeus para permitir a circula\u00e7\u00e3o de pessoas e contribuir para a recupera\u00e7\u00e3o econ\u00f3mica.&nbsp;<\/p>\n\n\n\n<p>Para al\u00e9m disso, e n\u00e3o compreendendo os argumentos invocados, a AMAL sublinha que a decis\u00e3o acaba por ser uma dupla condena\u00e7\u00e3o: por um lado, surge pouco depois de ter sido criada uma expectativa positiva, que animou o Algarve; por outro, tem um impacto negativo enorme numa regi\u00e3o que, estando t\u00e3o dependente do turismo, j\u00e1 foi das mais castigadas desde o in\u00edcio da pandemia.&nbsp;<\/p>\n\n\n\n<p>Desde que o governo brit\u00e2nico anunciou que Portugal deixaria de estar na lista de pa\u00edses seguros para viajar, muitos ingleses cancelaram as suas f\u00e9rias no Algarve. Uma situa\u00e7\u00e3o que est\u00e1, naturalmente, a preocupara AMAL, que sublinha que muitos empres\u00e1rios da regi\u00e3o, contando com um aumento de clientes estrangeiros, contrataram mais pessoal. Por essa raz\u00e3o, os autarcas apelam ao governo que mantenha os apoios aos empres\u00e1rios algarvios como forma de minimizar o impacto de eventuais compromissos assumidos, bem como do adiamento do processo de retoma da economia regional.&nbsp;<\/p>\n\n\n\n<p>A AMAL lamenta profundamente que o Algarve deixe de ser op\u00e7\u00e3o para muitos estrangeiros, mas espera que a decis\u00e3o do Reino Unido n\u00e3o contamine a perce\u00e7\u00e3o que outros pa\u00edses, garantindo que a regi\u00e3o est\u00e1 preparada para receber turistas em seguran\u00e7a e acompanha com muito cuidado a evolu\u00e7\u00e3o da pandemia.<\/p>\n","protected":false},"excerpt":{"rendered":"<p>A decis\u00e3o do governo brit\u00e2nico, de retirar Portugal da lista verde dos pa\u00edses considerados seguros, apanhou a regi\u00e3o de surpresa.<\/p>\n","protected":false},"author":1,"featured_media":9066,"comment_status":"closed","ping_status":"open","sticky":false,"template":"","format":"standard","meta":{"colormag_page_container_layout":"default_layout","colormag_page_sidebar_layout":"default_layout","_monsterinsights_skip_tracking":false,"_monsterinsights_sitenote_active":false,"_monsterinsights_sitenote_note":"","_monsterinsights_sitenote_category":0,"jetpack_post_was_ever_published":false,"_jetpack_newsletter_access":"","_jetpack_dont_email_post_to_subs":false,"_jetpack_newsletter_tier_id":0,"_jetpack_memberships_contains_paywalled_content":false,"_jetpack_memberships_contains_paid_content":false,"footnotes":"","jetpack_publicize_message":"","jetpack_publicize_feature_enabled":true,"jetpack_social_post_already_shared":true,"jetpack_social_options":{"image_generator_settings":{"template":"highway","default_image_id":0,"font":"","enabled":false},"version":2}},"categories":[17],"tags":[36,207,45],"class_list":["post-9065","post","type-post","status-publish","format-standard","has-post-thumbnail","hentry","category-turismo","tag-algarve","tag-amal","tag-turismo"],"yoast_head":"<!-- This site is optimized with the Yoast SEO plugin v27.5 - https:\/\/yoast.com\/product\/yoast-seo-wordpress\/ -->\n<title>Algarve apreensivo com decis\u00e3o do Reino Unido - Algarve 7<\/title>\n<meta name=\"description\" content=\"Algarve apreensivo com decis\u00e3o do Reino Unido Turismo\" \/>\n<meta name=\"robots\" content=\"index, follow, max-snippet:-1, max-image-preview:large, max-video-preview:-1\" \/>\n<link rel=\"canonical\" href=\"https:\/\/algarve7.pt\/index.php\/2021\/06\/algarve-apreensivo-com-decisao-do-reino-unido\/turismo\/19\/19\/\" \/>\n<meta property=\"og:locale\" content=\"pt_PT\" \/>\n<meta property=\"og:type\" content=\"article\" \/>\n<meta property=\"og:title\" content=\"Algarve apreensivo com decis\u00e3o do Reino Unido - Algarve 7\" \/>\n<meta property=\"og:description\" content=\"Algarve apreensivo com decis\u00e3o do Reino Unido Turismo\" \/>\n<meta property=\"og:url\" content=\"https:\/\/algarve7.pt\/index.php\/2021\/06\/algarve-apreensivo-com-decisao-do-reino-unido\/turismo\/19\/19\/\" \/>\n<meta property=\"og:site_name\" content=\"Algarve 7\" \/>\n<meta property=\"article:publisher\" content=\"https:\/\/www.facebook.com\/algarve7\" \/>\n<meta property=\"article:author\" content=\"https:\/\/www.facebook.com\/algarve7\" \/>\n<meta property=\"article:published_time\" content=\"2021-06-04T18:19:22+00:00\" \/>\n<meta property=\"article:modified_time\" content=\"2021-06-04T18:19:26+00:00\" \/>\n<meta property=\"og:image\" content=\"https:\/\/algarve7.pt\/wp-content\/uploads\/2021\/06\/Chegada-Ingleses-Aero-Faro-17-05-2021-8.jpg\" \/>\n\t<meta property=\"og:image:width\" content=\"1920\" \/>\n\t<meta property=\"og:image:height\" content=\"1280\" \/>\n\t<meta property=\"og:image:type\" content=\"image\/jpeg\" \/>\n<meta name=\"author\" content=\"Algarve 7\" \/>\n<meta name=\"twitter:card\" content=\"summary_large_image\" \/>\n<meta name=\"twitter:creator\" content=\"@Algarvesete\" \/>\n<meta name=\"twitter:site\" content=\"@Algarvesete\" \/>\n<meta name=\"twitter:label1\" content=\"Escrito por\" \/>\n\t<meta name=\"twitter:data1\" content=\"Algarve 7\" \/>\n\t<meta name=\"twitter:label2\" content=\"Tempo estimado de leitura\" \/>\n\t<meta name=\"twitter:data2\" content=\"2 minutos\" \/>\n<script type=\"application\/ld+json\" class=\"yoast-schema-graph\">{\"@context\":\"https:\\\/\\\/schema.org\",\"@graph\":[{\"@type\":\"Article\",\"@id\":\"https:\\\/\\\/algarve7.pt\\\/index.php\\\/2021\\\/06\\\/algarve-apreensivo-com-decisao-do-reino-unido\\\/turismo\\\/19\\\/19\\\/#article\",\"isPartOf\":{\"@id\":\"https:\\\/\\\/algarve7.pt\\\/index.php\\\/2021\\\/06\\\/algarve-apreensivo-com-decisao-do-reino-unido\\\/turismo\\\/19\\\/19\\\/\"},\"author\":{\"name\":\"Algarve 7\",\"@id\":\"https:\\\/\\\/algarve7.pt\\\/#\\\/schema\\\/person\\\/23fa70681308e7b319a3204bcea45e0c\"},\"headline\":\"Algarve apreensivo com decis\u00e3o do Reino Unido\",\"datePublished\":\"2021-06-04T18:19:22+00:00\",\"dateModified\":\"2021-06-04T18:19:26+00:00\",\"mainEntityOfPage\":{\"@id\":\"https:\\\/\\\/algarve7.pt\\\/index.php\\\/2021\\\/06\\\/algarve-apreensivo-com-decisao-do-reino-unido\\\/turismo\\\/19\\\/19\\\/\"},\"wordCount\":344,\"publisher\":{\"@id\":\"https:\\\/\\\/algarve7.pt\\\/#organization\"},\"image\":{\"@id\":\"https:\\\/\\\/algarve7.pt\\\/index.php\\\/2021\\\/06\\\/algarve-apreensivo-com-decisao-do-reino-unido\\\/turismo\\\/19\\\/19\\\/#primaryimage\"},\"thumbnailUrl\":\"https:\\\/\\\/algarve7.pt\\\/wp-content\\\/uploads\\\/2021\\\/06\\\/Chegada-Ingleses-Aero-Faro-17-05-2021-8.jpg\",\"keywords\":[\"Algarve\",\"Amal\",\"Turismo\"],\"articleSection\":[\"Turismo\"],\"inLanguage\":\"pt-PT\"},{\"@type\":\"WebPage\",\"@id\":\"https:\\\/\\\/algarve7.pt\\\/index.php\\\/2021\\\/06\\\/algarve-apreensivo-com-decisao-do-reino-unido\\\/turismo\\\/19\\\/19\\\/\",\"url\":\"https:\\\/\\\/algarve7.pt\\\/index.php\\\/2021\\\/06\\\/algarve-apreensivo-com-decisao-do-reino-unido\\\/turismo\\\/19\\\/19\\\/\",\"name\":\"Algarve apreensivo com decis\u00e3o do Reino Unido - Algarve 7\",\"isPartOf\":{\"@id\":\"https:\\\/\\\/algarve7.pt\\\/#website\"},\"primaryImageOfPage\":{\"@id\":\"https:\\\/\\\/algarve7.pt\\\/index.php\\\/2021\\\/06\\\/algarve-apreensivo-com-decisao-do-reino-unido\\\/turismo\\\/19\\\/19\\\/#primaryimage\"},\"image\":{\"@id\":\"https:\\\/\\\/algarve7.pt\\\/index.php\\\/2021\\\/06\\\/algarve-apreensivo-com-decisao-do-reino-unido\\\/turismo\\\/19\\\/19\\\/#primaryimage\"},\"thumbnailUrl\":\"https:\\\/\\\/algarve7.pt\\\/wp-content\\\/uploads\\\/2021\\\/06\\\/Chegada-Ingleses-Aero-Faro-17-05-2021-8.jpg\",\"datePublished\":\"2021-06-04T18:19:22+00:00\",\"dateModified\":\"2021-06-04T18:19:26+00:00\",\"description\":\"Algarve apreensivo com decis\u00e3o do Reino Unido Turismo\",\"breadcrumb\":{\"@id\":\"https:\\\/\\\/algarve7.pt\\\/index.php\\\/2021\\\/06\\\/algarve-apreensivo-com-decisao-do-reino-unido\\\/turismo\\\/19\\\/19\\\/#breadcrumb\"},\"inLanguage\":\"pt-PT\",\"potentialAction\":[{\"@type\":\"ReadAction\",\"target\":[\"https:\\\/\\\/algarve7.pt\\\/index.php\\\/2021\\\/06\\\/algarve-apreensivo-com-decisao-do-reino-unido\\\/turismo\\\/19\\\/19\\\/\"]}]},{\"@type\":\"ImageObject\",\"inLanguage\":\"pt-PT\",\"@id\":\"https:\\\/\\\/algarve7.pt\\\/index.php\\\/2021\\\/06\\\/algarve-apreensivo-com-decisao-do-reino-unido\\\/turismo\\\/19\\\/19\\\/#primaryimage\",\"url\":\"https:\\\/\\\/algarve7.pt\\\/wp-content\\\/uploads\\\/2021\\\/06\\\/Chegada-Ingleses-Aero-Faro-17-05-2021-8.jpg\",\"contentUrl\":\"https:\\\/\\\/algarve7.pt\\\/wp-content\\\/uploads\\\/2021\\\/06\\\/Chegada-Ingleses-Aero-Faro-17-05-2021-8.jpg\",\"width\":1920,\"height\":1280},{\"@type\":\"BreadcrumbList\",\"@id\":\"https:\\\/\\\/algarve7.pt\\\/index.php\\\/2021\\\/06\\\/algarve-apreensivo-com-decisao-do-reino-unido\\\/turismo\\\/19\\\/19\\\/#breadcrumb\",\"itemListElement\":[{\"@type\":\"ListItem\",\"position\":1,\"name\":\"In\u00edcio\",\"item\":\"https:\\\/\\\/algarve7.pt\\\/\"},{\"@type\":\"ListItem\",\"position\":2,\"name\":\"Algarve apreensivo com decis\u00e3o do Reino Unido\"}]},{\"@type\":\"WebSite\",\"@id\":\"https:\\\/\\\/algarve7.pt\\\/#website\",\"url\":\"https:\\\/\\\/algarve7.pt\\\/\",\"name\":\"Algarve 7\",\"description\":\"Informa\u00e7\u00e3o sobre o Algarve\",\"publisher\":{\"@id\":\"https:\\\/\\\/algarve7.pt\\\/#organization\"},\"potentialAction\":[{\"@type\":\"SearchAction\",\"target\":{\"@type\":\"EntryPoint\",\"urlTemplate\":\"https:\\\/\\\/algarve7.pt\\\/?s={search_term_string}\"},\"query-input\":{\"@type\":\"PropertyValueSpecification\",\"valueRequired\":true,\"valueName\":\"search_term_string\"}}],\"inLanguage\":\"pt-PT\"},{\"@type\":\"Organization\",\"@id\":\"https:\\\/\\\/algarve7.pt\\\/#organization\",\"name\":\"Algarve 7\",\"url\":\"https:\\\/\\\/algarve7.pt\\\/\",\"logo\":{\"@type\":\"ImageObject\",\"inLanguage\":\"pt-PT\",\"@id\":\"https:\\\/\\\/algarve7.pt\\\/#\\\/schema\\\/logo\\\/image\\\/\",\"url\":\"https:\\\/\\\/algarve7.pt\\\/wp-content\\\/uploads\\\/2020\\\/10\\\/Logo-8.jpg\",\"contentUrl\":\"https:\\\/\\\/algarve7.pt\\\/wp-content\\\/uploads\\\/2020\\\/10\\\/Logo-8.jpg\",\"width\":1680,\"height\":1186,\"caption\":\"Algarve 7\"},\"image\":{\"@id\":\"https:\\\/\\\/algarve7.pt\\\/#\\\/schema\\\/logo\\\/image\\\/\"},\"sameAs\":[\"https:\\\/\\\/www.facebook.com\\\/algarve7\",\"https:\\\/\\\/x.com\\\/Algarvesete\",\"https:\\\/\\\/www.instagram.com\\\/jornalalgarve7\\\/\",\"https:\\\/\\\/www.linkedin.com\\\/company\\\/algarve7\",\"https:\\\/\\\/www.pinterest.pt\\\/geral0939\\\/_created\\\/\"]},{\"@type\":\"Person\",\"@id\":\"https:\\\/\\\/algarve7.pt\\\/#\\\/schema\\\/person\\\/23fa70681308e7b319a3204bcea45e0c\",\"name\":\"Algarve 7\",\"sameAs\":[\"https:\\\/\\\/algarve7.pt\",\"https:\\\/\\\/www.facebook.com\\\/algarve7\"],\"url\":\"https:\\\/\\\/algarve7.pt\\\/index.php\\\/author\\\/geralalgarve7-pt\\\/\"}]}<\/script>\n<!-- \/ Yoast SEO plugin. -->","yoast_head_json":{"title":"Algarve apreensivo com decis\u00e3o do Reino Unido - Algarve 7","description":"Algarve apreensivo com decis\u00e3o do Reino Unido Turismo","robots":{"index":"index","follow":"follow","max-snippet":"max-snippet:-1","max-image-preview":"max-image-preview:large","max-video-preview":"max-video-preview:-1"},"canonical":"https:\/\/algarve7.pt\/index.php\/2021\/06\/algarve-apreensivo-com-decisao-do-reino-unido\/turismo\/19\/19\/","og_locale":"pt_PT","og_type":"article","og_title":"Algarve apreensivo com decis\u00e3o do Reino Unido - Algarve 7","og_description":"Algarve apreensivo com decis\u00e3o do Reino Unido Turismo","og_url":"https:\/\/algarve7.pt\/index.php\/2021\/06\/algarve-apreensivo-com-decisao-do-reino-unido\/turismo\/19\/19\/","og_site_name":"Algarve 7","article_publisher":"https:\/\/www.facebook.com\/algarve7","article_author":"https:\/\/www.facebook.com\/algarve7","article_published_time":"2021-06-04T18:19:22+00:00","article_modified_time":"2021-06-04T18:19:26+00:00","og_image":[{"width":1920,"height":1280,"url":"https:\/\/algarve7.pt\/wp-content\/uploads\/2021\/06\/Chegada-Ingleses-Aero-Faro-17-05-2021-8.jpg","type":"image\/jpeg"}],"author":"Algarve 7","twitter_card":"summary_large_image","twitter_creator":"@Algarvesete","twitter_site":"@Algarvesete","twitter_misc":{"Escrito por":"Algarve 7","Tempo estimado de leitura":"2 minutos"},"schema":{"@context":"https:\/\/schema.org","@graph":[{"@type":"Article","@id":"https:\/\/algarve7.pt\/index.php\/2021\/06\/algarve-apreensivo-com-decisao-do-reino-unido\/turismo\/19\/19\/#article","isPartOf":{"@id":"https:\/\/algarve7.pt\/index.php\/2021\/06\/algarve-apreensivo-com-decisao-do-reino-unido\/turismo\/19\/19\/"},"author":{"name":"Algarve 7","@id":"https:\/\/algarve7.pt\/#\/schema\/person\/23fa70681308e7b319a3204bcea45e0c"},"headline":"Algarve apreensivo com decis\u00e3o do Reino Unido","datePublished":"2021-06-04T18:19:22+00:00","dateModified":"2021-06-04T18:19:26+00:00","mainEntityOfPage":{"@id":"https:\/\/algarve7.pt\/index.php\/2021\/06\/algarve-apreensivo-com-decisao-do-reino-unido\/turismo\/19\/19\/"},"wordCount":344,"publisher":{"@id":"https:\/\/algarve7.pt\/#organization"},"image":{"@id":"https:\/\/algarve7.pt\/index.php\/2021\/06\/algarve-apreensivo-com-decisao-do-reino-unido\/turismo\/19\/19\/#primaryimage"},"thumbnailUrl":"https:\/\/algarve7.pt\/wp-content\/uploads\/2021\/06\/Chegada-Ingleses-Aero-Faro-17-05-2021-8.jpg","keywords":["Algarve","Amal","Turismo"],"articleSection":["Turismo"],"inLanguage":"pt-PT"},{"@type":"WebPage","@id":"https:\/\/algarve7.pt\/index.php\/2021\/06\/algarve-apreensivo-com-decisao-do-reino-unido\/turismo\/19\/19\/","url":"https:\/\/algarve7.pt\/index.php\/2021\/06\/algarve-apreensivo-com-decisao-do-reino-unido\/turismo\/19\/19\/","name":"Algarve apreensivo com decis\u00e3o do Reino Unido - Algarve 7","isPartOf":{"@id":"https:\/\/algarve7.pt\/#website"},"primaryImageOfPage":{"@id":"https:\/\/algarve7.pt\/index.php\/2021\/06\/algarve-apreensivo-com-decisao-do-reino-unido\/turismo\/19\/19\/#primaryimage"},"image":{"@id":"https:\/\/algarve7.pt\/index.php\/2021\/06\/algarve-apreensivo-com-decisao-do-reino-unido\/turismo\/19\/19\/#primaryimage"},"thumbnailUrl":"https:\/\/algarve7.pt\/wp-content\/uploads\/2021\/06\/Chegada-Ingleses-Aero-Faro-17-05-2021-8.jpg","datePublished":"2021-06-04T18:19:22+00:00","dateModified":"2021-06-04T18:19:26+00:00","description":"Algarve apreensivo com decis\u00e3o do Reino Unido Turismo","breadcrumb":{"@id":"https:\/\/algarve7.pt\/index.php\/2021\/06\/algarve-apreensivo-com-decisao-do-reino-unido\/turismo\/19\/19\/#breadcrumb"},"inLanguage":"pt-PT","potentialAction":[{"@type":"ReadAction","target":["https:\/\/algarve7.pt\/index.php\/2021\/06\/algarve-apreensivo-com-decisao-do-reino-unido\/turismo\/19\/19\/"]}]},{"@type":"ImageObject","inLanguage":"pt-PT","@id":"https:\/\/algarve7.pt\/index.php\/2021\/06\/algarve-apreensivo-com-decisao-do-reino-unido\/turismo\/19\/19\/#primaryimage","url":"https:\/\/algarve7.pt\/wp-content\/uploads\/2021\/06\/Chegada-Ingleses-Aero-Faro-17-05-2021-8.jpg","contentUrl":"https:\/\/algarve7.pt\/wp-content\/uploads\/2021\/06\/Chegada-Ingleses-Aero-Faro-17-05-2021-8.jpg","width":1920,"height":1280},{"@type":"BreadcrumbList","@id":"https:\/\/algarve7.pt\/index.php\/2021\/06\/algarve-apreensivo-com-decisao-do-reino-unido\/turismo\/19\/19\/#breadcrumb","itemListElement":[{"@type":"ListItem","position":1,"name":"In\u00edcio","item":"https:\/\/algarve7.pt\/"},{"@type":"ListItem","position":2,"name":"Algarve apreensivo com decis\u00e3o do Reino Unido"}]},{"@type":"WebSite","@id":"https:\/\/algarve7.pt\/#website","url":"https:\/\/algarve7.pt\/","name":"Algarve 7","description":"Informa\u00e7\u00e3o sobre o Algarve","publisher":{"@id":"https:\/\/algarve7.pt\/#organization"},"potentialAction":[{"@type":"SearchAction","target":{"@type":"EntryPoint","urlTemplate":"https:\/\/algarve7.pt\/?s={search_term_string}"},"query-input":{"@type":"PropertyValueSpecification","valueRequired":true,"valueName":"search_term_string"}}],"inLanguage":"pt-PT"},{"@type":"Organization","@id":"https:\/\/algarve7.pt\/#organization","name":"Algarve 7","url":"https:\/\/algarve7.pt\/","logo":{"@type":"ImageObject","inLanguage":"pt-PT","@id":"https:\/\/algarve7.pt\/#\/schema\/logo\/image\/","url":"https:\/\/algarve7.pt\/wp-content\/uploads\/2020\/10\/Logo-8.jpg","contentUrl":"https:\/\/algarve7.pt\/wp-content\/uploads\/2020\/10\/Logo-8.jpg","width":1680,"height":1186,"caption":"Algarve 7"},"image":{"@id":"https:\/\/algarve7.pt\/#\/schema\/logo\/image\/"},"sameAs":["https:\/\/www.facebook.com\/algarve7","https:\/\/x.com\/Algarvesete","https:\/\/www.instagram.com\/jornalalgarve7\/","https:\/\/www.linkedin.com\/company\/algarve7","https:\/\/www.pinterest.pt\/geral0939\/_created\/"]},{"@type":"Person","@id":"https:\/\/algarve7.pt\/#\/schema\/person\/23fa70681308e7b319a3204bcea45e0c","name":"Algarve 7","sameAs":["https:\/\/algarve7.pt","https:\/\/www.facebook.com\/algarve7"],"url":"https:\/\/algarve7.pt\/index.php\/author\/geralalgarve7-pt\/"}]}},"jetpack_publicize_connections":[],"jetpack_featured_media_url":"https:\/\/algarve7.pt\/wp-content\/uploads\/2021\/06\/Chegada-Ingleses-Aero-Faro-17-05-2021-8.jpg","jetpack_shortlink":"https:\/\/wp.me\/pcezmW-2md","jetpack_sharing_enabled":true,"_links":{"self":[{"href":"https:\/\/algarve7.pt\/index.php\/wp-json\/wp\/v2\/posts\/9065","targetHints":{"allow":["GET"]}}],"collection":[{"href":"https:\/\/algarve7.pt\/index.php\/wp-json\/wp\/v2\/posts"}],"about":[{"href":"https:\/\/algarve7.pt\/index.php\/wp-json\/wp\/v2\/types\/post"}],"author":[{"embeddable":true,"href":"https:\/\/algarve7.pt\/index.php\/wp-json\/wp\/v2\/users\/1"}],"replies":[{"embeddable":true,"href":"https:\/\/algarve7.pt\/index.php\/wp-json\/wp\/v2\/comments?post=9065"}],"version-history":[{"count":0,"href":"https:\/\/algarve7.pt\/index.php\/wp-json\/wp\/v2\/posts\/9065\/revisions"}],"wp:featuredmedia":[{"embeddable":true,"href":"https:\/\/algarve7.pt\/index.php\/wp-json\/wp\/v2\/media\/9066"}],"wp:attachment":[{"href":"https:\/\/algarve7.pt\/index.php\/wp-json\/wp\/v2\/media?parent=9065"}],"wp:term":[{"taxonomy":"category","embeddable":true,"href":"https:\/\/algarve7.pt\/index.php\/wp-json\/wp\/v2\/categories?post=9065"},{"taxonomy":"post_tag","embeddable":true,"href":"https:\/\/algarve7.pt\/index.php\/wp-json\/wp\/v2\/tags?post=9065"}],"curies":[{"name":"wp","href":"https:\/\/api.w.org\/{rel}","templated":true}]}}