{"id":8935,"date":"2021-05-31T17:29:04","date_gmt":"2021-05-31T16:29:04","guid":{"rendered":"https:\/\/algarve7.pt\/?p=8935"},"modified":"2021-05-31T17:29:08","modified_gmt":"2021-05-31T16:29:08","slug":"municipio-de-sao-bras-de-alportel-celebra-107-anos-com-a-inauguracao-de-novo-terminal-e-uma-viagem-que-e-um-espetaculo","status":"publish","type":"post","link":"https:\/\/algarve7.pt\/index.php\/2021\/05\/municipio-de-sao-bras-de-alportel-celebra-107-anos-com-a-inauguracao-de-novo-terminal-e-uma-viagem-que-e-um-espetaculo\/atualidade\/17\/29\/","title":{"rendered":"Munic\u00edpio de S\u00e3o Br\u00e1s de Alportel celebra 107 anos com a Inaugura\u00e7\u00e3o de Novo Terminal e uma viagem que \u00e9 um espet\u00e1culo"},"content":{"rendered":"\n<p>A Ministra da Coes\u00e3o Territorial, Ana Abrunhosa, participar\u00e1 na Cerim\u00f3nia comemorativa do 107.\u00ba anivers\u00e1rio do Munic\u00edpio de S\u00e3o Br\u00e1s de Alportel cujo programa inclui a inaugura\u00e7\u00e3o do Terminal Rodovi\u00e1rio \u201cCircular\u201d; a apresenta\u00e7\u00e3o do Plano Urban\u00edstico do Quarteir\u00e3o Fonte Maria; a abertura da \u201cPortal Digital\u201d do Munic\u00edpio, com entrada em funcionamento dos Servi\u00e7os On Line e ainda um original Espet\u00e1culo de Pirotecnia Diurno.<strong><em>\u00a0<\/em><\/strong><\/p>\n\n\n\n<p>Tarde fora, haver\u00e1 lugar para as comemora\u00e7\u00f5es dos 20 anos da Biblioteca Municipal, com exposi\u00e7\u00f5es, momentos de celebra\u00e7\u00e3o do Dia da Crian\u00e7a e o lan\u00e7amento do primeiro t\u00edtulo da aguardada reedi\u00e7\u00e3o da obra de Jos\u00e9 Dias Sancho; a inaugura\u00e7\u00e3o da exposi\u00e7\u00e3o alusiva aos 40 anos da Universidade do Algarve e o desafio \u201c\u00e9 de pequenino que se escolhe o pratinho\u201d no \u00e2mbito do projeto Prato Certo.\u00a0<\/p>\n\n\n\n<p>A fechar o Programa o Munic\u00edpio preparou um original Espet\u00e1culo Musical comemorativo \u201cSons de S\u00e3o Br\u00e1s\u201d, que \u00e9 um espet\u00e1culo em forma de viagem e uma viagem em forma de espet\u00e1culo, exclusivamente com temas originais de autores s\u00e3o-brasenses, \u00c0 descoberta do concelho, num apoio \u00e0 cultura e \u00e1 economia local, transmitido digitalmente.<\/p>\n\n\n\n<p>O programa tem in\u00edcio pelas 10h00, junto ao&nbsp;<strong>Terminal Rodovi\u00e1rio \u201cCircular\u201d<\/strong>&nbsp;que vai ser inaugurado ap\u00f3s o&nbsp;<strong>hastear da Bandeira<\/strong>&nbsp;ao som do Hino Nacional interpretado pela Banda Filarm\u00f3nica de S\u00e3o Br\u00e1s de Alportel. Momento que conta com a colabora\u00e7\u00e3o da Associa\u00e7\u00e3o Humanit\u00e1ria dos Bombeiros Volunt\u00e1rios de S\u00e3o Br\u00e1s de Alportel.<\/p>\n\n\n\n<p>Na presen\u00e7a da Ministra da Coes\u00e3o Territorial, Ana Abrunhosa, o executivo municipal ir\u00e1 apresentar o&nbsp;<strong>Plano Urban\u00edstico do Quarteir\u00e3o \u201cFonte Maria\u201d<\/strong>&nbsp;e o&nbsp;<strong>projeto de requalifica\u00e7\u00e3o da EN2 \u2013 liga\u00e7\u00e3o \u00e0 A22<\/strong>&nbsp;(Via do Infante).<\/p>\n\n\n\n<p>Uma cerim\u00f3nia, com acesso restrito em virtude do contexto pand\u00e9mico e do cumprimento das regras emitidas pelas autoridades nacional para a preven\u00e7\u00e3o de cont\u00e1gio, vai ser transmitida em direto no Facebook do Munic\u00edpio.<\/p>\n\n\n\n<p>A Sess\u00e3o Solene culminar\u00e1 com um espet\u00e1culo pirot\u00e9cnico diurno que pretende assinalar o Dia da Crian\u00e7a e simbolizar a esperan\u00e7a no futuro, em jeito de agradecimento \u00e0 comunidade s\u00e3o-brasense pela sua resili\u00eancia e a todos os profissionais que t\u00eam estado na linha da frente deste combate pela vida e pela sa\u00fade.<\/p>\n\n\n\n<p>O programa comemorativo \u00e9 retomado pelas 15h00, com a tradicional&nbsp;<strong>Romagem ao Mausol\u00e9u de Jo\u00e3o Rosa Beatriz<\/strong>, fundador do concelho, em formato mais restrito.<\/p>\n\n\n\n<p>Pelas 15h30, a Galeria Municipal abre as suas portas para dar a conhecer a&nbsp;<strong>exposi\u00e7\u00e3o \u201cUniversidade do Algarve \u2013 40 anos a criar futuro\u201d.<\/strong><\/p>\n\n\n\n<p>Inaugurada a 1 de junho de 2001, a Biblioteca Municipal Dr. Estanco Louro celebra 20 anos de servi\u00e7o \u00e0 comunidade! Para celebrar esta etapa, a Biblioteca Municipal inaugura, pelas 16h45, a exposi\u00e7\u00e3o&nbsp;<strong>\u201cBiblioteca Municipal Dr. Manuel Francisco Estanco Louro: 20 anos ao servi\u00e7o da comunidade\u201d.<\/strong>&nbsp;Um momento seguido pelo lan\u00e7amento e&nbsp;<strong>apresenta\u00e7\u00e3o do primeiro volume da aguardada reedi\u00e7\u00e3o da obra de Jos\u00e9 Dias Sancho: \u201cDeus Pan e outros contos\u201d.<\/strong><\/p>\n\n\n\n<p>Um dos momentos altos do 107.\u00ba anivers\u00e1rio do Munic\u00edpio de S\u00e3o Br\u00e1s de Alportel \u00e9 a abertura da&nbsp;<strong>\u201cPorta Digital do Munic\u00edpio\u201d, com a entrada em funcionamento da plataforma de Servi\u00e7os On line do munic\u00edpio.<\/strong>&nbsp;A\u00e7\u00e3o que est\u00e1 integrada num projeto intermunicipal que coloca os servi\u00e7os municipais acess\u00edveis online de forma pr\u00e1tica e simples para os mun\u00edcipes, 24 horas por dia, 7 dias por semana.<\/p>\n\n\n\n<p>Uma medida que segue a estrat\u00e9gia municipal na \u00e1rea da moderniza\u00e7\u00e3o, transpar\u00eancia e agiliza\u00e7\u00e3o dos servi\u00e7os e processos e que vai ser apresentada atrav\u00e9s do website e das redes sociais do Munic\u00edpio.<\/p>\n\n\n\n<p>Em S\u00e3o Br\u00e1s de Alportel, o Dia do Munic\u00edpio coincide com o Dia Mundial da Crian\u00e7a, que este ano \u00e9 assinalado com a&nbsp;<strong>campanha \u201cSeja dador de medula \u00f3ssea<\/strong>&nbsp;\u2013 Salve vidas\u201d que vai estar a decorrer no espa\u00e7o exterior das Piscinas Municipais Cobertas entre as 9h00 e as 13h00.<\/p>\n\n\n\n<p>No Jardim da Verbena, a partir das 16h00, a Associa\u00e7\u00e3o In Loco em parceria com o Munic\u00edpio promove a iniciativa&nbsp;<strong>atividades para fam\u00edlias para a promo\u00e7\u00e3o de bons h\u00e1bitos alimentares<\/strong>, com acesso restrito e limite de inscri\u00e7\u00f5es.&nbsp;<\/p>\n\n\n\n<p>A Biblioteca Municipal convida os mais novos para uma&nbsp;<strong>sess\u00e3o de contos<\/strong>&nbsp;com Jorge Serafim, marcada para as 18h30.&nbsp;<\/p>\n\n\n\n<p>Na impossibilidade de realizar de forma segura o tradicional concerto comemorativo do Dia do Munic\u00edpio, a C\u00e2mara Municipal apresenta, pelas 21h30, atrav\u00e9s das redes sociais e do Meo Kanal 205 250 o&nbsp;<strong>programa musical \u201cSons de S\u00e3o Br\u00e1s\u201d.<\/strong><\/p>\n\n\n\n<p>\u201cSons de S\u00e3o Br\u00e1s\u201d d\u00e1 nome ao projeto de uma nova cria\u00e7\u00e3o musical s\u00e3o-brasense\u2026 que se prop\u00f4s reunir temas originais s\u00e3o-brasenses, numa mostra de valores art\u00edsticos locais. Mas, na verdade, \u00e9 muito mais do que isso: uma Viagem pelo concelho, pelo espa\u00e7o e pelo tempo, guiada pelos sons que brotam da natureza, que fazem eco no fundo das nossas mem\u00f3rias\u2026 que vivem para sempre no cora\u00e7\u00e3o\u2026<\/p>\n\n\n\n<p>Prepare-se para ouvir, ver e deixar-se surpreender neste programa que marca encontro consigo no dia 1 de junho, pelas 21h30, nesta p\u00e1gina de Facebook, no canal do munic\u00edpio no Youtube ou no Meo KANAL 205 250.&nbsp;<\/p>\n\n\n\n<p>Ser\u00e3o 12 Temas originais, 15 autores, mais de 3&nbsp; dezenas de&nbsp; m\u00fasicos, 25 bailarinos, 2 grupos de dan\u00e7a e ainda&#8230; um justo Tributo aos Compositores S\u00e3o-brasenses do Passado!<\/p>\n\n\n\n<p><strong>Campanha \u201cSeja dador de medula \u00f3ssea \u2013 Salve vidas\u201d<\/strong><\/p>\n\n\n\n<p>O Munic\u00edpio de S\u00e3o Bras de Alportel promove a 1 de junho, a&nbsp;<strong>campanha \u201cSeja dador de medula \u00f3ssea<\/strong>&nbsp;\u2013 Salve vidas\u201d que vai estar a decorrer no espa\u00e7o exterior das Piscinas Municipais Cobertas entre as 9h00 e as 13h00.<\/p>\n\n\n\n<p>A iniciativa nasceu do Agrupamento de Escuteiros de S\u00e3o Br\u00e1s de Alportel, liderado pelo Enfermeiro Jos\u00e9 Neutel, que merc\u00ea do seu trabalho no Servi\u00e7o de Pediatria do Hospital de Faro &#8211; CHUA &#8211; acompanha o drama dos meninos e meninas cujo futuro depende de uma doa\u00e7\u00e3o de medula.<\/p>\n\n\n\n<p>A hist\u00f3ria real do pequeno Miguel, um menino algarvio, motivou esta a\u00e7\u00e3o que pretende desafiar os s\u00e3o-brasenses a serem doadores de medula e desta forma poderem vir a ajudar muitos outros meninas e meninos que por este mundo fora poder\u00e3o precisar desta ajuda.<\/p>\n","protected":false},"excerpt":{"rendered":"<p>A Ministra da Coes\u00e3o Territorial, Ana Abrunhosa, participar\u00e1 na Cerim\u00f3nia comemorativa do 107.\u00ba anivers\u00e1rio do Munic\u00edpio de S\u00e3o Br\u00e1s de<\/p>\n","protected":false},"author":1,"featured_media":8936,"comment_status":"closed","ping_status":"open","sticky":false,"template":"","format":"standard","meta":{"colormag_page_container_layout":"default_layout","colormag_page_sidebar_layout":"default_layout","_monsterinsights_skip_tracking":false,"_monsterinsights_sitenote_active":false,"_monsterinsights_sitenote_note":"","_monsterinsights_sitenote_category":0,"jetpack_post_was_ever_published":false,"_jetpack_newsletter_access":"","_jetpack_dont_email_post_to_subs":false,"_jetpack_newsletter_tier_id":0,"_jetpack_memberships_contains_paywalled_content":false,"_jetpack_memberships_contains_paid_content":false,"footnotes":"","jetpack_publicize_message":"","jetpack_publicize_feature_enabled":true,"jetpack_social_post_already_shared":true,"jetpack_social_options":{"image_generator_settings":{"template":"highway","default_image_id":0,"font":"","enabled":false},"version":2}},"categories":[11],"tags":[36,62,85,63],"class_list":["post-8935","post","type-post","status-publish","format-standard","has-post-thumbnail","hentry","category-atualidade","tag-algarve","tag-atualidade","tag-inauguracao","tag-sao-bras-de-alportel"],"yoast_head":"<!-- This site is optimized with the Yoast SEO plugin v27.5 - https:\/\/yoast.com\/product\/yoast-seo-wordpress\/ -->\n<title>Munic\u00edpio de S\u00e3o Br\u00e1s de Alportel celebra 107 anos com a Inaugura\u00e7\u00e3o de Novo Terminal e uma viagem que \u00e9 um espet\u00e1culo - Algarve 7<\/title>\n<meta name=\"description\" content=\"Munic\u00edpio de S\u00e3o Br\u00e1s de Alportel celebra 107 anos com a Inaugura\u00e7\u00e3o de Novo Terminal e uma viagem que \u00e9 um espet\u00e1culo Atualidade\" \/>\n<meta name=\"robots\" content=\"index, follow, max-snippet:-1, max-image-preview:large, max-video-preview:-1\" \/>\n<link rel=\"canonical\" href=\"https:\/\/algarve7.pt\/index.php\/2021\/05\/municipio-de-sao-bras-de-alportel-celebra-107-anos-com-a-inauguracao-de-novo-terminal-e-uma-viagem-que-e-um-espetaculo\/atualidade\/17\/29\/\" \/>\n<meta property=\"og:locale\" content=\"pt_PT\" \/>\n<meta property=\"og:type\" content=\"article\" \/>\n<meta property=\"og:title\" content=\"Munic\u00edpio de S\u00e3o Br\u00e1s de Alportel celebra 107 anos com a Inaugura\u00e7\u00e3o de Novo Terminal e uma viagem que \u00e9 um espet\u00e1culo - Algarve 7\" \/>\n<meta property=\"og:description\" content=\"Munic\u00edpio de S\u00e3o Br\u00e1s de Alportel celebra 107 anos com a Inaugura\u00e7\u00e3o de Novo Terminal e uma viagem que \u00e9 um espet\u00e1culo Atualidade\" \/>\n<meta property=\"og:url\" content=\"https:\/\/algarve7.pt\/index.php\/2021\/05\/municipio-de-sao-bras-de-alportel-celebra-107-anos-com-a-inauguracao-de-novo-terminal-e-uma-viagem-que-e-um-espetaculo\/atualidade\/17\/29\/\" \/>\n<meta property=\"og:site_name\" content=\"Algarve 7\" \/>\n<meta property=\"article:publisher\" content=\"https:\/\/www.facebook.com\/algarve7\" \/>\n<meta property=\"article:author\" content=\"https:\/\/www.facebook.com\/algarve7\" \/>\n<meta property=\"article:published_time\" content=\"2021-05-31T16:29:04+00:00\" \/>\n<meta property=\"article:modified_time\" content=\"2021-05-31T16:29:08+00:00\" \/>\n<meta property=\"og:image\" content=\"https:\/\/algarve7.pt\/wp-content\/uploads\/2021\/05\/quarteirao-fontemaria3-1.jpeg\" \/>\n\t<meta property=\"og:image:width\" content=\"1920\" \/>\n\t<meta property=\"og:image:height\" content=\"1080\" \/>\n\t<meta property=\"og:image:type\" content=\"image\/jpeg\" \/>\n<meta name=\"author\" content=\"Algarve 7\" \/>\n<meta name=\"twitter:card\" content=\"summary_large_image\" \/>\n<meta name=\"twitter:creator\" content=\"@Algarvesete\" \/>\n<meta name=\"twitter:site\" content=\"@Algarvesete\" \/>\n<meta name=\"twitter:label1\" content=\"Escrito por\" \/>\n\t<meta name=\"twitter:data1\" content=\"Algarve 7\" \/>\n\t<meta name=\"twitter:label2\" content=\"Tempo estimado de leitura\" \/>\n\t<meta name=\"twitter:data2\" content=\"5 minutos\" \/>\n<script type=\"application\/ld+json\" class=\"yoast-schema-graph\">{\"@context\":\"https:\\\/\\\/schema.org\",\"@graph\":[{\"@type\":\"Article\",\"@id\":\"https:\\\/\\\/algarve7.pt\\\/index.php\\\/2021\\\/05\\\/municipio-de-sao-bras-de-alportel-celebra-107-anos-com-a-inauguracao-de-novo-terminal-e-uma-viagem-que-e-um-espetaculo\\\/atualidade\\\/17\\\/29\\\/#article\",\"isPartOf\":{\"@id\":\"https:\\\/\\\/algarve7.pt\\\/index.php\\\/2021\\\/05\\\/municipio-de-sao-bras-de-alportel-celebra-107-anos-com-a-inauguracao-de-novo-terminal-e-uma-viagem-que-e-um-espetaculo\\\/atualidade\\\/17\\\/29\\\/\"},\"author\":{\"name\":\"Algarve 7\",\"@id\":\"https:\\\/\\\/algarve7.pt\\\/#\\\/schema\\\/person\\\/23fa70681308e7b319a3204bcea45e0c\"},\"headline\":\"Munic\u00edpio de S\u00e3o Br\u00e1s de Alportel celebra 107 anos com a Inaugura\u00e7\u00e3o de Novo Terminal e uma viagem que \u00e9 um espet\u00e1culo\",\"datePublished\":\"2021-05-31T16:29:04+00:00\",\"dateModified\":\"2021-05-31T16:29:08+00:00\",\"mainEntityOfPage\":{\"@id\":\"https:\\\/\\\/algarve7.pt\\\/index.php\\\/2021\\\/05\\\/municipio-de-sao-bras-de-alportel-celebra-107-anos-com-a-inauguracao-de-novo-terminal-e-uma-viagem-que-e-um-espetaculo\\\/atualidade\\\/17\\\/29\\\/\"},\"wordCount\":1126,\"publisher\":{\"@id\":\"https:\\\/\\\/algarve7.pt\\\/#organization\"},\"image\":{\"@id\":\"https:\\\/\\\/algarve7.pt\\\/index.php\\\/2021\\\/05\\\/municipio-de-sao-bras-de-alportel-celebra-107-anos-com-a-inauguracao-de-novo-terminal-e-uma-viagem-que-e-um-espetaculo\\\/atualidade\\\/17\\\/29\\\/#primaryimage\"},\"thumbnailUrl\":\"https:\\\/\\\/algarve7.pt\\\/wp-content\\\/uploads\\\/2021\\\/05\\\/quarteirao-fontemaria3-1.jpeg\",\"keywords\":[\"Algarve\",\"Atualidade\",\"Inaugura\u00e7\u00e3o\",\"S\u00e3o Br\u00e1s de Alportel\"],\"articleSection\":[\"Atualidade\"],\"inLanguage\":\"pt-PT\"},{\"@type\":\"WebPage\",\"@id\":\"https:\\\/\\\/algarve7.pt\\\/index.php\\\/2021\\\/05\\\/municipio-de-sao-bras-de-alportel-celebra-107-anos-com-a-inauguracao-de-novo-terminal-e-uma-viagem-que-e-um-espetaculo\\\/atualidade\\\/17\\\/29\\\/\",\"url\":\"https:\\\/\\\/algarve7.pt\\\/index.php\\\/2021\\\/05\\\/municipio-de-sao-bras-de-alportel-celebra-107-anos-com-a-inauguracao-de-novo-terminal-e-uma-viagem-que-e-um-espetaculo\\\/atualidade\\\/17\\\/29\\\/\",\"name\":\"Munic\u00edpio de S\u00e3o Br\u00e1s de Alportel celebra 107 anos com a Inaugura\u00e7\u00e3o de Novo Terminal e uma viagem que \u00e9 um espet\u00e1culo - Algarve 7\",\"isPartOf\":{\"@id\":\"https:\\\/\\\/algarve7.pt\\\/#website\"},\"primaryImageOfPage\":{\"@id\":\"https:\\\/\\\/algarve7.pt\\\/index.php\\\/2021\\\/05\\\/municipio-de-sao-bras-de-alportel-celebra-107-anos-com-a-inauguracao-de-novo-terminal-e-uma-viagem-que-e-um-espetaculo\\\/atualidade\\\/17\\\/29\\\/#primaryimage\"},\"image\":{\"@id\":\"https:\\\/\\\/algarve7.pt\\\/index.php\\\/2021\\\/05\\\/municipio-de-sao-bras-de-alportel-celebra-107-anos-com-a-inauguracao-de-novo-terminal-e-uma-viagem-que-e-um-espetaculo\\\/atualidade\\\/17\\\/29\\\/#primaryimage\"},\"thumbnailUrl\":\"https:\\\/\\\/algarve7.pt\\\/wp-content\\\/uploads\\\/2021\\\/05\\\/quarteirao-fontemaria3-1.jpeg\",\"datePublished\":\"2021-05-31T16:29:04+00:00\",\"dateModified\":\"2021-05-31T16:29:08+00:00\",\"description\":\"Munic\u00edpio de S\u00e3o Br\u00e1s de Alportel celebra 107 anos com a Inaugura\u00e7\u00e3o de Novo Terminal e uma viagem que \u00e9 um espet\u00e1culo Atualidade\",\"breadcrumb\":{\"@id\":\"https:\\\/\\\/algarve7.pt\\\/index.php\\\/2021\\\/05\\\/municipio-de-sao-bras-de-alportel-celebra-107-anos-com-a-inauguracao-de-novo-terminal-e-uma-viagem-que-e-um-espetaculo\\\/atualidade\\\/17\\\/29\\\/#breadcrumb\"},\"inLanguage\":\"pt-PT\",\"potentialAction\":[{\"@type\":\"ReadAction\",\"target\":[\"https:\\\/\\\/algarve7.pt\\\/index.php\\\/2021\\\/05\\\/municipio-de-sao-bras-de-alportel-celebra-107-anos-com-a-inauguracao-de-novo-terminal-e-uma-viagem-que-e-um-espetaculo\\\/atualidade\\\/17\\\/29\\\/\"]}]},{\"@type\":\"ImageObject\",\"inLanguage\":\"pt-PT\",\"@id\":\"https:\\\/\\\/algarve7.pt\\\/index.php\\\/2021\\\/05\\\/municipio-de-sao-bras-de-alportel-celebra-107-anos-com-a-inauguracao-de-novo-terminal-e-uma-viagem-que-e-um-espetaculo\\\/atualidade\\\/17\\\/29\\\/#primaryimage\",\"url\":\"https:\\\/\\\/algarve7.pt\\\/wp-content\\\/uploads\\\/2021\\\/05\\\/quarteirao-fontemaria3-1.jpeg\",\"contentUrl\":\"https:\\\/\\\/algarve7.pt\\\/wp-content\\\/uploads\\\/2021\\\/05\\\/quarteirao-fontemaria3-1.jpeg\",\"width\":1920,\"height\":1080},{\"@type\":\"BreadcrumbList\",\"@id\":\"https:\\\/\\\/algarve7.pt\\\/index.php\\\/2021\\\/05\\\/municipio-de-sao-bras-de-alportel-celebra-107-anos-com-a-inauguracao-de-novo-terminal-e-uma-viagem-que-e-um-espetaculo\\\/atualidade\\\/17\\\/29\\\/#breadcrumb\",\"itemListElement\":[{\"@type\":\"ListItem\",\"position\":1,\"name\":\"In\u00edcio\",\"item\":\"https:\\\/\\\/algarve7.pt\\\/\"},{\"@type\":\"ListItem\",\"position\":2,\"name\":\"Munic\u00edpio de S\u00e3o Br\u00e1s de Alportel celebra 107 anos com a Inaugura\u00e7\u00e3o de Novo Terminal e uma viagem que \u00e9 um espet\u00e1culo\"}]},{\"@type\":\"WebSite\",\"@id\":\"https:\\\/\\\/algarve7.pt\\\/#website\",\"url\":\"https:\\\/\\\/algarve7.pt\\\/\",\"name\":\"Algarve 7\",\"description\":\"Informa\u00e7\u00e3o sobre o Algarve\",\"publisher\":{\"@id\":\"https:\\\/\\\/algarve7.pt\\\/#organization\"},\"potentialAction\":[{\"@type\":\"SearchAction\",\"target\":{\"@type\":\"EntryPoint\",\"urlTemplate\":\"https:\\\/\\\/algarve7.pt\\\/?s={search_term_string}\"},\"query-input\":{\"@type\":\"PropertyValueSpecification\",\"valueRequired\":true,\"valueName\":\"search_term_string\"}}],\"inLanguage\":\"pt-PT\"},{\"@type\":\"Organization\",\"@id\":\"https:\\\/\\\/algarve7.pt\\\/#organization\",\"name\":\"Algarve 7\",\"url\":\"https:\\\/\\\/algarve7.pt\\\/\",\"logo\":{\"@type\":\"ImageObject\",\"inLanguage\":\"pt-PT\",\"@id\":\"https:\\\/\\\/algarve7.pt\\\/#\\\/schema\\\/logo\\\/image\\\/\",\"url\":\"https:\\\/\\\/algarve7.pt\\\/wp-content\\\/uploads\\\/2020\\\/10\\\/Logo-8.jpg\",\"contentUrl\":\"https:\\\/\\\/algarve7.pt\\\/wp-content\\\/uploads\\\/2020\\\/10\\\/Logo-8.jpg\",\"width\":1680,\"height\":1186,\"caption\":\"Algarve 7\"},\"image\":{\"@id\":\"https:\\\/\\\/algarve7.pt\\\/#\\\/schema\\\/logo\\\/image\\\/\"},\"sameAs\":[\"https:\\\/\\\/www.facebook.com\\\/algarve7\",\"https:\\\/\\\/x.com\\\/Algarvesete\",\"https:\\\/\\\/www.instagram.com\\\/jornalalgarve7\\\/\",\"https:\\\/\\\/www.linkedin.com\\\/company\\\/algarve7\",\"https:\\\/\\\/www.pinterest.pt\\\/geral0939\\\/_created\\\/\"]},{\"@type\":\"Person\",\"@id\":\"https:\\\/\\\/algarve7.pt\\\/#\\\/schema\\\/person\\\/23fa70681308e7b319a3204bcea45e0c\",\"name\":\"Algarve 7\",\"sameAs\":[\"https:\\\/\\\/algarve7.pt\",\"https:\\\/\\\/www.facebook.com\\\/algarve7\"],\"url\":\"https:\\\/\\\/algarve7.pt\\\/index.php\\\/author\\\/geralalgarve7-pt\\\/\"}]}<\/script>\n<!-- \/ Yoast SEO plugin. -->","yoast_head_json":{"title":"Munic\u00edpio de S\u00e3o Br\u00e1s de Alportel celebra 107 anos com a Inaugura\u00e7\u00e3o de Novo Terminal e uma viagem que \u00e9 um espet\u00e1culo - Algarve 7","description":"Munic\u00edpio de S\u00e3o Br\u00e1s de Alportel celebra 107 anos com a Inaugura\u00e7\u00e3o de Novo Terminal e uma viagem que \u00e9 um espet\u00e1culo Atualidade","robots":{"index":"index","follow":"follow","max-snippet":"max-snippet:-1","max-image-preview":"max-image-preview:large","max-video-preview":"max-video-preview:-1"},"canonical":"https:\/\/algarve7.pt\/index.php\/2021\/05\/municipio-de-sao-bras-de-alportel-celebra-107-anos-com-a-inauguracao-de-novo-terminal-e-uma-viagem-que-e-um-espetaculo\/atualidade\/17\/29\/","og_locale":"pt_PT","og_type":"article","og_title":"Munic\u00edpio de S\u00e3o Br\u00e1s de Alportel celebra 107 anos com a Inaugura\u00e7\u00e3o de Novo Terminal e uma viagem que \u00e9 um espet\u00e1culo - Algarve 7","og_description":"Munic\u00edpio de S\u00e3o Br\u00e1s de Alportel celebra 107 anos com a Inaugura\u00e7\u00e3o de Novo Terminal e uma viagem que \u00e9 um espet\u00e1culo Atualidade","og_url":"https:\/\/algarve7.pt\/index.php\/2021\/05\/municipio-de-sao-bras-de-alportel-celebra-107-anos-com-a-inauguracao-de-novo-terminal-e-uma-viagem-que-e-um-espetaculo\/atualidade\/17\/29\/","og_site_name":"Algarve 7","article_publisher":"https:\/\/www.facebook.com\/algarve7","article_author":"https:\/\/www.facebook.com\/algarve7","article_published_time":"2021-05-31T16:29:04+00:00","article_modified_time":"2021-05-31T16:29:08+00:00","og_image":[{"width":1920,"height":1080,"url":"https:\/\/algarve7.pt\/wp-content\/uploads\/2021\/05\/quarteirao-fontemaria3-1.jpeg","type":"image\/jpeg"}],"author":"Algarve 7","twitter_card":"summary_large_image","twitter_creator":"@Algarvesete","twitter_site":"@Algarvesete","twitter_misc":{"Escrito por":"Algarve 7","Tempo estimado de leitura":"5 minutos"},"schema":{"@context":"https:\/\/schema.org","@graph":[{"@type":"Article","@id":"https:\/\/algarve7.pt\/index.php\/2021\/05\/municipio-de-sao-bras-de-alportel-celebra-107-anos-com-a-inauguracao-de-novo-terminal-e-uma-viagem-que-e-um-espetaculo\/atualidade\/17\/29\/#article","isPartOf":{"@id":"https:\/\/algarve7.pt\/index.php\/2021\/05\/municipio-de-sao-bras-de-alportel-celebra-107-anos-com-a-inauguracao-de-novo-terminal-e-uma-viagem-que-e-um-espetaculo\/atualidade\/17\/29\/"},"author":{"name":"Algarve 7","@id":"https:\/\/algarve7.pt\/#\/schema\/person\/23fa70681308e7b319a3204bcea45e0c"},"headline":"Munic\u00edpio de S\u00e3o Br\u00e1s de Alportel celebra 107 anos com a Inaugura\u00e7\u00e3o de Novo Terminal e uma viagem que \u00e9 um espet\u00e1culo","datePublished":"2021-05-31T16:29:04+00:00","dateModified":"2021-05-31T16:29:08+00:00","mainEntityOfPage":{"@id":"https:\/\/algarve7.pt\/index.php\/2021\/05\/municipio-de-sao-bras-de-alportel-celebra-107-anos-com-a-inauguracao-de-novo-terminal-e-uma-viagem-que-e-um-espetaculo\/atualidade\/17\/29\/"},"wordCount":1126,"publisher":{"@id":"https:\/\/algarve7.pt\/#organization"},"image":{"@id":"https:\/\/algarve7.pt\/index.php\/2021\/05\/municipio-de-sao-bras-de-alportel-celebra-107-anos-com-a-inauguracao-de-novo-terminal-e-uma-viagem-que-e-um-espetaculo\/atualidade\/17\/29\/#primaryimage"},"thumbnailUrl":"https:\/\/algarve7.pt\/wp-content\/uploads\/2021\/05\/quarteirao-fontemaria3-1.jpeg","keywords":["Algarve","Atualidade","Inaugura\u00e7\u00e3o","S\u00e3o Br\u00e1s de Alportel"],"articleSection":["Atualidade"],"inLanguage":"pt-PT"},{"@type":"WebPage","@id":"https:\/\/algarve7.pt\/index.php\/2021\/05\/municipio-de-sao-bras-de-alportel-celebra-107-anos-com-a-inauguracao-de-novo-terminal-e-uma-viagem-que-e-um-espetaculo\/atualidade\/17\/29\/","url":"https:\/\/algarve7.pt\/index.php\/2021\/05\/municipio-de-sao-bras-de-alportel-celebra-107-anos-com-a-inauguracao-de-novo-terminal-e-uma-viagem-que-e-um-espetaculo\/atualidade\/17\/29\/","name":"Munic\u00edpio de S\u00e3o Br\u00e1s de Alportel celebra 107 anos com a Inaugura\u00e7\u00e3o de Novo Terminal e uma viagem que \u00e9 um espet\u00e1culo - Algarve 7","isPartOf":{"@id":"https:\/\/algarve7.pt\/#website"},"primaryImageOfPage":{"@id":"https:\/\/algarve7.pt\/index.php\/2021\/05\/municipio-de-sao-bras-de-alportel-celebra-107-anos-com-a-inauguracao-de-novo-terminal-e-uma-viagem-que-e-um-espetaculo\/atualidade\/17\/29\/#primaryimage"},"image":{"@id":"https:\/\/algarve7.pt\/index.php\/2021\/05\/municipio-de-sao-bras-de-alportel-celebra-107-anos-com-a-inauguracao-de-novo-terminal-e-uma-viagem-que-e-um-espetaculo\/atualidade\/17\/29\/#primaryimage"},"thumbnailUrl":"https:\/\/algarve7.pt\/wp-content\/uploads\/2021\/05\/quarteirao-fontemaria3-1.jpeg","datePublished":"2021-05-31T16:29:04+00:00","dateModified":"2021-05-31T16:29:08+00:00","description":"Munic\u00edpio de S\u00e3o Br\u00e1s de Alportel celebra 107 anos com a Inaugura\u00e7\u00e3o de Novo Terminal e uma viagem que \u00e9 um espet\u00e1culo Atualidade","breadcrumb":{"@id":"https:\/\/algarve7.pt\/index.php\/2021\/05\/municipio-de-sao-bras-de-alportel-celebra-107-anos-com-a-inauguracao-de-novo-terminal-e-uma-viagem-que-e-um-espetaculo\/atualidade\/17\/29\/#breadcrumb"},"inLanguage":"pt-PT","potentialAction":[{"@type":"ReadAction","target":["https:\/\/algarve7.pt\/index.php\/2021\/05\/municipio-de-sao-bras-de-alportel-celebra-107-anos-com-a-inauguracao-de-novo-terminal-e-uma-viagem-que-e-um-espetaculo\/atualidade\/17\/29\/"]}]},{"@type":"ImageObject","inLanguage":"pt-PT","@id":"https:\/\/algarve7.pt\/index.php\/2021\/05\/municipio-de-sao-bras-de-alportel-celebra-107-anos-com-a-inauguracao-de-novo-terminal-e-uma-viagem-que-e-um-espetaculo\/atualidade\/17\/29\/#primaryimage","url":"https:\/\/algarve7.pt\/wp-content\/uploads\/2021\/05\/quarteirao-fontemaria3-1.jpeg","contentUrl":"https:\/\/algarve7.pt\/wp-content\/uploads\/2021\/05\/quarteirao-fontemaria3-1.jpeg","width":1920,"height":1080},{"@type":"BreadcrumbList","@id":"https:\/\/algarve7.pt\/index.php\/2021\/05\/municipio-de-sao-bras-de-alportel-celebra-107-anos-com-a-inauguracao-de-novo-terminal-e-uma-viagem-que-e-um-espetaculo\/atualidade\/17\/29\/#breadcrumb","itemListElement":[{"@type":"ListItem","position":1,"name":"In\u00edcio","item":"https:\/\/algarve7.pt\/"},{"@type":"ListItem","position":2,"name":"Munic\u00edpio de S\u00e3o Br\u00e1s de Alportel celebra 107 anos com a Inaugura\u00e7\u00e3o de Novo Terminal e uma viagem que \u00e9 um espet\u00e1culo"}]},{"@type":"WebSite","@id":"https:\/\/algarve7.pt\/#website","url":"https:\/\/algarve7.pt\/","name":"Algarve 7","description":"Informa\u00e7\u00e3o sobre o Algarve","publisher":{"@id":"https:\/\/algarve7.pt\/#organization"},"potentialAction":[{"@type":"SearchAction","target":{"@type":"EntryPoint","urlTemplate":"https:\/\/algarve7.pt\/?s={search_term_string}"},"query-input":{"@type":"PropertyValueSpecification","valueRequired":true,"valueName":"search_term_string"}}],"inLanguage":"pt-PT"},{"@type":"Organization","@id":"https:\/\/algarve7.pt\/#organization","name":"Algarve 7","url":"https:\/\/algarve7.pt\/","logo":{"@type":"ImageObject","inLanguage":"pt-PT","@id":"https:\/\/algarve7.pt\/#\/schema\/logo\/image\/","url":"https:\/\/algarve7.pt\/wp-content\/uploads\/2020\/10\/Logo-8.jpg","contentUrl":"https:\/\/algarve7.pt\/wp-content\/uploads\/2020\/10\/Logo-8.jpg","width":1680,"height":1186,"caption":"Algarve 7"},"image":{"@id":"https:\/\/algarve7.pt\/#\/schema\/logo\/image\/"},"sameAs":["https:\/\/www.facebook.com\/algarve7","https:\/\/x.com\/Algarvesete","https:\/\/www.instagram.com\/jornalalgarve7\/","https:\/\/www.linkedin.com\/company\/algarve7","https:\/\/www.pinterest.pt\/geral0939\/_created\/"]},{"@type":"Person","@id":"https:\/\/algarve7.pt\/#\/schema\/person\/23fa70681308e7b319a3204bcea45e0c","name":"Algarve 7","sameAs":["https:\/\/algarve7.pt","https:\/\/www.facebook.com\/algarve7"],"url":"https:\/\/algarve7.pt\/index.php\/author\/geralalgarve7-pt\/"}]}},"jetpack_publicize_connections":[],"jetpack_featured_media_url":"https:\/\/algarve7.pt\/wp-content\/uploads\/2021\/05\/quarteirao-fontemaria3-1.jpeg","jetpack_shortlink":"https:\/\/wp.me\/pcezmW-2k7","jetpack_sharing_enabled":true,"_links":{"self":[{"href":"https:\/\/algarve7.pt\/index.php\/wp-json\/wp\/v2\/posts\/8935","targetHints":{"allow":["GET"]}}],"collection":[{"href":"https:\/\/algarve7.pt\/index.php\/wp-json\/wp\/v2\/posts"}],"about":[{"href":"https:\/\/algarve7.pt\/index.php\/wp-json\/wp\/v2\/types\/post"}],"author":[{"embeddable":true,"href":"https:\/\/algarve7.pt\/index.php\/wp-json\/wp\/v2\/users\/1"}],"replies":[{"embeddable":true,"href":"https:\/\/algarve7.pt\/index.php\/wp-json\/wp\/v2\/comments?post=8935"}],"version-history":[{"count":0,"href":"https:\/\/algarve7.pt\/index.php\/wp-json\/wp\/v2\/posts\/8935\/revisions"}],"wp:featuredmedia":[{"embeddable":true,"href":"https:\/\/algarve7.pt\/index.php\/wp-json\/wp\/v2\/media\/8936"}],"wp:attachment":[{"href":"https:\/\/algarve7.pt\/index.php\/wp-json\/wp\/v2\/media?parent=8935"}],"wp:term":[{"taxonomy":"category","embeddable":true,"href":"https:\/\/algarve7.pt\/index.php\/wp-json\/wp\/v2\/categories?post=8935"},{"taxonomy":"post_tag","embeddable":true,"href":"https:\/\/algarve7.pt\/index.php\/wp-json\/wp\/v2\/tags?post=8935"}],"curies":[{"name":"wp","href":"https:\/\/api.w.org\/{rel}","templated":true}]}}