{"id":8889,"date":"2021-05-29T13:35:44","date_gmt":"2021-05-29T12:35:44","guid":{"rendered":"https:\/\/algarve7.pt\/?p=8889"},"modified":"2021-05-29T13:35:48","modified_gmt":"2021-05-29T12:35:48","slug":"olhao-homenageia-homens-do-mar-no-dia-do-pescador","status":"publish","type":"post","link":"https:\/\/algarve7.pt\/index.php\/2021\/05\/olhao-homenageia-homens-do-mar-no-dia-do-pescador\/atualidade\/13\/35\/","title":{"rendered":"Olh\u00e3o homenageia homens do mar no Dia do Pescador"},"content":{"rendered":"\n<p>O Dia do Pescador, que o Munic\u00edpio de Olh\u00e3o volta a comemorar na pr\u00f3xima segunda feira, 31 de maio, voltar\u00e1 a servir de mote \u00e0 autarquia para homenagear os olhanenses que fazem da pesca o seu modo de vida, num concelho que est\u00e1 intimamente ligado hist\u00f3rica e economicamente ao mar.<\/p>\n\n\n\n<p>As comemora\u00e7\u00f5es oficiais t\u00eam in\u00edcio dois dias antes, no s\u00e1bado, 29 de maio, pelas 15h00, no Audit\u00f3rio Municipal, onde decorre uma sess\u00e3o subordinada \u00e0s altera\u00e7\u00f5es clim\u00e1ticas e \u00e0 pesca em Portugal.<\/p>\n\n\n\n<p>S\u00e3o convidados Martim Granje, especialista em altera\u00e7\u00f5es clim\u00e1ticas e energia, e Francisco Leit\u00e3o, investigador no Centro de Ci\u00eancias do Mar da Universidade do Algarve, que conversar\u00e3o sobre&nbsp;<em>O Mural do Clima: as mudan\u00e7as do clima e o seu efeito no planeta<\/em>&nbsp;e&nbsp;<em>As Altera\u00e7\u00f5es Clim\u00e1ticas e a Pesca em Portugal<\/em>, respetivamente.<\/p>\n\n\n\n<p>A sess\u00e3o encontra-se aberta ao p\u00fablico, estando a assist\u00eancia limitada \u00e0 lota\u00e7\u00e3o da sala, de acordo com as normas da DGS.<\/p>\n\n\n\n<p>No dia 31 de maio, Dia Nacional do Pescador, as comemora\u00e7\u00f5es t\u00eam o seu ponto alto \u00e0s 16h00, novamente no Audit\u00f3rio Municipal, com a tradicional cerim\u00f3nia de entrega de distin\u00e7\u00f5es aos profissionais do setor das pescas e aquacultura.<\/p>\n\n\n\n<p>As celebra\u00e7\u00f5es do Dia do Pescador em Olh\u00e3o terminam \u00e0s 17h30, com uma visita \u00e0 nova lota da Fuseta.<\/p>\n\n\n\n<div class=\"wp-block-image\"><figure class=\"aligncenter size-large is-resized\"><img loading=\"lazy\" decoding=\"async\" src=\"https:\/\/algarve7.pt\/wp-content\/uploads\/2021\/05\/2021-047-dia-do-pescador-olhao-2021-02-724x1024.jpg\" alt=\"\" class=\"wp-image-8890\" width=\"521\" height=\"737\" srcset=\"https:\/\/algarve7.pt\/wp-content\/uploads\/2021\/05\/2021-047-dia-do-pescador-olhao-2021-02-724x1024.jpg 724w, https:\/\/algarve7.pt\/wp-content\/uploads\/2021\/05\/2021-047-dia-do-pescador-olhao-2021-02-212x300.jpg 212w, https:\/\/algarve7.pt\/wp-content\/uploads\/2021\/05\/2021-047-dia-do-pescador-olhao-2021-02-768x1086.jpg 768w, https:\/\/algarve7.pt\/wp-content\/uploads\/2021\/05\/2021-047-dia-do-pescador-olhao-2021-02-1086x1536.jpg 1086w, https:\/\/algarve7.pt\/wp-content\/uploads\/2021\/05\/2021-047-dia-do-pescador-olhao-2021-02.jpg 1358w\" sizes=\"auto, (max-width: 521px) 100vw, 521px\" \/><\/figure><\/div>\n","protected":false},"excerpt":{"rendered":"<p>O Dia do Pescador, que o Munic\u00edpio de Olh\u00e3o volta a comemorar na pr\u00f3xima segunda feira, 31 de maio, voltar\u00e1<\/p>\n","protected":false},"author":1,"featured_media":8891,"comment_status":"closed","ping_status":"open","sticky":false,"template":"","format":"standard","meta":{"colormag_page_container_layout":"default_layout","colormag_page_sidebar_layout":"default_layout","_monsterinsights_skip_tracking":false,"_monsterinsights_sitenote_active":false,"_monsterinsights_sitenote_note":"","_monsterinsights_sitenote_category":0,"jetpack_post_was_ever_published":false,"_jetpack_newsletter_access":"","_jetpack_dont_email_post_to_subs":false,"_jetpack_newsletter_tier_id":0,"_jetpack_memberships_contains_paywalled_content":false,"_jetpack_memberships_contains_paid_content":false,"footnotes":"","jetpack_publicize_message":"","jetpack_publicize_feature_enabled":true,"jetpack_social_post_already_shared":true,"jetpack_social_options":{"image_generator_settings":{"template":"highway","default_image_id":0,"font":"","enabled":false},"version":2}},"categories":[11],"tags":[62,37],"class_list":["post-8889","post","type-post","status-publish","format-standard","has-post-thumbnail","hentry","category-atualidade","tag-atualidade","tag-olhao"],"yoast_head":"<!-- This site is optimized with the Yoast SEO plugin v27.5 - https:\/\/yoast.com\/product\/yoast-seo-wordpress\/ -->\n<title>Olh\u00e3o homenageia homens do mar no Dia do Pescador - Algarve 7<\/title>\n<meta name=\"description\" content=\"Olh\u00e3o homenageia homens do mar no Dia do Pescador Atualidade\" \/>\n<meta name=\"robots\" content=\"index, follow, max-snippet:-1, max-image-preview:large, max-video-preview:-1\" \/>\n<link rel=\"canonical\" href=\"https:\/\/algarve7.pt\/index.php\/2021\/05\/olhao-homenageia-homens-do-mar-no-dia-do-pescador\/atualidade\/13\/35\/\" \/>\n<meta property=\"og:locale\" content=\"pt_PT\" \/>\n<meta property=\"og:type\" content=\"article\" \/>\n<meta property=\"og:title\" content=\"Olh\u00e3o homenageia homens do mar no Dia do Pescador - Algarve 7\" \/>\n<meta property=\"og:description\" content=\"Olh\u00e3o homenageia homens do mar no Dia do Pescador Atualidade\" \/>\n<meta property=\"og:url\" content=\"https:\/\/algarve7.pt\/index.php\/2021\/05\/olhao-homenageia-homens-do-mar-no-dia-do-pescador\/atualidade\/13\/35\/\" \/>\n<meta property=\"og:site_name\" content=\"Algarve 7\" \/>\n<meta property=\"article:publisher\" content=\"https:\/\/www.facebook.com\/algarve7\" \/>\n<meta property=\"article:author\" content=\"https:\/\/www.facebook.com\/algarve7\" \/>\n<meta property=\"article:published_time\" content=\"2021-05-29T12:35:44+00:00\" \/>\n<meta property=\"article:modified_time\" content=\"2021-05-29T12:35:48+00:00\" \/>\n<meta property=\"og:image\" content=\"https:\/\/algarve7.pt\/wp-content\/uploads\/2021\/05\/Captura-de-ecra-2021-05-29-as-13.32.48-e1622291697753.png\" \/>\n\t<meta property=\"og:image:width\" content=\"1718\" \/>\n\t<meta property=\"og:image:height\" content=\"828\" \/>\n\t<meta property=\"og:image:type\" content=\"image\/png\" \/>\n<meta name=\"author\" content=\"Algarve 7\" \/>\n<meta name=\"twitter:card\" content=\"summary_large_image\" \/>\n<meta name=\"twitter:creator\" content=\"@Algarvesete\" \/>\n<meta name=\"twitter:site\" content=\"@Algarvesete\" \/>\n<meta name=\"twitter:label1\" content=\"Escrito por\" \/>\n\t<meta name=\"twitter:data1\" content=\"Algarve 7\" \/>\n\t<meta name=\"twitter:label2\" content=\"Tempo estimado de leitura\" \/>\n\t<meta name=\"twitter:data2\" content=\"2 minutos\" \/>\n<script type=\"application\/ld+json\" class=\"yoast-schema-graph\">{\"@context\":\"https:\\\/\\\/schema.org\",\"@graph\":[{\"@type\":\"Article\",\"@id\":\"https:\\\/\\\/algarve7.pt\\\/index.php\\\/2021\\\/05\\\/olhao-homenageia-homens-do-mar-no-dia-do-pescador\\\/atualidade\\\/13\\\/35\\\/#article\",\"isPartOf\":{\"@id\":\"https:\\\/\\\/algarve7.pt\\\/index.php\\\/2021\\\/05\\\/olhao-homenageia-homens-do-mar-no-dia-do-pescador\\\/atualidade\\\/13\\\/35\\\/\"},\"author\":{\"name\":\"Algarve 7\",\"@id\":\"https:\\\/\\\/algarve7.pt\\\/#\\\/schema\\\/person\\\/23fa70681308e7b319a3204bcea45e0c\"},\"headline\":\"Olh\u00e3o homenageia homens do mar no Dia do Pescador\",\"datePublished\":\"2021-05-29T12:35:44+00:00\",\"dateModified\":\"2021-05-29T12:35:48+00:00\",\"mainEntityOfPage\":{\"@id\":\"https:\\\/\\\/algarve7.pt\\\/index.php\\\/2021\\\/05\\\/olhao-homenageia-homens-do-mar-no-dia-do-pescador\\\/atualidade\\\/13\\\/35\\\/\"},\"wordCount\":248,\"publisher\":{\"@id\":\"https:\\\/\\\/algarve7.pt\\\/#organization\"},\"image\":{\"@id\":\"https:\\\/\\\/algarve7.pt\\\/index.php\\\/2021\\\/05\\\/olhao-homenageia-homens-do-mar-no-dia-do-pescador\\\/atualidade\\\/13\\\/35\\\/#primaryimage\"},\"thumbnailUrl\":\"https:\\\/\\\/algarve7.pt\\\/wp-content\\\/uploads\\\/2021\\\/05\\\/Captura-de-ecra-2021-05-29-as-13.32.48-e1622291697753.png\",\"keywords\":[\"Atualidade\",\"Olh\u00e3o\"],\"articleSection\":[\"Atualidade\"],\"inLanguage\":\"pt-PT\"},{\"@type\":\"WebPage\",\"@id\":\"https:\\\/\\\/algarve7.pt\\\/index.php\\\/2021\\\/05\\\/olhao-homenageia-homens-do-mar-no-dia-do-pescador\\\/atualidade\\\/13\\\/35\\\/\",\"url\":\"https:\\\/\\\/algarve7.pt\\\/index.php\\\/2021\\\/05\\\/olhao-homenageia-homens-do-mar-no-dia-do-pescador\\\/atualidade\\\/13\\\/35\\\/\",\"name\":\"Olh\u00e3o homenageia homens do mar no Dia do Pescador - Algarve 7\",\"isPartOf\":{\"@id\":\"https:\\\/\\\/algarve7.pt\\\/#website\"},\"primaryImageOfPage\":{\"@id\":\"https:\\\/\\\/algarve7.pt\\\/index.php\\\/2021\\\/05\\\/olhao-homenageia-homens-do-mar-no-dia-do-pescador\\\/atualidade\\\/13\\\/35\\\/#primaryimage\"},\"image\":{\"@id\":\"https:\\\/\\\/algarve7.pt\\\/index.php\\\/2021\\\/05\\\/olhao-homenageia-homens-do-mar-no-dia-do-pescador\\\/atualidade\\\/13\\\/35\\\/#primaryimage\"},\"thumbnailUrl\":\"https:\\\/\\\/algarve7.pt\\\/wp-content\\\/uploads\\\/2021\\\/05\\\/Captura-de-ecra-2021-05-29-as-13.32.48-e1622291697753.png\",\"datePublished\":\"2021-05-29T12:35:44+00:00\",\"dateModified\":\"2021-05-29T12:35:48+00:00\",\"description\":\"Olh\u00e3o homenageia homens do mar no Dia do Pescador Atualidade\",\"breadcrumb\":{\"@id\":\"https:\\\/\\\/algarve7.pt\\\/index.php\\\/2021\\\/05\\\/olhao-homenageia-homens-do-mar-no-dia-do-pescador\\\/atualidade\\\/13\\\/35\\\/#breadcrumb\"},\"inLanguage\":\"pt-PT\",\"potentialAction\":[{\"@type\":\"ReadAction\",\"target\":[\"https:\\\/\\\/algarve7.pt\\\/index.php\\\/2021\\\/05\\\/olhao-homenageia-homens-do-mar-no-dia-do-pescador\\\/atualidade\\\/13\\\/35\\\/\"]}]},{\"@type\":\"ImageObject\",\"inLanguage\":\"pt-PT\",\"@id\":\"https:\\\/\\\/algarve7.pt\\\/index.php\\\/2021\\\/05\\\/olhao-homenageia-homens-do-mar-no-dia-do-pescador\\\/atualidade\\\/13\\\/35\\\/#primaryimage\",\"url\":\"https:\\\/\\\/algarve7.pt\\\/wp-content\\\/uploads\\\/2021\\\/05\\\/Captura-de-ecra-2021-05-29-as-13.32.48-e1622291697753.png\",\"contentUrl\":\"https:\\\/\\\/algarve7.pt\\\/wp-content\\\/uploads\\\/2021\\\/05\\\/Captura-de-ecra-2021-05-29-as-13.32.48-e1622291697753.png\",\"width\":1718,\"height\":828},{\"@type\":\"BreadcrumbList\",\"@id\":\"https:\\\/\\\/algarve7.pt\\\/index.php\\\/2021\\\/05\\\/olhao-homenageia-homens-do-mar-no-dia-do-pescador\\\/atualidade\\\/13\\\/35\\\/#breadcrumb\",\"itemListElement\":[{\"@type\":\"ListItem\",\"position\":1,\"name\":\"In\u00edcio\",\"item\":\"https:\\\/\\\/algarve7.pt\\\/\"},{\"@type\":\"ListItem\",\"position\":2,\"name\":\"Olh\u00e3o homenageia homens do mar no Dia do Pescador\"}]},{\"@type\":\"WebSite\",\"@id\":\"https:\\\/\\\/algarve7.pt\\\/#website\",\"url\":\"https:\\\/\\\/algarve7.pt\\\/\",\"name\":\"Algarve 7\",\"description\":\"Informa\u00e7\u00e3o sobre o Algarve\",\"publisher\":{\"@id\":\"https:\\\/\\\/algarve7.pt\\\/#organization\"},\"potentialAction\":[{\"@type\":\"SearchAction\",\"target\":{\"@type\":\"EntryPoint\",\"urlTemplate\":\"https:\\\/\\\/algarve7.pt\\\/?s={search_term_string}\"},\"query-input\":{\"@type\":\"PropertyValueSpecification\",\"valueRequired\":true,\"valueName\":\"search_term_string\"}}],\"inLanguage\":\"pt-PT\"},{\"@type\":\"Organization\",\"@id\":\"https:\\\/\\\/algarve7.pt\\\/#organization\",\"name\":\"Algarve 7\",\"url\":\"https:\\\/\\\/algarve7.pt\\\/\",\"logo\":{\"@type\":\"ImageObject\",\"inLanguage\":\"pt-PT\",\"@id\":\"https:\\\/\\\/algarve7.pt\\\/#\\\/schema\\\/logo\\\/image\\\/\",\"url\":\"https:\\\/\\\/algarve7.pt\\\/wp-content\\\/uploads\\\/2020\\\/10\\\/Logo-8.jpg\",\"contentUrl\":\"https:\\\/\\\/algarve7.pt\\\/wp-content\\\/uploads\\\/2020\\\/10\\\/Logo-8.jpg\",\"width\":1680,\"height\":1186,\"caption\":\"Algarve 7\"},\"image\":{\"@id\":\"https:\\\/\\\/algarve7.pt\\\/#\\\/schema\\\/logo\\\/image\\\/\"},\"sameAs\":[\"https:\\\/\\\/www.facebook.com\\\/algarve7\",\"https:\\\/\\\/x.com\\\/Algarvesete\",\"https:\\\/\\\/www.instagram.com\\\/jornalalgarve7\\\/\",\"https:\\\/\\\/www.linkedin.com\\\/company\\\/algarve7\",\"https:\\\/\\\/www.pinterest.pt\\\/geral0939\\\/_created\\\/\"]},{\"@type\":\"Person\",\"@id\":\"https:\\\/\\\/algarve7.pt\\\/#\\\/schema\\\/person\\\/23fa70681308e7b319a3204bcea45e0c\",\"name\":\"Algarve 7\",\"sameAs\":[\"https:\\\/\\\/algarve7.pt\",\"https:\\\/\\\/www.facebook.com\\\/algarve7\"],\"url\":\"https:\\\/\\\/algarve7.pt\\\/index.php\\\/author\\\/geralalgarve7-pt\\\/\"}]}<\/script>\n<!-- \/ Yoast SEO plugin. -->","yoast_head_json":{"title":"Olh\u00e3o homenageia homens do mar no Dia do Pescador - Algarve 7","description":"Olh\u00e3o homenageia homens do mar no Dia do Pescador Atualidade","robots":{"index":"index","follow":"follow","max-snippet":"max-snippet:-1","max-image-preview":"max-image-preview:large","max-video-preview":"max-video-preview:-1"},"canonical":"https:\/\/algarve7.pt\/index.php\/2021\/05\/olhao-homenageia-homens-do-mar-no-dia-do-pescador\/atualidade\/13\/35\/","og_locale":"pt_PT","og_type":"article","og_title":"Olh\u00e3o homenageia homens do mar no Dia do Pescador - Algarve 7","og_description":"Olh\u00e3o homenageia homens do mar no Dia do Pescador Atualidade","og_url":"https:\/\/algarve7.pt\/index.php\/2021\/05\/olhao-homenageia-homens-do-mar-no-dia-do-pescador\/atualidade\/13\/35\/","og_site_name":"Algarve 7","article_publisher":"https:\/\/www.facebook.com\/algarve7","article_author":"https:\/\/www.facebook.com\/algarve7","article_published_time":"2021-05-29T12:35:44+00:00","article_modified_time":"2021-05-29T12:35:48+00:00","og_image":[{"width":1718,"height":828,"url":"https:\/\/algarve7.pt\/wp-content\/uploads\/2021\/05\/Captura-de-ecra-2021-05-29-as-13.32.48-e1622291697753.png","type":"image\/png"}],"author":"Algarve 7","twitter_card":"summary_large_image","twitter_creator":"@Algarvesete","twitter_site":"@Algarvesete","twitter_misc":{"Escrito por":"Algarve 7","Tempo estimado de leitura":"2 minutos"},"schema":{"@context":"https:\/\/schema.org","@graph":[{"@type":"Article","@id":"https:\/\/algarve7.pt\/index.php\/2021\/05\/olhao-homenageia-homens-do-mar-no-dia-do-pescador\/atualidade\/13\/35\/#article","isPartOf":{"@id":"https:\/\/algarve7.pt\/index.php\/2021\/05\/olhao-homenageia-homens-do-mar-no-dia-do-pescador\/atualidade\/13\/35\/"},"author":{"name":"Algarve 7","@id":"https:\/\/algarve7.pt\/#\/schema\/person\/23fa70681308e7b319a3204bcea45e0c"},"headline":"Olh\u00e3o homenageia homens do mar no Dia do Pescador","datePublished":"2021-05-29T12:35:44+00:00","dateModified":"2021-05-29T12:35:48+00:00","mainEntityOfPage":{"@id":"https:\/\/algarve7.pt\/index.php\/2021\/05\/olhao-homenageia-homens-do-mar-no-dia-do-pescador\/atualidade\/13\/35\/"},"wordCount":248,"publisher":{"@id":"https:\/\/algarve7.pt\/#organization"},"image":{"@id":"https:\/\/algarve7.pt\/index.php\/2021\/05\/olhao-homenageia-homens-do-mar-no-dia-do-pescador\/atualidade\/13\/35\/#primaryimage"},"thumbnailUrl":"https:\/\/algarve7.pt\/wp-content\/uploads\/2021\/05\/Captura-de-ecra-2021-05-29-as-13.32.48-e1622291697753.png","keywords":["Atualidade","Olh\u00e3o"],"articleSection":["Atualidade"],"inLanguage":"pt-PT"},{"@type":"WebPage","@id":"https:\/\/algarve7.pt\/index.php\/2021\/05\/olhao-homenageia-homens-do-mar-no-dia-do-pescador\/atualidade\/13\/35\/","url":"https:\/\/algarve7.pt\/index.php\/2021\/05\/olhao-homenageia-homens-do-mar-no-dia-do-pescador\/atualidade\/13\/35\/","name":"Olh\u00e3o homenageia homens do mar no Dia do Pescador - Algarve 7","isPartOf":{"@id":"https:\/\/algarve7.pt\/#website"},"primaryImageOfPage":{"@id":"https:\/\/algarve7.pt\/index.php\/2021\/05\/olhao-homenageia-homens-do-mar-no-dia-do-pescador\/atualidade\/13\/35\/#primaryimage"},"image":{"@id":"https:\/\/algarve7.pt\/index.php\/2021\/05\/olhao-homenageia-homens-do-mar-no-dia-do-pescador\/atualidade\/13\/35\/#primaryimage"},"thumbnailUrl":"https:\/\/algarve7.pt\/wp-content\/uploads\/2021\/05\/Captura-de-ecra-2021-05-29-as-13.32.48-e1622291697753.png","datePublished":"2021-05-29T12:35:44+00:00","dateModified":"2021-05-29T12:35:48+00:00","description":"Olh\u00e3o homenageia homens do mar no Dia do Pescador Atualidade","breadcrumb":{"@id":"https:\/\/algarve7.pt\/index.php\/2021\/05\/olhao-homenageia-homens-do-mar-no-dia-do-pescador\/atualidade\/13\/35\/#breadcrumb"},"inLanguage":"pt-PT","potentialAction":[{"@type":"ReadAction","target":["https:\/\/algarve7.pt\/index.php\/2021\/05\/olhao-homenageia-homens-do-mar-no-dia-do-pescador\/atualidade\/13\/35\/"]}]},{"@type":"ImageObject","inLanguage":"pt-PT","@id":"https:\/\/algarve7.pt\/index.php\/2021\/05\/olhao-homenageia-homens-do-mar-no-dia-do-pescador\/atualidade\/13\/35\/#primaryimage","url":"https:\/\/algarve7.pt\/wp-content\/uploads\/2021\/05\/Captura-de-ecra-2021-05-29-as-13.32.48-e1622291697753.png","contentUrl":"https:\/\/algarve7.pt\/wp-content\/uploads\/2021\/05\/Captura-de-ecra-2021-05-29-as-13.32.48-e1622291697753.png","width":1718,"height":828},{"@type":"BreadcrumbList","@id":"https:\/\/algarve7.pt\/index.php\/2021\/05\/olhao-homenageia-homens-do-mar-no-dia-do-pescador\/atualidade\/13\/35\/#breadcrumb","itemListElement":[{"@type":"ListItem","position":1,"name":"In\u00edcio","item":"https:\/\/algarve7.pt\/"},{"@type":"ListItem","position":2,"name":"Olh\u00e3o homenageia homens do mar no Dia do Pescador"}]},{"@type":"WebSite","@id":"https:\/\/algarve7.pt\/#website","url":"https:\/\/algarve7.pt\/","name":"Algarve 7","description":"Informa\u00e7\u00e3o sobre o Algarve","publisher":{"@id":"https:\/\/algarve7.pt\/#organization"},"potentialAction":[{"@type":"SearchAction","target":{"@type":"EntryPoint","urlTemplate":"https:\/\/algarve7.pt\/?s={search_term_string}"},"query-input":{"@type":"PropertyValueSpecification","valueRequired":true,"valueName":"search_term_string"}}],"inLanguage":"pt-PT"},{"@type":"Organization","@id":"https:\/\/algarve7.pt\/#organization","name":"Algarve 7","url":"https:\/\/algarve7.pt\/","logo":{"@type":"ImageObject","inLanguage":"pt-PT","@id":"https:\/\/algarve7.pt\/#\/schema\/logo\/image\/","url":"https:\/\/algarve7.pt\/wp-content\/uploads\/2020\/10\/Logo-8.jpg","contentUrl":"https:\/\/algarve7.pt\/wp-content\/uploads\/2020\/10\/Logo-8.jpg","width":1680,"height":1186,"caption":"Algarve 7"},"image":{"@id":"https:\/\/algarve7.pt\/#\/schema\/logo\/image\/"},"sameAs":["https:\/\/www.facebook.com\/algarve7","https:\/\/x.com\/Algarvesete","https:\/\/www.instagram.com\/jornalalgarve7\/","https:\/\/www.linkedin.com\/company\/algarve7","https:\/\/www.pinterest.pt\/geral0939\/_created\/"]},{"@type":"Person","@id":"https:\/\/algarve7.pt\/#\/schema\/person\/23fa70681308e7b319a3204bcea45e0c","name":"Algarve 7","sameAs":["https:\/\/algarve7.pt","https:\/\/www.facebook.com\/algarve7"],"url":"https:\/\/algarve7.pt\/index.php\/author\/geralalgarve7-pt\/"}]}},"jetpack_publicize_connections":[],"jetpack_featured_media_url":"https:\/\/algarve7.pt\/wp-content\/uploads\/2021\/05\/Captura-de-ecra-2021-05-29-as-13.32.48-e1622291697753.png","jetpack_shortlink":"https:\/\/wp.me\/pcezmW-2jn","jetpack_sharing_enabled":true,"_links":{"self":[{"href":"https:\/\/algarve7.pt\/index.php\/wp-json\/wp\/v2\/posts\/8889","targetHints":{"allow":["GET"]}}],"collection":[{"href":"https:\/\/algarve7.pt\/index.php\/wp-json\/wp\/v2\/posts"}],"about":[{"href":"https:\/\/algarve7.pt\/index.php\/wp-json\/wp\/v2\/types\/post"}],"author":[{"embeddable":true,"href":"https:\/\/algarve7.pt\/index.php\/wp-json\/wp\/v2\/users\/1"}],"replies":[{"embeddable":true,"href":"https:\/\/algarve7.pt\/index.php\/wp-json\/wp\/v2\/comments?post=8889"}],"version-history":[{"count":0,"href":"https:\/\/algarve7.pt\/index.php\/wp-json\/wp\/v2\/posts\/8889\/revisions"}],"wp:featuredmedia":[{"embeddable":true,"href":"https:\/\/algarve7.pt\/index.php\/wp-json\/wp\/v2\/media\/8891"}],"wp:attachment":[{"href":"https:\/\/algarve7.pt\/index.php\/wp-json\/wp\/v2\/media?parent=8889"}],"wp:term":[{"taxonomy":"category","embeddable":true,"href":"https:\/\/algarve7.pt\/index.php\/wp-json\/wp\/v2\/categories?post=8889"},{"taxonomy":"post_tag","embeddable":true,"href":"https:\/\/algarve7.pt\/index.php\/wp-json\/wp\/v2\/tags?post=8889"}],"curies":[{"name":"wp","href":"https:\/\/api.w.org\/{rel}","templated":true}]}}