{"id":8863,"date":"2021-05-29T10:06:19","date_gmt":"2021-05-29T09:06:19","guid":{"rendered":"https:\/\/algarve7.pt\/?p=8863"},"modified":"2021-05-29T10:06:22","modified_gmt":"2021-05-29T09:06:22","slug":"a-inframoura-celebra-o-dia-mundial-do-ambiente-com-um-webinar-dedicado-a-este-tema","status":"publish","type":"post","link":"https:\/\/algarve7.pt\/index.php\/2021\/05\/a-inframoura-celebra-o-dia-mundial-do-ambiente-com-um-webinar-dedicado-a-este-tema\/ambiente\/10\/06\/","title":{"rendered":"A Inframoura celebra o dia mundial do ambiente com um webinar dedicado a este tema"},"content":{"rendered":"\n<p>A Inframoura promove no dia 5 de junho, um webinar sobre o tema Ambiente, que promete ser um momento de debate de ideias, um encontro com diferentes perspetivas, aprendizagens de novos conceitos, no fundo uma instiga\u00e7\u00e3o ao pensamento individual que se traduzir\u00e1 num coletivo mais consciente e critico.&nbsp;<\/p>\n\n\n\n<p>A Estrutura Ecol\u00f3gica da Cidade, o Ambiente e a Cidadania ser\u00e3o os temas \u00e2ncora desta conversa.&nbsp;<\/p>\n\n\n\n<p>Com in\u00edcio \u00e0s 15h00 e t\u00e9rmino \u00e0s 18h00, o webinar contar\u00e1 com t\u00e9cnicos especialistas dos diferentes quadrantes profissionais para um cruzar de olhares e um debate assertivo e critico sobre novas perspetivas, sobre variados temas como as infraestruturas verdes, os novos desafios das cidades, os impactos do ambiente na sa\u00fade publica, o papel da educa\u00e7\u00e3o nas cidades, entre outros cativantes temas do\u00a0<a href=\"https:\/\/noticias.inframoura.pt\/pt\/noticias\/1031\/webinar-a-5-de-junho---dia-mundial-do-ambiente.aspx\" target=\"_blank\" rel=\"noreferrer noopener\">programa<\/a>\u00a0.<\/p>\n\n\n\n<p>Marque na sua agenda dia 5 de junho, pelas 15h00, e\u00a0<a href=\"https:\/\/www.facebook.com\/events\/531097944733364\/?acontext=%7B%22ref%22%3A%2252%22%2C%22action_history%22%3A%22%5b%7B%5C%22surface%5C%22%3A%5C%22share_link%5C%22%2C%5C%22mechanism%5C%22%3A%5C%22share_link%5C%22%2C%5C%22extra_data%5C%22%3A%7B%5C%22invite_link_id%5C%22%3A822433001715700%7D%7D%5d%22%7D\" target=\"_blank\" rel=\"noreferrer noopener\">assista a este webinar<\/a>\u00a0em direto, que abordar\u00e1 tem\u00e1ticas do interesse da comunidade.\u00a0<\/p>\n\n\n\n<div class=\"wp-block-image\"><figure class=\"aligncenter size-large is-resized\"><img loading=\"lazy\" decoding=\"async\" src=\"https:\/\/algarve7.pt\/wp-content\/uploads\/2021\/05\/programa-webinar-dia-Mundial-do-Ambiente-724x1024.jpg\" alt=\"\" class=\"wp-image-8864\" width=\"459\" height=\"649\" srcset=\"https:\/\/algarve7.pt\/wp-content\/uploads\/2021\/05\/programa-webinar-dia-Mundial-do-Ambiente-724x1024.jpg 724w, https:\/\/algarve7.pt\/wp-content\/uploads\/2021\/05\/programa-webinar-dia-Mundial-do-Ambiente-212x300.jpg 212w, https:\/\/algarve7.pt\/wp-content\/uploads\/2021\/05\/programa-webinar-dia-Mundial-do-Ambiente-768x1087.jpg 768w, https:\/\/algarve7.pt\/wp-content\/uploads\/2021\/05\/programa-webinar-dia-Mundial-do-Ambiente-1086x1536.jpg 1086w, https:\/\/algarve7.pt\/wp-content\/uploads\/2021\/05\/programa-webinar-dia-Mundial-do-Ambiente.jpg 1357w\" sizes=\"auto, (max-width: 459px) 100vw, 459px\" \/><\/figure><\/div>\n","protected":false},"excerpt":{"rendered":"<p>A Inframoura promove no dia 5 de junho, um webinar sobre o tema Ambiente, que promete ser um momento de<\/p>\n","protected":false},"author":1,"featured_media":8865,"comment_status":"closed","ping_status":"open","sticky":false,"template":"","format":"standard","meta":{"colormag_page_container_layout":"default_layout","colormag_page_sidebar_layout":"default_layout","_monsterinsights_skip_tracking":false,"_monsterinsights_sitenote_active":false,"_monsterinsights_sitenote_note":"","_monsterinsights_sitenote_category":0,"jetpack_post_was_ever_published":false,"_jetpack_newsletter_access":"","_jetpack_dont_email_post_to_subs":false,"_jetpack_newsletter_tier_id":0,"_jetpack_memberships_contains_paywalled_content":false,"_jetpack_memberships_contains_paid_content":false,"footnotes":"","jetpack_publicize_message":"","jetpack_publicize_feature_enabled":true,"jetpack_social_post_already_shared":true,"jetpack_social_options":{"image_generator_settings":{"template":"highway","default_image_id":0,"font":"","enabled":false},"version":2}},"categories":[5],"tags":[36,32,159,121,175],"class_list":["post-8863","post","type-post","status-publish","format-standard","has-post-thumbnail","hentry","category-ambiente","tag-algarve","tag-ambiente","tag-inframoura","tag-vilamoura","tag-webinar"],"yoast_head":"<!-- This site is optimized with the Yoast SEO plugin v27.5 - https:\/\/yoast.com\/product\/yoast-seo-wordpress\/ -->\n<title>A Inframoura celebra o dia mundial do ambiente com um webinar dedicado a este tema - Algarve 7<\/title>\n<meta name=\"description\" content=\"A Inframoura celebra o dia mundial do ambiente com um webinar dedicado a este tema Ambiente\" \/>\n<meta name=\"robots\" content=\"index, follow, max-snippet:-1, max-image-preview:large, max-video-preview:-1\" \/>\n<link rel=\"canonical\" href=\"https:\/\/algarve7.pt\/index.php\/2021\/05\/a-inframoura-celebra-o-dia-mundial-do-ambiente-com-um-webinar-dedicado-a-este-tema\/ambiente\/10\/06\/\" \/>\n<meta property=\"og:locale\" content=\"pt_PT\" \/>\n<meta property=\"og:type\" content=\"article\" \/>\n<meta property=\"og:title\" content=\"A Inframoura celebra o dia mundial do ambiente com um webinar dedicado a este tema - Algarve 7\" \/>\n<meta property=\"og:description\" content=\"A Inframoura celebra o dia mundial do ambiente com um webinar dedicado a este tema Ambiente\" \/>\n<meta property=\"og:url\" content=\"https:\/\/algarve7.pt\/index.php\/2021\/05\/a-inframoura-celebra-o-dia-mundial-do-ambiente-com-um-webinar-dedicado-a-este-tema\/ambiente\/10\/06\/\" \/>\n<meta property=\"og:site_name\" content=\"Algarve 7\" \/>\n<meta property=\"article:publisher\" content=\"https:\/\/www.facebook.com\/algarve7\" \/>\n<meta property=\"article:author\" content=\"https:\/\/www.facebook.com\/algarve7\" \/>\n<meta property=\"article:published_time\" content=\"2021-05-29T09:06:19+00:00\" \/>\n<meta property=\"article:modified_time\" content=\"2021-05-29T09:06:22+00:00\" \/>\n<meta property=\"og:image\" content=\"https:\/\/algarve7.pt\/wp-content\/uploads\/2021\/05\/192203391_4365947790123672_2131315078074683859_n.jpg\" \/>\n\t<meta property=\"og:image:width\" content=\"905\" \/>\n\t<meta property=\"og:image:height\" content=\"738\" \/>\n\t<meta property=\"og:image:type\" content=\"image\/jpeg\" \/>\n<meta name=\"author\" content=\"Algarve 7\" \/>\n<meta name=\"twitter:card\" content=\"summary_large_image\" \/>\n<meta name=\"twitter:creator\" content=\"@Algarvesete\" \/>\n<meta name=\"twitter:site\" content=\"@Algarvesete\" \/>\n<meta name=\"twitter:label1\" content=\"Escrito por\" \/>\n\t<meta name=\"twitter:data1\" content=\"Algarve 7\" \/>\n\t<meta name=\"twitter:label2\" content=\"Tempo estimado de leitura\" \/>\n\t<meta name=\"twitter:data2\" content=\"1 minuto\" \/>\n<script type=\"application\/ld+json\" class=\"yoast-schema-graph\">{\"@context\":\"https:\\\/\\\/schema.org\",\"@graph\":[{\"@type\":\"Article\",\"@id\":\"https:\\\/\\\/algarve7.pt\\\/index.php\\\/2021\\\/05\\\/a-inframoura-celebra-o-dia-mundial-do-ambiente-com-um-webinar-dedicado-a-este-tema\\\/ambiente\\\/10\\\/06\\\/#article\",\"isPartOf\":{\"@id\":\"https:\\\/\\\/algarve7.pt\\\/index.php\\\/2021\\\/05\\\/a-inframoura-celebra-o-dia-mundial-do-ambiente-com-um-webinar-dedicado-a-este-tema\\\/ambiente\\\/10\\\/06\\\/\"},\"author\":{\"name\":\"Algarve 7\",\"@id\":\"https:\\\/\\\/algarve7.pt\\\/#\\\/schema\\\/person\\\/23fa70681308e7b319a3204bcea45e0c\"},\"headline\":\"A Inframoura celebra o dia mundial do ambiente com um webinar dedicado a este tema\",\"datePublished\":\"2021-05-29T09:06:19+00:00\",\"dateModified\":\"2021-05-29T09:06:22+00:00\",\"mainEntityOfPage\":{\"@id\":\"https:\\\/\\\/algarve7.pt\\\/index.php\\\/2021\\\/05\\\/a-inframoura-celebra-o-dia-mundial-do-ambiente-com-um-webinar-dedicado-a-este-tema\\\/ambiente\\\/10\\\/06\\\/\"},\"wordCount\":175,\"publisher\":{\"@id\":\"https:\\\/\\\/algarve7.pt\\\/#organization\"},\"image\":{\"@id\":\"https:\\\/\\\/algarve7.pt\\\/index.php\\\/2021\\\/05\\\/a-inframoura-celebra-o-dia-mundial-do-ambiente-com-um-webinar-dedicado-a-este-tema\\\/ambiente\\\/10\\\/06\\\/#primaryimage\"},\"thumbnailUrl\":\"https:\\\/\\\/algarve7.pt\\\/wp-content\\\/uploads\\\/2021\\\/05\\\/192203391_4365947790123672_2131315078074683859_n.jpg\",\"keywords\":[\"Algarve\",\"Ambiente\",\"Inframoura\",\"Vilamoura\",\"Webinar\"],\"articleSection\":[\"Ambiente\"],\"inLanguage\":\"pt-PT\"},{\"@type\":\"WebPage\",\"@id\":\"https:\\\/\\\/algarve7.pt\\\/index.php\\\/2021\\\/05\\\/a-inframoura-celebra-o-dia-mundial-do-ambiente-com-um-webinar-dedicado-a-este-tema\\\/ambiente\\\/10\\\/06\\\/\",\"url\":\"https:\\\/\\\/algarve7.pt\\\/index.php\\\/2021\\\/05\\\/a-inframoura-celebra-o-dia-mundial-do-ambiente-com-um-webinar-dedicado-a-este-tema\\\/ambiente\\\/10\\\/06\\\/\",\"name\":\"A Inframoura celebra o dia mundial do ambiente com um webinar dedicado a este tema - Algarve 7\",\"isPartOf\":{\"@id\":\"https:\\\/\\\/algarve7.pt\\\/#website\"},\"primaryImageOfPage\":{\"@id\":\"https:\\\/\\\/algarve7.pt\\\/index.php\\\/2021\\\/05\\\/a-inframoura-celebra-o-dia-mundial-do-ambiente-com-um-webinar-dedicado-a-este-tema\\\/ambiente\\\/10\\\/06\\\/#primaryimage\"},\"image\":{\"@id\":\"https:\\\/\\\/algarve7.pt\\\/index.php\\\/2021\\\/05\\\/a-inframoura-celebra-o-dia-mundial-do-ambiente-com-um-webinar-dedicado-a-este-tema\\\/ambiente\\\/10\\\/06\\\/#primaryimage\"},\"thumbnailUrl\":\"https:\\\/\\\/algarve7.pt\\\/wp-content\\\/uploads\\\/2021\\\/05\\\/192203391_4365947790123672_2131315078074683859_n.jpg\",\"datePublished\":\"2021-05-29T09:06:19+00:00\",\"dateModified\":\"2021-05-29T09:06:22+00:00\",\"description\":\"A Inframoura celebra o dia mundial do ambiente com um webinar dedicado a este tema Ambiente\",\"breadcrumb\":{\"@id\":\"https:\\\/\\\/algarve7.pt\\\/index.php\\\/2021\\\/05\\\/a-inframoura-celebra-o-dia-mundial-do-ambiente-com-um-webinar-dedicado-a-este-tema\\\/ambiente\\\/10\\\/06\\\/#breadcrumb\"},\"inLanguage\":\"pt-PT\",\"potentialAction\":[{\"@type\":\"ReadAction\",\"target\":[\"https:\\\/\\\/algarve7.pt\\\/index.php\\\/2021\\\/05\\\/a-inframoura-celebra-o-dia-mundial-do-ambiente-com-um-webinar-dedicado-a-este-tema\\\/ambiente\\\/10\\\/06\\\/\"]}]},{\"@type\":\"ImageObject\",\"inLanguage\":\"pt-PT\",\"@id\":\"https:\\\/\\\/algarve7.pt\\\/index.php\\\/2021\\\/05\\\/a-inframoura-celebra-o-dia-mundial-do-ambiente-com-um-webinar-dedicado-a-este-tema\\\/ambiente\\\/10\\\/06\\\/#primaryimage\",\"url\":\"https:\\\/\\\/algarve7.pt\\\/wp-content\\\/uploads\\\/2021\\\/05\\\/192203391_4365947790123672_2131315078074683859_n.jpg\",\"contentUrl\":\"https:\\\/\\\/algarve7.pt\\\/wp-content\\\/uploads\\\/2021\\\/05\\\/192203391_4365947790123672_2131315078074683859_n.jpg\",\"width\":905,\"height\":738},{\"@type\":\"BreadcrumbList\",\"@id\":\"https:\\\/\\\/algarve7.pt\\\/index.php\\\/2021\\\/05\\\/a-inframoura-celebra-o-dia-mundial-do-ambiente-com-um-webinar-dedicado-a-este-tema\\\/ambiente\\\/10\\\/06\\\/#breadcrumb\",\"itemListElement\":[{\"@type\":\"ListItem\",\"position\":1,\"name\":\"In\u00edcio\",\"item\":\"https:\\\/\\\/algarve7.pt\\\/\"},{\"@type\":\"ListItem\",\"position\":2,\"name\":\"A Inframoura celebra o dia mundial do ambiente com um webinar dedicado a este tema\"}]},{\"@type\":\"WebSite\",\"@id\":\"https:\\\/\\\/algarve7.pt\\\/#website\",\"url\":\"https:\\\/\\\/algarve7.pt\\\/\",\"name\":\"Algarve 7\",\"description\":\"Informa\u00e7\u00e3o sobre o Algarve\",\"publisher\":{\"@id\":\"https:\\\/\\\/algarve7.pt\\\/#organization\"},\"potentialAction\":[{\"@type\":\"SearchAction\",\"target\":{\"@type\":\"EntryPoint\",\"urlTemplate\":\"https:\\\/\\\/algarve7.pt\\\/?s={search_term_string}\"},\"query-input\":{\"@type\":\"PropertyValueSpecification\",\"valueRequired\":true,\"valueName\":\"search_term_string\"}}],\"inLanguage\":\"pt-PT\"},{\"@type\":\"Organization\",\"@id\":\"https:\\\/\\\/algarve7.pt\\\/#organization\",\"name\":\"Algarve 7\",\"url\":\"https:\\\/\\\/algarve7.pt\\\/\",\"logo\":{\"@type\":\"ImageObject\",\"inLanguage\":\"pt-PT\",\"@id\":\"https:\\\/\\\/algarve7.pt\\\/#\\\/schema\\\/logo\\\/image\\\/\",\"url\":\"https:\\\/\\\/algarve7.pt\\\/wp-content\\\/uploads\\\/2020\\\/10\\\/Logo-8.jpg\",\"contentUrl\":\"https:\\\/\\\/algarve7.pt\\\/wp-content\\\/uploads\\\/2020\\\/10\\\/Logo-8.jpg\",\"width\":1680,\"height\":1186,\"caption\":\"Algarve 7\"},\"image\":{\"@id\":\"https:\\\/\\\/algarve7.pt\\\/#\\\/schema\\\/logo\\\/image\\\/\"},\"sameAs\":[\"https:\\\/\\\/www.facebook.com\\\/algarve7\",\"https:\\\/\\\/x.com\\\/Algarvesete\",\"https:\\\/\\\/www.instagram.com\\\/jornalalgarve7\\\/\",\"https:\\\/\\\/www.linkedin.com\\\/company\\\/algarve7\",\"https:\\\/\\\/www.pinterest.pt\\\/geral0939\\\/_created\\\/\"]},{\"@type\":\"Person\",\"@id\":\"https:\\\/\\\/algarve7.pt\\\/#\\\/schema\\\/person\\\/23fa70681308e7b319a3204bcea45e0c\",\"name\":\"Algarve 7\",\"sameAs\":[\"https:\\\/\\\/algarve7.pt\",\"https:\\\/\\\/www.facebook.com\\\/algarve7\"],\"url\":\"https:\\\/\\\/algarve7.pt\\\/index.php\\\/author\\\/geralalgarve7-pt\\\/\"}]}<\/script>\n<!-- \/ Yoast SEO plugin. -->","yoast_head_json":{"title":"A Inframoura celebra o dia mundial do ambiente com um webinar dedicado a este tema - Algarve 7","description":"A Inframoura celebra o dia mundial do ambiente com um webinar dedicado a este tema Ambiente","robots":{"index":"index","follow":"follow","max-snippet":"max-snippet:-1","max-image-preview":"max-image-preview:large","max-video-preview":"max-video-preview:-1"},"canonical":"https:\/\/algarve7.pt\/index.php\/2021\/05\/a-inframoura-celebra-o-dia-mundial-do-ambiente-com-um-webinar-dedicado-a-este-tema\/ambiente\/10\/06\/","og_locale":"pt_PT","og_type":"article","og_title":"A Inframoura celebra o dia mundial do ambiente com um webinar dedicado a este tema - Algarve 7","og_description":"A Inframoura celebra o dia mundial do ambiente com um webinar dedicado a este tema Ambiente","og_url":"https:\/\/algarve7.pt\/index.php\/2021\/05\/a-inframoura-celebra-o-dia-mundial-do-ambiente-com-um-webinar-dedicado-a-este-tema\/ambiente\/10\/06\/","og_site_name":"Algarve 7","article_publisher":"https:\/\/www.facebook.com\/algarve7","article_author":"https:\/\/www.facebook.com\/algarve7","article_published_time":"2021-05-29T09:06:19+00:00","article_modified_time":"2021-05-29T09:06:22+00:00","og_image":[{"width":905,"height":738,"url":"https:\/\/algarve7.pt\/wp-content\/uploads\/2021\/05\/192203391_4365947790123672_2131315078074683859_n.jpg","type":"image\/jpeg"}],"author":"Algarve 7","twitter_card":"summary_large_image","twitter_creator":"@Algarvesete","twitter_site":"@Algarvesete","twitter_misc":{"Escrito por":"Algarve 7","Tempo estimado de leitura":"1 minuto"},"schema":{"@context":"https:\/\/schema.org","@graph":[{"@type":"Article","@id":"https:\/\/algarve7.pt\/index.php\/2021\/05\/a-inframoura-celebra-o-dia-mundial-do-ambiente-com-um-webinar-dedicado-a-este-tema\/ambiente\/10\/06\/#article","isPartOf":{"@id":"https:\/\/algarve7.pt\/index.php\/2021\/05\/a-inframoura-celebra-o-dia-mundial-do-ambiente-com-um-webinar-dedicado-a-este-tema\/ambiente\/10\/06\/"},"author":{"name":"Algarve 7","@id":"https:\/\/algarve7.pt\/#\/schema\/person\/23fa70681308e7b319a3204bcea45e0c"},"headline":"A Inframoura celebra o dia mundial do ambiente com um webinar dedicado a este tema","datePublished":"2021-05-29T09:06:19+00:00","dateModified":"2021-05-29T09:06:22+00:00","mainEntityOfPage":{"@id":"https:\/\/algarve7.pt\/index.php\/2021\/05\/a-inframoura-celebra-o-dia-mundial-do-ambiente-com-um-webinar-dedicado-a-este-tema\/ambiente\/10\/06\/"},"wordCount":175,"publisher":{"@id":"https:\/\/algarve7.pt\/#organization"},"image":{"@id":"https:\/\/algarve7.pt\/index.php\/2021\/05\/a-inframoura-celebra-o-dia-mundial-do-ambiente-com-um-webinar-dedicado-a-este-tema\/ambiente\/10\/06\/#primaryimage"},"thumbnailUrl":"https:\/\/algarve7.pt\/wp-content\/uploads\/2021\/05\/192203391_4365947790123672_2131315078074683859_n.jpg","keywords":["Algarve","Ambiente","Inframoura","Vilamoura","Webinar"],"articleSection":["Ambiente"],"inLanguage":"pt-PT"},{"@type":"WebPage","@id":"https:\/\/algarve7.pt\/index.php\/2021\/05\/a-inframoura-celebra-o-dia-mundial-do-ambiente-com-um-webinar-dedicado-a-este-tema\/ambiente\/10\/06\/","url":"https:\/\/algarve7.pt\/index.php\/2021\/05\/a-inframoura-celebra-o-dia-mundial-do-ambiente-com-um-webinar-dedicado-a-este-tema\/ambiente\/10\/06\/","name":"A Inframoura celebra o dia mundial do ambiente com um webinar dedicado a este tema - Algarve 7","isPartOf":{"@id":"https:\/\/algarve7.pt\/#website"},"primaryImageOfPage":{"@id":"https:\/\/algarve7.pt\/index.php\/2021\/05\/a-inframoura-celebra-o-dia-mundial-do-ambiente-com-um-webinar-dedicado-a-este-tema\/ambiente\/10\/06\/#primaryimage"},"image":{"@id":"https:\/\/algarve7.pt\/index.php\/2021\/05\/a-inframoura-celebra-o-dia-mundial-do-ambiente-com-um-webinar-dedicado-a-este-tema\/ambiente\/10\/06\/#primaryimage"},"thumbnailUrl":"https:\/\/algarve7.pt\/wp-content\/uploads\/2021\/05\/192203391_4365947790123672_2131315078074683859_n.jpg","datePublished":"2021-05-29T09:06:19+00:00","dateModified":"2021-05-29T09:06:22+00:00","description":"A Inframoura celebra o dia mundial do ambiente com um webinar dedicado a este tema Ambiente","breadcrumb":{"@id":"https:\/\/algarve7.pt\/index.php\/2021\/05\/a-inframoura-celebra-o-dia-mundial-do-ambiente-com-um-webinar-dedicado-a-este-tema\/ambiente\/10\/06\/#breadcrumb"},"inLanguage":"pt-PT","potentialAction":[{"@type":"ReadAction","target":["https:\/\/algarve7.pt\/index.php\/2021\/05\/a-inframoura-celebra-o-dia-mundial-do-ambiente-com-um-webinar-dedicado-a-este-tema\/ambiente\/10\/06\/"]}]},{"@type":"ImageObject","inLanguage":"pt-PT","@id":"https:\/\/algarve7.pt\/index.php\/2021\/05\/a-inframoura-celebra-o-dia-mundial-do-ambiente-com-um-webinar-dedicado-a-este-tema\/ambiente\/10\/06\/#primaryimage","url":"https:\/\/algarve7.pt\/wp-content\/uploads\/2021\/05\/192203391_4365947790123672_2131315078074683859_n.jpg","contentUrl":"https:\/\/algarve7.pt\/wp-content\/uploads\/2021\/05\/192203391_4365947790123672_2131315078074683859_n.jpg","width":905,"height":738},{"@type":"BreadcrumbList","@id":"https:\/\/algarve7.pt\/index.php\/2021\/05\/a-inframoura-celebra-o-dia-mundial-do-ambiente-com-um-webinar-dedicado-a-este-tema\/ambiente\/10\/06\/#breadcrumb","itemListElement":[{"@type":"ListItem","position":1,"name":"In\u00edcio","item":"https:\/\/algarve7.pt\/"},{"@type":"ListItem","position":2,"name":"A Inframoura celebra o dia mundial do ambiente com um webinar dedicado a este tema"}]},{"@type":"WebSite","@id":"https:\/\/algarve7.pt\/#website","url":"https:\/\/algarve7.pt\/","name":"Algarve 7","description":"Informa\u00e7\u00e3o sobre o Algarve","publisher":{"@id":"https:\/\/algarve7.pt\/#organization"},"potentialAction":[{"@type":"SearchAction","target":{"@type":"EntryPoint","urlTemplate":"https:\/\/algarve7.pt\/?s={search_term_string}"},"query-input":{"@type":"PropertyValueSpecification","valueRequired":true,"valueName":"search_term_string"}}],"inLanguage":"pt-PT"},{"@type":"Organization","@id":"https:\/\/algarve7.pt\/#organization","name":"Algarve 7","url":"https:\/\/algarve7.pt\/","logo":{"@type":"ImageObject","inLanguage":"pt-PT","@id":"https:\/\/algarve7.pt\/#\/schema\/logo\/image\/","url":"https:\/\/algarve7.pt\/wp-content\/uploads\/2020\/10\/Logo-8.jpg","contentUrl":"https:\/\/algarve7.pt\/wp-content\/uploads\/2020\/10\/Logo-8.jpg","width":1680,"height":1186,"caption":"Algarve 7"},"image":{"@id":"https:\/\/algarve7.pt\/#\/schema\/logo\/image\/"},"sameAs":["https:\/\/www.facebook.com\/algarve7","https:\/\/x.com\/Algarvesete","https:\/\/www.instagram.com\/jornalalgarve7\/","https:\/\/www.linkedin.com\/company\/algarve7","https:\/\/www.pinterest.pt\/geral0939\/_created\/"]},{"@type":"Person","@id":"https:\/\/algarve7.pt\/#\/schema\/person\/23fa70681308e7b319a3204bcea45e0c","name":"Algarve 7","sameAs":["https:\/\/algarve7.pt","https:\/\/www.facebook.com\/algarve7"],"url":"https:\/\/algarve7.pt\/index.php\/author\/geralalgarve7-pt\/"}]}},"jetpack_publicize_connections":[],"jetpack_featured_media_url":"https:\/\/algarve7.pt\/wp-content\/uploads\/2021\/05\/192203391_4365947790123672_2131315078074683859_n.jpg","jetpack_shortlink":"https:\/\/wp.me\/pcezmW-2iX","jetpack_sharing_enabled":true,"_links":{"self":[{"href":"https:\/\/algarve7.pt\/index.php\/wp-json\/wp\/v2\/posts\/8863","targetHints":{"allow":["GET"]}}],"collection":[{"href":"https:\/\/algarve7.pt\/index.php\/wp-json\/wp\/v2\/posts"}],"about":[{"href":"https:\/\/algarve7.pt\/index.php\/wp-json\/wp\/v2\/types\/post"}],"author":[{"embeddable":true,"href":"https:\/\/algarve7.pt\/index.php\/wp-json\/wp\/v2\/users\/1"}],"replies":[{"embeddable":true,"href":"https:\/\/algarve7.pt\/index.php\/wp-json\/wp\/v2\/comments?post=8863"}],"version-history":[{"count":0,"href":"https:\/\/algarve7.pt\/index.php\/wp-json\/wp\/v2\/posts\/8863\/revisions"}],"wp:featuredmedia":[{"embeddable":true,"href":"https:\/\/algarve7.pt\/index.php\/wp-json\/wp\/v2\/media\/8865"}],"wp:attachment":[{"href":"https:\/\/algarve7.pt\/index.php\/wp-json\/wp\/v2\/media?parent=8863"}],"wp:term":[{"taxonomy":"category","embeddable":true,"href":"https:\/\/algarve7.pt\/index.php\/wp-json\/wp\/v2\/categories?post=8863"},{"taxonomy":"post_tag","embeddable":true,"href":"https:\/\/algarve7.pt\/index.php\/wp-json\/wp\/v2\/tags?post=8863"}],"curies":[{"name":"wp","href":"https:\/\/api.w.org\/{rel}","templated":true}]}}