{"id":8860,"date":"2021-05-28T19:50:00","date_gmt":"2021-05-28T18:50:00","guid":{"rendered":"https:\/\/algarve7.pt\/?p=8860"},"modified":"2021-05-28T16:21:50","modified_gmt":"2021-05-28T15:21:50","slug":"sao-bras-de-alportel-na-rota-do-projeto-espaco-saude-360o-algarve","status":"publish","type":"post","link":"https:\/\/algarve7.pt\/index.php\/2021\/05\/sao-bras-de-alportel-na-rota-do-projeto-espaco-saude-360o-algarve\/saude\/19\/50\/","title":{"rendered":"S\u00e3o Br\u00e1s de Alportel na rota do projeto espa\u00e7o sa\u00fade 360\u00ba Algarve"},"content":{"rendered":"\n<p>Projeto visa ajudar os cidad\u00e3os seniores, em situa\u00e7\u00e3o vulner\u00e1vel, a fazer as melhores op\u00e7\u00f5es em prol da sua sa\u00fade e qualidade de vida, atrav\u00e9s da dinamiza\u00e7\u00e3o de atividades de sa\u00fade e bem-estar, e vem refor\u00e7ar o trabalho que \u00e9 desenvolvido junto da comunidade s\u00e9nior s\u00e3o-brasense atrav\u00e9s da Rede de Interven\u00e7\u00e3o Comunit\u00e1ria \u201cEnvolve\u201d.<\/p>\n\n\n\n<p>O Munic\u00edpio de S\u00e3o Br\u00e1s de Alportel firmou esta quinta-feira, 27 de maio, um protocolo de coopera\u00e7\u00e3o com a Associa\u00e7\u00e3o Plataforma Sa\u00fade em Di\u00e1logo que est\u00e1 a implementar o projeto Espa\u00e7o Sa\u00fade 360\u00ba Algarve. Um projeto que tem como objetivo promover a literacia em sa\u00fade em idosos algarvios de grupos mais vulner\u00e1veis atrav\u00e9s da dinamiza\u00e7\u00e3o de um conjunto de iniciativas.<\/p>\n\n\n\n<p>A iniciativa dirigida a cidad\u00e3os algarvios com mais de 65 anos \u00e9 desenvolvida em torno de tr\u00eas eixos: a promo\u00e7\u00e3o da sa\u00fade e preven\u00e7\u00e3o da doen\u00e7a; navega\u00e7\u00e3o no sistema de sa\u00fade e a gest\u00e3o da doen\u00e7a cr\u00f3nica.<\/p>\n\n\n\n<p>Capacitar os cidad\u00e3os, autonomizando-os para navegar no sistema, incentivar comportamentos promotores da sa\u00fade e preventivos da doen\u00e7a e do autocuidado, favorecer a autonomia para a gest\u00e3o da sua sa\u00fade e da sua doen\u00e7a cr\u00f3nica de forma respons\u00e1vel e promover a autoconfian\u00e7a, a inclus\u00e3o e a justi\u00e7a social s\u00e3o objetivos deste projeto que est\u00e1 a ser implementado em v\u00e1rios concelhos algarvios, entre os quais o concelho de S\u00e3o Br\u00e1s de Alportel.<\/p>\n\n\n\n<p>Sess\u00f5es e workshops de alimenta\u00e7\u00e3o saud\u00e1vel, atividade f\u00edsica para todos, conversas com profissionais de sa\u00fade, encontros com associa\u00e7\u00f5es de doentes, atendimentos psicossociais individuais, ciclos de conversas sobre doen\u00e7as cr\u00f3nicas e sobre toma de medicamentos, atrav\u00e9s de parcerias com as farm\u00e1cias locais s\u00e3o algumas das atividades desenvolvidas.<\/p>\n\n\n\n<p>Um programa apoiado pelo Programa de Promo\u00e7\u00e3o da Operacionaliza\u00e7\u00e3o Regional do Algarve (CRESC Algarve) e apoiado pelo Governo Portugu\u00eas e pela Uni\u00e3o Europeia e com investidores sociais, que est\u00e1 a ser dinamizado em parceria com institui\u00e7\u00f5es locais, nomeadamente munic\u00edpio, freguesias, IPSS\u2019s, miseric\u00f3rdias, entre outras.<\/p>\n\n\n\n<p><strong><em>\u201cMais um passo na rota da promo\u00e7\u00e3o da sa\u00fade e da qualidade de vida\u201d,<\/em><\/strong>&nbsp;segundo palavras do presidente da C\u00e2mara Municipal de S\u00e3o Br\u00e1s de Alportel, Vitor Guerreiro, que considera&nbsp;<strong><em>\u201cvir, em boa hora, refor\u00e7ar o trabalho j\u00e1 desenvolvido pelo Munic\u00edpio de S\u00e3o Br\u00e1s de Alportel na \u00e1rea do apoio s\u00e9nior atrav\u00e9s da Rede Envolve, dinamizada pelos servi\u00e7os sociais municipais e que durante o per\u00edodo pand\u00e9mico t\u00eam sido adaptados a este contexto desafiante, em fun\u00e7\u00e3o das regras de seguran\u00e7a emitidas pelas autoridades nacionais para preven\u00e7\u00e3o de cont\u00e1gio pelo novo coronav\u00edrus COVID-19\u201d.<\/em><\/strong><\/p>\n\n\n\n<p>Neste momento, iniciaram-se os trabalhos de diagn\u00f3stico e identifica\u00e7\u00e3o dos mun\u00edcipes que podem beneficiar com este programa e por essa via obter maior qualidade de vida e j\u00e1 se realizaram diversas incurs\u00f5es no terreno. Dos 140 utentes j\u00e1 identificados nos concelhos aderentes, 32 s\u00e3o de S\u00e3o Br\u00e1s de Alportel. Na Santa Casa da Miseric\u00f3rdia de S\u00e3o Br\u00e1s de Alportel j\u00e1 foram dinamizadas duas iniciativas, uma na \u00e1rea da sensibiliza\u00e7\u00e3o para bons h\u00e1bitos alimentares e uma aula de ioga.<\/p>\n\n\n\n<div class=\"wp-block-image\"><figure class=\"aligncenter size-large\"><img loading=\"lazy\" decoding=\"async\" width=\"728\" height=\"90\" src=\"https:\/\/algarve7.pt\/wp-content\/uploads\/2021\/05\/algarve7_728x90.gif\" alt=\"\" class=\"wp-image-8680\"\/><\/figure><\/div>\n","protected":false},"excerpt":{"rendered":"<p>Projeto visa ajudar os cidad\u00e3os seniores, em situa\u00e7\u00e3o vulner\u00e1vel, a fazer as melhores op\u00e7\u00f5es em prol da sua sa\u00fade e<\/p>\n","protected":false},"author":1,"featured_media":8861,"comment_status":"closed","ping_status":"open","sticky":false,"template":"","format":"standard","meta":{"colormag_page_container_layout":"default_layout","colormag_page_sidebar_layout":"default_layout","_monsterinsights_skip_tracking":false,"_monsterinsights_sitenote_active":false,"_monsterinsights_sitenote_note":"","_monsterinsights_sitenote_category":0,"jetpack_post_was_ever_published":false,"_jetpack_newsletter_access":"","_jetpack_dont_email_post_to_subs":false,"_jetpack_newsletter_tier_id":0,"_jetpack_memberships_contains_paywalled_content":false,"_jetpack_memberships_contains_paid_content":false,"footnotes":"","jetpack_publicize_message":"","jetpack_publicize_feature_enabled":true,"jetpack_social_post_already_shared":true,"jetpack_social_options":{"image_generator_settings":{"template":"highway","default_image_id":0,"font":"","enabled":false},"version":2}},"categories":[59],"tags":[36,63,58],"class_list":["post-8860","post","type-post","status-publish","format-standard","has-post-thumbnail","hentry","category-saude","tag-algarve","tag-sao-bras-de-alportel","tag-saude"],"yoast_head":"<!-- This site is optimized with the Yoast SEO plugin v27.5 - https:\/\/yoast.com\/product\/yoast-seo-wordpress\/ -->\n<title>S\u00e3o Br\u00e1s de Alportel na rota do projeto espa\u00e7o sa\u00fade 360\u00ba Algarve - Algarve 7<\/title>\n<meta name=\"description\" content=\"S\u00e3o Br\u00e1s de Alportel na rota do projeto espa\u00e7o sa\u00fade 360\u00ba Algarve Sa\u00fade\" \/>\n<meta name=\"robots\" content=\"index, follow, max-snippet:-1, max-image-preview:large, max-video-preview:-1\" \/>\n<link rel=\"canonical\" href=\"https:\/\/algarve7.pt\/index.php\/2021\/05\/sao-bras-de-alportel-na-rota-do-projeto-espaco-saude-360o-algarve\/saude\/19\/50\/\" \/>\n<meta property=\"og:locale\" content=\"pt_PT\" \/>\n<meta property=\"og:type\" content=\"article\" \/>\n<meta property=\"og:title\" content=\"S\u00e3o Br\u00e1s de Alportel na rota do projeto espa\u00e7o sa\u00fade 360\u00ba Algarve - Algarve 7\" \/>\n<meta property=\"og:description\" content=\"S\u00e3o Br\u00e1s de Alportel na rota do projeto espa\u00e7o sa\u00fade 360\u00ba Algarve Sa\u00fade\" \/>\n<meta property=\"og:url\" content=\"https:\/\/algarve7.pt\/index.php\/2021\/05\/sao-bras-de-alportel-na-rota-do-projeto-espaco-saude-360o-algarve\/saude\/19\/50\/\" \/>\n<meta property=\"og:site_name\" content=\"Algarve 7\" \/>\n<meta property=\"article:publisher\" content=\"https:\/\/www.facebook.com\/algarve7\" \/>\n<meta property=\"article:author\" content=\"https:\/\/www.facebook.com\/algarve7\" \/>\n<meta property=\"article:published_time\" content=\"2021-05-28T18:50:00+00:00\" \/>\n<meta property=\"og:image\" content=\"https:\/\/algarve7.pt\/wp-content\/uploads\/2021\/05\/protocolo_CMSBA_espaco_saude_360_algarve_maio2021-2.jpg\" \/>\n\t<meta property=\"og:image:width\" content=\"1620\" \/>\n\t<meta property=\"og:image:height\" content=\"1080\" \/>\n\t<meta property=\"og:image:type\" content=\"image\/jpeg\" \/>\n<meta name=\"author\" content=\"Algarve 7\" \/>\n<meta name=\"twitter:card\" content=\"summary_large_image\" \/>\n<meta name=\"twitter:creator\" content=\"@Algarvesete\" \/>\n<meta name=\"twitter:site\" content=\"@Algarvesete\" \/>\n<meta name=\"twitter:label1\" content=\"Escrito por\" \/>\n\t<meta name=\"twitter:data1\" content=\"Algarve 7\" \/>\n\t<meta name=\"twitter:label2\" content=\"Tempo estimado de leitura\" \/>\n\t<meta name=\"twitter:data2\" content=\"3 minutos\" \/>\n<script type=\"application\/ld+json\" class=\"yoast-schema-graph\">{\"@context\":\"https:\\\/\\\/schema.org\",\"@graph\":[{\"@type\":\"Article\",\"@id\":\"https:\\\/\\\/algarve7.pt\\\/index.php\\\/2021\\\/05\\\/sao-bras-de-alportel-na-rota-do-projeto-espaco-saude-360o-algarve\\\/saude\\\/19\\\/50\\\/#article\",\"isPartOf\":{\"@id\":\"https:\\\/\\\/algarve7.pt\\\/index.php\\\/2021\\\/05\\\/sao-bras-de-alportel-na-rota-do-projeto-espaco-saude-360o-algarve\\\/saude\\\/19\\\/50\\\/\"},\"author\":{\"name\":\"Algarve 7\",\"@id\":\"https:\\\/\\\/algarve7.pt\\\/#\\\/schema\\\/person\\\/23fa70681308e7b319a3204bcea45e0c\"},\"headline\":\"S\u00e3o Br\u00e1s de Alportel na rota do projeto espa\u00e7o sa\u00fade 360\u00ba Algarve\",\"datePublished\":\"2021-05-28T18:50:00+00:00\",\"mainEntityOfPage\":{\"@id\":\"https:\\\/\\\/algarve7.pt\\\/index.php\\\/2021\\\/05\\\/sao-bras-de-alportel-na-rota-do-projeto-espaco-saude-360o-algarve\\\/saude\\\/19\\\/50\\\/\"},\"wordCount\":592,\"publisher\":{\"@id\":\"https:\\\/\\\/algarve7.pt\\\/#organization\"},\"image\":{\"@id\":\"https:\\\/\\\/algarve7.pt\\\/index.php\\\/2021\\\/05\\\/sao-bras-de-alportel-na-rota-do-projeto-espaco-saude-360o-algarve\\\/saude\\\/19\\\/50\\\/#primaryimage\"},\"thumbnailUrl\":\"https:\\\/\\\/algarve7.pt\\\/wp-content\\\/uploads\\\/2021\\\/05\\\/protocolo_CMSBA_espaco_saude_360_algarve_maio2021-2.jpg\",\"keywords\":[\"Algarve\",\"S\u00e3o Br\u00e1s de Alportel\",\"Sa\u00fade\"],\"articleSection\":[\"Sa\u00fade\"],\"inLanguage\":\"pt-PT\"},{\"@type\":\"WebPage\",\"@id\":\"https:\\\/\\\/algarve7.pt\\\/index.php\\\/2021\\\/05\\\/sao-bras-de-alportel-na-rota-do-projeto-espaco-saude-360o-algarve\\\/saude\\\/19\\\/50\\\/\",\"url\":\"https:\\\/\\\/algarve7.pt\\\/index.php\\\/2021\\\/05\\\/sao-bras-de-alportel-na-rota-do-projeto-espaco-saude-360o-algarve\\\/saude\\\/19\\\/50\\\/\",\"name\":\"S\u00e3o Br\u00e1s de Alportel na rota do projeto espa\u00e7o sa\u00fade 360\u00ba Algarve - Algarve 7\",\"isPartOf\":{\"@id\":\"https:\\\/\\\/algarve7.pt\\\/#website\"},\"primaryImageOfPage\":{\"@id\":\"https:\\\/\\\/algarve7.pt\\\/index.php\\\/2021\\\/05\\\/sao-bras-de-alportel-na-rota-do-projeto-espaco-saude-360o-algarve\\\/saude\\\/19\\\/50\\\/#primaryimage\"},\"image\":{\"@id\":\"https:\\\/\\\/algarve7.pt\\\/index.php\\\/2021\\\/05\\\/sao-bras-de-alportel-na-rota-do-projeto-espaco-saude-360o-algarve\\\/saude\\\/19\\\/50\\\/#primaryimage\"},\"thumbnailUrl\":\"https:\\\/\\\/algarve7.pt\\\/wp-content\\\/uploads\\\/2021\\\/05\\\/protocolo_CMSBA_espaco_saude_360_algarve_maio2021-2.jpg\",\"datePublished\":\"2021-05-28T18:50:00+00:00\",\"description\":\"S\u00e3o Br\u00e1s de Alportel na rota do projeto espa\u00e7o sa\u00fade 360\u00ba Algarve Sa\u00fade\",\"breadcrumb\":{\"@id\":\"https:\\\/\\\/algarve7.pt\\\/index.php\\\/2021\\\/05\\\/sao-bras-de-alportel-na-rota-do-projeto-espaco-saude-360o-algarve\\\/saude\\\/19\\\/50\\\/#breadcrumb\"},\"inLanguage\":\"pt-PT\",\"potentialAction\":[{\"@type\":\"ReadAction\",\"target\":[\"https:\\\/\\\/algarve7.pt\\\/index.php\\\/2021\\\/05\\\/sao-bras-de-alportel-na-rota-do-projeto-espaco-saude-360o-algarve\\\/saude\\\/19\\\/50\\\/\"]}]},{\"@type\":\"ImageObject\",\"inLanguage\":\"pt-PT\",\"@id\":\"https:\\\/\\\/algarve7.pt\\\/index.php\\\/2021\\\/05\\\/sao-bras-de-alportel-na-rota-do-projeto-espaco-saude-360o-algarve\\\/saude\\\/19\\\/50\\\/#primaryimage\",\"url\":\"https:\\\/\\\/algarve7.pt\\\/wp-content\\\/uploads\\\/2021\\\/05\\\/protocolo_CMSBA_espaco_saude_360_algarve_maio2021-2.jpg\",\"contentUrl\":\"https:\\\/\\\/algarve7.pt\\\/wp-content\\\/uploads\\\/2021\\\/05\\\/protocolo_CMSBA_espaco_saude_360_algarve_maio2021-2.jpg\",\"width\":1620,\"height\":1080},{\"@type\":\"BreadcrumbList\",\"@id\":\"https:\\\/\\\/algarve7.pt\\\/index.php\\\/2021\\\/05\\\/sao-bras-de-alportel-na-rota-do-projeto-espaco-saude-360o-algarve\\\/saude\\\/19\\\/50\\\/#breadcrumb\",\"itemListElement\":[{\"@type\":\"ListItem\",\"position\":1,\"name\":\"In\u00edcio\",\"item\":\"https:\\\/\\\/algarve7.pt\\\/\"},{\"@type\":\"ListItem\",\"position\":2,\"name\":\"S\u00e3o Br\u00e1s de Alportel na rota do projeto espa\u00e7o sa\u00fade 360\u00ba Algarve\"}]},{\"@type\":\"WebSite\",\"@id\":\"https:\\\/\\\/algarve7.pt\\\/#website\",\"url\":\"https:\\\/\\\/algarve7.pt\\\/\",\"name\":\"Algarve 7\",\"description\":\"Informa\u00e7\u00e3o sobre o Algarve\",\"publisher\":{\"@id\":\"https:\\\/\\\/algarve7.pt\\\/#organization\"},\"potentialAction\":[{\"@type\":\"SearchAction\",\"target\":{\"@type\":\"EntryPoint\",\"urlTemplate\":\"https:\\\/\\\/algarve7.pt\\\/?s={search_term_string}\"},\"query-input\":{\"@type\":\"PropertyValueSpecification\",\"valueRequired\":true,\"valueName\":\"search_term_string\"}}],\"inLanguage\":\"pt-PT\"},{\"@type\":\"Organization\",\"@id\":\"https:\\\/\\\/algarve7.pt\\\/#organization\",\"name\":\"Algarve 7\",\"url\":\"https:\\\/\\\/algarve7.pt\\\/\",\"logo\":{\"@type\":\"ImageObject\",\"inLanguage\":\"pt-PT\",\"@id\":\"https:\\\/\\\/algarve7.pt\\\/#\\\/schema\\\/logo\\\/image\\\/\",\"url\":\"https:\\\/\\\/algarve7.pt\\\/wp-content\\\/uploads\\\/2020\\\/10\\\/Logo-8.jpg\",\"contentUrl\":\"https:\\\/\\\/algarve7.pt\\\/wp-content\\\/uploads\\\/2020\\\/10\\\/Logo-8.jpg\",\"width\":1680,\"height\":1186,\"caption\":\"Algarve 7\"},\"image\":{\"@id\":\"https:\\\/\\\/algarve7.pt\\\/#\\\/schema\\\/logo\\\/image\\\/\"},\"sameAs\":[\"https:\\\/\\\/www.facebook.com\\\/algarve7\",\"https:\\\/\\\/x.com\\\/Algarvesete\",\"https:\\\/\\\/www.instagram.com\\\/jornalalgarve7\\\/\",\"https:\\\/\\\/www.linkedin.com\\\/company\\\/algarve7\",\"https:\\\/\\\/www.pinterest.pt\\\/geral0939\\\/_created\\\/\"]},{\"@type\":\"Person\",\"@id\":\"https:\\\/\\\/algarve7.pt\\\/#\\\/schema\\\/person\\\/23fa70681308e7b319a3204bcea45e0c\",\"name\":\"Algarve 7\",\"sameAs\":[\"https:\\\/\\\/algarve7.pt\",\"https:\\\/\\\/www.facebook.com\\\/algarve7\"],\"url\":\"https:\\\/\\\/algarve7.pt\\\/index.php\\\/author\\\/geralalgarve7-pt\\\/\"}]}<\/script>\n<!-- \/ Yoast SEO plugin. -->","yoast_head_json":{"title":"S\u00e3o Br\u00e1s de Alportel na rota do projeto espa\u00e7o sa\u00fade 360\u00ba Algarve - Algarve 7","description":"S\u00e3o Br\u00e1s de Alportel na rota do projeto espa\u00e7o sa\u00fade 360\u00ba Algarve Sa\u00fade","robots":{"index":"index","follow":"follow","max-snippet":"max-snippet:-1","max-image-preview":"max-image-preview:large","max-video-preview":"max-video-preview:-1"},"canonical":"https:\/\/algarve7.pt\/index.php\/2021\/05\/sao-bras-de-alportel-na-rota-do-projeto-espaco-saude-360o-algarve\/saude\/19\/50\/","og_locale":"pt_PT","og_type":"article","og_title":"S\u00e3o Br\u00e1s de Alportel na rota do projeto espa\u00e7o sa\u00fade 360\u00ba Algarve - Algarve 7","og_description":"S\u00e3o Br\u00e1s de Alportel na rota do projeto espa\u00e7o sa\u00fade 360\u00ba Algarve Sa\u00fade","og_url":"https:\/\/algarve7.pt\/index.php\/2021\/05\/sao-bras-de-alportel-na-rota-do-projeto-espaco-saude-360o-algarve\/saude\/19\/50\/","og_site_name":"Algarve 7","article_publisher":"https:\/\/www.facebook.com\/algarve7","article_author":"https:\/\/www.facebook.com\/algarve7","article_published_time":"2021-05-28T18:50:00+00:00","og_image":[{"width":1620,"height":1080,"url":"https:\/\/algarve7.pt\/wp-content\/uploads\/2021\/05\/protocolo_CMSBA_espaco_saude_360_algarve_maio2021-2.jpg","type":"image\/jpeg"}],"author":"Algarve 7","twitter_card":"summary_large_image","twitter_creator":"@Algarvesete","twitter_site":"@Algarvesete","twitter_misc":{"Escrito por":"Algarve 7","Tempo estimado de leitura":"3 minutos"},"schema":{"@context":"https:\/\/schema.org","@graph":[{"@type":"Article","@id":"https:\/\/algarve7.pt\/index.php\/2021\/05\/sao-bras-de-alportel-na-rota-do-projeto-espaco-saude-360o-algarve\/saude\/19\/50\/#article","isPartOf":{"@id":"https:\/\/algarve7.pt\/index.php\/2021\/05\/sao-bras-de-alportel-na-rota-do-projeto-espaco-saude-360o-algarve\/saude\/19\/50\/"},"author":{"name":"Algarve 7","@id":"https:\/\/algarve7.pt\/#\/schema\/person\/23fa70681308e7b319a3204bcea45e0c"},"headline":"S\u00e3o Br\u00e1s de Alportel na rota do projeto espa\u00e7o sa\u00fade 360\u00ba Algarve","datePublished":"2021-05-28T18:50:00+00:00","mainEntityOfPage":{"@id":"https:\/\/algarve7.pt\/index.php\/2021\/05\/sao-bras-de-alportel-na-rota-do-projeto-espaco-saude-360o-algarve\/saude\/19\/50\/"},"wordCount":592,"publisher":{"@id":"https:\/\/algarve7.pt\/#organization"},"image":{"@id":"https:\/\/algarve7.pt\/index.php\/2021\/05\/sao-bras-de-alportel-na-rota-do-projeto-espaco-saude-360o-algarve\/saude\/19\/50\/#primaryimage"},"thumbnailUrl":"https:\/\/algarve7.pt\/wp-content\/uploads\/2021\/05\/protocolo_CMSBA_espaco_saude_360_algarve_maio2021-2.jpg","keywords":["Algarve","S\u00e3o Br\u00e1s de Alportel","Sa\u00fade"],"articleSection":["Sa\u00fade"],"inLanguage":"pt-PT"},{"@type":"WebPage","@id":"https:\/\/algarve7.pt\/index.php\/2021\/05\/sao-bras-de-alportel-na-rota-do-projeto-espaco-saude-360o-algarve\/saude\/19\/50\/","url":"https:\/\/algarve7.pt\/index.php\/2021\/05\/sao-bras-de-alportel-na-rota-do-projeto-espaco-saude-360o-algarve\/saude\/19\/50\/","name":"S\u00e3o Br\u00e1s de Alportel na rota do projeto espa\u00e7o sa\u00fade 360\u00ba Algarve - Algarve 7","isPartOf":{"@id":"https:\/\/algarve7.pt\/#website"},"primaryImageOfPage":{"@id":"https:\/\/algarve7.pt\/index.php\/2021\/05\/sao-bras-de-alportel-na-rota-do-projeto-espaco-saude-360o-algarve\/saude\/19\/50\/#primaryimage"},"image":{"@id":"https:\/\/algarve7.pt\/index.php\/2021\/05\/sao-bras-de-alportel-na-rota-do-projeto-espaco-saude-360o-algarve\/saude\/19\/50\/#primaryimage"},"thumbnailUrl":"https:\/\/algarve7.pt\/wp-content\/uploads\/2021\/05\/protocolo_CMSBA_espaco_saude_360_algarve_maio2021-2.jpg","datePublished":"2021-05-28T18:50:00+00:00","description":"S\u00e3o Br\u00e1s de Alportel na rota do projeto espa\u00e7o sa\u00fade 360\u00ba Algarve Sa\u00fade","breadcrumb":{"@id":"https:\/\/algarve7.pt\/index.php\/2021\/05\/sao-bras-de-alportel-na-rota-do-projeto-espaco-saude-360o-algarve\/saude\/19\/50\/#breadcrumb"},"inLanguage":"pt-PT","potentialAction":[{"@type":"ReadAction","target":["https:\/\/algarve7.pt\/index.php\/2021\/05\/sao-bras-de-alportel-na-rota-do-projeto-espaco-saude-360o-algarve\/saude\/19\/50\/"]}]},{"@type":"ImageObject","inLanguage":"pt-PT","@id":"https:\/\/algarve7.pt\/index.php\/2021\/05\/sao-bras-de-alportel-na-rota-do-projeto-espaco-saude-360o-algarve\/saude\/19\/50\/#primaryimage","url":"https:\/\/algarve7.pt\/wp-content\/uploads\/2021\/05\/protocolo_CMSBA_espaco_saude_360_algarve_maio2021-2.jpg","contentUrl":"https:\/\/algarve7.pt\/wp-content\/uploads\/2021\/05\/protocolo_CMSBA_espaco_saude_360_algarve_maio2021-2.jpg","width":1620,"height":1080},{"@type":"BreadcrumbList","@id":"https:\/\/algarve7.pt\/index.php\/2021\/05\/sao-bras-de-alportel-na-rota-do-projeto-espaco-saude-360o-algarve\/saude\/19\/50\/#breadcrumb","itemListElement":[{"@type":"ListItem","position":1,"name":"In\u00edcio","item":"https:\/\/algarve7.pt\/"},{"@type":"ListItem","position":2,"name":"S\u00e3o Br\u00e1s de Alportel na rota do projeto espa\u00e7o sa\u00fade 360\u00ba Algarve"}]},{"@type":"WebSite","@id":"https:\/\/algarve7.pt\/#website","url":"https:\/\/algarve7.pt\/","name":"Algarve 7","description":"Informa\u00e7\u00e3o sobre o Algarve","publisher":{"@id":"https:\/\/algarve7.pt\/#organization"},"potentialAction":[{"@type":"SearchAction","target":{"@type":"EntryPoint","urlTemplate":"https:\/\/algarve7.pt\/?s={search_term_string}"},"query-input":{"@type":"PropertyValueSpecification","valueRequired":true,"valueName":"search_term_string"}}],"inLanguage":"pt-PT"},{"@type":"Organization","@id":"https:\/\/algarve7.pt\/#organization","name":"Algarve 7","url":"https:\/\/algarve7.pt\/","logo":{"@type":"ImageObject","inLanguage":"pt-PT","@id":"https:\/\/algarve7.pt\/#\/schema\/logo\/image\/","url":"https:\/\/algarve7.pt\/wp-content\/uploads\/2020\/10\/Logo-8.jpg","contentUrl":"https:\/\/algarve7.pt\/wp-content\/uploads\/2020\/10\/Logo-8.jpg","width":1680,"height":1186,"caption":"Algarve 7"},"image":{"@id":"https:\/\/algarve7.pt\/#\/schema\/logo\/image\/"},"sameAs":["https:\/\/www.facebook.com\/algarve7","https:\/\/x.com\/Algarvesete","https:\/\/www.instagram.com\/jornalalgarve7\/","https:\/\/www.linkedin.com\/company\/algarve7","https:\/\/www.pinterest.pt\/geral0939\/_created\/"]},{"@type":"Person","@id":"https:\/\/algarve7.pt\/#\/schema\/person\/23fa70681308e7b319a3204bcea45e0c","name":"Algarve 7","sameAs":["https:\/\/algarve7.pt","https:\/\/www.facebook.com\/algarve7"],"url":"https:\/\/algarve7.pt\/index.php\/author\/geralalgarve7-pt\/"}]}},"jetpack_publicize_connections":[],"jetpack_featured_media_url":"https:\/\/algarve7.pt\/wp-content\/uploads\/2021\/05\/protocolo_CMSBA_espaco_saude_360_algarve_maio2021-2.jpg","jetpack_shortlink":"https:\/\/wp.me\/pcezmW-2iU","jetpack_sharing_enabled":true,"_links":{"self":[{"href":"https:\/\/algarve7.pt\/index.php\/wp-json\/wp\/v2\/posts\/8860","targetHints":{"allow":["GET"]}}],"collection":[{"href":"https:\/\/algarve7.pt\/index.php\/wp-json\/wp\/v2\/posts"}],"about":[{"href":"https:\/\/algarve7.pt\/index.php\/wp-json\/wp\/v2\/types\/post"}],"author":[{"embeddable":true,"href":"https:\/\/algarve7.pt\/index.php\/wp-json\/wp\/v2\/users\/1"}],"replies":[{"embeddable":true,"href":"https:\/\/algarve7.pt\/index.php\/wp-json\/wp\/v2\/comments?post=8860"}],"version-history":[{"count":0,"href":"https:\/\/algarve7.pt\/index.php\/wp-json\/wp\/v2\/posts\/8860\/revisions"}],"wp:featuredmedia":[{"embeddable":true,"href":"https:\/\/algarve7.pt\/index.php\/wp-json\/wp\/v2\/media\/8861"}],"wp:attachment":[{"href":"https:\/\/algarve7.pt\/index.php\/wp-json\/wp\/v2\/media?parent=8860"}],"wp:term":[{"taxonomy":"category","embeddable":true,"href":"https:\/\/algarve7.pt\/index.php\/wp-json\/wp\/v2\/categories?post=8860"},{"taxonomy":"post_tag","embeddable":true,"href":"https:\/\/algarve7.pt\/index.php\/wp-json\/wp\/v2\/tags?post=8860"}],"curies":[{"name":"wp","href":"https:\/\/api.w.org\/{rel}","templated":true}]}}