{"id":8856,"date":"2021-05-28T16:18:34","date_gmt":"2021-05-28T15:18:34","guid":{"rendered":"https:\/\/algarve7.pt\/?p=8856"},"modified":"2021-05-28T16:18:39","modified_gmt":"2021-05-28T15:18:39","slug":"junta-de-freguesia-de-quarteira-promove-sessao-informativa-sobre-poupanca-de-energia","status":"publish","type":"post","link":"https:\/\/algarve7.pt\/index.php\/2021\/05\/junta-de-freguesia-de-quarteira-promove-sessao-informativa-sobre-poupanca-de-energia\/ambiente\/16\/18\/","title":{"rendered":"Junta de Freguesia de Quarteira promove sess\u00e3o informativa sobre poupan\u00e7a de energia"},"content":{"rendered":"\n<p>No dia 31 de maio, pelas 21h00 e com a dura\u00e7\u00e3o 1 hora, ir\u00e1 decorrer em direto e em simult\u00e2neo no Facebook da Junta de Freguesia de Quarteira e da Academia do Saber, uma sess\u00e3o informativa intitulada &#8220;Poupar \u00e9 ganhar, Poupe energia!&#8221;, dedicada \u00e0 poupan\u00e7a de energia, tendo como objetivo,&nbsp; apoiar as fam\u00edlias a melhorar a efici\u00eancia energ\u00e9tica das suas casas, a gerir melhor os seus consumos, a compreender e interpretar as suas faturas e como recorrer mais facilmente aos mecanismos de apoio existentes.<\/p>\n\n\n\n<p>Esta sess\u00e3o, totalmente gratuita, \u00e9 dinamizada pela DECO Associa\u00e7\u00e3o em parceria com a ADENE &#8211; Ag\u00eancia para a Energia e com o apoio da C\u00e2mara Municipal de Loul\u00e9, da Junta de Freguesia de Quarteira, e da Academia do Saber de Quarteira.<\/p>\n\n\n\n<p>Das 21h00 \u00e0s 22h00, os formadores Isa Tudela, da DECO e Emanuel Delgado, da ADENE, apresentar\u00e3o em direto e de forma pr\u00e1tica, as melhores solu\u00e7\u00f5es relativas a esta tem\u00e1tica. Ser\u00e1 uma sess\u00e3o que funcionar\u00e1 como um espa\u00e7o de informa\u00e7\u00e3o e debate, com o envolvimento e intera\u00e7\u00e3o dos participantes, no esclarecimento de d\u00favidas, na partilha de dicas, solu\u00e7\u00f5es e conselhos importantes, de modo a que os participantes possam ser energeticamente mais eficientes em casa.<\/p>\n\n\n\n<p>Para Telmo Pinto, Presidente da Junta de Freguesia, \u201cEstas sess\u00f5es s\u00e3o important\u00edssimas, pois com a mudan\u00e7a de alguns h\u00e1bitos quotidianos, \u00e9 poss\u00edvel diminuir os gastos e ajudar o ambiente sem prescindir de uma vida confort\u00e1vel. Temos que eliminar os consumos desnecess\u00e1rios e os comportamentos pouco sustent\u00e1veis, e esta a\u00e7\u00e3o ajudar\u00e1 bastante nesse sentido\u201d.<\/p>\n\n\n\n<div class=\"wp-block-image\"><figure class=\"aligncenter size-large\"><img loading=\"lazy\" decoding=\"async\" width=\"978\" height=\"100\" src=\"https:\/\/algarve7.pt\/wp-content\/uploads\/2021\/03\/3-AP_978x100-banners-1.gif\" alt=\"\" class=\"wp-image-6876\"\/><\/figure><\/div>\n","protected":false},"excerpt":{"rendered":"<p>No dia 31 de maio, pelas 21h00 e com a dura\u00e7\u00e3o 1 hora, ir\u00e1 decorrer em direto e em simult\u00e2neo<\/p>\n","protected":false},"author":1,"featured_media":8857,"comment_status":"closed","ping_status":"open","sticky":false,"template":"","format":"standard","meta":{"colormag_page_container_layout":"default_layout","colormag_page_sidebar_layout":"default_layout","_monsterinsights_skip_tracking":false,"_monsterinsights_sitenote_active":false,"_monsterinsights_sitenote_note":"","_monsterinsights_sitenote_category":0,"jetpack_post_was_ever_published":false,"_jetpack_newsletter_access":"","_jetpack_dont_email_post_to_subs":false,"_jetpack_newsletter_tier_id":0,"_jetpack_memberships_contains_paywalled_content":false,"_jetpack_memberships_contains_paid_content":false,"footnotes":"","jetpack_publicize_message":"","jetpack_publicize_feature_enabled":true,"jetpack_social_post_already_shared":true,"jetpack_social_options":{"image_generator_settings":{"template":"highway","default_image_id":0,"font":"","enabled":false},"version":2}},"categories":[5],"tags":[36,32,112],"class_list":["post-8856","post","type-post","status-publish","format-standard","has-post-thumbnail","hentry","category-ambiente","tag-algarve","tag-ambiente","tag-quarteira"],"yoast_head":"<!-- This site is optimized with the Yoast SEO plugin v27.5 - https:\/\/yoast.com\/product\/yoast-seo-wordpress\/ -->\n<title>Junta de Freguesia de Quarteira promove sess\u00e3o informativa sobre poupan\u00e7a de energia - Algarve 7<\/title>\n<meta name=\"description\" content=\"Junta de Freguesia de Quarteira promove sess\u00e3o informativa sobre poupan\u00e7a de energia Ambiente\" \/>\n<meta name=\"robots\" content=\"index, follow, max-snippet:-1, max-image-preview:large, max-video-preview:-1\" \/>\n<link rel=\"canonical\" href=\"https:\/\/algarve7.pt\/index.php\/2021\/05\/junta-de-freguesia-de-quarteira-promove-sessao-informativa-sobre-poupanca-de-energia\/ambiente\/16\/18\/\" \/>\n<meta property=\"og:locale\" content=\"pt_PT\" \/>\n<meta property=\"og:type\" content=\"article\" \/>\n<meta property=\"og:title\" content=\"Junta de Freguesia de Quarteira promove sess\u00e3o informativa sobre poupan\u00e7a de energia - Algarve 7\" \/>\n<meta property=\"og:description\" content=\"Junta de Freguesia de Quarteira promove sess\u00e3o informativa sobre poupan\u00e7a de energia Ambiente\" \/>\n<meta property=\"og:url\" content=\"https:\/\/algarve7.pt\/index.php\/2021\/05\/junta-de-freguesia-de-quarteira-promove-sessao-informativa-sobre-poupanca-de-energia\/ambiente\/16\/18\/\" \/>\n<meta property=\"og:site_name\" content=\"Algarve 7\" \/>\n<meta property=\"article:publisher\" content=\"https:\/\/www.facebook.com\/algarve7\" \/>\n<meta property=\"article:author\" content=\"https:\/\/www.facebook.com\/algarve7\" \/>\n<meta property=\"article:published_time\" content=\"2021-05-28T15:18:34+00:00\" \/>\n<meta property=\"article:modified_time\" content=\"2021-05-28T15:18:39+00:00\" \/>\n<meta property=\"og:image\" content=\"https:\/\/algarve7.pt\/wp-content\/uploads\/2021\/05\/FB-Evento.png\" \/>\n\t<meta property=\"og:image:width\" content=\"1200\" \/>\n\t<meta property=\"og:image:height\" content=\"628\" \/>\n\t<meta property=\"og:image:type\" content=\"image\/png\" \/>\n<meta name=\"author\" content=\"Algarve 7\" \/>\n<meta name=\"twitter:card\" content=\"summary_large_image\" \/>\n<meta name=\"twitter:creator\" content=\"@Algarvesete\" \/>\n<meta name=\"twitter:site\" content=\"@Algarvesete\" \/>\n<meta name=\"twitter:label1\" content=\"Escrito por\" \/>\n\t<meta name=\"twitter:data1\" content=\"Algarve 7\" \/>\n\t<meta name=\"twitter:label2\" content=\"Tempo estimado de leitura\" \/>\n\t<meta name=\"twitter:data2\" content=\"2 minutos\" \/>\n<script type=\"application\/ld+json\" class=\"yoast-schema-graph\">{\"@context\":\"https:\\\/\\\/schema.org\",\"@graph\":[{\"@type\":\"Article\",\"@id\":\"https:\\\/\\\/algarve7.pt\\\/index.php\\\/2021\\\/05\\\/junta-de-freguesia-de-quarteira-promove-sessao-informativa-sobre-poupanca-de-energia\\\/ambiente\\\/16\\\/18\\\/#article\",\"isPartOf\":{\"@id\":\"https:\\\/\\\/algarve7.pt\\\/index.php\\\/2021\\\/05\\\/junta-de-freguesia-de-quarteira-promove-sessao-informativa-sobre-poupanca-de-energia\\\/ambiente\\\/16\\\/18\\\/\"},\"author\":{\"name\":\"Algarve 7\",\"@id\":\"https:\\\/\\\/algarve7.pt\\\/#\\\/schema\\\/person\\\/23fa70681308e7b319a3204bcea45e0c\"},\"headline\":\"Junta de Freguesia de Quarteira promove sess\u00e3o informativa sobre poupan\u00e7a de energia\",\"datePublished\":\"2021-05-28T15:18:34+00:00\",\"dateModified\":\"2021-05-28T15:18:39+00:00\",\"mainEntityOfPage\":{\"@id\":\"https:\\\/\\\/algarve7.pt\\\/index.php\\\/2021\\\/05\\\/junta-de-freguesia-de-quarteira-promove-sessao-informativa-sobre-poupanca-de-energia\\\/ambiente\\\/16\\\/18\\\/\"},\"wordCount\":291,\"publisher\":{\"@id\":\"https:\\\/\\\/algarve7.pt\\\/#organization\"},\"image\":{\"@id\":\"https:\\\/\\\/algarve7.pt\\\/index.php\\\/2021\\\/05\\\/junta-de-freguesia-de-quarteira-promove-sessao-informativa-sobre-poupanca-de-energia\\\/ambiente\\\/16\\\/18\\\/#primaryimage\"},\"thumbnailUrl\":\"https:\\\/\\\/algarve7.pt\\\/wp-content\\\/uploads\\\/2021\\\/05\\\/FB-Evento.png\",\"keywords\":[\"Algarve\",\"Ambiente\",\"Quarteira\"],\"articleSection\":[\"Ambiente\"],\"inLanguage\":\"pt-PT\"},{\"@type\":\"WebPage\",\"@id\":\"https:\\\/\\\/algarve7.pt\\\/index.php\\\/2021\\\/05\\\/junta-de-freguesia-de-quarteira-promove-sessao-informativa-sobre-poupanca-de-energia\\\/ambiente\\\/16\\\/18\\\/\",\"url\":\"https:\\\/\\\/algarve7.pt\\\/index.php\\\/2021\\\/05\\\/junta-de-freguesia-de-quarteira-promove-sessao-informativa-sobre-poupanca-de-energia\\\/ambiente\\\/16\\\/18\\\/\",\"name\":\"Junta de Freguesia de Quarteira promove sess\u00e3o informativa sobre poupan\u00e7a de energia - Algarve 7\",\"isPartOf\":{\"@id\":\"https:\\\/\\\/algarve7.pt\\\/#website\"},\"primaryImageOfPage\":{\"@id\":\"https:\\\/\\\/algarve7.pt\\\/index.php\\\/2021\\\/05\\\/junta-de-freguesia-de-quarteira-promove-sessao-informativa-sobre-poupanca-de-energia\\\/ambiente\\\/16\\\/18\\\/#primaryimage\"},\"image\":{\"@id\":\"https:\\\/\\\/algarve7.pt\\\/index.php\\\/2021\\\/05\\\/junta-de-freguesia-de-quarteira-promove-sessao-informativa-sobre-poupanca-de-energia\\\/ambiente\\\/16\\\/18\\\/#primaryimage\"},\"thumbnailUrl\":\"https:\\\/\\\/algarve7.pt\\\/wp-content\\\/uploads\\\/2021\\\/05\\\/FB-Evento.png\",\"datePublished\":\"2021-05-28T15:18:34+00:00\",\"dateModified\":\"2021-05-28T15:18:39+00:00\",\"description\":\"Junta de Freguesia de Quarteira promove sess\u00e3o informativa sobre poupan\u00e7a de energia Ambiente\",\"breadcrumb\":{\"@id\":\"https:\\\/\\\/algarve7.pt\\\/index.php\\\/2021\\\/05\\\/junta-de-freguesia-de-quarteira-promove-sessao-informativa-sobre-poupanca-de-energia\\\/ambiente\\\/16\\\/18\\\/#breadcrumb\"},\"inLanguage\":\"pt-PT\",\"potentialAction\":[{\"@type\":\"ReadAction\",\"target\":[\"https:\\\/\\\/algarve7.pt\\\/index.php\\\/2021\\\/05\\\/junta-de-freguesia-de-quarteira-promove-sessao-informativa-sobre-poupanca-de-energia\\\/ambiente\\\/16\\\/18\\\/\"]}]},{\"@type\":\"ImageObject\",\"inLanguage\":\"pt-PT\",\"@id\":\"https:\\\/\\\/algarve7.pt\\\/index.php\\\/2021\\\/05\\\/junta-de-freguesia-de-quarteira-promove-sessao-informativa-sobre-poupanca-de-energia\\\/ambiente\\\/16\\\/18\\\/#primaryimage\",\"url\":\"https:\\\/\\\/algarve7.pt\\\/wp-content\\\/uploads\\\/2021\\\/05\\\/FB-Evento.png\",\"contentUrl\":\"https:\\\/\\\/algarve7.pt\\\/wp-content\\\/uploads\\\/2021\\\/05\\\/FB-Evento.png\",\"width\":1200,\"height\":628},{\"@type\":\"BreadcrumbList\",\"@id\":\"https:\\\/\\\/algarve7.pt\\\/index.php\\\/2021\\\/05\\\/junta-de-freguesia-de-quarteira-promove-sessao-informativa-sobre-poupanca-de-energia\\\/ambiente\\\/16\\\/18\\\/#breadcrumb\",\"itemListElement\":[{\"@type\":\"ListItem\",\"position\":1,\"name\":\"In\u00edcio\",\"item\":\"https:\\\/\\\/algarve7.pt\\\/\"},{\"@type\":\"ListItem\",\"position\":2,\"name\":\"Junta de Freguesia de Quarteira promove sess\u00e3o informativa sobre poupan\u00e7a de energia\"}]},{\"@type\":\"WebSite\",\"@id\":\"https:\\\/\\\/algarve7.pt\\\/#website\",\"url\":\"https:\\\/\\\/algarve7.pt\\\/\",\"name\":\"Algarve 7\",\"description\":\"Informa\u00e7\u00e3o sobre o Algarve\",\"publisher\":{\"@id\":\"https:\\\/\\\/algarve7.pt\\\/#organization\"},\"potentialAction\":[{\"@type\":\"SearchAction\",\"target\":{\"@type\":\"EntryPoint\",\"urlTemplate\":\"https:\\\/\\\/algarve7.pt\\\/?s={search_term_string}\"},\"query-input\":{\"@type\":\"PropertyValueSpecification\",\"valueRequired\":true,\"valueName\":\"search_term_string\"}}],\"inLanguage\":\"pt-PT\"},{\"@type\":\"Organization\",\"@id\":\"https:\\\/\\\/algarve7.pt\\\/#organization\",\"name\":\"Algarve 7\",\"url\":\"https:\\\/\\\/algarve7.pt\\\/\",\"logo\":{\"@type\":\"ImageObject\",\"inLanguage\":\"pt-PT\",\"@id\":\"https:\\\/\\\/algarve7.pt\\\/#\\\/schema\\\/logo\\\/image\\\/\",\"url\":\"https:\\\/\\\/algarve7.pt\\\/wp-content\\\/uploads\\\/2020\\\/10\\\/Logo-8.jpg\",\"contentUrl\":\"https:\\\/\\\/algarve7.pt\\\/wp-content\\\/uploads\\\/2020\\\/10\\\/Logo-8.jpg\",\"width\":1680,\"height\":1186,\"caption\":\"Algarve 7\"},\"image\":{\"@id\":\"https:\\\/\\\/algarve7.pt\\\/#\\\/schema\\\/logo\\\/image\\\/\"},\"sameAs\":[\"https:\\\/\\\/www.facebook.com\\\/algarve7\",\"https:\\\/\\\/x.com\\\/Algarvesete\",\"https:\\\/\\\/www.instagram.com\\\/jornalalgarve7\\\/\",\"https:\\\/\\\/www.linkedin.com\\\/company\\\/algarve7\",\"https:\\\/\\\/www.pinterest.pt\\\/geral0939\\\/_created\\\/\"]},{\"@type\":\"Person\",\"@id\":\"https:\\\/\\\/algarve7.pt\\\/#\\\/schema\\\/person\\\/23fa70681308e7b319a3204bcea45e0c\",\"name\":\"Algarve 7\",\"sameAs\":[\"https:\\\/\\\/algarve7.pt\",\"https:\\\/\\\/www.facebook.com\\\/algarve7\"],\"url\":\"https:\\\/\\\/algarve7.pt\\\/index.php\\\/author\\\/geralalgarve7-pt\\\/\"}]}<\/script>\n<!-- \/ Yoast SEO plugin. -->","yoast_head_json":{"title":"Junta de Freguesia de Quarteira promove sess\u00e3o informativa sobre poupan\u00e7a de energia - Algarve 7","description":"Junta de Freguesia de Quarteira promove sess\u00e3o informativa sobre poupan\u00e7a de energia Ambiente","robots":{"index":"index","follow":"follow","max-snippet":"max-snippet:-1","max-image-preview":"max-image-preview:large","max-video-preview":"max-video-preview:-1"},"canonical":"https:\/\/algarve7.pt\/index.php\/2021\/05\/junta-de-freguesia-de-quarteira-promove-sessao-informativa-sobre-poupanca-de-energia\/ambiente\/16\/18\/","og_locale":"pt_PT","og_type":"article","og_title":"Junta de Freguesia de Quarteira promove sess\u00e3o informativa sobre poupan\u00e7a de energia - Algarve 7","og_description":"Junta de Freguesia de Quarteira promove sess\u00e3o informativa sobre poupan\u00e7a de energia Ambiente","og_url":"https:\/\/algarve7.pt\/index.php\/2021\/05\/junta-de-freguesia-de-quarteira-promove-sessao-informativa-sobre-poupanca-de-energia\/ambiente\/16\/18\/","og_site_name":"Algarve 7","article_publisher":"https:\/\/www.facebook.com\/algarve7","article_author":"https:\/\/www.facebook.com\/algarve7","article_published_time":"2021-05-28T15:18:34+00:00","article_modified_time":"2021-05-28T15:18:39+00:00","og_image":[{"width":1200,"height":628,"url":"https:\/\/algarve7.pt\/wp-content\/uploads\/2021\/05\/FB-Evento.png","type":"image\/png"}],"author":"Algarve 7","twitter_card":"summary_large_image","twitter_creator":"@Algarvesete","twitter_site":"@Algarvesete","twitter_misc":{"Escrito por":"Algarve 7","Tempo estimado de leitura":"2 minutos"},"schema":{"@context":"https:\/\/schema.org","@graph":[{"@type":"Article","@id":"https:\/\/algarve7.pt\/index.php\/2021\/05\/junta-de-freguesia-de-quarteira-promove-sessao-informativa-sobre-poupanca-de-energia\/ambiente\/16\/18\/#article","isPartOf":{"@id":"https:\/\/algarve7.pt\/index.php\/2021\/05\/junta-de-freguesia-de-quarteira-promove-sessao-informativa-sobre-poupanca-de-energia\/ambiente\/16\/18\/"},"author":{"name":"Algarve 7","@id":"https:\/\/algarve7.pt\/#\/schema\/person\/23fa70681308e7b319a3204bcea45e0c"},"headline":"Junta de Freguesia de Quarteira promove sess\u00e3o informativa sobre poupan\u00e7a de energia","datePublished":"2021-05-28T15:18:34+00:00","dateModified":"2021-05-28T15:18:39+00:00","mainEntityOfPage":{"@id":"https:\/\/algarve7.pt\/index.php\/2021\/05\/junta-de-freguesia-de-quarteira-promove-sessao-informativa-sobre-poupanca-de-energia\/ambiente\/16\/18\/"},"wordCount":291,"publisher":{"@id":"https:\/\/algarve7.pt\/#organization"},"image":{"@id":"https:\/\/algarve7.pt\/index.php\/2021\/05\/junta-de-freguesia-de-quarteira-promove-sessao-informativa-sobre-poupanca-de-energia\/ambiente\/16\/18\/#primaryimage"},"thumbnailUrl":"https:\/\/algarve7.pt\/wp-content\/uploads\/2021\/05\/FB-Evento.png","keywords":["Algarve","Ambiente","Quarteira"],"articleSection":["Ambiente"],"inLanguage":"pt-PT"},{"@type":"WebPage","@id":"https:\/\/algarve7.pt\/index.php\/2021\/05\/junta-de-freguesia-de-quarteira-promove-sessao-informativa-sobre-poupanca-de-energia\/ambiente\/16\/18\/","url":"https:\/\/algarve7.pt\/index.php\/2021\/05\/junta-de-freguesia-de-quarteira-promove-sessao-informativa-sobre-poupanca-de-energia\/ambiente\/16\/18\/","name":"Junta de Freguesia de Quarteira promove sess\u00e3o informativa sobre poupan\u00e7a de energia - Algarve 7","isPartOf":{"@id":"https:\/\/algarve7.pt\/#website"},"primaryImageOfPage":{"@id":"https:\/\/algarve7.pt\/index.php\/2021\/05\/junta-de-freguesia-de-quarteira-promove-sessao-informativa-sobre-poupanca-de-energia\/ambiente\/16\/18\/#primaryimage"},"image":{"@id":"https:\/\/algarve7.pt\/index.php\/2021\/05\/junta-de-freguesia-de-quarteira-promove-sessao-informativa-sobre-poupanca-de-energia\/ambiente\/16\/18\/#primaryimage"},"thumbnailUrl":"https:\/\/algarve7.pt\/wp-content\/uploads\/2021\/05\/FB-Evento.png","datePublished":"2021-05-28T15:18:34+00:00","dateModified":"2021-05-28T15:18:39+00:00","description":"Junta de Freguesia de Quarteira promove sess\u00e3o informativa sobre poupan\u00e7a de energia Ambiente","breadcrumb":{"@id":"https:\/\/algarve7.pt\/index.php\/2021\/05\/junta-de-freguesia-de-quarteira-promove-sessao-informativa-sobre-poupanca-de-energia\/ambiente\/16\/18\/#breadcrumb"},"inLanguage":"pt-PT","potentialAction":[{"@type":"ReadAction","target":["https:\/\/algarve7.pt\/index.php\/2021\/05\/junta-de-freguesia-de-quarteira-promove-sessao-informativa-sobre-poupanca-de-energia\/ambiente\/16\/18\/"]}]},{"@type":"ImageObject","inLanguage":"pt-PT","@id":"https:\/\/algarve7.pt\/index.php\/2021\/05\/junta-de-freguesia-de-quarteira-promove-sessao-informativa-sobre-poupanca-de-energia\/ambiente\/16\/18\/#primaryimage","url":"https:\/\/algarve7.pt\/wp-content\/uploads\/2021\/05\/FB-Evento.png","contentUrl":"https:\/\/algarve7.pt\/wp-content\/uploads\/2021\/05\/FB-Evento.png","width":1200,"height":628},{"@type":"BreadcrumbList","@id":"https:\/\/algarve7.pt\/index.php\/2021\/05\/junta-de-freguesia-de-quarteira-promove-sessao-informativa-sobre-poupanca-de-energia\/ambiente\/16\/18\/#breadcrumb","itemListElement":[{"@type":"ListItem","position":1,"name":"In\u00edcio","item":"https:\/\/algarve7.pt\/"},{"@type":"ListItem","position":2,"name":"Junta de Freguesia de Quarteira promove sess\u00e3o informativa sobre poupan\u00e7a de energia"}]},{"@type":"WebSite","@id":"https:\/\/algarve7.pt\/#website","url":"https:\/\/algarve7.pt\/","name":"Algarve 7","description":"Informa\u00e7\u00e3o sobre o Algarve","publisher":{"@id":"https:\/\/algarve7.pt\/#organization"},"potentialAction":[{"@type":"SearchAction","target":{"@type":"EntryPoint","urlTemplate":"https:\/\/algarve7.pt\/?s={search_term_string}"},"query-input":{"@type":"PropertyValueSpecification","valueRequired":true,"valueName":"search_term_string"}}],"inLanguage":"pt-PT"},{"@type":"Organization","@id":"https:\/\/algarve7.pt\/#organization","name":"Algarve 7","url":"https:\/\/algarve7.pt\/","logo":{"@type":"ImageObject","inLanguage":"pt-PT","@id":"https:\/\/algarve7.pt\/#\/schema\/logo\/image\/","url":"https:\/\/algarve7.pt\/wp-content\/uploads\/2020\/10\/Logo-8.jpg","contentUrl":"https:\/\/algarve7.pt\/wp-content\/uploads\/2020\/10\/Logo-8.jpg","width":1680,"height":1186,"caption":"Algarve 7"},"image":{"@id":"https:\/\/algarve7.pt\/#\/schema\/logo\/image\/"},"sameAs":["https:\/\/www.facebook.com\/algarve7","https:\/\/x.com\/Algarvesete","https:\/\/www.instagram.com\/jornalalgarve7\/","https:\/\/www.linkedin.com\/company\/algarve7","https:\/\/www.pinterest.pt\/geral0939\/_created\/"]},{"@type":"Person","@id":"https:\/\/algarve7.pt\/#\/schema\/person\/23fa70681308e7b319a3204bcea45e0c","name":"Algarve 7","sameAs":["https:\/\/algarve7.pt","https:\/\/www.facebook.com\/algarve7"],"url":"https:\/\/algarve7.pt\/index.php\/author\/geralalgarve7-pt\/"}]}},"jetpack_publicize_connections":[],"jetpack_featured_media_url":"https:\/\/algarve7.pt\/wp-content\/uploads\/2021\/05\/FB-Evento.png","jetpack_shortlink":"https:\/\/wp.me\/pcezmW-2iQ","jetpack_sharing_enabled":true,"_links":{"self":[{"href":"https:\/\/algarve7.pt\/index.php\/wp-json\/wp\/v2\/posts\/8856","targetHints":{"allow":["GET"]}}],"collection":[{"href":"https:\/\/algarve7.pt\/index.php\/wp-json\/wp\/v2\/posts"}],"about":[{"href":"https:\/\/algarve7.pt\/index.php\/wp-json\/wp\/v2\/types\/post"}],"author":[{"embeddable":true,"href":"https:\/\/algarve7.pt\/index.php\/wp-json\/wp\/v2\/users\/1"}],"replies":[{"embeddable":true,"href":"https:\/\/algarve7.pt\/index.php\/wp-json\/wp\/v2\/comments?post=8856"}],"version-history":[{"count":0,"href":"https:\/\/algarve7.pt\/index.php\/wp-json\/wp\/v2\/posts\/8856\/revisions"}],"wp:featuredmedia":[{"embeddable":true,"href":"https:\/\/algarve7.pt\/index.php\/wp-json\/wp\/v2\/media\/8857"}],"wp:attachment":[{"href":"https:\/\/algarve7.pt\/index.php\/wp-json\/wp\/v2\/media?parent=8856"}],"wp:term":[{"taxonomy":"category","embeddable":true,"href":"https:\/\/algarve7.pt\/index.php\/wp-json\/wp\/v2\/categories?post=8856"},{"taxonomy":"post_tag","embeddable":true,"href":"https:\/\/algarve7.pt\/index.php\/wp-json\/wp\/v2\/tags?post=8856"}],"curies":[{"name":"wp","href":"https:\/\/api.w.org\/{rel}","templated":true}]}}