{"id":8850,"date":"2021-05-28T16:09:12","date_gmt":"2021-05-28T15:09:12","guid":{"rendered":"https:\/\/algarve7.pt\/?p=8850"},"modified":"2021-05-28T16:09:19","modified_gmt":"2021-05-28T15:09:19","slug":"camara-municipal-de-aljezur-apoia-os-musicos-e-agentes-ligados-ao-espetaculo","status":"publish","type":"post","link":"https:\/\/algarve7.pt\/index.php\/2021\/05\/camara-municipal-de-aljezur-apoia-os-musicos-e-agentes-ligados-ao-espetaculo\/cultura\/16\/09\/","title":{"rendered":"C\u00e2mara municipal de Aljezur apoia os m\u00fasicos e agentes ligados ao espet\u00e1culo"},"content":{"rendered":"\n<p>H\u00e1 cerca de um ano atr\u00e1s, abatia-se sobre a humanidade uma nova realidade, que ditaria uma mudan\u00e7a dr\u00e1stica no modo de vida de todos n\u00f3s. Esta nova realidade que se manifestou na forma de uma doen\u00e7a silenciosa, que cresceu em pandemia e que apresentou como \u00fanica arma eficaz a imposi\u00e7\u00e3o da necessidade de evitar a concentra\u00e7\u00e3o de pessoas e promover a implementa\u00e7\u00e3o de um distanciamento social efetivo, de modo a conter um cont\u00e1gio desenfreado desta doen\u00e7a chamada COVID-19.<\/p>\n\n\n\n<p>Os eventos culturais, os espet\u00e1culos musicais e os eventos de v\u00e1rias ordens, foram cancelados e adiados. Muitos profissionais e empresas ligadas ao mundo da cultura e dos espet\u00e1culos, t\u00eam sido fortemente castigados por toda esta situa\u00e7\u00e3o. Aljezur n\u00e3o fugiu a essa realidade e na presen\u00e7a da situa\u00e7\u00e3o epidemiol\u00f3gica e da forte aposta na sua conten\u00e7\u00e3o, foram suspensos v\u00e1rios momentos que acabaram mesmo por n\u00e3o acontecer, no decorrer deste \u00faltimo ano.<\/p>\n\n\n\n<p>Um dos sectores mais atingidos foi, sem d\u00favida, a Cultura nas suas mais variadas vertentes, e dentro destas vertentes a m\u00fasica e todos aqueles que com ela trabalham.<\/p>\n\n\n\n<p>Assim e em concreto o Munic\u00edpio de Aljezur decidiu contratar todos os artistas que tradicionalmente animavam os grandes eventos que se realizavam antes da Pandemia do Covid, nomeadamente a Feira do Folar, o Festival da Batata Doce de Aljezur, ou a noite multicultural, as anima\u00e7\u00f5es de ver\u00e3o pelas freguesias, as populares festas das coletividade locais t\u00e3o procuradas no ver\u00e3o. Os artistas Rita Melo, Bruno Amendoeira, Bruno Neves, Telma e Esmeraldino, Ricardo Pires, Pouca Terra, Z\u00e9lia, Dj Ventura e Gon\u00e7alo Raimundo, Salom\u00e9, Projecto Entrela\u00e7ar, foram convidados a gravarem uma apresenta\u00e7\u00e3o de som e imagem, que ir\u00e1 ser transmitida nas redes sociais (Facebook, Site do Munic\u00edpio, etc,) e posteriormente entregue aos artistas, como elemento de divulga\u00e7\u00e3o do seu trabalho.<\/p>\n","protected":false},"excerpt":{"rendered":"<p>H\u00e1 cerca de um ano atr\u00e1s, abatia-se sobre a humanidade uma nova realidade, que ditaria uma mudan\u00e7a dr\u00e1stica no modo<\/p>\n","protected":false},"author":1,"featured_media":8851,"comment_status":"closed","ping_status":"open","sticky":false,"template":"","format":"standard","meta":{"colormag_page_container_layout":"default_layout","colormag_page_sidebar_layout":"default_layout","_monsterinsights_skip_tracking":false,"_monsterinsights_sitenote_active":false,"_monsterinsights_sitenote_note":"","_monsterinsights_sitenote_category":0,"jetpack_post_was_ever_published":false,"_jetpack_newsletter_access":"","_jetpack_dont_email_post_to_subs":false,"_jetpack_newsletter_tier_id":0,"_jetpack_memberships_contains_paywalled_content":false,"_jetpack_memberships_contains_paid_content":false,"footnotes":"","jetpack_publicize_message":"","jetpack_publicize_feature_enabled":true,"jetpack_social_post_already_shared":true,"jetpack_social_options":{"image_generator_settings":{"template":"highway","default_image_id":0,"font":"","enabled":false},"version":2}},"categories":[14],"tags":[36,73,35],"class_list":["post-8850","post","type-post","status-publish","format-standard","has-post-thumbnail","hentry","category-cultura","tag-algarve","tag-aljezur","tag-cultura"],"yoast_head":"<!-- This site is optimized with the Yoast SEO plugin v27.5 - https:\/\/yoast.com\/product\/yoast-seo-wordpress\/ -->\n<title>C\u00e2mara municipal de Aljezur apoia os m\u00fasicos e agentes ligados ao espet\u00e1culo - Algarve 7<\/title>\n<meta name=\"description\" content=\"C\u00e2mara municipal de Aljezur apoia os m\u00fasicos e agentes ligados ao espet\u00e1culo Cultura\" \/>\n<meta name=\"robots\" content=\"index, follow, max-snippet:-1, max-image-preview:large, max-video-preview:-1\" \/>\n<link rel=\"canonical\" href=\"https:\/\/algarve7.pt\/index.php\/2021\/05\/camara-municipal-de-aljezur-apoia-os-musicos-e-agentes-ligados-ao-espetaculo\/cultura\/16\/09\/\" \/>\n<meta property=\"og:locale\" content=\"pt_PT\" \/>\n<meta property=\"og:type\" content=\"article\" \/>\n<meta property=\"og:title\" content=\"C\u00e2mara municipal de Aljezur apoia os m\u00fasicos e agentes ligados ao espet\u00e1culo - Algarve 7\" \/>\n<meta property=\"og:description\" content=\"C\u00e2mara municipal de Aljezur apoia os m\u00fasicos e agentes ligados ao espet\u00e1culo Cultura\" \/>\n<meta property=\"og:url\" content=\"https:\/\/algarve7.pt\/index.php\/2021\/05\/camara-municipal-de-aljezur-apoia-os-musicos-e-agentes-ligados-ao-espetaculo\/cultura\/16\/09\/\" \/>\n<meta property=\"og:site_name\" content=\"Algarve 7\" \/>\n<meta property=\"article:publisher\" content=\"https:\/\/www.facebook.com\/algarve7\" \/>\n<meta property=\"article:author\" content=\"https:\/\/www.facebook.com\/algarve7\" \/>\n<meta property=\"article:published_time\" content=\"2021-05-28T15:09:12+00:00\" \/>\n<meta property=\"article:modified_time\" content=\"2021-05-28T15:09:19+00:00\" \/>\n<meta property=\"og:image\" content=\"https:\/\/algarve7.pt\/wp-content\/uploads\/2021\/05\/agentes_culturais_mm.jpg\" \/>\n\t<meta property=\"og:image:width\" content=\"1632\" \/>\n\t<meta property=\"og:image:height\" content=\"883\" \/>\n\t<meta property=\"og:image:type\" content=\"image\/jpeg\" \/>\n<meta name=\"author\" content=\"Algarve 7\" \/>\n<meta name=\"twitter:card\" content=\"summary_large_image\" \/>\n<meta name=\"twitter:creator\" content=\"@Algarvesete\" \/>\n<meta name=\"twitter:site\" content=\"@Algarvesete\" \/>\n<meta name=\"twitter:label1\" content=\"Escrito por\" \/>\n\t<meta name=\"twitter:data1\" content=\"Algarve 7\" \/>\n\t<meta name=\"twitter:label2\" content=\"Tempo estimado de leitura\" \/>\n\t<meta name=\"twitter:data2\" content=\"2 minutos\" \/>\n<script type=\"application\/ld+json\" class=\"yoast-schema-graph\">{\"@context\":\"https:\\\/\\\/schema.org\",\"@graph\":[{\"@type\":\"Article\",\"@id\":\"https:\\\/\\\/algarve7.pt\\\/index.php\\\/2021\\\/05\\\/camara-municipal-de-aljezur-apoia-os-musicos-e-agentes-ligados-ao-espetaculo\\\/cultura\\\/16\\\/09\\\/#article\",\"isPartOf\":{\"@id\":\"https:\\\/\\\/algarve7.pt\\\/index.php\\\/2021\\\/05\\\/camara-municipal-de-aljezur-apoia-os-musicos-e-agentes-ligados-ao-espetaculo\\\/cultura\\\/16\\\/09\\\/\"},\"author\":{\"name\":\"Algarve 7\",\"@id\":\"https:\\\/\\\/algarve7.pt\\\/#\\\/schema\\\/person\\\/23fa70681308e7b319a3204bcea45e0c\"},\"headline\":\"C\u00e2mara municipal de Aljezur apoia os m\u00fasicos e agentes ligados ao espet\u00e1culo\",\"datePublished\":\"2021-05-28T15:09:12+00:00\",\"dateModified\":\"2021-05-28T15:09:19+00:00\",\"mainEntityOfPage\":{\"@id\":\"https:\\\/\\\/algarve7.pt\\\/index.php\\\/2021\\\/05\\\/camara-municipal-de-aljezur-apoia-os-musicos-e-agentes-ligados-ao-espetaculo\\\/cultura\\\/16\\\/09\\\/\"},\"wordCount\":343,\"publisher\":{\"@id\":\"https:\\\/\\\/algarve7.pt\\\/#organization\"},\"image\":{\"@id\":\"https:\\\/\\\/algarve7.pt\\\/index.php\\\/2021\\\/05\\\/camara-municipal-de-aljezur-apoia-os-musicos-e-agentes-ligados-ao-espetaculo\\\/cultura\\\/16\\\/09\\\/#primaryimage\"},\"thumbnailUrl\":\"https:\\\/\\\/algarve7.pt\\\/wp-content\\\/uploads\\\/2021\\\/05\\\/agentes_culturais_mm.jpg\",\"keywords\":[\"Algarve\",\"Aljezur\",\"Cultura\"],\"articleSection\":[\"Cultura\"],\"inLanguage\":\"pt-PT\"},{\"@type\":\"WebPage\",\"@id\":\"https:\\\/\\\/algarve7.pt\\\/index.php\\\/2021\\\/05\\\/camara-municipal-de-aljezur-apoia-os-musicos-e-agentes-ligados-ao-espetaculo\\\/cultura\\\/16\\\/09\\\/\",\"url\":\"https:\\\/\\\/algarve7.pt\\\/index.php\\\/2021\\\/05\\\/camara-municipal-de-aljezur-apoia-os-musicos-e-agentes-ligados-ao-espetaculo\\\/cultura\\\/16\\\/09\\\/\",\"name\":\"C\u00e2mara municipal de Aljezur apoia os m\u00fasicos e agentes ligados ao espet\u00e1culo - Algarve 7\",\"isPartOf\":{\"@id\":\"https:\\\/\\\/algarve7.pt\\\/#website\"},\"primaryImageOfPage\":{\"@id\":\"https:\\\/\\\/algarve7.pt\\\/index.php\\\/2021\\\/05\\\/camara-municipal-de-aljezur-apoia-os-musicos-e-agentes-ligados-ao-espetaculo\\\/cultura\\\/16\\\/09\\\/#primaryimage\"},\"image\":{\"@id\":\"https:\\\/\\\/algarve7.pt\\\/index.php\\\/2021\\\/05\\\/camara-municipal-de-aljezur-apoia-os-musicos-e-agentes-ligados-ao-espetaculo\\\/cultura\\\/16\\\/09\\\/#primaryimage\"},\"thumbnailUrl\":\"https:\\\/\\\/algarve7.pt\\\/wp-content\\\/uploads\\\/2021\\\/05\\\/agentes_culturais_mm.jpg\",\"datePublished\":\"2021-05-28T15:09:12+00:00\",\"dateModified\":\"2021-05-28T15:09:19+00:00\",\"description\":\"C\u00e2mara municipal de Aljezur apoia os m\u00fasicos e agentes ligados ao espet\u00e1culo Cultura\",\"breadcrumb\":{\"@id\":\"https:\\\/\\\/algarve7.pt\\\/index.php\\\/2021\\\/05\\\/camara-municipal-de-aljezur-apoia-os-musicos-e-agentes-ligados-ao-espetaculo\\\/cultura\\\/16\\\/09\\\/#breadcrumb\"},\"inLanguage\":\"pt-PT\",\"potentialAction\":[{\"@type\":\"ReadAction\",\"target\":[\"https:\\\/\\\/algarve7.pt\\\/index.php\\\/2021\\\/05\\\/camara-municipal-de-aljezur-apoia-os-musicos-e-agentes-ligados-ao-espetaculo\\\/cultura\\\/16\\\/09\\\/\"]}]},{\"@type\":\"ImageObject\",\"inLanguage\":\"pt-PT\",\"@id\":\"https:\\\/\\\/algarve7.pt\\\/index.php\\\/2021\\\/05\\\/camara-municipal-de-aljezur-apoia-os-musicos-e-agentes-ligados-ao-espetaculo\\\/cultura\\\/16\\\/09\\\/#primaryimage\",\"url\":\"https:\\\/\\\/algarve7.pt\\\/wp-content\\\/uploads\\\/2021\\\/05\\\/agentes_culturais_mm.jpg\",\"contentUrl\":\"https:\\\/\\\/algarve7.pt\\\/wp-content\\\/uploads\\\/2021\\\/05\\\/agentes_culturais_mm.jpg\",\"width\":1632,\"height\":883},{\"@type\":\"BreadcrumbList\",\"@id\":\"https:\\\/\\\/algarve7.pt\\\/index.php\\\/2021\\\/05\\\/camara-municipal-de-aljezur-apoia-os-musicos-e-agentes-ligados-ao-espetaculo\\\/cultura\\\/16\\\/09\\\/#breadcrumb\",\"itemListElement\":[{\"@type\":\"ListItem\",\"position\":1,\"name\":\"In\u00edcio\",\"item\":\"https:\\\/\\\/algarve7.pt\\\/\"},{\"@type\":\"ListItem\",\"position\":2,\"name\":\"C\u00e2mara municipal de Aljezur apoia os m\u00fasicos e agentes ligados ao espet\u00e1culo\"}]},{\"@type\":\"WebSite\",\"@id\":\"https:\\\/\\\/algarve7.pt\\\/#website\",\"url\":\"https:\\\/\\\/algarve7.pt\\\/\",\"name\":\"Algarve 7\",\"description\":\"Informa\u00e7\u00e3o sobre o Algarve\",\"publisher\":{\"@id\":\"https:\\\/\\\/algarve7.pt\\\/#organization\"},\"potentialAction\":[{\"@type\":\"SearchAction\",\"target\":{\"@type\":\"EntryPoint\",\"urlTemplate\":\"https:\\\/\\\/algarve7.pt\\\/?s={search_term_string}\"},\"query-input\":{\"@type\":\"PropertyValueSpecification\",\"valueRequired\":true,\"valueName\":\"search_term_string\"}}],\"inLanguage\":\"pt-PT\"},{\"@type\":\"Organization\",\"@id\":\"https:\\\/\\\/algarve7.pt\\\/#organization\",\"name\":\"Algarve 7\",\"url\":\"https:\\\/\\\/algarve7.pt\\\/\",\"logo\":{\"@type\":\"ImageObject\",\"inLanguage\":\"pt-PT\",\"@id\":\"https:\\\/\\\/algarve7.pt\\\/#\\\/schema\\\/logo\\\/image\\\/\",\"url\":\"https:\\\/\\\/algarve7.pt\\\/wp-content\\\/uploads\\\/2020\\\/10\\\/Logo-8.jpg\",\"contentUrl\":\"https:\\\/\\\/algarve7.pt\\\/wp-content\\\/uploads\\\/2020\\\/10\\\/Logo-8.jpg\",\"width\":1680,\"height\":1186,\"caption\":\"Algarve 7\"},\"image\":{\"@id\":\"https:\\\/\\\/algarve7.pt\\\/#\\\/schema\\\/logo\\\/image\\\/\"},\"sameAs\":[\"https:\\\/\\\/www.facebook.com\\\/algarve7\",\"https:\\\/\\\/x.com\\\/Algarvesete\",\"https:\\\/\\\/www.instagram.com\\\/jornalalgarve7\\\/\",\"https:\\\/\\\/www.linkedin.com\\\/company\\\/algarve7\",\"https:\\\/\\\/www.pinterest.pt\\\/geral0939\\\/_created\\\/\"]},{\"@type\":\"Person\",\"@id\":\"https:\\\/\\\/algarve7.pt\\\/#\\\/schema\\\/person\\\/23fa70681308e7b319a3204bcea45e0c\",\"name\":\"Algarve 7\",\"sameAs\":[\"https:\\\/\\\/algarve7.pt\",\"https:\\\/\\\/www.facebook.com\\\/algarve7\"],\"url\":\"https:\\\/\\\/algarve7.pt\\\/index.php\\\/author\\\/geralalgarve7-pt\\\/\"}]}<\/script>\n<!-- \/ Yoast SEO plugin. -->","yoast_head_json":{"title":"C\u00e2mara municipal de Aljezur apoia os m\u00fasicos e agentes ligados ao espet\u00e1culo - Algarve 7","description":"C\u00e2mara municipal de Aljezur apoia os m\u00fasicos e agentes ligados ao espet\u00e1culo Cultura","robots":{"index":"index","follow":"follow","max-snippet":"max-snippet:-1","max-image-preview":"max-image-preview:large","max-video-preview":"max-video-preview:-1"},"canonical":"https:\/\/algarve7.pt\/index.php\/2021\/05\/camara-municipal-de-aljezur-apoia-os-musicos-e-agentes-ligados-ao-espetaculo\/cultura\/16\/09\/","og_locale":"pt_PT","og_type":"article","og_title":"C\u00e2mara municipal de Aljezur apoia os m\u00fasicos e agentes ligados ao espet\u00e1culo - Algarve 7","og_description":"C\u00e2mara municipal de Aljezur apoia os m\u00fasicos e agentes ligados ao espet\u00e1culo Cultura","og_url":"https:\/\/algarve7.pt\/index.php\/2021\/05\/camara-municipal-de-aljezur-apoia-os-musicos-e-agentes-ligados-ao-espetaculo\/cultura\/16\/09\/","og_site_name":"Algarve 7","article_publisher":"https:\/\/www.facebook.com\/algarve7","article_author":"https:\/\/www.facebook.com\/algarve7","article_published_time":"2021-05-28T15:09:12+00:00","article_modified_time":"2021-05-28T15:09:19+00:00","og_image":[{"width":1632,"height":883,"url":"https:\/\/algarve7.pt\/wp-content\/uploads\/2021\/05\/agentes_culturais_mm.jpg","type":"image\/jpeg"}],"author":"Algarve 7","twitter_card":"summary_large_image","twitter_creator":"@Algarvesete","twitter_site":"@Algarvesete","twitter_misc":{"Escrito por":"Algarve 7","Tempo estimado de leitura":"2 minutos"},"schema":{"@context":"https:\/\/schema.org","@graph":[{"@type":"Article","@id":"https:\/\/algarve7.pt\/index.php\/2021\/05\/camara-municipal-de-aljezur-apoia-os-musicos-e-agentes-ligados-ao-espetaculo\/cultura\/16\/09\/#article","isPartOf":{"@id":"https:\/\/algarve7.pt\/index.php\/2021\/05\/camara-municipal-de-aljezur-apoia-os-musicos-e-agentes-ligados-ao-espetaculo\/cultura\/16\/09\/"},"author":{"name":"Algarve 7","@id":"https:\/\/algarve7.pt\/#\/schema\/person\/23fa70681308e7b319a3204bcea45e0c"},"headline":"C\u00e2mara municipal de Aljezur apoia os m\u00fasicos e agentes ligados ao espet\u00e1culo","datePublished":"2021-05-28T15:09:12+00:00","dateModified":"2021-05-28T15:09:19+00:00","mainEntityOfPage":{"@id":"https:\/\/algarve7.pt\/index.php\/2021\/05\/camara-municipal-de-aljezur-apoia-os-musicos-e-agentes-ligados-ao-espetaculo\/cultura\/16\/09\/"},"wordCount":343,"publisher":{"@id":"https:\/\/algarve7.pt\/#organization"},"image":{"@id":"https:\/\/algarve7.pt\/index.php\/2021\/05\/camara-municipal-de-aljezur-apoia-os-musicos-e-agentes-ligados-ao-espetaculo\/cultura\/16\/09\/#primaryimage"},"thumbnailUrl":"https:\/\/algarve7.pt\/wp-content\/uploads\/2021\/05\/agentes_culturais_mm.jpg","keywords":["Algarve","Aljezur","Cultura"],"articleSection":["Cultura"],"inLanguage":"pt-PT"},{"@type":"WebPage","@id":"https:\/\/algarve7.pt\/index.php\/2021\/05\/camara-municipal-de-aljezur-apoia-os-musicos-e-agentes-ligados-ao-espetaculo\/cultura\/16\/09\/","url":"https:\/\/algarve7.pt\/index.php\/2021\/05\/camara-municipal-de-aljezur-apoia-os-musicos-e-agentes-ligados-ao-espetaculo\/cultura\/16\/09\/","name":"C\u00e2mara municipal de Aljezur apoia os m\u00fasicos e agentes ligados ao espet\u00e1culo - Algarve 7","isPartOf":{"@id":"https:\/\/algarve7.pt\/#website"},"primaryImageOfPage":{"@id":"https:\/\/algarve7.pt\/index.php\/2021\/05\/camara-municipal-de-aljezur-apoia-os-musicos-e-agentes-ligados-ao-espetaculo\/cultura\/16\/09\/#primaryimage"},"image":{"@id":"https:\/\/algarve7.pt\/index.php\/2021\/05\/camara-municipal-de-aljezur-apoia-os-musicos-e-agentes-ligados-ao-espetaculo\/cultura\/16\/09\/#primaryimage"},"thumbnailUrl":"https:\/\/algarve7.pt\/wp-content\/uploads\/2021\/05\/agentes_culturais_mm.jpg","datePublished":"2021-05-28T15:09:12+00:00","dateModified":"2021-05-28T15:09:19+00:00","description":"C\u00e2mara municipal de Aljezur apoia os m\u00fasicos e agentes ligados ao espet\u00e1culo Cultura","breadcrumb":{"@id":"https:\/\/algarve7.pt\/index.php\/2021\/05\/camara-municipal-de-aljezur-apoia-os-musicos-e-agentes-ligados-ao-espetaculo\/cultura\/16\/09\/#breadcrumb"},"inLanguage":"pt-PT","potentialAction":[{"@type":"ReadAction","target":["https:\/\/algarve7.pt\/index.php\/2021\/05\/camara-municipal-de-aljezur-apoia-os-musicos-e-agentes-ligados-ao-espetaculo\/cultura\/16\/09\/"]}]},{"@type":"ImageObject","inLanguage":"pt-PT","@id":"https:\/\/algarve7.pt\/index.php\/2021\/05\/camara-municipal-de-aljezur-apoia-os-musicos-e-agentes-ligados-ao-espetaculo\/cultura\/16\/09\/#primaryimage","url":"https:\/\/algarve7.pt\/wp-content\/uploads\/2021\/05\/agentes_culturais_mm.jpg","contentUrl":"https:\/\/algarve7.pt\/wp-content\/uploads\/2021\/05\/agentes_culturais_mm.jpg","width":1632,"height":883},{"@type":"BreadcrumbList","@id":"https:\/\/algarve7.pt\/index.php\/2021\/05\/camara-municipal-de-aljezur-apoia-os-musicos-e-agentes-ligados-ao-espetaculo\/cultura\/16\/09\/#breadcrumb","itemListElement":[{"@type":"ListItem","position":1,"name":"In\u00edcio","item":"https:\/\/algarve7.pt\/"},{"@type":"ListItem","position":2,"name":"C\u00e2mara municipal de Aljezur apoia os m\u00fasicos e agentes ligados ao espet\u00e1culo"}]},{"@type":"WebSite","@id":"https:\/\/algarve7.pt\/#website","url":"https:\/\/algarve7.pt\/","name":"Algarve 7","description":"Informa\u00e7\u00e3o sobre o Algarve","publisher":{"@id":"https:\/\/algarve7.pt\/#organization"},"potentialAction":[{"@type":"SearchAction","target":{"@type":"EntryPoint","urlTemplate":"https:\/\/algarve7.pt\/?s={search_term_string}"},"query-input":{"@type":"PropertyValueSpecification","valueRequired":true,"valueName":"search_term_string"}}],"inLanguage":"pt-PT"},{"@type":"Organization","@id":"https:\/\/algarve7.pt\/#organization","name":"Algarve 7","url":"https:\/\/algarve7.pt\/","logo":{"@type":"ImageObject","inLanguage":"pt-PT","@id":"https:\/\/algarve7.pt\/#\/schema\/logo\/image\/","url":"https:\/\/algarve7.pt\/wp-content\/uploads\/2020\/10\/Logo-8.jpg","contentUrl":"https:\/\/algarve7.pt\/wp-content\/uploads\/2020\/10\/Logo-8.jpg","width":1680,"height":1186,"caption":"Algarve 7"},"image":{"@id":"https:\/\/algarve7.pt\/#\/schema\/logo\/image\/"},"sameAs":["https:\/\/www.facebook.com\/algarve7","https:\/\/x.com\/Algarvesete","https:\/\/www.instagram.com\/jornalalgarve7\/","https:\/\/www.linkedin.com\/company\/algarve7","https:\/\/www.pinterest.pt\/geral0939\/_created\/"]},{"@type":"Person","@id":"https:\/\/algarve7.pt\/#\/schema\/person\/23fa70681308e7b319a3204bcea45e0c","name":"Algarve 7","sameAs":["https:\/\/algarve7.pt","https:\/\/www.facebook.com\/algarve7"],"url":"https:\/\/algarve7.pt\/index.php\/author\/geralalgarve7-pt\/"}]}},"jetpack_publicize_connections":[],"jetpack_featured_media_url":"https:\/\/algarve7.pt\/wp-content\/uploads\/2021\/05\/agentes_culturais_mm.jpg","jetpack_shortlink":"https:\/\/wp.me\/pcezmW-2iK","jetpack_sharing_enabled":true,"_links":{"self":[{"href":"https:\/\/algarve7.pt\/index.php\/wp-json\/wp\/v2\/posts\/8850","targetHints":{"allow":["GET"]}}],"collection":[{"href":"https:\/\/algarve7.pt\/index.php\/wp-json\/wp\/v2\/posts"}],"about":[{"href":"https:\/\/algarve7.pt\/index.php\/wp-json\/wp\/v2\/types\/post"}],"author":[{"embeddable":true,"href":"https:\/\/algarve7.pt\/index.php\/wp-json\/wp\/v2\/users\/1"}],"replies":[{"embeddable":true,"href":"https:\/\/algarve7.pt\/index.php\/wp-json\/wp\/v2\/comments?post=8850"}],"version-history":[{"count":0,"href":"https:\/\/algarve7.pt\/index.php\/wp-json\/wp\/v2\/posts\/8850\/revisions"}],"wp:featuredmedia":[{"embeddable":true,"href":"https:\/\/algarve7.pt\/index.php\/wp-json\/wp\/v2\/media\/8851"}],"wp:attachment":[{"href":"https:\/\/algarve7.pt\/index.php\/wp-json\/wp\/v2\/media?parent=8850"}],"wp:term":[{"taxonomy":"category","embeddable":true,"href":"https:\/\/algarve7.pt\/index.php\/wp-json\/wp\/v2\/categories?post=8850"},{"taxonomy":"post_tag","embeddable":true,"href":"https:\/\/algarve7.pt\/index.php\/wp-json\/wp\/v2\/tags?post=8850"}],"curies":[{"name":"wp","href":"https:\/\/api.w.org\/{rel}","templated":true}]}}