{"id":8729,"date":"2021-05-25T17:25:31","date_gmt":"2021-05-25T16:25:31","guid":{"rendered":"https:\/\/algarve7.pt\/?p=8729"},"modified":"2021-05-25T17:25:35","modified_gmt":"2021-05-25T16:25:35","slug":"festival-dias-da-percussao-portimao-2021-vai-encher-a-cidade-de-ritmos-contagiantes-e-promover-o-dialogo-com-a-musica","status":"publish","type":"post","link":"https:\/\/algarve7.pt\/index.php\/2021\/05\/festival-dias-da-percussao-portimao-2021-vai-encher-a-cidade-de-ritmos-contagiantes-e-promover-o-dialogo-com-a-musica\/cultura\/17\/25\/","title":{"rendered":"Festival Dias da Percuss\u00e3o Portim\u00e3o 2021 vai encher a cidade de ritmos contagiantes e promover o di\u00e1logo com a m\u00fasica"},"content":{"rendered":"\n<p>Entre 25 e 27 de junho pr\u00f3ximo, os ritmos contagiantes e as batidas sincopadas v\u00e3o agitar a cidade atrav\u00e9s da edi\u00e7\u00e3o inaugural do festival&nbsp;DPP\u201921 \u2013 Dias da Percuss\u00e3o Portim\u00e3o 2021, com uma programa\u00e7\u00e3o diversificada que inclui concertos, desfiles, oficinas e masterclasses apostando na proximidade entre a comunidade local e esta linguagem art\u00edstica universal de uni\u00e3o e di\u00e1logo.<\/p>\n\n\n\n<p>&nbsp;&nbsp;<br>O festival re\u00fane percussionistas de renome nacional e internacional, entre os quais Vasco Ramalho e Nuno Aroso (marimba e vibrafone), Eduardo Cardinho (vibrafone), Marcos Cavaleiro (bateria), S\u00e9rgio Almeida (percuss\u00e3o africana),&nbsp;o&nbsp;Bombo\u00e9mia &#8211; Grupo de Percuss\u00e3o da Universidade do Minho&nbsp;(percuss\u00e3o luso-brasileira), o Jo\u00e3o Guimar\u00e3es Grupo (sob dire\u00e7\u00e3o de Jo\u00e3o Guimar\u00e3es no saxofone) e o duo Isabel Vaz (violoncelo) e Vasco Dantas (piano).&nbsp;<\/p>\n\n\n\n<p>A desafiante proposta em cima da mesa, e dirigida a este elenco de percussionistas consagrados, \u00e9 que estabele\u00e7am di\u00e1logo com os artistas residentes na regi\u00e3o algarvia, sobretudo os alunos do curso integrado e do curso profissional de Jazz do Agrupamento de Escolas da Bemposta.<\/p>\n\n\n\n<p>Do programa dos Dias da Percuss\u00e3o Portim\u00e3o 2021, faz parte a realiza\u00e7\u00e3o de quatro concertos, como mostra da variedade e riqueza do mundo da percuss\u00e3o, desde a m\u00fasica contempor\u00e2nea \u00e0 m\u00fasica cl\u00e1ssica, passando at\u00e9 pelo jazz.&nbsp;<\/p>\n\n\n\n<p>A um m\u00eas da realiza\u00e7\u00e3o do evento, j\u00e1 se podem destacar da programa\u00e7\u00e3o a encomenda musical dos DPP\u201921 ao compositor Jo\u00e3o Pedro Oliveira, que estrear\u00e1 a obra \u201cIn&nbsp;the&nbsp;House&nbsp;of&nbsp;the&nbsp;Glass&nbsp;King\u201d, com Nuno Aroso, Vasco Ramalho e o Algarve Grupo de Percuss\u00e3o Contempor\u00e2neo, formando por jovens percussionistas da regi\u00e3o, bem como a estreia de uma improv\u00e1vel obra musical para marimba e \u2018sardinhofone\u2019, ao abrigo do Fundo de Fomento Cultural do Minist\u00e9rio da Cultura, com dire\u00e7\u00e3o e interpreta\u00e7\u00e3o de Vasco Ramalho, composi\u00e7\u00e3o de Tiago Cutileiro, a qual ter\u00e1 a ind\u00fastria conserveira de Portim\u00e3o como principal inspira\u00e7\u00e3o criativa.<\/p>\n\n\n\n<p>&nbsp;&nbsp;<br>Para al\u00e9m dos concertos, os DPP\u201921 ter\u00e3o uma conversa online como mote pr\u00e9-evento, que pretende refletir sobre todos os desafios inerentes \u00e0 cria\u00e7\u00e3o e programa\u00e7\u00e3o da percuss\u00e3o contempor\u00e2nea na atualidade portuguesa. A conversa ser\u00e1 mediada pela dire\u00e7\u00e3o art\u00edstica do festival, tendo a participa\u00e7\u00e3o de v\u00e1rios artistas, programadores e compositores convidados.<\/p>\n\n\n\n<p>A fechar a programa\u00e7\u00e3o com chave de ouro, haver\u00e1 desfiles protagonizados pelo&nbsp;Bombo\u00e9mia, al\u00e9m de quatro oficinas e master classes de percuss\u00e3o, especialmente direcionadas para o p\u00fablico infantojuvenil.<\/p>\n\n\n\n<p>Os DPP\u201921 projetar-se-\u00e3o em rede na cidade e em constante articula\u00e7\u00e3o com as potencialidades dos equipamentos p\u00fablicos, entre os quais o TEMPO \u2013 Teatro Municipal de Portim\u00e3o e o Museu de Portim\u00e3o, bem como em di\u00e1logo com os espa\u00e7os p\u00fablicos do concelho, como s\u00e3o o centro hist\u00f3rico e a zona ribeirinha de Portim\u00e3o, a Praia da Rocha e o centro da vila de Alvor, que ser\u00e3o palcos dos desfiles.<\/p>\n\n\n\n<p>Este \u00e9 um projeto d\u2019O Corvo e a Raposa Associa\u00e7\u00e3o Cultural, apoiado pela Dire\u00e7\u00e3o-Geral das Artes, eixo Programa\u00e7\u00e3o e Desenvolvimento de P\u00fablicos, tendo o Munic\u00edpio de Portim\u00e3o como parceiro estrat\u00e9gico, e conta ainda com o apoio do Agrupamento de Escolas da Bemposta, das Juntas de Freguesia de Portim\u00e3o e de Alvor, assim como da Antena2 e da R\u00e1dio Portim\u00e3o, enquanto parceiros media.<\/p>\n\n\n\n<p>A programa\u00e7\u00e3o detalhada dos Dias da Percuss\u00e3o Portim\u00e3o 2021 pode desde j\u00e1 ser consultada na Internet, atrav\u00e9s do seguinte endere\u00e7o eletr\u00f3nico:\u00a0<a href=\"https:\/\/www.dpportimao.pt\/\" target=\"_blank\" rel=\"noreferrer noopener\">www.dpportimao.pt<\/a><\/p>\n\n\n\n<div class=\"wp-block-image\"><figure class=\"aligncenter size-large is-resized\"><img loading=\"lazy\" decoding=\"async\" src=\"https:\/\/algarve7.pt\/wp-content\/uploads\/2021\/05\/DDP-Programa-2021-819x1024.jpg\" alt=\"\" class=\"wp-image-8731\" width=\"451\" height=\"564\" srcset=\"https:\/\/algarve7.pt\/wp-content\/uploads\/2021\/05\/DDP-Programa-2021-819x1024.jpg 819w, https:\/\/algarve7.pt\/wp-content\/uploads\/2021\/05\/DDP-Programa-2021-240x300.jpg 240w, https:\/\/algarve7.pt\/wp-content\/uploads\/2021\/05\/DDP-Programa-2021-768x960.jpg 768w, https:\/\/algarve7.pt\/wp-content\/uploads\/2021\/05\/DDP-Programa-2021.jpg 1200w\" sizes=\"auto, (max-width: 451px) 100vw, 451px\" \/><\/figure><\/div>\n","protected":false},"excerpt":{"rendered":"<p>Entre 25 e 27 de junho pr\u00f3ximo, os ritmos contagiantes e as batidas sincopadas v\u00e3o agitar a cidade atrav\u00e9s da<\/p>\n","protected":false},"author":1,"featured_media":8730,"comment_status":"closed","ping_status":"open","sticky":false,"template":"","format":"standard","meta":{"colormag_page_container_layout":"default_layout","colormag_page_sidebar_layout":"default_layout","_monsterinsights_skip_tracking":false,"_monsterinsights_sitenote_active":false,"_monsterinsights_sitenote_note":"","_monsterinsights_sitenote_category":0,"jetpack_post_was_ever_published":false,"_jetpack_newsletter_access":"","_jetpack_dont_email_post_to_subs":false,"_jetpack_newsletter_tier_id":0,"_jetpack_memberships_contains_paywalled_content":false,"_jetpack_memberships_contains_paid_content":false,"footnotes":"","jetpack_publicize_message":"","jetpack_publicize_feature_enabled":true,"jetpack_social_post_already_shared":true,"jetpack_social_options":{"image_generator_settings":{"template":"highway","default_image_id":0,"font":"","enabled":false},"version":2}},"categories":[14],"tags":[36,35,72],"class_list":["post-8729","post","type-post","status-publish","format-standard","has-post-thumbnail","hentry","category-cultura","tag-algarve","tag-cultura","tag-portimao"],"yoast_head":"<!-- This site is optimized with the Yoast SEO plugin v27.5 - https:\/\/yoast.com\/product\/yoast-seo-wordpress\/ -->\n<title>Festival Dias da Percuss\u00e3o Portim\u00e3o 2021 vai encher a cidade de ritmos contagiantes e promover o di\u00e1logo com a m\u00fasica - Algarve 7<\/title>\n<meta name=\"description\" content=\"Festival Dias da Percuss\u00e3o Portim\u00e3o 2021 vai encher a cidade de ritmos contagiantes e promover o di\u00e1logo com a m\u00fasica Cultura\" \/>\n<meta name=\"robots\" content=\"index, follow, max-snippet:-1, max-image-preview:large, max-video-preview:-1\" \/>\n<link rel=\"canonical\" href=\"https:\/\/algarve7.pt\/index.php\/2021\/05\/festival-dias-da-percussao-portimao-2021-vai-encher-a-cidade-de-ritmos-contagiantes-e-promover-o-dialogo-com-a-musica\/cultura\/17\/25\/\" \/>\n<meta property=\"og:locale\" content=\"pt_PT\" \/>\n<meta property=\"og:type\" content=\"article\" \/>\n<meta property=\"og:title\" content=\"Festival Dias da Percuss\u00e3o Portim\u00e3o 2021 vai encher a cidade de ritmos contagiantes e promover o di\u00e1logo com a m\u00fasica - Algarve 7\" \/>\n<meta property=\"og:description\" content=\"Festival Dias da Percuss\u00e3o Portim\u00e3o 2021 vai encher a cidade de ritmos contagiantes e promover o di\u00e1logo com a m\u00fasica Cultura\" \/>\n<meta property=\"og:url\" content=\"https:\/\/algarve7.pt\/index.php\/2021\/05\/festival-dias-da-percussao-portimao-2021-vai-encher-a-cidade-de-ritmos-contagiantes-e-promover-o-dialogo-com-a-musica\/cultura\/17\/25\/\" \/>\n<meta property=\"og:site_name\" content=\"Algarve 7\" \/>\n<meta property=\"article:publisher\" content=\"https:\/\/www.facebook.com\/algarve7\" \/>\n<meta property=\"article:author\" content=\"https:\/\/www.facebook.com\/algarve7\" \/>\n<meta property=\"article:published_time\" content=\"2021-05-25T16:25:31+00:00\" \/>\n<meta property=\"article:modified_time\" content=\"2021-05-25T16:25:35+00:00\" \/>\n<meta property=\"og:image\" content=\"https:\/\/algarve7.pt\/wp-content\/uploads\/2021\/05\/bomboemia.jpg\" \/>\n\t<meta property=\"og:image:width\" content=\"1500\" \/>\n\t<meta property=\"og:image:height\" content=\"1205\" \/>\n\t<meta property=\"og:image:type\" content=\"image\/jpeg\" \/>\n<meta name=\"author\" content=\"Algarve 7\" \/>\n<meta name=\"twitter:card\" content=\"summary_large_image\" \/>\n<meta name=\"twitter:creator\" content=\"@Algarvesete\" \/>\n<meta name=\"twitter:site\" content=\"@Algarvesete\" \/>\n<meta name=\"twitter:label1\" content=\"Escrito por\" \/>\n\t<meta name=\"twitter:data1\" content=\"Algarve 7\" \/>\n\t<meta name=\"twitter:label2\" content=\"Tempo estimado de leitura\" \/>\n\t<meta name=\"twitter:data2\" content=\"3 minutos\" \/>\n<script type=\"application\/ld+json\" class=\"yoast-schema-graph\">{\"@context\":\"https:\\\/\\\/schema.org\",\"@graph\":[{\"@type\":\"Article\",\"@id\":\"https:\\\/\\\/algarve7.pt\\\/index.php\\\/2021\\\/05\\\/festival-dias-da-percussao-portimao-2021-vai-encher-a-cidade-de-ritmos-contagiantes-e-promover-o-dialogo-com-a-musica\\\/cultura\\\/17\\\/25\\\/#article\",\"isPartOf\":{\"@id\":\"https:\\\/\\\/algarve7.pt\\\/index.php\\\/2021\\\/05\\\/festival-dias-da-percussao-portimao-2021-vai-encher-a-cidade-de-ritmos-contagiantes-e-promover-o-dialogo-com-a-musica\\\/cultura\\\/17\\\/25\\\/\"},\"author\":{\"name\":\"Algarve 7\",\"@id\":\"https:\\\/\\\/algarve7.pt\\\/#\\\/schema\\\/person\\\/23fa70681308e7b319a3204bcea45e0c\"},\"headline\":\"Festival Dias da Percuss\u00e3o Portim\u00e3o 2021 vai encher a cidade de ritmos contagiantes e promover o di\u00e1logo com a m\u00fasica\",\"datePublished\":\"2021-05-25T16:25:31+00:00\",\"dateModified\":\"2021-05-25T16:25:35+00:00\",\"mainEntityOfPage\":{\"@id\":\"https:\\\/\\\/algarve7.pt\\\/index.php\\\/2021\\\/05\\\/festival-dias-da-percussao-portimao-2021-vai-encher-a-cidade-de-ritmos-contagiantes-e-promover-o-dialogo-com-a-musica\\\/cultura\\\/17\\\/25\\\/\"},\"wordCount\":654,\"publisher\":{\"@id\":\"https:\\\/\\\/algarve7.pt\\\/#organization\"},\"image\":{\"@id\":\"https:\\\/\\\/algarve7.pt\\\/index.php\\\/2021\\\/05\\\/festival-dias-da-percussao-portimao-2021-vai-encher-a-cidade-de-ritmos-contagiantes-e-promover-o-dialogo-com-a-musica\\\/cultura\\\/17\\\/25\\\/#primaryimage\"},\"thumbnailUrl\":\"https:\\\/\\\/algarve7.pt\\\/wp-content\\\/uploads\\\/2021\\\/05\\\/bomboemia.jpg\",\"keywords\":[\"Algarve\",\"Cultura\",\"Portim\u00e3o\"],\"articleSection\":[\"Cultura\"],\"inLanguage\":\"pt-PT\"},{\"@type\":\"WebPage\",\"@id\":\"https:\\\/\\\/algarve7.pt\\\/index.php\\\/2021\\\/05\\\/festival-dias-da-percussao-portimao-2021-vai-encher-a-cidade-de-ritmos-contagiantes-e-promover-o-dialogo-com-a-musica\\\/cultura\\\/17\\\/25\\\/\",\"url\":\"https:\\\/\\\/algarve7.pt\\\/index.php\\\/2021\\\/05\\\/festival-dias-da-percussao-portimao-2021-vai-encher-a-cidade-de-ritmos-contagiantes-e-promover-o-dialogo-com-a-musica\\\/cultura\\\/17\\\/25\\\/\",\"name\":\"Festival Dias da Percuss\u00e3o Portim\u00e3o 2021 vai encher a cidade de ritmos contagiantes e promover o di\u00e1logo com a m\u00fasica - Algarve 7\",\"isPartOf\":{\"@id\":\"https:\\\/\\\/algarve7.pt\\\/#website\"},\"primaryImageOfPage\":{\"@id\":\"https:\\\/\\\/algarve7.pt\\\/index.php\\\/2021\\\/05\\\/festival-dias-da-percussao-portimao-2021-vai-encher-a-cidade-de-ritmos-contagiantes-e-promover-o-dialogo-com-a-musica\\\/cultura\\\/17\\\/25\\\/#primaryimage\"},\"image\":{\"@id\":\"https:\\\/\\\/algarve7.pt\\\/index.php\\\/2021\\\/05\\\/festival-dias-da-percussao-portimao-2021-vai-encher-a-cidade-de-ritmos-contagiantes-e-promover-o-dialogo-com-a-musica\\\/cultura\\\/17\\\/25\\\/#primaryimage\"},\"thumbnailUrl\":\"https:\\\/\\\/algarve7.pt\\\/wp-content\\\/uploads\\\/2021\\\/05\\\/bomboemia.jpg\",\"datePublished\":\"2021-05-25T16:25:31+00:00\",\"dateModified\":\"2021-05-25T16:25:35+00:00\",\"description\":\"Festival Dias da Percuss\u00e3o Portim\u00e3o 2021 vai encher a cidade de ritmos contagiantes e promover o di\u00e1logo com a m\u00fasica Cultura\",\"breadcrumb\":{\"@id\":\"https:\\\/\\\/algarve7.pt\\\/index.php\\\/2021\\\/05\\\/festival-dias-da-percussao-portimao-2021-vai-encher-a-cidade-de-ritmos-contagiantes-e-promover-o-dialogo-com-a-musica\\\/cultura\\\/17\\\/25\\\/#breadcrumb\"},\"inLanguage\":\"pt-PT\",\"potentialAction\":[{\"@type\":\"ReadAction\",\"target\":[\"https:\\\/\\\/algarve7.pt\\\/index.php\\\/2021\\\/05\\\/festival-dias-da-percussao-portimao-2021-vai-encher-a-cidade-de-ritmos-contagiantes-e-promover-o-dialogo-com-a-musica\\\/cultura\\\/17\\\/25\\\/\"]}]},{\"@type\":\"ImageObject\",\"inLanguage\":\"pt-PT\",\"@id\":\"https:\\\/\\\/algarve7.pt\\\/index.php\\\/2021\\\/05\\\/festival-dias-da-percussao-portimao-2021-vai-encher-a-cidade-de-ritmos-contagiantes-e-promover-o-dialogo-com-a-musica\\\/cultura\\\/17\\\/25\\\/#primaryimage\",\"url\":\"https:\\\/\\\/algarve7.pt\\\/wp-content\\\/uploads\\\/2021\\\/05\\\/bomboemia.jpg\",\"contentUrl\":\"https:\\\/\\\/algarve7.pt\\\/wp-content\\\/uploads\\\/2021\\\/05\\\/bomboemia.jpg\",\"width\":1500,\"height\":1205},{\"@type\":\"BreadcrumbList\",\"@id\":\"https:\\\/\\\/algarve7.pt\\\/index.php\\\/2021\\\/05\\\/festival-dias-da-percussao-portimao-2021-vai-encher-a-cidade-de-ritmos-contagiantes-e-promover-o-dialogo-com-a-musica\\\/cultura\\\/17\\\/25\\\/#breadcrumb\",\"itemListElement\":[{\"@type\":\"ListItem\",\"position\":1,\"name\":\"In\u00edcio\",\"item\":\"https:\\\/\\\/algarve7.pt\\\/\"},{\"@type\":\"ListItem\",\"position\":2,\"name\":\"Festival Dias da Percuss\u00e3o Portim\u00e3o 2021 vai encher a cidade de ritmos contagiantes e promover o di\u00e1logo com a m\u00fasica\"}]},{\"@type\":\"WebSite\",\"@id\":\"https:\\\/\\\/algarve7.pt\\\/#website\",\"url\":\"https:\\\/\\\/algarve7.pt\\\/\",\"name\":\"Algarve 7\",\"description\":\"Informa\u00e7\u00e3o sobre o Algarve\",\"publisher\":{\"@id\":\"https:\\\/\\\/algarve7.pt\\\/#organization\"},\"potentialAction\":[{\"@type\":\"SearchAction\",\"target\":{\"@type\":\"EntryPoint\",\"urlTemplate\":\"https:\\\/\\\/algarve7.pt\\\/?s={search_term_string}\"},\"query-input\":{\"@type\":\"PropertyValueSpecification\",\"valueRequired\":true,\"valueName\":\"search_term_string\"}}],\"inLanguage\":\"pt-PT\"},{\"@type\":\"Organization\",\"@id\":\"https:\\\/\\\/algarve7.pt\\\/#organization\",\"name\":\"Algarve 7\",\"url\":\"https:\\\/\\\/algarve7.pt\\\/\",\"logo\":{\"@type\":\"ImageObject\",\"inLanguage\":\"pt-PT\",\"@id\":\"https:\\\/\\\/algarve7.pt\\\/#\\\/schema\\\/logo\\\/image\\\/\",\"url\":\"https:\\\/\\\/algarve7.pt\\\/wp-content\\\/uploads\\\/2020\\\/10\\\/Logo-8.jpg\",\"contentUrl\":\"https:\\\/\\\/algarve7.pt\\\/wp-content\\\/uploads\\\/2020\\\/10\\\/Logo-8.jpg\",\"width\":1680,\"height\":1186,\"caption\":\"Algarve 7\"},\"image\":{\"@id\":\"https:\\\/\\\/algarve7.pt\\\/#\\\/schema\\\/logo\\\/image\\\/\"},\"sameAs\":[\"https:\\\/\\\/www.facebook.com\\\/algarve7\",\"https:\\\/\\\/x.com\\\/Algarvesete\",\"https:\\\/\\\/www.instagram.com\\\/jornalalgarve7\\\/\",\"https:\\\/\\\/www.linkedin.com\\\/company\\\/algarve7\",\"https:\\\/\\\/www.pinterest.pt\\\/geral0939\\\/_created\\\/\"]},{\"@type\":\"Person\",\"@id\":\"https:\\\/\\\/algarve7.pt\\\/#\\\/schema\\\/person\\\/23fa70681308e7b319a3204bcea45e0c\",\"name\":\"Algarve 7\",\"sameAs\":[\"https:\\\/\\\/algarve7.pt\",\"https:\\\/\\\/www.facebook.com\\\/algarve7\"],\"url\":\"https:\\\/\\\/algarve7.pt\\\/index.php\\\/author\\\/geralalgarve7-pt\\\/\"}]}<\/script>\n<!-- \/ Yoast SEO plugin. -->","yoast_head_json":{"title":"Festival Dias da Percuss\u00e3o Portim\u00e3o 2021 vai encher a cidade de ritmos contagiantes e promover o di\u00e1logo com a m\u00fasica - Algarve 7","description":"Festival Dias da Percuss\u00e3o Portim\u00e3o 2021 vai encher a cidade de ritmos contagiantes e promover o di\u00e1logo com a m\u00fasica Cultura","robots":{"index":"index","follow":"follow","max-snippet":"max-snippet:-1","max-image-preview":"max-image-preview:large","max-video-preview":"max-video-preview:-1"},"canonical":"https:\/\/algarve7.pt\/index.php\/2021\/05\/festival-dias-da-percussao-portimao-2021-vai-encher-a-cidade-de-ritmos-contagiantes-e-promover-o-dialogo-com-a-musica\/cultura\/17\/25\/","og_locale":"pt_PT","og_type":"article","og_title":"Festival Dias da Percuss\u00e3o Portim\u00e3o 2021 vai encher a cidade de ritmos contagiantes e promover o di\u00e1logo com a m\u00fasica - Algarve 7","og_description":"Festival Dias da Percuss\u00e3o Portim\u00e3o 2021 vai encher a cidade de ritmos contagiantes e promover o di\u00e1logo com a m\u00fasica Cultura","og_url":"https:\/\/algarve7.pt\/index.php\/2021\/05\/festival-dias-da-percussao-portimao-2021-vai-encher-a-cidade-de-ritmos-contagiantes-e-promover-o-dialogo-com-a-musica\/cultura\/17\/25\/","og_site_name":"Algarve 7","article_publisher":"https:\/\/www.facebook.com\/algarve7","article_author":"https:\/\/www.facebook.com\/algarve7","article_published_time":"2021-05-25T16:25:31+00:00","article_modified_time":"2021-05-25T16:25:35+00:00","og_image":[{"width":1500,"height":1205,"url":"https:\/\/algarve7.pt\/wp-content\/uploads\/2021\/05\/bomboemia.jpg","type":"image\/jpeg"}],"author":"Algarve 7","twitter_card":"summary_large_image","twitter_creator":"@Algarvesete","twitter_site":"@Algarvesete","twitter_misc":{"Escrito por":"Algarve 7","Tempo estimado de leitura":"3 minutos"},"schema":{"@context":"https:\/\/schema.org","@graph":[{"@type":"Article","@id":"https:\/\/algarve7.pt\/index.php\/2021\/05\/festival-dias-da-percussao-portimao-2021-vai-encher-a-cidade-de-ritmos-contagiantes-e-promover-o-dialogo-com-a-musica\/cultura\/17\/25\/#article","isPartOf":{"@id":"https:\/\/algarve7.pt\/index.php\/2021\/05\/festival-dias-da-percussao-portimao-2021-vai-encher-a-cidade-de-ritmos-contagiantes-e-promover-o-dialogo-com-a-musica\/cultura\/17\/25\/"},"author":{"name":"Algarve 7","@id":"https:\/\/algarve7.pt\/#\/schema\/person\/23fa70681308e7b319a3204bcea45e0c"},"headline":"Festival Dias da Percuss\u00e3o Portim\u00e3o 2021 vai encher a cidade de ritmos contagiantes e promover o di\u00e1logo com a m\u00fasica","datePublished":"2021-05-25T16:25:31+00:00","dateModified":"2021-05-25T16:25:35+00:00","mainEntityOfPage":{"@id":"https:\/\/algarve7.pt\/index.php\/2021\/05\/festival-dias-da-percussao-portimao-2021-vai-encher-a-cidade-de-ritmos-contagiantes-e-promover-o-dialogo-com-a-musica\/cultura\/17\/25\/"},"wordCount":654,"publisher":{"@id":"https:\/\/algarve7.pt\/#organization"},"image":{"@id":"https:\/\/algarve7.pt\/index.php\/2021\/05\/festival-dias-da-percussao-portimao-2021-vai-encher-a-cidade-de-ritmos-contagiantes-e-promover-o-dialogo-com-a-musica\/cultura\/17\/25\/#primaryimage"},"thumbnailUrl":"https:\/\/algarve7.pt\/wp-content\/uploads\/2021\/05\/bomboemia.jpg","keywords":["Algarve","Cultura","Portim\u00e3o"],"articleSection":["Cultura"],"inLanguage":"pt-PT"},{"@type":"WebPage","@id":"https:\/\/algarve7.pt\/index.php\/2021\/05\/festival-dias-da-percussao-portimao-2021-vai-encher-a-cidade-de-ritmos-contagiantes-e-promover-o-dialogo-com-a-musica\/cultura\/17\/25\/","url":"https:\/\/algarve7.pt\/index.php\/2021\/05\/festival-dias-da-percussao-portimao-2021-vai-encher-a-cidade-de-ritmos-contagiantes-e-promover-o-dialogo-com-a-musica\/cultura\/17\/25\/","name":"Festival Dias da Percuss\u00e3o Portim\u00e3o 2021 vai encher a cidade de ritmos contagiantes e promover o di\u00e1logo com a m\u00fasica - Algarve 7","isPartOf":{"@id":"https:\/\/algarve7.pt\/#website"},"primaryImageOfPage":{"@id":"https:\/\/algarve7.pt\/index.php\/2021\/05\/festival-dias-da-percussao-portimao-2021-vai-encher-a-cidade-de-ritmos-contagiantes-e-promover-o-dialogo-com-a-musica\/cultura\/17\/25\/#primaryimage"},"image":{"@id":"https:\/\/algarve7.pt\/index.php\/2021\/05\/festival-dias-da-percussao-portimao-2021-vai-encher-a-cidade-de-ritmos-contagiantes-e-promover-o-dialogo-com-a-musica\/cultura\/17\/25\/#primaryimage"},"thumbnailUrl":"https:\/\/algarve7.pt\/wp-content\/uploads\/2021\/05\/bomboemia.jpg","datePublished":"2021-05-25T16:25:31+00:00","dateModified":"2021-05-25T16:25:35+00:00","description":"Festival Dias da Percuss\u00e3o Portim\u00e3o 2021 vai encher a cidade de ritmos contagiantes e promover o di\u00e1logo com a m\u00fasica Cultura","breadcrumb":{"@id":"https:\/\/algarve7.pt\/index.php\/2021\/05\/festival-dias-da-percussao-portimao-2021-vai-encher-a-cidade-de-ritmos-contagiantes-e-promover-o-dialogo-com-a-musica\/cultura\/17\/25\/#breadcrumb"},"inLanguage":"pt-PT","potentialAction":[{"@type":"ReadAction","target":["https:\/\/algarve7.pt\/index.php\/2021\/05\/festival-dias-da-percussao-portimao-2021-vai-encher-a-cidade-de-ritmos-contagiantes-e-promover-o-dialogo-com-a-musica\/cultura\/17\/25\/"]}]},{"@type":"ImageObject","inLanguage":"pt-PT","@id":"https:\/\/algarve7.pt\/index.php\/2021\/05\/festival-dias-da-percussao-portimao-2021-vai-encher-a-cidade-de-ritmos-contagiantes-e-promover-o-dialogo-com-a-musica\/cultura\/17\/25\/#primaryimage","url":"https:\/\/algarve7.pt\/wp-content\/uploads\/2021\/05\/bomboemia.jpg","contentUrl":"https:\/\/algarve7.pt\/wp-content\/uploads\/2021\/05\/bomboemia.jpg","width":1500,"height":1205},{"@type":"BreadcrumbList","@id":"https:\/\/algarve7.pt\/index.php\/2021\/05\/festival-dias-da-percussao-portimao-2021-vai-encher-a-cidade-de-ritmos-contagiantes-e-promover-o-dialogo-com-a-musica\/cultura\/17\/25\/#breadcrumb","itemListElement":[{"@type":"ListItem","position":1,"name":"In\u00edcio","item":"https:\/\/algarve7.pt\/"},{"@type":"ListItem","position":2,"name":"Festival Dias da Percuss\u00e3o Portim\u00e3o 2021 vai encher a cidade de ritmos contagiantes e promover o di\u00e1logo com a m\u00fasica"}]},{"@type":"WebSite","@id":"https:\/\/algarve7.pt\/#website","url":"https:\/\/algarve7.pt\/","name":"Algarve 7","description":"Informa\u00e7\u00e3o sobre o Algarve","publisher":{"@id":"https:\/\/algarve7.pt\/#organization"},"potentialAction":[{"@type":"SearchAction","target":{"@type":"EntryPoint","urlTemplate":"https:\/\/algarve7.pt\/?s={search_term_string}"},"query-input":{"@type":"PropertyValueSpecification","valueRequired":true,"valueName":"search_term_string"}}],"inLanguage":"pt-PT"},{"@type":"Organization","@id":"https:\/\/algarve7.pt\/#organization","name":"Algarve 7","url":"https:\/\/algarve7.pt\/","logo":{"@type":"ImageObject","inLanguage":"pt-PT","@id":"https:\/\/algarve7.pt\/#\/schema\/logo\/image\/","url":"https:\/\/algarve7.pt\/wp-content\/uploads\/2020\/10\/Logo-8.jpg","contentUrl":"https:\/\/algarve7.pt\/wp-content\/uploads\/2020\/10\/Logo-8.jpg","width":1680,"height":1186,"caption":"Algarve 7"},"image":{"@id":"https:\/\/algarve7.pt\/#\/schema\/logo\/image\/"},"sameAs":["https:\/\/www.facebook.com\/algarve7","https:\/\/x.com\/Algarvesete","https:\/\/www.instagram.com\/jornalalgarve7\/","https:\/\/www.linkedin.com\/company\/algarve7","https:\/\/www.pinterest.pt\/geral0939\/_created\/"]},{"@type":"Person","@id":"https:\/\/algarve7.pt\/#\/schema\/person\/23fa70681308e7b319a3204bcea45e0c","name":"Algarve 7","sameAs":["https:\/\/algarve7.pt","https:\/\/www.facebook.com\/algarve7"],"url":"https:\/\/algarve7.pt\/index.php\/author\/geralalgarve7-pt\/"}]}},"jetpack_publicize_connections":[],"jetpack_featured_media_url":"https:\/\/algarve7.pt\/wp-content\/uploads\/2021\/05\/bomboemia.jpg","jetpack_shortlink":"https:\/\/wp.me\/pcezmW-2gN","jetpack_sharing_enabled":true,"_links":{"self":[{"href":"https:\/\/algarve7.pt\/index.php\/wp-json\/wp\/v2\/posts\/8729","targetHints":{"allow":["GET"]}}],"collection":[{"href":"https:\/\/algarve7.pt\/index.php\/wp-json\/wp\/v2\/posts"}],"about":[{"href":"https:\/\/algarve7.pt\/index.php\/wp-json\/wp\/v2\/types\/post"}],"author":[{"embeddable":true,"href":"https:\/\/algarve7.pt\/index.php\/wp-json\/wp\/v2\/users\/1"}],"replies":[{"embeddable":true,"href":"https:\/\/algarve7.pt\/index.php\/wp-json\/wp\/v2\/comments?post=8729"}],"version-history":[{"count":0,"href":"https:\/\/algarve7.pt\/index.php\/wp-json\/wp\/v2\/posts\/8729\/revisions"}],"wp:featuredmedia":[{"embeddable":true,"href":"https:\/\/algarve7.pt\/index.php\/wp-json\/wp\/v2\/media\/8730"}],"wp:attachment":[{"href":"https:\/\/algarve7.pt\/index.php\/wp-json\/wp\/v2\/media?parent=8729"}],"wp:term":[{"taxonomy":"category","embeddable":true,"href":"https:\/\/algarve7.pt\/index.php\/wp-json\/wp\/v2\/categories?post=8729"},{"taxonomy":"post_tag","embeddable":true,"href":"https:\/\/algarve7.pt\/index.php\/wp-json\/wp\/v2\/tags?post=8729"}],"curies":[{"name":"wp","href":"https:\/\/api.w.org\/{rel}","templated":true}]}}