{"id":869,"date":"2020-08-28T19:53:23","date_gmt":"2020-08-28T18:53:23","guid":{"rendered":"https:\/\/algarve7.pt\/?p=869"},"modified":"2020-08-28T19:54:39","modified_gmt":"2020-08-28T18:54:39","slug":"lidia-jorge-distinguida-com-o-premio-fil-de-literatura-linguas-romanicas-2020","status":"publish","type":"post","link":"https:\/\/algarve7.pt\/index.php\/2020\/08\/lidia-jorge-distinguida-com-o-premio-fil-de-literatura-linguas-romanicas-2020\/cultura\/19\/53\/","title":{"rendered":"L\u00eddia Jorge Distinguida com o Pr\u00e9mio FIL de Literatura L\u00ednguas Rom\u00e2nicas 2020"},"content":{"rendered":"\n<div class=\"wp-block-jetpack-markdown\"><p>L\u00eddia Jorge foi hoje distinguida com um dos maiores pr\u00e9mios de literatura para autores latinos, o Pr\u00e9mio FIL de Literatura em L\u00ednguas Rom\u00e2nicas 2020, atribu\u00eddo pela organiza\u00e7\u00e3o da Feira Internacional do Livro de Guadalajara, na cidade do M\u00e9xico.\n\u00c9 com imensa honra e orgulho que o executivo municipal, em representa\u00e7\u00e3o de todos os louletanos, vem expressar a sua alegria e emo\u00e7\u00e3o pela not\u00edcia e enviar publicamente \u00e0 prestigiada escritora louletana, melhor dito \u00e0 escritora de refer\u00eancia mundial, L\u00eddia Jorge, uma palavra de felicita\u00e7\u00e3o pelo Pr\u00e9mio, assim como de profundo reconhecimento, respeito e gratid\u00e3o pela sua obra e pelo seu pensamento, sempre atual, acutilante e desafiador. Uma escritora com uma implica\u00e7\u00e3o c\u00edvica que \u00e9 uma refer\u00eancia para a nossa comunidade e para o nosso pa\u00eds.\nV\u00edtor Aleixo, Presidente da C\u00e2mara de Loul\u00e9, considera que o Pr\u00e9mio FIL de Literatura em L\u00ednguas Rom\u00e2nicas 2020 \u201c\u00e9 um reconhecimento just\u00edssimo de uma escritora e grande humanista que, ao longo da sua carreira, tem contribu\u00eddo para a promo\u00e7\u00e3o da l\u00edngua portuguesa e, simultaneamente, da cultura latina no mundo\u201d, acrescentando que \u201cpara mim, autarca louletano, admirador e leitor da escritora, \u00e9 uma enorme felicidade ter a honra de, em nome de todos os louletanos, dar os parab\u00e9ns \u00e0 nossa conterr\u00e2nea por esta distin\u00e7\u00e3o que tanto nos enobrece e nos confere uma responsabilidade acrescida para continuar a trabalhar no sentido de fortalecer o papel da Cultura na comunidade\u201d.\nL\u00eddia Jorge e o seu enorme Humanismo obt\u00eam, assim, este galard\u00e3o. \u201cConvida sempre os seus leitores a ir com ela a algum lado e f\u00e1-lo com uma subtileza est\u00e9tica eu n\u00e3o pode, nem deve, passar desapercebida\u201d, sublinha o j\u00fari do Pr\u00e9mio.<\/p>\n<p>A entrega do galard\u00e3o m\u00e1ximo da FIL Guadalajara \u00e0 narradora, poeta, ensa\u00edsta e dramaturga portuguesa acontece a 28 de novembro.\nA Feira Internacional do Livro de Guadalajara (1987) foi idealizada e criada pela universidade daquela cidade mexicana, \u00e9 hoje um dos maiores acontecimentos liter\u00e1rios a n\u00edvel universal. Tem um forte impacto local e uma grande participa\u00e7\u00e3o internacional, sendo o maior evento liter\u00e1rio de l\u00edngua espanhola, sendo a segunda  maior feira do livro a n\u00edvel mundial, a seguir \u00e0 de Frankfurt, na Alemanha.\nO Pr\u00e9mio FIL de Literatura em L\u00ednguas Rom\u00e2nicas, criado em 1991, tem como objetivo distinguir uma obra de cria\u00e7\u00e3o de qualquer g\u00e9nero liter\u00e1rio, e j\u00e1 premiou, entre outros, os seguintes escritores: Nicanor Parra (1991), N\u00e9lida Pi\u00f1\u00f3n (1995), Rubem Fonseca (2003), Ant\u00f3nio Lobo Antunes (2008), Claudio Magris (2014), Enrique Vila-Matas (2015).<\/p>\n<p>L\u00eddia Jorge foi distinguida ao longo da sua carreira por v\u00e1rios pr\u00e9mios, dos quais: Pr\u00e9mio Ricardo Malheiros (1980),  Pr\u00e9mio Liter\u00e1rio Munic\u00edpio de Lisboa (1982, 1984),  Pr\u00e9mio Bordalo de Literatura da Casa da Imprensa (1995, 1998),  Pr\u00e9mio D. Dinis (1998),  Pr\u00e9mio P.E.N. Clube Portugu\u00eas de Novel\u00edstica (1999),  Pr\u00e9mio M\u00e1xima de Literatura (1999),  Pr\u00e9mio Jean Monet de Literatura Europeia, Escritor Europeu do Ano (2000),  Grande Pr\u00e9mio de Romance e Novela APE\/DGLB (2002),  Pr\u00e9mio Liter\u00e1rio Casino da P\u00f3voa (2004), Pr\u00e9mio Internacional Albatroz de Literatura da Funda\u00e7\u00e3o G\u00fcnter Grass (2006),  Pr\u00e9mio Luso-Espanhol de Arte e Cultura (2014), Pr\u00e9mio Verg\u00edlio Ferreira (2015) e Pr\u00e9mio Urbano Tavares Rodrigues (2015) e o Grande Pr\u00e9mio de Literatura dst (2019).\nFoi condecorada com a Gr\u00e3-Cruz da Ordem do Infante D. Henrique de Portugal (9 de Mar\u00e7o de 2005) e com a distin\u00e7\u00e3o de Dama da Ordem das Artes e das Letras de Fran\u00e7a (13 de Abril de 2005).<\/p>\n<p>Tem uma vasta obra publicada, passando pelos diversos estilos liter\u00e1rios desde o romances, contos, literatura infantil, ensaio, teatro, poesia e cr\u00f3nicas.<\/p>\n<p>A sua primeira obra \u201cO Dia dos Prod\u00edgios\u201d (1980) teve uma excelente aceita\u00e7\u00e3o e nos trinta anos da sua publica\u00e7\u00e3o a C\u00e2mara Municipal de Loul\u00e9, em 2010, dedicou-lhe uma grande exposi\u00e7\u00e3o, realizada no Convento de Santo Ant\u00f3nio.\nPara mais informa\u00e7\u00f5es sobre a obra de L\u00eddia Jorge: https:\/\/www.lidiajorge.com\/\nPara mais informa\u00e7\u00f5es sobre o Pr\u00e9mio FIL de Literatura em L\u00ednguas Rom\u00e2nicas: www.facebook.com\/filgdl<\/p>\n<\/div>\n","protected":false},"excerpt":{"rendered":"","protected":false},"author":1,"featured_media":871,"comment_status":"closed","ping_status":"open","sticky":false,"template":"","format":"standard","meta":{"colormag_page_container_layout":"default_layout","colormag_page_sidebar_layout":"default_layout","_monsterinsights_skip_tracking":false,"_monsterinsights_sitenote_active":false,"_monsterinsights_sitenote_note":"","_monsterinsights_sitenote_category":0,"jetpack_post_was_ever_published":false,"_jetpack_newsletter_access":"","_jetpack_dont_email_post_to_subs":false,"_jetpack_newsletter_tier_id":0,"_jetpack_memberships_contains_paywalled_content":false,"_jetpack_memberships_contains_paid_content":false,"footnotes":"","jetpack_publicize_message":"","jetpack_publicize_feature_enabled":true,"jetpack_social_post_already_shared":true,"jetpack_social_options":{"image_generator_settings":{"template":"highway","default_image_id":0,"font":"","enabled":false},"version":2}},"categories":[14],"tags":[35,81,31,80],"class_list":["post-869","post","type-post","status-publish","format-standard","has-post-thumbnail","hentry","category-cultura","tag-cultura","tag-literatura","tag-loule","tag-premio"],"yoast_head":"<!-- This site is optimized with the Yoast SEO plugin v27.5 - https:\/\/yoast.com\/product\/yoast-seo-wordpress\/ -->\n<title>L\u00eddia Jorge Distinguida com o Pr\u00e9mio FIL de Literatura L\u00ednguas Rom\u00e2nicas 2020 - Algarve 7<\/title>\n<meta name=\"description\" content=\"L\u00eddia Jorge Distinguida com o Pr\u00e9mio FIL de Literatura L\u00ednguas Rom\u00e2nicas 2020\" \/>\n<meta name=\"robots\" content=\"index, follow, max-snippet:-1, max-image-preview:large, max-video-preview:-1\" \/>\n<link rel=\"canonical\" href=\"https:\/\/algarve7.pt\/index.php\/2020\/08\/lidia-jorge-distinguida-com-o-premio-fil-de-literatura-linguas-romanicas-2020\/cultura\/19\/53\/\" \/>\n<meta property=\"og:locale\" content=\"pt_PT\" \/>\n<meta property=\"og:type\" content=\"article\" \/>\n<meta property=\"og:title\" content=\"L\u00eddia Jorge Distinguida com o Pr\u00e9mio FIL de Literatura L\u00ednguas Rom\u00e2nicas 2020 - Algarve 7\" \/>\n<meta property=\"og:description\" content=\"L\u00eddia Jorge Distinguida com o Pr\u00e9mio FIL de Literatura L\u00ednguas Rom\u00e2nicas 2020\" \/>\n<meta property=\"og:url\" content=\"https:\/\/algarve7.pt\/index.php\/2020\/08\/lidia-jorge-distinguida-com-o-premio-fil-de-literatura-linguas-romanicas-2020\/cultura\/19\/53\/\" \/>\n<meta property=\"og:site_name\" content=\"Algarve 7\" \/>\n<meta property=\"article:publisher\" content=\"https:\/\/www.facebook.com\/algarve7\" \/>\n<meta property=\"article:author\" content=\"https:\/\/www.facebook.com\/algarve7\" \/>\n<meta property=\"article:published_time\" content=\"2020-08-28T18:53:23+00:00\" \/>\n<meta property=\"article:modified_time\" content=\"2020-08-28T18:54:39+00:00\" \/>\n<meta property=\"og:image\" content=\"https:\/\/algarve7.pt\/wp-content\/uploads\/2020\/08\/Lidia-Jorge-AC-isento1-e1598640736558.jpg\" \/>\n\t<meta property=\"og:image:width\" content=\"1280\" \/>\n\t<meta property=\"og:image:height\" content=\"1488\" \/>\n\t<meta property=\"og:image:type\" content=\"image\/jpeg\" \/>\n<meta name=\"author\" content=\"Algarve 7\" \/>\n<meta name=\"twitter:card\" content=\"summary_large_image\" \/>\n<meta name=\"twitter:creator\" content=\"@Algarvesete\" \/>\n<meta name=\"twitter:site\" content=\"@Algarvesete\" \/>\n<meta name=\"twitter:label1\" content=\"Escrito por\" \/>\n\t<meta name=\"twitter:data1\" content=\"Algarve 7\" \/>\n\t<meta name=\"twitter:label2\" content=\"Tempo estimado de leitura\" \/>\n\t<meta name=\"twitter:data2\" content=\"4 minutos\" \/>\n<script type=\"application\/ld+json\" class=\"yoast-schema-graph\">{\"@context\":\"https:\\\/\\\/schema.org\",\"@graph\":[{\"@type\":\"Article\",\"@id\":\"https:\\\/\\\/algarve7.pt\\\/index.php\\\/2020\\\/08\\\/lidia-jorge-distinguida-com-o-premio-fil-de-literatura-linguas-romanicas-2020\\\/cultura\\\/19\\\/53\\\/#article\",\"isPartOf\":{\"@id\":\"https:\\\/\\\/algarve7.pt\\\/index.php\\\/2020\\\/08\\\/lidia-jorge-distinguida-com-o-premio-fil-de-literatura-linguas-romanicas-2020\\\/cultura\\\/19\\\/53\\\/\"},\"author\":{\"name\":\"Algarve 7\",\"@id\":\"https:\\\/\\\/algarve7.pt\\\/#\\\/schema\\\/person\\\/23fa70681308e7b319a3204bcea45e0c\"},\"headline\":\"L\u00eddia Jorge Distinguida com o Pr\u00e9mio FIL de Literatura L\u00ednguas Rom\u00e2nicas 2020\",\"datePublished\":\"2020-08-28T18:53:23+00:00\",\"dateModified\":\"2020-08-28T18:54:39+00:00\",\"mainEntityOfPage\":{\"@id\":\"https:\\\/\\\/algarve7.pt\\\/index.php\\\/2020\\\/08\\\/lidia-jorge-distinguida-com-o-premio-fil-de-literatura-linguas-romanicas-2020\\\/cultura\\\/19\\\/53\\\/\"},\"wordCount\":718,\"publisher\":{\"@id\":\"https:\\\/\\\/algarve7.pt\\\/#organization\"},\"image\":{\"@id\":\"https:\\\/\\\/algarve7.pt\\\/index.php\\\/2020\\\/08\\\/lidia-jorge-distinguida-com-o-premio-fil-de-literatura-linguas-romanicas-2020\\\/cultura\\\/19\\\/53\\\/#primaryimage\"},\"thumbnailUrl\":\"https:\\\/\\\/algarve7.pt\\\/wp-content\\\/uploads\\\/2020\\\/08\\\/Lidia-Jorge-AC-isento1-e1598640736558.jpg\",\"keywords\":[\"Cultura\",\"Literatura\",\"Loul\u00e9\",\"Pr\u00e9mio\"],\"articleSection\":[\"Cultura\"],\"inLanguage\":\"pt-PT\"},{\"@type\":\"WebPage\",\"@id\":\"https:\\\/\\\/algarve7.pt\\\/index.php\\\/2020\\\/08\\\/lidia-jorge-distinguida-com-o-premio-fil-de-literatura-linguas-romanicas-2020\\\/cultura\\\/19\\\/53\\\/\",\"url\":\"https:\\\/\\\/algarve7.pt\\\/index.php\\\/2020\\\/08\\\/lidia-jorge-distinguida-com-o-premio-fil-de-literatura-linguas-romanicas-2020\\\/cultura\\\/19\\\/53\\\/\",\"name\":\"L\u00eddia Jorge Distinguida com o Pr\u00e9mio FIL de Literatura L\u00ednguas Rom\u00e2nicas 2020 - Algarve 7\",\"isPartOf\":{\"@id\":\"https:\\\/\\\/algarve7.pt\\\/#website\"},\"primaryImageOfPage\":{\"@id\":\"https:\\\/\\\/algarve7.pt\\\/index.php\\\/2020\\\/08\\\/lidia-jorge-distinguida-com-o-premio-fil-de-literatura-linguas-romanicas-2020\\\/cultura\\\/19\\\/53\\\/#primaryimage\"},\"image\":{\"@id\":\"https:\\\/\\\/algarve7.pt\\\/index.php\\\/2020\\\/08\\\/lidia-jorge-distinguida-com-o-premio-fil-de-literatura-linguas-romanicas-2020\\\/cultura\\\/19\\\/53\\\/#primaryimage\"},\"thumbnailUrl\":\"https:\\\/\\\/algarve7.pt\\\/wp-content\\\/uploads\\\/2020\\\/08\\\/Lidia-Jorge-AC-isento1-e1598640736558.jpg\",\"datePublished\":\"2020-08-28T18:53:23+00:00\",\"dateModified\":\"2020-08-28T18:54:39+00:00\",\"description\":\"L\u00eddia Jorge Distinguida com o Pr\u00e9mio FIL de Literatura L\u00ednguas Rom\u00e2nicas 2020\",\"breadcrumb\":{\"@id\":\"https:\\\/\\\/algarve7.pt\\\/index.php\\\/2020\\\/08\\\/lidia-jorge-distinguida-com-o-premio-fil-de-literatura-linguas-romanicas-2020\\\/cultura\\\/19\\\/53\\\/#breadcrumb\"},\"inLanguage\":\"pt-PT\",\"potentialAction\":[{\"@type\":\"ReadAction\",\"target\":[\"https:\\\/\\\/algarve7.pt\\\/index.php\\\/2020\\\/08\\\/lidia-jorge-distinguida-com-o-premio-fil-de-literatura-linguas-romanicas-2020\\\/cultura\\\/19\\\/53\\\/\"]}]},{\"@type\":\"ImageObject\",\"inLanguage\":\"pt-PT\",\"@id\":\"https:\\\/\\\/algarve7.pt\\\/index.php\\\/2020\\\/08\\\/lidia-jorge-distinguida-com-o-premio-fil-de-literatura-linguas-romanicas-2020\\\/cultura\\\/19\\\/53\\\/#primaryimage\",\"url\":\"https:\\\/\\\/algarve7.pt\\\/wp-content\\\/uploads\\\/2020\\\/08\\\/Lidia-Jorge-AC-isento1-e1598640736558.jpg\",\"contentUrl\":\"https:\\\/\\\/algarve7.pt\\\/wp-content\\\/uploads\\\/2020\\\/08\\\/Lidia-Jorge-AC-isento1-e1598640736558.jpg\",\"width\":1280,\"height\":1488},{\"@type\":\"BreadcrumbList\",\"@id\":\"https:\\\/\\\/algarve7.pt\\\/index.php\\\/2020\\\/08\\\/lidia-jorge-distinguida-com-o-premio-fil-de-literatura-linguas-romanicas-2020\\\/cultura\\\/19\\\/53\\\/#breadcrumb\",\"itemListElement\":[{\"@type\":\"ListItem\",\"position\":1,\"name\":\"In\u00edcio\",\"item\":\"https:\\\/\\\/algarve7.pt\\\/\"},{\"@type\":\"ListItem\",\"position\":2,\"name\":\"L\u00eddia Jorge Distinguida com o Pr\u00e9mio FIL de Literatura L\u00ednguas Rom\u00e2nicas 2020\"}]},{\"@type\":\"WebSite\",\"@id\":\"https:\\\/\\\/algarve7.pt\\\/#website\",\"url\":\"https:\\\/\\\/algarve7.pt\\\/\",\"name\":\"Algarve 7\",\"description\":\"Informa\u00e7\u00e3o sobre o Algarve\",\"publisher\":{\"@id\":\"https:\\\/\\\/algarve7.pt\\\/#organization\"},\"potentialAction\":[{\"@type\":\"SearchAction\",\"target\":{\"@type\":\"EntryPoint\",\"urlTemplate\":\"https:\\\/\\\/algarve7.pt\\\/?s={search_term_string}\"},\"query-input\":{\"@type\":\"PropertyValueSpecification\",\"valueRequired\":true,\"valueName\":\"search_term_string\"}}],\"inLanguage\":\"pt-PT\"},{\"@type\":\"Organization\",\"@id\":\"https:\\\/\\\/algarve7.pt\\\/#organization\",\"name\":\"Algarve 7\",\"url\":\"https:\\\/\\\/algarve7.pt\\\/\",\"logo\":{\"@type\":\"ImageObject\",\"inLanguage\":\"pt-PT\",\"@id\":\"https:\\\/\\\/algarve7.pt\\\/#\\\/schema\\\/logo\\\/image\\\/\",\"url\":\"https:\\\/\\\/algarve7.pt\\\/wp-content\\\/uploads\\\/2020\\\/10\\\/Logo-8.jpg\",\"contentUrl\":\"https:\\\/\\\/algarve7.pt\\\/wp-content\\\/uploads\\\/2020\\\/10\\\/Logo-8.jpg\",\"width\":1680,\"height\":1186,\"caption\":\"Algarve 7\"},\"image\":{\"@id\":\"https:\\\/\\\/algarve7.pt\\\/#\\\/schema\\\/logo\\\/image\\\/\"},\"sameAs\":[\"https:\\\/\\\/www.facebook.com\\\/algarve7\",\"https:\\\/\\\/x.com\\\/Algarvesete\",\"https:\\\/\\\/www.instagram.com\\\/jornalalgarve7\\\/\",\"https:\\\/\\\/www.linkedin.com\\\/company\\\/algarve7\",\"https:\\\/\\\/www.pinterest.pt\\\/geral0939\\\/_created\\\/\"]},{\"@type\":\"Person\",\"@id\":\"https:\\\/\\\/algarve7.pt\\\/#\\\/schema\\\/person\\\/23fa70681308e7b319a3204bcea45e0c\",\"name\":\"Algarve 7\",\"sameAs\":[\"https:\\\/\\\/algarve7.pt\",\"https:\\\/\\\/www.facebook.com\\\/algarve7\"],\"url\":\"https:\\\/\\\/algarve7.pt\\\/index.php\\\/author\\\/geralalgarve7-pt\\\/\"}]}<\/script>\n<!-- \/ Yoast SEO plugin. -->","yoast_head_json":{"title":"L\u00eddia Jorge Distinguida com o Pr\u00e9mio FIL de Literatura L\u00ednguas Rom\u00e2nicas 2020 - Algarve 7","description":"L\u00eddia Jorge Distinguida com o Pr\u00e9mio FIL de Literatura L\u00ednguas Rom\u00e2nicas 2020","robots":{"index":"index","follow":"follow","max-snippet":"max-snippet:-1","max-image-preview":"max-image-preview:large","max-video-preview":"max-video-preview:-1"},"canonical":"https:\/\/algarve7.pt\/index.php\/2020\/08\/lidia-jorge-distinguida-com-o-premio-fil-de-literatura-linguas-romanicas-2020\/cultura\/19\/53\/","og_locale":"pt_PT","og_type":"article","og_title":"L\u00eddia Jorge Distinguida com o Pr\u00e9mio FIL de Literatura L\u00ednguas Rom\u00e2nicas 2020 - Algarve 7","og_description":"L\u00eddia Jorge Distinguida com o Pr\u00e9mio FIL de Literatura L\u00ednguas Rom\u00e2nicas 2020","og_url":"https:\/\/algarve7.pt\/index.php\/2020\/08\/lidia-jorge-distinguida-com-o-premio-fil-de-literatura-linguas-romanicas-2020\/cultura\/19\/53\/","og_site_name":"Algarve 7","article_publisher":"https:\/\/www.facebook.com\/algarve7","article_author":"https:\/\/www.facebook.com\/algarve7","article_published_time":"2020-08-28T18:53:23+00:00","article_modified_time":"2020-08-28T18:54:39+00:00","og_image":[{"width":1280,"height":1488,"url":"https:\/\/algarve7.pt\/wp-content\/uploads\/2020\/08\/Lidia-Jorge-AC-isento1-e1598640736558.jpg","type":"image\/jpeg"}],"author":"Algarve 7","twitter_card":"summary_large_image","twitter_creator":"@Algarvesete","twitter_site":"@Algarvesete","twitter_misc":{"Escrito por":"Algarve 7","Tempo estimado de leitura":"4 minutos"},"schema":{"@context":"https:\/\/schema.org","@graph":[{"@type":"Article","@id":"https:\/\/algarve7.pt\/index.php\/2020\/08\/lidia-jorge-distinguida-com-o-premio-fil-de-literatura-linguas-romanicas-2020\/cultura\/19\/53\/#article","isPartOf":{"@id":"https:\/\/algarve7.pt\/index.php\/2020\/08\/lidia-jorge-distinguida-com-o-premio-fil-de-literatura-linguas-romanicas-2020\/cultura\/19\/53\/"},"author":{"name":"Algarve 7","@id":"https:\/\/algarve7.pt\/#\/schema\/person\/23fa70681308e7b319a3204bcea45e0c"},"headline":"L\u00eddia Jorge Distinguida com o Pr\u00e9mio FIL de Literatura L\u00ednguas Rom\u00e2nicas 2020","datePublished":"2020-08-28T18:53:23+00:00","dateModified":"2020-08-28T18:54:39+00:00","mainEntityOfPage":{"@id":"https:\/\/algarve7.pt\/index.php\/2020\/08\/lidia-jorge-distinguida-com-o-premio-fil-de-literatura-linguas-romanicas-2020\/cultura\/19\/53\/"},"wordCount":718,"publisher":{"@id":"https:\/\/algarve7.pt\/#organization"},"image":{"@id":"https:\/\/algarve7.pt\/index.php\/2020\/08\/lidia-jorge-distinguida-com-o-premio-fil-de-literatura-linguas-romanicas-2020\/cultura\/19\/53\/#primaryimage"},"thumbnailUrl":"https:\/\/algarve7.pt\/wp-content\/uploads\/2020\/08\/Lidia-Jorge-AC-isento1-e1598640736558.jpg","keywords":["Cultura","Literatura","Loul\u00e9","Pr\u00e9mio"],"articleSection":["Cultura"],"inLanguage":"pt-PT"},{"@type":"WebPage","@id":"https:\/\/algarve7.pt\/index.php\/2020\/08\/lidia-jorge-distinguida-com-o-premio-fil-de-literatura-linguas-romanicas-2020\/cultura\/19\/53\/","url":"https:\/\/algarve7.pt\/index.php\/2020\/08\/lidia-jorge-distinguida-com-o-premio-fil-de-literatura-linguas-romanicas-2020\/cultura\/19\/53\/","name":"L\u00eddia Jorge Distinguida com o Pr\u00e9mio FIL de Literatura L\u00ednguas Rom\u00e2nicas 2020 - Algarve 7","isPartOf":{"@id":"https:\/\/algarve7.pt\/#website"},"primaryImageOfPage":{"@id":"https:\/\/algarve7.pt\/index.php\/2020\/08\/lidia-jorge-distinguida-com-o-premio-fil-de-literatura-linguas-romanicas-2020\/cultura\/19\/53\/#primaryimage"},"image":{"@id":"https:\/\/algarve7.pt\/index.php\/2020\/08\/lidia-jorge-distinguida-com-o-premio-fil-de-literatura-linguas-romanicas-2020\/cultura\/19\/53\/#primaryimage"},"thumbnailUrl":"https:\/\/algarve7.pt\/wp-content\/uploads\/2020\/08\/Lidia-Jorge-AC-isento1-e1598640736558.jpg","datePublished":"2020-08-28T18:53:23+00:00","dateModified":"2020-08-28T18:54:39+00:00","description":"L\u00eddia Jorge Distinguida com o Pr\u00e9mio FIL de Literatura L\u00ednguas Rom\u00e2nicas 2020","breadcrumb":{"@id":"https:\/\/algarve7.pt\/index.php\/2020\/08\/lidia-jorge-distinguida-com-o-premio-fil-de-literatura-linguas-romanicas-2020\/cultura\/19\/53\/#breadcrumb"},"inLanguage":"pt-PT","potentialAction":[{"@type":"ReadAction","target":["https:\/\/algarve7.pt\/index.php\/2020\/08\/lidia-jorge-distinguida-com-o-premio-fil-de-literatura-linguas-romanicas-2020\/cultura\/19\/53\/"]}]},{"@type":"ImageObject","inLanguage":"pt-PT","@id":"https:\/\/algarve7.pt\/index.php\/2020\/08\/lidia-jorge-distinguida-com-o-premio-fil-de-literatura-linguas-romanicas-2020\/cultura\/19\/53\/#primaryimage","url":"https:\/\/algarve7.pt\/wp-content\/uploads\/2020\/08\/Lidia-Jorge-AC-isento1-e1598640736558.jpg","contentUrl":"https:\/\/algarve7.pt\/wp-content\/uploads\/2020\/08\/Lidia-Jorge-AC-isento1-e1598640736558.jpg","width":1280,"height":1488},{"@type":"BreadcrumbList","@id":"https:\/\/algarve7.pt\/index.php\/2020\/08\/lidia-jorge-distinguida-com-o-premio-fil-de-literatura-linguas-romanicas-2020\/cultura\/19\/53\/#breadcrumb","itemListElement":[{"@type":"ListItem","position":1,"name":"In\u00edcio","item":"https:\/\/algarve7.pt\/"},{"@type":"ListItem","position":2,"name":"L\u00eddia Jorge Distinguida com o Pr\u00e9mio FIL de Literatura L\u00ednguas Rom\u00e2nicas 2020"}]},{"@type":"WebSite","@id":"https:\/\/algarve7.pt\/#website","url":"https:\/\/algarve7.pt\/","name":"Algarve 7","description":"Informa\u00e7\u00e3o sobre o Algarve","publisher":{"@id":"https:\/\/algarve7.pt\/#organization"},"potentialAction":[{"@type":"SearchAction","target":{"@type":"EntryPoint","urlTemplate":"https:\/\/algarve7.pt\/?s={search_term_string}"},"query-input":{"@type":"PropertyValueSpecification","valueRequired":true,"valueName":"search_term_string"}}],"inLanguage":"pt-PT"},{"@type":"Organization","@id":"https:\/\/algarve7.pt\/#organization","name":"Algarve 7","url":"https:\/\/algarve7.pt\/","logo":{"@type":"ImageObject","inLanguage":"pt-PT","@id":"https:\/\/algarve7.pt\/#\/schema\/logo\/image\/","url":"https:\/\/algarve7.pt\/wp-content\/uploads\/2020\/10\/Logo-8.jpg","contentUrl":"https:\/\/algarve7.pt\/wp-content\/uploads\/2020\/10\/Logo-8.jpg","width":1680,"height":1186,"caption":"Algarve 7"},"image":{"@id":"https:\/\/algarve7.pt\/#\/schema\/logo\/image\/"},"sameAs":["https:\/\/www.facebook.com\/algarve7","https:\/\/x.com\/Algarvesete","https:\/\/www.instagram.com\/jornalalgarve7\/","https:\/\/www.linkedin.com\/company\/algarve7","https:\/\/www.pinterest.pt\/geral0939\/_created\/"]},{"@type":"Person","@id":"https:\/\/algarve7.pt\/#\/schema\/person\/23fa70681308e7b319a3204bcea45e0c","name":"Algarve 7","sameAs":["https:\/\/algarve7.pt","https:\/\/www.facebook.com\/algarve7"],"url":"https:\/\/algarve7.pt\/index.php\/author\/geralalgarve7-pt\/"}]}},"jetpack_publicize_connections":[],"jetpack_featured_media_url":"https:\/\/algarve7.pt\/wp-content\/uploads\/2020\/08\/Lidia-Jorge-AC-isento1-e1598640736558.jpg","jetpack_shortlink":"https:\/\/wp.me\/pcezmW-e1","jetpack_sharing_enabled":true,"_links":{"self":[{"href":"https:\/\/algarve7.pt\/index.php\/wp-json\/wp\/v2\/posts\/869","targetHints":{"allow":["GET"]}}],"collection":[{"href":"https:\/\/algarve7.pt\/index.php\/wp-json\/wp\/v2\/posts"}],"about":[{"href":"https:\/\/algarve7.pt\/index.php\/wp-json\/wp\/v2\/types\/post"}],"author":[{"embeddable":true,"href":"https:\/\/algarve7.pt\/index.php\/wp-json\/wp\/v2\/users\/1"}],"replies":[{"embeddable":true,"href":"https:\/\/algarve7.pt\/index.php\/wp-json\/wp\/v2\/comments?post=869"}],"version-history":[{"count":0,"href":"https:\/\/algarve7.pt\/index.php\/wp-json\/wp\/v2\/posts\/869\/revisions"}],"wp:featuredmedia":[{"embeddable":true,"href":"https:\/\/algarve7.pt\/index.php\/wp-json\/wp\/v2\/media\/871"}],"wp:attachment":[{"href":"https:\/\/algarve7.pt\/index.php\/wp-json\/wp\/v2\/media?parent=869"}],"wp:term":[{"taxonomy":"category","embeddable":true,"href":"https:\/\/algarve7.pt\/index.php\/wp-json\/wp\/v2\/categories?post=869"},{"taxonomy":"post_tag","embeddable":true,"href":"https:\/\/algarve7.pt\/index.php\/wp-json\/wp\/v2\/tags?post=869"}],"curies":[{"name":"wp","href":"https:\/\/api.w.org\/{rel}","templated":true}]}}