{"id":8681,"date":"2021-05-24T11:12:00","date_gmt":"2021-05-24T10:12:00","guid":{"rendered":"https:\/\/algarve7.pt\/?p=8681"},"modified":"2021-05-24T11:12:06","modified_gmt":"2021-05-24T10:12:06","slug":"algarve-sera-a-regiao-piloto-para-a-implementacao-do-projeto-regiao-resiliente-2-0","status":"publish","type":"post","link":"https:\/\/algarve7.pt\/index.php\/2021\/05\/algarve-sera-a-regiao-piloto-para-a-implementacao-do-projeto-regiao-resiliente-2-0\/ambiente\/11\/12\/","title":{"rendered":"Algarve ser\u00e1 a regi\u00e3o piloto para a implementa\u00e7\u00e3o do projeto \u201cRegi\u00e3o Resiliente 2.0\u201d"},"content":{"rendered":"\n<p>A Comunidade Intermunicipal do Algarve (AMAL), a Autoridade Nacional de Emerg\u00eancia e Prote\u00e7\u00e3o Civil (ANEPC) e a Ag\u00eancia para a Moderniza\u00e7\u00e3o Administrativa (AMA-LabX) v\u00e3o assinar um Protocolo de Coopera\u00e7\u00e3o para a execu\u00e7\u00e3o do projeto \u201cRegi\u00e3o Resiliente 2.0\u201d, destinado a definir o modelo de constitui\u00e7\u00e3o de Plataformas Locais para Redu\u00e7\u00e3o do Risco de Cat\u00e1strofe. O Algarve ser\u00e1, a n\u00edvel nacional, a regi\u00e3o piloto para implementar a solu\u00e7\u00e3o desenvolvida.\u00a0<\/p>\n\n\n\n<p>O projeto \u201cRegi\u00e3o Resiliente 2.0\u201d, que ter\u00e1 uma dura\u00e7\u00e3o de nove meses, pretende envolver, atrav\u00e9s da participa\u00e7\u00e3o ativa, todos os munic\u00edpios do Algarve na constru\u00e7\u00e3o de uma solu\u00e7\u00e3o inovadora de governan\u00e7a para integra\u00e7\u00e3o mais eficaz das medidas de redu\u00e7\u00e3o do risco de cat\u00e1strofes nas pol\u00edticas locais, em linha com o Quadro de Sendai 2015-2030 para a Redu\u00e7\u00e3o do Risco de Cat\u00e1strofes e com a Estrat\u00e9gia Nacional para uma Prote\u00e7\u00e3o Civil Preventiva.&nbsp;<\/p>\n\n\n\n<p>A minuta do Protocolo de Coopera\u00e7\u00e3o foi aprovada, por unanimidade, na Reuni\u00e3o extraordin\u00e1ria do Conselho Intermunicipal da AMAL, que decorreu na passada sexta-feira.<\/p>\n\n\n\n<p>Est\u00e1 previsto que o projeto se desenvolva em quatro fases: a) Capacita\u00e7\u00e3o: capacita\u00e7\u00e3o imersiva para os elementos da equipa do Projeto; b) Investiga\u00e7\u00e3o: trabalho de campo destinado a avaliar os desafios localmente existentes; c) Conce\u00e7\u00e3o: desenvolvimento de uma solu\u00e7\u00e3o em cocria\u00e7\u00e3o com todas as partes envolvidas; d) Experimenta\u00e7\u00e3o: valida\u00e7\u00e3o da solu\u00e7\u00e3o entre todas as partes envolvidas.&nbsp;<\/p>\n\n\n\n<p>Recorde-se que a regi\u00e3o do Algarve tem tido um papel particularmente ativo na implementa\u00e7\u00e3o, \u00e0 escala regional e local, dos princ\u00edpios da Estrat\u00e9gia Internacional para Redu\u00e7\u00e3o do Risco de Cat\u00e1strofes, facto patente na ades\u00e3o global \u00e0 iniciativa \u201cResilient Cities\u201d das Na\u00e7\u00f5es Unidas, por a\u00e7\u00e3o conjunta da Comunidade Intermunicipal do Algarve e dos 16 Munic\u00edpios que a comp\u00f5em. Neste \u00e2mbito, existe assim vontade do Algarve se constituir como regi\u00e3o piloto, a n\u00edvel nacional, para a implementa\u00e7\u00e3o e teste do modelo de constitui\u00e7\u00e3o de Plataformas Locais para a Redu\u00e7\u00e3o do Risco de Cat\u00e1strofe, fortalecendo, ao n\u00edvel local, a governan\u00e7a na gest\u00e3o de riscos em ordem a obter uma vis\u00e3o robusta, coordenada e plurissectorial, com o envolvimento de todas as partes interessadas, capaz de catalisar mecanismos de colabora\u00e7\u00e3o e parcerias entres as diversas entidades locais, de forma a potenciar a implementa\u00e7\u00e3o e boa execu\u00e7\u00e3o dos instrumentos de preven\u00e7\u00e3o, mitiga\u00e7\u00e3o, prepara\u00e7\u00e3o, resposta e reabilita\u00e7\u00e3o nas situa\u00e7\u00f5es de acidente grave e cat\u00e1strofe, promovendo desta forma regi\u00f5es e comunidades com maior resili\u00eancia.<\/p>\n\n\n\n<p>Esta abordagem ser\u00e1 necessariamente inovadora, e promover\u00e1 a experimenta\u00e7\u00e3o, incutindo a ado\u00e7\u00e3o de compet\u00eancias e atitudes orientadas a um servi\u00e7o p\u00fablico centrado nos cidad\u00e3os e promovendo o desenvolvimento e teste de prot\u00f3tipos, pilotos e outras solu\u00e7\u00f5es que melhorem a efic\u00e1cia e a efici\u00eancia dos servi\u00e7os p\u00fablicos antes de decidir pela sua implementa\u00e7\u00e3o.<\/p>\n","protected":false},"excerpt":{"rendered":"<p>A Comunidade Intermunicipal do Algarve (AMAL), a Autoridade Nacional de Emerg\u00eancia e Prote\u00e7\u00e3o Civil (ANEPC) e a Ag\u00eancia para a<\/p>\n","protected":false},"author":1,"featured_media":1203,"comment_status":"closed","ping_status":"open","sticky":false,"template":"","format":"standard","meta":{"colormag_page_container_layout":"default_layout","colormag_page_sidebar_layout":"default_layout","_monsterinsights_skip_tracking":false,"_monsterinsights_sitenote_active":false,"_monsterinsights_sitenote_note":"","_monsterinsights_sitenote_category":0,"jetpack_post_was_ever_published":false,"_jetpack_newsletter_access":"","_jetpack_dont_email_post_to_subs":false,"_jetpack_newsletter_tier_id":0,"_jetpack_memberships_contains_paywalled_content":false,"_jetpack_memberships_contains_paid_content":false,"footnotes":"","jetpack_publicize_message":"","jetpack_publicize_feature_enabled":true,"jetpack_social_post_already_shared":true,"jetpack_social_options":{"image_generator_settings":{"template":"highway","default_image_id":0,"font":"","enabled":false},"version":2}},"categories":[5],"tags":[36,207,32],"class_list":["post-8681","post","type-post","status-publish","format-standard","has-post-thumbnail","hentry","category-ambiente","tag-algarve","tag-amal","tag-ambiente"],"yoast_head":"<!-- This site is optimized with the Yoast SEO plugin v27.5 - https:\/\/yoast.com\/product\/yoast-seo-wordpress\/ -->\n<title>Algarve ser\u00e1 a regi\u00e3o piloto para a implementa\u00e7\u00e3o do projeto \u201cRegi\u00e3o Resiliente 2.0\u201d - Algarve 7<\/title>\n<meta name=\"description\" content=\"Algarve ser\u00e1 a regi\u00e3o piloto para a implementa\u00e7\u00e3o do projeto \u201cRegi\u00e3o Resiliente 2.0\u201d Ambiente\" \/>\n<meta name=\"robots\" content=\"index, follow, max-snippet:-1, max-image-preview:large, max-video-preview:-1\" \/>\n<link rel=\"canonical\" href=\"https:\/\/algarve7.pt\/index.php\/2021\/05\/algarve-sera-a-regiao-piloto-para-a-implementacao-do-projeto-regiao-resiliente-2-0\/ambiente\/11\/12\/\" \/>\n<meta property=\"og:locale\" content=\"pt_PT\" \/>\n<meta property=\"og:type\" content=\"article\" \/>\n<meta property=\"og:title\" content=\"Algarve ser\u00e1 a regi\u00e3o piloto para a implementa\u00e7\u00e3o do projeto \u201cRegi\u00e3o Resiliente 2.0\u201d - Algarve 7\" \/>\n<meta property=\"og:description\" content=\"Algarve ser\u00e1 a regi\u00e3o piloto para a implementa\u00e7\u00e3o do projeto \u201cRegi\u00e3o Resiliente 2.0\u201d Ambiente\" \/>\n<meta property=\"og:url\" content=\"https:\/\/algarve7.pt\/index.php\/2021\/05\/algarve-sera-a-regiao-piloto-para-a-implementacao-do-projeto-regiao-resiliente-2-0\/ambiente\/11\/12\/\" \/>\n<meta property=\"og:site_name\" content=\"Algarve 7\" \/>\n<meta property=\"article:publisher\" content=\"https:\/\/www.facebook.com\/algarve7\" \/>\n<meta property=\"article:author\" content=\"https:\/\/www.facebook.com\/algarve7\" \/>\n<meta property=\"article:published_time\" content=\"2021-05-24T10:12:00+00:00\" \/>\n<meta property=\"article:modified_time\" content=\"2021-05-24T10:12:06+00:00\" \/>\n<meta property=\"og:image\" content=\"https:\/\/algarve7.pt\/wp-content\/uploads\/2020\/09\/img_0012.jpg\" \/>\n\t<meta property=\"og:image:width\" content=\"884\" \/>\n\t<meta property=\"og:image:height\" content=\"544\" \/>\n\t<meta property=\"og:image:type\" content=\"image\/jpeg\" \/>\n<meta name=\"author\" content=\"Algarve 7\" \/>\n<meta name=\"twitter:card\" content=\"summary_large_image\" \/>\n<meta name=\"twitter:creator\" content=\"@Algarvesete\" \/>\n<meta name=\"twitter:site\" content=\"@Algarvesete\" \/>\n<meta name=\"twitter:label1\" content=\"Escrito por\" \/>\n\t<meta name=\"twitter:data1\" content=\"Algarve 7\" \/>\n\t<meta name=\"twitter:label2\" content=\"Tempo estimado de leitura\" \/>\n\t<meta name=\"twitter:data2\" content=\"2 minutos\" \/>\n<script type=\"application\/ld+json\" class=\"yoast-schema-graph\">{\"@context\":\"https:\\\/\\\/schema.org\",\"@graph\":[{\"@type\":\"Article\",\"@id\":\"https:\\\/\\\/algarve7.pt\\\/index.php\\\/2021\\\/05\\\/algarve-sera-a-regiao-piloto-para-a-implementacao-do-projeto-regiao-resiliente-2-0\\\/ambiente\\\/11\\\/12\\\/#article\",\"isPartOf\":{\"@id\":\"https:\\\/\\\/algarve7.pt\\\/index.php\\\/2021\\\/05\\\/algarve-sera-a-regiao-piloto-para-a-implementacao-do-projeto-regiao-resiliente-2-0\\\/ambiente\\\/11\\\/12\\\/\"},\"author\":{\"name\":\"Algarve 7\",\"@id\":\"https:\\\/\\\/algarve7.pt\\\/#\\\/schema\\\/person\\\/23fa70681308e7b319a3204bcea45e0c\"},\"headline\":\"Algarve ser\u00e1 a regi\u00e3o piloto para a implementa\u00e7\u00e3o do projeto \u201cRegi\u00e3o Resiliente 2.0\u201d\",\"datePublished\":\"2021-05-24T10:12:00+00:00\",\"dateModified\":\"2021-05-24T10:12:06+00:00\",\"mainEntityOfPage\":{\"@id\":\"https:\\\/\\\/algarve7.pt\\\/index.php\\\/2021\\\/05\\\/algarve-sera-a-regiao-piloto-para-a-implementacao-do-projeto-regiao-resiliente-2-0\\\/ambiente\\\/11\\\/12\\\/\"},\"wordCount\":534,\"publisher\":{\"@id\":\"https:\\\/\\\/algarve7.pt\\\/#organization\"},\"image\":{\"@id\":\"https:\\\/\\\/algarve7.pt\\\/index.php\\\/2021\\\/05\\\/algarve-sera-a-regiao-piloto-para-a-implementacao-do-projeto-regiao-resiliente-2-0\\\/ambiente\\\/11\\\/12\\\/#primaryimage\"},\"thumbnailUrl\":\"https:\\\/\\\/algarve7.pt\\\/wp-content\\\/uploads\\\/2020\\\/09\\\/img_0012.jpg\",\"keywords\":[\"Algarve\",\"Amal\",\"Ambiente\"],\"articleSection\":[\"Ambiente\"],\"inLanguage\":\"pt-PT\"},{\"@type\":\"WebPage\",\"@id\":\"https:\\\/\\\/algarve7.pt\\\/index.php\\\/2021\\\/05\\\/algarve-sera-a-regiao-piloto-para-a-implementacao-do-projeto-regiao-resiliente-2-0\\\/ambiente\\\/11\\\/12\\\/\",\"url\":\"https:\\\/\\\/algarve7.pt\\\/index.php\\\/2021\\\/05\\\/algarve-sera-a-regiao-piloto-para-a-implementacao-do-projeto-regiao-resiliente-2-0\\\/ambiente\\\/11\\\/12\\\/\",\"name\":\"Algarve ser\u00e1 a regi\u00e3o piloto para a implementa\u00e7\u00e3o do projeto \u201cRegi\u00e3o Resiliente 2.0\u201d - Algarve 7\",\"isPartOf\":{\"@id\":\"https:\\\/\\\/algarve7.pt\\\/#website\"},\"primaryImageOfPage\":{\"@id\":\"https:\\\/\\\/algarve7.pt\\\/index.php\\\/2021\\\/05\\\/algarve-sera-a-regiao-piloto-para-a-implementacao-do-projeto-regiao-resiliente-2-0\\\/ambiente\\\/11\\\/12\\\/#primaryimage\"},\"image\":{\"@id\":\"https:\\\/\\\/algarve7.pt\\\/index.php\\\/2021\\\/05\\\/algarve-sera-a-regiao-piloto-para-a-implementacao-do-projeto-regiao-resiliente-2-0\\\/ambiente\\\/11\\\/12\\\/#primaryimage\"},\"thumbnailUrl\":\"https:\\\/\\\/algarve7.pt\\\/wp-content\\\/uploads\\\/2020\\\/09\\\/img_0012.jpg\",\"datePublished\":\"2021-05-24T10:12:00+00:00\",\"dateModified\":\"2021-05-24T10:12:06+00:00\",\"description\":\"Algarve ser\u00e1 a regi\u00e3o piloto para a implementa\u00e7\u00e3o do projeto \u201cRegi\u00e3o Resiliente 2.0\u201d Ambiente\",\"breadcrumb\":{\"@id\":\"https:\\\/\\\/algarve7.pt\\\/index.php\\\/2021\\\/05\\\/algarve-sera-a-regiao-piloto-para-a-implementacao-do-projeto-regiao-resiliente-2-0\\\/ambiente\\\/11\\\/12\\\/#breadcrumb\"},\"inLanguage\":\"pt-PT\",\"potentialAction\":[{\"@type\":\"ReadAction\",\"target\":[\"https:\\\/\\\/algarve7.pt\\\/index.php\\\/2021\\\/05\\\/algarve-sera-a-regiao-piloto-para-a-implementacao-do-projeto-regiao-resiliente-2-0\\\/ambiente\\\/11\\\/12\\\/\"]}]},{\"@type\":\"ImageObject\",\"inLanguage\":\"pt-PT\",\"@id\":\"https:\\\/\\\/algarve7.pt\\\/index.php\\\/2021\\\/05\\\/algarve-sera-a-regiao-piloto-para-a-implementacao-do-projeto-regiao-resiliente-2-0\\\/ambiente\\\/11\\\/12\\\/#primaryimage\",\"url\":\"https:\\\/\\\/algarve7.pt\\\/wp-content\\\/uploads\\\/2020\\\/09\\\/img_0012.jpg\",\"contentUrl\":\"https:\\\/\\\/algarve7.pt\\\/wp-content\\\/uploads\\\/2020\\\/09\\\/img_0012.jpg\",\"width\":884,\"height\":544},{\"@type\":\"BreadcrumbList\",\"@id\":\"https:\\\/\\\/algarve7.pt\\\/index.php\\\/2021\\\/05\\\/algarve-sera-a-regiao-piloto-para-a-implementacao-do-projeto-regiao-resiliente-2-0\\\/ambiente\\\/11\\\/12\\\/#breadcrumb\",\"itemListElement\":[{\"@type\":\"ListItem\",\"position\":1,\"name\":\"In\u00edcio\",\"item\":\"https:\\\/\\\/algarve7.pt\\\/\"},{\"@type\":\"ListItem\",\"position\":2,\"name\":\"Algarve ser\u00e1 a regi\u00e3o piloto para a implementa\u00e7\u00e3o do projeto \u201cRegi\u00e3o Resiliente 2.0\u201d\"}]},{\"@type\":\"WebSite\",\"@id\":\"https:\\\/\\\/algarve7.pt\\\/#website\",\"url\":\"https:\\\/\\\/algarve7.pt\\\/\",\"name\":\"Algarve 7\",\"description\":\"Informa\u00e7\u00e3o sobre o Algarve\",\"publisher\":{\"@id\":\"https:\\\/\\\/algarve7.pt\\\/#organization\"},\"potentialAction\":[{\"@type\":\"SearchAction\",\"target\":{\"@type\":\"EntryPoint\",\"urlTemplate\":\"https:\\\/\\\/algarve7.pt\\\/?s={search_term_string}\"},\"query-input\":{\"@type\":\"PropertyValueSpecification\",\"valueRequired\":true,\"valueName\":\"search_term_string\"}}],\"inLanguage\":\"pt-PT\"},{\"@type\":\"Organization\",\"@id\":\"https:\\\/\\\/algarve7.pt\\\/#organization\",\"name\":\"Algarve 7\",\"url\":\"https:\\\/\\\/algarve7.pt\\\/\",\"logo\":{\"@type\":\"ImageObject\",\"inLanguage\":\"pt-PT\",\"@id\":\"https:\\\/\\\/algarve7.pt\\\/#\\\/schema\\\/logo\\\/image\\\/\",\"url\":\"https:\\\/\\\/algarve7.pt\\\/wp-content\\\/uploads\\\/2020\\\/10\\\/Logo-8.jpg\",\"contentUrl\":\"https:\\\/\\\/algarve7.pt\\\/wp-content\\\/uploads\\\/2020\\\/10\\\/Logo-8.jpg\",\"width\":1680,\"height\":1186,\"caption\":\"Algarve 7\"},\"image\":{\"@id\":\"https:\\\/\\\/algarve7.pt\\\/#\\\/schema\\\/logo\\\/image\\\/\"},\"sameAs\":[\"https:\\\/\\\/www.facebook.com\\\/algarve7\",\"https:\\\/\\\/x.com\\\/Algarvesete\",\"https:\\\/\\\/www.instagram.com\\\/jornalalgarve7\\\/\",\"https:\\\/\\\/www.linkedin.com\\\/company\\\/algarve7\",\"https:\\\/\\\/www.pinterest.pt\\\/geral0939\\\/_created\\\/\"]},{\"@type\":\"Person\",\"@id\":\"https:\\\/\\\/algarve7.pt\\\/#\\\/schema\\\/person\\\/23fa70681308e7b319a3204bcea45e0c\",\"name\":\"Algarve 7\",\"sameAs\":[\"https:\\\/\\\/algarve7.pt\",\"https:\\\/\\\/www.facebook.com\\\/algarve7\"],\"url\":\"https:\\\/\\\/algarve7.pt\\\/index.php\\\/author\\\/geralalgarve7-pt\\\/\"}]}<\/script>\n<!-- \/ Yoast SEO plugin. -->","yoast_head_json":{"title":"Algarve ser\u00e1 a regi\u00e3o piloto para a implementa\u00e7\u00e3o do projeto \u201cRegi\u00e3o Resiliente 2.0\u201d - Algarve 7","description":"Algarve ser\u00e1 a regi\u00e3o piloto para a implementa\u00e7\u00e3o do projeto \u201cRegi\u00e3o Resiliente 2.0\u201d Ambiente","robots":{"index":"index","follow":"follow","max-snippet":"max-snippet:-1","max-image-preview":"max-image-preview:large","max-video-preview":"max-video-preview:-1"},"canonical":"https:\/\/algarve7.pt\/index.php\/2021\/05\/algarve-sera-a-regiao-piloto-para-a-implementacao-do-projeto-regiao-resiliente-2-0\/ambiente\/11\/12\/","og_locale":"pt_PT","og_type":"article","og_title":"Algarve ser\u00e1 a regi\u00e3o piloto para a implementa\u00e7\u00e3o do projeto \u201cRegi\u00e3o Resiliente 2.0\u201d - Algarve 7","og_description":"Algarve ser\u00e1 a regi\u00e3o piloto para a implementa\u00e7\u00e3o do projeto \u201cRegi\u00e3o Resiliente 2.0\u201d Ambiente","og_url":"https:\/\/algarve7.pt\/index.php\/2021\/05\/algarve-sera-a-regiao-piloto-para-a-implementacao-do-projeto-regiao-resiliente-2-0\/ambiente\/11\/12\/","og_site_name":"Algarve 7","article_publisher":"https:\/\/www.facebook.com\/algarve7","article_author":"https:\/\/www.facebook.com\/algarve7","article_published_time":"2021-05-24T10:12:00+00:00","article_modified_time":"2021-05-24T10:12:06+00:00","og_image":[{"width":884,"height":544,"url":"https:\/\/algarve7.pt\/wp-content\/uploads\/2020\/09\/img_0012.jpg","type":"image\/jpeg"}],"author":"Algarve 7","twitter_card":"summary_large_image","twitter_creator":"@Algarvesete","twitter_site":"@Algarvesete","twitter_misc":{"Escrito por":"Algarve 7","Tempo estimado de leitura":"2 minutos"},"schema":{"@context":"https:\/\/schema.org","@graph":[{"@type":"Article","@id":"https:\/\/algarve7.pt\/index.php\/2021\/05\/algarve-sera-a-regiao-piloto-para-a-implementacao-do-projeto-regiao-resiliente-2-0\/ambiente\/11\/12\/#article","isPartOf":{"@id":"https:\/\/algarve7.pt\/index.php\/2021\/05\/algarve-sera-a-regiao-piloto-para-a-implementacao-do-projeto-regiao-resiliente-2-0\/ambiente\/11\/12\/"},"author":{"name":"Algarve 7","@id":"https:\/\/algarve7.pt\/#\/schema\/person\/23fa70681308e7b319a3204bcea45e0c"},"headline":"Algarve ser\u00e1 a regi\u00e3o piloto para a implementa\u00e7\u00e3o do projeto \u201cRegi\u00e3o Resiliente 2.0\u201d","datePublished":"2021-05-24T10:12:00+00:00","dateModified":"2021-05-24T10:12:06+00:00","mainEntityOfPage":{"@id":"https:\/\/algarve7.pt\/index.php\/2021\/05\/algarve-sera-a-regiao-piloto-para-a-implementacao-do-projeto-regiao-resiliente-2-0\/ambiente\/11\/12\/"},"wordCount":534,"publisher":{"@id":"https:\/\/algarve7.pt\/#organization"},"image":{"@id":"https:\/\/algarve7.pt\/index.php\/2021\/05\/algarve-sera-a-regiao-piloto-para-a-implementacao-do-projeto-regiao-resiliente-2-0\/ambiente\/11\/12\/#primaryimage"},"thumbnailUrl":"https:\/\/algarve7.pt\/wp-content\/uploads\/2020\/09\/img_0012.jpg","keywords":["Algarve","Amal","Ambiente"],"articleSection":["Ambiente"],"inLanguage":"pt-PT"},{"@type":"WebPage","@id":"https:\/\/algarve7.pt\/index.php\/2021\/05\/algarve-sera-a-regiao-piloto-para-a-implementacao-do-projeto-regiao-resiliente-2-0\/ambiente\/11\/12\/","url":"https:\/\/algarve7.pt\/index.php\/2021\/05\/algarve-sera-a-regiao-piloto-para-a-implementacao-do-projeto-regiao-resiliente-2-0\/ambiente\/11\/12\/","name":"Algarve ser\u00e1 a regi\u00e3o piloto para a implementa\u00e7\u00e3o do projeto \u201cRegi\u00e3o Resiliente 2.0\u201d - Algarve 7","isPartOf":{"@id":"https:\/\/algarve7.pt\/#website"},"primaryImageOfPage":{"@id":"https:\/\/algarve7.pt\/index.php\/2021\/05\/algarve-sera-a-regiao-piloto-para-a-implementacao-do-projeto-regiao-resiliente-2-0\/ambiente\/11\/12\/#primaryimage"},"image":{"@id":"https:\/\/algarve7.pt\/index.php\/2021\/05\/algarve-sera-a-regiao-piloto-para-a-implementacao-do-projeto-regiao-resiliente-2-0\/ambiente\/11\/12\/#primaryimage"},"thumbnailUrl":"https:\/\/algarve7.pt\/wp-content\/uploads\/2020\/09\/img_0012.jpg","datePublished":"2021-05-24T10:12:00+00:00","dateModified":"2021-05-24T10:12:06+00:00","description":"Algarve ser\u00e1 a regi\u00e3o piloto para a implementa\u00e7\u00e3o do projeto \u201cRegi\u00e3o Resiliente 2.0\u201d Ambiente","breadcrumb":{"@id":"https:\/\/algarve7.pt\/index.php\/2021\/05\/algarve-sera-a-regiao-piloto-para-a-implementacao-do-projeto-regiao-resiliente-2-0\/ambiente\/11\/12\/#breadcrumb"},"inLanguage":"pt-PT","potentialAction":[{"@type":"ReadAction","target":["https:\/\/algarve7.pt\/index.php\/2021\/05\/algarve-sera-a-regiao-piloto-para-a-implementacao-do-projeto-regiao-resiliente-2-0\/ambiente\/11\/12\/"]}]},{"@type":"ImageObject","inLanguage":"pt-PT","@id":"https:\/\/algarve7.pt\/index.php\/2021\/05\/algarve-sera-a-regiao-piloto-para-a-implementacao-do-projeto-regiao-resiliente-2-0\/ambiente\/11\/12\/#primaryimage","url":"https:\/\/algarve7.pt\/wp-content\/uploads\/2020\/09\/img_0012.jpg","contentUrl":"https:\/\/algarve7.pt\/wp-content\/uploads\/2020\/09\/img_0012.jpg","width":884,"height":544},{"@type":"BreadcrumbList","@id":"https:\/\/algarve7.pt\/index.php\/2021\/05\/algarve-sera-a-regiao-piloto-para-a-implementacao-do-projeto-regiao-resiliente-2-0\/ambiente\/11\/12\/#breadcrumb","itemListElement":[{"@type":"ListItem","position":1,"name":"In\u00edcio","item":"https:\/\/algarve7.pt\/"},{"@type":"ListItem","position":2,"name":"Algarve ser\u00e1 a regi\u00e3o piloto para a implementa\u00e7\u00e3o do projeto \u201cRegi\u00e3o Resiliente 2.0\u201d"}]},{"@type":"WebSite","@id":"https:\/\/algarve7.pt\/#website","url":"https:\/\/algarve7.pt\/","name":"Algarve 7","description":"Informa\u00e7\u00e3o sobre o Algarve","publisher":{"@id":"https:\/\/algarve7.pt\/#organization"},"potentialAction":[{"@type":"SearchAction","target":{"@type":"EntryPoint","urlTemplate":"https:\/\/algarve7.pt\/?s={search_term_string}"},"query-input":{"@type":"PropertyValueSpecification","valueRequired":true,"valueName":"search_term_string"}}],"inLanguage":"pt-PT"},{"@type":"Organization","@id":"https:\/\/algarve7.pt\/#organization","name":"Algarve 7","url":"https:\/\/algarve7.pt\/","logo":{"@type":"ImageObject","inLanguage":"pt-PT","@id":"https:\/\/algarve7.pt\/#\/schema\/logo\/image\/","url":"https:\/\/algarve7.pt\/wp-content\/uploads\/2020\/10\/Logo-8.jpg","contentUrl":"https:\/\/algarve7.pt\/wp-content\/uploads\/2020\/10\/Logo-8.jpg","width":1680,"height":1186,"caption":"Algarve 7"},"image":{"@id":"https:\/\/algarve7.pt\/#\/schema\/logo\/image\/"},"sameAs":["https:\/\/www.facebook.com\/algarve7","https:\/\/x.com\/Algarvesete","https:\/\/www.instagram.com\/jornalalgarve7\/","https:\/\/www.linkedin.com\/company\/algarve7","https:\/\/www.pinterest.pt\/geral0939\/_created\/"]},{"@type":"Person","@id":"https:\/\/algarve7.pt\/#\/schema\/person\/23fa70681308e7b319a3204bcea45e0c","name":"Algarve 7","sameAs":["https:\/\/algarve7.pt","https:\/\/www.facebook.com\/algarve7"],"url":"https:\/\/algarve7.pt\/index.php\/author\/geralalgarve7-pt\/"}]}},"jetpack_publicize_connections":[],"jetpack_featured_media_url":"https:\/\/algarve7.pt\/wp-content\/uploads\/2020\/09\/img_0012.jpg","jetpack_shortlink":"https:\/\/wp.me\/pcezmW-2g1","jetpack_sharing_enabled":true,"_links":{"self":[{"href":"https:\/\/algarve7.pt\/index.php\/wp-json\/wp\/v2\/posts\/8681","targetHints":{"allow":["GET"]}}],"collection":[{"href":"https:\/\/algarve7.pt\/index.php\/wp-json\/wp\/v2\/posts"}],"about":[{"href":"https:\/\/algarve7.pt\/index.php\/wp-json\/wp\/v2\/types\/post"}],"author":[{"embeddable":true,"href":"https:\/\/algarve7.pt\/index.php\/wp-json\/wp\/v2\/users\/1"}],"replies":[{"embeddable":true,"href":"https:\/\/algarve7.pt\/index.php\/wp-json\/wp\/v2\/comments?post=8681"}],"version-history":[{"count":0,"href":"https:\/\/algarve7.pt\/index.php\/wp-json\/wp\/v2\/posts\/8681\/revisions"}],"wp:featuredmedia":[{"embeddable":true,"href":"https:\/\/algarve7.pt\/index.php\/wp-json\/wp\/v2\/media\/1203"}],"wp:attachment":[{"href":"https:\/\/algarve7.pt\/index.php\/wp-json\/wp\/v2\/media?parent=8681"}],"wp:term":[{"taxonomy":"category","embeddable":true,"href":"https:\/\/algarve7.pt\/index.php\/wp-json\/wp\/v2\/categories?post=8681"},{"taxonomy":"post_tag","embeddable":true,"href":"https:\/\/algarve7.pt\/index.php\/wp-json\/wp\/v2\/tags?post=8681"}],"curies":[{"name":"wp","href":"https:\/\/api.w.org\/{rel}","templated":true}]}}