{"id":8673,"date":"2021-05-22T14:22:00","date_gmt":"2021-05-22T13:22:00","guid":{"rendered":"https:\/\/algarve7.pt\/?p=8673"},"modified":"2021-05-22T10:23:17","modified_gmt":"2021-05-22T09:23:17","slug":"apresentacao-publica-do-livro-ferragudo-uma-economia-local-no-algarve-setecentista","status":"publish","type":"post","link":"https:\/\/algarve7.pt\/index.php\/2021\/05\/apresentacao-publica-do-livro-ferragudo-uma-economia-local-no-algarve-setecentista\/cultura\/14\/22\/","title":{"rendered":"Apresenta\u00e7\u00e3o P\u00fablica do livro &#8220;Ferragudo: Uma Economia Local no Algarve Setecentista&#8221;"},"content":{"rendered":"\n<p>No&nbsp;pr\u00f3ximo dia 28 de maio, pelas 18h30, na Rua Infante Santo (no largo do cais ribeirinho), em Ferragudo, tem lugar a apresenta\u00e7\u00e3o p\u00fablica do livro \u201c<strong>Ferragudo: Uma Economia Local no Algarve Setecentista<\/strong>\u201d.<\/p>\n\n\n\n<p>No \u00e2mbito da celebra\u00e7\u00e3o dos 500 Anos da Cria\u00e7\u00e3o do Lugar de Ferragudo, efem\u00e9ride assinalada em 2020 e estendida ao presente ano devido \u00e0 pandemia SARS-CoV-2, a C\u00e2mara Municipal de Lagoa apresenta a mais recente obra do historiador ferragudense David Roque, \u201c<strong>Ferragudo: Uma Economia Local no Algarve Setecentista<\/strong>\u201d.<\/p>\n\n\n\n<p>Partindo da an\u00e1lise das Mem\u00f3rias Paroquiais de 1758 e de outras fontes hist\u00f3ricas, David Roque procura esclarecer um conjunto de viv\u00eancias passadas no s\u00e9culo XVIII no territ\u00f3rio da freguesia de Ferragudo, gizando os tra\u00e7os de uma evolu\u00e7\u00e3o econ\u00f3mica e social inserida nas estruturas do Antigo Regime.<\/p>\n\n\n\n<p>Filho de Ferragudo e professor de Hist\u00f3ria, interessado no real desenvolvimento da sua terra-natal, na sua prote\u00e7\u00e3o enquanto singularidade urbana algarvia e na defesa dos seus valores humanos, atrav\u00e9s deste ensaio \u2013 men\u00e7\u00e3o honrosa do Pr\u00e9mio Nacional de Ensaio Hist\u00f3rico Ant\u00f3nio Rosa Mendes, em 2017 \u2013, o autor aprofunda o conhecimento de Ferragudo e das suas gentes. O foco cient\u00edfico e interpretativo reside no passado da localidade, naquele que foi o s\u00e9culo de ouro do seu percurso e que a levaria \u00e0 autonomia face a Est\u00f4mbar. S\u00e3o cerca de 179 p\u00e1ginas documentadas e ilustradas, com uma l\u00edngua acess\u00edvel e esclarecedora.<\/p>\n\n\n\n<p>Depois de ter sido respons\u00e1vel pela atualiza\u00e7\u00e3o da obra \u201cBarlavento\u201d, do tamb\u00e9m Ferragudense, Dr. Lu\u00eds Ant\u00f3nio dos Santos, reeditada pela autarquia lagoense no ano transato, obra igualmente integrada nas comemora\u00e7\u00f5es do 5\u00ba Centen\u00e1rio de Ferragudo, o autor v\u00ea publicado com a chancela do Munic\u00edpio de Lagoa o seu mais recente trabalho de investiga\u00e7\u00e3o.<\/p>\n\n\n\n<p>O acesso ao evento \u00e9 livre, mas sujeito \u00e0 lota\u00e7\u00e3o de lugares sentados, conforme as normas em vigor emanadas pela DGS.<\/p>\n\n\n\n<div class=\"wp-block-image\"><figure class=\"aligncenter size-large is-resized\"><img loading=\"lazy\" decoding=\"async\" src=\"https:\/\/algarve7.pt\/wp-content\/uploads\/2021\/05\/Programa-819x1024.png\" alt=\"\" class=\"wp-image-8674\" width=\"515\" height=\"644\" srcset=\"https:\/\/algarve7.pt\/wp-content\/uploads\/2021\/05\/Programa-819x1024.png 819w, https:\/\/algarve7.pt\/wp-content\/uploads\/2021\/05\/Programa-240x300.png 240w, https:\/\/algarve7.pt\/wp-content\/uploads\/2021\/05\/Programa-768x960.png 768w, https:\/\/algarve7.pt\/wp-content\/uploads\/2021\/05\/Programa.png 1201w\" sizes=\"auto, (max-width: 515px) 100vw, 515px\" \/><\/figure><\/div>\n","protected":false},"excerpt":{"rendered":"<p>No&nbsp;pr\u00f3ximo dia 28 de maio, pelas 18h30, na Rua Infante Santo (no largo do cais ribeirinho), em Ferragudo, tem lugar<\/p>\n","protected":false},"author":1,"featured_media":8675,"comment_status":"closed","ping_status":"open","sticky":false,"template":"","format":"standard","meta":{"colormag_page_container_layout":"default_layout","colormag_page_sidebar_layout":"default_layout","_monsterinsights_skip_tracking":false,"_monsterinsights_sitenote_active":false,"_monsterinsights_sitenote_note":"","_monsterinsights_sitenote_category":0,"jetpack_post_was_ever_published":false,"_jetpack_newsletter_access":"","_jetpack_dont_email_post_to_subs":false,"_jetpack_newsletter_tier_id":0,"_jetpack_memberships_contains_paywalled_content":false,"_jetpack_memberships_contains_paid_content":false,"footnotes":"","jetpack_publicize_message":"","jetpack_publicize_feature_enabled":true,"jetpack_social_post_already_shared":true,"jetpack_social_options":{"image_generator_settings":{"template":"highway","default_image_id":0,"font":"","enabled":false},"version":2}},"categories":[14],"tags":[36,35,199,48,201],"class_list":["post-8673","post","type-post","status-publish","format-standard","has-post-thumbnail","hentry","category-cultura","tag-algarve","tag-cultura","tag-ferragudo","tag-lagoa","tag-livros"],"yoast_head":"<!-- This site is optimized with the Yoast SEO plugin v27.5 - https:\/\/yoast.com\/product\/yoast-seo-wordpress\/ -->\n<title>Apresenta\u00e7\u00e3o P\u00fablica do livro &quot;Ferragudo: Uma Economia Local no Algarve Setecentista&quot; - Algarve 7<\/title>\n<meta name=\"description\" content=\"Apresenta\u00e7\u00e3o P\u00fablica do livro &quot;Ferragudo: Uma Economia Local no Algarve Setecentista&quot; Cultura\" \/>\n<meta name=\"robots\" content=\"index, follow, max-snippet:-1, max-image-preview:large, max-video-preview:-1\" \/>\n<link rel=\"canonical\" href=\"https:\/\/algarve7.pt\/index.php\/2021\/05\/apresentacao-publica-do-livro-ferragudo-uma-economia-local-no-algarve-setecentista\/cultura\/14\/22\/\" \/>\n<meta property=\"og:locale\" content=\"pt_PT\" \/>\n<meta property=\"og:type\" content=\"article\" \/>\n<meta property=\"og:title\" content=\"Apresenta\u00e7\u00e3o P\u00fablica do livro &quot;Ferragudo: Uma Economia Local no Algarve Setecentista&quot; - Algarve 7\" \/>\n<meta property=\"og:description\" content=\"Apresenta\u00e7\u00e3o P\u00fablica do livro &quot;Ferragudo: Uma Economia Local no Algarve Setecentista&quot; Cultura\" \/>\n<meta property=\"og:url\" content=\"https:\/\/algarve7.pt\/index.php\/2021\/05\/apresentacao-publica-do-livro-ferragudo-uma-economia-local-no-algarve-setecentista\/cultura\/14\/22\/\" \/>\n<meta property=\"og:site_name\" content=\"Algarve 7\" \/>\n<meta property=\"article:publisher\" content=\"https:\/\/www.facebook.com\/algarve7\" \/>\n<meta property=\"article:author\" content=\"https:\/\/www.facebook.com\/algarve7\" \/>\n<meta property=\"article:published_time\" content=\"2021-05-22T13:22:00+00:00\" \/>\n<meta property=\"og:image\" content=\"https:\/\/algarve7.pt\/wp-content\/uploads\/2021\/05\/Captura-de-ecra-2021-05-22-as-10.21.00.png\" \/>\n\t<meta property=\"og:image:width\" content=\"1920\" \/>\n\t<meta property=\"og:image:height\" content=\"962\" \/>\n\t<meta property=\"og:image:type\" content=\"image\/png\" \/>\n<meta name=\"author\" content=\"Algarve 7\" \/>\n<meta name=\"twitter:card\" content=\"summary_large_image\" \/>\n<meta name=\"twitter:creator\" content=\"@Algarvesete\" \/>\n<meta name=\"twitter:site\" content=\"@Algarvesete\" \/>\n<meta name=\"twitter:label1\" content=\"Escrito por\" \/>\n\t<meta name=\"twitter:data1\" content=\"Algarve 7\" \/>\n\t<meta name=\"twitter:label2\" content=\"Tempo estimado de leitura\" \/>\n\t<meta name=\"twitter:data2\" content=\"2 minutos\" \/>\n<script type=\"application\/ld+json\" class=\"yoast-schema-graph\">{\"@context\":\"https:\\\/\\\/schema.org\",\"@graph\":[{\"@type\":\"Article\",\"@id\":\"https:\\\/\\\/algarve7.pt\\\/index.php\\\/2021\\\/05\\\/apresentacao-publica-do-livro-ferragudo-uma-economia-local-no-algarve-setecentista\\\/cultura\\\/14\\\/22\\\/#article\",\"isPartOf\":{\"@id\":\"https:\\\/\\\/algarve7.pt\\\/index.php\\\/2021\\\/05\\\/apresentacao-publica-do-livro-ferragudo-uma-economia-local-no-algarve-setecentista\\\/cultura\\\/14\\\/22\\\/\"},\"author\":{\"name\":\"Algarve 7\",\"@id\":\"https:\\\/\\\/algarve7.pt\\\/#\\\/schema\\\/person\\\/23fa70681308e7b319a3204bcea45e0c\"},\"headline\":\"Apresenta\u00e7\u00e3o P\u00fablica do livro &#8220;Ferragudo: Uma Economia Local no Algarve Setecentista&#8221;\",\"datePublished\":\"2021-05-22T13:22:00+00:00\",\"mainEntityOfPage\":{\"@id\":\"https:\\\/\\\/algarve7.pt\\\/index.php\\\/2021\\\/05\\\/apresentacao-publica-do-livro-ferragudo-uma-economia-local-no-algarve-setecentista\\\/cultura\\\/14\\\/22\\\/\"},\"wordCount\":342,\"publisher\":{\"@id\":\"https:\\\/\\\/algarve7.pt\\\/#organization\"},\"image\":{\"@id\":\"https:\\\/\\\/algarve7.pt\\\/index.php\\\/2021\\\/05\\\/apresentacao-publica-do-livro-ferragudo-uma-economia-local-no-algarve-setecentista\\\/cultura\\\/14\\\/22\\\/#primaryimage\"},\"thumbnailUrl\":\"https:\\\/\\\/algarve7.pt\\\/wp-content\\\/uploads\\\/2021\\\/05\\\/Captura-de-ecra-2021-05-22-as-10.21.00.png\",\"keywords\":[\"Algarve\",\"Cultura\",\"Ferragudo\",\"Lagoa\",\"Livros\"],\"articleSection\":[\"Cultura\"],\"inLanguage\":\"pt-PT\"},{\"@type\":\"WebPage\",\"@id\":\"https:\\\/\\\/algarve7.pt\\\/index.php\\\/2021\\\/05\\\/apresentacao-publica-do-livro-ferragudo-uma-economia-local-no-algarve-setecentista\\\/cultura\\\/14\\\/22\\\/\",\"url\":\"https:\\\/\\\/algarve7.pt\\\/index.php\\\/2021\\\/05\\\/apresentacao-publica-do-livro-ferragudo-uma-economia-local-no-algarve-setecentista\\\/cultura\\\/14\\\/22\\\/\",\"name\":\"Apresenta\u00e7\u00e3o P\u00fablica do livro \\\"Ferragudo: Uma Economia Local no Algarve Setecentista\\\" - Algarve 7\",\"isPartOf\":{\"@id\":\"https:\\\/\\\/algarve7.pt\\\/#website\"},\"primaryImageOfPage\":{\"@id\":\"https:\\\/\\\/algarve7.pt\\\/index.php\\\/2021\\\/05\\\/apresentacao-publica-do-livro-ferragudo-uma-economia-local-no-algarve-setecentista\\\/cultura\\\/14\\\/22\\\/#primaryimage\"},\"image\":{\"@id\":\"https:\\\/\\\/algarve7.pt\\\/index.php\\\/2021\\\/05\\\/apresentacao-publica-do-livro-ferragudo-uma-economia-local-no-algarve-setecentista\\\/cultura\\\/14\\\/22\\\/#primaryimage\"},\"thumbnailUrl\":\"https:\\\/\\\/algarve7.pt\\\/wp-content\\\/uploads\\\/2021\\\/05\\\/Captura-de-ecra-2021-05-22-as-10.21.00.png\",\"datePublished\":\"2021-05-22T13:22:00+00:00\",\"description\":\"Apresenta\u00e7\u00e3o P\u00fablica do livro \\\"Ferragudo: Uma Economia Local no Algarve Setecentista\\\" Cultura\",\"breadcrumb\":{\"@id\":\"https:\\\/\\\/algarve7.pt\\\/index.php\\\/2021\\\/05\\\/apresentacao-publica-do-livro-ferragudo-uma-economia-local-no-algarve-setecentista\\\/cultura\\\/14\\\/22\\\/#breadcrumb\"},\"inLanguage\":\"pt-PT\",\"potentialAction\":[{\"@type\":\"ReadAction\",\"target\":[\"https:\\\/\\\/algarve7.pt\\\/index.php\\\/2021\\\/05\\\/apresentacao-publica-do-livro-ferragudo-uma-economia-local-no-algarve-setecentista\\\/cultura\\\/14\\\/22\\\/\"]}]},{\"@type\":\"ImageObject\",\"inLanguage\":\"pt-PT\",\"@id\":\"https:\\\/\\\/algarve7.pt\\\/index.php\\\/2021\\\/05\\\/apresentacao-publica-do-livro-ferragudo-uma-economia-local-no-algarve-setecentista\\\/cultura\\\/14\\\/22\\\/#primaryimage\",\"url\":\"https:\\\/\\\/algarve7.pt\\\/wp-content\\\/uploads\\\/2021\\\/05\\\/Captura-de-ecra-2021-05-22-as-10.21.00.png\",\"contentUrl\":\"https:\\\/\\\/algarve7.pt\\\/wp-content\\\/uploads\\\/2021\\\/05\\\/Captura-de-ecra-2021-05-22-as-10.21.00.png\",\"width\":1920,\"height\":962},{\"@type\":\"BreadcrumbList\",\"@id\":\"https:\\\/\\\/algarve7.pt\\\/index.php\\\/2021\\\/05\\\/apresentacao-publica-do-livro-ferragudo-uma-economia-local-no-algarve-setecentista\\\/cultura\\\/14\\\/22\\\/#breadcrumb\",\"itemListElement\":[{\"@type\":\"ListItem\",\"position\":1,\"name\":\"In\u00edcio\",\"item\":\"https:\\\/\\\/algarve7.pt\\\/\"},{\"@type\":\"ListItem\",\"position\":2,\"name\":\"Apresenta\u00e7\u00e3o P\u00fablica do livro &#8220;Ferragudo: Uma Economia Local no Algarve Setecentista&#8221;\"}]},{\"@type\":\"WebSite\",\"@id\":\"https:\\\/\\\/algarve7.pt\\\/#website\",\"url\":\"https:\\\/\\\/algarve7.pt\\\/\",\"name\":\"Algarve 7\",\"description\":\"Informa\u00e7\u00e3o sobre o Algarve\",\"publisher\":{\"@id\":\"https:\\\/\\\/algarve7.pt\\\/#organization\"},\"potentialAction\":[{\"@type\":\"SearchAction\",\"target\":{\"@type\":\"EntryPoint\",\"urlTemplate\":\"https:\\\/\\\/algarve7.pt\\\/?s={search_term_string}\"},\"query-input\":{\"@type\":\"PropertyValueSpecification\",\"valueRequired\":true,\"valueName\":\"search_term_string\"}}],\"inLanguage\":\"pt-PT\"},{\"@type\":\"Organization\",\"@id\":\"https:\\\/\\\/algarve7.pt\\\/#organization\",\"name\":\"Algarve 7\",\"url\":\"https:\\\/\\\/algarve7.pt\\\/\",\"logo\":{\"@type\":\"ImageObject\",\"inLanguage\":\"pt-PT\",\"@id\":\"https:\\\/\\\/algarve7.pt\\\/#\\\/schema\\\/logo\\\/image\\\/\",\"url\":\"https:\\\/\\\/algarve7.pt\\\/wp-content\\\/uploads\\\/2020\\\/10\\\/Logo-8.jpg\",\"contentUrl\":\"https:\\\/\\\/algarve7.pt\\\/wp-content\\\/uploads\\\/2020\\\/10\\\/Logo-8.jpg\",\"width\":1680,\"height\":1186,\"caption\":\"Algarve 7\"},\"image\":{\"@id\":\"https:\\\/\\\/algarve7.pt\\\/#\\\/schema\\\/logo\\\/image\\\/\"},\"sameAs\":[\"https:\\\/\\\/www.facebook.com\\\/algarve7\",\"https:\\\/\\\/x.com\\\/Algarvesete\",\"https:\\\/\\\/www.instagram.com\\\/jornalalgarve7\\\/\",\"https:\\\/\\\/www.linkedin.com\\\/company\\\/algarve7\",\"https:\\\/\\\/www.pinterest.pt\\\/geral0939\\\/_created\\\/\"]},{\"@type\":\"Person\",\"@id\":\"https:\\\/\\\/algarve7.pt\\\/#\\\/schema\\\/person\\\/23fa70681308e7b319a3204bcea45e0c\",\"name\":\"Algarve 7\",\"sameAs\":[\"https:\\\/\\\/algarve7.pt\",\"https:\\\/\\\/www.facebook.com\\\/algarve7\"],\"url\":\"https:\\\/\\\/algarve7.pt\\\/index.php\\\/author\\\/geralalgarve7-pt\\\/\"}]}<\/script>\n<!-- \/ Yoast SEO plugin. -->","yoast_head_json":{"title":"Apresenta\u00e7\u00e3o P\u00fablica do livro \"Ferragudo: Uma Economia Local no Algarve Setecentista\" - Algarve 7","description":"Apresenta\u00e7\u00e3o P\u00fablica do livro \"Ferragudo: Uma Economia Local no Algarve Setecentista\" Cultura","robots":{"index":"index","follow":"follow","max-snippet":"max-snippet:-1","max-image-preview":"max-image-preview:large","max-video-preview":"max-video-preview:-1"},"canonical":"https:\/\/algarve7.pt\/index.php\/2021\/05\/apresentacao-publica-do-livro-ferragudo-uma-economia-local-no-algarve-setecentista\/cultura\/14\/22\/","og_locale":"pt_PT","og_type":"article","og_title":"Apresenta\u00e7\u00e3o P\u00fablica do livro \"Ferragudo: Uma Economia Local no Algarve Setecentista\" - Algarve 7","og_description":"Apresenta\u00e7\u00e3o P\u00fablica do livro \"Ferragudo: Uma Economia Local no Algarve Setecentista\" Cultura","og_url":"https:\/\/algarve7.pt\/index.php\/2021\/05\/apresentacao-publica-do-livro-ferragudo-uma-economia-local-no-algarve-setecentista\/cultura\/14\/22\/","og_site_name":"Algarve 7","article_publisher":"https:\/\/www.facebook.com\/algarve7","article_author":"https:\/\/www.facebook.com\/algarve7","article_published_time":"2021-05-22T13:22:00+00:00","og_image":[{"width":1920,"height":962,"url":"https:\/\/algarve7.pt\/wp-content\/uploads\/2021\/05\/Captura-de-ecra-2021-05-22-as-10.21.00.png","type":"image\/png"}],"author":"Algarve 7","twitter_card":"summary_large_image","twitter_creator":"@Algarvesete","twitter_site":"@Algarvesete","twitter_misc":{"Escrito por":"Algarve 7","Tempo estimado de leitura":"2 minutos"},"schema":{"@context":"https:\/\/schema.org","@graph":[{"@type":"Article","@id":"https:\/\/algarve7.pt\/index.php\/2021\/05\/apresentacao-publica-do-livro-ferragudo-uma-economia-local-no-algarve-setecentista\/cultura\/14\/22\/#article","isPartOf":{"@id":"https:\/\/algarve7.pt\/index.php\/2021\/05\/apresentacao-publica-do-livro-ferragudo-uma-economia-local-no-algarve-setecentista\/cultura\/14\/22\/"},"author":{"name":"Algarve 7","@id":"https:\/\/algarve7.pt\/#\/schema\/person\/23fa70681308e7b319a3204bcea45e0c"},"headline":"Apresenta\u00e7\u00e3o P\u00fablica do livro &#8220;Ferragudo: Uma Economia Local no Algarve Setecentista&#8221;","datePublished":"2021-05-22T13:22:00+00:00","mainEntityOfPage":{"@id":"https:\/\/algarve7.pt\/index.php\/2021\/05\/apresentacao-publica-do-livro-ferragudo-uma-economia-local-no-algarve-setecentista\/cultura\/14\/22\/"},"wordCount":342,"publisher":{"@id":"https:\/\/algarve7.pt\/#organization"},"image":{"@id":"https:\/\/algarve7.pt\/index.php\/2021\/05\/apresentacao-publica-do-livro-ferragudo-uma-economia-local-no-algarve-setecentista\/cultura\/14\/22\/#primaryimage"},"thumbnailUrl":"https:\/\/algarve7.pt\/wp-content\/uploads\/2021\/05\/Captura-de-ecra-2021-05-22-as-10.21.00.png","keywords":["Algarve","Cultura","Ferragudo","Lagoa","Livros"],"articleSection":["Cultura"],"inLanguage":"pt-PT"},{"@type":"WebPage","@id":"https:\/\/algarve7.pt\/index.php\/2021\/05\/apresentacao-publica-do-livro-ferragudo-uma-economia-local-no-algarve-setecentista\/cultura\/14\/22\/","url":"https:\/\/algarve7.pt\/index.php\/2021\/05\/apresentacao-publica-do-livro-ferragudo-uma-economia-local-no-algarve-setecentista\/cultura\/14\/22\/","name":"Apresenta\u00e7\u00e3o P\u00fablica do livro \"Ferragudo: Uma Economia Local no Algarve Setecentista\" - Algarve 7","isPartOf":{"@id":"https:\/\/algarve7.pt\/#website"},"primaryImageOfPage":{"@id":"https:\/\/algarve7.pt\/index.php\/2021\/05\/apresentacao-publica-do-livro-ferragudo-uma-economia-local-no-algarve-setecentista\/cultura\/14\/22\/#primaryimage"},"image":{"@id":"https:\/\/algarve7.pt\/index.php\/2021\/05\/apresentacao-publica-do-livro-ferragudo-uma-economia-local-no-algarve-setecentista\/cultura\/14\/22\/#primaryimage"},"thumbnailUrl":"https:\/\/algarve7.pt\/wp-content\/uploads\/2021\/05\/Captura-de-ecra-2021-05-22-as-10.21.00.png","datePublished":"2021-05-22T13:22:00+00:00","description":"Apresenta\u00e7\u00e3o P\u00fablica do livro \"Ferragudo: Uma Economia Local no Algarve Setecentista\" Cultura","breadcrumb":{"@id":"https:\/\/algarve7.pt\/index.php\/2021\/05\/apresentacao-publica-do-livro-ferragudo-uma-economia-local-no-algarve-setecentista\/cultura\/14\/22\/#breadcrumb"},"inLanguage":"pt-PT","potentialAction":[{"@type":"ReadAction","target":["https:\/\/algarve7.pt\/index.php\/2021\/05\/apresentacao-publica-do-livro-ferragudo-uma-economia-local-no-algarve-setecentista\/cultura\/14\/22\/"]}]},{"@type":"ImageObject","inLanguage":"pt-PT","@id":"https:\/\/algarve7.pt\/index.php\/2021\/05\/apresentacao-publica-do-livro-ferragudo-uma-economia-local-no-algarve-setecentista\/cultura\/14\/22\/#primaryimage","url":"https:\/\/algarve7.pt\/wp-content\/uploads\/2021\/05\/Captura-de-ecra-2021-05-22-as-10.21.00.png","contentUrl":"https:\/\/algarve7.pt\/wp-content\/uploads\/2021\/05\/Captura-de-ecra-2021-05-22-as-10.21.00.png","width":1920,"height":962},{"@type":"BreadcrumbList","@id":"https:\/\/algarve7.pt\/index.php\/2021\/05\/apresentacao-publica-do-livro-ferragudo-uma-economia-local-no-algarve-setecentista\/cultura\/14\/22\/#breadcrumb","itemListElement":[{"@type":"ListItem","position":1,"name":"In\u00edcio","item":"https:\/\/algarve7.pt\/"},{"@type":"ListItem","position":2,"name":"Apresenta\u00e7\u00e3o P\u00fablica do livro &#8220;Ferragudo: Uma Economia Local no Algarve Setecentista&#8221;"}]},{"@type":"WebSite","@id":"https:\/\/algarve7.pt\/#website","url":"https:\/\/algarve7.pt\/","name":"Algarve 7","description":"Informa\u00e7\u00e3o sobre o Algarve","publisher":{"@id":"https:\/\/algarve7.pt\/#organization"},"potentialAction":[{"@type":"SearchAction","target":{"@type":"EntryPoint","urlTemplate":"https:\/\/algarve7.pt\/?s={search_term_string}"},"query-input":{"@type":"PropertyValueSpecification","valueRequired":true,"valueName":"search_term_string"}}],"inLanguage":"pt-PT"},{"@type":"Organization","@id":"https:\/\/algarve7.pt\/#organization","name":"Algarve 7","url":"https:\/\/algarve7.pt\/","logo":{"@type":"ImageObject","inLanguage":"pt-PT","@id":"https:\/\/algarve7.pt\/#\/schema\/logo\/image\/","url":"https:\/\/algarve7.pt\/wp-content\/uploads\/2020\/10\/Logo-8.jpg","contentUrl":"https:\/\/algarve7.pt\/wp-content\/uploads\/2020\/10\/Logo-8.jpg","width":1680,"height":1186,"caption":"Algarve 7"},"image":{"@id":"https:\/\/algarve7.pt\/#\/schema\/logo\/image\/"},"sameAs":["https:\/\/www.facebook.com\/algarve7","https:\/\/x.com\/Algarvesete","https:\/\/www.instagram.com\/jornalalgarve7\/","https:\/\/www.linkedin.com\/company\/algarve7","https:\/\/www.pinterest.pt\/geral0939\/_created\/"]},{"@type":"Person","@id":"https:\/\/algarve7.pt\/#\/schema\/person\/23fa70681308e7b319a3204bcea45e0c","name":"Algarve 7","sameAs":["https:\/\/algarve7.pt","https:\/\/www.facebook.com\/algarve7"],"url":"https:\/\/algarve7.pt\/index.php\/author\/geralalgarve7-pt\/"}]}},"jetpack_publicize_connections":[],"jetpack_featured_media_url":"https:\/\/algarve7.pt\/wp-content\/uploads\/2021\/05\/Captura-de-ecra-2021-05-22-as-10.21.00.png","jetpack_shortlink":"https:\/\/wp.me\/pcezmW-2fT","jetpack_sharing_enabled":true,"_links":{"self":[{"href":"https:\/\/algarve7.pt\/index.php\/wp-json\/wp\/v2\/posts\/8673","targetHints":{"allow":["GET"]}}],"collection":[{"href":"https:\/\/algarve7.pt\/index.php\/wp-json\/wp\/v2\/posts"}],"about":[{"href":"https:\/\/algarve7.pt\/index.php\/wp-json\/wp\/v2\/types\/post"}],"author":[{"embeddable":true,"href":"https:\/\/algarve7.pt\/index.php\/wp-json\/wp\/v2\/users\/1"}],"replies":[{"embeddable":true,"href":"https:\/\/algarve7.pt\/index.php\/wp-json\/wp\/v2\/comments?post=8673"}],"version-history":[{"count":0,"href":"https:\/\/algarve7.pt\/index.php\/wp-json\/wp\/v2\/posts\/8673\/revisions"}],"wp:featuredmedia":[{"embeddable":true,"href":"https:\/\/algarve7.pt\/index.php\/wp-json\/wp\/v2\/media\/8675"}],"wp:attachment":[{"href":"https:\/\/algarve7.pt\/index.php\/wp-json\/wp\/v2\/media?parent=8673"}],"wp:term":[{"taxonomy":"category","embeddable":true,"href":"https:\/\/algarve7.pt\/index.php\/wp-json\/wp\/v2\/categories?post=8673"},{"taxonomy":"post_tag","embeddable":true,"href":"https:\/\/algarve7.pt\/index.php\/wp-json\/wp\/v2\/tags?post=8673"}],"curies":[{"name":"wp","href":"https:\/\/api.w.org\/{rel}","templated":true}]}}