{"id":8670,"date":"2021-05-22T12:45:00","date_gmt":"2021-05-22T11:45:00","guid":{"rendered":"https:\/\/algarve7.pt\/?p=8670"},"modified":"2021-05-22T10:18:23","modified_gmt":"2021-05-22T09:18:23","slug":"espirito-medieval-invade-a-escola-de-hotelaria-e-turismo-de-portimao","status":"publish","type":"post","link":"https:\/\/algarve7.pt\/index.php\/2021\/05\/espirito-medieval-invade-a-escola-de-hotelaria-e-turismo-de-portimao\/turismo\/12\/45\/","title":{"rendered":"Esp\u00edrito medieval invade a Escola de Hotelaria e Turismo de Portim\u00e3o"},"content":{"rendered":"\n<p>\u201cHist\u00f3ria Medieval\u201d foi o tema escolhido pelos alunos do 2\u00ba ano do curso de T\u00e9cnico de Restaurante Bar, da Escola de Hotelaria e Turismo de Portim\u00e3o, para o projeto integrador, cuja realiza\u00e7\u00e3o estava prevista para o presente m\u00eas de maio. Os temas base a desenvolver centraram-se essencialmente no empreendedorismo e na inclus\u00e3o e contaram com a participa\u00e7\u00e3o das disciplinas de Arte Cis\u00f3ria, Bar \u2013 Misturas Simples, Cartas e Menus, \u00c1rea de Integra\u00e7\u00e3o, Ingl\u00eas, Franc\u00eas e das disciplinas pr\u00e1ticas de cozinha.&nbsp;&nbsp;<\/p>\n\n\n\n<p>Este evento consistiu na recria\u00e7\u00e3o de um banquete medieval em que todos os detalhes foram pensados e criados pelos alunos. Num espa\u00e7o devidamente decorado, deu-se in\u00edcio ao evento com a coroa\u00e7\u00e3o dos \u201creis\u201d, seguindo-se da caracteriza\u00e7\u00e3o dos convidados atrav\u00e9s da utiliza\u00e7\u00e3o de roupas e adere\u00e7os pr\u00f3prios da \u00e9poca, gentilmente cedidos pelo Teatro Boa Esperan\u00e7a. Ap\u00f3s este momento, os convidados foram desafiados a participar em alguns jogos tradicionais antes de serem conduzidos ao banquete. A ementa contou com pratos simples alusivos \u00e0 \u00e9poca medieval, tendo os alunos realizado os empratamentos diante dos convidados, utilizando as t\u00e9cnicas de trinchar e desossar carnes que aprenderam na disciplina de Arte Cis\u00f3ria. No final, brindaram os convidados com uma pequena&nbsp;<em>performance<\/em>&nbsp;teatral que contou com um momento musical, de&nbsp;<em>flair bartending<\/em>&nbsp;e pirofagia.&nbsp;<\/p>\n\n\n\n<p>Para a realiza\u00e7\u00e3o deste evento, os alunos protagonistas, contaram com o apoio imprescind\u00edvel da turma de Gest\u00e3o e Produ\u00e7\u00e3o de Cozinha, do segundo semestre, que confecionaram todas as iguarias servidas no banquete.&nbsp;&nbsp;<\/p>\n\n\n\n<p>A aluna Tawany Andrade revela que \u201cap\u00f3s a escolha do tema,&nbsp;tivemos duas semanas para preparar tudo. Foram dias desafiantes. A pandemia dificultou as nossas coopera\u00e7\u00f5es, mas no final da primeira semana j\u00e1 t\u00ednhamos uma s\u00e9rie de aspetos definidos. A nossa turma ficou dividida em 3 grupos com um chefe em cada um para organizar o servi\u00e7o. Procur\u00e1mos oferecer a melhor experi\u00eancia de um almo\u00e7o medieval aos nossos convidados, n\u00e3o descurando a caracteriza\u00e7\u00e3o, anima\u00e7\u00f5es, formas de servir e de apresentar as iguarias.&nbsp;&nbsp;&nbsp;<\/p>\n\n\n\n<p>Quando termin\u00e1mos o servi\u00e7o respir\u00e1mos de al\u00edvio, com o sentimento de miss\u00e3o cumprida. Os nossos convidados adoraram e o evento foi um sucesso.&nbsp;&nbsp;Fic\u00e1mos muito felizes pois conseguimos alcan\u00e7ar o nosso prop\u00f3sito.\u201d&nbsp;&nbsp;<\/p>\n\n\n\n<p>Os objetivos dos projetos integradores dinamizados pela EHT Portim\u00e3o s\u00e3o promover a interdisciplinaridade,&nbsp;utilizar metodologias de aprendizagem em contexto simulado de trabalho, motivar os formandos para os temas a serem trabalhados de formas alternativas e promover a autonomia, capacidade criativa, sentimento de perten\u00e7a, motiva\u00e7\u00e3o profissional e pessoal dos formandos.&nbsp;<\/p>\n","protected":false},"excerpt":{"rendered":"<p>\u201cHist\u00f3ria Medieval\u201d foi o tema escolhido pelos alunos do 2\u00ba ano do curso de T\u00e9cnico de Restaurante Bar, da Escola<\/p>\n","protected":false},"author":1,"featured_media":8671,"comment_status":"closed","ping_status":"open","sticky":false,"template":"","format":"standard","meta":{"colormag_page_container_layout":"default_layout","colormag_page_sidebar_layout":"default_layout","_monsterinsights_skip_tracking":false,"_monsterinsights_sitenote_active":false,"_monsterinsights_sitenote_note":"","_monsterinsights_sitenote_category":0,"jetpack_post_was_ever_published":false,"_jetpack_newsletter_access":"","_jetpack_dont_email_post_to_subs":false,"_jetpack_newsletter_tier_id":0,"_jetpack_memberships_contains_paywalled_content":false,"_jetpack_memberships_contains_paid_content":false,"footnotes":"","jetpack_publicize_message":"","jetpack_publicize_feature_enabled":true,"jetpack_social_post_already_shared":true,"jetpack_social_options":{"image_generator_settings":{"template":"highway","default_image_id":0,"font":"","enabled":false},"version":2}},"categories":[17],"tags":[36,72,45],"class_list":["post-8670","post","type-post","status-publish","format-standard","has-post-thumbnail","hentry","category-turismo","tag-algarve","tag-portimao","tag-turismo"],"yoast_head":"<!-- This site is optimized with the Yoast SEO plugin v27.5 - https:\/\/yoast.com\/product\/yoast-seo-wordpress\/ -->\n<title>Esp\u00edrito medieval invade a Escola de Hotelaria e Turismo de Portim\u00e3o - Algarve 7<\/title>\n<meta name=\"description\" content=\"Esp\u00edrito medieval invade a Escola de Hotelaria e Turismo de Portim\u00e3o Turismo\" \/>\n<meta name=\"robots\" content=\"index, follow, max-snippet:-1, max-image-preview:large, max-video-preview:-1\" \/>\n<link rel=\"canonical\" href=\"https:\/\/algarve7.pt\/index.php\/2021\/05\/espirito-medieval-invade-a-escola-de-hotelaria-e-turismo-de-portimao\/turismo\/12\/45\/\" \/>\n<meta property=\"og:locale\" content=\"pt_PT\" \/>\n<meta property=\"og:type\" content=\"article\" \/>\n<meta property=\"og:title\" content=\"Esp\u00edrito medieval invade a Escola de Hotelaria e Turismo de Portim\u00e3o - Algarve 7\" \/>\n<meta property=\"og:description\" content=\"Esp\u00edrito medieval invade a Escola de Hotelaria e Turismo de Portim\u00e3o Turismo\" \/>\n<meta property=\"og:url\" content=\"https:\/\/algarve7.pt\/index.php\/2021\/05\/espirito-medieval-invade-a-escola-de-hotelaria-e-turismo-de-portimao\/turismo\/12\/45\/\" \/>\n<meta property=\"og:site_name\" content=\"Algarve 7\" \/>\n<meta property=\"article:publisher\" content=\"https:\/\/www.facebook.com\/algarve7\" \/>\n<meta property=\"article:author\" content=\"https:\/\/www.facebook.com\/algarve7\" \/>\n<meta property=\"article:published_time\" content=\"2021-05-22T11:45:00+00:00\" \/>\n<meta property=\"og:image\" content=\"https:\/\/algarve7.pt\/wp-content\/uploads\/2021\/05\/EHT_PTM_PIHM_01-1.jpg\" \/>\n\t<meta property=\"og:image:width\" content=\"1920\" \/>\n\t<meta property=\"og:image:height\" content=\"983\" \/>\n\t<meta property=\"og:image:type\" content=\"image\/jpeg\" \/>\n<meta name=\"author\" content=\"Algarve 7\" \/>\n<meta name=\"twitter:card\" content=\"summary_large_image\" \/>\n<meta name=\"twitter:creator\" content=\"@Algarvesete\" \/>\n<meta name=\"twitter:site\" content=\"@Algarvesete\" \/>\n<meta name=\"twitter:label1\" content=\"Escrito por\" \/>\n\t<meta name=\"twitter:data1\" content=\"Algarve 7\" \/>\n\t<meta name=\"twitter:label2\" content=\"Tempo estimado de leitura\" \/>\n\t<meta name=\"twitter:data2\" content=\"2 minutos\" \/>\n<script type=\"application\/ld+json\" class=\"yoast-schema-graph\">{\"@context\":\"https:\\\/\\\/schema.org\",\"@graph\":[{\"@type\":\"Article\",\"@id\":\"https:\\\/\\\/algarve7.pt\\\/index.php\\\/2021\\\/05\\\/espirito-medieval-invade-a-escola-de-hotelaria-e-turismo-de-portimao\\\/turismo\\\/12\\\/45\\\/#article\",\"isPartOf\":{\"@id\":\"https:\\\/\\\/algarve7.pt\\\/index.php\\\/2021\\\/05\\\/espirito-medieval-invade-a-escola-de-hotelaria-e-turismo-de-portimao\\\/turismo\\\/12\\\/45\\\/\"},\"author\":{\"name\":\"Algarve 7\",\"@id\":\"https:\\\/\\\/algarve7.pt\\\/#\\\/schema\\\/person\\\/23fa70681308e7b319a3204bcea45e0c\"},\"headline\":\"Esp\u00edrito medieval invade a Escola de Hotelaria e Turismo de Portim\u00e3o\",\"datePublished\":\"2021-05-22T11:45:00+00:00\",\"mainEntityOfPage\":{\"@id\":\"https:\\\/\\\/algarve7.pt\\\/index.php\\\/2021\\\/05\\\/espirito-medieval-invade-a-escola-de-hotelaria-e-turismo-de-portimao\\\/turismo\\\/12\\\/45\\\/\"},\"wordCount\":483,\"publisher\":{\"@id\":\"https:\\\/\\\/algarve7.pt\\\/#organization\"},\"image\":{\"@id\":\"https:\\\/\\\/algarve7.pt\\\/index.php\\\/2021\\\/05\\\/espirito-medieval-invade-a-escola-de-hotelaria-e-turismo-de-portimao\\\/turismo\\\/12\\\/45\\\/#primaryimage\"},\"thumbnailUrl\":\"https:\\\/\\\/algarve7.pt\\\/wp-content\\\/uploads\\\/2021\\\/05\\\/EHT_PTM_PIHM_01-1.jpg\",\"keywords\":[\"Algarve\",\"Portim\u00e3o\",\"Turismo\"],\"articleSection\":[\"Turismo\"],\"inLanguage\":\"pt-PT\"},{\"@type\":\"WebPage\",\"@id\":\"https:\\\/\\\/algarve7.pt\\\/index.php\\\/2021\\\/05\\\/espirito-medieval-invade-a-escola-de-hotelaria-e-turismo-de-portimao\\\/turismo\\\/12\\\/45\\\/\",\"url\":\"https:\\\/\\\/algarve7.pt\\\/index.php\\\/2021\\\/05\\\/espirito-medieval-invade-a-escola-de-hotelaria-e-turismo-de-portimao\\\/turismo\\\/12\\\/45\\\/\",\"name\":\"Esp\u00edrito medieval invade a Escola de Hotelaria e Turismo de Portim\u00e3o - Algarve 7\",\"isPartOf\":{\"@id\":\"https:\\\/\\\/algarve7.pt\\\/#website\"},\"primaryImageOfPage\":{\"@id\":\"https:\\\/\\\/algarve7.pt\\\/index.php\\\/2021\\\/05\\\/espirito-medieval-invade-a-escola-de-hotelaria-e-turismo-de-portimao\\\/turismo\\\/12\\\/45\\\/#primaryimage\"},\"image\":{\"@id\":\"https:\\\/\\\/algarve7.pt\\\/index.php\\\/2021\\\/05\\\/espirito-medieval-invade-a-escola-de-hotelaria-e-turismo-de-portimao\\\/turismo\\\/12\\\/45\\\/#primaryimage\"},\"thumbnailUrl\":\"https:\\\/\\\/algarve7.pt\\\/wp-content\\\/uploads\\\/2021\\\/05\\\/EHT_PTM_PIHM_01-1.jpg\",\"datePublished\":\"2021-05-22T11:45:00+00:00\",\"description\":\"Esp\u00edrito medieval invade a Escola de Hotelaria e Turismo de Portim\u00e3o Turismo\",\"breadcrumb\":{\"@id\":\"https:\\\/\\\/algarve7.pt\\\/index.php\\\/2021\\\/05\\\/espirito-medieval-invade-a-escola-de-hotelaria-e-turismo-de-portimao\\\/turismo\\\/12\\\/45\\\/#breadcrumb\"},\"inLanguage\":\"pt-PT\",\"potentialAction\":[{\"@type\":\"ReadAction\",\"target\":[\"https:\\\/\\\/algarve7.pt\\\/index.php\\\/2021\\\/05\\\/espirito-medieval-invade-a-escola-de-hotelaria-e-turismo-de-portimao\\\/turismo\\\/12\\\/45\\\/\"]}]},{\"@type\":\"ImageObject\",\"inLanguage\":\"pt-PT\",\"@id\":\"https:\\\/\\\/algarve7.pt\\\/index.php\\\/2021\\\/05\\\/espirito-medieval-invade-a-escola-de-hotelaria-e-turismo-de-portimao\\\/turismo\\\/12\\\/45\\\/#primaryimage\",\"url\":\"https:\\\/\\\/algarve7.pt\\\/wp-content\\\/uploads\\\/2021\\\/05\\\/EHT_PTM_PIHM_01-1.jpg\",\"contentUrl\":\"https:\\\/\\\/algarve7.pt\\\/wp-content\\\/uploads\\\/2021\\\/05\\\/EHT_PTM_PIHM_01-1.jpg\",\"width\":1920,\"height\":983},{\"@type\":\"BreadcrumbList\",\"@id\":\"https:\\\/\\\/algarve7.pt\\\/index.php\\\/2021\\\/05\\\/espirito-medieval-invade-a-escola-de-hotelaria-e-turismo-de-portimao\\\/turismo\\\/12\\\/45\\\/#breadcrumb\",\"itemListElement\":[{\"@type\":\"ListItem\",\"position\":1,\"name\":\"In\u00edcio\",\"item\":\"https:\\\/\\\/algarve7.pt\\\/\"},{\"@type\":\"ListItem\",\"position\":2,\"name\":\"Esp\u00edrito medieval invade a Escola de Hotelaria e Turismo de Portim\u00e3o\"}]},{\"@type\":\"WebSite\",\"@id\":\"https:\\\/\\\/algarve7.pt\\\/#website\",\"url\":\"https:\\\/\\\/algarve7.pt\\\/\",\"name\":\"Algarve 7\",\"description\":\"Informa\u00e7\u00e3o sobre o Algarve\",\"publisher\":{\"@id\":\"https:\\\/\\\/algarve7.pt\\\/#organization\"},\"potentialAction\":[{\"@type\":\"SearchAction\",\"target\":{\"@type\":\"EntryPoint\",\"urlTemplate\":\"https:\\\/\\\/algarve7.pt\\\/?s={search_term_string}\"},\"query-input\":{\"@type\":\"PropertyValueSpecification\",\"valueRequired\":true,\"valueName\":\"search_term_string\"}}],\"inLanguage\":\"pt-PT\"},{\"@type\":\"Organization\",\"@id\":\"https:\\\/\\\/algarve7.pt\\\/#organization\",\"name\":\"Algarve 7\",\"url\":\"https:\\\/\\\/algarve7.pt\\\/\",\"logo\":{\"@type\":\"ImageObject\",\"inLanguage\":\"pt-PT\",\"@id\":\"https:\\\/\\\/algarve7.pt\\\/#\\\/schema\\\/logo\\\/image\\\/\",\"url\":\"https:\\\/\\\/algarve7.pt\\\/wp-content\\\/uploads\\\/2020\\\/10\\\/Logo-8.jpg\",\"contentUrl\":\"https:\\\/\\\/algarve7.pt\\\/wp-content\\\/uploads\\\/2020\\\/10\\\/Logo-8.jpg\",\"width\":1680,\"height\":1186,\"caption\":\"Algarve 7\"},\"image\":{\"@id\":\"https:\\\/\\\/algarve7.pt\\\/#\\\/schema\\\/logo\\\/image\\\/\"},\"sameAs\":[\"https:\\\/\\\/www.facebook.com\\\/algarve7\",\"https:\\\/\\\/x.com\\\/Algarvesete\",\"https:\\\/\\\/www.instagram.com\\\/jornalalgarve7\\\/\",\"https:\\\/\\\/www.linkedin.com\\\/company\\\/algarve7\",\"https:\\\/\\\/www.pinterest.pt\\\/geral0939\\\/_created\\\/\"]},{\"@type\":\"Person\",\"@id\":\"https:\\\/\\\/algarve7.pt\\\/#\\\/schema\\\/person\\\/23fa70681308e7b319a3204bcea45e0c\",\"name\":\"Algarve 7\",\"sameAs\":[\"https:\\\/\\\/algarve7.pt\",\"https:\\\/\\\/www.facebook.com\\\/algarve7\"],\"url\":\"https:\\\/\\\/algarve7.pt\\\/index.php\\\/author\\\/geralalgarve7-pt\\\/\"}]}<\/script>\n<!-- \/ Yoast SEO plugin. -->","yoast_head_json":{"title":"Esp\u00edrito medieval invade a Escola de Hotelaria e Turismo de Portim\u00e3o - Algarve 7","description":"Esp\u00edrito medieval invade a Escola de Hotelaria e Turismo de Portim\u00e3o Turismo","robots":{"index":"index","follow":"follow","max-snippet":"max-snippet:-1","max-image-preview":"max-image-preview:large","max-video-preview":"max-video-preview:-1"},"canonical":"https:\/\/algarve7.pt\/index.php\/2021\/05\/espirito-medieval-invade-a-escola-de-hotelaria-e-turismo-de-portimao\/turismo\/12\/45\/","og_locale":"pt_PT","og_type":"article","og_title":"Esp\u00edrito medieval invade a Escola de Hotelaria e Turismo de Portim\u00e3o - Algarve 7","og_description":"Esp\u00edrito medieval invade a Escola de Hotelaria e Turismo de Portim\u00e3o Turismo","og_url":"https:\/\/algarve7.pt\/index.php\/2021\/05\/espirito-medieval-invade-a-escola-de-hotelaria-e-turismo-de-portimao\/turismo\/12\/45\/","og_site_name":"Algarve 7","article_publisher":"https:\/\/www.facebook.com\/algarve7","article_author":"https:\/\/www.facebook.com\/algarve7","article_published_time":"2021-05-22T11:45:00+00:00","og_image":[{"width":1920,"height":983,"url":"https:\/\/algarve7.pt\/wp-content\/uploads\/2021\/05\/EHT_PTM_PIHM_01-1.jpg","type":"image\/jpeg"}],"author":"Algarve 7","twitter_card":"summary_large_image","twitter_creator":"@Algarvesete","twitter_site":"@Algarvesete","twitter_misc":{"Escrito por":"Algarve 7","Tempo estimado de leitura":"2 minutos"},"schema":{"@context":"https:\/\/schema.org","@graph":[{"@type":"Article","@id":"https:\/\/algarve7.pt\/index.php\/2021\/05\/espirito-medieval-invade-a-escola-de-hotelaria-e-turismo-de-portimao\/turismo\/12\/45\/#article","isPartOf":{"@id":"https:\/\/algarve7.pt\/index.php\/2021\/05\/espirito-medieval-invade-a-escola-de-hotelaria-e-turismo-de-portimao\/turismo\/12\/45\/"},"author":{"name":"Algarve 7","@id":"https:\/\/algarve7.pt\/#\/schema\/person\/23fa70681308e7b319a3204bcea45e0c"},"headline":"Esp\u00edrito medieval invade a Escola de Hotelaria e Turismo de Portim\u00e3o","datePublished":"2021-05-22T11:45:00+00:00","mainEntityOfPage":{"@id":"https:\/\/algarve7.pt\/index.php\/2021\/05\/espirito-medieval-invade-a-escola-de-hotelaria-e-turismo-de-portimao\/turismo\/12\/45\/"},"wordCount":483,"publisher":{"@id":"https:\/\/algarve7.pt\/#organization"},"image":{"@id":"https:\/\/algarve7.pt\/index.php\/2021\/05\/espirito-medieval-invade-a-escola-de-hotelaria-e-turismo-de-portimao\/turismo\/12\/45\/#primaryimage"},"thumbnailUrl":"https:\/\/algarve7.pt\/wp-content\/uploads\/2021\/05\/EHT_PTM_PIHM_01-1.jpg","keywords":["Algarve","Portim\u00e3o","Turismo"],"articleSection":["Turismo"],"inLanguage":"pt-PT"},{"@type":"WebPage","@id":"https:\/\/algarve7.pt\/index.php\/2021\/05\/espirito-medieval-invade-a-escola-de-hotelaria-e-turismo-de-portimao\/turismo\/12\/45\/","url":"https:\/\/algarve7.pt\/index.php\/2021\/05\/espirito-medieval-invade-a-escola-de-hotelaria-e-turismo-de-portimao\/turismo\/12\/45\/","name":"Esp\u00edrito medieval invade a Escola de Hotelaria e Turismo de Portim\u00e3o - Algarve 7","isPartOf":{"@id":"https:\/\/algarve7.pt\/#website"},"primaryImageOfPage":{"@id":"https:\/\/algarve7.pt\/index.php\/2021\/05\/espirito-medieval-invade-a-escola-de-hotelaria-e-turismo-de-portimao\/turismo\/12\/45\/#primaryimage"},"image":{"@id":"https:\/\/algarve7.pt\/index.php\/2021\/05\/espirito-medieval-invade-a-escola-de-hotelaria-e-turismo-de-portimao\/turismo\/12\/45\/#primaryimage"},"thumbnailUrl":"https:\/\/algarve7.pt\/wp-content\/uploads\/2021\/05\/EHT_PTM_PIHM_01-1.jpg","datePublished":"2021-05-22T11:45:00+00:00","description":"Esp\u00edrito medieval invade a Escola de Hotelaria e Turismo de Portim\u00e3o Turismo","breadcrumb":{"@id":"https:\/\/algarve7.pt\/index.php\/2021\/05\/espirito-medieval-invade-a-escola-de-hotelaria-e-turismo-de-portimao\/turismo\/12\/45\/#breadcrumb"},"inLanguage":"pt-PT","potentialAction":[{"@type":"ReadAction","target":["https:\/\/algarve7.pt\/index.php\/2021\/05\/espirito-medieval-invade-a-escola-de-hotelaria-e-turismo-de-portimao\/turismo\/12\/45\/"]}]},{"@type":"ImageObject","inLanguage":"pt-PT","@id":"https:\/\/algarve7.pt\/index.php\/2021\/05\/espirito-medieval-invade-a-escola-de-hotelaria-e-turismo-de-portimao\/turismo\/12\/45\/#primaryimage","url":"https:\/\/algarve7.pt\/wp-content\/uploads\/2021\/05\/EHT_PTM_PIHM_01-1.jpg","contentUrl":"https:\/\/algarve7.pt\/wp-content\/uploads\/2021\/05\/EHT_PTM_PIHM_01-1.jpg","width":1920,"height":983},{"@type":"BreadcrumbList","@id":"https:\/\/algarve7.pt\/index.php\/2021\/05\/espirito-medieval-invade-a-escola-de-hotelaria-e-turismo-de-portimao\/turismo\/12\/45\/#breadcrumb","itemListElement":[{"@type":"ListItem","position":1,"name":"In\u00edcio","item":"https:\/\/algarve7.pt\/"},{"@type":"ListItem","position":2,"name":"Esp\u00edrito medieval invade a Escola de Hotelaria e Turismo de Portim\u00e3o"}]},{"@type":"WebSite","@id":"https:\/\/algarve7.pt\/#website","url":"https:\/\/algarve7.pt\/","name":"Algarve 7","description":"Informa\u00e7\u00e3o sobre o Algarve","publisher":{"@id":"https:\/\/algarve7.pt\/#organization"},"potentialAction":[{"@type":"SearchAction","target":{"@type":"EntryPoint","urlTemplate":"https:\/\/algarve7.pt\/?s={search_term_string}"},"query-input":{"@type":"PropertyValueSpecification","valueRequired":true,"valueName":"search_term_string"}}],"inLanguage":"pt-PT"},{"@type":"Organization","@id":"https:\/\/algarve7.pt\/#organization","name":"Algarve 7","url":"https:\/\/algarve7.pt\/","logo":{"@type":"ImageObject","inLanguage":"pt-PT","@id":"https:\/\/algarve7.pt\/#\/schema\/logo\/image\/","url":"https:\/\/algarve7.pt\/wp-content\/uploads\/2020\/10\/Logo-8.jpg","contentUrl":"https:\/\/algarve7.pt\/wp-content\/uploads\/2020\/10\/Logo-8.jpg","width":1680,"height":1186,"caption":"Algarve 7"},"image":{"@id":"https:\/\/algarve7.pt\/#\/schema\/logo\/image\/"},"sameAs":["https:\/\/www.facebook.com\/algarve7","https:\/\/x.com\/Algarvesete","https:\/\/www.instagram.com\/jornalalgarve7\/","https:\/\/www.linkedin.com\/company\/algarve7","https:\/\/www.pinterest.pt\/geral0939\/_created\/"]},{"@type":"Person","@id":"https:\/\/algarve7.pt\/#\/schema\/person\/23fa70681308e7b319a3204bcea45e0c","name":"Algarve 7","sameAs":["https:\/\/algarve7.pt","https:\/\/www.facebook.com\/algarve7"],"url":"https:\/\/algarve7.pt\/index.php\/author\/geralalgarve7-pt\/"}]}},"jetpack_publicize_connections":[],"jetpack_featured_media_url":"https:\/\/algarve7.pt\/wp-content\/uploads\/2021\/05\/EHT_PTM_PIHM_01-1.jpg","jetpack_shortlink":"https:\/\/wp.me\/pcezmW-2fQ","jetpack_sharing_enabled":true,"_links":{"self":[{"href":"https:\/\/algarve7.pt\/index.php\/wp-json\/wp\/v2\/posts\/8670","targetHints":{"allow":["GET"]}}],"collection":[{"href":"https:\/\/algarve7.pt\/index.php\/wp-json\/wp\/v2\/posts"}],"about":[{"href":"https:\/\/algarve7.pt\/index.php\/wp-json\/wp\/v2\/types\/post"}],"author":[{"embeddable":true,"href":"https:\/\/algarve7.pt\/index.php\/wp-json\/wp\/v2\/users\/1"}],"replies":[{"embeddable":true,"href":"https:\/\/algarve7.pt\/index.php\/wp-json\/wp\/v2\/comments?post=8670"}],"version-history":[{"count":0,"href":"https:\/\/algarve7.pt\/index.php\/wp-json\/wp\/v2\/posts\/8670\/revisions"}],"wp:featuredmedia":[{"embeddable":true,"href":"https:\/\/algarve7.pt\/index.php\/wp-json\/wp\/v2\/media\/8671"}],"wp:attachment":[{"href":"https:\/\/algarve7.pt\/index.php\/wp-json\/wp\/v2\/media?parent=8670"}],"wp:term":[{"taxonomy":"category","embeddable":true,"href":"https:\/\/algarve7.pt\/index.php\/wp-json\/wp\/v2\/categories?post=8670"},{"taxonomy":"post_tag","embeddable":true,"href":"https:\/\/algarve7.pt\/index.php\/wp-json\/wp\/v2\/tags?post=8670"}],"curies":[{"name":"wp","href":"https:\/\/api.w.org\/{rel}","templated":true}]}}