{"id":8667,"date":"2021-05-22T10:45:00","date_gmt":"2021-05-22T09:45:00","guid":{"rendered":"https:\/\/algarve7.pt\/?p=8667"},"modified":"2021-05-22T10:14:10","modified_gmt":"2021-05-22T09:14:10","slug":"alta-comissaria-para-as-migracoes-assinalou-ontem-em-portimao-o-dia-internacional-da-diversidade-cultural","status":"publish","type":"post","link":"https:\/\/algarve7.pt\/index.php\/2021\/05\/alta-comissaria-para-as-migracoes-assinalou-ontem-em-portimao-o-dia-internacional-da-diversidade-cultural\/atualidade\/10\/45\/","title":{"rendered":"Alta comiss\u00e1ria para as Migra\u00e7\u00f5es assinalou ontem em Portim\u00e3o o Dia Internacional da Diversidade Cultural"},"content":{"rendered":"\n<p>A alta comiss\u00e1ria para as Migra\u00e7\u00f5es e presidente do conselho diretivo do Alto Comissariado para as Migra\u00e7\u00f5es, S\u00f3nia Pereira, esteve ontem de manh\u00e3 no Museu de Portim\u00e3o, onde apreciou a exposi\u00e7\u00e3o\u00a0\u201cSomos todas as Cores\u201d, que re\u00fane uma importante parte do conjunto das obras do escultor, ceramista e pintor alem\u00e3o Hein Semk, tendo posteriormente visitado\u00a0o mural colaborativo &#8220;Interculturalidades&#8221; que est\u00e1 a ser pintado no Bairro da Cruz da Parteira\u00a0pelos artistas locais Tars8two e APC da LAC-\u00a0\u00a0Laborat\u00f3rio de Atividades Criativas.<\/p>\n\n\n\n<p>Nesta visita, que assinalou o Dia Internacional da Diversidade Cultural e o arranque da Semana Intercultural de Portim\u00e3o, S\u00f3nia Pereira esteve acompanhada por&nbsp;Jos\u00e9 Reis, vogal do conselho diretivo do Alto Comissariado, por&nbsp;Gon\u00e7alo Salgado,&nbsp;coordenador do CNAIM Algarve (Centro Nacional de Apoio \u00e0 Integra\u00e7\u00e3o de Migrantes \u00b7&nbsp;\u200eAlto Comissariado para as Migra\u00e7\u00f5es)&nbsp;e por&nbsp;Fl\u00e1via Tourinho,&nbsp;coordenadora dos gabinetes de apoio social e inclus\u00e3o do&nbsp;CNAIM e foi recebida pela Vereadora da C\u00e2mara Municipal de Portim\u00e3o, Teresa Mendes.<\/p>\n\n\n\n<p>A comitiva aproveitou a ocasi\u00e3o para visitar tamb\u00e9m o Centro Comunit\u00e1rio da Cruz da Parteira, onde nos dias 26 e 28 decorrer\u00e1&nbsp;a a\u00e7\u00e3o de sensibiliza\u00e7\u00e3o \u201cAs Cores da Cidade Cinzenta\u201d, inspirada no livro hom\u00f3nimo de Rita Garcia Fernandes e dirigida \u00e0s crian\u00e7as deste bairro social,&nbsp;onde coexistem diversas culturas e que tem merecido um importante trabalho de interven\u00e7\u00e3o social de sensibiliza\u00e7\u00e3o por parte da autarquia no sentido de aceita\u00e7\u00e3o da cultura do outro.<\/p>\n\n\n\n<p>\u200b<\/p>\n\n\n\n<p>O Munic\u00edpio de Portim\u00e3o regista a efem\u00e9ride de hoje de forma especial, pois \u00e9 uma das quatro cidades interculturais portuguesas que fazem parte da campanha internacional comemorativa e lan\u00e7ada pela ICC \u2013 Intercultural Cities\u00a0<a href=\"https:\/\/www.coe.int\/en\/web\/interculturalcities\/world-day-for-cultural-diversity-for-dialogue-and-development-2021\" target=\"_blank\" rel=\"noreferrer noopener\">\u201c Feel Diversity-revive your senses\u201d<\/a>, que d\u00e1 a conhecer a diversidade cultural das suas associadas.<\/p>\n\n\n\n<p>Portim\u00e3o integra este mapa de cidades interculturais como um munic\u00edpio que se assume cada vez mais como detentor de uma popula\u00e7\u00e3o ecl\u00e9tica e diversificada, com mais de seis dezenas de comunidades estrangeiras a residir e a trabalhar no concelho, o que justifica a promo\u00e7\u00e3o da Semana Intercultural, que decorrer\u00e1 at\u00e9 29 de maio.<\/p>\n\n\n\n<p><strong>\u00a0<\/strong><\/p>\n","protected":false},"excerpt":{"rendered":"<p>A alta comiss\u00e1ria para as Migra\u00e7\u00f5es e presidente do conselho diretivo do Alto Comissariado para as Migra\u00e7\u00f5es, S\u00f3nia Pereira, esteve<\/p>\n","protected":false},"author":1,"featured_media":8668,"comment_status":"closed","ping_status":"open","sticky":false,"template":"","format":"standard","meta":{"colormag_page_container_layout":"default_layout","colormag_page_sidebar_layout":"default_layout","_monsterinsights_skip_tracking":false,"_monsterinsights_sitenote_active":false,"_monsterinsights_sitenote_note":"","_monsterinsights_sitenote_category":0,"jetpack_post_was_ever_published":false,"_jetpack_newsletter_access":"","_jetpack_dont_email_post_to_subs":false,"_jetpack_newsletter_tier_id":0,"_jetpack_memberships_contains_paywalled_content":false,"_jetpack_memberships_contains_paid_content":false,"footnotes":"","jetpack_publicize_message":"","jetpack_publicize_feature_enabled":true,"jetpack_social_post_already_shared":true,"jetpack_social_options":{"image_generator_settings":{"template":"highway","default_image_id":0,"font":"","enabled":false},"version":2}},"categories":[11],"tags":[36,62,72],"class_list":["post-8667","post","type-post","status-publish","format-standard","has-post-thumbnail","hentry","category-atualidade","tag-algarve","tag-atualidade","tag-portimao"],"yoast_head":"<!-- This site is optimized with the Yoast SEO plugin v27.5 - https:\/\/yoast.com\/product\/yoast-seo-wordpress\/ -->\n<title>Alta comiss\u00e1ria para as Migra\u00e7\u00f5es assinalou ontem em Portim\u00e3o o Dia Internacional da Diversidade Cultural - Algarve 7<\/title>\n<meta name=\"description\" content=\"Alta comiss\u00e1ria para as Migra\u00e7\u00f5es assinalou ontem em Portim\u00e3o o Dia Internacional da Diversidade Cultural Atualidade\" \/>\n<meta name=\"robots\" content=\"index, follow, max-snippet:-1, max-image-preview:large, max-video-preview:-1\" \/>\n<link rel=\"canonical\" href=\"https:\/\/algarve7.pt\/index.php\/2021\/05\/alta-comissaria-para-as-migracoes-assinalou-ontem-em-portimao-o-dia-internacional-da-diversidade-cultural\/atualidade\/10\/45\/\" \/>\n<meta property=\"og:locale\" content=\"pt_PT\" \/>\n<meta property=\"og:type\" content=\"article\" \/>\n<meta property=\"og:title\" content=\"Alta comiss\u00e1ria para as Migra\u00e7\u00f5es assinalou ontem em Portim\u00e3o o Dia Internacional da Diversidade Cultural - Algarve 7\" \/>\n<meta property=\"og:description\" content=\"Alta comiss\u00e1ria para as Migra\u00e7\u00f5es assinalou ontem em Portim\u00e3o o Dia Internacional da Diversidade Cultural Atualidade\" \/>\n<meta property=\"og:url\" content=\"https:\/\/algarve7.pt\/index.php\/2021\/05\/alta-comissaria-para-as-migracoes-assinalou-ontem-em-portimao-o-dia-internacional-da-diversidade-cultural\/atualidade\/10\/45\/\" \/>\n<meta property=\"og:site_name\" content=\"Algarve 7\" \/>\n<meta property=\"article:publisher\" content=\"https:\/\/www.facebook.com\/algarve7\" \/>\n<meta property=\"article:author\" content=\"https:\/\/www.facebook.com\/algarve7\" \/>\n<meta property=\"article:published_time\" content=\"2021-05-22T09:45:00+00:00\" \/>\n<meta property=\"og:image\" content=\"https:\/\/algarve7.pt\/wp-content\/uploads\/2021\/05\/Comitiva-junto-ao-mural-colaborativo-no-Bairro-Cruz-da-Parteira.jpg\" \/>\n\t<meta property=\"og:image:width\" content=\"1341\" \/>\n\t<meta property=\"og:image:height\" content=\"691\" \/>\n\t<meta property=\"og:image:type\" content=\"image\/jpeg\" \/>\n<meta name=\"author\" content=\"Algarve 7\" \/>\n<meta name=\"twitter:card\" content=\"summary_large_image\" \/>\n<meta name=\"twitter:creator\" content=\"@Algarvesete\" \/>\n<meta name=\"twitter:site\" content=\"@Algarvesete\" \/>\n<meta name=\"twitter:label1\" content=\"Escrito por\" \/>\n\t<meta name=\"twitter:data1\" content=\"Algarve 7\" \/>\n\t<meta name=\"twitter:label2\" content=\"Tempo estimado de leitura\" \/>\n\t<meta name=\"twitter:data2\" content=\"2 minutos\" \/>\n<script type=\"application\/ld+json\" class=\"yoast-schema-graph\">{\"@context\":\"https:\\\/\\\/schema.org\",\"@graph\":[{\"@type\":\"Article\",\"@id\":\"https:\\\/\\\/algarve7.pt\\\/index.php\\\/2021\\\/05\\\/alta-comissaria-para-as-migracoes-assinalou-ontem-em-portimao-o-dia-internacional-da-diversidade-cultural\\\/atualidade\\\/10\\\/45\\\/#article\",\"isPartOf\":{\"@id\":\"https:\\\/\\\/algarve7.pt\\\/index.php\\\/2021\\\/05\\\/alta-comissaria-para-as-migracoes-assinalou-ontem-em-portimao-o-dia-internacional-da-diversidade-cultural\\\/atualidade\\\/10\\\/45\\\/\"},\"author\":{\"name\":\"Algarve 7\",\"@id\":\"https:\\\/\\\/algarve7.pt\\\/#\\\/schema\\\/person\\\/23fa70681308e7b319a3204bcea45e0c\"},\"headline\":\"Alta comiss\u00e1ria para as Migra\u00e7\u00f5es assinalou ontem em Portim\u00e3o o Dia Internacional da Diversidade Cultural\",\"datePublished\":\"2021-05-22T09:45:00+00:00\",\"mainEntityOfPage\":{\"@id\":\"https:\\\/\\\/algarve7.pt\\\/index.php\\\/2021\\\/05\\\/alta-comissaria-para-as-migracoes-assinalou-ontem-em-portimao-o-dia-internacional-da-diversidade-cultural\\\/atualidade\\\/10\\\/45\\\/\"},\"wordCount\":395,\"publisher\":{\"@id\":\"https:\\\/\\\/algarve7.pt\\\/#organization\"},\"image\":{\"@id\":\"https:\\\/\\\/algarve7.pt\\\/index.php\\\/2021\\\/05\\\/alta-comissaria-para-as-migracoes-assinalou-ontem-em-portimao-o-dia-internacional-da-diversidade-cultural\\\/atualidade\\\/10\\\/45\\\/#primaryimage\"},\"thumbnailUrl\":\"https:\\\/\\\/algarve7.pt\\\/wp-content\\\/uploads\\\/2021\\\/05\\\/Comitiva-junto-ao-mural-colaborativo-no-Bairro-Cruz-da-Parteira.jpg\",\"keywords\":[\"Algarve\",\"Atualidade\",\"Portim\u00e3o\"],\"articleSection\":[\"Atualidade\"],\"inLanguage\":\"pt-PT\"},{\"@type\":\"WebPage\",\"@id\":\"https:\\\/\\\/algarve7.pt\\\/index.php\\\/2021\\\/05\\\/alta-comissaria-para-as-migracoes-assinalou-ontem-em-portimao-o-dia-internacional-da-diversidade-cultural\\\/atualidade\\\/10\\\/45\\\/\",\"url\":\"https:\\\/\\\/algarve7.pt\\\/index.php\\\/2021\\\/05\\\/alta-comissaria-para-as-migracoes-assinalou-ontem-em-portimao-o-dia-internacional-da-diversidade-cultural\\\/atualidade\\\/10\\\/45\\\/\",\"name\":\"Alta comiss\u00e1ria para as Migra\u00e7\u00f5es assinalou ontem em Portim\u00e3o o Dia Internacional da Diversidade Cultural - Algarve 7\",\"isPartOf\":{\"@id\":\"https:\\\/\\\/algarve7.pt\\\/#website\"},\"primaryImageOfPage\":{\"@id\":\"https:\\\/\\\/algarve7.pt\\\/index.php\\\/2021\\\/05\\\/alta-comissaria-para-as-migracoes-assinalou-ontem-em-portimao-o-dia-internacional-da-diversidade-cultural\\\/atualidade\\\/10\\\/45\\\/#primaryimage\"},\"image\":{\"@id\":\"https:\\\/\\\/algarve7.pt\\\/index.php\\\/2021\\\/05\\\/alta-comissaria-para-as-migracoes-assinalou-ontem-em-portimao-o-dia-internacional-da-diversidade-cultural\\\/atualidade\\\/10\\\/45\\\/#primaryimage\"},\"thumbnailUrl\":\"https:\\\/\\\/algarve7.pt\\\/wp-content\\\/uploads\\\/2021\\\/05\\\/Comitiva-junto-ao-mural-colaborativo-no-Bairro-Cruz-da-Parteira.jpg\",\"datePublished\":\"2021-05-22T09:45:00+00:00\",\"description\":\"Alta comiss\u00e1ria para as Migra\u00e7\u00f5es assinalou ontem em Portim\u00e3o o Dia Internacional da Diversidade Cultural Atualidade\",\"breadcrumb\":{\"@id\":\"https:\\\/\\\/algarve7.pt\\\/index.php\\\/2021\\\/05\\\/alta-comissaria-para-as-migracoes-assinalou-ontem-em-portimao-o-dia-internacional-da-diversidade-cultural\\\/atualidade\\\/10\\\/45\\\/#breadcrumb\"},\"inLanguage\":\"pt-PT\",\"potentialAction\":[{\"@type\":\"ReadAction\",\"target\":[\"https:\\\/\\\/algarve7.pt\\\/index.php\\\/2021\\\/05\\\/alta-comissaria-para-as-migracoes-assinalou-ontem-em-portimao-o-dia-internacional-da-diversidade-cultural\\\/atualidade\\\/10\\\/45\\\/\"]}]},{\"@type\":\"ImageObject\",\"inLanguage\":\"pt-PT\",\"@id\":\"https:\\\/\\\/algarve7.pt\\\/index.php\\\/2021\\\/05\\\/alta-comissaria-para-as-migracoes-assinalou-ontem-em-portimao-o-dia-internacional-da-diversidade-cultural\\\/atualidade\\\/10\\\/45\\\/#primaryimage\",\"url\":\"https:\\\/\\\/algarve7.pt\\\/wp-content\\\/uploads\\\/2021\\\/05\\\/Comitiva-junto-ao-mural-colaborativo-no-Bairro-Cruz-da-Parteira.jpg\",\"contentUrl\":\"https:\\\/\\\/algarve7.pt\\\/wp-content\\\/uploads\\\/2021\\\/05\\\/Comitiva-junto-ao-mural-colaborativo-no-Bairro-Cruz-da-Parteira.jpg\",\"width\":1341,\"height\":691},{\"@type\":\"BreadcrumbList\",\"@id\":\"https:\\\/\\\/algarve7.pt\\\/index.php\\\/2021\\\/05\\\/alta-comissaria-para-as-migracoes-assinalou-ontem-em-portimao-o-dia-internacional-da-diversidade-cultural\\\/atualidade\\\/10\\\/45\\\/#breadcrumb\",\"itemListElement\":[{\"@type\":\"ListItem\",\"position\":1,\"name\":\"In\u00edcio\",\"item\":\"https:\\\/\\\/algarve7.pt\\\/\"},{\"@type\":\"ListItem\",\"position\":2,\"name\":\"Alta comiss\u00e1ria para as Migra\u00e7\u00f5es assinalou ontem em Portim\u00e3o o Dia Internacional da Diversidade Cultural\"}]},{\"@type\":\"WebSite\",\"@id\":\"https:\\\/\\\/algarve7.pt\\\/#website\",\"url\":\"https:\\\/\\\/algarve7.pt\\\/\",\"name\":\"Algarve 7\",\"description\":\"Informa\u00e7\u00e3o sobre o Algarve\",\"publisher\":{\"@id\":\"https:\\\/\\\/algarve7.pt\\\/#organization\"},\"potentialAction\":[{\"@type\":\"SearchAction\",\"target\":{\"@type\":\"EntryPoint\",\"urlTemplate\":\"https:\\\/\\\/algarve7.pt\\\/?s={search_term_string}\"},\"query-input\":{\"@type\":\"PropertyValueSpecification\",\"valueRequired\":true,\"valueName\":\"search_term_string\"}}],\"inLanguage\":\"pt-PT\"},{\"@type\":\"Organization\",\"@id\":\"https:\\\/\\\/algarve7.pt\\\/#organization\",\"name\":\"Algarve 7\",\"url\":\"https:\\\/\\\/algarve7.pt\\\/\",\"logo\":{\"@type\":\"ImageObject\",\"inLanguage\":\"pt-PT\",\"@id\":\"https:\\\/\\\/algarve7.pt\\\/#\\\/schema\\\/logo\\\/image\\\/\",\"url\":\"https:\\\/\\\/algarve7.pt\\\/wp-content\\\/uploads\\\/2020\\\/10\\\/Logo-8.jpg\",\"contentUrl\":\"https:\\\/\\\/algarve7.pt\\\/wp-content\\\/uploads\\\/2020\\\/10\\\/Logo-8.jpg\",\"width\":1680,\"height\":1186,\"caption\":\"Algarve 7\"},\"image\":{\"@id\":\"https:\\\/\\\/algarve7.pt\\\/#\\\/schema\\\/logo\\\/image\\\/\"},\"sameAs\":[\"https:\\\/\\\/www.facebook.com\\\/algarve7\",\"https:\\\/\\\/x.com\\\/Algarvesete\",\"https:\\\/\\\/www.instagram.com\\\/jornalalgarve7\\\/\",\"https:\\\/\\\/www.linkedin.com\\\/company\\\/algarve7\",\"https:\\\/\\\/www.pinterest.pt\\\/geral0939\\\/_created\\\/\"]},{\"@type\":\"Person\",\"@id\":\"https:\\\/\\\/algarve7.pt\\\/#\\\/schema\\\/person\\\/23fa70681308e7b319a3204bcea45e0c\",\"name\":\"Algarve 7\",\"sameAs\":[\"https:\\\/\\\/algarve7.pt\",\"https:\\\/\\\/www.facebook.com\\\/algarve7\"],\"url\":\"https:\\\/\\\/algarve7.pt\\\/index.php\\\/author\\\/geralalgarve7-pt\\\/\"}]}<\/script>\n<!-- \/ Yoast SEO plugin. -->","yoast_head_json":{"title":"Alta comiss\u00e1ria para as Migra\u00e7\u00f5es assinalou ontem em Portim\u00e3o o Dia Internacional da Diversidade Cultural - Algarve 7","description":"Alta comiss\u00e1ria para as Migra\u00e7\u00f5es assinalou ontem em Portim\u00e3o o Dia Internacional da Diversidade Cultural Atualidade","robots":{"index":"index","follow":"follow","max-snippet":"max-snippet:-1","max-image-preview":"max-image-preview:large","max-video-preview":"max-video-preview:-1"},"canonical":"https:\/\/algarve7.pt\/index.php\/2021\/05\/alta-comissaria-para-as-migracoes-assinalou-ontem-em-portimao-o-dia-internacional-da-diversidade-cultural\/atualidade\/10\/45\/","og_locale":"pt_PT","og_type":"article","og_title":"Alta comiss\u00e1ria para as Migra\u00e7\u00f5es assinalou ontem em Portim\u00e3o o Dia Internacional da Diversidade Cultural - Algarve 7","og_description":"Alta comiss\u00e1ria para as Migra\u00e7\u00f5es assinalou ontem em Portim\u00e3o o Dia Internacional da Diversidade Cultural Atualidade","og_url":"https:\/\/algarve7.pt\/index.php\/2021\/05\/alta-comissaria-para-as-migracoes-assinalou-ontem-em-portimao-o-dia-internacional-da-diversidade-cultural\/atualidade\/10\/45\/","og_site_name":"Algarve 7","article_publisher":"https:\/\/www.facebook.com\/algarve7","article_author":"https:\/\/www.facebook.com\/algarve7","article_published_time":"2021-05-22T09:45:00+00:00","og_image":[{"width":1341,"height":691,"url":"https:\/\/algarve7.pt\/wp-content\/uploads\/2021\/05\/Comitiva-junto-ao-mural-colaborativo-no-Bairro-Cruz-da-Parteira.jpg","type":"image\/jpeg"}],"author":"Algarve 7","twitter_card":"summary_large_image","twitter_creator":"@Algarvesete","twitter_site":"@Algarvesete","twitter_misc":{"Escrito por":"Algarve 7","Tempo estimado de leitura":"2 minutos"},"schema":{"@context":"https:\/\/schema.org","@graph":[{"@type":"Article","@id":"https:\/\/algarve7.pt\/index.php\/2021\/05\/alta-comissaria-para-as-migracoes-assinalou-ontem-em-portimao-o-dia-internacional-da-diversidade-cultural\/atualidade\/10\/45\/#article","isPartOf":{"@id":"https:\/\/algarve7.pt\/index.php\/2021\/05\/alta-comissaria-para-as-migracoes-assinalou-ontem-em-portimao-o-dia-internacional-da-diversidade-cultural\/atualidade\/10\/45\/"},"author":{"name":"Algarve 7","@id":"https:\/\/algarve7.pt\/#\/schema\/person\/23fa70681308e7b319a3204bcea45e0c"},"headline":"Alta comiss\u00e1ria para as Migra\u00e7\u00f5es assinalou ontem em Portim\u00e3o o Dia Internacional da Diversidade Cultural","datePublished":"2021-05-22T09:45:00+00:00","mainEntityOfPage":{"@id":"https:\/\/algarve7.pt\/index.php\/2021\/05\/alta-comissaria-para-as-migracoes-assinalou-ontem-em-portimao-o-dia-internacional-da-diversidade-cultural\/atualidade\/10\/45\/"},"wordCount":395,"publisher":{"@id":"https:\/\/algarve7.pt\/#organization"},"image":{"@id":"https:\/\/algarve7.pt\/index.php\/2021\/05\/alta-comissaria-para-as-migracoes-assinalou-ontem-em-portimao-o-dia-internacional-da-diversidade-cultural\/atualidade\/10\/45\/#primaryimage"},"thumbnailUrl":"https:\/\/algarve7.pt\/wp-content\/uploads\/2021\/05\/Comitiva-junto-ao-mural-colaborativo-no-Bairro-Cruz-da-Parteira.jpg","keywords":["Algarve","Atualidade","Portim\u00e3o"],"articleSection":["Atualidade"],"inLanguage":"pt-PT"},{"@type":"WebPage","@id":"https:\/\/algarve7.pt\/index.php\/2021\/05\/alta-comissaria-para-as-migracoes-assinalou-ontem-em-portimao-o-dia-internacional-da-diversidade-cultural\/atualidade\/10\/45\/","url":"https:\/\/algarve7.pt\/index.php\/2021\/05\/alta-comissaria-para-as-migracoes-assinalou-ontem-em-portimao-o-dia-internacional-da-diversidade-cultural\/atualidade\/10\/45\/","name":"Alta comiss\u00e1ria para as Migra\u00e7\u00f5es assinalou ontem em Portim\u00e3o o Dia Internacional da Diversidade Cultural - Algarve 7","isPartOf":{"@id":"https:\/\/algarve7.pt\/#website"},"primaryImageOfPage":{"@id":"https:\/\/algarve7.pt\/index.php\/2021\/05\/alta-comissaria-para-as-migracoes-assinalou-ontem-em-portimao-o-dia-internacional-da-diversidade-cultural\/atualidade\/10\/45\/#primaryimage"},"image":{"@id":"https:\/\/algarve7.pt\/index.php\/2021\/05\/alta-comissaria-para-as-migracoes-assinalou-ontem-em-portimao-o-dia-internacional-da-diversidade-cultural\/atualidade\/10\/45\/#primaryimage"},"thumbnailUrl":"https:\/\/algarve7.pt\/wp-content\/uploads\/2021\/05\/Comitiva-junto-ao-mural-colaborativo-no-Bairro-Cruz-da-Parteira.jpg","datePublished":"2021-05-22T09:45:00+00:00","description":"Alta comiss\u00e1ria para as Migra\u00e7\u00f5es assinalou ontem em Portim\u00e3o o Dia Internacional da Diversidade Cultural Atualidade","breadcrumb":{"@id":"https:\/\/algarve7.pt\/index.php\/2021\/05\/alta-comissaria-para-as-migracoes-assinalou-ontem-em-portimao-o-dia-internacional-da-diversidade-cultural\/atualidade\/10\/45\/#breadcrumb"},"inLanguage":"pt-PT","potentialAction":[{"@type":"ReadAction","target":["https:\/\/algarve7.pt\/index.php\/2021\/05\/alta-comissaria-para-as-migracoes-assinalou-ontem-em-portimao-o-dia-internacional-da-diversidade-cultural\/atualidade\/10\/45\/"]}]},{"@type":"ImageObject","inLanguage":"pt-PT","@id":"https:\/\/algarve7.pt\/index.php\/2021\/05\/alta-comissaria-para-as-migracoes-assinalou-ontem-em-portimao-o-dia-internacional-da-diversidade-cultural\/atualidade\/10\/45\/#primaryimage","url":"https:\/\/algarve7.pt\/wp-content\/uploads\/2021\/05\/Comitiva-junto-ao-mural-colaborativo-no-Bairro-Cruz-da-Parteira.jpg","contentUrl":"https:\/\/algarve7.pt\/wp-content\/uploads\/2021\/05\/Comitiva-junto-ao-mural-colaborativo-no-Bairro-Cruz-da-Parteira.jpg","width":1341,"height":691},{"@type":"BreadcrumbList","@id":"https:\/\/algarve7.pt\/index.php\/2021\/05\/alta-comissaria-para-as-migracoes-assinalou-ontem-em-portimao-o-dia-internacional-da-diversidade-cultural\/atualidade\/10\/45\/#breadcrumb","itemListElement":[{"@type":"ListItem","position":1,"name":"In\u00edcio","item":"https:\/\/algarve7.pt\/"},{"@type":"ListItem","position":2,"name":"Alta comiss\u00e1ria para as Migra\u00e7\u00f5es assinalou ontem em Portim\u00e3o o Dia Internacional da Diversidade Cultural"}]},{"@type":"WebSite","@id":"https:\/\/algarve7.pt\/#website","url":"https:\/\/algarve7.pt\/","name":"Algarve 7","description":"Informa\u00e7\u00e3o sobre o Algarve","publisher":{"@id":"https:\/\/algarve7.pt\/#organization"},"potentialAction":[{"@type":"SearchAction","target":{"@type":"EntryPoint","urlTemplate":"https:\/\/algarve7.pt\/?s={search_term_string}"},"query-input":{"@type":"PropertyValueSpecification","valueRequired":true,"valueName":"search_term_string"}}],"inLanguage":"pt-PT"},{"@type":"Organization","@id":"https:\/\/algarve7.pt\/#organization","name":"Algarve 7","url":"https:\/\/algarve7.pt\/","logo":{"@type":"ImageObject","inLanguage":"pt-PT","@id":"https:\/\/algarve7.pt\/#\/schema\/logo\/image\/","url":"https:\/\/algarve7.pt\/wp-content\/uploads\/2020\/10\/Logo-8.jpg","contentUrl":"https:\/\/algarve7.pt\/wp-content\/uploads\/2020\/10\/Logo-8.jpg","width":1680,"height":1186,"caption":"Algarve 7"},"image":{"@id":"https:\/\/algarve7.pt\/#\/schema\/logo\/image\/"},"sameAs":["https:\/\/www.facebook.com\/algarve7","https:\/\/x.com\/Algarvesete","https:\/\/www.instagram.com\/jornalalgarve7\/","https:\/\/www.linkedin.com\/company\/algarve7","https:\/\/www.pinterest.pt\/geral0939\/_created\/"]},{"@type":"Person","@id":"https:\/\/algarve7.pt\/#\/schema\/person\/23fa70681308e7b319a3204bcea45e0c","name":"Algarve 7","sameAs":["https:\/\/algarve7.pt","https:\/\/www.facebook.com\/algarve7"],"url":"https:\/\/algarve7.pt\/index.php\/author\/geralalgarve7-pt\/"}]}},"jetpack_publicize_connections":[],"jetpack_featured_media_url":"https:\/\/algarve7.pt\/wp-content\/uploads\/2021\/05\/Comitiva-junto-ao-mural-colaborativo-no-Bairro-Cruz-da-Parteira.jpg","jetpack_shortlink":"https:\/\/wp.me\/pcezmW-2fN","jetpack_sharing_enabled":true,"_links":{"self":[{"href":"https:\/\/algarve7.pt\/index.php\/wp-json\/wp\/v2\/posts\/8667","targetHints":{"allow":["GET"]}}],"collection":[{"href":"https:\/\/algarve7.pt\/index.php\/wp-json\/wp\/v2\/posts"}],"about":[{"href":"https:\/\/algarve7.pt\/index.php\/wp-json\/wp\/v2\/types\/post"}],"author":[{"embeddable":true,"href":"https:\/\/algarve7.pt\/index.php\/wp-json\/wp\/v2\/users\/1"}],"replies":[{"embeddable":true,"href":"https:\/\/algarve7.pt\/index.php\/wp-json\/wp\/v2\/comments?post=8667"}],"version-history":[{"count":0,"href":"https:\/\/algarve7.pt\/index.php\/wp-json\/wp\/v2\/posts\/8667\/revisions"}],"wp:featuredmedia":[{"embeddable":true,"href":"https:\/\/algarve7.pt\/index.php\/wp-json\/wp\/v2\/media\/8668"}],"wp:attachment":[{"href":"https:\/\/algarve7.pt\/index.php\/wp-json\/wp\/v2\/media?parent=8667"}],"wp:term":[{"taxonomy":"category","embeddable":true,"href":"https:\/\/algarve7.pt\/index.php\/wp-json\/wp\/v2\/categories?post=8667"},{"taxonomy":"post_tag","embeddable":true,"href":"https:\/\/algarve7.pt\/index.php\/wp-json\/wp\/v2\/tags?post=8667"}],"curies":[{"name":"wp","href":"https:\/\/api.w.org\/{rel}","templated":true}]}}