{"id":8664,"date":"2021-05-22T10:07:22","date_gmt":"2021-05-22T09:07:22","guid":{"rendered":"https:\/\/algarve7.pt\/?p=8664"},"modified":"2021-05-22T10:07:26","modified_gmt":"2021-05-22T09:07:26","slug":"casa-da-juventude-celebra-17-anos-e-continua-aposta-no-talento-dos-jovens-olhanenses","status":"publish","type":"post","link":"https:\/\/algarve7.pt\/index.php\/2021\/05\/casa-da-juventude-celebra-17-anos-e-continua-aposta-no-talento-dos-jovens-olhanenses\/cultura\/10\/07\/","title":{"rendered":"Casa da Juventude celebra 17 anos e continua aposta no talento dos jovens olhanenses"},"content":{"rendered":"\n<p>A Casa da Juventude de Olh\u00e3o (CJO) completou ontem, 20 de maio, 17 anos de exist\u00eancia. A data foi assinalada com um concerto dos The Black Teddys, banda que nasceu neste espa\u00e7o municipal e que o p\u00fablico teve oportunidade de ver online. O presidente da autarquia deu os parab\u00e9ns por mais um anivers\u00e1rio e destacou algumas das pessoas que ajudaram a erguer este espa\u00e7o dedicado aos jovens olhanenses.<\/p>\n\n\n\n<p>No espa\u00e7o exterior recentemente renovado da CJO, que agora conta com zona verde, sombras e bancos, Ant\u00f3nio Miguel Pina destacou o percurso desta institui\u00e7\u00e3o, com \u201c17 anos de grande atividade, que acompanhou gera\u00e7\u00f5es de rapazes e raparigas olhanenses. V\u00e1rios colaboradores j\u00e1 aqui deram o melhor de si, acompanhando os milhares de jovens que passam anualmente por este espa\u00e7o e continuando a apostar nas suas ideias e talentos\u201d, destacou o autarca olhanense.<\/p>\n\n\n\n<p>Ao lado de Ant\u00f3nio Miguel Pina, para celebrar a data, estiveram Ant\u00f3nio Camacho, o vereador com o pelouro da Juventude; Paulo Farinho, chefe do departamento de Educa\u00e7\u00e3o, Desporto e Juventude; V\u00edtor Lopes, que era o vereador da Juventude quando a CJO nasceu; e Jo\u00e3o Evaristo, o criador do \u201cMostra-te\u201d, a marca maior da CJO, que este ano j\u00e1 vai na sua d\u00e9cima edi\u00e7\u00e3o.<\/p>\n\n\n\n<p>\u201cDesejamos que em breve a grande din\u00e2mica que \u00e9 reconhecida \u00e0 CJO volte &#8211; uma vez que no \u00faltimo ano, e devido \u00e0 pandemia, muitas das iniciativas tiveram que passar a ser feitas online -, para que todos possam usufruir deste magn\u00edfico espa\u00e7o\u201d, destacou o presidente do Munic\u00edpio de Olh\u00e3o, lembrando que os The Black Teddys, cuja atua\u00e7\u00e3o assinalou este 17\u00ba anivers\u00e1rio, s\u00e3o um bom exemplo do que aquele espa\u00e7o permitiu trazer ao p\u00fablico em geral e, sobretudo, aos jovens olhanenses.<\/p>\n\n\n\n<p>The Black Teddys nasceram aqui, tal como muitos outros jovens m\u00fasicos, atores, bailarinos, pintores, ginastas, escritores ou ilustradores&#8230;&nbsp;&nbsp;Afinal, s\u00e3o cerca de 7.000 os adolescentes que passam por este espa\u00e7o anualmente, trazendo vida e aprendizagem constantemente renovadas.&nbsp;<\/p>\n\n\n\n<p>Inaugurada a 20 de maio de 2004, a CJO&nbsp;come\u00e7ou por ter o seu espa\u00e7o na Avenida da Rep\u00fablica, passando em 2008 para as atuais instala\u00e7\u00f5es, criadas&nbsp;para responder ativamente \u00e0s necessidades dos jovens&nbsp;do concelho.&nbsp;<\/p>\n\n\n\n<p>Localizada no edif\u00edcio cont\u00edguo \u00e0 Biblioteca&nbsp;Municipal Jos\u00e9&nbsp;Mariano Gago, possui um conjunto de espa\u00e7os polivalentes onde os jovens s\u00e3o convidados a partilhar, conhecer, empreender e otimizar as suas capacidades criativas, cognitivas e de moderniza\u00e7\u00e3o.<\/p>\n\n\n\n<p>S\u00e3o 17 anos de irrever\u00eancia, criatividade e&nbsp;hist\u00f3ria que foram constru\u00eddos em conjunto com os jovens e com as entidades do concelho que em muito contribuem para formar o futuro de Olh\u00e3o.<\/p>\n\n\n\n<h2 class=\"wp-block-heading\">&nbsp;<\/h2>\n\n\n\n<h5 class=\"wp-block-heading\"><\/h5>\n","protected":false},"excerpt":{"rendered":"<p>A Casa da Juventude de Olh\u00e3o (CJO) completou ontem, 20 de maio, 17 anos de exist\u00eancia. A data foi assinalada<\/p>\n","protected":false},"author":1,"featured_media":8665,"comment_status":"closed","ping_status":"open","sticky":false,"template":"","format":"standard","meta":{"colormag_page_container_layout":"default_layout","colormag_page_sidebar_layout":"default_layout","_monsterinsights_skip_tracking":false,"_monsterinsights_sitenote_active":false,"_monsterinsights_sitenote_note":"","_monsterinsights_sitenote_category":0,"jetpack_post_was_ever_published":false,"_jetpack_newsletter_access":"","_jetpack_dont_email_post_to_subs":false,"_jetpack_newsletter_tier_id":0,"_jetpack_memberships_contains_paywalled_content":false,"_jetpack_memberships_contains_paid_content":false,"footnotes":"","jetpack_publicize_message":"","jetpack_publicize_feature_enabled":true,"jetpack_social_post_already_shared":true,"jetpack_social_options":{"image_generator_settings":{"template":"highway","default_image_id":0,"font":"","enabled":false},"version":2}},"categories":[14],"tags":[36,35,37],"class_list":["post-8664","post","type-post","status-publish","format-standard","has-post-thumbnail","hentry","category-cultura","tag-algarve","tag-cultura","tag-olhao"],"yoast_head":"<!-- This site is optimized with the Yoast SEO plugin v27.5 - https:\/\/yoast.com\/product\/yoast-seo-wordpress\/ -->\n<title>Casa da Juventude celebra 17 anos e continua aposta no talento dos jovens olhanenses - Algarve 7<\/title>\n<meta name=\"description\" content=\"Casa da Juventude celebra 17 anos e continua aposta no talento dos jovens olhanenses Cultura\" \/>\n<meta name=\"robots\" content=\"index, follow, max-snippet:-1, max-image-preview:large, max-video-preview:-1\" \/>\n<link rel=\"canonical\" href=\"https:\/\/algarve7.pt\/index.php\/2021\/05\/casa-da-juventude-celebra-17-anos-e-continua-aposta-no-talento-dos-jovens-olhanenses\/cultura\/10\/07\/\" \/>\n<meta property=\"og:locale\" content=\"pt_PT\" \/>\n<meta property=\"og:type\" content=\"article\" \/>\n<meta property=\"og:title\" content=\"Casa da Juventude celebra 17 anos e continua aposta no talento dos jovens olhanenses - Algarve 7\" \/>\n<meta property=\"og:description\" content=\"Casa da Juventude celebra 17 anos e continua aposta no talento dos jovens olhanenses Cultura\" \/>\n<meta property=\"og:url\" content=\"https:\/\/algarve7.pt\/index.php\/2021\/05\/casa-da-juventude-celebra-17-anos-e-continua-aposta-no-talento-dos-jovens-olhanenses\/cultura\/10\/07\/\" \/>\n<meta property=\"og:site_name\" content=\"Algarve 7\" \/>\n<meta property=\"article:publisher\" content=\"https:\/\/www.facebook.com\/algarve7\" \/>\n<meta property=\"article:author\" content=\"https:\/\/www.facebook.com\/algarve7\" \/>\n<meta property=\"article:published_time\" content=\"2021-05-22T09:07:22+00:00\" \/>\n<meta property=\"article:modified_time\" content=\"2021-05-22T09:07:26+00:00\" \/>\n<meta property=\"og:image\" content=\"https:\/\/algarve7.pt\/wp-content\/uploads\/2021\/05\/2021-046-aniversario-CJO-01.jpg\" \/>\n\t<meta property=\"og:image:width\" content=\"1500\" \/>\n\t<meta property=\"og:image:height\" content=\"1000\" \/>\n\t<meta property=\"og:image:type\" content=\"image\/jpeg\" \/>\n<meta name=\"author\" content=\"Algarve 7\" \/>\n<meta name=\"twitter:card\" content=\"summary_large_image\" \/>\n<meta name=\"twitter:creator\" content=\"@Algarvesete\" \/>\n<meta name=\"twitter:site\" content=\"@Algarvesete\" \/>\n<meta name=\"twitter:label1\" content=\"Escrito por\" \/>\n\t<meta name=\"twitter:data1\" content=\"Algarve 7\" \/>\n\t<meta name=\"twitter:label2\" content=\"Tempo estimado de leitura\" \/>\n\t<meta name=\"twitter:data2\" content=\"2 minutos\" \/>\n<script type=\"application\/ld+json\" class=\"yoast-schema-graph\">{\"@context\":\"https:\\\/\\\/schema.org\",\"@graph\":[{\"@type\":\"Article\",\"@id\":\"https:\\\/\\\/algarve7.pt\\\/index.php\\\/2021\\\/05\\\/casa-da-juventude-celebra-17-anos-e-continua-aposta-no-talento-dos-jovens-olhanenses\\\/cultura\\\/10\\\/07\\\/#article\",\"isPartOf\":{\"@id\":\"https:\\\/\\\/algarve7.pt\\\/index.php\\\/2021\\\/05\\\/casa-da-juventude-celebra-17-anos-e-continua-aposta-no-talento-dos-jovens-olhanenses\\\/cultura\\\/10\\\/07\\\/\"},\"author\":{\"name\":\"Algarve 7\",\"@id\":\"https:\\\/\\\/algarve7.pt\\\/#\\\/schema\\\/person\\\/23fa70681308e7b319a3204bcea45e0c\"},\"headline\":\"Casa da Juventude celebra 17 anos e continua aposta no talento dos jovens olhanenses\",\"datePublished\":\"2021-05-22T09:07:22+00:00\",\"dateModified\":\"2021-05-22T09:07:26+00:00\",\"mainEntityOfPage\":{\"@id\":\"https:\\\/\\\/algarve7.pt\\\/index.php\\\/2021\\\/05\\\/casa-da-juventude-celebra-17-anos-e-continua-aposta-no-talento-dos-jovens-olhanenses\\\/cultura\\\/10\\\/07\\\/\"},\"wordCount\":481,\"publisher\":{\"@id\":\"https:\\\/\\\/algarve7.pt\\\/#organization\"},\"image\":{\"@id\":\"https:\\\/\\\/algarve7.pt\\\/index.php\\\/2021\\\/05\\\/casa-da-juventude-celebra-17-anos-e-continua-aposta-no-talento-dos-jovens-olhanenses\\\/cultura\\\/10\\\/07\\\/#primaryimage\"},\"thumbnailUrl\":\"https:\\\/\\\/algarve7.pt\\\/wp-content\\\/uploads\\\/2021\\\/05\\\/2021-046-aniversario-CJO-01.jpg\",\"keywords\":[\"Algarve\",\"Cultura\",\"Olh\u00e3o\"],\"articleSection\":[\"Cultura\"],\"inLanguage\":\"pt-PT\"},{\"@type\":\"WebPage\",\"@id\":\"https:\\\/\\\/algarve7.pt\\\/index.php\\\/2021\\\/05\\\/casa-da-juventude-celebra-17-anos-e-continua-aposta-no-talento-dos-jovens-olhanenses\\\/cultura\\\/10\\\/07\\\/\",\"url\":\"https:\\\/\\\/algarve7.pt\\\/index.php\\\/2021\\\/05\\\/casa-da-juventude-celebra-17-anos-e-continua-aposta-no-talento-dos-jovens-olhanenses\\\/cultura\\\/10\\\/07\\\/\",\"name\":\"Casa da Juventude celebra 17 anos e continua aposta no talento dos jovens olhanenses - Algarve 7\",\"isPartOf\":{\"@id\":\"https:\\\/\\\/algarve7.pt\\\/#website\"},\"primaryImageOfPage\":{\"@id\":\"https:\\\/\\\/algarve7.pt\\\/index.php\\\/2021\\\/05\\\/casa-da-juventude-celebra-17-anos-e-continua-aposta-no-talento-dos-jovens-olhanenses\\\/cultura\\\/10\\\/07\\\/#primaryimage\"},\"image\":{\"@id\":\"https:\\\/\\\/algarve7.pt\\\/index.php\\\/2021\\\/05\\\/casa-da-juventude-celebra-17-anos-e-continua-aposta-no-talento-dos-jovens-olhanenses\\\/cultura\\\/10\\\/07\\\/#primaryimage\"},\"thumbnailUrl\":\"https:\\\/\\\/algarve7.pt\\\/wp-content\\\/uploads\\\/2021\\\/05\\\/2021-046-aniversario-CJO-01.jpg\",\"datePublished\":\"2021-05-22T09:07:22+00:00\",\"dateModified\":\"2021-05-22T09:07:26+00:00\",\"description\":\"Casa da Juventude celebra 17 anos e continua aposta no talento dos jovens olhanenses Cultura\",\"breadcrumb\":{\"@id\":\"https:\\\/\\\/algarve7.pt\\\/index.php\\\/2021\\\/05\\\/casa-da-juventude-celebra-17-anos-e-continua-aposta-no-talento-dos-jovens-olhanenses\\\/cultura\\\/10\\\/07\\\/#breadcrumb\"},\"inLanguage\":\"pt-PT\",\"potentialAction\":[{\"@type\":\"ReadAction\",\"target\":[\"https:\\\/\\\/algarve7.pt\\\/index.php\\\/2021\\\/05\\\/casa-da-juventude-celebra-17-anos-e-continua-aposta-no-talento-dos-jovens-olhanenses\\\/cultura\\\/10\\\/07\\\/\"]}]},{\"@type\":\"ImageObject\",\"inLanguage\":\"pt-PT\",\"@id\":\"https:\\\/\\\/algarve7.pt\\\/index.php\\\/2021\\\/05\\\/casa-da-juventude-celebra-17-anos-e-continua-aposta-no-talento-dos-jovens-olhanenses\\\/cultura\\\/10\\\/07\\\/#primaryimage\",\"url\":\"https:\\\/\\\/algarve7.pt\\\/wp-content\\\/uploads\\\/2021\\\/05\\\/2021-046-aniversario-CJO-01.jpg\",\"contentUrl\":\"https:\\\/\\\/algarve7.pt\\\/wp-content\\\/uploads\\\/2021\\\/05\\\/2021-046-aniversario-CJO-01.jpg\",\"width\":1500,\"height\":1000},{\"@type\":\"BreadcrumbList\",\"@id\":\"https:\\\/\\\/algarve7.pt\\\/index.php\\\/2021\\\/05\\\/casa-da-juventude-celebra-17-anos-e-continua-aposta-no-talento-dos-jovens-olhanenses\\\/cultura\\\/10\\\/07\\\/#breadcrumb\",\"itemListElement\":[{\"@type\":\"ListItem\",\"position\":1,\"name\":\"In\u00edcio\",\"item\":\"https:\\\/\\\/algarve7.pt\\\/\"},{\"@type\":\"ListItem\",\"position\":2,\"name\":\"Casa da Juventude celebra 17 anos e continua aposta no talento dos jovens olhanenses\"}]},{\"@type\":\"WebSite\",\"@id\":\"https:\\\/\\\/algarve7.pt\\\/#website\",\"url\":\"https:\\\/\\\/algarve7.pt\\\/\",\"name\":\"Algarve 7\",\"description\":\"Informa\u00e7\u00e3o sobre o Algarve\",\"publisher\":{\"@id\":\"https:\\\/\\\/algarve7.pt\\\/#organization\"},\"potentialAction\":[{\"@type\":\"SearchAction\",\"target\":{\"@type\":\"EntryPoint\",\"urlTemplate\":\"https:\\\/\\\/algarve7.pt\\\/?s={search_term_string}\"},\"query-input\":{\"@type\":\"PropertyValueSpecification\",\"valueRequired\":true,\"valueName\":\"search_term_string\"}}],\"inLanguage\":\"pt-PT\"},{\"@type\":\"Organization\",\"@id\":\"https:\\\/\\\/algarve7.pt\\\/#organization\",\"name\":\"Algarve 7\",\"url\":\"https:\\\/\\\/algarve7.pt\\\/\",\"logo\":{\"@type\":\"ImageObject\",\"inLanguage\":\"pt-PT\",\"@id\":\"https:\\\/\\\/algarve7.pt\\\/#\\\/schema\\\/logo\\\/image\\\/\",\"url\":\"https:\\\/\\\/algarve7.pt\\\/wp-content\\\/uploads\\\/2020\\\/10\\\/Logo-8.jpg\",\"contentUrl\":\"https:\\\/\\\/algarve7.pt\\\/wp-content\\\/uploads\\\/2020\\\/10\\\/Logo-8.jpg\",\"width\":1680,\"height\":1186,\"caption\":\"Algarve 7\"},\"image\":{\"@id\":\"https:\\\/\\\/algarve7.pt\\\/#\\\/schema\\\/logo\\\/image\\\/\"},\"sameAs\":[\"https:\\\/\\\/www.facebook.com\\\/algarve7\",\"https:\\\/\\\/x.com\\\/Algarvesete\",\"https:\\\/\\\/www.instagram.com\\\/jornalalgarve7\\\/\",\"https:\\\/\\\/www.linkedin.com\\\/company\\\/algarve7\",\"https:\\\/\\\/www.pinterest.pt\\\/geral0939\\\/_created\\\/\"]},{\"@type\":\"Person\",\"@id\":\"https:\\\/\\\/algarve7.pt\\\/#\\\/schema\\\/person\\\/23fa70681308e7b319a3204bcea45e0c\",\"name\":\"Algarve 7\",\"sameAs\":[\"https:\\\/\\\/algarve7.pt\",\"https:\\\/\\\/www.facebook.com\\\/algarve7\"],\"url\":\"https:\\\/\\\/algarve7.pt\\\/index.php\\\/author\\\/geralalgarve7-pt\\\/\"}]}<\/script>\n<!-- \/ Yoast SEO plugin. -->","yoast_head_json":{"title":"Casa da Juventude celebra 17 anos e continua aposta no talento dos jovens olhanenses - Algarve 7","description":"Casa da Juventude celebra 17 anos e continua aposta no talento dos jovens olhanenses Cultura","robots":{"index":"index","follow":"follow","max-snippet":"max-snippet:-1","max-image-preview":"max-image-preview:large","max-video-preview":"max-video-preview:-1"},"canonical":"https:\/\/algarve7.pt\/index.php\/2021\/05\/casa-da-juventude-celebra-17-anos-e-continua-aposta-no-talento-dos-jovens-olhanenses\/cultura\/10\/07\/","og_locale":"pt_PT","og_type":"article","og_title":"Casa da Juventude celebra 17 anos e continua aposta no talento dos jovens olhanenses - Algarve 7","og_description":"Casa da Juventude celebra 17 anos e continua aposta no talento dos jovens olhanenses Cultura","og_url":"https:\/\/algarve7.pt\/index.php\/2021\/05\/casa-da-juventude-celebra-17-anos-e-continua-aposta-no-talento-dos-jovens-olhanenses\/cultura\/10\/07\/","og_site_name":"Algarve 7","article_publisher":"https:\/\/www.facebook.com\/algarve7","article_author":"https:\/\/www.facebook.com\/algarve7","article_published_time":"2021-05-22T09:07:22+00:00","article_modified_time":"2021-05-22T09:07:26+00:00","og_image":[{"width":1500,"height":1000,"url":"https:\/\/algarve7.pt\/wp-content\/uploads\/2021\/05\/2021-046-aniversario-CJO-01.jpg","type":"image\/jpeg"}],"author":"Algarve 7","twitter_card":"summary_large_image","twitter_creator":"@Algarvesete","twitter_site":"@Algarvesete","twitter_misc":{"Escrito por":"Algarve 7","Tempo estimado de leitura":"2 minutos"},"schema":{"@context":"https:\/\/schema.org","@graph":[{"@type":"Article","@id":"https:\/\/algarve7.pt\/index.php\/2021\/05\/casa-da-juventude-celebra-17-anos-e-continua-aposta-no-talento-dos-jovens-olhanenses\/cultura\/10\/07\/#article","isPartOf":{"@id":"https:\/\/algarve7.pt\/index.php\/2021\/05\/casa-da-juventude-celebra-17-anos-e-continua-aposta-no-talento-dos-jovens-olhanenses\/cultura\/10\/07\/"},"author":{"name":"Algarve 7","@id":"https:\/\/algarve7.pt\/#\/schema\/person\/23fa70681308e7b319a3204bcea45e0c"},"headline":"Casa da Juventude celebra 17 anos e continua aposta no talento dos jovens olhanenses","datePublished":"2021-05-22T09:07:22+00:00","dateModified":"2021-05-22T09:07:26+00:00","mainEntityOfPage":{"@id":"https:\/\/algarve7.pt\/index.php\/2021\/05\/casa-da-juventude-celebra-17-anos-e-continua-aposta-no-talento-dos-jovens-olhanenses\/cultura\/10\/07\/"},"wordCount":481,"publisher":{"@id":"https:\/\/algarve7.pt\/#organization"},"image":{"@id":"https:\/\/algarve7.pt\/index.php\/2021\/05\/casa-da-juventude-celebra-17-anos-e-continua-aposta-no-talento-dos-jovens-olhanenses\/cultura\/10\/07\/#primaryimage"},"thumbnailUrl":"https:\/\/algarve7.pt\/wp-content\/uploads\/2021\/05\/2021-046-aniversario-CJO-01.jpg","keywords":["Algarve","Cultura","Olh\u00e3o"],"articleSection":["Cultura"],"inLanguage":"pt-PT"},{"@type":"WebPage","@id":"https:\/\/algarve7.pt\/index.php\/2021\/05\/casa-da-juventude-celebra-17-anos-e-continua-aposta-no-talento-dos-jovens-olhanenses\/cultura\/10\/07\/","url":"https:\/\/algarve7.pt\/index.php\/2021\/05\/casa-da-juventude-celebra-17-anos-e-continua-aposta-no-talento-dos-jovens-olhanenses\/cultura\/10\/07\/","name":"Casa da Juventude celebra 17 anos e continua aposta no talento dos jovens olhanenses - Algarve 7","isPartOf":{"@id":"https:\/\/algarve7.pt\/#website"},"primaryImageOfPage":{"@id":"https:\/\/algarve7.pt\/index.php\/2021\/05\/casa-da-juventude-celebra-17-anos-e-continua-aposta-no-talento-dos-jovens-olhanenses\/cultura\/10\/07\/#primaryimage"},"image":{"@id":"https:\/\/algarve7.pt\/index.php\/2021\/05\/casa-da-juventude-celebra-17-anos-e-continua-aposta-no-talento-dos-jovens-olhanenses\/cultura\/10\/07\/#primaryimage"},"thumbnailUrl":"https:\/\/algarve7.pt\/wp-content\/uploads\/2021\/05\/2021-046-aniversario-CJO-01.jpg","datePublished":"2021-05-22T09:07:22+00:00","dateModified":"2021-05-22T09:07:26+00:00","description":"Casa da Juventude celebra 17 anos e continua aposta no talento dos jovens olhanenses Cultura","breadcrumb":{"@id":"https:\/\/algarve7.pt\/index.php\/2021\/05\/casa-da-juventude-celebra-17-anos-e-continua-aposta-no-talento-dos-jovens-olhanenses\/cultura\/10\/07\/#breadcrumb"},"inLanguage":"pt-PT","potentialAction":[{"@type":"ReadAction","target":["https:\/\/algarve7.pt\/index.php\/2021\/05\/casa-da-juventude-celebra-17-anos-e-continua-aposta-no-talento-dos-jovens-olhanenses\/cultura\/10\/07\/"]}]},{"@type":"ImageObject","inLanguage":"pt-PT","@id":"https:\/\/algarve7.pt\/index.php\/2021\/05\/casa-da-juventude-celebra-17-anos-e-continua-aposta-no-talento-dos-jovens-olhanenses\/cultura\/10\/07\/#primaryimage","url":"https:\/\/algarve7.pt\/wp-content\/uploads\/2021\/05\/2021-046-aniversario-CJO-01.jpg","contentUrl":"https:\/\/algarve7.pt\/wp-content\/uploads\/2021\/05\/2021-046-aniversario-CJO-01.jpg","width":1500,"height":1000},{"@type":"BreadcrumbList","@id":"https:\/\/algarve7.pt\/index.php\/2021\/05\/casa-da-juventude-celebra-17-anos-e-continua-aposta-no-talento-dos-jovens-olhanenses\/cultura\/10\/07\/#breadcrumb","itemListElement":[{"@type":"ListItem","position":1,"name":"In\u00edcio","item":"https:\/\/algarve7.pt\/"},{"@type":"ListItem","position":2,"name":"Casa da Juventude celebra 17 anos e continua aposta no talento dos jovens olhanenses"}]},{"@type":"WebSite","@id":"https:\/\/algarve7.pt\/#website","url":"https:\/\/algarve7.pt\/","name":"Algarve 7","description":"Informa\u00e7\u00e3o sobre o Algarve","publisher":{"@id":"https:\/\/algarve7.pt\/#organization"},"potentialAction":[{"@type":"SearchAction","target":{"@type":"EntryPoint","urlTemplate":"https:\/\/algarve7.pt\/?s={search_term_string}"},"query-input":{"@type":"PropertyValueSpecification","valueRequired":true,"valueName":"search_term_string"}}],"inLanguage":"pt-PT"},{"@type":"Organization","@id":"https:\/\/algarve7.pt\/#organization","name":"Algarve 7","url":"https:\/\/algarve7.pt\/","logo":{"@type":"ImageObject","inLanguage":"pt-PT","@id":"https:\/\/algarve7.pt\/#\/schema\/logo\/image\/","url":"https:\/\/algarve7.pt\/wp-content\/uploads\/2020\/10\/Logo-8.jpg","contentUrl":"https:\/\/algarve7.pt\/wp-content\/uploads\/2020\/10\/Logo-8.jpg","width":1680,"height":1186,"caption":"Algarve 7"},"image":{"@id":"https:\/\/algarve7.pt\/#\/schema\/logo\/image\/"},"sameAs":["https:\/\/www.facebook.com\/algarve7","https:\/\/x.com\/Algarvesete","https:\/\/www.instagram.com\/jornalalgarve7\/","https:\/\/www.linkedin.com\/company\/algarve7","https:\/\/www.pinterest.pt\/geral0939\/_created\/"]},{"@type":"Person","@id":"https:\/\/algarve7.pt\/#\/schema\/person\/23fa70681308e7b319a3204bcea45e0c","name":"Algarve 7","sameAs":["https:\/\/algarve7.pt","https:\/\/www.facebook.com\/algarve7"],"url":"https:\/\/algarve7.pt\/index.php\/author\/geralalgarve7-pt\/"}]}},"jetpack_publicize_connections":[],"jetpack_featured_media_url":"https:\/\/algarve7.pt\/wp-content\/uploads\/2021\/05\/2021-046-aniversario-CJO-01.jpg","jetpack_shortlink":"https:\/\/wp.me\/pcezmW-2fK","jetpack_sharing_enabled":true,"_links":{"self":[{"href":"https:\/\/algarve7.pt\/index.php\/wp-json\/wp\/v2\/posts\/8664","targetHints":{"allow":["GET"]}}],"collection":[{"href":"https:\/\/algarve7.pt\/index.php\/wp-json\/wp\/v2\/posts"}],"about":[{"href":"https:\/\/algarve7.pt\/index.php\/wp-json\/wp\/v2\/types\/post"}],"author":[{"embeddable":true,"href":"https:\/\/algarve7.pt\/index.php\/wp-json\/wp\/v2\/users\/1"}],"replies":[{"embeddable":true,"href":"https:\/\/algarve7.pt\/index.php\/wp-json\/wp\/v2\/comments?post=8664"}],"version-history":[{"count":0,"href":"https:\/\/algarve7.pt\/index.php\/wp-json\/wp\/v2\/posts\/8664\/revisions"}],"wp:featuredmedia":[{"embeddable":true,"href":"https:\/\/algarve7.pt\/index.php\/wp-json\/wp\/v2\/media\/8665"}],"wp:attachment":[{"href":"https:\/\/algarve7.pt\/index.php\/wp-json\/wp\/v2\/media?parent=8664"}],"wp:term":[{"taxonomy":"category","embeddable":true,"href":"https:\/\/algarve7.pt\/index.php\/wp-json\/wp\/v2\/categories?post=8664"},{"taxonomy":"post_tag","embeddable":true,"href":"https:\/\/algarve7.pt\/index.php\/wp-json\/wp\/v2\/tags?post=8664"}],"curies":[{"name":"wp","href":"https:\/\/api.w.org\/{rel}","templated":true}]}}