{"id":8600,"date":"2021-05-20T15:41:45","date_gmt":"2021-05-20T14:41:45","guid":{"rendered":"https:\/\/algarve7.pt\/?p=8600"},"modified":"2021-05-20T15:41:49","modified_gmt":"2021-05-20T14:41:49","slug":"monchique-retoma-a-programacao-com-o-festival-de-caminhadas","status":"publish","type":"post","link":"https:\/\/algarve7.pt\/index.php\/2021\/05\/monchique-retoma-a-programacao-com-o-festival-de-caminhadas\/desporto\/15\/41\/","title":{"rendered":"Monchique retoma a programa\u00e7\u00e3o com o Festival de Caminhadas"},"content":{"rendered":"\n<p>A \u00e1gua \u00e9 uma necessidade vital. \u00c9 um habitat. \u00c9 um recurso. \u00c9 um ponto de equil\u00edbrio do ecossistema. \u00c9 um meio de transporte e de lazer. \u00c9 um ponto de produ\u00e7\u00e3o, liga\u00e7\u00e3o, movimento. A \u00e1gua \u00e9 uma rede, \u00e9 origem. \u00c9 um recurso que desfrutamos e utilizamos todos os dias.<\/p>\n\n\n\n<p>Fa\u00e7amos uma lista bem consciente das raz\u00f5es para cuidar e preservar este recurso natural.&nbsp;<\/p>\n\n\n\n<p>Queremos continuar a usufruir da \u00e1gua nas suas m\u00faltiplas vertentes quer sejam essenciais, terap\u00eauticas ou organizacionais.<\/p>\n\n\n\n<p>Aliado ao Festival das Caminhadas queremos invocar este recurso e deixamos o nosso apelo \u00e0 sua preserva\u00e7\u00e3o.&nbsp;<\/p>\n\n\n\n<p>A \u00e1gua corre nas veias da Serra de Monchique. Aqui, na montanha sagrada, \u00e1gua \u00e9 tamb\u00e9m alimento para a vida do homem e deste ecossistema t\u00e3o especial.&nbsp;<\/p>\n\n\n\n<p>Aqui, onde a frescura das ribeiras elevam tamb\u00e9m este alimento \u00e0 nossa alma e bem-estar.&nbsp;<\/p>\n\n\n\n<p>Fa\u00e7amos deste festival uma caminhada para a sua contempla\u00e7\u00e3o e descoberta deste interior t\u00e3o rico e tamb\u00e9m do interior de cada um de n\u00f3s.&nbsp;<\/p>\n\n\n\n<p>Monchique lan\u00e7a, assim, o convite \u00e0 participa\u00e7\u00e3o no Festival de Caminhadas.<\/p>\n\n\n\n<p>Numa altura em que a vontade de sair, de conviver e de respirar ar puro est\u00e1 t\u00e3o premente e considerando que, mais do que nunca, valorizamos a natureza e o bem estar f\u00edsico e emocional, consideramos que este festival ser\u00e1 uma lufada de ar fresco para arrancar com a programa\u00e7\u00e3o a n\u00edvel local.<\/p>\n\n\n\n<p>Prestamos, desta forma, a nossa homenagem \u00e0 \u00e1gua!<\/p>\n\n\n\n<p>Continue desse lado, para saber tudo e preparar a sua caminhada connosco!<\/p>\n\n\n\n<p><strong>FESTIVAL DE CAMINHADAS<\/strong><strong><\/strong><\/p>\n\n\n\n<p><strong>PROGRAMA<\/strong><\/p>\n\n\n\n<p><strong>\u00bb DIA 10<\/strong><strong><\/strong><\/p>\n\n\n\n<p><strong>-\u00bb 8h00 &#8211; Rece\u00e7\u00e3o dos participantes<\/strong><\/p>\n\n\n\n<p><strong>-\u00bb 08h30 &#8211; 14h00<\/strong>&nbsp;&#8211;&nbsp;<strong>PR2 MCQ &#8211; Caminho das Caldas \u2013 Picota \u2013 18Km<br><\/strong>Ponto de encontro: Parque de estacionamento das Caldas de Monchique&nbsp;<br>Grau de dificuldade: Dif\u00edcil \/ *Participa\u00e7\u00e3o: Gratuita&nbsp;<br>Entidade respons\u00e1vel: Associa\u00e7\u00e3o Almargem (GR13 \u2013 Via Algarviana)<br><\/p>\n\n\n\n<p><strong>-\u00bb 09h00 &#8211; 12h30 &#8211; Rota dos Moinhos &#8211; 10Km&nbsp;<\/strong><br>Ponto de encontro: Largo dos Chor\u00f5es&nbsp;<br>Grau de dificuldade: Moderado \/ *Participa\u00e7\u00e3o: Gratuita<br>Entidade respons\u00e1vel: Munic\u00edpio de Monchique<br><\/p>\n\n\n\n<p><strong>-\u00bb 09h00 &#8211; 11h30 &#8211; Rota da Cerca da Rita + Bica Boa \u2013 9 Km<br><\/strong>Ponto de encontro: Largo dos Chor\u00f5es.<br>Grau dificuldade: Moderado \/ *Participa\u00e7\u00e3o: Gratuita<br>Entidade respons\u00e1vel: Munic\u00edpio de Monchique<\/p>\n\n\n\n<p><strong>-\u00bb 09h00 &#8211; 12h30 &#8211; Caminhada entre a Terra e a \u00c1gua \u2013 7Km<br><\/strong>Ponto de encontro: Rasmalho \u2013 Bombas de gasolina<br>Grau de dificuldade: Moderado \/ *Participa\u00e7\u00e3o 10\u20ac &#8211; zentrekk@gmail.com&nbsp;<br>Entidade respons\u00e1vel: Zen Trekk&nbsp;<\/p>\n\n\n\n<p><strong>-\u00bb 09h30 &#8211; 12h30 &#8211; Ao redor do Cerro do Castelo de Alferce \u2013 9Km<br><\/strong>Ponto de encontro: Parque de estacionamento do Cerro do Castelo de Alferce<br>Grau de dificuldade: Moderado \/ *Participa\u00e7\u00e3o: Gratuita<br>Entidade respons\u00e1vel: Munic\u00edpio de Monchique<\/p>\n\n\n\n<p><strong>-\u00bb 09h30 &#8211; 14h00 &#8211; Caminhada pelas Cascatas de Monchique &#8211; longo: 17Km \/ curto: 12 Km<br><\/strong>Ponto de encontro: estacionamento da F\u00f3iaGrau de dificuldade: Dif\u00edcil \/ *Participa\u00e7\u00e3o: GratuitaEntidade respons\u00e1vel: Trekking4All<\/p>\n\n\n\n<p><strong>-\u00bb 10h00 &#8211; 13h00 &#8211; Percurso Montagut curto \u2013 4Km<br><\/strong>Ponto de encontro: Posto de Turismo de Monchique&nbsp;<\/p>\n\n\n\n<p>Grau de dificuldade: F\u00e1cil \/ *Participa\u00e7\u00e3o 7,5\u20ac &#8211; alternativtour1@gmail.com&nbsp;<br>Entidade respons\u00e1vel: Alternativtour<\/p>\n\n\n\n<p><strong>-\u00bb 10h00 &#8211; 14h00 &#8211; Percurso Montagut \u2013 8Km<br><\/strong>Ponto de encontro: Posto de Turismo de Monchique&nbsp;<br>Grau de dificuldade: Moderado \/ *Participa\u00e7\u00e3o 7,5\u20ac &#8211; alternativtour1@gmail.com<br>Entidade respons\u00e1vel: Alternativtour<\/p>\n\n\n\n<p><strong>-\u00bb 16h00 &#8211; 18h00 &#8211; &#8220;Cascata de Cristal&#8221; \u2013 6km<br><\/strong>Caminhada e workshop de pintura de aguarelas<br>Ponto de encontro: Miradouro da Fonte Santa da Foia<br>Grau de dificuldade: Moderado \/ * Participa\u00e7\u00e3o 25\u20ac (inclui material de arte) &#8211;\u00a0<a href=\"mailto:claradesousavicente@gmail.com\" target=\"_blank\" rel=\"noreferrer noopener\">claradesousavicente@gmail.com<\/a><br>Entidade respons\u00e1vel: Claminhos-caminhos com arte\u00a0\u00a0<\/p>\n\n\n\n<p><strong>-\u00bb 17h00 &#8211; 19h00 &#8211; Percurso Pedestre da Foia &#8211; 7Km<br><\/strong>Ponto de encontro: Foia<br>Grau dificuldade: Moderado \/ *Participa\u00e7\u00e3o: Gratuita<br>Entidade respons\u00e1vel: Munic\u00edpio de Monchique<\/p>\n\n\n\n<p><strong>\u00bb DIA 11<\/strong><\/p>\n\n\n\n<p><strong>-\u00bb 8h00 &#8211; Rece\u00e7\u00e3o dos participantes<\/strong><\/p>\n\n\n\n<p><strong>-\u00bb 09h00 &#8211; 12h30 &#8211; Rota das Cascatas \u2013 Penedo do Buraco &#8211; 8Km&nbsp;<br><\/strong>Ponto de encontro: F\u00f3ia&nbsp;<br>Grau de dificuldade: Dif\u00edcil \/ *Participa\u00e7\u00e3o: Gratuita<br>Entidade respons\u00e1vel: Munic\u00edpio de Monchique<\/p>\n\n\n\n<p><strong>-\u00bb 09h00 &#8211; 11h00 &#8211; Percurso Pedestre da Foia &#8211; 7Km&nbsp;<br><\/strong>Ponto de encontro: F\u00f3ia&nbsp;<br>Grau de dificuldade: Moderado \/ *Participa\u00e7\u00e3o: Gratuita<br>Entidade respons\u00e1vel: Munic\u00edpio de Monchique<\/p>\n\n\n\n<p><strong>-\u00bb 09h00 &#8211; 12h00 &#8211; Caminhos de outrora \u2013 8Km<br><\/strong>Ponto de encontro: Largo das Caldas de Monchique (frente \u00e0 estalagem D. Louren\u00e7o)<br>Grau de dificuldade: Dif\u00edcil \/ *Participa\u00e7\u00e3o: Gratuita<br>Entidade respons\u00e1vel: Munic\u00edpio de Monchique<\/p>\n\n\n\n<p><strong>-\u00bb 09h00 &#8211; 12h30 &#8211; Caminhada entre a Terra e a \u00c1gua \u2013 7Km<br><\/strong>Ponto de encontro: Rasmalho \u2013 Bombas de gasolinaGrau de dificuldade: Moderado \/ *Participa\u00e7\u00e3o 10\u20ac &#8211; zentrekk@gmail.com&nbsp;<br>Entidade respons\u00e1vel: Zen Trekk&nbsp;<\/p>\n\n\n\n<p><strong>-\u00bb 09h30 &#8211; 12h30 &#8211; Caminhada Petrol \u2013 F\u00f3ia \u2013 Petrol \u2013 10Km<br><\/strong>Ponto de encontro: Tasca do Petrol&nbsp;Grau de dificuldade: Moderado \/ *Participa\u00e7\u00e3o: GratuitaEntidade respons\u00e1vel: Trekking4All<\/p>\n\n\n\n<p><strong>-\u00bb 10h00 &#8211; 13h00 &#8211; Percurso Montagut curto \u2013 4Km<br><\/strong>Ponto de encontro: Posto de Turismo de Monchique&nbsp;<\/p>\n\n\n\n<p>Grau de dificuldade: F\u00e1cil \/ *Participa\u00e7\u00e3o 7,5\u20ac &#8211; alternativtour1@gmail.com&nbsp;<br>Entidade respons\u00e1vel: Alternativtour<\/p>\n\n\n\n<p><strong>-\u00bb 10h00 &#8211; 14h00 &#8211; Percurso Montagut \u2013 8Km<br><\/strong>Ponto de encontro: Posto de Turismo de Monchique&nbsp;<br>Grau de dificuldade: Moderado \/ *Participa\u00e7\u00e3o 7,5\u20ac &#8211; alternativtour1@gmail.com<br>Entidade respons\u00e1vel: Alternativtour<\/p>\n\n\n\n<p><strong>-\u00bb 11h00 &#8211; Quiz Online #A\u00daltimaGota_Algarve&nbsp;<br>&nbsp;<\/strong>Este jogo pretende testar os conhecimentos da popula\u00e7\u00e3o geral, dos mais jovens aos adultos, na tem\u00e1tica da \u00e1gua.&nbsp;<br>Transmiss\u00e3o realizada atrav\u00e9s facebook do Munic\u00edpio de Monchique<br>Um projeto: Almargem<\/p>\n\n\n\n<p><strong>-\u00bb 16h00 &#8211; Curta-metragem de anima\u00e7\u00e3o #A\u00daltimaGota_Algarve&nbsp;<\/strong><br>Com o objetivo de sensibilizar para a poupan\u00e7a da \u00e1gua no Algarve, a curta-metragem de anima\u00e7\u00e3o mostra o consumo desenfreado da \u00e1gua no Algarve, em v\u00e1rios setores (turismo, agricultura, golfe, dom\u00e9stico), sem haver qualquer tipo de consci\u00eancia de que \u00e9 um recurso limitado.<br>Transmiss\u00e3o realizada atrav\u00e9s facebook do Munic\u00edpio de Monchique<br>Um projeto: Almargem<\/p>\n\n\n\n<p><strong>-\u00bb 16h00 &#8211; 18h30 &#8211; Calcorreando os caminhos de Monchique &#8211; 6,5Km<br><\/strong>Ponto de encontro: Largo dos Chor\u00f5es<br>Grau de dificuldade: Moderado \/ *Participa\u00e7\u00e3o: Gratuita<br>Entidade respons\u00e1vel: Munic\u00edpio de Monchique<\/p>\n\n\n\n<p><strong>-\u00bb 16h00 &#8211; 18h00 &#8211; &#8220;Cascata de Cristal&#8221; \u2013 6km<br><\/strong>Caminhada e workshop de pintura de aguarelasPonto de encontro: Miradouro da Fonte Santa da FoiaGrau de dificuldade: Moderado \/ * Participa\u00e7\u00e3o 25\u20ac (inclui material de arte) &#8211;\u00a0<a href=\"mailto:claradesousavicente@gmail.com\" target=\"_blank\" rel=\"noreferrer noopener\">claradesousavicente@gmail.com<\/a><strong><br><\/strong>Entidade respons\u00e1vel: Claminhos-caminhos com arte\u00a0\u00a0\u00a0<\/p>\n\n\n\n<p><strong>-\u00bb 19h30 &#8211; 22h30 &#8211; Caminhada Noturna Monchique \u2013 Picota \u2013 Monchique \u2013 10Km<br><\/strong>Ponto de encontro: Estacionamento junto ao Intermarch\u00e9, parte do percurso \u00e9 feito sem luz naturalGrau de dificuldade: Dif\u00edcil \/ *Participa\u00e7\u00e3o: Gratuita \/ Material: lanterna<br>Entidade respons\u00e1vel: Trekking4All<\/p>\n\n\n\n<p><strong>-\u00bb 20h00 &#8211; 22h30 &#8211; Rota da Bica Boa + Urbano &#8211; 8Km&nbsp;<br><\/strong>Ponto de encontro: Largo dos Chor\u00f5es<br>Grau de dificuldade: F\u00e1cil \/ *Participa\u00e7\u00e3o: Gratuita \/ Material: lanterna<br>Entidade respons\u00e1vel: Munic\u00edpio de Monchique<\/p>\n\n\n\n<p><strong>\u00bb DIA 12<\/strong><\/p>\n\n\n\n<p><strong>-\u00bb 8h00 &#8211; Rece\u00e7\u00e3o dos participantes<\/strong><\/p>\n\n\n\n<p><strong>-\u00bb 09h00 &#8211; 13h00 &#8211; Rota das Caldas &#8211; 14Km&nbsp;<br><\/strong>Ponto de encontro: Parque de Estacionamento das Caldas de Monchique<br>Grau de dificuldade: Dif\u00edcil \/ *Participa\u00e7\u00e3o: Gratuita<br>Entidade respons\u00e1vel: Munic\u00edpio de Monchique<\/p>\n\n\n\n<p><strong>-\u00bb 09h00 &#8211; 12h30 &#8211; Percurso das \u00c1rvores monumentais &#8211; 15Km&nbsp;<br><\/strong>Ponto de encontro: Largo dos Chor\u00f5es<br>Grau de dificuldade: Dif\u00edcil \/ *Participa\u00e7\u00e3o: Gratuita<br>Entidade respons\u00e1vel: Munic\u00edpio de Monchique<\/p>\n\n\n\n<p><strong>-\u00bb 09h30 &#8211; 12h00 &#8211; Caminhada \u201c\u00c1guas do Alferce\u201d \u2013 7Km<br><\/strong>Ponto de encontro: Entrada do Alferce&nbsp;<br>Grau de dificuldade: Moderado \/ *Participa\u00e7\u00e3o: Gratuita<br>Entidade respons\u00e1vel: Freguesia de Alferce<\/p>\n\n\n\n<p><strong>-\u00bb 10h00 &#8211; 13h00 &#8211; Percurso Montagut curto \u2013 4Km<br><\/strong>Ponto de encontro: Posto de Turismo de Monchique&nbsp;<\/p>\n\n\n\n<p>Grau de dificuldade: F\u00e1cil \/ *Participa\u00e7\u00e3o 7,5\u20ac &#8211; alternativtour1@gmail.com&nbsp;<br>Entidade respons\u00e1vel: Alternativtour<\/p>\n\n\n\n<p><strong>-\u00bb 10h00 &#8211; 14h00 &#8211; Percurso Montagut \u2013 8Km<br><\/strong>Ponto de encontro: Posto de Turismo de Monchique&nbsp;<br>Grau de dificuldade: Moderado \/ *Participa\u00e7\u00e3o 7,5\u20ac &#8211; alternativtour1@gmail.com<br>Entidade respons\u00e1vel: Alternativtour<\/p>\n\n\n\n<p><strong>-\u00bb 10h00 &#8211; 14h00 &#8211; Caminhada Monchique \u2013 Foia \u2013 Monchique \u2013 11Km<br><\/strong>Ponto de encontro: estacionamento da F\u00f3iaGrau de dificuldade: Dif\u00edcil \/ *Participa\u00e7\u00e3o: GratuitaEntidade respons\u00e1vel: Trekking4All<\/p>\n\n\n\n<p><strong>-\u00bb 14h15 &#8211; Workshop \u201cCaminhada com bast\u00f5es\u201d<br><\/strong>Formadores: Trekking4All<br>Local: Espa\u00e7o exterior junto ao Espa\u00e7o Jovem<\/p>\n\n\n\n<p><strong>-\u00bb 15h00 &#8211; Workshop \u201cPrepara\u00e7\u00e3o f\u00edsica para caminhadas\u201d<br><\/strong>Formadores: Trekking4All<br>Local: Espa\u00e7o exterior junto ao Espa\u00e7o Jovem<\/p>\n\n\n\n<p><strong>-\u00bb 16h00 &#8211; Workshop \u201c Material para caminhadas\u201d<br><\/strong>Formadores: Trekking4All<br>Local: Espa\u00e7o exterior junto ao Espa\u00e7o Jovem<\/p>\n\n\n\n<p><strong>-\u00bb 16h00 &#8211; 20h00 &#8211; Banho de Floresta- Experi\u00eancia Imersiva na Natureza e Workshop \u201cThe Nature De-Stress Method\u201d<br><\/strong>Ponto de encontro: Barranco dos Pis\u00f5es \/ *Participa\u00e7\u00e3o: Gratuita<br>Entidade respons\u00e1vel: Instituto de Banhos na Natureza<\/p>\n\n\n\n<p><strong>-\u00bb 17h00 &#8211; 18h45 &#8211; Sess\u00e3o de Yoga \u201c\u00c1gua e vida\u201d<br><\/strong>Ponto de encontro: Parque da Vila<br>*Participa\u00e7\u00e3o: Gratuita \/ Material: colch\u00e3o yoga\/ manta \/ toalhaEntidade respons\u00e1vel: Ganga<\/p>\n\n\n\n<p><strong>-\u00bb 18h00 &#8211; 20h30 &#8211; Rota da Papoila &#8211; 8Km&nbsp;<br><\/strong>Ponto de encontro: Largo dos Chor\u00f5es<br>Grau de dificuldade: Moderado \/ *Participa\u00e7\u00e3o: Gratuita<br>Entidade respons\u00e1vel: Munic\u00edpio de Monchique<\/p>\n\n\n\n<p><strong>-\u00bb 21h30 &#8211; A Fonte &#8211; Espet\u00e1culo de rua<br><\/strong>Na Fonte convidamos o p\u00fablico a percorrer a hist\u00f3ria da evolu\u00e7\u00e3o das esp\u00e9cies e a refletir sobre a necessidade de cuidar das nossas \u00e1guas, nascentes, rios e mares.<br>Local: Parque Urbano&nbsp;<br>*Participa\u00e7\u00e3o: Gratuita, limitada \u00e0 disponibilidade do espa\u00e7o.<br><\/p>\n\n\n\n<p><strong>\u00bb DIA 13<\/strong><strong><\/strong><\/p>\n\n\n\n<p><strong>-\u00bb 8h00 &#8211; Rece\u00e7\u00e3o dos participantes<\/strong><\/p>\n\n\n\n<p><strong>-\u00bb 9h00 &#8211; 13h00 &#8211; Rota das Cascatas \u2013 Chilr\u00e3o e Barbelote&nbsp;&nbsp;&#8211; 12Km<br><\/strong>Ponto de encontro: Foia<br>Grau de dificuldade: Dif\u00edcil \/ *Participa\u00e7\u00e3o: Gratuita<br>Entidade respons\u00e1vel: Munic\u00edpio de Monchique<\/p>\n\n\n\n<p><strong>-\u00bb 9h00 &#8211; 13h00 &#8211; Percurso das \u00c1rvores monumentais &#8211; 15Km<br><\/strong>Ponto de encontro: Largo dos Chor\u00f5es<br>Grau de dificuldade: Dif\u00edcil \/ *Participa\u00e7\u00e3o: Gratuita<br>Entidade respons\u00e1vel: Munic\u00edpio de Monchique<\/p>\n\n\n\n<p><strong>-\u00bb 09h30 &#8211; 12h30 &#8211; Caminhada Caldas de Monchique \u2013 Picota \u2013 Caldas de Monchique, por trilhos \u2013 18Km<br><\/strong>Ponto de encontro: Caldas de MonchiqueGrau de dificuldade: Dif\u00edcil \/ *Participa\u00e7\u00e3o: GratuitaEntidade respons\u00e1vel: Trekking4All<\/p>\n\n\n\n<p><strong>-\u00bb 10h00 &#8211; 13h00 &#8211; Percurso Montagut curto \u2013 4Km<br><\/strong>Ponto de encontro: Posto de Turismo de Monchique&nbsp;<br>Grau de dificuldade: F\u00e1cil \/ *Participa\u00e7\u00e3o 7,5\u20ac &#8211; alternativtour1@gmail.com&nbsp;<br>Entidade respons\u00e1vel: Alternativtour<\/p>\n\n\n\n<p><strong>-\u00bb 10h00 &#8211; 14h00 &#8211; Percurso Montagut \u2013 8Km<br><\/strong>Ponto de encontro: Posto de Turismo de Monchique&nbsp;<br>Grau de dificuldade: Moderado \/ *Participa\u00e7\u00e3o 7,5\u20ac &#8211; alternativtour1@gmail.com<br>Entidade respons\u00e1vel: Alternativtour<\/p>\n\n\n\n<p><strong>-\u00bb 16h00 &#8211; 20h00 &#8211; Banho de Floresta- Experi\u00eancia Imersiva Na Natureza e Workshop \u201cThe Nature De-Stress Method\u201d<br><\/strong>Ponto de encontro: Barranco dos Pis\u00f5es \/ *Participa\u00e7\u00e3o: Gratuita<br>Entidade respons\u00e1vel: Instituto de Banhos na Natureza<\/p>\n\n\n\n<p><strong>-\u00bb 16h00 &#8211; Eco-oficina &#8211; Feltragem com l\u00e3 natural<br><\/strong>Ponto de encontro: Espa\u00e7o exterior junto ao Espa\u00e7o Jovem \/ *Participa\u00e7\u00e3o: Gratuita<br>Entidade respons\u00e1vel: Munic\u00edpio de Monchique<\/p>\n\n\n\n<p><strong>-\u00bb 17h00 &#8211; 20h00 &#8211; Rota dos Moinhos &#8211; 10Km<br><\/strong>Ponto de encontro: Largo dos Chor\u00f5es<br>Grau de dificuldade: Moderado \/ *Participa\u00e7\u00e3o: Gratuita<br>Entidade respons\u00e1vel: Munic\u00edpio de Monchique<\/p>\n\n\n\n<p><strong>-\u00bb 17h00 &#8211; 18h45 &#8211; Sess\u00e3o de Yoga \u201c\u00c1gua e vida\u201d<br><\/strong>Ponto de encontro: Parque da Vila<br>*Participa\u00e7\u00e3o: Gratuita \/Material: colch\u00e3o yoga\/ manta \/ toalhaEntidade respons\u00e1vel: Ganga<\/p>\n\n\n\n<p>Recomenda\u00e7\u00f5es gerais aos participantes:<\/p>\n\n\n\n<p>Dever\u00e3o ser seguidas as normas da DGS em vigor&nbsp;para preven\u00e7\u00e3o da transmiss\u00e3o do Coronav\u00edrus &#8211; COVID-19, e cumpridas as orienta\u00e7\u00f5es espec\u00edficas dadas pelo respons\u00e1vel da atividade.<\/p>\n\n\n\n<p>Os participantes dever\u00e3o apresentar condi\u00e7\u00f5es de sa\u00fade e aptid\u00e3o necess\u00e1rias para a realiza\u00e7\u00e3o das atividades. Levar chap\u00e9u, roupa e cal\u00e7ado adequado \u00e0s condi\u00e7\u00f5es meteorol\u00f3gicas e ainda \u00e1gua e merenda.<\/p>\n\n\n\n<p>Consultar especifica\u00e7\u00f5es de cada atividade e material necess\u00e1rio em www.cm-monchique.pt.<\/p>\n\n\n\n<p>Informa\u00e7\u00f5es gerais:<\/p>\n\n\n\n<p><br>*Todas as atividades requerem inscri\u00e7\u00e3o pr\u00e9via obrigat\u00f3rias at\u00e9 ao dia 2 de junho;<\/p>\n\n\n\n<p>Nas atividades pagas as inscri\u00e7\u00f5es dever\u00e3o ser feitas diretamente para o email da entidade respons\u00e1vel;<\/p>\n\n\n\n<p>Inscri\u00e7\u00f5es em atividades gratuitas para\u00a0<a href=\"mailto:infos@cm-monchique.pt\" target=\"_blank\" rel=\"noreferrer noopener\">infos@cm-monchique.pt<\/a>;<\/p>\n\n\n\n<p>N\u00famero m\u00ednimo de participantes: 5<br>N\u00famero m\u00e1ximo de participantes:15<\/p>\n\n\n\n<p>Obrigat\u00f3rio check-in no secretariado, localizado na Quinta da Vila, antes de se dirigir ao ponto de encontro de cada atividade.<\/p>\n\n\n\n<p>Contatos<\/p>\n\n\n\n<p>Organiza\u00e7\u00e3o:\u00a0<a href=\"mailto:infos@cm-monchique.pt\" target=\"_blank\" rel=\"noreferrer noopener\">infos@cm-monchique.pt<\/a>\u00a0\/ 282 910 200 \/205<\/p>\n\n\n\n<p>Bombeiros:&nbsp;282 910 000<\/p>\n\n\n\n<p>GNR: 282 912 629<\/p>\n","protected":false},"excerpt":{"rendered":"<p>A \u00e1gua \u00e9 uma necessidade vital. \u00c9 um habitat. \u00c9 um recurso. \u00c9 um ponto de equil\u00edbrio do ecossistema. \u00c9<\/p>\n","protected":false},"author":1,"featured_media":8601,"comment_status":"closed","ping_status":"open","sticky":false,"template":"","format":"standard","meta":{"colormag_page_container_layout":"default_layout","colormag_page_sidebar_layout":"default_layout","_monsterinsights_skip_tracking":false,"_monsterinsights_sitenote_active":false,"_monsterinsights_sitenote_note":"","_monsterinsights_sitenote_category":0,"jetpack_post_was_ever_published":false,"_jetpack_newsletter_access":"","_jetpack_dont_email_post_to_subs":false,"_jetpack_newsletter_tier_id":0,"_jetpack_memberships_contains_paywalled_content":false,"_jetpack_memberships_contains_paid_content":false,"footnotes":"","jetpack_publicize_message":"","jetpack_publicize_feature_enabled":true,"jetpack_social_post_already_shared":true,"jetpack_social_options":{"image_generator_settings":{"template":"highway","default_image_id":0,"font":"","enabled":false},"version":2}},"categories":[15],"tags":[36,377,40,71,171],"class_list":["post-8600","post","type-post","status-publish","format-standard","has-post-thumbnail","hentry","category-desporto","tag-algarve","tag-caminhadas","tag-desporto","tag-festival","tag-monchique"],"yoast_head":"<!-- This site is optimized with the Yoast SEO plugin v27.5 - https:\/\/yoast.com\/product\/yoast-seo-wordpress\/ -->\n<title>Monchique retoma a programa\u00e7\u00e3o com o Festival de Caminhadas - Algarve 7<\/title>\n<meta name=\"description\" content=\"Monchique retoma a programa\u00e7\u00e3o com o Festival de Caminhadas Desporto\" \/>\n<meta name=\"robots\" content=\"index, follow, max-snippet:-1, max-image-preview:large, max-video-preview:-1\" \/>\n<link rel=\"canonical\" href=\"https:\/\/algarve7.pt\/index.php\/2021\/05\/monchique-retoma-a-programacao-com-o-festival-de-caminhadas\/desporto\/15\/41\/\" \/>\n<meta property=\"og:locale\" content=\"pt_PT\" \/>\n<meta property=\"og:type\" content=\"article\" \/>\n<meta property=\"og:title\" content=\"Monchique retoma a programa\u00e7\u00e3o com o Festival de Caminhadas - Algarve 7\" \/>\n<meta property=\"og:description\" content=\"Monchique retoma a programa\u00e7\u00e3o com o Festival de Caminhadas Desporto\" \/>\n<meta property=\"og:url\" content=\"https:\/\/algarve7.pt\/index.php\/2021\/05\/monchique-retoma-a-programacao-com-o-festival-de-caminhadas\/desporto\/15\/41\/\" \/>\n<meta property=\"og:site_name\" content=\"Algarve 7\" \/>\n<meta property=\"article:publisher\" content=\"https:\/\/www.facebook.com\/algarve7\" \/>\n<meta property=\"article:author\" content=\"https:\/\/www.facebook.com\/algarve7\" \/>\n<meta property=\"article:published_time\" content=\"2021-05-20T14:41:45+00:00\" \/>\n<meta property=\"article:modified_time\" content=\"2021-05-20T14:41:49+00:00\" \/>\n<meta property=\"og:image\" content=\"https:\/\/algarve7.pt\/wp-content\/uploads\/2021\/05\/Captura-de-ecra-2021-05-20-as-15.36.22-1024x665.png\" \/>\n\t<meta property=\"og:image:width\" content=\"1024\" \/>\n\t<meta property=\"og:image:height\" content=\"665\" \/>\n\t<meta property=\"og:image:type\" content=\"image\/png\" \/>\n<meta name=\"author\" content=\"Algarve 7\" \/>\n<meta name=\"twitter:card\" content=\"summary_large_image\" \/>\n<meta name=\"twitter:creator\" content=\"@Algarvesete\" \/>\n<meta name=\"twitter:site\" content=\"@Algarvesete\" \/>\n<meta name=\"twitter:label1\" content=\"Escrito por\" \/>\n\t<meta name=\"twitter:data1\" content=\"Algarve 7\" \/>\n\t<meta name=\"twitter:label2\" content=\"Tempo estimado de leitura\" \/>\n\t<meta name=\"twitter:data2\" content=\"8 minutos\" \/>\n<script type=\"application\/ld+json\" class=\"yoast-schema-graph\">{\"@context\":\"https:\\\/\\\/schema.org\",\"@graph\":[{\"@type\":\"Article\",\"@id\":\"https:\\\/\\\/algarve7.pt\\\/index.php\\\/2021\\\/05\\\/monchique-retoma-a-programacao-com-o-festival-de-caminhadas\\\/desporto\\\/15\\\/41\\\/#article\",\"isPartOf\":{\"@id\":\"https:\\\/\\\/algarve7.pt\\\/index.php\\\/2021\\\/05\\\/monchique-retoma-a-programacao-com-o-festival-de-caminhadas\\\/desporto\\\/15\\\/41\\\/\"},\"author\":{\"name\":\"Algarve 7\",\"@id\":\"https:\\\/\\\/algarve7.pt\\\/#\\\/schema\\\/person\\\/23fa70681308e7b319a3204bcea45e0c\"},\"headline\":\"Monchique retoma a programa\u00e7\u00e3o com o Festival de Caminhadas\",\"datePublished\":\"2021-05-20T14:41:45+00:00\",\"dateModified\":\"2021-05-20T14:41:49+00:00\",\"mainEntityOfPage\":{\"@id\":\"https:\\\/\\\/algarve7.pt\\\/index.php\\\/2021\\\/05\\\/monchique-retoma-a-programacao-com-o-festival-de-caminhadas\\\/desporto\\\/15\\\/41\\\/\"},\"wordCount\":2007,\"publisher\":{\"@id\":\"https:\\\/\\\/algarve7.pt\\\/#organization\"},\"image\":{\"@id\":\"https:\\\/\\\/algarve7.pt\\\/index.php\\\/2021\\\/05\\\/monchique-retoma-a-programacao-com-o-festival-de-caminhadas\\\/desporto\\\/15\\\/41\\\/#primaryimage\"},\"thumbnailUrl\":\"https:\\\/\\\/algarve7.pt\\\/wp-content\\\/uploads\\\/2021\\\/05\\\/Captura-de-ecra-2021-05-20-as-15.36.22.png\",\"keywords\":[\"Algarve\",\"Caminhadas\",\"Desporto\",\"Festival\",\"Monchique\"],\"articleSection\":[\"Desporto\"],\"inLanguage\":\"pt-PT\"},{\"@type\":\"WebPage\",\"@id\":\"https:\\\/\\\/algarve7.pt\\\/index.php\\\/2021\\\/05\\\/monchique-retoma-a-programacao-com-o-festival-de-caminhadas\\\/desporto\\\/15\\\/41\\\/\",\"url\":\"https:\\\/\\\/algarve7.pt\\\/index.php\\\/2021\\\/05\\\/monchique-retoma-a-programacao-com-o-festival-de-caminhadas\\\/desporto\\\/15\\\/41\\\/\",\"name\":\"Monchique retoma a programa\u00e7\u00e3o com o Festival de Caminhadas - Algarve 7\",\"isPartOf\":{\"@id\":\"https:\\\/\\\/algarve7.pt\\\/#website\"},\"primaryImageOfPage\":{\"@id\":\"https:\\\/\\\/algarve7.pt\\\/index.php\\\/2021\\\/05\\\/monchique-retoma-a-programacao-com-o-festival-de-caminhadas\\\/desporto\\\/15\\\/41\\\/#primaryimage\"},\"image\":{\"@id\":\"https:\\\/\\\/algarve7.pt\\\/index.php\\\/2021\\\/05\\\/monchique-retoma-a-programacao-com-o-festival-de-caminhadas\\\/desporto\\\/15\\\/41\\\/#primaryimage\"},\"thumbnailUrl\":\"https:\\\/\\\/algarve7.pt\\\/wp-content\\\/uploads\\\/2021\\\/05\\\/Captura-de-ecra-2021-05-20-as-15.36.22.png\",\"datePublished\":\"2021-05-20T14:41:45+00:00\",\"dateModified\":\"2021-05-20T14:41:49+00:00\",\"description\":\"Monchique retoma a programa\u00e7\u00e3o com o Festival de Caminhadas Desporto\",\"breadcrumb\":{\"@id\":\"https:\\\/\\\/algarve7.pt\\\/index.php\\\/2021\\\/05\\\/monchique-retoma-a-programacao-com-o-festival-de-caminhadas\\\/desporto\\\/15\\\/41\\\/#breadcrumb\"},\"inLanguage\":\"pt-PT\",\"potentialAction\":[{\"@type\":\"ReadAction\",\"target\":[\"https:\\\/\\\/algarve7.pt\\\/index.php\\\/2021\\\/05\\\/monchique-retoma-a-programacao-com-o-festival-de-caminhadas\\\/desporto\\\/15\\\/41\\\/\"]}]},{\"@type\":\"ImageObject\",\"inLanguage\":\"pt-PT\",\"@id\":\"https:\\\/\\\/algarve7.pt\\\/index.php\\\/2021\\\/05\\\/monchique-retoma-a-programacao-com-o-festival-de-caminhadas\\\/desporto\\\/15\\\/41\\\/#primaryimage\",\"url\":\"https:\\\/\\\/algarve7.pt\\\/wp-content\\\/uploads\\\/2021\\\/05\\\/Captura-de-ecra-2021-05-20-as-15.36.22.png\",\"contentUrl\":\"https:\\\/\\\/algarve7.pt\\\/wp-content\\\/uploads\\\/2021\\\/05\\\/Captura-de-ecra-2021-05-20-as-15.36.22.png\",\"width\":1920,\"height\":1246},{\"@type\":\"BreadcrumbList\",\"@id\":\"https:\\\/\\\/algarve7.pt\\\/index.php\\\/2021\\\/05\\\/monchique-retoma-a-programacao-com-o-festival-de-caminhadas\\\/desporto\\\/15\\\/41\\\/#breadcrumb\",\"itemListElement\":[{\"@type\":\"ListItem\",\"position\":1,\"name\":\"In\u00edcio\",\"item\":\"https:\\\/\\\/algarve7.pt\\\/\"},{\"@type\":\"ListItem\",\"position\":2,\"name\":\"Monchique retoma a programa\u00e7\u00e3o com o Festival de Caminhadas\"}]},{\"@type\":\"WebSite\",\"@id\":\"https:\\\/\\\/algarve7.pt\\\/#website\",\"url\":\"https:\\\/\\\/algarve7.pt\\\/\",\"name\":\"Algarve 7\",\"description\":\"Informa\u00e7\u00e3o sobre o Algarve\",\"publisher\":{\"@id\":\"https:\\\/\\\/algarve7.pt\\\/#organization\"},\"potentialAction\":[{\"@type\":\"SearchAction\",\"target\":{\"@type\":\"EntryPoint\",\"urlTemplate\":\"https:\\\/\\\/algarve7.pt\\\/?s={search_term_string}\"},\"query-input\":{\"@type\":\"PropertyValueSpecification\",\"valueRequired\":true,\"valueName\":\"search_term_string\"}}],\"inLanguage\":\"pt-PT\"},{\"@type\":\"Organization\",\"@id\":\"https:\\\/\\\/algarve7.pt\\\/#organization\",\"name\":\"Algarve 7\",\"url\":\"https:\\\/\\\/algarve7.pt\\\/\",\"logo\":{\"@type\":\"ImageObject\",\"inLanguage\":\"pt-PT\",\"@id\":\"https:\\\/\\\/algarve7.pt\\\/#\\\/schema\\\/logo\\\/image\\\/\",\"url\":\"https:\\\/\\\/algarve7.pt\\\/wp-content\\\/uploads\\\/2020\\\/10\\\/Logo-8.jpg\",\"contentUrl\":\"https:\\\/\\\/algarve7.pt\\\/wp-content\\\/uploads\\\/2020\\\/10\\\/Logo-8.jpg\",\"width\":1680,\"height\":1186,\"caption\":\"Algarve 7\"},\"image\":{\"@id\":\"https:\\\/\\\/algarve7.pt\\\/#\\\/schema\\\/logo\\\/image\\\/\"},\"sameAs\":[\"https:\\\/\\\/www.facebook.com\\\/algarve7\",\"https:\\\/\\\/x.com\\\/Algarvesete\",\"https:\\\/\\\/www.instagram.com\\\/jornalalgarve7\\\/\",\"https:\\\/\\\/www.linkedin.com\\\/company\\\/algarve7\",\"https:\\\/\\\/www.pinterest.pt\\\/geral0939\\\/_created\\\/\"]},{\"@type\":\"Person\",\"@id\":\"https:\\\/\\\/algarve7.pt\\\/#\\\/schema\\\/person\\\/23fa70681308e7b319a3204bcea45e0c\",\"name\":\"Algarve 7\",\"sameAs\":[\"https:\\\/\\\/algarve7.pt\",\"https:\\\/\\\/www.facebook.com\\\/algarve7\"],\"url\":\"https:\\\/\\\/algarve7.pt\\\/index.php\\\/author\\\/geralalgarve7-pt\\\/\"}]}<\/script>\n<!-- \/ Yoast SEO plugin. -->","yoast_head_json":{"title":"Monchique retoma a programa\u00e7\u00e3o com o Festival de Caminhadas - Algarve 7","description":"Monchique retoma a programa\u00e7\u00e3o com o Festival de Caminhadas Desporto","robots":{"index":"index","follow":"follow","max-snippet":"max-snippet:-1","max-image-preview":"max-image-preview:large","max-video-preview":"max-video-preview:-1"},"canonical":"https:\/\/algarve7.pt\/index.php\/2021\/05\/monchique-retoma-a-programacao-com-o-festival-de-caminhadas\/desporto\/15\/41\/","og_locale":"pt_PT","og_type":"article","og_title":"Monchique retoma a programa\u00e7\u00e3o com o Festival de Caminhadas - Algarve 7","og_description":"Monchique retoma a programa\u00e7\u00e3o com o Festival de Caminhadas Desporto","og_url":"https:\/\/algarve7.pt\/index.php\/2021\/05\/monchique-retoma-a-programacao-com-o-festival-de-caminhadas\/desporto\/15\/41\/","og_site_name":"Algarve 7","article_publisher":"https:\/\/www.facebook.com\/algarve7","article_author":"https:\/\/www.facebook.com\/algarve7","article_published_time":"2021-05-20T14:41:45+00:00","article_modified_time":"2021-05-20T14:41:49+00:00","og_image":[{"width":1024,"height":665,"url":"https:\/\/algarve7.pt\/wp-content\/uploads\/2021\/05\/Captura-de-ecra-2021-05-20-as-15.36.22-1024x665.png","type":"image\/png"}],"author":"Algarve 7","twitter_card":"summary_large_image","twitter_creator":"@Algarvesete","twitter_site":"@Algarvesete","twitter_misc":{"Escrito por":"Algarve 7","Tempo estimado de leitura":"8 minutos"},"schema":{"@context":"https:\/\/schema.org","@graph":[{"@type":"Article","@id":"https:\/\/algarve7.pt\/index.php\/2021\/05\/monchique-retoma-a-programacao-com-o-festival-de-caminhadas\/desporto\/15\/41\/#article","isPartOf":{"@id":"https:\/\/algarve7.pt\/index.php\/2021\/05\/monchique-retoma-a-programacao-com-o-festival-de-caminhadas\/desporto\/15\/41\/"},"author":{"name":"Algarve 7","@id":"https:\/\/algarve7.pt\/#\/schema\/person\/23fa70681308e7b319a3204bcea45e0c"},"headline":"Monchique retoma a programa\u00e7\u00e3o com o Festival de Caminhadas","datePublished":"2021-05-20T14:41:45+00:00","dateModified":"2021-05-20T14:41:49+00:00","mainEntityOfPage":{"@id":"https:\/\/algarve7.pt\/index.php\/2021\/05\/monchique-retoma-a-programacao-com-o-festival-de-caminhadas\/desporto\/15\/41\/"},"wordCount":2007,"publisher":{"@id":"https:\/\/algarve7.pt\/#organization"},"image":{"@id":"https:\/\/algarve7.pt\/index.php\/2021\/05\/monchique-retoma-a-programacao-com-o-festival-de-caminhadas\/desporto\/15\/41\/#primaryimage"},"thumbnailUrl":"https:\/\/algarve7.pt\/wp-content\/uploads\/2021\/05\/Captura-de-ecra-2021-05-20-as-15.36.22.png","keywords":["Algarve","Caminhadas","Desporto","Festival","Monchique"],"articleSection":["Desporto"],"inLanguage":"pt-PT"},{"@type":"WebPage","@id":"https:\/\/algarve7.pt\/index.php\/2021\/05\/monchique-retoma-a-programacao-com-o-festival-de-caminhadas\/desporto\/15\/41\/","url":"https:\/\/algarve7.pt\/index.php\/2021\/05\/monchique-retoma-a-programacao-com-o-festival-de-caminhadas\/desporto\/15\/41\/","name":"Monchique retoma a programa\u00e7\u00e3o com o Festival de Caminhadas - Algarve 7","isPartOf":{"@id":"https:\/\/algarve7.pt\/#website"},"primaryImageOfPage":{"@id":"https:\/\/algarve7.pt\/index.php\/2021\/05\/monchique-retoma-a-programacao-com-o-festival-de-caminhadas\/desporto\/15\/41\/#primaryimage"},"image":{"@id":"https:\/\/algarve7.pt\/index.php\/2021\/05\/monchique-retoma-a-programacao-com-o-festival-de-caminhadas\/desporto\/15\/41\/#primaryimage"},"thumbnailUrl":"https:\/\/algarve7.pt\/wp-content\/uploads\/2021\/05\/Captura-de-ecra-2021-05-20-as-15.36.22.png","datePublished":"2021-05-20T14:41:45+00:00","dateModified":"2021-05-20T14:41:49+00:00","description":"Monchique retoma a programa\u00e7\u00e3o com o Festival de Caminhadas Desporto","breadcrumb":{"@id":"https:\/\/algarve7.pt\/index.php\/2021\/05\/monchique-retoma-a-programacao-com-o-festival-de-caminhadas\/desporto\/15\/41\/#breadcrumb"},"inLanguage":"pt-PT","potentialAction":[{"@type":"ReadAction","target":["https:\/\/algarve7.pt\/index.php\/2021\/05\/monchique-retoma-a-programacao-com-o-festival-de-caminhadas\/desporto\/15\/41\/"]}]},{"@type":"ImageObject","inLanguage":"pt-PT","@id":"https:\/\/algarve7.pt\/index.php\/2021\/05\/monchique-retoma-a-programacao-com-o-festival-de-caminhadas\/desporto\/15\/41\/#primaryimage","url":"https:\/\/algarve7.pt\/wp-content\/uploads\/2021\/05\/Captura-de-ecra-2021-05-20-as-15.36.22.png","contentUrl":"https:\/\/algarve7.pt\/wp-content\/uploads\/2021\/05\/Captura-de-ecra-2021-05-20-as-15.36.22.png","width":1920,"height":1246},{"@type":"BreadcrumbList","@id":"https:\/\/algarve7.pt\/index.php\/2021\/05\/monchique-retoma-a-programacao-com-o-festival-de-caminhadas\/desporto\/15\/41\/#breadcrumb","itemListElement":[{"@type":"ListItem","position":1,"name":"In\u00edcio","item":"https:\/\/algarve7.pt\/"},{"@type":"ListItem","position":2,"name":"Monchique retoma a programa\u00e7\u00e3o com o Festival de Caminhadas"}]},{"@type":"WebSite","@id":"https:\/\/algarve7.pt\/#website","url":"https:\/\/algarve7.pt\/","name":"Algarve 7","description":"Informa\u00e7\u00e3o sobre o Algarve","publisher":{"@id":"https:\/\/algarve7.pt\/#organization"},"potentialAction":[{"@type":"SearchAction","target":{"@type":"EntryPoint","urlTemplate":"https:\/\/algarve7.pt\/?s={search_term_string}"},"query-input":{"@type":"PropertyValueSpecification","valueRequired":true,"valueName":"search_term_string"}}],"inLanguage":"pt-PT"},{"@type":"Organization","@id":"https:\/\/algarve7.pt\/#organization","name":"Algarve 7","url":"https:\/\/algarve7.pt\/","logo":{"@type":"ImageObject","inLanguage":"pt-PT","@id":"https:\/\/algarve7.pt\/#\/schema\/logo\/image\/","url":"https:\/\/algarve7.pt\/wp-content\/uploads\/2020\/10\/Logo-8.jpg","contentUrl":"https:\/\/algarve7.pt\/wp-content\/uploads\/2020\/10\/Logo-8.jpg","width":1680,"height":1186,"caption":"Algarve 7"},"image":{"@id":"https:\/\/algarve7.pt\/#\/schema\/logo\/image\/"},"sameAs":["https:\/\/www.facebook.com\/algarve7","https:\/\/x.com\/Algarvesete","https:\/\/www.instagram.com\/jornalalgarve7\/","https:\/\/www.linkedin.com\/company\/algarve7","https:\/\/www.pinterest.pt\/geral0939\/_created\/"]},{"@type":"Person","@id":"https:\/\/algarve7.pt\/#\/schema\/person\/23fa70681308e7b319a3204bcea45e0c","name":"Algarve 7","sameAs":["https:\/\/algarve7.pt","https:\/\/www.facebook.com\/algarve7"],"url":"https:\/\/algarve7.pt\/index.php\/author\/geralalgarve7-pt\/"}]}},"jetpack_publicize_connections":[],"jetpack_featured_media_url":"https:\/\/algarve7.pt\/wp-content\/uploads\/2021\/05\/Captura-de-ecra-2021-05-20-as-15.36.22.png","jetpack_shortlink":"https:\/\/wp.me\/pcezmW-2eI","jetpack_sharing_enabled":true,"_links":{"self":[{"href":"https:\/\/algarve7.pt\/index.php\/wp-json\/wp\/v2\/posts\/8600","targetHints":{"allow":["GET"]}}],"collection":[{"href":"https:\/\/algarve7.pt\/index.php\/wp-json\/wp\/v2\/posts"}],"about":[{"href":"https:\/\/algarve7.pt\/index.php\/wp-json\/wp\/v2\/types\/post"}],"author":[{"embeddable":true,"href":"https:\/\/algarve7.pt\/index.php\/wp-json\/wp\/v2\/users\/1"}],"replies":[{"embeddable":true,"href":"https:\/\/algarve7.pt\/index.php\/wp-json\/wp\/v2\/comments?post=8600"}],"version-history":[{"count":0,"href":"https:\/\/algarve7.pt\/index.php\/wp-json\/wp\/v2\/posts\/8600\/revisions"}],"wp:featuredmedia":[{"embeddable":true,"href":"https:\/\/algarve7.pt\/index.php\/wp-json\/wp\/v2\/media\/8601"}],"wp:attachment":[{"href":"https:\/\/algarve7.pt\/index.php\/wp-json\/wp\/v2\/media?parent=8600"}],"wp:term":[{"taxonomy":"category","embeddable":true,"href":"https:\/\/algarve7.pt\/index.php\/wp-json\/wp\/v2\/categories?post=8600"},{"taxonomy":"post_tag","embeddable":true,"href":"https:\/\/algarve7.pt\/index.php\/wp-json\/wp\/v2\/tags?post=8600"}],"curies":[{"name":"wp","href":"https:\/\/api.w.org\/{rel}","templated":true}]}}