{"id":8593,"date":"2021-05-20T07:37:17","date_gmt":"2021-05-20T06:37:17","guid":{"rendered":"https:\/\/algarve7.pt\/?p=8593"},"modified":"2021-05-20T07:37:30","modified_gmt":"2021-05-20T06:37:30","slug":"escola-de-transito-reabre-em-lagoa","status":"publish","type":"post","link":"https:\/\/algarve7.pt\/index.php\/2021\/05\/escola-de-transito-reabre-em-lagoa\/educacao\/07\/37\/","title":{"rendered":"Escola de tr\u00e2nsito reabre em Lagoa"},"content":{"rendered":"\n<p>O Munic\u00edpio de Lagoa reabriu, no passado dia 23 de abril, as portas da Escola de Tr\u00e2nsito de Lagoa com uma nova din\u00e2mica, com mais e melhores equipamento e possibilitando o retomar da forma\u00e7\u00e3o de seguran\u00e7a e preven\u00e7\u00e3o rodovi\u00e1ria, para turmas do pr\u00e9-escolar, 1\u00ba, 2\u00ba, 3\u00ba ciclo e secund\u00e1rio, p\u00fablico em geral e crian\u00e7as acompanhadas por um adulto.\u00a0<\/p>\n\n\n\n<p>A funcionar com um hor\u00e1rio das 09h00 \u00e0s 17h30, de segunda-feira a s\u00e1bado, para o publico em geral, e entre as 09h00 e as 12h30, de segunda a sexta-feira, para as escolas, as atividades realizadas permitem ao participante identificar atitudes e comportamentos de risco rodovi\u00e1rio, assim como, perigos na via p\u00fablica e de utilizar de forma consciente os sistemas de prote\u00e7\u00e3o individuais de seguran\u00e7a. Em s\u00edntese, estas atividades permitem a aquisi\u00e7\u00e3o de conhecimentos para uma cultura de seguran\u00e7a e preven\u00e7\u00e3o rodovi\u00e1ria.<\/p>\n\n\n\n<p>Relativamente \u00e0s atividades a realizar com as escolas, a mesmas ser\u00e3o divididas em duas partes, uma te\u00f3rica e outra pr\u00e1tica. Esta divis\u00e3o permite aos alunos colocarem em pr\u00e1tica os ensinamentos te\u00f3ricos, facilitando assim, a assimila\u00e7\u00e3o e motiva\u00e7\u00e3o para a pr\u00e1tica dos comportamentos desejados.&nbsp;<\/p>\n\n\n\n<p>A aprendizagem das crian\u00e7as e jovens ocorre a partir da observa\u00e7\u00e3o e imita\u00e7\u00e3o comportamental, sendo a fam\u00edlia e todos os adultos que os rodeiam os grandes modelos de assimila\u00e7\u00e3o. torna-se necess\u00e1rio reconhecer a import\u00e2ncia dos comportamentos que as pessoas significativas para as crian\u00e7as e jovens transmitem diariamente, uma vez que influenciam o comportamento c\u00edvico.<\/p>\n\n\n\n<p>A reabertura da Escola de Tr\u00e2nsito tem sido um sucesso, com muitas visitas e atividades desenvolvidas com turmas do concelho e com muitas outras marca\u00e7\u00f5es, que tem feito as delicias de mi\u00fados e gra\u00fados. Desta forma foi dado uma nova vida a este importante equipamento municipal.<\/p>\n\n\n\n<p>As marca\u00e7\u00f5es para grupos-turma poder\u00e3o ser realizadas atrav\u00e9s do Servi\u00e7o de Educa\u00e7\u00e3o e a utiliza\u00e7\u00e3o, por parte da popula\u00e7\u00e3o em geral, poder\u00e1 ser realizada, sem marca\u00e7\u00e3o pr\u00e9via, sendo que, se forem crian\u00e7as, ter\u00e3o de estar acompanhadas por um adulto.&nbsp;<\/p>\n","protected":false},"excerpt":{"rendered":"<p>O Munic\u00edpio de Lagoa reabriu, no passado dia 23 de abril, as portas da Escola de Tr\u00e2nsito de Lagoa com<\/p>\n","protected":false},"author":1,"featured_media":8594,"comment_status":"closed","ping_status":"open","sticky":false,"template":"","format":"standard","meta":{"colormag_page_container_layout":"default_layout","colormag_page_sidebar_layout":"default_layout","_monsterinsights_skip_tracking":false,"_monsterinsights_sitenote_active":false,"_monsterinsights_sitenote_note":"","_monsterinsights_sitenote_category":0,"jetpack_post_was_ever_published":false,"_jetpack_newsletter_access":"","_jetpack_dont_email_post_to_subs":false,"_jetpack_newsletter_tier_id":0,"_jetpack_memberships_contains_paywalled_content":false,"_jetpack_memberships_contains_paid_content":false,"footnotes":"","jetpack_publicize_message":"","jetpack_publicize_feature_enabled":true,"jetpack_social_post_already_shared":true,"jetpack_social_options":{"image_generator_settings":{"template":"highway","default_image_id":0,"font":"","enabled":false},"version":2}},"categories":[93],"tags":[36,74,48],"class_list":["post-8593","post","type-post","status-publish","format-standard","has-post-thumbnail","hentry","category-educacao","tag-algarve","tag-educacao","tag-lagoa"],"yoast_head":"<!-- This site is optimized with the Yoast SEO plugin v27.5 - https:\/\/yoast.com\/product\/yoast-seo-wordpress\/ -->\n<title>Escola de tr\u00e2nsito reabre em Lagoa - Algarve 7<\/title>\n<meta name=\"description\" content=\"Escola de tr\u00e2nsito reabre em Lagoa Educa\u00e7\u00e3o\" \/>\n<meta name=\"robots\" content=\"index, follow, max-snippet:-1, max-image-preview:large, max-video-preview:-1\" \/>\n<link rel=\"canonical\" href=\"https:\/\/algarve7.pt\/index.php\/2021\/05\/escola-de-transito-reabre-em-lagoa\/educacao\/07\/37\/\" \/>\n<meta property=\"og:locale\" content=\"pt_PT\" \/>\n<meta property=\"og:type\" content=\"article\" \/>\n<meta property=\"og:title\" content=\"Escola de tr\u00e2nsito reabre em Lagoa - Algarve 7\" \/>\n<meta property=\"og:description\" content=\"Escola de tr\u00e2nsito reabre em Lagoa Educa\u00e7\u00e3o\" \/>\n<meta property=\"og:url\" content=\"https:\/\/algarve7.pt\/index.php\/2021\/05\/escola-de-transito-reabre-em-lagoa\/educacao\/07\/37\/\" \/>\n<meta property=\"og:site_name\" content=\"Algarve 7\" \/>\n<meta property=\"article:publisher\" content=\"https:\/\/www.facebook.com\/algarve7\" \/>\n<meta property=\"article:author\" content=\"https:\/\/www.facebook.com\/algarve7\" \/>\n<meta property=\"article:published_time\" content=\"2021-05-20T06:37:17+00:00\" \/>\n<meta property=\"article:modified_time\" content=\"2021-05-20T06:37:30+00:00\" \/>\n<meta property=\"og:image\" content=\"https:\/\/algarve7.pt\/wp-content\/uploads\/2021\/05\/d.jpg\" \/>\n\t<meta property=\"og:image:width\" content=\"1920\" \/>\n\t<meta property=\"og:image:height\" content=\"1280\" \/>\n\t<meta property=\"og:image:type\" content=\"image\/jpeg\" \/>\n<meta name=\"author\" content=\"Algarve 7\" \/>\n<meta name=\"twitter:card\" content=\"summary_large_image\" \/>\n<meta name=\"twitter:creator\" content=\"@Algarvesete\" \/>\n<meta name=\"twitter:site\" content=\"@Algarvesete\" \/>\n<meta name=\"twitter:label1\" content=\"Escrito por\" \/>\n\t<meta name=\"twitter:data1\" content=\"Algarve 7\" \/>\n\t<meta name=\"twitter:label2\" content=\"Tempo estimado de leitura\" \/>\n\t<meta name=\"twitter:data2\" content=\"2 minutos\" \/>\n<script type=\"application\/ld+json\" class=\"yoast-schema-graph\">{\"@context\":\"https:\\\/\\\/schema.org\",\"@graph\":[{\"@type\":\"Article\",\"@id\":\"https:\\\/\\\/algarve7.pt\\\/index.php\\\/2021\\\/05\\\/escola-de-transito-reabre-em-lagoa\\\/educacao\\\/07\\\/37\\\/#article\",\"isPartOf\":{\"@id\":\"https:\\\/\\\/algarve7.pt\\\/index.php\\\/2021\\\/05\\\/escola-de-transito-reabre-em-lagoa\\\/educacao\\\/07\\\/37\\\/\"},\"author\":{\"name\":\"Algarve 7\",\"@id\":\"https:\\\/\\\/algarve7.pt\\\/#\\\/schema\\\/person\\\/23fa70681308e7b319a3204bcea45e0c\"},\"headline\":\"Escola de tr\u00e2nsito reabre em Lagoa\",\"datePublished\":\"2021-05-20T06:37:17+00:00\",\"dateModified\":\"2021-05-20T06:37:30+00:00\",\"mainEntityOfPage\":{\"@id\":\"https:\\\/\\\/algarve7.pt\\\/index.php\\\/2021\\\/05\\\/escola-de-transito-reabre-em-lagoa\\\/educacao\\\/07\\\/37\\\/\"},\"wordCount\":381,\"publisher\":{\"@id\":\"https:\\\/\\\/algarve7.pt\\\/#organization\"},\"image\":{\"@id\":\"https:\\\/\\\/algarve7.pt\\\/index.php\\\/2021\\\/05\\\/escola-de-transito-reabre-em-lagoa\\\/educacao\\\/07\\\/37\\\/#primaryimage\"},\"thumbnailUrl\":\"https:\\\/\\\/algarve7.pt\\\/wp-content\\\/uploads\\\/2021\\\/05\\\/d.jpg\",\"keywords\":[\"Algarve\",\"Educa\u00e7\u00e3o\",\"Lagoa\"],\"articleSection\":[\"Educa\u00e7\u00e3o\"],\"inLanguage\":\"pt-PT\"},{\"@type\":\"WebPage\",\"@id\":\"https:\\\/\\\/algarve7.pt\\\/index.php\\\/2021\\\/05\\\/escola-de-transito-reabre-em-lagoa\\\/educacao\\\/07\\\/37\\\/\",\"url\":\"https:\\\/\\\/algarve7.pt\\\/index.php\\\/2021\\\/05\\\/escola-de-transito-reabre-em-lagoa\\\/educacao\\\/07\\\/37\\\/\",\"name\":\"Escola de tr\u00e2nsito reabre em Lagoa - Algarve 7\",\"isPartOf\":{\"@id\":\"https:\\\/\\\/algarve7.pt\\\/#website\"},\"primaryImageOfPage\":{\"@id\":\"https:\\\/\\\/algarve7.pt\\\/index.php\\\/2021\\\/05\\\/escola-de-transito-reabre-em-lagoa\\\/educacao\\\/07\\\/37\\\/#primaryimage\"},\"image\":{\"@id\":\"https:\\\/\\\/algarve7.pt\\\/index.php\\\/2021\\\/05\\\/escola-de-transito-reabre-em-lagoa\\\/educacao\\\/07\\\/37\\\/#primaryimage\"},\"thumbnailUrl\":\"https:\\\/\\\/algarve7.pt\\\/wp-content\\\/uploads\\\/2021\\\/05\\\/d.jpg\",\"datePublished\":\"2021-05-20T06:37:17+00:00\",\"dateModified\":\"2021-05-20T06:37:30+00:00\",\"description\":\"Escola de tr\u00e2nsito reabre em Lagoa Educa\u00e7\u00e3o\",\"breadcrumb\":{\"@id\":\"https:\\\/\\\/algarve7.pt\\\/index.php\\\/2021\\\/05\\\/escola-de-transito-reabre-em-lagoa\\\/educacao\\\/07\\\/37\\\/#breadcrumb\"},\"inLanguage\":\"pt-PT\",\"potentialAction\":[{\"@type\":\"ReadAction\",\"target\":[\"https:\\\/\\\/algarve7.pt\\\/index.php\\\/2021\\\/05\\\/escola-de-transito-reabre-em-lagoa\\\/educacao\\\/07\\\/37\\\/\"]}]},{\"@type\":\"ImageObject\",\"inLanguage\":\"pt-PT\",\"@id\":\"https:\\\/\\\/algarve7.pt\\\/index.php\\\/2021\\\/05\\\/escola-de-transito-reabre-em-lagoa\\\/educacao\\\/07\\\/37\\\/#primaryimage\",\"url\":\"https:\\\/\\\/algarve7.pt\\\/wp-content\\\/uploads\\\/2021\\\/05\\\/d.jpg\",\"contentUrl\":\"https:\\\/\\\/algarve7.pt\\\/wp-content\\\/uploads\\\/2021\\\/05\\\/d.jpg\",\"width\":1920,\"height\":1280},{\"@type\":\"BreadcrumbList\",\"@id\":\"https:\\\/\\\/algarve7.pt\\\/index.php\\\/2021\\\/05\\\/escola-de-transito-reabre-em-lagoa\\\/educacao\\\/07\\\/37\\\/#breadcrumb\",\"itemListElement\":[{\"@type\":\"ListItem\",\"position\":1,\"name\":\"In\u00edcio\",\"item\":\"https:\\\/\\\/algarve7.pt\\\/\"},{\"@type\":\"ListItem\",\"position\":2,\"name\":\"Escola de tr\u00e2nsito reabre em Lagoa\"}]},{\"@type\":\"WebSite\",\"@id\":\"https:\\\/\\\/algarve7.pt\\\/#website\",\"url\":\"https:\\\/\\\/algarve7.pt\\\/\",\"name\":\"Algarve 7\",\"description\":\"Informa\u00e7\u00e3o sobre o Algarve\",\"publisher\":{\"@id\":\"https:\\\/\\\/algarve7.pt\\\/#organization\"},\"potentialAction\":[{\"@type\":\"SearchAction\",\"target\":{\"@type\":\"EntryPoint\",\"urlTemplate\":\"https:\\\/\\\/algarve7.pt\\\/?s={search_term_string}\"},\"query-input\":{\"@type\":\"PropertyValueSpecification\",\"valueRequired\":true,\"valueName\":\"search_term_string\"}}],\"inLanguage\":\"pt-PT\"},{\"@type\":\"Organization\",\"@id\":\"https:\\\/\\\/algarve7.pt\\\/#organization\",\"name\":\"Algarve 7\",\"url\":\"https:\\\/\\\/algarve7.pt\\\/\",\"logo\":{\"@type\":\"ImageObject\",\"inLanguage\":\"pt-PT\",\"@id\":\"https:\\\/\\\/algarve7.pt\\\/#\\\/schema\\\/logo\\\/image\\\/\",\"url\":\"https:\\\/\\\/algarve7.pt\\\/wp-content\\\/uploads\\\/2020\\\/10\\\/Logo-8.jpg\",\"contentUrl\":\"https:\\\/\\\/algarve7.pt\\\/wp-content\\\/uploads\\\/2020\\\/10\\\/Logo-8.jpg\",\"width\":1680,\"height\":1186,\"caption\":\"Algarve 7\"},\"image\":{\"@id\":\"https:\\\/\\\/algarve7.pt\\\/#\\\/schema\\\/logo\\\/image\\\/\"},\"sameAs\":[\"https:\\\/\\\/www.facebook.com\\\/algarve7\",\"https:\\\/\\\/x.com\\\/Algarvesete\",\"https:\\\/\\\/www.instagram.com\\\/jornalalgarve7\\\/\",\"https:\\\/\\\/www.linkedin.com\\\/company\\\/algarve7\",\"https:\\\/\\\/www.pinterest.pt\\\/geral0939\\\/_created\\\/\"]},{\"@type\":\"Person\",\"@id\":\"https:\\\/\\\/algarve7.pt\\\/#\\\/schema\\\/person\\\/23fa70681308e7b319a3204bcea45e0c\",\"name\":\"Algarve 7\",\"sameAs\":[\"https:\\\/\\\/algarve7.pt\",\"https:\\\/\\\/www.facebook.com\\\/algarve7\"],\"url\":\"https:\\\/\\\/algarve7.pt\\\/index.php\\\/author\\\/geralalgarve7-pt\\\/\"}]}<\/script>\n<!-- \/ Yoast SEO plugin. -->","yoast_head_json":{"title":"Escola de tr\u00e2nsito reabre em Lagoa - Algarve 7","description":"Escola de tr\u00e2nsito reabre em Lagoa Educa\u00e7\u00e3o","robots":{"index":"index","follow":"follow","max-snippet":"max-snippet:-1","max-image-preview":"max-image-preview:large","max-video-preview":"max-video-preview:-1"},"canonical":"https:\/\/algarve7.pt\/index.php\/2021\/05\/escola-de-transito-reabre-em-lagoa\/educacao\/07\/37\/","og_locale":"pt_PT","og_type":"article","og_title":"Escola de tr\u00e2nsito reabre em Lagoa - Algarve 7","og_description":"Escola de tr\u00e2nsito reabre em Lagoa Educa\u00e7\u00e3o","og_url":"https:\/\/algarve7.pt\/index.php\/2021\/05\/escola-de-transito-reabre-em-lagoa\/educacao\/07\/37\/","og_site_name":"Algarve 7","article_publisher":"https:\/\/www.facebook.com\/algarve7","article_author":"https:\/\/www.facebook.com\/algarve7","article_published_time":"2021-05-20T06:37:17+00:00","article_modified_time":"2021-05-20T06:37:30+00:00","og_image":[{"width":1920,"height":1280,"url":"https:\/\/algarve7.pt\/wp-content\/uploads\/2021\/05\/d.jpg","type":"image\/jpeg"}],"author":"Algarve 7","twitter_card":"summary_large_image","twitter_creator":"@Algarvesete","twitter_site":"@Algarvesete","twitter_misc":{"Escrito por":"Algarve 7","Tempo estimado de leitura":"2 minutos"},"schema":{"@context":"https:\/\/schema.org","@graph":[{"@type":"Article","@id":"https:\/\/algarve7.pt\/index.php\/2021\/05\/escola-de-transito-reabre-em-lagoa\/educacao\/07\/37\/#article","isPartOf":{"@id":"https:\/\/algarve7.pt\/index.php\/2021\/05\/escola-de-transito-reabre-em-lagoa\/educacao\/07\/37\/"},"author":{"name":"Algarve 7","@id":"https:\/\/algarve7.pt\/#\/schema\/person\/23fa70681308e7b319a3204bcea45e0c"},"headline":"Escola de tr\u00e2nsito reabre em Lagoa","datePublished":"2021-05-20T06:37:17+00:00","dateModified":"2021-05-20T06:37:30+00:00","mainEntityOfPage":{"@id":"https:\/\/algarve7.pt\/index.php\/2021\/05\/escola-de-transito-reabre-em-lagoa\/educacao\/07\/37\/"},"wordCount":381,"publisher":{"@id":"https:\/\/algarve7.pt\/#organization"},"image":{"@id":"https:\/\/algarve7.pt\/index.php\/2021\/05\/escola-de-transito-reabre-em-lagoa\/educacao\/07\/37\/#primaryimage"},"thumbnailUrl":"https:\/\/algarve7.pt\/wp-content\/uploads\/2021\/05\/d.jpg","keywords":["Algarve","Educa\u00e7\u00e3o","Lagoa"],"articleSection":["Educa\u00e7\u00e3o"],"inLanguage":"pt-PT"},{"@type":"WebPage","@id":"https:\/\/algarve7.pt\/index.php\/2021\/05\/escola-de-transito-reabre-em-lagoa\/educacao\/07\/37\/","url":"https:\/\/algarve7.pt\/index.php\/2021\/05\/escola-de-transito-reabre-em-lagoa\/educacao\/07\/37\/","name":"Escola de tr\u00e2nsito reabre em Lagoa - Algarve 7","isPartOf":{"@id":"https:\/\/algarve7.pt\/#website"},"primaryImageOfPage":{"@id":"https:\/\/algarve7.pt\/index.php\/2021\/05\/escola-de-transito-reabre-em-lagoa\/educacao\/07\/37\/#primaryimage"},"image":{"@id":"https:\/\/algarve7.pt\/index.php\/2021\/05\/escola-de-transito-reabre-em-lagoa\/educacao\/07\/37\/#primaryimage"},"thumbnailUrl":"https:\/\/algarve7.pt\/wp-content\/uploads\/2021\/05\/d.jpg","datePublished":"2021-05-20T06:37:17+00:00","dateModified":"2021-05-20T06:37:30+00:00","description":"Escola de tr\u00e2nsito reabre em Lagoa Educa\u00e7\u00e3o","breadcrumb":{"@id":"https:\/\/algarve7.pt\/index.php\/2021\/05\/escola-de-transito-reabre-em-lagoa\/educacao\/07\/37\/#breadcrumb"},"inLanguage":"pt-PT","potentialAction":[{"@type":"ReadAction","target":["https:\/\/algarve7.pt\/index.php\/2021\/05\/escola-de-transito-reabre-em-lagoa\/educacao\/07\/37\/"]}]},{"@type":"ImageObject","inLanguage":"pt-PT","@id":"https:\/\/algarve7.pt\/index.php\/2021\/05\/escola-de-transito-reabre-em-lagoa\/educacao\/07\/37\/#primaryimage","url":"https:\/\/algarve7.pt\/wp-content\/uploads\/2021\/05\/d.jpg","contentUrl":"https:\/\/algarve7.pt\/wp-content\/uploads\/2021\/05\/d.jpg","width":1920,"height":1280},{"@type":"BreadcrumbList","@id":"https:\/\/algarve7.pt\/index.php\/2021\/05\/escola-de-transito-reabre-em-lagoa\/educacao\/07\/37\/#breadcrumb","itemListElement":[{"@type":"ListItem","position":1,"name":"In\u00edcio","item":"https:\/\/algarve7.pt\/"},{"@type":"ListItem","position":2,"name":"Escola de tr\u00e2nsito reabre em Lagoa"}]},{"@type":"WebSite","@id":"https:\/\/algarve7.pt\/#website","url":"https:\/\/algarve7.pt\/","name":"Algarve 7","description":"Informa\u00e7\u00e3o sobre o Algarve","publisher":{"@id":"https:\/\/algarve7.pt\/#organization"},"potentialAction":[{"@type":"SearchAction","target":{"@type":"EntryPoint","urlTemplate":"https:\/\/algarve7.pt\/?s={search_term_string}"},"query-input":{"@type":"PropertyValueSpecification","valueRequired":true,"valueName":"search_term_string"}}],"inLanguage":"pt-PT"},{"@type":"Organization","@id":"https:\/\/algarve7.pt\/#organization","name":"Algarve 7","url":"https:\/\/algarve7.pt\/","logo":{"@type":"ImageObject","inLanguage":"pt-PT","@id":"https:\/\/algarve7.pt\/#\/schema\/logo\/image\/","url":"https:\/\/algarve7.pt\/wp-content\/uploads\/2020\/10\/Logo-8.jpg","contentUrl":"https:\/\/algarve7.pt\/wp-content\/uploads\/2020\/10\/Logo-8.jpg","width":1680,"height":1186,"caption":"Algarve 7"},"image":{"@id":"https:\/\/algarve7.pt\/#\/schema\/logo\/image\/"},"sameAs":["https:\/\/www.facebook.com\/algarve7","https:\/\/x.com\/Algarvesete","https:\/\/www.instagram.com\/jornalalgarve7\/","https:\/\/www.linkedin.com\/company\/algarve7","https:\/\/www.pinterest.pt\/geral0939\/_created\/"]},{"@type":"Person","@id":"https:\/\/algarve7.pt\/#\/schema\/person\/23fa70681308e7b319a3204bcea45e0c","name":"Algarve 7","sameAs":["https:\/\/algarve7.pt","https:\/\/www.facebook.com\/algarve7"],"url":"https:\/\/algarve7.pt\/index.php\/author\/geralalgarve7-pt\/"}]}},"jetpack_publicize_connections":[],"jetpack_featured_media_url":"https:\/\/algarve7.pt\/wp-content\/uploads\/2021\/05\/d.jpg","jetpack_shortlink":"https:\/\/wp.me\/pcezmW-2eB","jetpack_sharing_enabled":true,"_links":{"self":[{"href":"https:\/\/algarve7.pt\/index.php\/wp-json\/wp\/v2\/posts\/8593","targetHints":{"allow":["GET"]}}],"collection":[{"href":"https:\/\/algarve7.pt\/index.php\/wp-json\/wp\/v2\/posts"}],"about":[{"href":"https:\/\/algarve7.pt\/index.php\/wp-json\/wp\/v2\/types\/post"}],"author":[{"embeddable":true,"href":"https:\/\/algarve7.pt\/index.php\/wp-json\/wp\/v2\/users\/1"}],"replies":[{"embeddable":true,"href":"https:\/\/algarve7.pt\/index.php\/wp-json\/wp\/v2\/comments?post=8593"}],"version-history":[{"count":0,"href":"https:\/\/algarve7.pt\/index.php\/wp-json\/wp\/v2\/posts\/8593\/revisions"}],"wp:featuredmedia":[{"embeddable":true,"href":"https:\/\/algarve7.pt\/index.php\/wp-json\/wp\/v2\/media\/8594"}],"wp:attachment":[{"href":"https:\/\/algarve7.pt\/index.php\/wp-json\/wp\/v2\/media?parent=8593"}],"wp:term":[{"taxonomy":"category","embeddable":true,"href":"https:\/\/algarve7.pt\/index.php\/wp-json\/wp\/v2\/categories?post=8593"},{"taxonomy":"post_tag","embeddable":true,"href":"https:\/\/algarve7.pt\/index.php\/wp-json\/wp\/v2\/tags?post=8593"}],"curies":[{"name":"wp","href":"https:\/\/api.w.org\/{rel}","templated":true}]}}