{"id":8485,"date":"2021-05-17T14:20:00","date_gmt":"2021-05-17T13:20:00","guid":{"rendered":"https:\/\/algarve7.pt\/?p=8485"},"modified":"2021-05-17T13:11:38","modified_gmt":"2021-05-17T12:11:38","slug":"lidia-jorge-recebe-premio-cronica-e-dispersos-literarios-ape-cml","status":"publish","type":"post","link":"https:\/\/algarve7.pt\/index.php\/2021\/05\/lidia-jorge-recebe-premio-cronica-e-dispersos-literarios-ape-cml\/cultura\/14\/20\/","title":{"rendered":"L\u00eddia Jorge recebe pr\u00e9mio cr\u00f3nica e dispersos liter\u00e1rios APE\/CML"},"content":{"rendered":"\n<p>L\u00eddia Jorge recebeu a 15 de maio o Grande Pr\u00e9mio de Cr\u00f3nica e Dispersos Liter\u00e1rios Associa\u00e7\u00e3o Portuguesa de Escritores\/C\u00e2mara Municipal de Loul\u00e9 que este ano distinguiu a obra \u201cEm Todos Sentidos\u201d.<\/p>\n\n\n\n<p>Numa cerim\u00f3nia que decorreu na Sala da Assembleia Municipal de Loul\u00e9, no encerramento do programa comemorativo da Semana do Munic\u00edpio de Loul\u00e9, foi com como\u00e7\u00e3o que a escritora, natural de Boliqueime, veio ao concelho que a viu nascer para ser distinguida por mais um trabalho que figura na sua vasta obra, reconhecida nacional e internacionalmente: \u201cN\u00e3o \u00e9 explic\u00e1vel a emo\u00e7\u00e3o que sinto por receber, neste momento e nesta cidade, este pr\u00e9mio!\u201d.<\/p>\n\n\n\n<p>\u201cEm Todos os Sentidos\u201d nasceu do convite lan\u00e7ado \u00e0 autora pelo diretor da Antena 2, Jo\u00e3o Almeida, para escrever cr\u00f3nicas, pessoais e n\u00e3o demasiadamente ligadas a acontecimentos, que pudessem ser lidas pela pr\u00f3pria nesta r\u00e1dio p\u00fablica. Durante o ano de 2019, semanalmente, L\u00eddia Jorge deu voz aos textos, num ambiente criado tamb\u00e9m pelo som do trompete de Chet Baker em \u201cAlmost Blue\u201d. Em 2020, ano em que \u201cO Dia dos Prod\u00edgios\u201d assinalava o seu 40\u00ba anivers\u00e1rio, preferiu a autora que \u201cem vez de uma edi\u00e7\u00e3o de capa rica dessa obra, se fizesse antes um livro novo de capa pobre\u201d. E \u00e9 assim que surge \u201cEm Todos os Sentidos\u201d, com essas 41 cr\u00f3nicas radiof\u00f3nicas transpostas para o papel, reunidas nesta obra premiada.<\/p>\n\n\n\n<p>Com explicou Carina Infante do Carmo, que ao lado&nbsp;Jos\u00e9 Carlos Seabra Pereira e Jos\u00e9 Moutinho integrou o j\u00fari do pr\u00e9mio, nesta obra L\u00eddia Jorge \u201cteoriza a forma da cr\u00f3nica a partir da sua experi\u00eancia de contista\u201d. Aqui temos \u201ca&nbsp;fragmentariedade prec\u00e1ria da escrita cronista e a m\u00e3o segura que escreve e conduz com arg\u00facia o pensamento a um lugar iluminado\u201d.<\/p>\n\n\n\n<p>Cr\u00f3nica, um g\u00e9nero muitas vezes considerado menor pela sua brevidade e hibridez, elementos aos quais a pr\u00f3pria autora faz uma alus\u00e3o nesta obra: \u201cPelo que a cr\u00f3nica n\u00e3o constitui um g\u00e9nero, \u00e9 apenas uma esp\u00e9cie de homenagem ao deus que faz escorregar os gr\u00e3os de areia, mirando-nos de soslaio. Como n\u00e3o podemos vencer o Tempo, escrevemos textos que o desafiam a que chamamos cr\u00f3nicas\u201d. Um g\u00e9nero que, segundo a premiada, ao lado do conto e do poema, \u201cs\u00e3o hoje os modelos liter\u00e1rios que melhor se inserem no fluxo da comunica\u00e7\u00e3o do nosso presente e, por isso, as formas que mais facilmente se popularizam entre os leitores\u201d.<\/p>\n\n\n\n<p>S\u00e3o v\u00e1rias as tem\u00e1ticas abordadas nestas p\u00e1ginas, \u201ca for\u00e7a do Positivismo do in\u00edcio deste s\u00e9culo, do horizonte sem limites da astrof\u00edsica, o poder avassalador do universo digital, a ecologia, sobretudo quando disforme, o animalismo quando caricato, a arte da pol\u00edtica quando defende o sagrado ego\u00edsmo das na\u00e7\u00f5es e o nacionalismo que se transforma em vicio redutor\u201d. Temas como \u201ctribalismo, racismo e a necessidade de um novo feminismo\u201d est\u00e3o tamb\u00e9m presentes.&nbsp;<\/p>\n\n\n\n<p>E se \u00e9 o mundo, os lugares por onde viajou e as pessoas que foi encontrando que aqui est\u00e3o, a sua terra natal e as suas gentes tamb\u00e9m fazem parte de \u201cEm Todos os Sentidos\u201d.<\/p>\n\n\n\n<p>\u201c\u00c9 um livro que tem muito da zona, que projeta muito aquilo que \u00e9 a paisagem, os problemas da pr\u00f3pria terra, mas sobretudo o meu amor pela terra\u201d, frisou L\u00eddia Jorge. As paisagens algarvias, as mem\u00f3rias de alguns h\u00e1bitos do passado, Loul\u00e9 e a vida noturna dos seus jovens, \u201ccom os seus sonhos e fugas imagin\u00e1rias\u201d ou personagens como Maria In\u00e1cia, uma defensora inabal\u00e1vel do \u00f3rg\u00e3o da Igreja de Boliqueime, transportam o leitor para as ra\u00edzes da escritora.&nbsp;<\/p>\n\n\n\n<p>Refira-se que L\u00eddia Jorge passa agora a integrar a lista de consagrados escritores que j\u00e1 conquistaram o Grande Pr\u00e9mio de Cr\u00f3nica e Dispersos Liter\u00e1rios Associa\u00e7\u00e3o Portuguesa de Escritores\/C\u00e2mara Municipal de Loul\u00e9, entre os quais est\u00e3o Jos\u00e9 Tolentino Mendon\u00e7a, com \u201cQue coisa s\u00e3o as nuvens\u201d, em 2016, Rui Cardoso Martins, com \u201cLevante-se o R\u00e9u\u201d, em 2017, M\u00e1rio Cl\u00e1udio, com \u201cA Alma Vagueante\u201d, em 2018, Pedro Mexia, com \u201cL\u00e1 Fora\u201d, em 2019, e&nbsp;M\u00e1rio de Carvalho, com&nbsp;\u201cO que eu ouvi na barrica das ma\u00e7\u00e3s\u201d, em 2020.&nbsp;<\/p>\n\n\n\n<p>Um pr\u00e9mio que tem crescido e que, como real\u00e7ou o presidente da Associa\u00e7\u00e3o Portuguesa de Escritores, Jos\u00e9 Manuel Mendes, \u201cconsolidou o prest\u00edgio junto de todos aqueles que constituem o arquip\u00e9lago das letras\u201d. \u201cDesde a primeira hora em que ele nasceu, que se afirmou como preenchendo um lugar fundamental. E de ent\u00e3o para c\u00e1 tem vindo a comprovar-se a todos os n\u00edveis a sua import\u00e2ncia. H\u00e1 um maior n\u00famero de livros de cr\u00f3nicas a sa\u00edrem, h\u00e1 autores de livros de cr\u00f3nicas que veem, de edi\u00e7\u00e3o para edi\u00e7\u00e3o, os seus livros a chegar \u00e0s m\u00e3os dos leitores\u201d, disse.<\/p>\n\n\n\n<p>Uma opini\u00e3o partilhada pelo parceiro neste projeto, o autarca V\u00edtor Aleixo, que real\u00e7ou o facto de o prest\u00edgio dos vencedores deste galard\u00e3o ter contribu\u00eddo tamb\u00e9m para elevar o nome do concelho.<\/p>\n\n\n\n<p>A pol\u00edtica de apoio ao livro e \u00e0 literatura tem estado na agenda do Munic\u00edpio de Loul\u00e9, atrav\u00e9s de uma s\u00e9rie de a\u00e7\u00f5es que V\u00edtor Aleixo enunciou nesta sess\u00e3o: a publica\u00e7\u00e3o e apoio \u00e0 edi\u00e7\u00e3o de mais de uma centena de livros nos \u00faltimos sete anos e que figuraram recentemente numa exposi\u00e7\u00e3o na Biblioteca Municipal; a publica\u00e7\u00e3o do \u201cCancioneiro Popular do Concelho de Loul\u00e9\u201d, que d\u00e1 voz aos poetas populares; a celebra\u00e7\u00e3o do Dia da L\u00edngua Portuguesa com o lan\u00e7amento de uma antologia po\u00e9tica compilada pelo escritor Ant\u00f3nio Carlos Cortez; a publica\u00e7\u00e3o da obra po\u00e9tica n\u00e3o editada de Casimiro de Brito; a reedi\u00e7\u00e3o da revista \u201cPrisma de Cristal\u201d (em&nbsp;<em>fac-simile<\/em>), aquele que foi um suplemento do jornal \u201cA Voz de Loul\u00e9\u201d e um marco do movimento da poesia contempor\u00e2nea.<\/p>\n\n\n\n<p>O autarca deixou ainda palavras de agradecimento \u00e0 vencedora do pr\u00e9mio pelo papel que tem tido ao elevar a sua terra: \u201cMulher implicada, com um pensamento claro e acutilante sobre o nosso tempo, uma humanista, uma livre pensadora, uma pessoa que nos inspira a ser melhores e nos coloca a pensar e a refletir sobre o que fazemos, como fazemos e para que fazemos. Pelo que \u00e9 e porque com a sua a\u00e7\u00e3o liter\u00e1ria tem levado o nome de Loul\u00e9 ao mundo, sendo conhecida e reconhecida pela sua escrita, colocando, assim, Loul\u00e9 no mapa do ber\u00e7o dos grandes escritores mundiais\u201d.<\/p>\n","protected":false},"excerpt":{"rendered":"<p>L\u00eddia Jorge recebeu a 15 de maio o Grande Pr\u00e9mio de Cr\u00f3nica e Dispersos Liter\u00e1rios Associa\u00e7\u00e3o Portuguesa de Escritores\/C\u00e2mara Municipal<\/p>\n","protected":false},"author":1,"featured_media":8486,"comment_status":"closed","ping_status":"open","sticky":false,"template":"","format":"standard","meta":{"colormag_page_container_layout":"default_layout","colormag_page_sidebar_layout":"default_layout","_monsterinsights_skip_tracking":false,"_monsterinsights_sitenote_active":false,"_monsterinsights_sitenote_note":"","_monsterinsights_sitenote_category":0,"jetpack_post_was_ever_published":false,"_jetpack_newsletter_access":"","_jetpack_dont_email_post_to_subs":false,"_jetpack_newsletter_tier_id":0,"_jetpack_memberships_contains_paywalled_content":false,"_jetpack_memberships_contains_paid_content":false,"footnotes":"","jetpack_publicize_message":"","jetpack_publicize_feature_enabled":true,"jetpack_social_post_already_shared":true,"jetpack_social_options":{"image_generator_settings":{"template":"highway","default_image_id":0,"font":"","enabled":false},"version":2}},"categories":[14],"tags":[36,35,201,31,80],"class_list":["post-8485","post","type-post","status-publish","format-standard","has-post-thumbnail","hentry","category-cultura","tag-algarve","tag-cultura","tag-livros","tag-loule","tag-premio"],"yoast_head":"<!-- This site is optimized with the Yoast SEO plugin v27.4 - https:\/\/yoast.com\/product\/yoast-seo-wordpress\/ -->\n<title>L\u00eddia Jorge recebe pr\u00e9mio cr\u00f3nica e dispersos liter\u00e1rios APE\/CML - Algarve 7<\/title>\n<meta name=\"description\" content=\"L\u00eddia Jorge recebe pr\u00e9mio cr\u00f3nica e dispersos liter\u00e1rios APE\/CML Cultura\" \/>\n<meta name=\"robots\" content=\"index, follow, max-snippet:-1, max-image-preview:large, max-video-preview:-1\" \/>\n<link rel=\"canonical\" href=\"https:\/\/algarve7.pt\/index.php\/2021\/05\/lidia-jorge-recebe-premio-cronica-e-dispersos-literarios-ape-cml\/cultura\/14\/20\/\" \/>\n<meta property=\"og:locale\" content=\"pt_PT\" \/>\n<meta property=\"og:type\" content=\"article\" \/>\n<meta property=\"og:title\" content=\"L\u00eddia Jorge recebe pr\u00e9mio cr\u00f3nica e dispersos liter\u00e1rios APE\/CML - Algarve 7\" \/>\n<meta property=\"og:description\" content=\"L\u00eddia Jorge recebe pr\u00e9mio cr\u00f3nica e dispersos liter\u00e1rios APE\/CML Cultura\" \/>\n<meta property=\"og:url\" content=\"https:\/\/algarve7.pt\/index.php\/2021\/05\/lidia-jorge-recebe-premio-cronica-e-dispersos-literarios-ape-cml\/cultura\/14\/20\/\" \/>\n<meta property=\"og:site_name\" content=\"Algarve 7\" \/>\n<meta property=\"article:publisher\" content=\"https:\/\/www.facebook.com\/algarve7\" \/>\n<meta property=\"article:author\" content=\"https:\/\/www.facebook.com\/algarve7\" \/>\n<meta property=\"article:published_time\" content=\"2021-05-17T13:20:00+00:00\" \/>\n<meta property=\"og:image\" content=\"https:\/\/algarve7.pt\/wp-content\/uploads\/2021\/05\/Grande-Premio-Literario-Lidia.jpg\" \/>\n\t<meta property=\"og:image:width\" content=\"1920\" \/>\n\t<meta property=\"og:image:height\" content=\"1261\" \/>\n\t<meta property=\"og:image:type\" content=\"image\/jpeg\" \/>\n<meta name=\"author\" content=\"Algarve 7\" \/>\n<meta name=\"twitter:card\" content=\"summary_large_image\" \/>\n<meta name=\"twitter:creator\" content=\"@Algarvesete\" \/>\n<meta name=\"twitter:site\" content=\"@Algarvesete\" \/>\n<meta name=\"twitter:label1\" content=\"Escrito por\" \/>\n\t<meta name=\"twitter:data1\" content=\"Algarve 7\" \/>\n\t<meta name=\"twitter:label2\" content=\"Tempo estimado de leitura\" \/>\n\t<meta name=\"twitter:data2\" content=\"5 minutos\" \/>\n<script type=\"application\/ld+json\" class=\"yoast-schema-graph\">{\"@context\":\"https:\\\/\\\/schema.org\",\"@graph\":[{\"@type\":\"Article\",\"@id\":\"https:\\\/\\\/algarve7.pt\\\/index.php\\\/2021\\\/05\\\/lidia-jorge-recebe-premio-cronica-e-dispersos-literarios-ape-cml\\\/cultura\\\/14\\\/20\\\/#article\",\"isPartOf\":{\"@id\":\"https:\\\/\\\/algarve7.pt\\\/index.php\\\/2021\\\/05\\\/lidia-jorge-recebe-premio-cronica-e-dispersos-literarios-ape-cml\\\/cultura\\\/14\\\/20\\\/\"},\"author\":{\"name\":\"Algarve 7\",\"@id\":\"https:\\\/\\\/algarve7.pt\\\/#\\\/schema\\\/person\\\/23fa70681308e7b319a3204bcea45e0c\"},\"headline\":\"L\u00eddia Jorge recebe pr\u00e9mio cr\u00f3nica e dispersos liter\u00e1rios APE\\\/CML\",\"datePublished\":\"2021-05-17T13:20:00+00:00\",\"mainEntityOfPage\":{\"@id\":\"https:\\\/\\\/algarve7.pt\\\/index.php\\\/2021\\\/05\\\/lidia-jorge-recebe-premio-cronica-e-dispersos-literarios-ape-cml\\\/cultura\\\/14\\\/20\\\/\"},\"wordCount\":1151,\"publisher\":{\"@id\":\"https:\\\/\\\/algarve7.pt\\\/#organization\"},\"image\":{\"@id\":\"https:\\\/\\\/algarve7.pt\\\/index.php\\\/2021\\\/05\\\/lidia-jorge-recebe-premio-cronica-e-dispersos-literarios-ape-cml\\\/cultura\\\/14\\\/20\\\/#primaryimage\"},\"thumbnailUrl\":\"https:\\\/\\\/algarve7.pt\\\/wp-content\\\/uploads\\\/2021\\\/05\\\/Grande-Premio-Literario-Lidia.jpg\",\"keywords\":[\"Algarve\",\"Cultura\",\"Livros\",\"Loul\u00e9\",\"Pr\u00e9mio\"],\"articleSection\":[\"Cultura\"],\"inLanguage\":\"pt-PT\"},{\"@type\":\"WebPage\",\"@id\":\"https:\\\/\\\/algarve7.pt\\\/index.php\\\/2021\\\/05\\\/lidia-jorge-recebe-premio-cronica-e-dispersos-literarios-ape-cml\\\/cultura\\\/14\\\/20\\\/\",\"url\":\"https:\\\/\\\/algarve7.pt\\\/index.php\\\/2021\\\/05\\\/lidia-jorge-recebe-premio-cronica-e-dispersos-literarios-ape-cml\\\/cultura\\\/14\\\/20\\\/\",\"name\":\"L\u00eddia Jorge recebe pr\u00e9mio cr\u00f3nica e dispersos liter\u00e1rios APE\\\/CML - Algarve 7\",\"isPartOf\":{\"@id\":\"https:\\\/\\\/algarve7.pt\\\/#website\"},\"primaryImageOfPage\":{\"@id\":\"https:\\\/\\\/algarve7.pt\\\/index.php\\\/2021\\\/05\\\/lidia-jorge-recebe-premio-cronica-e-dispersos-literarios-ape-cml\\\/cultura\\\/14\\\/20\\\/#primaryimage\"},\"image\":{\"@id\":\"https:\\\/\\\/algarve7.pt\\\/index.php\\\/2021\\\/05\\\/lidia-jorge-recebe-premio-cronica-e-dispersos-literarios-ape-cml\\\/cultura\\\/14\\\/20\\\/#primaryimage\"},\"thumbnailUrl\":\"https:\\\/\\\/algarve7.pt\\\/wp-content\\\/uploads\\\/2021\\\/05\\\/Grande-Premio-Literario-Lidia.jpg\",\"datePublished\":\"2021-05-17T13:20:00+00:00\",\"description\":\"L\u00eddia Jorge recebe pr\u00e9mio cr\u00f3nica e dispersos liter\u00e1rios APE\\\/CML Cultura\",\"breadcrumb\":{\"@id\":\"https:\\\/\\\/algarve7.pt\\\/index.php\\\/2021\\\/05\\\/lidia-jorge-recebe-premio-cronica-e-dispersos-literarios-ape-cml\\\/cultura\\\/14\\\/20\\\/#breadcrumb\"},\"inLanguage\":\"pt-PT\",\"potentialAction\":[{\"@type\":\"ReadAction\",\"target\":[\"https:\\\/\\\/algarve7.pt\\\/index.php\\\/2021\\\/05\\\/lidia-jorge-recebe-premio-cronica-e-dispersos-literarios-ape-cml\\\/cultura\\\/14\\\/20\\\/\"]}]},{\"@type\":\"ImageObject\",\"inLanguage\":\"pt-PT\",\"@id\":\"https:\\\/\\\/algarve7.pt\\\/index.php\\\/2021\\\/05\\\/lidia-jorge-recebe-premio-cronica-e-dispersos-literarios-ape-cml\\\/cultura\\\/14\\\/20\\\/#primaryimage\",\"url\":\"https:\\\/\\\/algarve7.pt\\\/wp-content\\\/uploads\\\/2021\\\/05\\\/Grande-Premio-Literario-Lidia.jpg\",\"contentUrl\":\"https:\\\/\\\/algarve7.pt\\\/wp-content\\\/uploads\\\/2021\\\/05\\\/Grande-Premio-Literario-Lidia.jpg\",\"width\":1920,\"height\":1261},{\"@type\":\"BreadcrumbList\",\"@id\":\"https:\\\/\\\/algarve7.pt\\\/index.php\\\/2021\\\/05\\\/lidia-jorge-recebe-premio-cronica-e-dispersos-literarios-ape-cml\\\/cultura\\\/14\\\/20\\\/#breadcrumb\",\"itemListElement\":[{\"@type\":\"ListItem\",\"position\":1,\"name\":\"In\u00edcio\",\"item\":\"https:\\\/\\\/algarve7.pt\\\/\"},{\"@type\":\"ListItem\",\"position\":2,\"name\":\"L\u00eddia Jorge recebe pr\u00e9mio cr\u00f3nica e dispersos liter\u00e1rios APE\\\/CML\"}]},{\"@type\":\"WebSite\",\"@id\":\"https:\\\/\\\/algarve7.pt\\\/#website\",\"url\":\"https:\\\/\\\/algarve7.pt\\\/\",\"name\":\"Algarve 7\",\"description\":\"Informa\u00e7\u00e3o sobre o Algarve\",\"publisher\":{\"@id\":\"https:\\\/\\\/algarve7.pt\\\/#organization\"},\"potentialAction\":[{\"@type\":\"SearchAction\",\"target\":{\"@type\":\"EntryPoint\",\"urlTemplate\":\"https:\\\/\\\/algarve7.pt\\\/?s={search_term_string}\"},\"query-input\":{\"@type\":\"PropertyValueSpecification\",\"valueRequired\":true,\"valueName\":\"search_term_string\"}}],\"inLanguage\":\"pt-PT\"},{\"@type\":\"Organization\",\"@id\":\"https:\\\/\\\/algarve7.pt\\\/#organization\",\"name\":\"Algarve 7\",\"url\":\"https:\\\/\\\/algarve7.pt\\\/\",\"logo\":{\"@type\":\"ImageObject\",\"inLanguage\":\"pt-PT\",\"@id\":\"https:\\\/\\\/algarve7.pt\\\/#\\\/schema\\\/logo\\\/image\\\/\",\"url\":\"https:\\\/\\\/algarve7.pt\\\/wp-content\\\/uploads\\\/2020\\\/10\\\/Logo-8.jpg\",\"contentUrl\":\"https:\\\/\\\/algarve7.pt\\\/wp-content\\\/uploads\\\/2020\\\/10\\\/Logo-8.jpg\",\"width\":1680,\"height\":1186,\"caption\":\"Algarve 7\"},\"image\":{\"@id\":\"https:\\\/\\\/algarve7.pt\\\/#\\\/schema\\\/logo\\\/image\\\/\"},\"sameAs\":[\"https:\\\/\\\/www.facebook.com\\\/algarve7\",\"https:\\\/\\\/x.com\\\/Algarvesete\",\"https:\\\/\\\/www.instagram.com\\\/jornalalgarve7\\\/\",\"https:\\\/\\\/www.linkedin.com\\\/company\\\/algarve7\",\"https:\\\/\\\/www.pinterest.pt\\\/geral0939\\\/_created\\\/\"]},{\"@type\":\"Person\",\"@id\":\"https:\\\/\\\/algarve7.pt\\\/#\\\/schema\\\/person\\\/23fa70681308e7b319a3204bcea45e0c\",\"name\":\"Algarve 7\",\"sameAs\":[\"https:\\\/\\\/algarve7.pt\",\"https:\\\/\\\/www.facebook.com\\\/algarve7\"],\"url\":\"https:\\\/\\\/algarve7.pt\\\/index.php\\\/author\\\/geralalgarve7-pt\\\/\"}]}<\/script>\n<!-- \/ Yoast SEO plugin. -->","yoast_head_json":{"title":"L\u00eddia Jorge recebe pr\u00e9mio cr\u00f3nica e dispersos liter\u00e1rios APE\/CML - Algarve 7","description":"L\u00eddia Jorge recebe pr\u00e9mio cr\u00f3nica e dispersos liter\u00e1rios APE\/CML Cultura","robots":{"index":"index","follow":"follow","max-snippet":"max-snippet:-1","max-image-preview":"max-image-preview:large","max-video-preview":"max-video-preview:-1"},"canonical":"https:\/\/algarve7.pt\/index.php\/2021\/05\/lidia-jorge-recebe-premio-cronica-e-dispersos-literarios-ape-cml\/cultura\/14\/20\/","og_locale":"pt_PT","og_type":"article","og_title":"L\u00eddia Jorge recebe pr\u00e9mio cr\u00f3nica e dispersos liter\u00e1rios APE\/CML - Algarve 7","og_description":"L\u00eddia Jorge recebe pr\u00e9mio cr\u00f3nica e dispersos liter\u00e1rios APE\/CML Cultura","og_url":"https:\/\/algarve7.pt\/index.php\/2021\/05\/lidia-jorge-recebe-premio-cronica-e-dispersos-literarios-ape-cml\/cultura\/14\/20\/","og_site_name":"Algarve 7","article_publisher":"https:\/\/www.facebook.com\/algarve7","article_author":"https:\/\/www.facebook.com\/algarve7","article_published_time":"2021-05-17T13:20:00+00:00","og_image":[{"width":1920,"height":1261,"url":"https:\/\/algarve7.pt\/wp-content\/uploads\/2021\/05\/Grande-Premio-Literario-Lidia.jpg","type":"image\/jpeg"}],"author":"Algarve 7","twitter_card":"summary_large_image","twitter_creator":"@Algarvesete","twitter_site":"@Algarvesete","twitter_misc":{"Escrito por":"Algarve 7","Tempo estimado de leitura":"5 minutos"},"schema":{"@context":"https:\/\/schema.org","@graph":[{"@type":"Article","@id":"https:\/\/algarve7.pt\/index.php\/2021\/05\/lidia-jorge-recebe-premio-cronica-e-dispersos-literarios-ape-cml\/cultura\/14\/20\/#article","isPartOf":{"@id":"https:\/\/algarve7.pt\/index.php\/2021\/05\/lidia-jorge-recebe-premio-cronica-e-dispersos-literarios-ape-cml\/cultura\/14\/20\/"},"author":{"name":"Algarve 7","@id":"https:\/\/algarve7.pt\/#\/schema\/person\/23fa70681308e7b319a3204bcea45e0c"},"headline":"L\u00eddia Jorge recebe pr\u00e9mio cr\u00f3nica e dispersos liter\u00e1rios APE\/CML","datePublished":"2021-05-17T13:20:00+00:00","mainEntityOfPage":{"@id":"https:\/\/algarve7.pt\/index.php\/2021\/05\/lidia-jorge-recebe-premio-cronica-e-dispersos-literarios-ape-cml\/cultura\/14\/20\/"},"wordCount":1151,"publisher":{"@id":"https:\/\/algarve7.pt\/#organization"},"image":{"@id":"https:\/\/algarve7.pt\/index.php\/2021\/05\/lidia-jorge-recebe-premio-cronica-e-dispersos-literarios-ape-cml\/cultura\/14\/20\/#primaryimage"},"thumbnailUrl":"https:\/\/algarve7.pt\/wp-content\/uploads\/2021\/05\/Grande-Premio-Literario-Lidia.jpg","keywords":["Algarve","Cultura","Livros","Loul\u00e9","Pr\u00e9mio"],"articleSection":["Cultura"],"inLanguage":"pt-PT"},{"@type":"WebPage","@id":"https:\/\/algarve7.pt\/index.php\/2021\/05\/lidia-jorge-recebe-premio-cronica-e-dispersos-literarios-ape-cml\/cultura\/14\/20\/","url":"https:\/\/algarve7.pt\/index.php\/2021\/05\/lidia-jorge-recebe-premio-cronica-e-dispersos-literarios-ape-cml\/cultura\/14\/20\/","name":"L\u00eddia Jorge recebe pr\u00e9mio cr\u00f3nica e dispersos liter\u00e1rios APE\/CML - Algarve 7","isPartOf":{"@id":"https:\/\/algarve7.pt\/#website"},"primaryImageOfPage":{"@id":"https:\/\/algarve7.pt\/index.php\/2021\/05\/lidia-jorge-recebe-premio-cronica-e-dispersos-literarios-ape-cml\/cultura\/14\/20\/#primaryimage"},"image":{"@id":"https:\/\/algarve7.pt\/index.php\/2021\/05\/lidia-jorge-recebe-premio-cronica-e-dispersos-literarios-ape-cml\/cultura\/14\/20\/#primaryimage"},"thumbnailUrl":"https:\/\/algarve7.pt\/wp-content\/uploads\/2021\/05\/Grande-Premio-Literario-Lidia.jpg","datePublished":"2021-05-17T13:20:00+00:00","description":"L\u00eddia Jorge recebe pr\u00e9mio cr\u00f3nica e dispersos liter\u00e1rios APE\/CML Cultura","breadcrumb":{"@id":"https:\/\/algarve7.pt\/index.php\/2021\/05\/lidia-jorge-recebe-premio-cronica-e-dispersos-literarios-ape-cml\/cultura\/14\/20\/#breadcrumb"},"inLanguage":"pt-PT","potentialAction":[{"@type":"ReadAction","target":["https:\/\/algarve7.pt\/index.php\/2021\/05\/lidia-jorge-recebe-premio-cronica-e-dispersos-literarios-ape-cml\/cultura\/14\/20\/"]}]},{"@type":"ImageObject","inLanguage":"pt-PT","@id":"https:\/\/algarve7.pt\/index.php\/2021\/05\/lidia-jorge-recebe-premio-cronica-e-dispersos-literarios-ape-cml\/cultura\/14\/20\/#primaryimage","url":"https:\/\/algarve7.pt\/wp-content\/uploads\/2021\/05\/Grande-Premio-Literario-Lidia.jpg","contentUrl":"https:\/\/algarve7.pt\/wp-content\/uploads\/2021\/05\/Grande-Premio-Literario-Lidia.jpg","width":1920,"height":1261},{"@type":"BreadcrumbList","@id":"https:\/\/algarve7.pt\/index.php\/2021\/05\/lidia-jorge-recebe-premio-cronica-e-dispersos-literarios-ape-cml\/cultura\/14\/20\/#breadcrumb","itemListElement":[{"@type":"ListItem","position":1,"name":"In\u00edcio","item":"https:\/\/algarve7.pt\/"},{"@type":"ListItem","position":2,"name":"L\u00eddia Jorge recebe pr\u00e9mio cr\u00f3nica e dispersos liter\u00e1rios APE\/CML"}]},{"@type":"WebSite","@id":"https:\/\/algarve7.pt\/#website","url":"https:\/\/algarve7.pt\/","name":"Algarve 7","description":"Informa\u00e7\u00e3o sobre o Algarve","publisher":{"@id":"https:\/\/algarve7.pt\/#organization"},"potentialAction":[{"@type":"SearchAction","target":{"@type":"EntryPoint","urlTemplate":"https:\/\/algarve7.pt\/?s={search_term_string}"},"query-input":{"@type":"PropertyValueSpecification","valueRequired":true,"valueName":"search_term_string"}}],"inLanguage":"pt-PT"},{"@type":"Organization","@id":"https:\/\/algarve7.pt\/#organization","name":"Algarve 7","url":"https:\/\/algarve7.pt\/","logo":{"@type":"ImageObject","inLanguage":"pt-PT","@id":"https:\/\/algarve7.pt\/#\/schema\/logo\/image\/","url":"https:\/\/algarve7.pt\/wp-content\/uploads\/2020\/10\/Logo-8.jpg","contentUrl":"https:\/\/algarve7.pt\/wp-content\/uploads\/2020\/10\/Logo-8.jpg","width":1680,"height":1186,"caption":"Algarve 7"},"image":{"@id":"https:\/\/algarve7.pt\/#\/schema\/logo\/image\/"},"sameAs":["https:\/\/www.facebook.com\/algarve7","https:\/\/x.com\/Algarvesete","https:\/\/www.instagram.com\/jornalalgarve7\/","https:\/\/www.linkedin.com\/company\/algarve7","https:\/\/www.pinterest.pt\/geral0939\/_created\/"]},{"@type":"Person","@id":"https:\/\/algarve7.pt\/#\/schema\/person\/23fa70681308e7b319a3204bcea45e0c","name":"Algarve 7","sameAs":["https:\/\/algarve7.pt","https:\/\/www.facebook.com\/algarve7"],"url":"https:\/\/algarve7.pt\/index.php\/author\/geralalgarve7-pt\/"}]}},"jetpack_publicize_connections":[],"jetpack_featured_media_url":"https:\/\/algarve7.pt\/wp-content\/uploads\/2021\/05\/Grande-Premio-Literario-Lidia.jpg","jetpack_shortlink":"https:\/\/wp.me\/pcezmW-2cR","jetpack_sharing_enabled":true,"_links":{"self":[{"href":"https:\/\/algarve7.pt\/index.php\/wp-json\/wp\/v2\/posts\/8485","targetHints":{"allow":["GET"]}}],"collection":[{"href":"https:\/\/algarve7.pt\/index.php\/wp-json\/wp\/v2\/posts"}],"about":[{"href":"https:\/\/algarve7.pt\/index.php\/wp-json\/wp\/v2\/types\/post"}],"author":[{"embeddable":true,"href":"https:\/\/algarve7.pt\/index.php\/wp-json\/wp\/v2\/users\/1"}],"replies":[{"embeddable":true,"href":"https:\/\/algarve7.pt\/index.php\/wp-json\/wp\/v2\/comments?post=8485"}],"version-history":[{"count":0,"href":"https:\/\/algarve7.pt\/index.php\/wp-json\/wp\/v2\/posts\/8485\/revisions"}],"wp:featuredmedia":[{"embeddable":true,"href":"https:\/\/algarve7.pt\/index.php\/wp-json\/wp\/v2\/media\/8486"}],"wp:attachment":[{"href":"https:\/\/algarve7.pt\/index.php\/wp-json\/wp\/v2\/media?parent=8485"}],"wp:term":[{"taxonomy":"category","embeddable":true,"href":"https:\/\/algarve7.pt\/index.php\/wp-json\/wp\/v2\/categories?post=8485"},{"taxonomy":"post_tag","embeddable":true,"href":"https:\/\/algarve7.pt\/index.php\/wp-json\/wp\/v2\/tags?post=8485"}],"curies":[{"name":"wp","href":"https:\/\/api.w.org\/{rel}","templated":true}]}}