{"id":8460,"date":"2021-05-15T19:33:12","date_gmt":"2021-05-15T18:33:12","guid":{"rendered":"https:\/\/algarve7.pt\/?p=8460"},"modified":"2021-05-15T19:33:17","modified_gmt":"2021-05-15T18:33:17","slug":"portugal-da-os-primeiros-passos-na-construcao-do-plano-de-acao-do-envelhecimento-ativo-e-saudavel","status":"publish","type":"post","link":"https:\/\/algarve7.pt\/index.php\/2021\/05\/portugal-da-os-primeiros-passos-na-construcao-do-plano-de-acao-do-envelhecimento-ativo-e-saudavel\/saude\/19\/33\/","title":{"rendered":"Portugal d\u00e1 os primeiros passos na constru\u00e7\u00e3o do Plano de A\u00e7\u00e3o do Envelhecimento Ativo e Saud\u00e1vel"},"content":{"rendered":"\n<p>O envelhecimento dever\u00e1 atingir 1 em cada 5 indiv\u00edduos no mundo em 2030 e 1 em cada 4 em 2050. Mas ser\u00e1 que viver mais anos significa viver com qualidade de vida? Estar\u00e3o os pa\u00edses preparados para dar resposta a uma vida mais longa, que se quer saud\u00e1vel?<\/p>\n\n\n\n<p>Portugal, de acordo com dados da ONU de 2019, apresenta o 4\u00ba maior ratio de depend\u00eancia associada \u00e0 popula\u00e7\u00e3o envelhecida: 39%. Um n\u00famero que se estima subir para 71% em 2050. Quanto ao n\u00famero de anos de vida saud\u00e1vel ap\u00f3s os 65, Portugal est\u00e1 abaixo da m\u00e9dia europeia. Se na Europa, em m\u00e9dia, os homens t\u00eam uma vida saud\u00e1vel at\u00e9 aos 73,4 anos e as mulheres at\u00e9 aos 73,2 anos, em Portugal estes n\u00fameros s\u00e3o de 71,6 anos e de 70,4 anos, respetivamente. J\u00e1 na Dinamarca, pelo contr\u00e1rio, os homens t\u00eam uma vida saud\u00e1vel at\u00e9 aos 78 anos e as mulheres at\u00e9 aos 79.<\/p>\n\n\n\n<p>Para responder a este desafio, Portugal est\u00e1 a desenvolver um Plano de A\u00e7\u00e3o do Envelhecimento Ativo e Saud\u00e1vel que se vai concretizar num conjunto de medidas a adotar na pr\u00f3xima d\u00e9cada e que visam aumentar o n\u00famero de anos com qualidade de vida da popula\u00e7\u00e3o portuguesa. Nesse sentido, decorre, nos pr\u00f3ximos dias 16 e 17 de maio, a primeira reuni\u00e3o que junta os 4 Centros de Refer\u00eancia do Envelhecimento Ativo e Saud\u00e1vel do pa\u00eds: Porto4Ageing, Ageing@Coimbra, Lisboa AHA e Algarve Active Ageing.&nbsp;<\/p>\n\n\n\n<p>O encontro decorre em Vilamoura e abordar\u00e1 tem\u00e1ticas como a transforma\u00e7\u00e3o digital, sa\u00fade e bem-estar, estrat\u00e9gias de emprego e reformas para uma popula\u00e7\u00e3o a envelhecer, adapta\u00e7\u00e3o de apoios sociais, relacionamento intergeracional, adapta\u00e7\u00e3o das habita\u00e7\u00f5es ou acessibilidades e transportes.\u00a0As conclus\u00f5es da reuni\u00e3o s\u00e3o apresentadas na segunda-feira, dia 17, pelas 9horas, \u00e0 Ministra do Trabalho Solidariedade e Seguran\u00e7a Social, Ana Mendes Godinho, no Hotel Dom Pedro, em Vilamoura. <\/p>\n\n\n\n<p>O encontro \u00e9 organizado pelo Algarve Biomedical Center (ABC), que integra o Algarve Active Ageing. A escolha de Vilamoura prende-se com o facto de ser a cidade que vai ver nascer o ABC Loul\u00e9 Active Life. Um projeto de 21 milh\u00f5es de euros do qual vai fazer parte o Centro de Apoio ao Envelhecimento Ativo e Qualidade de Vida.<\/p>\n\n\n\n<p>De salientar que foram aprovadas, no \u00e2mbito da Presid\u00eancia Portuguesa da Uni\u00e3o Europeia, as conclus\u00f5es sobre a inclus\u00e3o do envelhecimento nas pol\u00edticas p\u00fablicas dos Estados-membros da Uni\u00e3o Europeia, tendo tamb\u00e9m terminado a consulta p\u00fablica do Livro Verde sobre o Envelhecimento da Comiss\u00e3o Europeia.<\/p>\n","protected":false},"excerpt":{"rendered":"<p>O envelhecimento dever\u00e1 atingir 1 em cada 5 indiv\u00edduos no mundo em 2030 e 1 em cada 4 em 2050.<\/p>\n","protected":false},"author":1,"featured_media":3526,"comment_status":"closed","ping_status":"open","sticky":false,"template":"","format":"standard","meta":{"colormag_page_container_layout":"default_layout","colormag_page_sidebar_layout":"default_layout","_monsterinsights_skip_tracking":false,"_monsterinsights_sitenote_active":false,"_monsterinsights_sitenote_note":"","_monsterinsights_sitenote_category":0,"jetpack_post_was_ever_published":false,"_jetpack_newsletter_access":"","_jetpack_dont_email_post_to_subs":false,"_jetpack_newsletter_tier_id":0,"_jetpack_memberships_contains_paywalled_content":false,"_jetpack_memberships_contains_paid_content":false,"footnotes":"","jetpack_publicize_message":"","jetpack_publicize_feature_enabled":true,"jetpack_social_post_already_shared":true,"jetpack_social_options":{"image_generator_settings":{"template":"highway","default_image_id":0,"font":"","enabled":false},"version":2}},"categories":[59],"tags":[98,46,58],"class_list":["post-8460","post","type-post","status-publish","format-standard","has-post-thumbnail","hentry","category-saude","tag-nacional","tag-portugal","tag-saude"],"yoast_head":"<!-- This site is optimized with the Yoast SEO plugin v27.4 - https:\/\/yoast.com\/product\/yoast-seo-wordpress\/ -->\n<title>Portugal d\u00e1 os primeiros passos na constru\u00e7\u00e3o do Plano de A\u00e7\u00e3o do Envelhecimento Ativo e Saud\u00e1vel - Algarve 7<\/title>\n<meta name=\"description\" content=\"Portugal d\u00e1 os primeiros passos na constru\u00e7\u00e3o do Plano de A\u00e7\u00e3o do Envelhecimento Ativo e Saud\u00e1vel Sa\u00fade\" \/>\n<meta name=\"robots\" content=\"index, follow, max-snippet:-1, max-image-preview:large, max-video-preview:-1\" \/>\n<link rel=\"canonical\" href=\"https:\/\/algarve7.pt\/index.php\/2021\/05\/portugal-da-os-primeiros-passos-na-construcao-do-plano-de-acao-do-envelhecimento-ativo-e-saudavel\/saude\/19\/33\/\" \/>\n<meta property=\"og:locale\" content=\"pt_PT\" \/>\n<meta property=\"og:type\" content=\"article\" \/>\n<meta property=\"og:title\" content=\"Portugal d\u00e1 os primeiros passos na constru\u00e7\u00e3o do Plano de A\u00e7\u00e3o do Envelhecimento Ativo e Saud\u00e1vel - Algarve 7\" \/>\n<meta property=\"og:description\" content=\"Portugal d\u00e1 os primeiros passos na constru\u00e7\u00e3o do Plano de A\u00e7\u00e3o do Envelhecimento Ativo e Saud\u00e1vel Sa\u00fade\" \/>\n<meta property=\"og:url\" content=\"https:\/\/algarve7.pt\/index.php\/2021\/05\/portugal-da-os-primeiros-passos-na-construcao-do-plano-de-acao-do-envelhecimento-ativo-e-saudavel\/saude\/19\/33\/\" \/>\n<meta property=\"og:site_name\" content=\"Algarve 7\" \/>\n<meta property=\"article:publisher\" content=\"https:\/\/www.facebook.com\/algarve7\" \/>\n<meta property=\"article:author\" content=\"https:\/\/www.facebook.com\/algarve7\" \/>\n<meta property=\"article:published_time\" content=\"2021-05-15T18:33:12+00:00\" \/>\n<meta property=\"article:modified_time\" content=\"2021-05-15T18:33:17+00:00\" \/>\n<meta property=\"og:image\" content=\"https:\/\/algarve7.pt\/wp-content\/uploads\/2020\/11\/img1132332797ABClogo.jpg\" \/>\n\t<meta property=\"og:image:width\" content=\"884\" \/>\n\t<meta property=\"og:image:height\" content=\"544\" \/>\n\t<meta property=\"og:image:type\" content=\"image\/jpeg\" \/>\n<meta name=\"author\" content=\"Algarve 7\" \/>\n<meta name=\"twitter:card\" content=\"summary_large_image\" \/>\n<meta name=\"twitter:creator\" content=\"@Algarvesete\" \/>\n<meta name=\"twitter:site\" content=\"@Algarvesete\" \/>\n<meta name=\"twitter:label1\" content=\"Escrito por\" \/>\n\t<meta name=\"twitter:data1\" content=\"Algarve 7\" \/>\n\t<meta name=\"twitter:label2\" content=\"Tempo estimado de leitura\" \/>\n\t<meta name=\"twitter:data2\" content=\"2 minutos\" \/>\n<script type=\"application\/ld+json\" class=\"yoast-schema-graph\">{\"@context\":\"https:\\\/\\\/schema.org\",\"@graph\":[{\"@type\":\"Article\",\"@id\":\"https:\\\/\\\/algarve7.pt\\\/index.php\\\/2021\\\/05\\\/portugal-da-os-primeiros-passos-na-construcao-do-plano-de-acao-do-envelhecimento-ativo-e-saudavel\\\/saude\\\/19\\\/33\\\/#article\",\"isPartOf\":{\"@id\":\"https:\\\/\\\/algarve7.pt\\\/index.php\\\/2021\\\/05\\\/portugal-da-os-primeiros-passos-na-construcao-do-plano-de-acao-do-envelhecimento-ativo-e-saudavel\\\/saude\\\/19\\\/33\\\/\"},\"author\":{\"name\":\"Algarve 7\",\"@id\":\"https:\\\/\\\/algarve7.pt\\\/#\\\/schema\\\/person\\\/23fa70681308e7b319a3204bcea45e0c\"},\"headline\":\"Portugal d\u00e1 os primeiros passos na constru\u00e7\u00e3o do Plano de A\u00e7\u00e3o do Envelhecimento Ativo e Saud\u00e1vel\",\"datePublished\":\"2021-05-15T18:33:12+00:00\",\"dateModified\":\"2021-05-15T18:33:17+00:00\",\"mainEntityOfPage\":{\"@id\":\"https:\\\/\\\/algarve7.pt\\\/index.php\\\/2021\\\/05\\\/portugal-da-os-primeiros-passos-na-construcao-do-plano-de-acao-do-envelhecimento-ativo-e-saudavel\\\/saude\\\/19\\\/33\\\/\"},\"wordCount\":452,\"publisher\":{\"@id\":\"https:\\\/\\\/algarve7.pt\\\/#organization\"},\"image\":{\"@id\":\"https:\\\/\\\/algarve7.pt\\\/index.php\\\/2021\\\/05\\\/portugal-da-os-primeiros-passos-na-construcao-do-plano-de-acao-do-envelhecimento-ativo-e-saudavel\\\/saude\\\/19\\\/33\\\/#primaryimage\"},\"thumbnailUrl\":\"https:\\\/\\\/algarve7.pt\\\/wp-content\\\/uploads\\\/2020\\\/11\\\/img1132332797ABClogo.jpg\",\"keywords\":[\"Nacional\",\"Portugal\",\"Sa\u00fade\"],\"articleSection\":[\"Sa\u00fade\"],\"inLanguage\":\"pt-PT\"},{\"@type\":\"WebPage\",\"@id\":\"https:\\\/\\\/algarve7.pt\\\/index.php\\\/2021\\\/05\\\/portugal-da-os-primeiros-passos-na-construcao-do-plano-de-acao-do-envelhecimento-ativo-e-saudavel\\\/saude\\\/19\\\/33\\\/\",\"url\":\"https:\\\/\\\/algarve7.pt\\\/index.php\\\/2021\\\/05\\\/portugal-da-os-primeiros-passos-na-construcao-do-plano-de-acao-do-envelhecimento-ativo-e-saudavel\\\/saude\\\/19\\\/33\\\/\",\"name\":\"Portugal d\u00e1 os primeiros passos na constru\u00e7\u00e3o do Plano de A\u00e7\u00e3o do Envelhecimento Ativo e Saud\u00e1vel - Algarve 7\",\"isPartOf\":{\"@id\":\"https:\\\/\\\/algarve7.pt\\\/#website\"},\"primaryImageOfPage\":{\"@id\":\"https:\\\/\\\/algarve7.pt\\\/index.php\\\/2021\\\/05\\\/portugal-da-os-primeiros-passos-na-construcao-do-plano-de-acao-do-envelhecimento-ativo-e-saudavel\\\/saude\\\/19\\\/33\\\/#primaryimage\"},\"image\":{\"@id\":\"https:\\\/\\\/algarve7.pt\\\/index.php\\\/2021\\\/05\\\/portugal-da-os-primeiros-passos-na-construcao-do-plano-de-acao-do-envelhecimento-ativo-e-saudavel\\\/saude\\\/19\\\/33\\\/#primaryimage\"},\"thumbnailUrl\":\"https:\\\/\\\/algarve7.pt\\\/wp-content\\\/uploads\\\/2020\\\/11\\\/img1132332797ABClogo.jpg\",\"datePublished\":\"2021-05-15T18:33:12+00:00\",\"dateModified\":\"2021-05-15T18:33:17+00:00\",\"description\":\"Portugal d\u00e1 os primeiros passos na constru\u00e7\u00e3o do Plano de A\u00e7\u00e3o do Envelhecimento Ativo e Saud\u00e1vel Sa\u00fade\",\"breadcrumb\":{\"@id\":\"https:\\\/\\\/algarve7.pt\\\/index.php\\\/2021\\\/05\\\/portugal-da-os-primeiros-passos-na-construcao-do-plano-de-acao-do-envelhecimento-ativo-e-saudavel\\\/saude\\\/19\\\/33\\\/#breadcrumb\"},\"inLanguage\":\"pt-PT\",\"potentialAction\":[{\"@type\":\"ReadAction\",\"target\":[\"https:\\\/\\\/algarve7.pt\\\/index.php\\\/2021\\\/05\\\/portugal-da-os-primeiros-passos-na-construcao-do-plano-de-acao-do-envelhecimento-ativo-e-saudavel\\\/saude\\\/19\\\/33\\\/\"]}]},{\"@type\":\"ImageObject\",\"inLanguage\":\"pt-PT\",\"@id\":\"https:\\\/\\\/algarve7.pt\\\/index.php\\\/2021\\\/05\\\/portugal-da-os-primeiros-passos-na-construcao-do-plano-de-acao-do-envelhecimento-ativo-e-saudavel\\\/saude\\\/19\\\/33\\\/#primaryimage\",\"url\":\"https:\\\/\\\/algarve7.pt\\\/wp-content\\\/uploads\\\/2020\\\/11\\\/img1132332797ABClogo.jpg\",\"contentUrl\":\"https:\\\/\\\/algarve7.pt\\\/wp-content\\\/uploads\\\/2020\\\/11\\\/img1132332797ABClogo.jpg\",\"width\":884,\"height\":544},{\"@type\":\"BreadcrumbList\",\"@id\":\"https:\\\/\\\/algarve7.pt\\\/index.php\\\/2021\\\/05\\\/portugal-da-os-primeiros-passos-na-construcao-do-plano-de-acao-do-envelhecimento-ativo-e-saudavel\\\/saude\\\/19\\\/33\\\/#breadcrumb\",\"itemListElement\":[{\"@type\":\"ListItem\",\"position\":1,\"name\":\"In\u00edcio\",\"item\":\"https:\\\/\\\/algarve7.pt\\\/\"},{\"@type\":\"ListItem\",\"position\":2,\"name\":\"Portugal d\u00e1 os primeiros passos na constru\u00e7\u00e3o do Plano de A\u00e7\u00e3o do Envelhecimento Ativo e Saud\u00e1vel\"}]},{\"@type\":\"WebSite\",\"@id\":\"https:\\\/\\\/algarve7.pt\\\/#website\",\"url\":\"https:\\\/\\\/algarve7.pt\\\/\",\"name\":\"Algarve 7\",\"description\":\"Informa\u00e7\u00e3o sobre o Algarve\",\"publisher\":{\"@id\":\"https:\\\/\\\/algarve7.pt\\\/#organization\"},\"potentialAction\":[{\"@type\":\"SearchAction\",\"target\":{\"@type\":\"EntryPoint\",\"urlTemplate\":\"https:\\\/\\\/algarve7.pt\\\/?s={search_term_string}\"},\"query-input\":{\"@type\":\"PropertyValueSpecification\",\"valueRequired\":true,\"valueName\":\"search_term_string\"}}],\"inLanguage\":\"pt-PT\"},{\"@type\":\"Organization\",\"@id\":\"https:\\\/\\\/algarve7.pt\\\/#organization\",\"name\":\"Algarve 7\",\"url\":\"https:\\\/\\\/algarve7.pt\\\/\",\"logo\":{\"@type\":\"ImageObject\",\"inLanguage\":\"pt-PT\",\"@id\":\"https:\\\/\\\/algarve7.pt\\\/#\\\/schema\\\/logo\\\/image\\\/\",\"url\":\"https:\\\/\\\/algarve7.pt\\\/wp-content\\\/uploads\\\/2020\\\/10\\\/Logo-8.jpg\",\"contentUrl\":\"https:\\\/\\\/algarve7.pt\\\/wp-content\\\/uploads\\\/2020\\\/10\\\/Logo-8.jpg\",\"width\":1680,\"height\":1186,\"caption\":\"Algarve 7\"},\"image\":{\"@id\":\"https:\\\/\\\/algarve7.pt\\\/#\\\/schema\\\/logo\\\/image\\\/\"},\"sameAs\":[\"https:\\\/\\\/www.facebook.com\\\/algarve7\",\"https:\\\/\\\/x.com\\\/Algarvesete\",\"https:\\\/\\\/www.instagram.com\\\/jornalalgarve7\\\/\",\"https:\\\/\\\/www.linkedin.com\\\/company\\\/algarve7\",\"https:\\\/\\\/www.pinterest.pt\\\/geral0939\\\/_created\\\/\"]},{\"@type\":\"Person\",\"@id\":\"https:\\\/\\\/algarve7.pt\\\/#\\\/schema\\\/person\\\/23fa70681308e7b319a3204bcea45e0c\",\"name\":\"Algarve 7\",\"sameAs\":[\"https:\\\/\\\/algarve7.pt\",\"https:\\\/\\\/www.facebook.com\\\/algarve7\"],\"url\":\"https:\\\/\\\/algarve7.pt\\\/index.php\\\/author\\\/geralalgarve7-pt\\\/\"}]}<\/script>\n<!-- \/ Yoast SEO plugin. -->","yoast_head_json":{"title":"Portugal d\u00e1 os primeiros passos na constru\u00e7\u00e3o do Plano de A\u00e7\u00e3o do Envelhecimento Ativo e Saud\u00e1vel - Algarve 7","description":"Portugal d\u00e1 os primeiros passos na constru\u00e7\u00e3o do Plano de A\u00e7\u00e3o do Envelhecimento Ativo e Saud\u00e1vel Sa\u00fade","robots":{"index":"index","follow":"follow","max-snippet":"max-snippet:-1","max-image-preview":"max-image-preview:large","max-video-preview":"max-video-preview:-1"},"canonical":"https:\/\/algarve7.pt\/index.php\/2021\/05\/portugal-da-os-primeiros-passos-na-construcao-do-plano-de-acao-do-envelhecimento-ativo-e-saudavel\/saude\/19\/33\/","og_locale":"pt_PT","og_type":"article","og_title":"Portugal d\u00e1 os primeiros passos na constru\u00e7\u00e3o do Plano de A\u00e7\u00e3o do Envelhecimento Ativo e Saud\u00e1vel - Algarve 7","og_description":"Portugal d\u00e1 os primeiros passos na constru\u00e7\u00e3o do Plano de A\u00e7\u00e3o do Envelhecimento Ativo e Saud\u00e1vel Sa\u00fade","og_url":"https:\/\/algarve7.pt\/index.php\/2021\/05\/portugal-da-os-primeiros-passos-na-construcao-do-plano-de-acao-do-envelhecimento-ativo-e-saudavel\/saude\/19\/33\/","og_site_name":"Algarve 7","article_publisher":"https:\/\/www.facebook.com\/algarve7","article_author":"https:\/\/www.facebook.com\/algarve7","article_published_time":"2021-05-15T18:33:12+00:00","article_modified_time":"2021-05-15T18:33:17+00:00","og_image":[{"width":884,"height":544,"url":"https:\/\/algarve7.pt\/wp-content\/uploads\/2020\/11\/img1132332797ABClogo.jpg","type":"image\/jpeg"}],"author":"Algarve 7","twitter_card":"summary_large_image","twitter_creator":"@Algarvesete","twitter_site":"@Algarvesete","twitter_misc":{"Escrito por":"Algarve 7","Tempo estimado de leitura":"2 minutos"},"schema":{"@context":"https:\/\/schema.org","@graph":[{"@type":"Article","@id":"https:\/\/algarve7.pt\/index.php\/2021\/05\/portugal-da-os-primeiros-passos-na-construcao-do-plano-de-acao-do-envelhecimento-ativo-e-saudavel\/saude\/19\/33\/#article","isPartOf":{"@id":"https:\/\/algarve7.pt\/index.php\/2021\/05\/portugal-da-os-primeiros-passos-na-construcao-do-plano-de-acao-do-envelhecimento-ativo-e-saudavel\/saude\/19\/33\/"},"author":{"name":"Algarve 7","@id":"https:\/\/algarve7.pt\/#\/schema\/person\/23fa70681308e7b319a3204bcea45e0c"},"headline":"Portugal d\u00e1 os primeiros passos na constru\u00e7\u00e3o do Plano de A\u00e7\u00e3o do Envelhecimento Ativo e Saud\u00e1vel","datePublished":"2021-05-15T18:33:12+00:00","dateModified":"2021-05-15T18:33:17+00:00","mainEntityOfPage":{"@id":"https:\/\/algarve7.pt\/index.php\/2021\/05\/portugal-da-os-primeiros-passos-na-construcao-do-plano-de-acao-do-envelhecimento-ativo-e-saudavel\/saude\/19\/33\/"},"wordCount":452,"publisher":{"@id":"https:\/\/algarve7.pt\/#organization"},"image":{"@id":"https:\/\/algarve7.pt\/index.php\/2021\/05\/portugal-da-os-primeiros-passos-na-construcao-do-plano-de-acao-do-envelhecimento-ativo-e-saudavel\/saude\/19\/33\/#primaryimage"},"thumbnailUrl":"https:\/\/algarve7.pt\/wp-content\/uploads\/2020\/11\/img1132332797ABClogo.jpg","keywords":["Nacional","Portugal","Sa\u00fade"],"articleSection":["Sa\u00fade"],"inLanguage":"pt-PT"},{"@type":"WebPage","@id":"https:\/\/algarve7.pt\/index.php\/2021\/05\/portugal-da-os-primeiros-passos-na-construcao-do-plano-de-acao-do-envelhecimento-ativo-e-saudavel\/saude\/19\/33\/","url":"https:\/\/algarve7.pt\/index.php\/2021\/05\/portugal-da-os-primeiros-passos-na-construcao-do-plano-de-acao-do-envelhecimento-ativo-e-saudavel\/saude\/19\/33\/","name":"Portugal d\u00e1 os primeiros passos na constru\u00e7\u00e3o do Plano de A\u00e7\u00e3o do Envelhecimento Ativo e Saud\u00e1vel - Algarve 7","isPartOf":{"@id":"https:\/\/algarve7.pt\/#website"},"primaryImageOfPage":{"@id":"https:\/\/algarve7.pt\/index.php\/2021\/05\/portugal-da-os-primeiros-passos-na-construcao-do-plano-de-acao-do-envelhecimento-ativo-e-saudavel\/saude\/19\/33\/#primaryimage"},"image":{"@id":"https:\/\/algarve7.pt\/index.php\/2021\/05\/portugal-da-os-primeiros-passos-na-construcao-do-plano-de-acao-do-envelhecimento-ativo-e-saudavel\/saude\/19\/33\/#primaryimage"},"thumbnailUrl":"https:\/\/algarve7.pt\/wp-content\/uploads\/2020\/11\/img1132332797ABClogo.jpg","datePublished":"2021-05-15T18:33:12+00:00","dateModified":"2021-05-15T18:33:17+00:00","description":"Portugal d\u00e1 os primeiros passos na constru\u00e7\u00e3o do Plano de A\u00e7\u00e3o do Envelhecimento Ativo e Saud\u00e1vel Sa\u00fade","breadcrumb":{"@id":"https:\/\/algarve7.pt\/index.php\/2021\/05\/portugal-da-os-primeiros-passos-na-construcao-do-plano-de-acao-do-envelhecimento-ativo-e-saudavel\/saude\/19\/33\/#breadcrumb"},"inLanguage":"pt-PT","potentialAction":[{"@type":"ReadAction","target":["https:\/\/algarve7.pt\/index.php\/2021\/05\/portugal-da-os-primeiros-passos-na-construcao-do-plano-de-acao-do-envelhecimento-ativo-e-saudavel\/saude\/19\/33\/"]}]},{"@type":"ImageObject","inLanguage":"pt-PT","@id":"https:\/\/algarve7.pt\/index.php\/2021\/05\/portugal-da-os-primeiros-passos-na-construcao-do-plano-de-acao-do-envelhecimento-ativo-e-saudavel\/saude\/19\/33\/#primaryimage","url":"https:\/\/algarve7.pt\/wp-content\/uploads\/2020\/11\/img1132332797ABClogo.jpg","contentUrl":"https:\/\/algarve7.pt\/wp-content\/uploads\/2020\/11\/img1132332797ABClogo.jpg","width":884,"height":544},{"@type":"BreadcrumbList","@id":"https:\/\/algarve7.pt\/index.php\/2021\/05\/portugal-da-os-primeiros-passos-na-construcao-do-plano-de-acao-do-envelhecimento-ativo-e-saudavel\/saude\/19\/33\/#breadcrumb","itemListElement":[{"@type":"ListItem","position":1,"name":"In\u00edcio","item":"https:\/\/algarve7.pt\/"},{"@type":"ListItem","position":2,"name":"Portugal d\u00e1 os primeiros passos na constru\u00e7\u00e3o do Plano de A\u00e7\u00e3o do Envelhecimento Ativo e Saud\u00e1vel"}]},{"@type":"WebSite","@id":"https:\/\/algarve7.pt\/#website","url":"https:\/\/algarve7.pt\/","name":"Algarve 7","description":"Informa\u00e7\u00e3o sobre o Algarve","publisher":{"@id":"https:\/\/algarve7.pt\/#organization"},"potentialAction":[{"@type":"SearchAction","target":{"@type":"EntryPoint","urlTemplate":"https:\/\/algarve7.pt\/?s={search_term_string}"},"query-input":{"@type":"PropertyValueSpecification","valueRequired":true,"valueName":"search_term_string"}}],"inLanguage":"pt-PT"},{"@type":"Organization","@id":"https:\/\/algarve7.pt\/#organization","name":"Algarve 7","url":"https:\/\/algarve7.pt\/","logo":{"@type":"ImageObject","inLanguage":"pt-PT","@id":"https:\/\/algarve7.pt\/#\/schema\/logo\/image\/","url":"https:\/\/algarve7.pt\/wp-content\/uploads\/2020\/10\/Logo-8.jpg","contentUrl":"https:\/\/algarve7.pt\/wp-content\/uploads\/2020\/10\/Logo-8.jpg","width":1680,"height":1186,"caption":"Algarve 7"},"image":{"@id":"https:\/\/algarve7.pt\/#\/schema\/logo\/image\/"},"sameAs":["https:\/\/www.facebook.com\/algarve7","https:\/\/x.com\/Algarvesete","https:\/\/www.instagram.com\/jornalalgarve7\/","https:\/\/www.linkedin.com\/company\/algarve7","https:\/\/www.pinterest.pt\/geral0939\/_created\/"]},{"@type":"Person","@id":"https:\/\/algarve7.pt\/#\/schema\/person\/23fa70681308e7b319a3204bcea45e0c","name":"Algarve 7","sameAs":["https:\/\/algarve7.pt","https:\/\/www.facebook.com\/algarve7"],"url":"https:\/\/algarve7.pt\/index.php\/author\/geralalgarve7-pt\/"}]}},"jetpack_publicize_connections":[],"jetpack_featured_media_url":"https:\/\/algarve7.pt\/wp-content\/uploads\/2020\/11\/img1132332797ABClogo.jpg","jetpack_shortlink":"https:\/\/wp.me\/pcezmW-2cs","jetpack_sharing_enabled":true,"_links":{"self":[{"href":"https:\/\/algarve7.pt\/index.php\/wp-json\/wp\/v2\/posts\/8460","targetHints":{"allow":["GET"]}}],"collection":[{"href":"https:\/\/algarve7.pt\/index.php\/wp-json\/wp\/v2\/posts"}],"about":[{"href":"https:\/\/algarve7.pt\/index.php\/wp-json\/wp\/v2\/types\/post"}],"author":[{"embeddable":true,"href":"https:\/\/algarve7.pt\/index.php\/wp-json\/wp\/v2\/users\/1"}],"replies":[{"embeddable":true,"href":"https:\/\/algarve7.pt\/index.php\/wp-json\/wp\/v2\/comments?post=8460"}],"version-history":[{"count":0,"href":"https:\/\/algarve7.pt\/index.php\/wp-json\/wp\/v2\/posts\/8460\/revisions"}],"wp:featuredmedia":[{"embeddable":true,"href":"https:\/\/algarve7.pt\/index.php\/wp-json\/wp\/v2\/media\/3526"}],"wp:attachment":[{"href":"https:\/\/algarve7.pt\/index.php\/wp-json\/wp\/v2\/media?parent=8460"}],"wp:term":[{"taxonomy":"category","embeddable":true,"href":"https:\/\/algarve7.pt\/index.php\/wp-json\/wp\/v2\/categories?post=8460"},{"taxonomy":"post_tag","embeddable":true,"href":"https:\/\/algarve7.pt\/index.php\/wp-json\/wp\/v2\/tags?post=8460"}],"curies":[{"name":"wp","href":"https:\/\/api.w.org\/{rel}","templated":true}]}}