{"id":844,"date":"2020-08-27T15:33:45","date_gmt":"2020-08-27T14:33:45","guid":{"rendered":"https:\/\/algarve7.pt\/?p=844"},"modified":"2020-08-27T15:34:17","modified_gmt":"2020-08-27T14:34:17","slug":"e-tempo-de-ir-com-jose-cid-no-centro-de-congressos-do-arade","status":"publish","type":"post","link":"https:\/\/algarve7.pt\/index.php\/2020\/08\/e-tempo-de-ir-com-jose-cid-no-centro-de-congressos-do-arade\/atualidade\/15\/33\/","title":{"rendered":"&#8220;\u00c9 tempo de IR&#8221; com Jos\u00e9 Cid no Centro de Congressos do Arade"},"content":{"rendered":"\n<p>Jos\u00e9 Cid apresenta-se no Centro de Congressos do Arade, com apresenta\u00e7\u00e3o de V\u00edtor Emanuel e M\u00e1rio Mata como convidado, num concerto imperd\u00edvel e com o selo de garantia &#8220;Clean &amp; Safe&#8221;.<\/p>\n\n\n\n<p>E afinal, &#8220;IR&#8221; Porqu\u00ea?<br>Porque, e numa altura em que todas as autoridades recomendam que as f\u00e9rias dos portugueses sejam gozadas internamente, o Algarve \u00e9, mais do que nunca, sin\u00f3nimo&nbsp;de IR;&nbsp;Porque receosos da presente situa\u00e7\u00e3o pand\u00eamica, estamos todos desejosos de IR;<br>Porque a esmagadora maioria dos nossos cidad\u00e3os n\u00e3o tem, culturalmente falando, muitas op\u00e7\u00f5es onde IR;&nbsp;Porque urge oferecer mais valias tur\u00edsticas a todos os que desejem IR;&nbsp;E porque no Arade e neste conceito,&nbsp;IR para rir,&nbsp;IR para cantar&nbsp;e podes at\u00e9 IR sem sair de casa!<br>Porque acreditamos plenamente que, num momento como o atual, o que as pessoas mais precisam, mais sentem falta, \u00e9 de IR e cantar com Jos\u00e9 Cid.<\/p>\n\n\n\n<p>Marque j\u00e1 na sua agenda &#8211;&nbsp;<a href=\"https:\/\/bol.pt\/Comprar\/Bilhetes\/89171-e_tempo_de_ir_jose_cid-centro_congressos_do_arade\/\" target=\"_blank\" rel=\"noreferrer noopener\">Bilhetes \u00e0 venda<\/a>&nbsp;nos locais habituais.<\/p>\n","protected":false},"excerpt":{"rendered":"<p>Jos\u00e9 Cid apresenta-se no Centro de Congressos do Arade, com apresenta\u00e7\u00e3o de V\u00edtor Emanuel e M\u00e1rio Mata como convidado, num<\/p>\n","protected":false},"author":1,"featured_media":845,"comment_status":"closed","ping_status":"open","sticky":false,"template":"","format":"standard","meta":{"colormag_page_container_layout":"default_layout","colormag_page_sidebar_layout":"default_layout","_monsterinsights_skip_tracking":false,"_monsterinsights_sitenote_active":false,"_monsterinsights_sitenote_note":"","_monsterinsights_sitenote_category":0,"jetpack_post_was_ever_published":false,"_jetpack_newsletter_access":"","_jetpack_dont_email_post_to_subs":false,"_jetpack_newsletter_tier_id":0,"_jetpack_memberships_contains_paywalled_content":false,"_jetpack_memberships_contains_paid_content":false,"footnotes":"","jetpack_publicize_message":"","jetpack_publicize_feature_enabled":true,"jetpack_social_post_already_shared":true,"jetpack_social_options":{"image_generator_settings":{"template":"highway","default_image_id":0,"font":"","enabled":false},"version":2}},"categories":[11,14],"tags":[36,52,48],"class_list":["post-844","post","type-post","status-publish","format-standard","has-post-thumbnail","hentry","category-atualidade","category-cultura","tag-algarve","tag-concerto","tag-lagoa"],"yoast_head":"<!-- This site is optimized with the Yoast SEO plugin v27.5 - https:\/\/yoast.com\/product\/yoast-seo-wordpress\/ -->\n<title>&quot;\u00c9 tempo de IR&quot; com Jos\u00e9 Cid no Centro de Congressos do Arade - Algarve 7<\/title>\n<meta name=\"description\" content=\"&quot;\u00c9 tempo de IR&quot; com Jos\u00e9 Cid no Centro de Congressos do Arade\" \/>\n<meta name=\"robots\" content=\"index, follow, max-snippet:-1, max-image-preview:large, max-video-preview:-1\" \/>\n<link rel=\"canonical\" href=\"https:\/\/algarve7.pt\/index.php\/2020\/08\/e-tempo-de-ir-com-jose-cid-no-centro-de-congressos-do-arade\/atualidade\/15\/33\/\" \/>\n<meta property=\"og:locale\" content=\"pt_PT\" \/>\n<meta property=\"og:type\" content=\"article\" \/>\n<meta property=\"og:title\" content=\"&quot;\u00c9 tempo de IR&quot; com Jos\u00e9 Cid no Centro de Congressos do Arade - Algarve 7\" \/>\n<meta property=\"og:description\" content=\"&quot;\u00c9 tempo de IR&quot; com Jos\u00e9 Cid no Centro de Congressos do Arade\" \/>\n<meta property=\"og:url\" content=\"https:\/\/algarve7.pt\/index.php\/2020\/08\/e-tempo-de-ir-com-jose-cid-no-centro-de-congressos-do-arade\/atualidade\/15\/33\/\" \/>\n<meta property=\"og:site_name\" content=\"Algarve 7\" \/>\n<meta property=\"article:publisher\" content=\"https:\/\/www.facebook.com\/algarve7\" \/>\n<meta property=\"article:author\" content=\"https:\/\/www.facebook.com\/algarve7\" \/>\n<meta property=\"article:published_time\" content=\"2020-08-27T14:33:45+00:00\" \/>\n<meta property=\"article:modified_time\" content=\"2020-08-27T14:34:17+00:00\" \/>\n<meta property=\"og:image\" content=\"https:\/\/algarve7.pt\/wp-content\/uploads\/2020\/08\/cartaz77556_grande-e1598538694224.jpg\" \/>\n\t<meta property=\"og:image:width\" content=\"739\" \/>\n\t<meta property=\"og:image:height\" content=\"614\" \/>\n\t<meta property=\"og:image:type\" content=\"image\/jpeg\" \/>\n<meta name=\"author\" content=\"Algarve 7\" \/>\n<meta name=\"twitter:card\" content=\"summary_large_image\" \/>\n<meta name=\"twitter:creator\" content=\"@Algarvesete\" \/>\n<meta name=\"twitter:site\" content=\"@Algarvesete\" \/>\n<meta name=\"twitter:label1\" content=\"Escrito por\" \/>\n\t<meta name=\"twitter:data1\" content=\"Algarve 7\" \/>\n\t<meta name=\"twitter:label2\" content=\"Tempo estimado de leitura\" \/>\n\t<meta name=\"twitter:data2\" content=\"1 minuto\" \/>\n<script type=\"application\/ld+json\" class=\"yoast-schema-graph\">{\"@context\":\"https:\\\/\\\/schema.org\",\"@graph\":[{\"@type\":\"Article\",\"@id\":\"https:\\\/\\\/algarve7.pt\\\/index.php\\\/2020\\\/08\\\/e-tempo-de-ir-com-jose-cid-no-centro-de-congressos-do-arade\\\/atualidade\\\/15\\\/33\\\/#article\",\"isPartOf\":{\"@id\":\"https:\\\/\\\/algarve7.pt\\\/index.php\\\/2020\\\/08\\\/e-tempo-de-ir-com-jose-cid-no-centro-de-congressos-do-arade\\\/atualidade\\\/15\\\/33\\\/\"},\"author\":{\"name\":\"Algarve 7\",\"@id\":\"https:\\\/\\\/algarve7.pt\\\/#\\\/schema\\\/person\\\/23fa70681308e7b319a3204bcea45e0c\"},\"headline\":\"&#8220;\u00c9 tempo de IR&#8221; com Jos\u00e9 Cid no Centro de Congressos do Arade\",\"datePublished\":\"2020-08-27T14:33:45+00:00\",\"dateModified\":\"2020-08-27T14:34:17+00:00\",\"mainEntityOfPage\":{\"@id\":\"https:\\\/\\\/algarve7.pt\\\/index.php\\\/2020\\\/08\\\/e-tempo-de-ir-com-jose-cid-no-centro-de-congressos-do-arade\\\/atualidade\\\/15\\\/33\\\/\"},\"wordCount\":190,\"publisher\":{\"@id\":\"https:\\\/\\\/algarve7.pt\\\/#organization\"},\"image\":{\"@id\":\"https:\\\/\\\/algarve7.pt\\\/index.php\\\/2020\\\/08\\\/e-tempo-de-ir-com-jose-cid-no-centro-de-congressos-do-arade\\\/atualidade\\\/15\\\/33\\\/#primaryimage\"},\"thumbnailUrl\":\"https:\\\/\\\/algarve7.pt\\\/wp-content\\\/uploads\\\/2020\\\/08\\\/cartaz77556_grande-e1598538694224.jpg\",\"keywords\":[\"Algarve\",\"Concerto\",\"Lagoa\"],\"articleSection\":[\"Atualidade\",\"Cultura\"],\"inLanguage\":\"pt-PT\"},{\"@type\":\"WebPage\",\"@id\":\"https:\\\/\\\/algarve7.pt\\\/index.php\\\/2020\\\/08\\\/e-tempo-de-ir-com-jose-cid-no-centro-de-congressos-do-arade\\\/atualidade\\\/15\\\/33\\\/\",\"url\":\"https:\\\/\\\/algarve7.pt\\\/index.php\\\/2020\\\/08\\\/e-tempo-de-ir-com-jose-cid-no-centro-de-congressos-do-arade\\\/atualidade\\\/15\\\/33\\\/\",\"name\":\"\\\"\u00c9 tempo de IR\\\" com Jos\u00e9 Cid no Centro de Congressos do Arade - Algarve 7\",\"isPartOf\":{\"@id\":\"https:\\\/\\\/algarve7.pt\\\/#website\"},\"primaryImageOfPage\":{\"@id\":\"https:\\\/\\\/algarve7.pt\\\/index.php\\\/2020\\\/08\\\/e-tempo-de-ir-com-jose-cid-no-centro-de-congressos-do-arade\\\/atualidade\\\/15\\\/33\\\/#primaryimage\"},\"image\":{\"@id\":\"https:\\\/\\\/algarve7.pt\\\/index.php\\\/2020\\\/08\\\/e-tempo-de-ir-com-jose-cid-no-centro-de-congressos-do-arade\\\/atualidade\\\/15\\\/33\\\/#primaryimage\"},\"thumbnailUrl\":\"https:\\\/\\\/algarve7.pt\\\/wp-content\\\/uploads\\\/2020\\\/08\\\/cartaz77556_grande-e1598538694224.jpg\",\"datePublished\":\"2020-08-27T14:33:45+00:00\",\"dateModified\":\"2020-08-27T14:34:17+00:00\",\"description\":\"\\\"\u00c9 tempo de IR\\\" com Jos\u00e9 Cid no Centro de Congressos do Arade\",\"breadcrumb\":{\"@id\":\"https:\\\/\\\/algarve7.pt\\\/index.php\\\/2020\\\/08\\\/e-tempo-de-ir-com-jose-cid-no-centro-de-congressos-do-arade\\\/atualidade\\\/15\\\/33\\\/#breadcrumb\"},\"inLanguage\":\"pt-PT\",\"potentialAction\":[{\"@type\":\"ReadAction\",\"target\":[\"https:\\\/\\\/algarve7.pt\\\/index.php\\\/2020\\\/08\\\/e-tempo-de-ir-com-jose-cid-no-centro-de-congressos-do-arade\\\/atualidade\\\/15\\\/33\\\/\"]}]},{\"@type\":\"ImageObject\",\"inLanguage\":\"pt-PT\",\"@id\":\"https:\\\/\\\/algarve7.pt\\\/index.php\\\/2020\\\/08\\\/e-tempo-de-ir-com-jose-cid-no-centro-de-congressos-do-arade\\\/atualidade\\\/15\\\/33\\\/#primaryimage\",\"url\":\"https:\\\/\\\/algarve7.pt\\\/wp-content\\\/uploads\\\/2020\\\/08\\\/cartaz77556_grande-e1598538694224.jpg\",\"contentUrl\":\"https:\\\/\\\/algarve7.pt\\\/wp-content\\\/uploads\\\/2020\\\/08\\\/cartaz77556_grande-e1598538694224.jpg\",\"width\":739,\"height\":614},{\"@type\":\"BreadcrumbList\",\"@id\":\"https:\\\/\\\/algarve7.pt\\\/index.php\\\/2020\\\/08\\\/e-tempo-de-ir-com-jose-cid-no-centro-de-congressos-do-arade\\\/atualidade\\\/15\\\/33\\\/#breadcrumb\",\"itemListElement\":[{\"@type\":\"ListItem\",\"position\":1,\"name\":\"In\u00edcio\",\"item\":\"https:\\\/\\\/algarve7.pt\\\/\"},{\"@type\":\"ListItem\",\"position\":2,\"name\":\"&#8220;\u00c9 tempo de IR&#8221; com Jos\u00e9 Cid no Centro de Congressos do Arade\"}]},{\"@type\":\"WebSite\",\"@id\":\"https:\\\/\\\/algarve7.pt\\\/#website\",\"url\":\"https:\\\/\\\/algarve7.pt\\\/\",\"name\":\"Algarve 7\",\"description\":\"Informa\u00e7\u00e3o sobre o Algarve\",\"publisher\":{\"@id\":\"https:\\\/\\\/algarve7.pt\\\/#organization\"},\"potentialAction\":[{\"@type\":\"SearchAction\",\"target\":{\"@type\":\"EntryPoint\",\"urlTemplate\":\"https:\\\/\\\/algarve7.pt\\\/?s={search_term_string}\"},\"query-input\":{\"@type\":\"PropertyValueSpecification\",\"valueRequired\":true,\"valueName\":\"search_term_string\"}}],\"inLanguage\":\"pt-PT\"},{\"@type\":\"Organization\",\"@id\":\"https:\\\/\\\/algarve7.pt\\\/#organization\",\"name\":\"Algarve 7\",\"url\":\"https:\\\/\\\/algarve7.pt\\\/\",\"logo\":{\"@type\":\"ImageObject\",\"inLanguage\":\"pt-PT\",\"@id\":\"https:\\\/\\\/algarve7.pt\\\/#\\\/schema\\\/logo\\\/image\\\/\",\"url\":\"https:\\\/\\\/algarve7.pt\\\/wp-content\\\/uploads\\\/2020\\\/10\\\/Logo-8.jpg\",\"contentUrl\":\"https:\\\/\\\/algarve7.pt\\\/wp-content\\\/uploads\\\/2020\\\/10\\\/Logo-8.jpg\",\"width\":1680,\"height\":1186,\"caption\":\"Algarve 7\"},\"image\":{\"@id\":\"https:\\\/\\\/algarve7.pt\\\/#\\\/schema\\\/logo\\\/image\\\/\"},\"sameAs\":[\"https:\\\/\\\/www.facebook.com\\\/algarve7\",\"https:\\\/\\\/x.com\\\/Algarvesete\",\"https:\\\/\\\/www.instagram.com\\\/jornalalgarve7\\\/\",\"https:\\\/\\\/www.linkedin.com\\\/company\\\/algarve7\",\"https:\\\/\\\/www.pinterest.pt\\\/geral0939\\\/_created\\\/\"]},{\"@type\":\"Person\",\"@id\":\"https:\\\/\\\/algarve7.pt\\\/#\\\/schema\\\/person\\\/23fa70681308e7b319a3204bcea45e0c\",\"name\":\"Algarve 7\",\"sameAs\":[\"https:\\\/\\\/algarve7.pt\",\"https:\\\/\\\/www.facebook.com\\\/algarve7\"],\"url\":\"https:\\\/\\\/algarve7.pt\\\/index.php\\\/author\\\/geralalgarve7-pt\\\/\"}]}<\/script>\n<!-- \/ Yoast SEO plugin. -->","yoast_head_json":{"title":"\"\u00c9 tempo de IR\" com Jos\u00e9 Cid no Centro de Congressos do Arade - Algarve 7","description":"\"\u00c9 tempo de IR\" com Jos\u00e9 Cid no Centro de Congressos do Arade","robots":{"index":"index","follow":"follow","max-snippet":"max-snippet:-1","max-image-preview":"max-image-preview:large","max-video-preview":"max-video-preview:-1"},"canonical":"https:\/\/algarve7.pt\/index.php\/2020\/08\/e-tempo-de-ir-com-jose-cid-no-centro-de-congressos-do-arade\/atualidade\/15\/33\/","og_locale":"pt_PT","og_type":"article","og_title":"\"\u00c9 tempo de IR\" com Jos\u00e9 Cid no Centro de Congressos do Arade - Algarve 7","og_description":"\"\u00c9 tempo de IR\" com Jos\u00e9 Cid no Centro de Congressos do Arade","og_url":"https:\/\/algarve7.pt\/index.php\/2020\/08\/e-tempo-de-ir-com-jose-cid-no-centro-de-congressos-do-arade\/atualidade\/15\/33\/","og_site_name":"Algarve 7","article_publisher":"https:\/\/www.facebook.com\/algarve7","article_author":"https:\/\/www.facebook.com\/algarve7","article_published_time":"2020-08-27T14:33:45+00:00","article_modified_time":"2020-08-27T14:34:17+00:00","og_image":[{"width":739,"height":614,"url":"https:\/\/algarve7.pt\/wp-content\/uploads\/2020\/08\/cartaz77556_grande-e1598538694224.jpg","type":"image\/jpeg"}],"author":"Algarve 7","twitter_card":"summary_large_image","twitter_creator":"@Algarvesete","twitter_site":"@Algarvesete","twitter_misc":{"Escrito por":"Algarve 7","Tempo estimado de leitura":"1 minuto"},"schema":{"@context":"https:\/\/schema.org","@graph":[{"@type":"Article","@id":"https:\/\/algarve7.pt\/index.php\/2020\/08\/e-tempo-de-ir-com-jose-cid-no-centro-de-congressos-do-arade\/atualidade\/15\/33\/#article","isPartOf":{"@id":"https:\/\/algarve7.pt\/index.php\/2020\/08\/e-tempo-de-ir-com-jose-cid-no-centro-de-congressos-do-arade\/atualidade\/15\/33\/"},"author":{"name":"Algarve 7","@id":"https:\/\/algarve7.pt\/#\/schema\/person\/23fa70681308e7b319a3204bcea45e0c"},"headline":"&#8220;\u00c9 tempo de IR&#8221; com Jos\u00e9 Cid no Centro de Congressos do Arade","datePublished":"2020-08-27T14:33:45+00:00","dateModified":"2020-08-27T14:34:17+00:00","mainEntityOfPage":{"@id":"https:\/\/algarve7.pt\/index.php\/2020\/08\/e-tempo-de-ir-com-jose-cid-no-centro-de-congressos-do-arade\/atualidade\/15\/33\/"},"wordCount":190,"publisher":{"@id":"https:\/\/algarve7.pt\/#organization"},"image":{"@id":"https:\/\/algarve7.pt\/index.php\/2020\/08\/e-tempo-de-ir-com-jose-cid-no-centro-de-congressos-do-arade\/atualidade\/15\/33\/#primaryimage"},"thumbnailUrl":"https:\/\/algarve7.pt\/wp-content\/uploads\/2020\/08\/cartaz77556_grande-e1598538694224.jpg","keywords":["Algarve","Concerto","Lagoa"],"articleSection":["Atualidade","Cultura"],"inLanguage":"pt-PT"},{"@type":"WebPage","@id":"https:\/\/algarve7.pt\/index.php\/2020\/08\/e-tempo-de-ir-com-jose-cid-no-centro-de-congressos-do-arade\/atualidade\/15\/33\/","url":"https:\/\/algarve7.pt\/index.php\/2020\/08\/e-tempo-de-ir-com-jose-cid-no-centro-de-congressos-do-arade\/atualidade\/15\/33\/","name":"\"\u00c9 tempo de IR\" com Jos\u00e9 Cid no Centro de Congressos do Arade - Algarve 7","isPartOf":{"@id":"https:\/\/algarve7.pt\/#website"},"primaryImageOfPage":{"@id":"https:\/\/algarve7.pt\/index.php\/2020\/08\/e-tempo-de-ir-com-jose-cid-no-centro-de-congressos-do-arade\/atualidade\/15\/33\/#primaryimage"},"image":{"@id":"https:\/\/algarve7.pt\/index.php\/2020\/08\/e-tempo-de-ir-com-jose-cid-no-centro-de-congressos-do-arade\/atualidade\/15\/33\/#primaryimage"},"thumbnailUrl":"https:\/\/algarve7.pt\/wp-content\/uploads\/2020\/08\/cartaz77556_grande-e1598538694224.jpg","datePublished":"2020-08-27T14:33:45+00:00","dateModified":"2020-08-27T14:34:17+00:00","description":"\"\u00c9 tempo de IR\" com Jos\u00e9 Cid no Centro de Congressos do Arade","breadcrumb":{"@id":"https:\/\/algarve7.pt\/index.php\/2020\/08\/e-tempo-de-ir-com-jose-cid-no-centro-de-congressos-do-arade\/atualidade\/15\/33\/#breadcrumb"},"inLanguage":"pt-PT","potentialAction":[{"@type":"ReadAction","target":["https:\/\/algarve7.pt\/index.php\/2020\/08\/e-tempo-de-ir-com-jose-cid-no-centro-de-congressos-do-arade\/atualidade\/15\/33\/"]}]},{"@type":"ImageObject","inLanguage":"pt-PT","@id":"https:\/\/algarve7.pt\/index.php\/2020\/08\/e-tempo-de-ir-com-jose-cid-no-centro-de-congressos-do-arade\/atualidade\/15\/33\/#primaryimage","url":"https:\/\/algarve7.pt\/wp-content\/uploads\/2020\/08\/cartaz77556_grande-e1598538694224.jpg","contentUrl":"https:\/\/algarve7.pt\/wp-content\/uploads\/2020\/08\/cartaz77556_grande-e1598538694224.jpg","width":739,"height":614},{"@type":"BreadcrumbList","@id":"https:\/\/algarve7.pt\/index.php\/2020\/08\/e-tempo-de-ir-com-jose-cid-no-centro-de-congressos-do-arade\/atualidade\/15\/33\/#breadcrumb","itemListElement":[{"@type":"ListItem","position":1,"name":"In\u00edcio","item":"https:\/\/algarve7.pt\/"},{"@type":"ListItem","position":2,"name":"&#8220;\u00c9 tempo de IR&#8221; com Jos\u00e9 Cid no Centro de Congressos do Arade"}]},{"@type":"WebSite","@id":"https:\/\/algarve7.pt\/#website","url":"https:\/\/algarve7.pt\/","name":"Algarve 7","description":"Informa\u00e7\u00e3o sobre o Algarve","publisher":{"@id":"https:\/\/algarve7.pt\/#organization"},"potentialAction":[{"@type":"SearchAction","target":{"@type":"EntryPoint","urlTemplate":"https:\/\/algarve7.pt\/?s={search_term_string}"},"query-input":{"@type":"PropertyValueSpecification","valueRequired":true,"valueName":"search_term_string"}}],"inLanguage":"pt-PT"},{"@type":"Organization","@id":"https:\/\/algarve7.pt\/#organization","name":"Algarve 7","url":"https:\/\/algarve7.pt\/","logo":{"@type":"ImageObject","inLanguage":"pt-PT","@id":"https:\/\/algarve7.pt\/#\/schema\/logo\/image\/","url":"https:\/\/algarve7.pt\/wp-content\/uploads\/2020\/10\/Logo-8.jpg","contentUrl":"https:\/\/algarve7.pt\/wp-content\/uploads\/2020\/10\/Logo-8.jpg","width":1680,"height":1186,"caption":"Algarve 7"},"image":{"@id":"https:\/\/algarve7.pt\/#\/schema\/logo\/image\/"},"sameAs":["https:\/\/www.facebook.com\/algarve7","https:\/\/x.com\/Algarvesete","https:\/\/www.instagram.com\/jornalalgarve7\/","https:\/\/www.linkedin.com\/company\/algarve7","https:\/\/www.pinterest.pt\/geral0939\/_created\/"]},{"@type":"Person","@id":"https:\/\/algarve7.pt\/#\/schema\/person\/23fa70681308e7b319a3204bcea45e0c","name":"Algarve 7","sameAs":["https:\/\/algarve7.pt","https:\/\/www.facebook.com\/algarve7"],"url":"https:\/\/algarve7.pt\/index.php\/author\/geralalgarve7-pt\/"}]}},"jetpack_publicize_connections":[],"jetpack_featured_media_url":"https:\/\/algarve7.pt\/wp-content\/uploads\/2020\/08\/cartaz77556_grande-e1598538694224.jpg","jetpack_shortlink":"https:\/\/wp.me\/pcezmW-dC","jetpack_sharing_enabled":true,"_links":{"self":[{"href":"https:\/\/algarve7.pt\/index.php\/wp-json\/wp\/v2\/posts\/844","targetHints":{"allow":["GET"]}}],"collection":[{"href":"https:\/\/algarve7.pt\/index.php\/wp-json\/wp\/v2\/posts"}],"about":[{"href":"https:\/\/algarve7.pt\/index.php\/wp-json\/wp\/v2\/types\/post"}],"author":[{"embeddable":true,"href":"https:\/\/algarve7.pt\/index.php\/wp-json\/wp\/v2\/users\/1"}],"replies":[{"embeddable":true,"href":"https:\/\/algarve7.pt\/index.php\/wp-json\/wp\/v2\/comments?post=844"}],"version-history":[{"count":0,"href":"https:\/\/algarve7.pt\/index.php\/wp-json\/wp\/v2\/posts\/844\/revisions"}],"wp:featuredmedia":[{"embeddable":true,"href":"https:\/\/algarve7.pt\/index.php\/wp-json\/wp\/v2\/media\/845"}],"wp:attachment":[{"href":"https:\/\/algarve7.pt\/index.php\/wp-json\/wp\/v2\/media?parent=844"}],"wp:term":[{"taxonomy":"category","embeddable":true,"href":"https:\/\/algarve7.pt\/index.php\/wp-json\/wp\/v2\/categories?post=844"},{"taxonomy":"post_tag","embeddable":true,"href":"https:\/\/algarve7.pt\/index.php\/wp-json\/wp\/v2\/tags?post=844"}],"curies":[{"name":"wp","href":"https:\/\/api.w.org\/{rel}","templated":true}]}}