{"id":8409,"date":"2021-05-14T07:43:35","date_gmt":"2021-05-14T06:43:35","guid":{"rendered":"https:\/\/algarve7.pt\/?p=8409"},"modified":"2021-05-14T07:43:39","modified_gmt":"2021-05-14T06:43:39","slug":"lagos-projeto-viver-o-verao-2021","status":"publish","type":"post","link":"https:\/\/algarve7.pt\/index.php\/2021\/05\/lagos-projeto-viver-o-verao-2021\/atualidade\/07\/43\/","title":{"rendered":"lagos projeto viver o ver\u00e3o 2021"},"content":{"rendered":"\n<p>A C\u00e2mara Municipal de Lagos informa que as inscri\u00e7\u00f5es, para a edi\u00e7\u00e3o de 2021 do projeto \u201cViver o Ver\u00e3o\u201d, se encontram a decorrer ao longo do m\u00eas de maio no site\u00a0<a href=\"http:\/\/www.viveroverao.com\/\" target=\"_blank\" rel=\"noreferrer noopener\">www.viveroverao.com<\/a><\/p>\n\n\n\n<p>Este projeto de ocupa\u00e7\u00e3o de tempos livres, que tem como principal objetivo desenvolver compet\u00eancias sociais e pessoais, incentivar a pr\u00e1tica desportiva e de h\u00e1bitos saud\u00e1veis, e que se desenvolve h\u00e1 quase 20 anos, \u00e9 bem conhecido das fam\u00edlias e jovens lacobrigenses, visto tratar-se de uma importante resposta social do munic\u00edpio \u00e0s muitas fam\u00edlias que se encontram a trabalhar nesta \u00e9poca do ano, ocupando de forma l\u00fadica e pedag\u00f3gica os seus filhos nos meses de julho e agosto.&nbsp;<\/p>\n\n\n\n<p>A edi\u00e7\u00e3o de 2021 ir\u00e1 realizar-se em dois espa\u00e7os na cidade de Lagos, sendo tamb\u00e9m alargado \u00e0s freguesias da Luz, Bensafrim, Bar\u00e3o e nas localidades de Odi\u00e1xere\/Chinicato.<\/p>\n\n\n\n<p>Nesta edi\u00e7\u00e3o, os grupos ser\u00e3o constitu\u00eddos por um n\u00famero m\u00e1ximo de 8 a 10 crian\u00e7as com idades compreendidas entre os 6 e os 12 anos, que poder\u00e3o participar no projeto pelo per\u00edodo de 15 dias, o que totaliza 632 crian\u00e7as abrangidas ao longo dos 2 meses. Na faixa et\u00e1ria jovem (entre os 16 e os 25 anos), o projeto ir\u00e1 beneficiar 92 jovens. O projeto ter\u00e1 in\u00edcio a 12 de julho terminando a 31 de agosto. As atividades decorrem de segunda a sexta-feira, em dois turnos (manh\u00e3 ou tarde).&nbsp;<\/p>\n\n\n\n<p>Tal como aconteceu na edi\u00e7\u00e3o de 2020, e dadas as medidas necess\u00e1rias ao controle da pandemia por Covid-19, este ano \u00e9 tamb\u00e9m necess\u00e1rio assegurar a aplica\u00e7\u00e3o do plano de conting\u00eancia e do manual de procedimentos, que visam a devida prote\u00e7\u00e3o dos participantes, corpo t\u00e9cnico e restantes funcion\u00e1rios.<\/p>\n\n\n\n<p>O \u201cViver o Ver\u00e3o\u201d implica um encargo financeiro anual de cerca de 150 mil euros, verba que o munic\u00edpio considera bem aplicada dado o impacto social positivo deste programa. Para os jovens participantes que desempenham as fun\u00e7\u00f5es de monitor, este \u00e9, muitas vezes, o primeiro contacto que t\u00eam com o mercado de trabalho, incutindo-lhes sentido de responsabilidade e compromisso, compet\u00eancias importantes para o seu desenvolvimento e para a sua forma\u00e7\u00e3o pessoal e social.<\/p>\n\n\n\n<p>As inscri\u00e7\u00f5es j\u00e1 se encontram abertas para a faixa et\u00e1ria jovem e decorrem at\u00e9 ao dia 21 de maio. Para as crian\u00e7as (6 a 12 anos) as inscri\u00e7\u00f5es ter\u00e3o in\u00edcio no dia 26 de maio.<\/p>\n\n\n\n<p>Inscri\u00e7\u00f5es e mais informa\u00e7\u00f5es dispon\u00edveis em\u00a0<a href=\"http:\/\/www.viveroverao.com\/\" target=\"_blank\" rel=\"noreferrer noopener\">www.viveroverao.com<\/a>\u00a0ou em\u00a0<a href=\"http:\/\/www.cm-lagos.pt\/\" target=\"_blank\" rel=\"noreferrer noopener\">www.cm-lagos.pt<\/a><\/p>\n","protected":false},"excerpt":{"rendered":"<p>A C\u00e2mara Municipal de Lagos informa que as inscri\u00e7\u00f5es, para a edi\u00e7\u00e3o de 2021 do projeto \u201cViver o Ver\u00e3o\u201d, se<\/p>\n","protected":false},"author":1,"featured_media":8410,"comment_status":"closed","ping_status":"open","sticky":false,"template":"","format":"standard","meta":{"colormag_page_container_layout":"default_layout","colormag_page_sidebar_layout":"default_layout","_monsterinsights_skip_tracking":false,"_monsterinsights_sitenote_active":false,"_monsterinsights_sitenote_note":"","_monsterinsights_sitenote_category":0,"jetpack_post_was_ever_published":false,"_jetpack_newsletter_access":"","_jetpack_dont_email_post_to_subs":false,"_jetpack_newsletter_tier_id":0,"_jetpack_memberships_contains_paywalled_content":false,"_jetpack_memberships_contains_paid_content":false,"footnotes":"","jetpack_publicize_message":"","jetpack_publicize_feature_enabled":true,"jetpack_social_post_already_shared":true,"jetpack_social_options":{"image_generator_settings":{"template":"highway","default_image_id":0,"font":"","enabled":false},"version":2}},"categories":[11],"tags":[36,62,68,374],"class_list":["post-8409","post","type-post","status-publish","format-standard","has-post-thumbnail","hentry","category-atualidade","tag-algarve","tag-atualidade","tag-lagos","tag-verao"],"yoast_head":"<!-- This site is optimized with the Yoast SEO plugin v27.5 - https:\/\/yoast.com\/product\/yoast-seo-wordpress\/ -->\n<title>lagos projeto viver o ver\u00e3o 2021 - Algarve 7<\/title>\n<meta name=\"description\" content=\"lagos projeto viver o ver\u00e3o 2021 Atualidade\" \/>\n<meta name=\"robots\" content=\"index, follow, max-snippet:-1, max-image-preview:large, max-video-preview:-1\" \/>\n<link rel=\"canonical\" href=\"https:\/\/algarve7.pt\/index.php\/2021\/05\/lagos-projeto-viver-o-verao-2021\/atualidade\/07\/43\/\" \/>\n<meta property=\"og:locale\" content=\"pt_PT\" \/>\n<meta property=\"og:type\" content=\"article\" \/>\n<meta property=\"og:title\" content=\"lagos projeto viver o ver\u00e3o 2021 - Algarve 7\" \/>\n<meta property=\"og:description\" content=\"lagos projeto viver o ver\u00e3o 2021 Atualidade\" \/>\n<meta property=\"og:url\" content=\"https:\/\/algarve7.pt\/index.php\/2021\/05\/lagos-projeto-viver-o-verao-2021\/atualidade\/07\/43\/\" \/>\n<meta property=\"og:site_name\" content=\"Algarve 7\" \/>\n<meta property=\"article:publisher\" content=\"https:\/\/www.facebook.com\/algarve7\" \/>\n<meta property=\"article:author\" content=\"https:\/\/www.facebook.com\/algarve7\" \/>\n<meta property=\"article:published_time\" content=\"2021-05-14T06:43:35+00:00\" \/>\n<meta property=\"article:modified_time\" content=\"2021-05-14T06:43:39+00:00\" \/>\n<meta property=\"og:image\" content=\"https:\/\/algarve7.pt\/wp-content\/uploads\/2021\/05\/ViverVerao_OCS.jpg\" \/>\n\t<meta property=\"og:image:width\" content=\"1920\" \/>\n\t<meta property=\"og:image:height\" content=\"1280\" \/>\n\t<meta property=\"og:image:type\" content=\"image\/jpeg\" \/>\n<meta name=\"author\" content=\"Algarve 7\" \/>\n<meta name=\"twitter:card\" content=\"summary_large_image\" \/>\n<meta name=\"twitter:creator\" content=\"@Algarvesete\" \/>\n<meta name=\"twitter:site\" content=\"@Algarvesete\" \/>\n<meta name=\"twitter:label1\" content=\"Escrito por\" \/>\n\t<meta name=\"twitter:data1\" content=\"Algarve 7\" \/>\n\t<meta name=\"twitter:label2\" content=\"Tempo estimado de leitura\" \/>\n\t<meta name=\"twitter:data2\" content=\"2 minutos\" \/>\n<script type=\"application\/ld+json\" class=\"yoast-schema-graph\">{\"@context\":\"https:\\\/\\\/schema.org\",\"@graph\":[{\"@type\":\"Article\",\"@id\":\"https:\\\/\\\/algarve7.pt\\\/index.php\\\/2021\\\/05\\\/lagos-projeto-viver-o-verao-2021\\\/atualidade\\\/07\\\/43\\\/#article\",\"isPartOf\":{\"@id\":\"https:\\\/\\\/algarve7.pt\\\/index.php\\\/2021\\\/05\\\/lagos-projeto-viver-o-verao-2021\\\/atualidade\\\/07\\\/43\\\/\"},\"author\":{\"name\":\"Algarve 7\",\"@id\":\"https:\\\/\\\/algarve7.pt\\\/#\\\/schema\\\/person\\\/23fa70681308e7b319a3204bcea45e0c\"},\"headline\":\"lagos projeto viver o ver\u00e3o 2021\",\"datePublished\":\"2021-05-14T06:43:35+00:00\",\"dateModified\":\"2021-05-14T06:43:39+00:00\",\"mainEntityOfPage\":{\"@id\":\"https:\\\/\\\/algarve7.pt\\\/index.php\\\/2021\\\/05\\\/lagos-projeto-viver-o-verao-2021\\\/atualidade\\\/07\\\/43\\\/\"},\"wordCount\":436,\"publisher\":{\"@id\":\"https:\\\/\\\/algarve7.pt\\\/#organization\"},\"image\":{\"@id\":\"https:\\\/\\\/algarve7.pt\\\/index.php\\\/2021\\\/05\\\/lagos-projeto-viver-o-verao-2021\\\/atualidade\\\/07\\\/43\\\/#primaryimage\"},\"thumbnailUrl\":\"https:\\\/\\\/algarve7.pt\\\/wp-content\\\/uploads\\\/2021\\\/05\\\/ViverVerao_OCS.jpg\",\"keywords\":[\"Algarve\",\"Atualidade\",\"Lagos\",\"Ver\u00e3o\"],\"articleSection\":[\"Atualidade\"],\"inLanguage\":\"pt-PT\"},{\"@type\":\"WebPage\",\"@id\":\"https:\\\/\\\/algarve7.pt\\\/index.php\\\/2021\\\/05\\\/lagos-projeto-viver-o-verao-2021\\\/atualidade\\\/07\\\/43\\\/\",\"url\":\"https:\\\/\\\/algarve7.pt\\\/index.php\\\/2021\\\/05\\\/lagos-projeto-viver-o-verao-2021\\\/atualidade\\\/07\\\/43\\\/\",\"name\":\"lagos projeto viver o ver\u00e3o 2021 - Algarve 7\",\"isPartOf\":{\"@id\":\"https:\\\/\\\/algarve7.pt\\\/#website\"},\"primaryImageOfPage\":{\"@id\":\"https:\\\/\\\/algarve7.pt\\\/index.php\\\/2021\\\/05\\\/lagos-projeto-viver-o-verao-2021\\\/atualidade\\\/07\\\/43\\\/#primaryimage\"},\"image\":{\"@id\":\"https:\\\/\\\/algarve7.pt\\\/index.php\\\/2021\\\/05\\\/lagos-projeto-viver-o-verao-2021\\\/atualidade\\\/07\\\/43\\\/#primaryimage\"},\"thumbnailUrl\":\"https:\\\/\\\/algarve7.pt\\\/wp-content\\\/uploads\\\/2021\\\/05\\\/ViverVerao_OCS.jpg\",\"datePublished\":\"2021-05-14T06:43:35+00:00\",\"dateModified\":\"2021-05-14T06:43:39+00:00\",\"description\":\"lagos projeto viver o ver\u00e3o 2021 Atualidade\",\"breadcrumb\":{\"@id\":\"https:\\\/\\\/algarve7.pt\\\/index.php\\\/2021\\\/05\\\/lagos-projeto-viver-o-verao-2021\\\/atualidade\\\/07\\\/43\\\/#breadcrumb\"},\"inLanguage\":\"pt-PT\",\"potentialAction\":[{\"@type\":\"ReadAction\",\"target\":[\"https:\\\/\\\/algarve7.pt\\\/index.php\\\/2021\\\/05\\\/lagos-projeto-viver-o-verao-2021\\\/atualidade\\\/07\\\/43\\\/\"]}]},{\"@type\":\"ImageObject\",\"inLanguage\":\"pt-PT\",\"@id\":\"https:\\\/\\\/algarve7.pt\\\/index.php\\\/2021\\\/05\\\/lagos-projeto-viver-o-verao-2021\\\/atualidade\\\/07\\\/43\\\/#primaryimage\",\"url\":\"https:\\\/\\\/algarve7.pt\\\/wp-content\\\/uploads\\\/2021\\\/05\\\/ViverVerao_OCS.jpg\",\"contentUrl\":\"https:\\\/\\\/algarve7.pt\\\/wp-content\\\/uploads\\\/2021\\\/05\\\/ViverVerao_OCS.jpg\",\"width\":1920,\"height\":1280},{\"@type\":\"BreadcrumbList\",\"@id\":\"https:\\\/\\\/algarve7.pt\\\/index.php\\\/2021\\\/05\\\/lagos-projeto-viver-o-verao-2021\\\/atualidade\\\/07\\\/43\\\/#breadcrumb\",\"itemListElement\":[{\"@type\":\"ListItem\",\"position\":1,\"name\":\"In\u00edcio\",\"item\":\"https:\\\/\\\/algarve7.pt\\\/\"},{\"@type\":\"ListItem\",\"position\":2,\"name\":\"lagos projeto viver o ver\u00e3o 2021\"}]},{\"@type\":\"WebSite\",\"@id\":\"https:\\\/\\\/algarve7.pt\\\/#website\",\"url\":\"https:\\\/\\\/algarve7.pt\\\/\",\"name\":\"Algarve 7\",\"description\":\"Informa\u00e7\u00e3o sobre o Algarve\",\"publisher\":{\"@id\":\"https:\\\/\\\/algarve7.pt\\\/#organization\"},\"potentialAction\":[{\"@type\":\"SearchAction\",\"target\":{\"@type\":\"EntryPoint\",\"urlTemplate\":\"https:\\\/\\\/algarve7.pt\\\/?s={search_term_string}\"},\"query-input\":{\"@type\":\"PropertyValueSpecification\",\"valueRequired\":true,\"valueName\":\"search_term_string\"}}],\"inLanguage\":\"pt-PT\"},{\"@type\":\"Organization\",\"@id\":\"https:\\\/\\\/algarve7.pt\\\/#organization\",\"name\":\"Algarve 7\",\"url\":\"https:\\\/\\\/algarve7.pt\\\/\",\"logo\":{\"@type\":\"ImageObject\",\"inLanguage\":\"pt-PT\",\"@id\":\"https:\\\/\\\/algarve7.pt\\\/#\\\/schema\\\/logo\\\/image\\\/\",\"url\":\"https:\\\/\\\/algarve7.pt\\\/wp-content\\\/uploads\\\/2020\\\/10\\\/Logo-8.jpg\",\"contentUrl\":\"https:\\\/\\\/algarve7.pt\\\/wp-content\\\/uploads\\\/2020\\\/10\\\/Logo-8.jpg\",\"width\":1680,\"height\":1186,\"caption\":\"Algarve 7\"},\"image\":{\"@id\":\"https:\\\/\\\/algarve7.pt\\\/#\\\/schema\\\/logo\\\/image\\\/\"},\"sameAs\":[\"https:\\\/\\\/www.facebook.com\\\/algarve7\",\"https:\\\/\\\/x.com\\\/Algarvesete\",\"https:\\\/\\\/www.instagram.com\\\/jornalalgarve7\\\/\",\"https:\\\/\\\/www.linkedin.com\\\/company\\\/algarve7\",\"https:\\\/\\\/www.pinterest.pt\\\/geral0939\\\/_created\\\/\"]},{\"@type\":\"Person\",\"@id\":\"https:\\\/\\\/algarve7.pt\\\/#\\\/schema\\\/person\\\/23fa70681308e7b319a3204bcea45e0c\",\"name\":\"Algarve 7\",\"sameAs\":[\"https:\\\/\\\/algarve7.pt\",\"https:\\\/\\\/www.facebook.com\\\/algarve7\"],\"url\":\"https:\\\/\\\/algarve7.pt\\\/index.php\\\/author\\\/geralalgarve7-pt\\\/\"}]}<\/script>\n<!-- \/ Yoast SEO plugin. -->","yoast_head_json":{"title":"lagos projeto viver o ver\u00e3o 2021 - Algarve 7","description":"lagos projeto viver o ver\u00e3o 2021 Atualidade","robots":{"index":"index","follow":"follow","max-snippet":"max-snippet:-1","max-image-preview":"max-image-preview:large","max-video-preview":"max-video-preview:-1"},"canonical":"https:\/\/algarve7.pt\/index.php\/2021\/05\/lagos-projeto-viver-o-verao-2021\/atualidade\/07\/43\/","og_locale":"pt_PT","og_type":"article","og_title":"lagos projeto viver o ver\u00e3o 2021 - Algarve 7","og_description":"lagos projeto viver o ver\u00e3o 2021 Atualidade","og_url":"https:\/\/algarve7.pt\/index.php\/2021\/05\/lagos-projeto-viver-o-verao-2021\/atualidade\/07\/43\/","og_site_name":"Algarve 7","article_publisher":"https:\/\/www.facebook.com\/algarve7","article_author":"https:\/\/www.facebook.com\/algarve7","article_published_time":"2021-05-14T06:43:35+00:00","article_modified_time":"2021-05-14T06:43:39+00:00","og_image":[{"width":1920,"height":1280,"url":"https:\/\/algarve7.pt\/wp-content\/uploads\/2021\/05\/ViverVerao_OCS.jpg","type":"image\/jpeg"}],"author":"Algarve 7","twitter_card":"summary_large_image","twitter_creator":"@Algarvesete","twitter_site":"@Algarvesete","twitter_misc":{"Escrito por":"Algarve 7","Tempo estimado de leitura":"2 minutos"},"schema":{"@context":"https:\/\/schema.org","@graph":[{"@type":"Article","@id":"https:\/\/algarve7.pt\/index.php\/2021\/05\/lagos-projeto-viver-o-verao-2021\/atualidade\/07\/43\/#article","isPartOf":{"@id":"https:\/\/algarve7.pt\/index.php\/2021\/05\/lagos-projeto-viver-o-verao-2021\/atualidade\/07\/43\/"},"author":{"name":"Algarve 7","@id":"https:\/\/algarve7.pt\/#\/schema\/person\/23fa70681308e7b319a3204bcea45e0c"},"headline":"lagos projeto viver o ver\u00e3o 2021","datePublished":"2021-05-14T06:43:35+00:00","dateModified":"2021-05-14T06:43:39+00:00","mainEntityOfPage":{"@id":"https:\/\/algarve7.pt\/index.php\/2021\/05\/lagos-projeto-viver-o-verao-2021\/atualidade\/07\/43\/"},"wordCount":436,"publisher":{"@id":"https:\/\/algarve7.pt\/#organization"},"image":{"@id":"https:\/\/algarve7.pt\/index.php\/2021\/05\/lagos-projeto-viver-o-verao-2021\/atualidade\/07\/43\/#primaryimage"},"thumbnailUrl":"https:\/\/algarve7.pt\/wp-content\/uploads\/2021\/05\/ViverVerao_OCS.jpg","keywords":["Algarve","Atualidade","Lagos","Ver\u00e3o"],"articleSection":["Atualidade"],"inLanguage":"pt-PT"},{"@type":"WebPage","@id":"https:\/\/algarve7.pt\/index.php\/2021\/05\/lagos-projeto-viver-o-verao-2021\/atualidade\/07\/43\/","url":"https:\/\/algarve7.pt\/index.php\/2021\/05\/lagos-projeto-viver-o-verao-2021\/atualidade\/07\/43\/","name":"lagos projeto viver o ver\u00e3o 2021 - Algarve 7","isPartOf":{"@id":"https:\/\/algarve7.pt\/#website"},"primaryImageOfPage":{"@id":"https:\/\/algarve7.pt\/index.php\/2021\/05\/lagos-projeto-viver-o-verao-2021\/atualidade\/07\/43\/#primaryimage"},"image":{"@id":"https:\/\/algarve7.pt\/index.php\/2021\/05\/lagos-projeto-viver-o-verao-2021\/atualidade\/07\/43\/#primaryimage"},"thumbnailUrl":"https:\/\/algarve7.pt\/wp-content\/uploads\/2021\/05\/ViverVerao_OCS.jpg","datePublished":"2021-05-14T06:43:35+00:00","dateModified":"2021-05-14T06:43:39+00:00","description":"lagos projeto viver o ver\u00e3o 2021 Atualidade","breadcrumb":{"@id":"https:\/\/algarve7.pt\/index.php\/2021\/05\/lagos-projeto-viver-o-verao-2021\/atualidade\/07\/43\/#breadcrumb"},"inLanguage":"pt-PT","potentialAction":[{"@type":"ReadAction","target":["https:\/\/algarve7.pt\/index.php\/2021\/05\/lagos-projeto-viver-o-verao-2021\/atualidade\/07\/43\/"]}]},{"@type":"ImageObject","inLanguage":"pt-PT","@id":"https:\/\/algarve7.pt\/index.php\/2021\/05\/lagos-projeto-viver-o-verao-2021\/atualidade\/07\/43\/#primaryimage","url":"https:\/\/algarve7.pt\/wp-content\/uploads\/2021\/05\/ViverVerao_OCS.jpg","contentUrl":"https:\/\/algarve7.pt\/wp-content\/uploads\/2021\/05\/ViverVerao_OCS.jpg","width":1920,"height":1280},{"@type":"BreadcrumbList","@id":"https:\/\/algarve7.pt\/index.php\/2021\/05\/lagos-projeto-viver-o-verao-2021\/atualidade\/07\/43\/#breadcrumb","itemListElement":[{"@type":"ListItem","position":1,"name":"In\u00edcio","item":"https:\/\/algarve7.pt\/"},{"@type":"ListItem","position":2,"name":"lagos projeto viver o ver\u00e3o 2021"}]},{"@type":"WebSite","@id":"https:\/\/algarve7.pt\/#website","url":"https:\/\/algarve7.pt\/","name":"Algarve 7","description":"Informa\u00e7\u00e3o sobre o Algarve","publisher":{"@id":"https:\/\/algarve7.pt\/#organization"},"potentialAction":[{"@type":"SearchAction","target":{"@type":"EntryPoint","urlTemplate":"https:\/\/algarve7.pt\/?s={search_term_string}"},"query-input":{"@type":"PropertyValueSpecification","valueRequired":true,"valueName":"search_term_string"}}],"inLanguage":"pt-PT"},{"@type":"Organization","@id":"https:\/\/algarve7.pt\/#organization","name":"Algarve 7","url":"https:\/\/algarve7.pt\/","logo":{"@type":"ImageObject","inLanguage":"pt-PT","@id":"https:\/\/algarve7.pt\/#\/schema\/logo\/image\/","url":"https:\/\/algarve7.pt\/wp-content\/uploads\/2020\/10\/Logo-8.jpg","contentUrl":"https:\/\/algarve7.pt\/wp-content\/uploads\/2020\/10\/Logo-8.jpg","width":1680,"height":1186,"caption":"Algarve 7"},"image":{"@id":"https:\/\/algarve7.pt\/#\/schema\/logo\/image\/"},"sameAs":["https:\/\/www.facebook.com\/algarve7","https:\/\/x.com\/Algarvesete","https:\/\/www.instagram.com\/jornalalgarve7\/","https:\/\/www.linkedin.com\/company\/algarve7","https:\/\/www.pinterest.pt\/geral0939\/_created\/"]},{"@type":"Person","@id":"https:\/\/algarve7.pt\/#\/schema\/person\/23fa70681308e7b319a3204bcea45e0c","name":"Algarve 7","sameAs":["https:\/\/algarve7.pt","https:\/\/www.facebook.com\/algarve7"],"url":"https:\/\/algarve7.pt\/index.php\/author\/geralalgarve7-pt\/"}]}},"jetpack_publicize_connections":[],"jetpack_featured_media_url":"https:\/\/algarve7.pt\/wp-content\/uploads\/2021\/05\/ViverVerao_OCS.jpg","jetpack_shortlink":"https:\/\/wp.me\/pcezmW-2bD","jetpack_sharing_enabled":true,"_links":{"self":[{"href":"https:\/\/algarve7.pt\/index.php\/wp-json\/wp\/v2\/posts\/8409","targetHints":{"allow":["GET"]}}],"collection":[{"href":"https:\/\/algarve7.pt\/index.php\/wp-json\/wp\/v2\/posts"}],"about":[{"href":"https:\/\/algarve7.pt\/index.php\/wp-json\/wp\/v2\/types\/post"}],"author":[{"embeddable":true,"href":"https:\/\/algarve7.pt\/index.php\/wp-json\/wp\/v2\/users\/1"}],"replies":[{"embeddable":true,"href":"https:\/\/algarve7.pt\/index.php\/wp-json\/wp\/v2\/comments?post=8409"}],"version-history":[{"count":0,"href":"https:\/\/algarve7.pt\/index.php\/wp-json\/wp\/v2\/posts\/8409\/revisions"}],"wp:featuredmedia":[{"embeddable":true,"href":"https:\/\/algarve7.pt\/index.php\/wp-json\/wp\/v2\/media\/8410"}],"wp:attachment":[{"href":"https:\/\/algarve7.pt\/index.php\/wp-json\/wp\/v2\/media?parent=8409"}],"wp:term":[{"taxonomy":"category","embeddable":true,"href":"https:\/\/algarve7.pt\/index.php\/wp-json\/wp\/v2\/categories?post=8409"},{"taxonomy":"post_tag","embeddable":true,"href":"https:\/\/algarve7.pt\/index.php\/wp-json\/wp\/v2\/tags?post=8409"}],"curies":[{"name":"wp","href":"https:\/\/api.w.org\/{rel}","templated":true}]}}