{"id":8400,"date":"2021-05-13T14:19:00","date_gmt":"2021-05-13T13:19:00","guid":{"rendered":"https:\/\/algarve7.pt\/?p=8400"},"modified":"2021-05-12T21:20:01","modified_gmt":"2021-05-12T20:20:01","slug":"dia-nacional-dos-cientistas-conferencia-caminhos-do-conhecimento-a-relevancia-da-sociedade-para-a-ciencia","status":"publish","type":"post","link":"https:\/\/algarve7.pt\/index.php\/2021\/05\/dia-nacional-dos-cientistas-conferencia-caminhos-do-conhecimento-a-relevancia-da-sociedade-para-a-ciencia\/nacional\/14\/19\/","title":{"rendered":"Dia Nacional dos Cientistas: confer\u00eancia &#8220;Caminhos do Conhecimento &#8211; A relev\u00e2ncia da sociedade para a ci\u00eancia&#8221;"},"content":{"rendered":"\n<p>O papel da ci\u00eancia na sociedade tornou-se mais vis\u00edvel do que nunca no ano que passou, e tem sido objeto de amplo debate. J\u00e1 a forma como a sociedade contribui para o avan\u00e7o da ci\u00eancia e, em geral, do conhecimento, tende a passar despercebida.<\/p>\n\n\n\n<p>Os cidad\u00e3os votam, manifestam-se nas redes sociais e fazem escolhas: t\u00eam, portanto, o poder de apoiar pol\u00edticas p\u00fablicas que promovam ou dificultem o avan\u00e7o do conhecimento. O&nbsp;<strong>Pacto Ecol\u00f3gico Europeu<\/strong>&nbsp;baseia-se no conhecimento cient\u00edfico mais atual e pressup\u00f5e uma ampla ades\u00e3o dos cidad\u00e3os.<\/p>\n\n\n\n<p><br>A Ci\u00eancia Viva, em colabora\u00e7\u00e3o com o Ecsite &#8211; rede europeia de museus e centros de ci\u00eancia, promove no dia&nbsp;<strong>14 de maio<\/strong>, das&nbsp;<strong>10.00<\/strong>&nbsp;\u00e0s&nbsp;<strong>16.30<\/strong>, a Confer\u00eancia \u201c<strong>Caminhos do Conhecimento &#8211; A relev\u00e2ncia da sociedade para a ci\u00eancia<\/strong>\u201d, numa celebra\u00e7\u00e3o antecipada do&nbsp;<strong>Dia Nacional dos Cientistas<\/strong>.&nbsp;\u00c9 com muito orgulho que desde 2016 celebramos esta data institu\u00edda pela Assembleia da Rep\u00fablica em homenagem a Jos\u00e9 Mariano Gago.<\/p>\n\n\n\n<p>Do painel de convidados fazem parte Manuel Heitor (Ministro da Ci\u00eancia, Tecnologia e Ensino Superior), Alexandre Quintanilha (cientista e deputado da Assembleia da Rep\u00fablica), Elvira Fortunato (Universidade NOVA de Lisboa e CENIMAT), Helena Canh\u00e3o (co-fundadora da Patient Innovation), Nuno Ferrand (Museu de Hist\u00f3ria Natural da Universidade do Porto) e os diretores dos principais museus e centros de ci\u00eancia da Europa.<\/p>\n\n\n\n<p><br>Os alunos da Escola Ci\u00eancia Viva ter\u00e3o neste dia &#8220;Encontro com o Cientista&#8221; Pedro Abreu, do LIP &#8211; Laborat\u00f3rio de Instrumenta\u00e7\u00e3o e F\u00edsica Experimental de Part\u00edculas. Ao longo do programa ser\u00e1 tamb\u00e9m dada a palavra a v\u00e1rios jovens apaixonados pela ci\u00eancia: \u00e9 o Ci\u00eancia Viva TimTine!<\/p>\n\n\n\n<p><strong>TRANSMISS\u00c3O ON-LINE<\/strong><\/p>\n\n\n\n<p><strong><em>Livestreaming<\/em>&nbsp;<a href=\"https:\/\/app.getresponse.com\/click.html?x=a62b&amp;lc=SR5FrF&amp;mc=J5&amp;s=BM0QSnZ&amp;u=QX4DJ&amp;z=ECIcwqQ&amp;\" target=\"_blank\" rel=\"noreferrer noopener\"><u>aqui<\/u><\/a><\/strong><\/p>\n\n\n\n<p>Sess\u00e3o on-line sem necessidade de inscri\u00e7\u00e3o pr\u00e9via.<\/p>\n\n\n\n<p>Dirigida ao p\u00fablico geral.<\/p>\n","protected":false},"excerpt":{"rendered":"<p>O papel da ci\u00eancia na sociedade tornou-se mais vis\u00edvel do que nunca no ano que passou, e tem sido objeto<\/p>\n","protected":false},"author":1,"featured_media":8401,"comment_status":"closed","ping_status":"open","sticky":false,"template":"","format":"standard","meta":{"colormag_page_container_layout":"default_layout","colormag_page_sidebar_layout":"default_layout","_monsterinsights_skip_tracking":false,"_monsterinsights_sitenote_active":false,"_monsterinsights_sitenote_note":"","_monsterinsights_sitenote_category":0,"jetpack_post_was_ever_published":false,"_jetpack_newsletter_access":"","_jetpack_dont_email_post_to_subs":false,"_jetpack_newsletter_tier_id":0,"_jetpack_memberships_contains_paywalled_content":false,"_jetpack_memberships_contains_paid_content":false,"footnotes":"","jetpack_publicize_message":"","jetpack_publicize_feature_enabled":true,"jetpack_social_post_already_shared":true,"jetpack_social_options":{"image_generator_settings":{"template":"highway","default_image_id":0,"font":"","enabled":false},"version":2}},"categories":[189],"tags":[87,98,253],"class_list":["post-8400","post","type-post","status-publish","format-standard","has-post-thumbnail","hentry","category-nacional","tag-ciencia-viva","tag-nacional","tag-online"],"yoast_head":"<!-- This site is optimized with the Yoast SEO plugin v27.5 - https:\/\/yoast.com\/product\/yoast-seo-wordpress\/ -->\n<title>Dia Nacional dos Cientistas: confer\u00eancia &quot;Caminhos do Conhecimento - A relev\u00e2ncia da sociedade para a ci\u00eancia&quot; - Algarve 7<\/title>\n<meta name=\"description\" content=\"Dia Nacional dos Cientistas: confer\u00eancia &quot;Caminhos do Conhecimento - A relev\u00e2ncia da sociedade para a ci\u00eancia&quot; Nacional\" \/>\n<meta name=\"robots\" content=\"index, follow, max-snippet:-1, max-image-preview:large, max-video-preview:-1\" \/>\n<link rel=\"canonical\" href=\"https:\/\/algarve7.pt\/index.php\/2021\/05\/dia-nacional-dos-cientistas-conferencia-caminhos-do-conhecimento-a-relevancia-da-sociedade-para-a-ciencia\/nacional\/14\/19\/\" \/>\n<meta property=\"og:locale\" content=\"pt_PT\" \/>\n<meta property=\"og:type\" content=\"article\" \/>\n<meta property=\"og:title\" content=\"Dia Nacional dos Cientistas: confer\u00eancia &quot;Caminhos do Conhecimento - A relev\u00e2ncia da sociedade para a ci\u00eancia&quot; - Algarve 7\" \/>\n<meta property=\"og:description\" content=\"Dia Nacional dos Cientistas: confer\u00eancia &quot;Caminhos do Conhecimento - A relev\u00e2ncia da sociedade para a ci\u00eancia&quot; Nacional\" \/>\n<meta property=\"og:url\" content=\"https:\/\/algarve7.pt\/index.php\/2021\/05\/dia-nacional-dos-cientistas-conferencia-caminhos-do-conhecimento-a-relevancia-da-sociedade-para-a-ciencia\/nacional\/14\/19\/\" \/>\n<meta property=\"og:site_name\" content=\"Algarve 7\" \/>\n<meta property=\"article:publisher\" content=\"https:\/\/www.facebook.com\/algarve7\" \/>\n<meta property=\"article:author\" content=\"https:\/\/www.facebook.com\/algarve7\" \/>\n<meta property=\"article:published_time\" content=\"2021-05-13T13:19:00+00:00\" \/>\n<meta property=\"og:image\" content=\"https:\/\/algarve7.pt\/wp-content\/uploads\/2021\/05\/Captura-de-ecra-2021-05-12-as-21.15.20-e1620850751843.png\" \/>\n\t<meta property=\"og:image:width\" content=\"949\" \/>\n\t<meta property=\"og:image:height\" content=\"448\" \/>\n\t<meta property=\"og:image:type\" content=\"image\/png\" \/>\n<meta name=\"author\" content=\"Algarve 7\" \/>\n<meta name=\"twitter:card\" content=\"summary_large_image\" \/>\n<meta name=\"twitter:creator\" content=\"@Algarvesete\" \/>\n<meta name=\"twitter:site\" content=\"@Algarvesete\" \/>\n<meta name=\"twitter:label1\" content=\"Escrito por\" \/>\n\t<meta name=\"twitter:data1\" content=\"Algarve 7\" \/>\n\t<meta name=\"twitter:label2\" content=\"Tempo estimado de leitura\" \/>\n\t<meta name=\"twitter:data2\" content=\"2 minutos\" \/>\n<script type=\"application\/ld+json\" class=\"yoast-schema-graph\">{\"@context\":\"https:\\\/\\\/schema.org\",\"@graph\":[{\"@type\":\"Article\",\"@id\":\"https:\\\/\\\/algarve7.pt\\\/index.php\\\/2021\\\/05\\\/dia-nacional-dos-cientistas-conferencia-caminhos-do-conhecimento-a-relevancia-da-sociedade-para-a-ciencia\\\/nacional\\\/14\\\/19\\\/#article\",\"isPartOf\":{\"@id\":\"https:\\\/\\\/algarve7.pt\\\/index.php\\\/2021\\\/05\\\/dia-nacional-dos-cientistas-conferencia-caminhos-do-conhecimento-a-relevancia-da-sociedade-para-a-ciencia\\\/nacional\\\/14\\\/19\\\/\"},\"author\":{\"name\":\"Algarve 7\",\"@id\":\"https:\\\/\\\/algarve7.pt\\\/#\\\/schema\\\/person\\\/23fa70681308e7b319a3204bcea45e0c\"},\"headline\":\"Dia Nacional dos Cientistas: confer\u00eancia &#8220;Caminhos do Conhecimento &#8211; A relev\u00e2ncia da sociedade para a ci\u00eancia&#8221;\",\"datePublished\":\"2021-05-13T13:19:00+00:00\",\"mainEntityOfPage\":{\"@id\":\"https:\\\/\\\/algarve7.pt\\\/index.php\\\/2021\\\/05\\\/dia-nacional-dos-cientistas-conferencia-caminhos-do-conhecimento-a-relevancia-da-sociedade-para-a-ciencia\\\/nacional\\\/14\\\/19\\\/\"},\"wordCount\":342,\"publisher\":{\"@id\":\"https:\\\/\\\/algarve7.pt\\\/#organization\"},\"image\":{\"@id\":\"https:\\\/\\\/algarve7.pt\\\/index.php\\\/2021\\\/05\\\/dia-nacional-dos-cientistas-conferencia-caminhos-do-conhecimento-a-relevancia-da-sociedade-para-a-ciencia\\\/nacional\\\/14\\\/19\\\/#primaryimage\"},\"thumbnailUrl\":\"https:\\\/\\\/algarve7.pt\\\/wp-content\\\/uploads\\\/2021\\\/05\\\/Captura-de-ecra-2021-05-12-as-21.15.20-e1620850751843.png\",\"keywords\":[\"Ci\u00eancia Viva\",\"Nacional\",\"Online\"],\"articleSection\":[\"Nacional\"],\"inLanguage\":\"pt-PT\"},{\"@type\":\"WebPage\",\"@id\":\"https:\\\/\\\/algarve7.pt\\\/index.php\\\/2021\\\/05\\\/dia-nacional-dos-cientistas-conferencia-caminhos-do-conhecimento-a-relevancia-da-sociedade-para-a-ciencia\\\/nacional\\\/14\\\/19\\\/\",\"url\":\"https:\\\/\\\/algarve7.pt\\\/index.php\\\/2021\\\/05\\\/dia-nacional-dos-cientistas-conferencia-caminhos-do-conhecimento-a-relevancia-da-sociedade-para-a-ciencia\\\/nacional\\\/14\\\/19\\\/\",\"name\":\"Dia Nacional dos Cientistas: confer\u00eancia \\\"Caminhos do Conhecimento - A relev\u00e2ncia da sociedade para a ci\u00eancia\\\" - Algarve 7\",\"isPartOf\":{\"@id\":\"https:\\\/\\\/algarve7.pt\\\/#website\"},\"primaryImageOfPage\":{\"@id\":\"https:\\\/\\\/algarve7.pt\\\/index.php\\\/2021\\\/05\\\/dia-nacional-dos-cientistas-conferencia-caminhos-do-conhecimento-a-relevancia-da-sociedade-para-a-ciencia\\\/nacional\\\/14\\\/19\\\/#primaryimage\"},\"image\":{\"@id\":\"https:\\\/\\\/algarve7.pt\\\/index.php\\\/2021\\\/05\\\/dia-nacional-dos-cientistas-conferencia-caminhos-do-conhecimento-a-relevancia-da-sociedade-para-a-ciencia\\\/nacional\\\/14\\\/19\\\/#primaryimage\"},\"thumbnailUrl\":\"https:\\\/\\\/algarve7.pt\\\/wp-content\\\/uploads\\\/2021\\\/05\\\/Captura-de-ecra-2021-05-12-as-21.15.20-e1620850751843.png\",\"datePublished\":\"2021-05-13T13:19:00+00:00\",\"description\":\"Dia Nacional dos Cientistas: confer\u00eancia \\\"Caminhos do Conhecimento - A relev\u00e2ncia da sociedade para a ci\u00eancia\\\" Nacional\",\"breadcrumb\":{\"@id\":\"https:\\\/\\\/algarve7.pt\\\/index.php\\\/2021\\\/05\\\/dia-nacional-dos-cientistas-conferencia-caminhos-do-conhecimento-a-relevancia-da-sociedade-para-a-ciencia\\\/nacional\\\/14\\\/19\\\/#breadcrumb\"},\"inLanguage\":\"pt-PT\",\"potentialAction\":[{\"@type\":\"ReadAction\",\"target\":[\"https:\\\/\\\/algarve7.pt\\\/index.php\\\/2021\\\/05\\\/dia-nacional-dos-cientistas-conferencia-caminhos-do-conhecimento-a-relevancia-da-sociedade-para-a-ciencia\\\/nacional\\\/14\\\/19\\\/\"]}]},{\"@type\":\"ImageObject\",\"inLanguage\":\"pt-PT\",\"@id\":\"https:\\\/\\\/algarve7.pt\\\/index.php\\\/2021\\\/05\\\/dia-nacional-dos-cientistas-conferencia-caminhos-do-conhecimento-a-relevancia-da-sociedade-para-a-ciencia\\\/nacional\\\/14\\\/19\\\/#primaryimage\",\"url\":\"https:\\\/\\\/algarve7.pt\\\/wp-content\\\/uploads\\\/2021\\\/05\\\/Captura-de-ecra-2021-05-12-as-21.15.20-e1620850751843.png\",\"contentUrl\":\"https:\\\/\\\/algarve7.pt\\\/wp-content\\\/uploads\\\/2021\\\/05\\\/Captura-de-ecra-2021-05-12-as-21.15.20-e1620850751843.png\",\"width\":949,\"height\":448},{\"@type\":\"BreadcrumbList\",\"@id\":\"https:\\\/\\\/algarve7.pt\\\/index.php\\\/2021\\\/05\\\/dia-nacional-dos-cientistas-conferencia-caminhos-do-conhecimento-a-relevancia-da-sociedade-para-a-ciencia\\\/nacional\\\/14\\\/19\\\/#breadcrumb\",\"itemListElement\":[{\"@type\":\"ListItem\",\"position\":1,\"name\":\"In\u00edcio\",\"item\":\"https:\\\/\\\/algarve7.pt\\\/\"},{\"@type\":\"ListItem\",\"position\":2,\"name\":\"Dia Nacional dos Cientistas: confer\u00eancia &#8220;Caminhos do Conhecimento &#8211; A relev\u00e2ncia da sociedade para a ci\u00eancia&#8221;\"}]},{\"@type\":\"WebSite\",\"@id\":\"https:\\\/\\\/algarve7.pt\\\/#website\",\"url\":\"https:\\\/\\\/algarve7.pt\\\/\",\"name\":\"Algarve 7\",\"description\":\"Informa\u00e7\u00e3o sobre o Algarve\",\"publisher\":{\"@id\":\"https:\\\/\\\/algarve7.pt\\\/#organization\"},\"potentialAction\":[{\"@type\":\"SearchAction\",\"target\":{\"@type\":\"EntryPoint\",\"urlTemplate\":\"https:\\\/\\\/algarve7.pt\\\/?s={search_term_string}\"},\"query-input\":{\"@type\":\"PropertyValueSpecification\",\"valueRequired\":true,\"valueName\":\"search_term_string\"}}],\"inLanguage\":\"pt-PT\"},{\"@type\":\"Organization\",\"@id\":\"https:\\\/\\\/algarve7.pt\\\/#organization\",\"name\":\"Algarve 7\",\"url\":\"https:\\\/\\\/algarve7.pt\\\/\",\"logo\":{\"@type\":\"ImageObject\",\"inLanguage\":\"pt-PT\",\"@id\":\"https:\\\/\\\/algarve7.pt\\\/#\\\/schema\\\/logo\\\/image\\\/\",\"url\":\"https:\\\/\\\/algarve7.pt\\\/wp-content\\\/uploads\\\/2020\\\/10\\\/Logo-8.jpg\",\"contentUrl\":\"https:\\\/\\\/algarve7.pt\\\/wp-content\\\/uploads\\\/2020\\\/10\\\/Logo-8.jpg\",\"width\":1680,\"height\":1186,\"caption\":\"Algarve 7\"},\"image\":{\"@id\":\"https:\\\/\\\/algarve7.pt\\\/#\\\/schema\\\/logo\\\/image\\\/\"},\"sameAs\":[\"https:\\\/\\\/www.facebook.com\\\/algarve7\",\"https:\\\/\\\/x.com\\\/Algarvesete\",\"https:\\\/\\\/www.instagram.com\\\/jornalalgarve7\\\/\",\"https:\\\/\\\/www.linkedin.com\\\/company\\\/algarve7\",\"https:\\\/\\\/www.pinterest.pt\\\/geral0939\\\/_created\\\/\"]},{\"@type\":\"Person\",\"@id\":\"https:\\\/\\\/algarve7.pt\\\/#\\\/schema\\\/person\\\/23fa70681308e7b319a3204bcea45e0c\",\"name\":\"Algarve 7\",\"sameAs\":[\"https:\\\/\\\/algarve7.pt\",\"https:\\\/\\\/www.facebook.com\\\/algarve7\"],\"url\":\"https:\\\/\\\/algarve7.pt\\\/index.php\\\/author\\\/geralalgarve7-pt\\\/\"}]}<\/script>\n<!-- \/ Yoast SEO plugin. -->","yoast_head_json":{"title":"Dia Nacional dos Cientistas: confer\u00eancia \"Caminhos do Conhecimento - A relev\u00e2ncia da sociedade para a ci\u00eancia\" - Algarve 7","description":"Dia Nacional dos Cientistas: confer\u00eancia \"Caminhos do Conhecimento - A relev\u00e2ncia da sociedade para a ci\u00eancia\" Nacional","robots":{"index":"index","follow":"follow","max-snippet":"max-snippet:-1","max-image-preview":"max-image-preview:large","max-video-preview":"max-video-preview:-1"},"canonical":"https:\/\/algarve7.pt\/index.php\/2021\/05\/dia-nacional-dos-cientistas-conferencia-caminhos-do-conhecimento-a-relevancia-da-sociedade-para-a-ciencia\/nacional\/14\/19\/","og_locale":"pt_PT","og_type":"article","og_title":"Dia Nacional dos Cientistas: confer\u00eancia \"Caminhos do Conhecimento - A relev\u00e2ncia da sociedade para a ci\u00eancia\" - Algarve 7","og_description":"Dia Nacional dos Cientistas: confer\u00eancia \"Caminhos do Conhecimento - A relev\u00e2ncia da sociedade para a ci\u00eancia\" Nacional","og_url":"https:\/\/algarve7.pt\/index.php\/2021\/05\/dia-nacional-dos-cientistas-conferencia-caminhos-do-conhecimento-a-relevancia-da-sociedade-para-a-ciencia\/nacional\/14\/19\/","og_site_name":"Algarve 7","article_publisher":"https:\/\/www.facebook.com\/algarve7","article_author":"https:\/\/www.facebook.com\/algarve7","article_published_time":"2021-05-13T13:19:00+00:00","og_image":[{"width":949,"height":448,"url":"https:\/\/algarve7.pt\/wp-content\/uploads\/2021\/05\/Captura-de-ecra-2021-05-12-as-21.15.20-e1620850751843.png","type":"image\/png"}],"author":"Algarve 7","twitter_card":"summary_large_image","twitter_creator":"@Algarvesete","twitter_site":"@Algarvesete","twitter_misc":{"Escrito por":"Algarve 7","Tempo estimado de leitura":"2 minutos"},"schema":{"@context":"https:\/\/schema.org","@graph":[{"@type":"Article","@id":"https:\/\/algarve7.pt\/index.php\/2021\/05\/dia-nacional-dos-cientistas-conferencia-caminhos-do-conhecimento-a-relevancia-da-sociedade-para-a-ciencia\/nacional\/14\/19\/#article","isPartOf":{"@id":"https:\/\/algarve7.pt\/index.php\/2021\/05\/dia-nacional-dos-cientistas-conferencia-caminhos-do-conhecimento-a-relevancia-da-sociedade-para-a-ciencia\/nacional\/14\/19\/"},"author":{"name":"Algarve 7","@id":"https:\/\/algarve7.pt\/#\/schema\/person\/23fa70681308e7b319a3204bcea45e0c"},"headline":"Dia Nacional dos Cientistas: confer\u00eancia &#8220;Caminhos do Conhecimento &#8211; A relev\u00e2ncia da sociedade para a ci\u00eancia&#8221;","datePublished":"2021-05-13T13:19:00+00:00","mainEntityOfPage":{"@id":"https:\/\/algarve7.pt\/index.php\/2021\/05\/dia-nacional-dos-cientistas-conferencia-caminhos-do-conhecimento-a-relevancia-da-sociedade-para-a-ciencia\/nacional\/14\/19\/"},"wordCount":342,"publisher":{"@id":"https:\/\/algarve7.pt\/#organization"},"image":{"@id":"https:\/\/algarve7.pt\/index.php\/2021\/05\/dia-nacional-dos-cientistas-conferencia-caminhos-do-conhecimento-a-relevancia-da-sociedade-para-a-ciencia\/nacional\/14\/19\/#primaryimage"},"thumbnailUrl":"https:\/\/algarve7.pt\/wp-content\/uploads\/2021\/05\/Captura-de-ecra-2021-05-12-as-21.15.20-e1620850751843.png","keywords":["Ci\u00eancia Viva","Nacional","Online"],"articleSection":["Nacional"],"inLanguage":"pt-PT"},{"@type":"WebPage","@id":"https:\/\/algarve7.pt\/index.php\/2021\/05\/dia-nacional-dos-cientistas-conferencia-caminhos-do-conhecimento-a-relevancia-da-sociedade-para-a-ciencia\/nacional\/14\/19\/","url":"https:\/\/algarve7.pt\/index.php\/2021\/05\/dia-nacional-dos-cientistas-conferencia-caminhos-do-conhecimento-a-relevancia-da-sociedade-para-a-ciencia\/nacional\/14\/19\/","name":"Dia Nacional dos Cientistas: confer\u00eancia \"Caminhos do Conhecimento - A relev\u00e2ncia da sociedade para a ci\u00eancia\" - Algarve 7","isPartOf":{"@id":"https:\/\/algarve7.pt\/#website"},"primaryImageOfPage":{"@id":"https:\/\/algarve7.pt\/index.php\/2021\/05\/dia-nacional-dos-cientistas-conferencia-caminhos-do-conhecimento-a-relevancia-da-sociedade-para-a-ciencia\/nacional\/14\/19\/#primaryimage"},"image":{"@id":"https:\/\/algarve7.pt\/index.php\/2021\/05\/dia-nacional-dos-cientistas-conferencia-caminhos-do-conhecimento-a-relevancia-da-sociedade-para-a-ciencia\/nacional\/14\/19\/#primaryimage"},"thumbnailUrl":"https:\/\/algarve7.pt\/wp-content\/uploads\/2021\/05\/Captura-de-ecra-2021-05-12-as-21.15.20-e1620850751843.png","datePublished":"2021-05-13T13:19:00+00:00","description":"Dia Nacional dos Cientistas: confer\u00eancia \"Caminhos do Conhecimento - A relev\u00e2ncia da sociedade para a ci\u00eancia\" Nacional","breadcrumb":{"@id":"https:\/\/algarve7.pt\/index.php\/2021\/05\/dia-nacional-dos-cientistas-conferencia-caminhos-do-conhecimento-a-relevancia-da-sociedade-para-a-ciencia\/nacional\/14\/19\/#breadcrumb"},"inLanguage":"pt-PT","potentialAction":[{"@type":"ReadAction","target":["https:\/\/algarve7.pt\/index.php\/2021\/05\/dia-nacional-dos-cientistas-conferencia-caminhos-do-conhecimento-a-relevancia-da-sociedade-para-a-ciencia\/nacional\/14\/19\/"]}]},{"@type":"ImageObject","inLanguage":"pt-PT","@id":"https:\/\/algarve7.pt\/index.php\/2021\/05\/dia-nacional-dos-cientistas-conferencia-caminhos-do-conhecimento-a-relevancia-da-sociedade-para-a-ciencia\/nacional\/14\/19\/#primaryimage","url":"https:\/\/algarve7.pt\/wp-content\/uploads\/2021\/05\/Captura-de-ecra-2021-05-12-as-21.15.20-e1620850751843.png","contentUrl":"https:\/\/algarve7.pt\/wp-content\/uploads\/2021\/05\/Captura-de-ecra-2021-05-12-as-21.15.20-e1620850751843.png","width":949,"height":448},{"@type":"BreadcrumbList","@id":"https:\/\/algarve7.pt\/index.php\/2021\/05\/dia-nacional-dos-cientistas-conferencia-caminhos-do-conhecimento-a-relevancia-da-sociedade-para-a-ciencia\/nacional\/14\/19\/#breadcrumb","itemListElement":[{"@type":"ListItem","position":1,"name":"In\u00edcio","item":"https:\/\/algarve7.pt\/"},{"@type":"ListItem","position":2,"name":"Dia Nacional dos Cientistas: confer\u00eancia &#8220;Caminhos do Conhecimento &#8211; A relev\u00e2ncia da sociedade para a ci\u00eancia&#8221;"}]},{"@type":"WebSite","@id":"https:\/\/algarve7.pt\/#website","url":"https:\/\/algarve7.pt\/","name":"Algarve 7","description":"Informa\u00e7\u00e3o sobre o Algarve","publisher":{"@id":"https:\/\/algarve7.pt\/#organization"},"potentialAction":[{"@type":"SearchAction","target":{"@type":"EntryPoint","urlTemplate":"https:\/\/algarve7.pt\/?s={search_term_string}"},"query-input":{"@type":"PropertyValueSpecification","valueRequired":true,"valueName":"search_term_string"}}],"inLanguage":"pt-PT"},{"@type":"Organization","@id":"https:\/\/algarve7.pt\/#organization","name":"Algarve 7","url":"https:\/\/algarve7.pt\/","logo":{"@type":"ImageObject","inLanguage":"pt-PT","@id":"https:\/\/algarve7.pt\/#\/schema\/logo\/image\/","url":"https:\/\/algarve7.pt\/wp-content\/uploads\/2020\/10\/Logo-8.jpg","contentUrl":"https:\/\/algarve7.pt\/wp-content\/uploads\/2020\/10\/Logo-8.jpg","width":1680,"height":1186,"caption":"Algarve 7"},"image":{"@id":"https:\/\/algarve7.pt\/#\/schema\/logo\/image\/"},"sameAs":["https:\/\/www.facebook.com\/algarve7","https:\/\/x.com\/Algarvesete","https:\/\/www.instagram.com\/jornalalgarve7\/","https:\/\/www.linkedin.com\/company\/algarve7","https:\/\/www.pinterest.pt\/geral0939\/_created\/"]},{"@type":"Person","@id":"https:\/\/algarve7.pt\/#\/schema\/person\/23fa70681308e7b319a3204bcea45e0c","name":"Algarve 7","sameAs":["https:\/\/algarve7.pt","https:\/\/www.facebook.com\/algarve7"],"url":"https:\/\/algarve7.pt\/index.php\/author\/geralalgarve7-pt\/"}]}},"jetpack_publicize_connections":[],"jetpack_featured_media_url":"https:\/\/algarve7.pt\/wp-content\/uploads\/2021\/05\/Captura-de-ecra-2021-05-12-as-21.15.20-e1620850751843.png","jetpack_shortlink":"https:\/\/wp.me\/pcezmW-2bu","jetpack_sharing_enabled":true,"_links":{"self":[{"href":"https:\/\/algarve7.pt\/index.php\/wp-json\/wp\/v2\/posts\/8400","targetHints":{"allow":["GET"]}}],"collection":[{"href":"https:\/\/algarve7.pt\/index.php\/wp-json\/wp\/v2\/posts"}],"about":[{"href":"https:\/\/algarve7.pt\/index.php\/wp-json\/wp\/v2\/types\/post"}],"author":[{"embeddable":true,"href":"https:\/\/algarve7.pt\/index.php\/wp-json\/wp\/v2\/users\/1"}],"replies":[{"embeddable":true,"href":"https:\/\/algarve7.pt\/index.php\/wp-json\/wp\/v2\/comments?post=8400"}],"version-history":[{"count":0,"href":"https:\/\/algarve7.pt\/index.php\/wp-json\/wp\/v2\/posts\/8400\/revisions"}],"wp:featuredmedia":[{"embeddable":true,"href":"https:\/\/algarve7.pt\/index.php\/wp-json\/wp\/v2\/media\/8401"}],"wp:attachment":[{"href":"https:\/\/algarve7.pt\/index.php\/wp-json\/wp\/v2\/media?parent=8400"}],"wp:term":[{"taxonomy":"category","embeddable":true,"href":"https:\/\/algarve7.pt\/index.php\/wp-json\/wp\/v2\/categories?post=8400"},{"taxonomy":"post_tag","embeddable":true,"href":"https:\/\/algarve7.pt\/index.php\/wp-json\/wp\/v2\/tags?post=8400"}],"curies":[{"name":"wp","href":"https:\/\/api.w.org\/{rel}","templated":true}]}}