{"id":8398,"date":"2021-05-13T13:45:00","date_gmt":"2021-05-13T12:45:00","guid":{"rendered":"https:\/\/algarve7.pt\/?p=8398"},"modified":"2021-05-12T20:23:27","modified_gmt":"2021-05-12T19:23:27","slug":"portugal-desce-emissoes-em-56-em-2019-mas-precisa-de-alinhar-trajetorias-de-reducao-nalguns-setores","status":"publish","type":"post","link":"https:\/\/algarve7.pt\/index.php\/2021\/05\/portugal-desce-emissoes-em-56-em-2019-mas-precisa-de-alinhar-trajetorias-de-reducao-nalguns-setores\/ambiente\/13\/45\/","title":{"rendered":"Portugal desce emiss\u00f5es em 5,6% em 2019 mas precisa de alinhar trajet\u00f3rias de redu\u00e7\u00e3o nalguns setores"},"content":{"rendered":"\n<p>A ferramenta de monitoriza\u00e7\u00e3o de implementa\u00e7\u00e3o dos Planos Nacionais de Energia e Clima (PNEC) (<a href=\"https:\/\/unify.caneurope.org\/policy-areas\/necp\/\" target=\"_blank\" rel=\"noreferrer noopener\">https:\/\/unify.caneurope.org\/policy-areas\/necp\/<\/a>), lan\u00e7ada hoje no \u00e2mbito do projeto LIFE UNIFY, de que a ZERO \u00e9 parceira, permite a visualiza\u00e7\u00e3o do cumprimento das metas dos atuais PNEC de dez Estados Membros, entre eles Portugal. Atrav\u00e9s da compara\u00e7\u00e3o dos dados de emiss\u00f5es mais recentes com as trajet\u00f3rias necess\u00e1rias para o cumprimento das metas definidas nos PNEC, esta ferramenta permite visualizar claramente como est\u00e3o os Estados Membros relativamente ao cumprimento das metas indicadas nos seus atuais planos.\u00a0<\/p>\n\n\n\n<p>A ferramenta de monitoriza\u00e7\u00e3o permite n\u00e3o s\u00f3 uma visualiza\u00e7\u00e3o do cumprimento da trajet\u00f3ria necess\u00e1ria para se cumprirem as metas de redu\u00e7\u00e3o de emiss\u00f5es totais de gases com efeito de estufa em cada pa\u00eds, mas tamb\u00e9m a redu\u00e7\u00e3o de emiss\u00f5es setoriais e alguns indicadores de transi\u00e7\u00e3o energ\u00e9tica. Esta ferramenta mostra que muitos pa\u00edses n\u00e3o est\u00e3o ainda alinhados com as metas presentes nos seus atuais planos, que por sua vez n\u00e3o est\u00e3o ainda alinhados com a nova meta clim\u00e1tica, mais ambiciosa, da UE.\u00a0Portugal est\u00e1 atualmente a cumprir a trajet\u00f3ria relativamente \u00e0s emiss\u00f5es totais de gases com efeito de estufa para atingir as metas definidas no PNEC, que est\u00e3o em linha com a neutralidade clim\u00e1tica em 2050. De acordo com os dados mais recentes disponibilizados pela Ag\u00eancia Portuguesa do Ambiente em abril, no ano de 2019, as emiss\u00f5es de gases com efeito de estufa, sem se considerar as altera\u00e7\u00f5es de uso do solo e floresta (LULUCF em Ingl\u00eas) totalizaram 63,6 milh\u00f5es de toneladas de CO<sub>2<\/sub>\u00a0equivalente (CO<sub>2<\/sub>e), o que representa uma redu\u00e7\u00e3o de 5,6% face ao ano anterior e uma redu\u00e7\u00e3o de 25,8% face a 2005. O valor total das emiss\u00f5es considerando a componente florestas totalizaram 55,6 milh\u00f5es de toneladas de CO<sub>2<\/sub>\u00a0equivalente (CO<sub>2<\/sub>e), o que\u00a0representa uma redu\u00e7\u00e3o de 8,0% face ao ano anterior e uma redu\u00e7\u00e3o de 37,2% face a 2005, sendo o segundo valor mais baixo de emiss\u00f5es l\u00edquidas de Portugal desde 1990. O setor das florestas tem efetivamente apresentado uma grande variabilidade em Portugal. As florestas atuam habitualmente como sumidouro, retirando carbono da atmosfera como aconteceu em 2019, num valor de quase 8 milh\u00f5es de toneladas de di\u00f3xido de carbono equivalente, ao contr\u00e1rio do que teve lugar no ano de 2017, onde os inc\u00eandios conduziram a floresta a atuar de forma substancial como emissor l\u00edquido.<\/p>\n\n\n\n<p>Apesar da evolu\u00e7\u00e3o positiva em termos globais, relativamente \u00e0s emiss\u00f5es setoriais na ind\u00fastria, agricultura e transportes, estas s\u00e3o ainda superiores \u00e0s necess\u00e1rias de acordo com a percurso desej\u00e1vel e ser\u00e1 necess\u00e1rio um esfor\u00e7o acrescido para cumprir as metas. O mesmo acontece com a evolu\u00e7\u00e3o do papel da efici\u00eancia energ\u00e9tica, que n\u00e3o s\u00f3 n\u00e3o est\u00e1 a cumprir a trajet\u00f3ria necess\u00e1ria, como parece estar numa trajet\u00f3ria oposta, de consumo crescente de energia final a cada ano. Relativamente \u00e0 contribui\u00e7\u00e3o das energias renov\u00e1veis no consumo final de energia, apesar dos valores de 2019 serem apenas ligeiramente superiores \u00e0s metas estabelecidas na legisla\u00e7\u00e3o e na trajet\u00f3ria do PNEC, o pa\u00eds parece estar no caminho certo.<\/p>\n\n\n\n<p>A implementa\u00e7\u00e3o dos PNEC dos Estados Membros ser\u00e1 um fator chave para se atingirem as metas clim\u00e1ticas e energ\u00e9ticas na Uni\u00e3o Europeia em 2030. Os atuais PNEC ser\u00e3o ainda sujeitos a revis\u00e3o para estarem alinhados com a nova ambi\u00e7\u00e3o clim\u00e1tica da Uni\u00e3o Europeia de acordo com o pacote legislativo \u201cPreparados para 55\u201d (\u201c<em>Fit for 55<\/em>\u201d) que ser\u00e1 proposto pela Comiss\u00e3o Europeia em junho deste ano. No entanto, \u00e9 necess\u00e1rio assegurar desde j\u00e1 que os Estados Membros est\u00e3o no bom caminho para garantir a implementa\u00e7\u00e3o dos seus atuais planos e est\u00e3o prontos para aumentar a sua ambi\u00e7\u00e3o.&nbsp;&nbsp;<\/p>\n\n\n\n<p>Markus Trilling, Coordenador de Pol\u00edticas de Finan\u00e7as e Subs\u00eddios da Climate Action Network (CAN) Europa disse: \u201cOs Planos Nacionais de Energia e Clima v\u00e3o desempenhar um papel chave para implementar a maior ambi\u00e7\u00e3o clim\u00e1tica na Europa. A futura proposta legislativa da Comiss\u00e3o Europeia \u201cFit for 55\u201d tem de definir a base para aumentar as metas vinculativas de clima e energia nos PNEC.<a>&nbsp;<\/a>Esta ferramenta agora proposta mostra onde os Estados Membros falham e porque precisamos desesperadamente de manter metas nacionais vinculativas no Regulamento Partilha de Esfor\u00e7os, cobrindo emiss\u00f5es do transporte rodovi\u00e1rio, edif\u00edcios e agricultura.\u201d<\/p>\n\n\n\n<p>Francisco Ferreira, Presidente da ZERO, disse: \u201cEsta ferramenta, ao permitir uma visualiza\u00e7\u00e3o da trajet\u00f3ria para se atingirem as metas, \u00e9 importante n\u00e3o s\u00f3 para monitorizar anualmente o progresso relativamente \u00e0s metas definidas no PNEC e perceber onde ser\u00e3o necess\u00e1rios reajustamentos, assim como para manter os governos dos Estados Membros respons\u00e1veis, uma vez que a informa\u00e7\u00e3o \u00e9 clara e acess\u00edvel para o p\u00fablico em geral.\u201d<\/p>\n","protected":false},"excerpt":{"rendered":"<p>A ferramenta de monitoriza\u00e7\u00e3o de implementa\u00e7\u00e3o dos Planos Nacionais de Energia e Clima (PNEC) (https:\/\/unify.caneurope.org\/policy-areas\/necp\/), lan\u00e7ada hoje no \u00e2mbito do<\/p>\n","protected":false},"author":1,"featured_media":2319,"comment_status":"closed","ping_status":"open","sticky":false,"template":"","format":"standard","meta":{"colormag_page_container_layout":"default_layout","colormag_page_sidebar_layout":"default_layout","_monsterinsights_skip_tracking":false,"_monsterinsights_sitenote_active":false,"_monsterinsights_sitenote_note":"","_monsterinsights_sitenote_category":0,"jetpack_post_was_ever_published":false,"_jetpack_newsletter_access":"","_jetpack_dont_email_post_to_subs":false,"_jetpack_newsletter_tier_id":0,"_jetpack_memberships_contains_paywalled_content":false,"_jetpack_memberships_contains_paid_content":false,"footnotes":"","jetpack_publicize_message":"","jetpack_publicize_feature_enabled":true,"jetpack_social_post_already_shared":true,"jetpack_social_options":{"image_generator_settings":{"template":"highway","default_image_id":0,"font":"","enabled":false},"version":2}},"categories":[5],"tags":[32,98,220],"class_list":["post-8398","post","type-post","status-publish","format-standard","has-post-thumbnail","hentry","category-ambiente","tag-ambiente","tag-nacional","tag-zero"],"yoast_head":"<!-- This site is optimized with the Yoast SEO plugin v27.5 - https:\/\/yoast.com\/product\/yoast-seo-wordpress\/ -->\n<title>Portugal desce emiss\u00f5es em 5,6% em 2019 mas precisa de alinhar trajet\u00f3rias de redu\u00e7\u00e3o nalguns setores - Algarve 7<\/title>\n<meta name=\"description\" content=\"Portugal desce emiss\u00f5es em 5,6% em 2019 mas precisa de alinhar trajet\u00f3rias de redu\u00e7\u00e3o nalguns setores Ambiente\" \/>\n<meta name=\"robots\" content=\"index, follow, max-snippet:-1, max-image-preview:large, max-video-preview:-1\" \/>\n<link rel=\"canonical\" href=\"https:\/\/algarve7.pt\/index.php\/2021\/05\/portugal-desce-emissoes-em-56-em-2019-mas-precisa-de-alinhar-trajetorias-de-reducao-nalguns-setores\/ambiente\/13\/45\/\" \/>\n<meta property=\"og:locale\" content=\"pt_PT\" \/>\n<meta property=\"og:type\" content=\"article\" \/>\n<meta property=\"og:title\" content=\"Portugal desce emiss\u00f5es em 5,6% em 2019 mas precisa de alinhar trajet\u00f3rias de redu\u00e7\u00e3o nalguns setores - Algarve 7\" \/>\n<meta property=\"og:description\" content=\"Portugal desce emiss\u00f5es em 5,6% em 2019 mas precisa de alinhar trajet\u00f3rias de redu\u00e7\u00e3o nalguns setores Ambiente\" \/>\n<meta property=\"og:url\" content=\"https:\/\/algarve7.pt\/index.php\/2021\/05\/portugal-desce-emissoes-em-56-em-2019-mas-precisa-de-alinhar-trajetorias-de-reducao-nalguns-setores\/ambiente\/13\/45\/\" \/>\n<meta property=\"og:site_name\" content=\"Algarve 7\" \/>\n<meta property=\"article:publisher\" content=\"https:\/\/www.facebook.com\/algarve7\" \/>\n<meta property=\"article:author\" content=\"https:\/\/www.facebook.com\/algarve7\" \/>\n<meta property=\"article:published_time\" content=\"2021-05-13T12:45:00+00:00\" \/>\n<meta property=\"og:image\" content=\"https:\/\/algarve7.pt\/wp-content\/uploads\/2020\/10\/img_0024.jpg\" \/>\n\t<meta property=\"og:image:width\" content=\"600\" \/>\n\t<meta property=\"og:image:height\" content=\"300\" \/>\n\t<meta property=\"og:image:type\" content=\"image\/jpeg\" \/>\n<meta name=\"author\" content=\"Algarve 7\" \/>\n<meta name=\"twitter:card\" content=\"summary_large_image\" \/>\n<meta name=\"twitter:creator\" content=\"@Algarvesete\" \/>\n<meta name=\"twitter:site\" content=\"@Algarvesete\" \/>\n<meta name=\"twitter:label1\" content=\"Escrito por\" \/>\n\t<meta name=\"twitter:data1\" content=\"Algarve 7\" \/>\n\t<meta name=\"twitter:label2\" content=\"Tempo estimado de leitura\" \/>\n\t<meta name=\"twitter:data2\" content=\"4 minutos\" \/>\n<script type=\"application\/ld+json\" class=\"yoast-schema-graph\">{\"@context\":\"https:\\\/\\\/schema.org\",\"@graph\":[{\"@type\":\"Article\",\"@id\":\"https:\\\/\\\/algarve7.pt\\\/index.php\\\/2021\\\/05\\\/portugal-desce-emissoes-em-56-em-2019-mas-precisa-de-alinhar-trajetorias-de-reducao-nalguns-setores\\\/ambiente\\\/13\\\/45\\\/#article\",\"isPartOf\":{\"@id\":\"https:\\\/\\\/algarve7.pt\\\/index.php\\\/2021\\\/05\\\/portugal-desce-emissoes-em-56-em-2019-mas-precisa-de-alinhar-trajetorias-de-reducao-nalguns-setores\\\/ambiente\\\/13\\\/45\\\/\"},\"author\":{\"name\":\"Algarve 7\",\"@id\":\"https:\\\/\\\/algarve7.pt\\\/#\\\/schema\\\/person\\\/23fa70681308e7b319a3204bcea45e0c\"},\"headline\":\"Portugal desce emiss\u00f5es em 5,6% em 2019 mas precisa de alinhar trajet\u00f3rias de redu\u00e7\u00e3o nalguns setores\",\"datePublished\":\"2021-05-13T12:45:00+00:00\",\"mainEntityOfPage\":{\"@id\":\"https:\\\/\\\/algarve7.pt\\\/index.php\\\/2021\\\/05\\\/portugal-desce-emissoes-em-56-em-2019-mas-precisa-de-alinhar-trajetorias-de-reducao-nalguns-setores\\\/ambiente\\\/13\\\/45\\\/\"},\"wordCount\":859,\"publisher\":{\"@id\":\"https:\\\/\\\/algarve7.pt\\\/#organization\"},\"image\":{\"@id\":\"https:\\\/\\\/algarve7.pt\\\/index.php\\\/2021\\\/05\\\/portugal-desce-emissoes-em-56-em-2019-mas-precisa-de-alinhar-trajetorias-de-reducao-nalguns-setores\\\/ambiente\\\/13\\\/45\\\/#primaryimage\"},\"thumbnailUrl\":\"https:\\\/\\\/algarve7.pt\\\/wp-content\\\/uploads\\\/2020\\\/10\\\/img_0024.jpg\",\"keywords\":[\"Ambiente\",\"Nacional\",\"ZERO\"],\"articleSection\":[\"Ambiente\"],\"inLanguage\":\"pt-PT\"},{\"@type\":\"WebPage\",\"@id\":\"https:\\\/\\\/algarve7.pt\\\/index.php\\\/2021\\\/05\\\/portugal-desce-emissoes-em-56-em-2019-mas-precisa-de-alinhar-trajetorias-de-reducao-nalguns-setores\\\/ambiente\\\/13\\\/45\\\/\",\"url\":\"https:\\\/\\\/algarve7.pt\\\/index.php\\\/2021\\\/05\\\/portugal-desce-emissoes-em-56-em-2019-mas-precisa-de-alinhar-trajetorias-de-reducao-nalguns-setores\\\/ambiente\\\/13\\\/45\\\/\",\"name\":\"Portugal desce emiss\u00f5es em 5,6% em 2019 mas precisa de alinhar trajet\u00f3rias de redu\u00e7\u00e3o nalguns setores - Algarve 7\",\"isPartOf\":{\"@id\":\"https:\\\/\\\/algarve7.pt\\\/#website\"},\"primaryImageOfPage\":{\"@id\":\"https:\\\/\\\/algarve7.pt\\\/index.php\\\/2021\\\/05\\\/portugal-desce-emissoes-em-56-em-2019-mas-precisa-de-alinhar-trajetorias-de-reducao-nalguns-setores\\\/ambiente\\\/13\\\/45\\\/#primaryimage\"},\"image\":{\"@id\":\"https:\\\/\\\/algarve7.pt\\\/index.php\\\/2021\\\/05\\\/portugal-desce-emissoes-em-56-em-2019-mas-precisa-de-alinhar-trajetorias-de-reducao-nalguns-setores\\\/ambiente\\\/13\\\/45\\\/#primaryimage\"},\"thumbnailUrl\":\"https:\\\/\\\/algarve7.pt\\\/wp-content\\\/uploads\\\/2020\\\/10\\\/img_0024.jpg\",\"datePublished\":\"2021-05-13T12:45:00+00:00\",\"description\":\"Portugal desce emiss\u00f5es em 5,6% em 2019 mas precisa de alinhar trajet\u00f3rias de redu\u00e7\u00e3o nalguns setores Ambiente\",\"breadcrumb\":{\"@id\":\"https:\\\/\\\/algarve7.pt\\\/index.php\\\/2021\\\/05\\\/portugal-desce-emissoes-em-56-em-2019-mas-precisa-de-alinhar-trajetorias-de-reducao-nalguns-setores\\\/ambiente\\\/13\\\/45\\\/#breadcrumb\"},\"inLanguage\":\"pt-PT\",\"potentialAction\":[{\"@type\":\"ReadAction\",\"target\":[\"https:\\\/\\\/algarve7.pt\\\/index.php\\\/2021\\\/05\\\/portugal-desce-emissoes-em-56-em-2019-mas-precisa-de-alinhar-trajetorias-de-reducao-nalguns-setores\\\/ambiente\\\/13\\\/45\\\/\"]}]},{\"@type\":\"ImageObject\",\"inLanguage\":\"pt-PT\",\"@id\":\"https:\\\/\\\/algarve7.pt\\\/index.php\\\/2021\\\/05\\\/portugal-desce-emissoes-em-56-em-2019-mas-precisa-de-alinhar-trajetorias-de-reducao-nalguns-setores\\\/ambiente\\\/13\\\/45\\\/#primaryimage\",\"url\":\"https:\\\/\\\/algarve7.pt\\\/wp-content\\\/uploads\\\/2020\\\/10\\\/img_0024.jpg\",\"contentUrl\":\"https:\\\/\\\/algarve7.pt\\\/wp-content\\\/uploads\\\/2020\\\/10\\\/img_0024.jpg\",\"width\":600,\"height\":300},{\"@type\":\"BreadcrumbList\",\"@id\":\"https:\\\/\\\/algarve7.pt\\\/index.php\\\/2021\\\/05\\\/portugal-desce-emissoes-em-56-em-2019-mas-precisa-de-alinhar-trajetorias-de-reducao-nalguns-setores\\\/ambiente\\\/13\\\/45\\\/#breadcrumb\",\"itemListElement\":[{\"@type\":\"ListItem\",\"position\":1,\"name\":\"In\u00edcio\",\"item\":\"https:\\\/\\\/algarve7.pt\\\/\"},{\"@type\":\"ListItem\",\"position\":2,\"name\":\"Portugal desce emiss\u00f5es em 5,6% em 2019 mas precisa de alinhar trajet\u00f3rias de redu\u00e7\u00e3o nalguns setores\"}]},{\"@type\":\"WebSite\",\"@id\":\"https:\\\/\\\/algarve7.pt\\\/#website\",\"url\":\"https:\\\/\\\/algarve7.pt\\\/\",\"name\":\"Algarve 7\",\"description\":\"Informa\u00e7\u00e3o sobre o Algarve\",\"publisher\":{\"@id\":\"https:\\\/\\\/algarve7.pt\\\/#organization\"},\"potentialAction\":[{\"@type\":\"SearchAction\",\"target\":{\"@type\":\"EntryPoint\",\"urlTemplate\":\"https:\\\/\\\/algarve7.pt\\\/?s={search_term_string}\"},\"query-input\":{\"@type\":\"PropertyValueSpecification\",\"valueRequired\":true,\"valueName\":\"search_term_string\"}}],\"inLanguage\":\"pt-PT\"},{\"@type\":\"Organization\",\"@id\":\"https:\\\/\\\/algarve7.pt\\\/#organization\",\"name\":\"Algarve 7\",\"url\":\"https:\\\/\\\/algarve7.pt\\\/\",\"logo\":{\"@type\":\"ImageObject\",\"inLanguage\":\"pt-PT\",\"@id\":\"https:\\\/\\\/algarve7.pt\\\/#\\\/schema\\\/logo\\\/image\\\/\",\"url\":\"https:\\\/\\\/algarve7.pt\\\/wp-content\\\/uploads\\\/2020\\\/10\\\/Logo-8.jpg\",\"contentUrl\":\"https:\\\/\\\/algarve7.pt\\\/wp-content\\\/uploads\\\/2020\\\/10\\\/Logo-8.jpg\",\"width\":1680,\"height\":1186,\"caption\":\"Algarve 7\"},\"image\":{\"@id\":\"https:\\\/\\\/algarve7.pt\\\/#\\\/schema\\\/logo\\\/image\\\/\"},\"sameAs\":[\"https:\\\/\\\/www.facebook.com\\\/algarve7\",\"https:\\\/\\\/x.com\\\/Algarvesete\",\"https:\\\/\\\/www.instagram.com\\\/jornalalgarve7\\\/\",\"https:\\\/\\\/www.linkedin.com\\\/company\\\/algarve7\",\"https:\\\/\\\/www.pinterest.pt\\\/geral0939\\\/_created\\\/\"]},{\"@type\":\"Person\",\"@id\":\"https:\\\/\\\/algarve7.pt\\\/#\\\/schema\\\/person\\\/23fa70681308e7b319a3204bcea45e0c\",\"name\":\"Algarve 7\",\"sameAs\":[\"https:\\\/\\\/algarve7.pt\",\"https:\\\/\\\/www.facebook.com\\\/algarve7\"],\"url\":\"https:\\\/\\\/algarve7.pt\\\/index.php\\\/author\\\/geralalgarve7-pt\\\/\"}]}<\/script>\n<!-- \/ Yoast SEO plugin. -->","yoast_head_json":{"title":"Portugal desce emiss\u00f5es em 5,6% em 2019 mas precisa de alinhar trajet\u00f3rias de redu\u00e7\u00e3o nalguns setores - Algarve 7","description":"Portugal desce emiss\u00f5es em 5,6% em 2019 mas precisa de alinhar trajet\u00f3rias de redu\u00e7\u00e3o nalguns setores Ambiente","robots":{"index":"index","follow":"follow","max-snippet":"max-snippet:-1","max-image-preview":"max-image-preview:large","max-video-preview":"max-video-preview:-1"},"canonical":"https:\/\/algarve7.pt\/index.php\/2021\/05\/portugal-desce-emissoes-em-56-em-2019-mas-precisa-de-alinhar-trajetorias-de-reducao-nalguns-setores\/ambiente\/13\/45\/","og_locale":"pt_PT","og_type":"article","og_title":"Portugal desce emiss\u00f5es em 5,6% em 2019 mas precisa de alinhar trajet\u00f3rias de redu\u00e7\u00e3o nalguns setores - Algarve 7","og_description":"Portugal desce emiss\u00f5es em 5,6% em 2019 mas precisa de alinhar trajet\u00f3rias de redu\u00e7\u00e3o nalguns setores Ambiente","og_url":"https:\/\/algarve7.pt\/index.php\/2021\/05\/portugal-desce-emissoes-em-56-em-2019-mas-precisa-de-alinhar-trajetorias-de-reducao-nalguns-setores\/ambiente\/13\/45\/","og_site_name":"Algarve 7","article_publisher":"https:\/\/www.facebook.com\/algarve7","article_author":"https:\/\/www.facebook.com\/algarve7","article_published_time":"2021-05-13T12:45:00+00:00","og_image":[{"width":600,"height":300,"url":"https:\/\/algarve7.pt\/wp-content\/uploads\/2020\/10\/img_0024.jpg","type":"image\/jpeg"}],"author":"Algarve 7","twitter_card":"summary_large_image","twitter_creator":"@Algarvesete","twitter_site":"@Algarvesete","twitter_misc":{"Escrito por":"Algarve 7","Tempo estimado de leitura":"4 minutos"},"schema":{"@context":"https:\/\/schema.org","@graph":[{"@type":"Article","@id":"https:\/\/algarve7.pt\/index.php\/2021\/05\/portugal-desce-emissoes-em-56-em-2019-mas-precisa-de-alinhar-trajetorias-de-reducao-nalguns-setores\/ambiente\/13\/45\/#article","isPartOf":{"@id":"https:\/\/algarve7.pt\/index.php\/2021\/05\/portugal-desce-emissoes-em-56-em-2019-mas-precisa-de-alinhar-trajetorias-de-reducao-nalguns-setores\/ambiente\/13\/45\/"},"author":{"name":"Algarve 7","@id":"https:\/\/algarve7.pt\/#\/schema\/person\/23fa70681308e7b319a3204bcea45e0c"},"headline":"Portugal desce emiss\u00f5es em 5,6% em 2019 mas precisa de alinhar trajet\u00f3rias de redu\u00e7\u00e3o nalguns setores","datePublished":"2021-05-13T12:45:00+00:00","mainEntityOfPage":{"@id":"https:\/\/algarve7.pt\/index.php\/2021\/05\/portugal-desce-emissoes-em-56-em-2019-mas-precisa-de-alinhar-trajetorias-de-reducao-nalguns-setores\/ambiente\/13\/45\/"},"wordCount":859,"publisher":{"@id":"https:\/\/algarve7.pt\/#organization"},"image":{"@id":"https:\/\/algarve7.pt\/index.php\/2021\/05\/portugal-desce-emissoes-em-56-em-2019-mas-precisa-de-alinhar-trajetorias-de-reducao-nalguns-setores\/ambiente\/13\/45\/#primaryimage"},"thumbnailUrl":"https:\/\/algarve7.pt\/wp-content\/uploads\/2020\/10\/img_0024.jpg","keywords":["Ambiente","Nacional","ZERO"],"articleSection":["Ambiente"],"inLanguage":"pt-PT"},{"@type":"WebPage","@id":"https:\/\/algarve7.pt\/index.php\/2021\/05\/portugal-desce-emissoes-em-56-em-2019-mas-precisa-de-alinhar-trajetorias-de-reducao-nalguns-setores\/ambiente\/13\/45\/","url":"https:\/\/algarve7.pt\/index.php\/2021\/05\/portugal-desce-emissoes-em-56-em-2019-mas-precisa-de-alinhar-trajetorias-de-reducao-nalguns-setores\/ambiente\/13\/45\/","name":"Portugal desce emiss\u00f5es em 5,6% em 2019 mas precisa de alinhar trajet\u00f3rias de redu\u00e7\u00e3o nalguns setores - Algarve 7","isPartOf":{"@id":"https:\/\/algarve7.pt\/#website"},"primaryImageOfPage":{"@id":"https:\/\/algarve7.pt\/index.php\/2021\/05\/portugal-desce-emissoes-em-56-em-2019-mas-precisa-de-alinhar-trajetorias-de-reducao-nalguns-setores\/ambiente\/13\/45\/#primaryimage"},"image":{"@id":"https:\/\/algarve7.pt\/index.php\/2021\/05\/portugal-desce-emissoes-em-56-em-2019-mas-precisa-de-alinhar-trajetorias-de-reducao-nalguns-setores\/ambiente\/13\/45\/#primaryimage"},"thumbnailUrl":"https:\/\/algarve7.pt\/wp-content\/uploads\/2020\/10\/img_0024.jpg","datePublished":"2021-05-13T12:45:00+00:00","description":"Portugal desce emiss\u00f5es em 5,6% em 2019 mas precisa de alinhar trajet\u00f3rias de redu\u00e7\u00e3o nalguns setores Ambiente","breadcrumb":{"@id":"https:\/\/algarve7.pt\/index.php\/2021\/05\/portugal-desce-emissoes-em-56-em-2019-mas-precisa-de-alinhar-trajetorias-de-reducao-nalguns-setores\/ambiente\/13\/45\/#breadcrumb"},"inLanguage":"pt-PT","potentialAction":[{"@type":"ReadAction","target":["https:\/\/algarve7.pt\/index.php\/2021\/05\/portugal-desce-emissoes-em-56-em-2019-mas-precisa-de-alinhar-trajetorias-de-reducao-nalguns-setores\/ambiente\/13\/45\/"]}]},{"@type":"ImageObject","inLanguage":"pt-PT","@id":"https:\/\/algarve7.pt\/index.php\/2021\/05\/portugal-desce-emissoes-em-56-em-2019-mas-precisa-de-alinhar-trajetorias-de-reducao-nalguns-setores\/ambiente\/13\/45\/#primaryimage","url":"https:\/\/algarve7.pt\/wp-content\/uploads\/2020\/10\/img_0024.jpg","contentUrl":"https:\/\/algarve7.pt\/wp-content\/uploads\/2020\/10\/img_0024.jpg","width":600,"height":300},{"@type":"BreadcrumbList","@id":"https:\/\/algarve7.pt\/index.php\/2021\/05\/portugal-desce-emissoes-em-56-em-2019-mas-precisa-de-alinhar-trajetorias-de-reducao-nalguns-setores\/ambiente\/13\/45\/#breadcrumb","itemListElement":[{"@type":"ListItem","position":1,"name":"In\u00edcio","item":"https:\/\/algarve7.pt\/"},{"@type":"ListItem","position":2,"name":"Portugal desce emiss\u00f5es em 5,6% em 2019 mas precisa de alinhar trajet\u00f3rias de redu\u00e7\u00e3o nalguns setores"}]},{"@type":"WebSite","@id":"https:\/\/algarve7.pt\/#website","url":"https:\/\/algarve7.pt\/","name":"Algarve 7","description":"Informa\u00e7\u00e3o sobre o Algarve","publisher":{"@id":"https:\/\/algarve7.pt\/#organization"},"potentialAction":[{"@type":"SearchAction","target":{"@type":"EntryPoint","urlTemplate":"https:\/\/algarve7.pt\/?s={search_term_string}"},"query-input":{"@type":"PropertyValueSpecification","valueRequired":true,"valueName":"search_term_string"}}],"inLanguage":"pt-PT"},{"@type":"Organization","@id":"https:\/\/algarve7.pt\/#organization","name":"Algarve 7","url":"https:\/\/algarve7.pt\/","logo":{"@type":"ImageObject","inLanguage":"pt-PT","@id":"https:\/\/algarve7.pt\/#\/schema\/logo\/image\/","url":"https:\/\/algarve7.pt\/wp-content\/uploads\/2020\/10\/Logo-8.jpg","contentUrl":"https:\/\/algarve7.pt\/wp-content\/uploads\/2020\/10\/Logo-8.jpg","width":1680,"height":1186,"caption":"Algarve 7"},"image":{"@id":"https:\/\/algarve7.pt\/#\/schema\/logo\/image\/"},"sameAs":["https:\/\/www.facebook.com\/algarve7","https:\/\/x.com\/Algarvesete","https:\/\/www.instagram.com\/jornalalgarve7\/","https:\/\/www.linkedin.com\/company\/algarve7","https:\/\/www.pinterest.pt\/geral0939\/_created\/"]},{"@type":"Person","@id":"https:\/\/algarve7.pt\/#\/schema\/person\/23fa70681308e7b319a3204bcea45e0c","name":"Algarve 7","sameAs":["https:\/\/algarve7.pt","https:\/\/www.facebook.com\/algarve7"],"url":"https:\/\/algarve7.pt\/index.php\/author\/geralalgarve7-pt\/"}]}},"jetpack_publicize_connections":[],"jetpack_featured_media_url":"https:\/\/algarve7.pt\/wp-content\/uploads\/2020\/10\/img_0024.jpg","jetpack_shortlink":"https:\/\/wp.me\/pcezmW-2bs","jetpack_sharing_enabled":true,"_links":{"self":[{"href":"https:\/\/algarve7.pt\/index.php\/wp-json\/wp\/v2\/posts\/8398","targetHints":{"allow":["GET"]}}],"collection":[{"href":"https:\/\/algarve7.pt\/index.php\/wp-json\/wp\/v2\/posts"}],"about":[{"href":"https:\/\/algarve7.pt\/index.php\/wp-json\/wp\/v2\/types\/post"}],"author":[{"embeddable":true,"href":"https:\/\/algarve7.pt\/index.php\/wp-json\/wp\/v2\/users\/1"}],"replies":[{"embeddable":true,"href":"https:\/\/algarve7.pt\/index.php\/wp-json\/wp\/v2\/comments?post=8398"}],"version-history":[{"count":0,"href":"https:\/\/algarve7.pt\/index.php\/wp-json\/wp\/v2\/posts\/8398\/revisions"}],"wp:featuredmedia":[{"embeddable":true,"href":"https:\/\/algarve7.pt\/index.php\/wp-json\/wp\/v2\/media\/2319"}],"wp:attachment":[{"href":"https:\/\/algarve7.pt\/index.php\/wp-json\/wp\/v2\/media?parent=8398"}],"wp:term":[{"taxonomy":"category","embeddable":true,"href":"https:\/\/algarve7.pt\/index.php\/wp-json\/wp\/v2\/categories?post=8398"},{"taxonomy":"post_tag","embeddable":true,"href":"https:\/\/algarve7.pt\/index.php\/wp-json\/wp\/v2\/tags?post=8398"}],"curies":[{"name":"wp","href":"https:\/\/api.w.org\/{rel}","templated":true}]}}