{"id":820,"date":"2020-08-27T09:56:39","date_gmt":"2020-08-27T08:56:39","guid":{"rendered":"https:\/\/algarve7.pt\/?p=820"},"modified":"2020-08-27T11:35:43","modified_gmt":"2020-08-27T10:35:43","slug":"7o-festival-internacional-de-guitarra-de-lagoa","status":"publish","type":"post","link":"https:\/\/algarve7.pt\/index.php\/2020\/08\/7o-festival-internacional-de-guitarra-de-lagoa\/atualidade\/09\/56\/","title":{"rendered":"7\u00ba Festival Internacional de Guitarra de Lagoa"},"content":{"rendered":"\n<p class=\"MsoNormal\">Entre os dias 12 de setembro e 1 de outubro realiza-se o \u201c<strong>7\u00ba Festival Internacional de Guitarra de Lagoa<\/strong>\u201d, com espet\u00e1culos em diversos pontos do Concelho.<\/p>\n\n\n\n<p class=\"MsoNormal\">O Munic\u00edpio de Lagoa, apesar de todos os condicionalismos, leva a efeito o seu \u201c<strong>7\u00ba Festival Internacional de Guitarra de Lagoa<\/strong>\u201d, enquadrado na tem\u00e1tica que o Munic\u00edpio valoriza como estrat\u00e9gica para os pr\u00f3ximos anos \u201cLagoa, Cidade Sustent\u00e1vel\u201d, este ano com a singularidade de se celebrar os 500 Anos do Lugar de Ferragudo (Castelo S. Jo\u00e3o do Arade). Procuramos em 2020 que a programa\u00e7\u00e3o dos 13 Concertos se realizassem, \u00e0 semelhan\u00e7a dos anos anteriores, em locais distintos do Concelho, valorizando, assim, o Patrim\u00f3nio art\u00edstico e cultural da Cidade de Lagoa, bem como oferecendo diferentes propostas tem\u00e1ticas.<\/p>\n\n\n\n<p class=\"MsoNormal\">Os ingressos j\u00e1 est\u00e3o dispon\u00edveis e podem ser adquiridos online em:&nbsp;<a href=\"https:\/\/ticketline.sapo.pt\/evento\/7-festival-internacional-de-guitarras-de-la-51107\">https:\/\/ticketline.sapo.pt\/evento\/7-festival-internacional-de-guitarras-de-la-51107<\/a><\/p>\n\n\n\n<p class=\"MsoNormal\">Poder\u00e1 consultar mais informa\u00e7\u00f5es sobre o festival em:&nbsp;<a href=\"http:\/\/www.festivalguitarralagoa.pt\/site\/index.php\">http:\/\/www.festivalguitarralagoa.pt\/site\/index.php<\/a><\/p>\n\n\n\n<p class=\"MsoNormal\">Os espet\u00e1culos realizam-se cumprindo com todas as normas de seguran\u00e7a e higiene, em recintos ao ar livre, ainda que delimitados, de acordo com as normas da DGS e planos de conting\u00eancia criados para o efeito.<\/p>\n\n\n\n<p class=\"MsoNormal\">Importa salientar ainda a obrigatoriedade do uso de m\u00e1scara e o cumprimento das regras de seguran\u00e7a definidas para os diversos espet\u00e1culos.<\/p>\n\n\n\n<p class=\"MsoNormal\">Uma excelente oportunidade para assistir, em seguran\u00e7a, a excelentes espet\u00e1culos musicais\u2026<\/p>\n","protected":false},"excerpt":{"rendered":"<p>Entre os dias 12 de setembro e 1 de outubro realiza-se o \u201c7\u00ba Festival Internacional de Guitarra de Lagoa\u201d, com<\/p>\n","protected":false},"author":1,"featured_media":821,"comment_status":"closed","ping_status":"open","sticky":false,"template":"","format":"standard","meta":{"colormag_page_container_layout":"default_layout","colormag_page_sidebar_layout":"default_layout","_monsterinsights_skip_tracking":false,"_monsterinsights_sitenote_active":false,"_monsterinsights_sitenote_note":"","_monsterinsights_sitenote_category":0,"jetpack_post_was_ever_published":false,"_jetpack_newsletter_access":"","_jetpack_dont_email_post_to_subs":false,"_jetpack_newsletter_tier_id":0,"_jetpack_memberships_contains_paywalled_content":false,"_jetpack_memberships_contains_paid_content":false,"footnotes":"","jetpack_publicize_message":"","jetpack_publicize_feature_enabled":true,"jetpack_social_post_already_shared":true,"jetpack_social_options":{"image_generator_settings":{"template":"highway","default_image_id":0,"font":"","enabled":false},"version":2}},"categories":[11,14],"tags":[52,71,48],"class_list":["post-820","post","type-post","status-publish","format-standard","has-post-thumbnail","hentry","category-atualidade","category-cultura","tag-concerto","tag-festival","tag-lagoa"],"yoast_head":"<!-- This site is optimized with the Yoast SEO plugin v27.4 - https:\/\/yoast.com\/product\/yoast-seo-wordpress\/ -->\n<title>7\u00ba Festival Internacional de Guitarra de Lagoa - Algarve 7<\/title>\n<meta name=\"description\" content=\"7\u00ba Festival Internacional de Guitarra de Lagoa\" \/>\n<meta name=\"robots\" content=\"index, follow, max-snippet:-1, max-image-preview:large, max-video-preview:-1\" \/>\n<link rel=\"canonical\" href=\"https:\/\/algarve7.pt\/index.php\/2020\/08\/7o-festival-internacional-de-guitarra-de-lagoa\/atualidade\/09\/56\/\" \/>\n<meta property=\"og:locale\" content=\"pt_PT\" \/>\n<meta property=\"og:type\" content=\"article\" \/>\n<meta property=\"og:title\" content=\"7\u00ba Festival Internacional de Guitarra de Lagoa - Algarve 7\" \/>\n<meta property=\"og:description\" content=\"7\u00ba Festival Internacional de Guitarra de Lagoa\" \/>\n<meta property=\"og:url\" content=\"https:\/\/algarve7.pt\/index.php\/2020\/08\/7o-festival-internacional-de-guitarra-de-lagoa\/atualidade\/09\/56\/\" \/>\n<meta property=\"og:site_name\" content=\"Algarve 7\" \/>\n<meta property=\"article:publisher\" content=\"https:\/\/www.facebook.com\/algarve7\" \/>\n<meta property=\"article:author\" content=\"https:\/\/www.facebook.com\/algarve7\" \/>\n<meta property=\"article:published_time\" content=\"2020-08-27T08:56:39+00:00\" \/>\n<meta property=\"article:modified_time\" content=\"2020-08-27T10:35:43+00:00\" \/>\n<meta property=\"og:image\" content=\"https:\/\/algarve7.pt\/wp-content\/uploads\/2020\/08\/image002-3.jpg\" \/>\n\t<meta property=\"og:image:width\" content=\"766\" \/>\n\t<meta property=\"og:image:height\" content=\"1083\" \/>\n\t<meta property=\"og:image:type\" content=\"image\/jpeg\" \/>\n<meta name=\"author\" content=\"Algarve 7\" \/>\n<meta name=\"twitter:card\" content=\"summary_large_image\" \/>\n<meta name=\"twitter:creator\" content=\"@Algarvesete\" \/>\n<meta name=\"twitter:site\" content=\"@Algarvesete\" \/>\n<meta name=\"twitter:label1\" content=\"Escrito por\" \/>\n\t<meta name=\"twitter:data1\" content=\"Algarve 7\" \/>\n\t<meta name=\"twitter:label2\" content=\"Tempo estimado de leitura\" \/>\n\t<meta name=\"twitter:data2\" content=\"1 minuto\" \/>\n<script type=\"application\/ld+json\" class=\"yoast-schema-graph\">{\"@context\":\"https:\\\/\\\/schema.org\",\"@graph\":[{\"@type\":\"Article\",\"@id\":\"https:\\\/\\\/algarve7.pt\\\/index.php\\\/2020\\\/08\\\/7o-festival-internacional-de-guitarra-de-lagoa\\\/atualidade\\\/09\\\/56\\\/#article\",\"isPartOf\":{\"@id\":\"https:\\\/\\\/algarve7.pt\\\/index.php\\\/2020\\\/08\\\/7o-festival-internacional-de-guitarra-de-lagoa\\\/atualidade\\\/09\\\/56\\\/\"},\"author\":{\"name\":\"Algarve 7\",\"@id\":\"https:\\\/\\\/algarve7.pt\\\/#\\\/schema\\\/person\\\/23fa70681308e7b319a3204bcea45e0c\"},\"headline\":\"7\u00ba Festival Internacional de Guitarra de Lagoa\",\"datePublished\":\"2020-08-27T08:56:39+00:00\",\"dateModified\":\"2020-08-27T10:35:43+00:00\",\"mainEntityOfPage\":{\"@id\":\"https:\\\/\\\/algarve7.pt\\\/index.php\\\/2020\\\/08\\\/7o-festival-internacional-de-guitarra-de-lagoa\\\/atualidade\\\/09\\\/56\\\/\"},\"wordCount\":244,\"publisher\":{\"@id\":\"https:\\\/\\\/algarve7.pt\\\/#organization\"},\"image\":{\"@id\":\"https:\\\/\\\/algarve7.pt\\\/index.php\\\/2020\\\/08\\\/7o-festival-internacional-de-guitarra-de-lagoa\\\/atualidade\\\/09\\\/56\\\/#primaryimage\"},\"thumbnailUrl\":\"https:\\\/\\\/algarve7.pt\\\/wp-content\\\/uploads\\\/2020\\\/08\\\/image002-3.jpg\",\"keywords\":[\"Concerto\",\"Festival\",\"Lagoa\"],\"articleSection\":[\"Atualidade\",\"Cultura\"],\"inLanguage\":\"pt-PT\"},{\"@type\":\"WebPage\",\"@id\":\"https:\\\/\\\/algarve7.pt\\\/index.php\\\/2020\\\/08\\\/7o-festival-internacional-de-guitarra-de-lagoa\\\/atualidade\\\/09\\\/56\\\/\",\"url\":\"https:\\\/\\\/algarve7.pt\\\/index.php\\\/2020\\\/08\\\/7o-festival-internacional-de-guitarra-de-lagoa\\\/atualidade\\\/09\\\/56\\\/\",\"name\":\"7\u00ba Festival Internacional de Guitarra de Lagoa - Algarve 7\",\"isPartOf\":{\"@id\":\"https:\\\/\\\/algarve7.pt\\\/#website\"},\"primaryImageOfPage\":{\"@id\":\"https:\\\/\\\/algarve7.pt\\\/index.php\\\/2020\\\/08\\\/7o-festival-internacional-de-guitarra-de-lagoa\\\/atualidade\\\/09\\\/56\\\/#primaryimage\"},\"image\":{\"@id\":\"https:\\\/\\\/algarve7.pt\\\/index.php\\\/2020\\\/08\\\/7o-festival-internacional-de-guitarra-de-lagoa\\\/atualidade\\\/09\\\/56\\\/#primaryimage\"},\"thumbnailUrl\":\"https:\\\/\\\/algarve7.pt\\\/wp-content\\\/uploads\\\/2020\\\/08\\\/image002-3.jpg\",\"datePublished\":\"2020-08-27T08:56:39+00:00\",\"dateModified\":\"2020-08-27T10:35:43+00:00\",\"description\":\"7\u00ba Festival Internacional de Guitarra de Lagoa\",\"breadcrumb\":{\"@id\":\"https:\\\/\\\/algarve7.pt\\\/index.php\\\/2020\\\/08\\\/7o-festival-internacional-de-guitarra-de-lagoa\\\/atualidade\\\/09\\\/56\\\/#breadcrumb\"},\"inLanguage\":\"pt-PT\",\"potentialAction\":[{\"@type\":\"ReadAction\",\"target\":[\"https:\\\/\\\/algarve7.pt\\\/index.php\\\/2020\\\/08\\\/7o-festival-internacional-de-guitarra-de-lagoa\\\/atualidade\\\/09\\\/56\\\/\"]}]},{\"@type\":\"ImageObject\",\"inLanguage\":\"pt-PT\",\"@id\":\"https:\\\/\\\/algarve7.pt\\\/index.php\\\/2020\\\/08\\\/7o-festival-internacional-de-guitarra-de-lagoa\\\/atualidade\\\/09\\\/56\\\/#primaryimage\",\"url\":\"https:\\\/\\\/algarve7.pt\\\/wp-content\\\/uploads\\\/2020\\\/08\\\/image002-3.jpg\",\"contentUrl\":\"https:\\\/\\\/algarve7.pt\\\/wp-content\\\/uploads\\\/2020\\\/08\\\/image002-3.jpg\",\"width\":766,\"height\":1083},{\"@type\":\"BreadcrumbList\",\"@id\":\"https:\\\/\\\/algarve7.pt\\\/index.php\\\/2020\\\/08\\\/7o-festival-internacional-de-guitarra-de-lagoa\\\/atualidade\\\/09\\\/56\\\/#breadcrumb\",\"itemListElement\":[{\"@type\":\"ListItem\",\"position\":1,\"name\":\"In\u00edcio\",\"item\":\"https:\\\/\\\/algarve7.pt\\\/\"},{\"@type\":\"ListItem\",\"position\":2,\"name\":\"7\u00ba Festival Internacional de Guitarra de Lagoa\"}]},{\"@type\":\"WebSite\",\"@id\":\"https:\\\/\\\/algarve7.pt\\\/#website\",\"url\":\"https:\\\/\\\/algarve7.pt\\\/\",\"name\":\"Algarve 7\",\"description\":\"Informa\u00e7\u00e3o sobre o Algarve\",\"publisher\":{\"@id\":\"https:\\\/\\\/algarve7.pt\\\/#organization\"},\"potentialAction\":[{\"@type\":\"SearchAction\",\"target\":{\"@type\":\"EntryPoint\",\"urlTemplate\":\"https:\\\/\\\/algarve7.pt\\\/?s={search_term_string}\"},\"query-input\":{\"@type\":\"PropertyValueSpecification\",\"valueRequired\":true,\"valueName\":\"search_term_string\"}}],\"inLanguage\":\"pt-PT\"},{\"@type\":\"Organization\",\"@id\":\"https:\\\/\\\/algarve7.pt\\\/#organization\",\"name\":\"Algarve 7\",\"url\":\"https:\\\/\\\/algarve7.pt\\\/\",\"logo\":{\"@type\":\"ImageObject\",\"inLanguage\":\"pt-PT\",\"@id\":\"https:\\\/\\\/algarve7.pt\\\/#\\\/schema\\\/logo\\\/image\\\/\",\"url\":\"https:\\\/\\\/algarve7.pt\\\/wp-content\\\/uploads\\\/2020\\\/10\\\/Logo-8.jpg\",\"contentUrl\":\"https:\\\/\\\/algarve7.pt\\\/wp-content\\\/uploads\\\/2020\\\/10\\\/Logo-8.jpg\",\"width\":1680,\"height\":1186,\"caption\":\"Algarve 7\"},\"image\":{\"@id\":\"https:\\\/\\\/algarve7.pt\\\/#\\\/schema\\\/logo\\\/image\\\/\"},\"sameAs\":[\"https:\\\/\\\/www.facebook.com\\\/algarve7\",\"https:\\\/\\\/x.com\\\/Algarvesete\",\"https:\\\/\\\/www.instagram.com\\\/jornalalgarve7\\\/\",\"https:\\\/\\\/www.linkedin.com\\\/company\\\/algarve7\",\"https:\\\/\\\/www.pinterest.pt\\\/geral0939\\\/_created\\\/\"]},{\"@type\":\"Person\",\"@id\":\"https:\\\/\\\/algarve7.pt\\\/#\\\/schema\\\/person\\\/23fa70681308e7b319a3204bcea45e0c\",\"name\":\"Algarve 7\",\"sameAs\":[\"https:\\\/\\\/algarve7.pt\",\"https:\\\/\\\/www.facebook.com\\\/algarve7\"],\"url\":\"https:\\\/\\\/algarve7.pt\\\/index.php\\\/author\\\/geralalgarve7-pt\\\/\"}]}<\/script>\n<!-- \/ Yoast SEO plugin. -->","yoast_head_json":{"title":"7\u00ba Festival Internacional de Guitarra de Lagoa - Algarve 7","description":"7\u00ba Festival Internacional de Guitarra de Lagoa","robots":{"index":"index","follow":"follow","max-snippet":"max-snippet:-1","max-image-preview":"max-image-preview:large","max-video-preview":"max-video-preview:-1"},"canonical":"https:\/\/algarve7.pt\/index.php\/2020\/08\/7o-festival-internacional-de-guitarra-de-lagoa\/atualidade\/09\/56\/","og_locale":"pt_PT","og_type":"article","og_title":"7\u00ba Festival Internacional de Guitarra de Lagoa - Algarve 7","og_description":"7\u00ba Festival Internacional de Guitarra de Lagoa","og_url":"https:\/\/algarve7.pt\/index.php\/2020\/08\/7o-festival-internacional-de-guitarra-de-lagoa\/atualidade\/09\/56\/","og_site_name":"Algarve 7","article_publisher":"https:\/\/www.facebook.com\/algarve7","article_author":"https:\/\/www.facebook.com\/algarve7","article_published_time":"2020-08-27T08:56:39+00:00","article_modified_time":"2020-08-27T10:35:43+00:00","og_image":[{"width":766,"height":1083,"url":"https:\/\/algarve7.pt\/wp-content\/uploads\/2020\/08\/image002-3.jpg","type":"image\/jpeg"}],"author":"Algarve 7","twitter_card":"summary_large_image","twitter_creator":"@Algarvesete","twitter_site":"@Algarvesete","twitter_misc":{"Escrito por":"Algarve 7","Tempo estimado de leitura":"1 minuto"},"schema":{"@context":"https:\/\/schema.org","@graph":[{"@type":"Article","@id":"https:\/\/algarve7.pt\/index.php\/2020\/08\/7o-festival-internacional-de-guitarra-de-lagoa\/atualidade\/09\/56\/#article","isPartOf":{"@id":"https:\/\/algarve7.pt\/index.php\/2020\/08\/7o-festival-internacional-de-guitarra-de-lagoa\/atualidade\/09\/56\/"},"author":{"name":"Algarve 7","@id":"https:\/\/algarve7.pt\/#\/schema\/person\/23fa70681308e7b319a3204bcea45e0c"},"headline":"7\u00ba Festival Internacional de Guitarra de Lagoa","datePublished":"2020-08-27T08:56:39+00:00","dateModified":"2020-08-27T10:35:43+00:00","mainEntityOfPage":{"@id":"https:\/\/algarve7.pt\/index.php\/2020\/08\/7o-festival-internacional-de-guitarra-de-lagoa\/atualidade\/09\/56\/"},"wordCount":244,"publisher":{"@id":"https:\/\/algarve7.pt\/#organization"},"image":{"@id":"https:\/\/algarve7.pt\/index.php\/2020\/08\/7o-festival-internacional-de-guitarra-de-lagoa\/atualidade\/09\/56\/#primaryimage"},"thumbnailUrl":"https:\/\/algarve7.pt\/wp-content\/uploads\/2020\/08\/image002-3.jpg","keywords":["Concerto","Festival","Lagoa"],"articleSection":["Atualidade","Cultura"],"inLanguage":"pt-PT"},{"@type":"WebPage","@id":"https:\/\/algarve7.pt\/index.php\/2020\/08\/7o-festival-internacional-de-guitarra-de-lagoa\/atualidade\/09\/56\/","url":"https:\/\/algarve7.pt\/index.php\/2020\/08\/7o-festival-internacional-de-guitarra-de-lagoa\/atualidade\/09\/56\/","name":"7\u00ba Festival Internacional de Guitarra de Lagoa - Algarve 7","isPartOf":{"@id":"https:\/\/algarve7.pt\/#website"},"primaryImageOfPage":{"@id":"https:\/\/algarve7.pt\/index.php\/2020\/08\/7o-festival-internacional-de-guitarra-de-lagoa\/atualidade\/09\/56\/#primaryimage"},"image":{"@id":"https:\/\/algarve7.pt\/index.php\/2020\/08\/7o-festival-internacional-de-guitarra-de-lagoa\/atualidade\/09\/56\/#primaryimage"},"thumbnailUrl":"https:\/\/algarve7.pt\/wp-content\/uploads\/2020\/08\/image002-3.jpg","datePublished":"2020-08-27T08:56:39+00:00","dateModified":"2020-08-27T10:35:43+00:00","description":"7\u00ba Festival Internacional de Guitarra de Lagoa","breadcrumb":{"@id":"https:\/\/algarve7.pt\/index.php\/2020\/08\/7o-festival-internacional-de-guitarra-de-lagoa\/atualidade\/09\/56\/#breadcrumb"},"inLanguage":"pt-PT","potentialAction":[{"@type":"ReadAction","target":["https:\/\/algarve7.pt\/index.php\/2020\/08\/7o-festival-internacional-de-guitarra-de-lagoa\/atualidade\/09\/56\/"]}]},{"@type":"ImageObject","inLanguage":"pt-PT","@id":"https:\/\/algarve7.pt\/index.php\/2020\/08\/7o-festival-internacional-de-guitarra-de-lagoa\/atualidade\/09\/56\/#primaryimage","url":"https:\/\/algarve7.pt\/wp-content\/uploads\/2020\/08\/image002-3.jpg","contentUrl":"https:\/\/algarve7.pt\/wp-content\/uploads\/2020\/08\/image002-3.jpg","width":766,"height":1083},{"@type":"BreadcrumbList","@id":"https:\/\/algarve7.pt\/index.php\/2020\/08\/7o-festival-internacional-de-guitarra-de-lagoa\/atualidade\/09\/56\/#breadcrumb","itemListElement":[{"@type":"ListItem","position":1,"name":"In\u00edcio","item":"https:\/\/algarve7.pt\/"},{"@type":"ListItem","position":2,"name":"7\u00ba Festival Internacional de Guitarra de Lagoa"}]},{"@type":"WebSite","@id":"https:\/\/algarve7.pt\/#website","url":"https:\/\/algarve7.pt\/","name":"Algarve 7","description":"Informa\u00e7\u00e3o sobre o Algarve","publisher":{"@id":"https:\/\/algarve7.pt\/#organization"},"potentialAction":[{"@type":"SearchAction","target":{"@type":"EntryPoint","urlTemplate":"https:\/\/algarve7.pt\/?s={search_term_string}"},"query-input":{"@type":"PropertyValueSpecification","valueRequired":true,"valueName":"search_term_string"}}],"inLanguage":"pt-PT"},{"@type":"Organization","@id":"https:\/\/algarve7.pt\/#organization","name":"Algarve 7","url":"https:\/\/algarve7.pt\/","logo":{"@type":"ImageObject","inLanguage":"pt-PT","@id":"https:\/\/algarve7.pt\/#\/schema\/logo\/image\/","url":"https:\/\/algarve7.pt\/wp-content\/uploads\/2020\/10\/Logo-8.jpg","contentUrl":"https:\/\/algarve7.pt\/wp-content\/uploads\/2020\/10\/Logo-8.jpg","width":1680,"height":1186,"caption":"Algarve 7"},"image":{"@id":"https:\/\/algarve7.pt\/#\/schema\/logo\/image\/"},"sameAs":["https:\/\/www.facebook.com\/algarve7","https:\/\/x.com\/Algarvesete","https:\/\/www.instagram.com\/jornalalgarve7\/","https:\/\/www.linkedin.com\/company\/algarve7","https:\/\/www.pinterest.pt\/geral0939\/_created\/"]},{"@type":"Person","@id":"https:\/\/algarve7.pt\/#\/schema\/person\/23fa70681308e7b319a3204bcea45e0c","name":"Algarve 7","sameAs":["https:\/\/algarve7.pt","https:\/\/www.facebook.com\/algarve7"],"url":"https:\/\/algarve7.pt\/index.php\/author\/geralalgarve7-pt\/"}]}},"jetpack_publicize_connections":[],"jetpack_featured_media_url":"https:\/\/algarve7.pt\/wp-content\/uploads\/2020\/08\/image002-3.jpg","jetpack_shortlink":"https:\/\/wp.me\/pcezmW-de","jetpack_sharing_enabled":true,"_links":{"self":[{"href":"https:\/\/algarve7.pt\/index.php\/wp-json\/wp\/v2\/posts\/820","targetHints":{"allow":["GET"]}}],"collection":[{"href":"https:\/\/algarve7.pt\/index.php\/wp-json\/wp\/v2\/posts"}],"about":[{"href":"https:\/\/algarve7.pt\/index.php\/wp-json\/wp\/v2\/types\/post"}],"author":[{"embeddable":true,"href":"https:\/\/algarve7.pt\/index.php\/wp-json\/wp\/v2\/users\/1"}],"replies":[{"embeddable":true,"href":"https:\/\/algarve7.pt\/index.php\/wp-json\/wp\/v2\/comments?post=820"}],"version-history":[{"count":0,"href":"https:\/\/algarve7.pt\/index.php\/wp-json\/wp\/v2\/posts\/820\/revisions"}],"wp:featuredmedia":[{"embeddable":true,"href":"https:\/\/algarve7.pt\/index.php\/wp-json\/wp\/v2\/media\/821"}],"wp:attachment":[{"href":"https:\/\/algarve7.pt\/index.php\/wp-json\/wp\/v2\/media?parent=820"}],"wp:term":[{"taxonomy":"category","embeddable":true,"href":"https:\/\/algarve7.pt\/index.php\/wp-json\/wp\/v2\/categories?post=820"},{"taxonomy":"post_tag","embeddable":true,"href":"https:\/\/algarve7.pt\/index.php\/wp-json\/wp\/v2\/tags?post=820"}],"curies":[{"name":"wp","href":"https:\/\/api.w.org\/{rel}","templated":true}]}}