{"id":8069,"date":"2021-05-01T10:12:58","date_gmt":"2021-05-01T09:12:58","guid":{"rendered":"https:\/\/algarve7.pt\/?p=8069"},"modified":"2021-05-01T10:13:19","modified_gmt":"2021-05-01T09:13:19","slug":"operacao-30-days-at-sea-3-0-mais-de-1-600-acoes-de-combate-a-poluicao-maritima","status":"publish","type":"post","link":"https:\/\/algarve7.pt\/index.php\/2021\/05\/operacao-30-days-at-sea-3-0-mais-de-1-600-acoes-de-combate-a-poluicao-maritima\/ambiente\/10\/12\/","title":{"rendered":"Opera\u00e7\u00e3o &#8220;30 Days at Sea 3.0&#8221; \u2013 Mais de 1 600 a\u00e7\u00f5es de combate \u00e0 polui\u00e7\u00e3o mar\u00edtima"},"content":{"rendered":"\n<p>Pelo terceiro ano consecutivo, Portugal participou na Opera\u00e7\u00e3o&nbsp;<em>\u201c30 Days at Sea 3.0\u201d<\/em>, no per\u00edodo compreendido entre 1 a 30 de mar\u00e7o de 2021, tendo realizado mais de 1&nbsp;600 a\u00e7\u00f5es de vigil\u00e2ncia, dete\u00e7\u00e3o, interce\u00e7\u00e3o, investiga\u00e7\u00e3o e\/ou fiscaliza\u00e7\u00e3o destinadas ao combate \u00e0 polui\u00e7\u00e3o mar\u00edtima, por todo o territ\u00f3rio nacional.<\/p>\n\n\n\n<p>De uma forma global, esta&nbsp;opera\u00e7\u00e3o teve o incentivo e a coordena\u00e7\u00e3o da INTERPOL, sendo que, a n\u00edvel europeu, foi igualmente estabelecida pela EUROPOL e pela Frontex, cabendo \u00e0 Guarda Nacional Republicana (GNR) e \u00e0 Autoridade Mar\u00edtima Nacional (AMN)\/Dire\u00e7\u00e3o Geral da Autoridade Mar\u00edtima (DGAM) \/Pol\u00edcia&nbsp;Mar\u00edtima (PM) a coordena\u00e7\u00e3o com todas as autoridades\/entidades cujas compet\u00eancias se encontram abrangidas pelos objetivos propostos ou que pudessem contribuir significativamente para o sucesso nacional e internacional.<\/p>\n\n\n\n<p>Em Portugal, a parceria operacional tamb\u00e9m foi estabelecida com diversas entidades\/autoridades nacionais, nomeadamente:<\/p>\n\n\n\n<ul class=\"wp-block-list\"><li>Dire\u00e7\u00e3o-Geral de Recursos Naturais, Seguran\u00e7a e Servi\u00e7os Mar\u00edtimos (DGRM);<\/li><li>Marinha Portuguesa (MP);<\/li><li>For\u00e7a A\u00e9rea Portuguesa (FAP);<\/li><li>Pol\u00edcia de Seguran\u00e7a P\u00fablica (PSP);<\/li><li>Pol\u00edcia Judici\u00e1ria (PJ);<\/li><li>Servi\u00e7o de Estrangeiros e Fronteiras (SEF);<\/li><li>Ag\u00eancia Portuguesa do Ambiente (APA);<\/li><li>Inspe\u00e7\u00e3o-Geral da Agricultura, do Mar, do Ambiente e do Ordenamento do Territ\u00f3rio (IGAMAOT);<\/li><li>Autoridade Tribut\u00e1ria e Aduaneira (AT);<\/li><li>Autoridade de Seguran\u00e7a Alimentar e Econ\u00f3mica (ASAE);<\/li><li>Autoridade para as Condi\u00e7\u00f5es do Trabalho (ACT);<\/li><li>Autoridade Nacional de Emerg\u00eancia e Prote\u00e7\u00e3o Civil (ANEPC);<\/li><li>Instituto da Conserva\u00e7\u00e3o da Natureza e das Florestas (ICNF).<\/li><\/ul>\n\n\n\n<p>No \u00e2mbito desta opera\u00e7\u00e3o foram realizadas em Portugal, pelas diversas autoridades\/entidades acima mencionadas, 1&nbsp;683 a\u00e7\u00f5es de investiga\u00e7\u00e3o e\/ou fiscaliza\u00e7\u00e3o, sendo que se destacam os seguintes resultados:<\/p>\n\n\n\n<ul class=\"wp-block-list\"><li>441 a\u00e7\u00f5es direcionadas a polui\u00e7\u00e3o de navios e\/ou de instala\u00e7\u00f5es no mar, tendo sido detetada uma infra\u00e7\u00e3o;<\/li><li>1&nbsp;176 a\u00e7\u00f5es concretizadas a fontes de polui\u00e7\u00e3o terrestre ou de recursos h\u00eddricos com impacto no ambiente marinho, verificando-se a exist\u00eancia de 71 infra\u00e7\u00f5es;<\/li><li>66 a\u00e7\u00f5es com o objetivo de verificar a exist\u00eancia de tr\u00e1fico de res\u00edduos atrav\u00e9s de portos mar\u00edtimos, tendo sido apuradas quatro infra\u00e7\u00f5es.<\/li><\/ul>\n\n\n\n<p>A n\u00edvel internacional,&nbsp;esta opera\u00e7\u00e3o contou com a participa\u00e7\u00e3o de cerca de 300 autoridades\/entidades em 67 pa\u00edses e, das 34 000 a\u00e7\u00f5es efetuadas, foram obtidos os seguintes resultados:<\/p>\n\n\n\n<ul class=\"wp-block-list\"><li>Cerca de 500 infra\u00e7\u00f5es resultantes de polui\u00e7\u00e3o de navios e\/ou de instala\u00e7\u00f5es no mar.<\/li><li>1&nbsp;000 infra\u00e7\u00f5es em fontes de polui\u00e7\u00e3o terrestre ou de recursos h\u00eddricos com impacto no ambiente marinho.<\/li><li>130 infra\u00e7\u00f5es de tr\u00e1fico de res\u00edduos atrav\u00e9s de portos mar\u00edtimos.<\/li><\/ul>\n\n\n\n<p>Apesar destas a\u00e7\u00f5es terem sido conclu\u00eddas, a partir desta data ser\u00e3o implementadas novas a\u00e7\u00f5es de sensibiliza\u00e7\u00e3o em Portugal atrav\u00e9s das&nbsp;autoridades\/entidades participantes nesta opera\u00e7\u00e3o e de diversas organiza\u00e7\u00f5es n\u00e3o governamentais (ONG) nacionais. Estas a\u00e7\u00f5es ser\u00e3o desenvolvidas atrav\u00e9s de&nbsp;iniciativas variadas que ter\u00e3o como objetivo melhorar a qualidade dos recursos h\u00eddricos e do mar, destinadas a crian\u00e7as, jovens e adultos, com as devidas adapta\u00e7\u00f5es ao evoluir da situa\u00e7\u00e3o da pandemia COVID-19.<\/p>\n","protected":false},"excerpt":{"rendered":"<p>Pelo terceiro ano consecutivo, Portugal participou na Opera\u00e7\u00e3o&nbsp;\u201c30 Days at Sea 3.0\u201d, no per\u00edodo compreendido entre 1 a 30 de<\/p>\n","protected":false},"author":1,"featured_media":8070,"comment_status":"closed","ping_status":"open","sticky":false,"template":"","format":"standard","meta":{"colormag_page_container_layout":"default_layout","colormag_page_sidebar_layout":"default_layout","_monsterinsights_skip_tracking":false,"_monsterinsights_sitenote_active":false,"_monsterinsights_sitenote_note":"","_monsterinsights_sitenote_category":0,"jetpack_post_was_ever_published":false,"_jetpack_newsletter_access":"","_jetpack_dont_email_post_to_subs":false,"_jetpack_newsletter_tier_id":0,"_jetpack_memberships_contains_paywalled_content":false,"_jetpack_memberships_contains_paid_content":false,"footnotes":"","jetpack_publicize_message":"","jetpack_publicize_feature_enabled":true,"jetpack_social_post_already_shared":true,"jetpack_social_options":{"image_generator_settings":{"template":"highway","default_image_id":0,"font":"","enabled":false},"version":2}},"categories":[5],"tags":[32,140,98],"class_list":["post-8069","post","type-post","status-publish","format-standard","has-post-thumbnail","hentry","category-ambiente","tag-ambiente","tag-gnr","tag-nacional"],"yoast_head":"<!-- This site is optimized with the Yoast SEO plugin v27.5 - https:\/\/yoast.com\/product\/yoast-seo-wordpress\/ -->\n<title>Opera\u00e7\u00e3o &quot;30 Days at Sea 3.0&quot; \u2013 Mais de 1 600 a\u00e7\u00f5es de combate \u00e0 polui\u00e7\u00e3o mar\u00edtima - Algarve 7<\/title>\n<meta name=\"description\" content=\"Opera\u00e7\u00e3o &quot;30 Days at Sea 3.0&quot; \u2013 Mais de 1 600 a\u00e7\u00f5es de combate \u00e0 polui\u00e7\u00e3o mar\u00edtima Ambiente\" \/>\n<meta name=\"robots\" content=\"index, follow, max-snippet:-1, max-image-preview:large, max-video-preview:-1\" \/>\n<link rel=\"canonical\" href=\"https:\/\/algarve7.pt\/index.php\/2021\/05\/operacao-30-days-at-sea-3-0-mais-de-1-600-acoes-de-combate-a-poluicao-maritima\/ambiente\/10\/12\/\" \/>\n<meta property=\"og:locale\" content=\"pt_PT\" \/>\n<meta property=\"og:type\" content=\"article\" \/>\n<meta property=\"og:title\" content=\"Opera\u00e7\u00e3o &quot;30 Days at Sea 3.0&quot; \u2013 Mais de 1 600 a\u00e7\u00f5es de combate \u00e0 polui\u00e7\u00e3o mar\u00edtima - Algarve 7\" \/>\n<meta property=\"og:description\" content=\"Opera\u00e7\u00e3o &quot;30 Days at Sea 3.0&quot; \u2013 Mais de 1 600 a\u00e7\u00f5es de combate \u00e0 polui\u00e7\u00e3o mar\u00edtima Ambiente\" \/>\n<meta property=\"og:url\" content=\"https:\/\/algarve7.pt\/index.php\/2021\/05\/operacao-30-days-at-sea-3-0-mais-de-1-600-acoes-de-combate-a-poluicao-maritima\/ambiente\/10\/12\/\" \/>\n<meta property=\"og:site_name\" content=\"Algarve 7\" \/>\n<meta property=\"article:publisher\" content=\"https:\/\/www.facebook.com\/algarve7\" \/>\n<meta property=\"article:author\" content=\"https:\/\/www.facebook.com\/algarve7\" \/>\n<meta property=\"article:published_time\" content=\"2021-05-01T09:12:58+00:00\" \/>\n<meta property=\"article:modified_time\" content=\"2021-05-01T09:13:19+00:00\" \/>\n<meta property=\"og:image\" content=\"https:\/\/algarve7.pt\/wp-content\/uploads\/2021\/05\/Operacao-30-Days-at-Sea-3.0_1.jpg\" \/>\n\t<meta property=\"og:image:width\" content=\"1275\" \/>\n\t<meta property=\"og:image:height\" content=\"586\" \/>\n\t<meta property=\"og:image:type\" content=\"image\/jpeg\" \/>\n<meta name=\"author\" content=\"Algarve 7\" \/>\n<meta name=\"twitter:card\" content=\"summary_large_image\" \/>\n<meta name=\"twitter:creator\" content=\"@Algarvesete\" \/>\n<meta name=\"twitter:site\" content=\"@Algarvesete\" \/>\n<meta name=\"twitter:label1\" content=\"Escrito por\" \/>\n\t<meta name=\"twitter:data1\" content=\"Algarve 7\" \/>\n\t<meta name=\"twitter:label2\" content=\"Tempo estimado de leitura\" \/>\n\t<meta name=\"twitter:data2\" content=\"2 minutos\" \/>\n<script type=\"application\/ld+json\" class=\"yoast-schema-graph\">{\"@context\":\"https:\\\/\\\/schema.org\",\"@graph\":[{\"@type\":\"Article\",\"@id\":\"https:\\\/\\\/algarve7.pt\\\/index.php\\\/2021\\\/05\\\/operacao-30-days-at-sea-3-0-mais-de-1-600-acoes-de-combate-a-poluicao-maritima\\\/ambiente\\\/10\\\/12\\\/#article\",\"isPartOf\":{\"@id\":\"https:\\\/\\\/algarve7.pt\\\/index.php\\\/2021\\\/05\\\/operacao-30-days-at-sea-3-0-mais-de-1-600-acoes-de-combate-a-poluicao-maritima\\\/ambiente\\\/10\\\/12\\\/\"},\"author\":{\"name\":\"Algarve 7\",\"@id\":\"https:\\\/\\\/algarve7.pt\\\/#\\\/schema\\\/person\\\/23fa70681308e7b319a3204bcea45e0c\"},\"headline\":\"Opera\u00e7\u00e3o &#8220;30 Days at Sea 3.0&#8221; \u2013 Mais de 1 600 a\u00e7\u00f5es de combate \u00e0 polui\u00e7\u00e3o mar\u00edtima\",\"datePublished\":\"2021-05-01T09:12:58+00:00\",\"dateModified\":\"2021-05-01T09:13:19+00:00\",\"mainEntityOfPage\":{\"@id\":\"https:\\\/\\\/algarve7.pt\\\/index.php\\\/2021\\\/05\\\/operacao-30-days-at-sea-3-0-mais-de-1-600-acoes-de-combate-a-poluicao-maritima\\\/ambiente\\\/10\\\/12\\\/\"},\"wordCount\":555,\"publisher\":{\"@id\":\"https:\\\/\\\/algarve7.pt\\\/#organization\"},\"image\":{\"@id\":\"https:\\\/\\\/algarve7.pt\\\/index.php\\\/2021\\\/05\\\/operacao-30-days-at-sea-3-0-mais-de-1-600-acoes-de-combate-a-poluicao-maritima\\\/ambiente\\\/10\\\/12\\\/#primaryimage\"},\"thumbnailUrl\":\"https:\\\/\\\/algarve7.pt\\\/wp-content\\\/uploads\\\/2021\\\/05\\\/Operacao-30-Days-at-Sea-3.0_1.jpg\",\"keywords\":[\"Ambiente\",\"GNR\",\"Nacional\"],\"articleSection\":[\"Ambiente\"],\"inLanguage\":\"pt-PT\"},{\"@type\":\"WebPage\",\"@id\":\"https:\\\/\\\/algarve7.pt\\\/index.php\\\/2021\\\/05\\\/operacao-30-days-at-sea-3-0-mais-de-1-600-acoes-de-combate-a-poluicao-maritima\\\/ambiente\\\/10\\\/12\\\/\",\"url\":\"https:\\\/\\\/algarve7.pt\\\/index.php\\\/2021\\\/05\\\/operacao-30-days-at-sea-3-0-mais-de-1-600-acoes-de-combate-a-poluicao-maritima\\\/ambiente\\\/10\\\/12\\\/\",\"name\":\"Opera\u00e7\u00e3o \\\"30 Days at Sea 3.0\\\" \u2013 Mais de 1 600 a\u00e7\u00f5es de combate \u00e0 polui\u00e7\u00e3o mar\u00edtima - Algarve 7\",\"isPartOf\":{\"@id\":\"https:\\\/\\\/algarve7.pt\\\/#website\"},\"primaryImageOfPage\":{\"@id\":\"https:\\\/\\\/algarve7.pt\\\/index.php\\\/2021\\\/05\\\/operacao-30-days-at-sea-3-0-mais-de-1-600-acoes-de-combate-a-poluicao-maritima\\\/ambiente\\\/10\\\/12\\\/#primaryimage\"},\"image\":{\"@id\":\"https:\\\/\\\/algarve7.pt\\\/index.php\\\/2021\\\/05\\\/operacao-30-days-at-sea-3-0-mais-de-1-600-acoes-de-combate-a-poluicao-maritima\\\/ambiente\\\/10\\\/12\\\/#primaryimage\"},\"thumbnailUrl\":\"https:\\\/\\\/algarve7.pt\\\/wp-content\\\/uploads\\\/2021\\\/05\\\/Operacao-30-Days-at-Sea-3.0_1.jpg\",\"datePublished\":\"2021-05-01T09:12:58+00:00\",\"dateModified\":\"2021-05-01T09:13:19+00:00\",\"description\":\"Opera\u00e7\u00e3o \\\"30 Days at Sea 3.0\\\" \u2013 Mais de 1 600 a\u00e7\u00f5es de combate \u00e0 polui\u00e7\u00e3o mar\u00edtima Ambiente\",\"breadcrumb\":{\"@id\":\"https:\\\/\\\/algarve7.pt\\\/index.php\\\/2021\\\/05\\\/operacao-30-days-at-sea-3-0-mais-de-1-600-acoes-de-combate-a-poluicao-maritima\\\/ambiente\\\/10\\\/12\\\/#breadcrumb\"},\"inLanguage\":\"pt-PT\",\"potentialAction\":[{\"@type\":\"ReadAction\",\"target\":[\"https:\\\/\\\/algarve7.pt\\\/index.php\\\/2021\\\/05\\\/operacao-30-days-at-sea-3-0-mais-de-1-600-acoes-de-combate-a-poluicao-maritima\\\/ambiente\\\/10\\\/12\\\/\"]}]},{\"@type\":\"ImageObject\",\"inLanguage\":\"pt-PT\",\"@id\":\"https:\\\/\\\/algarve7.pt\\\/index.php\\\/2021\\\/05\\\/operacao-30-days-at-sea-3-0-mais-de-1-600-acoes-de-combate-a-poluicao-maritima\\\/ambiente\\\/10\\\/12\\\/#primaryimage\",\"url\":\"https:\\\/\\\/algarve7.pt\\\/wp-content\\\/uploads\\\/2021\\\/05\\\/Operacao-30-Days-at-Sea-3.0_1.jpg\",\"contentUrl\":\"https:\\\/\\\/algarve7.pt\\\/wp-content\\\/uploads\\\/2021\\\/05\\\/Operacao-30-Days-at-Sea-3.0_1.jpg\",\"width\":1275,\"height\":586},{\"@type\":\"BreadcrumbList\",\"@id\":\"https:\\\/\\\/algarve7.pt\\\/index.php\\\/2021\\\/05\\\/operacao-30-days-at-sea-3-0-mais-de-1-600-acoes-de-combate-a-poluicao-maritima\\\/ambiente\\\/10\\\/12\\\/#breadcrumb\",\"itemListElement\":[{\"@type\":\"ListItem\",\"position\":1,\"name\":\"In\u00edcio\",\"item\":\"https:\\\/\\\/algarve7.pt\\\/\"},{\"@type\":\"ListItem\",\"position\":2,\"name\":\"Opera\u00e7\u00e3o &#8220;30 Days at Sea 3.0&#8221; \u2013 Mais de 1 600 a\u00e7\u00f5es de combate \u00e0 polui\u00e7\u00e3o mar\u00edtima\"}]},{\"@type\":\"WebSite\",\"@id\":\"https:\\\/\\\/algarve7.pt\\\/#website\",\"url\":\"https:\\\/\\\/algarve7.pt\\\/\",\"name\":\"Algarve 7\",\"description\":\"Informa\u00e7\u00e3o sobre o Algarve\",\"publisher\":{\"@id\":\"https:\\\/\\\/algarve7.pt\\\/#organization\"},\"potentialAction\":[{\"@type\":\"SearchAction\",\"target\":{\"@type\":\"EntryPoint\",\"urlTemplate\":\"https:\\\/\\\/algarve7.pt\\\/?s={search_term_string}\"},\"query-input\":{\"@type\":\"PropertyValueSpecification\",\"valueRequired\":true,\"valueName\":\"search_term_string\"}}],\"inLanguage\":\"pt-PT\"},{\"@type\":\"Organization\",\"@id\":\"https:\\\/\\\/algarve7.pt\\\/#organization\",\"name\":\"Algarve 7\",\"url\":\"https:\\\/\\\/algarve7.pt\\\/\",\"logo\":{\"@type\":\"ImageObject\",\"inLanguage\":\"pt-PT\",\"@id\":\"https:\\\/\\\/algarve7.pt\\\/#\\\/schema\\\/logo\\\/image\\\/\",\"url\":\"https:\\\/\\\/algarve7.pt\\\/wp-content\\\/uploads\\\/2020\\\/10\\\/Logo-8.jpg\",\"contentUrl\":\"https:\\\/\\\/algarve7.pt\\\/wp-content\\\/uploads\\\/2020\\\/10\\\/Logo-8.jpg\",\"width\":1680,\"height\":1186,\"caption\":\"Algarve 7\"},\"image\":{\"@id\":\"https:\\\/\\\/algarve7.pt\\\/#\\\/schema\\\/logo\\\/image\\\/\"},\"sameAs\":[\"https:\\\/\\\/www.facebook.com\\\/algarve7\",\"https:\\\/\\\/x.com\\\/Algarvesete\",\"https:\\\/\\\/www.instagram.com\\\/jornalalgarve7\\\/\",\"https:\\\/\\\/www.linkedin.com\\\/company\\\/algarve7\",\"https:\\\/\\\/www.pinterest.pt\\\/geral0939\\\/_created\\\/\"]},{\"@type\":\"Person\",\"@id\":\"https:\\\/\\\/algarve7.pt\\\/#\\\/schema\\\/person\\\/23fa70681308e7b319a3204bcea45e0c\",\"name\":\"Algarve 7\",\"sameAs\":[\"https:\\\/\\\/algarve7.pt\",\"https:\\\/\\\/www.facebook.com\\\/algarve7\"],\"url\":\"https:\\\/\\\/algarve7.pt\\\/index.php\\\/author\\\/geralalgarve7-pt\\\/\"}]}<\/script>\n<!-- \/ Yoast SEO plugin. -->","yoast_head_json":{"title":"Opera\u00e7\u00e3o \"30 Days at Sea 3.0\" \u2013 Mais de 1 600 a\u00e7\u00f5es de combate \u00e0 polui\u00e7\u00e3o mar\u00edtima - Algarve 7","description":"Opera\u00e7\u00e3o \"30 Days at Sea 3.0\" \u2013 Mais de 1 600 a\u00e7\u00f5es de combate \u00e0 polui\u00e7\u00e3o mar\u00edtima Ambiente","robots":{"index":"index","follow":"follow","max-snippet":"max-snippet:-1","max-image-preview":"max-image-preview:large","max-video-preview":"max-video-preview:-1"},"canonical":"https:\/\/algarve7.pt\/index.php\/2021\/05\/operacao-30-days-at-sea-3-0-mais-de-1-600-acoes-de-combate-a-poluicao-maritima\/ambiente\/10\/12\/","og_locale":"pt_PT","og_type":"article","og_title":"Opera\u00e7\u00e3o \"30 Days at Sea 3.0\" \u2013 Mais de 1 600 a\u00e7\u00f5es de combate \u00e0 polui\u00e7\u00e3o mar\u00edtima - Algarve 7","og_description":"Opera\u00e7\u00e3o \"30 Days at Sea 3.0\" \u2013 Mais de 1 600 a\u00e7\u00f5es de combate \u00e0 polui\u00e7\u00e3o mar\u00edtima Ambiente","og_url":"https:\/\/algarve7.pt\/index.php\/2021\/05\/operacao-30-days-at-sea-3-0-mais-de-1-600-acoes-de-combate-a-poluicao-maritima\/ambiente\/10\/12\/","og_site_name":"Algarve 7","article_publisher":"https:\/\/www.facebook.com\/algarve7","article_author":"https:\/\/www.facebook.com\/algarve7","article_published_time":"2021-05-01T09:12:58+00:00","article_modified_time":"2021-05-01T09:13:19+00:00","og_image":[{"width":1275,"height":586,"url":"https:\/\/algarve7.pt\/wp-content\/uploads\/2021\/05\/Operacao-30-Days-at-Sea-3.0_1.jpg","type":"image\/jpeg"}],"author":"Algarve 7","twitter_card":"summary_large_image","twitter_creator":"@Algarvesete","twitter_site":"@Algarvesete","twitter_misc":{"Escrito por":"Algarve 7","Tempo estimado de leitura":"2 minutos"},"schema":{"@context":"https:\/\/schema.org","@graph":[{"@type":"Article","@id":"https:\/\/algarve7.pt\/index.php\/2021\/05\/operacao-30-days-at-sea-3-0-mais-de-1-600-acoes-de-combate-a-poluicao-maritima\/ambiente\/10\/12\/#article","isPartOf":{"@id":"https:\/\/algarve7.pt\/index.php\/2021\/05\/operacao-30-days-at-sea-3-0-mais-de-1-600-acoes-de-combate-a-poluicao-maritima\/ambiente\/10\/12\/"},"author":{"name":"Algarve 7","@id":"https:\/\/algarve7.pt\/#\/schema\/person\/23fa70681308e7b319a3204bcea45e0c"},"headline":"Opera\u00e7\u00e3o &#8220;30 Days at Sea 3.0&#8221; \u2013 Mais de 1 600 a\u00e7\u00f5es de combate \u00e0 polui\u00e7\u00e3o mar\u00edtima","datePublished":"2021-05-01T09:12:58+00:00","dateModified":"2021-05-01T09:13:19+00:00","mainEntityOfPage":{"@id":"https:\/\/algarve7.pt\/index.php\/2021\/05\/operacao-30-days-at-sea-3-0-mais-de-1-600-acoes-de-combate-a-poluicao-maritima\/ambiente\/10\/12\/"},"wordCount":555,"publisher":{"@id":"https:\/\/algarve7.pt\/#organization"},"image":{"@id":"https:\/\/algarve7.pt\/index.php\/2021\/05\/operacao-30-days-at-sea-3-0-mais-de-1-600-acoes-de-combate-a-poluicao-maritima\/ambiente\/10\/12\/#primaryimage"},"thumbnailUrl":"https:\/\/algarve7.pt\/wp-content\/uploads\/2021\/05\/Operacao-30-Days-at-Sea-3.0_1.jpg","keywords":["Ambiente","GNR","Nacional"],"articleSection":["Ambiente"],"inLanguage":"pt-PT"},{"@type":"WebPage","@id":"https:\/\/algarve7.pt\/index.php\/2021\/05\/operacao-30-days-at-sea-3-0-mais-de-1-600-acoes-de-combate-a-poluicao-maritima\/ambiente\/10\/12\/","url":"https:\/\/algarve7.pt\/index.php\/2021\/05\/operacao-30-days-at-sea-3-0-mais-de-1-600-acoes-de-combate-a-poluicao-maritima\/ambiente\/10\/12\/","name":"Opera\u00e7\u00e3o \"30 Days at Sea 3.0\" \u2013 Mais de 1 600 a\u00e7\u00f5es de combate \u00e0 polui\u00e7\u00e3o mar\u00edtima - Algarve 7","isPartOf":{"@id":"https:\/\/algarve7.pt\/#website"},"primaryImageOfPage":{"@id":"https:\/\/algarve7.pt\/index.php\/2021\/05\/operacao-30-days-at-sea-3-0-mais-de-1-600-acoes-de-combate-a-poluicao-maritima\/ambiente\/10\/12\/#primaryimage"},"image":{"@id":"https:\/\/algarve7.pt\/index.php\/2021\/05\/operacao-30-days-at-sea-3-0-mais-de-1-600-acoes-de-combate-a-poluicao-maritima\/ambiente\/10\/12\/#primaryimage"},"thumbnailUrl":"https:\/\/algarve7.pt\/wp-content\/uploads\/2021\/05\/Operacao-30-Days-at-Sea-3.0_1.jpg","datePublished":"2021-05-01T09:12:58+00:00","dateModified":"2021-05-01T09:13:19+00:00","description":"Opera\u00e7\u00e3o \"30 Days at Sea 3.0\" \u2013 Mais de 1 600 a\u00e7\u00f5es de combate \u00e0 polui\u00e7\u00e3o mar\u00edtima Ambiente","breadcrumb":{"@id":"https:\/\/algarve7.pt\/index.php\/2021\/05\/operacao-30-days-at-sea-3-0-mais-de-1-600-acoes-de-combate-a-poluicao-maritima\/ambiente\/10\/12\/#breadcrumb"},"inLanguage":"pt-PT","potentialAction":[{"@type":"ReadAction","target":["https:\/\/algarve7.pt\/index.php\/2021\/05\/operacao-30-days-at-sea-3-0-mais-de-1-600-acoes-de-combate-a-poluicao-maritima\/ambiente\/10\/12\/"]}]},{"@type":"ImageObject","inLanguage":"pt-PT","@id":"https:\/\/algarve7.pt\/index.php\/2021\/05\/operacao-30-days-at-sea-3-0-mais-de-1-600-acoes-de-combate-a-poluicao-maritima\/ambiente\/10\/12\/#primaryimage","url":"https:\/\/algarve7.pt\/wp-content\/uploads\/2021\/05\/Operacao-30-Days-at-Sea-3.0_1.jpg","contentUrl":"https:\/\/algarve7.pt\/wp-content\/uploads\/2021\/05\/Operacao-30-Days-at-Sea-3.0_1.jpg","width":1275,"height":586},{"@type":"BreadcrumbList","@id":"https:\/\/algarve7.pt\/index.php\/2021\/05\/operacao-30-days-at-sea-3-0-mais-de-1-600-acoes-de-combate-a-poluicao-maritima\/ambiente\/10\/12\/#breadcrumb","itemListElement":[{"@type":"ListItem","position":1,"name":"In\u00edcio","item":"https:\/\/algarve7.pt\/"},{"@type":"ListItem","position":2,"name":"Opera\u00e7\u00e3o &#8220;30 Days at Sea 3.0&#8221; \u2013 Mais de 1 600 a\u00e7\u00f5es de combate \u00e0 polui\u00e7\u00e3o mar\u00edtima"}]},{"@type":"WebSite","@id":"https:\/\/algarve7.pt\/#website","url":"https:\/\/algarve7.pt\/","name":"Algarve 7","description":"Informa\u00e7\u00e3o sobre o Algarve","publisher":{"@id":"https:\/\/algarve7.pt\/#organization"},"potentialAction":[{"@type":"SearchAction","target":{"@type":"EntryPoint","urlTemplate":"https:\/\/algarve7.pt\/?s={search_term_string}"},"query-input":{"@type":"PropertyValueSpecification","valueRequired":true,"valueName":"search_term_string"}}],"inLanguage":"pt-PT"},{"@type":"Organization","@id":"https:\/\/algarve7.pt\/#organization","name":"Algarve 7","url":"https:\/\/algarve7.pt\/","logo":{"@type":"ImageObject","inLanguage":"pt-PT","@id":"https:\/\/algarve7.pt\/#\/schema\/logo\/image\/","url":"https:\/\/algarve7.pt\/wp-content\/uploads\/2020\/10\/Logo-8.jpg","contentUrl":"https:\/\/algarve7.pt\/wp-content\/uploads\/2020\/10\/Logo-8.jpg","width":1680,"height":1186,"caption":"Algarve 7"},"image":{"@id":"https:\/\/algarve7.pt\/#\/schema\/logo\/image\/"},"sameAs":["https:\/\/www.facebook.com\/algarve7","https:\/\/x.com\/Algarvesete","https:\/\/www.instagram.com\/jornalalgarve7\/","https:\/\/www.linkedin.com\/company\/algarve7","https:\/\/www.pinterest.pt\/geral0939\/_created\/"]},{"@type":"Person","@id":"https:\/\/algarve7.pt\/#\/schema\/person\/23fa70681308e7b319a3204bcea45e0c","name":"Algarve 7","sameAs":["https:\/\/algarve7.pt","https:\/\/www.facebook.com\/algarve7"],"url":"https:\/\/algarve7.pt\/index.php\/author\/geralalgarve7-pt\/"}]}},"jetpack_publicize_connections":[],"jetpack_featured_media_url":"https:\/\/algarve7.pt\/wp-content\/uploads\/2021\/05\/Operacao-30-Days-at-Sea-3.0_1.jpg","jetpack_shortlink":"https:\/\/wp.me\/pcezmW-269","jetpack_sharing_enabled":true,"_links":{"self":[{"href":"https:\/\/algarve7.pt\/index.php\/wp-json\/wp\/v2\/posts\/8069","targetHints":{"allow":["GET"]}}],"collection":[{"href":"https:\/\/algarve7.pt\/index.php\/wp-json\/wp\/v2\/posts"}],"about":[{"href":"https:\/\/algarve7.pt\/index.php\/wp-json\/wp\/v2\/types\/post"}],"author":[{"embeddable":true,"href":"https:\/\/algarve7.pt\/index.php\/wp-json\/wp\/v2\/users\/1"}],"replies":[{"embeddable":true,"href":"https:\/\/algarve7.pt\/index.php\/wp-json\/wp\/v2\/comments?post=8069"}],"version-history":[{"count":0,"href":"https:\/\/algarve7.pt\/index.php\/wp-json\/wp\/v2\/posts\/8069\/revisions"}],"wp:featuredmedia":[{"embeddable":true,"href":"https:\/\/algarve7.pt\/index.php\/wp-json\/wp\/v2\/media\/8070"}],"wp:attachment":[{"href":"https:\/\/algarve7.pt\/index.php\/wp-json\/wp\/v2\/media?parent=8069"}],"wp:term":[{"taxonomy":"category","embeddable":true,"href":"https:\/\/algarve7.pt\/index.php\/wp-json\/wp\/v2\/categories?post=8069"},{"taxonomy":"post_tag","embeddable":true,"href":"https:\/\/algarve7.pt\/index.php\/wp-json\/wp\/v2\/tags?post=8069"}],"curies":[{"name":"wp","href":"https:\/\/api.w.org\/{rel}","templated":true}]}}