{"id":8065,"date":"2021-05-01T07:48:44","date_gmt":"2021-05-01T06:48:44","guid":{"rendered":"https:\/\/algarve7.pt\/?p=8065"},"modified":"2021-05-01T07:49:11","modified_gmt":"2021-05-01T06:49:11","slug":"a-arte-de-fazer-leitores-e-o-tema-do-viii-encontro-partilhar-leituras","status":"publish","type":"post","link":"https:\/\/algarve7.pt\/index.php\/2021\/05\/a-arte-de-fazer-leitores-e-o-tema-do-viii-encontro-partilhar-leituras\/educacao\/07\/48\/","title":{"rendered":"A arte de fazer leitores \u00e9 o tema do VIII encontro partilhar leituras"},"content":{"rendered":"\n<p>O VIII Encontro Partilhar Leituras, dedicado ao tema \u201cA arte de fazer leitores\u201d, realiza-se no dia 4 de Maio, entre as 9h30 e as 17h30, com transmiss\u00e3o online, na plataforma Zoom, dirigido aos profissionais das bibliotecas, professores, professores bibliotec\u00e1rios, educadores, mediadores da leitura, profissionais dos servi\u00e7os educativos e p\u00fablico em geral interessado no tema.<\/p>\n\n\n\n<p>Os Encontros Partilhar Leituras s\u00e3o dinamizados pela Biblioteca Municipal de Faro Ant\u00f3nio Ramos Rosa desde 2012, em parceria com a Biblioteca da Universidade do Algarve e a Rede de Bibliotecas Escolares do Algarve, juntando-se nesta edi\u00e7\u00e3o a Biblioteca Municipal Jos\u00e9 Mariano Gago, de Olh\u00e3o.<\/p>\n\n\n\n<p>Esta iniciativa, que j\u00e1 vai na sua oitava edi\u00e7\u00e3o, pretende ser um encontro de reflex\u00e3o em torno dos desafios que se colocam \u00e0s bibliotecas, reunindo um conjunto alargado de parceiros na \u00e1rea da informa\u00e7\u00e3o e da promo\u00e7\u00e3o da leitura.<\/p>\n\n\n\n<p>Com o objetivo de divulgar conhecimentos, boas pr\u00e1ticas, recursos e experi\u00eancias numa perspetiva de obten\u00e7\u00e3o de resultados comuns, ao longo destes oito anos a preocupa\u00e7\u00e3o tem sido abordar tem\u00e1ticas relacionadas com a esfera de atua\u00e7\u00e3o das bibliotecas, nomeadamente quest\u00f5es da leitura e da literacia, da sua promo\u00e7\u00e3o e media\u00e7\u00e3o, o papel inclusivo dos seus servi\u00e7os, oferecidos com base na igualdade de acesso, que procuram responder \u00e0s reais necessidades dos seus utilizadores e o trabalho desenvolvido em parceria com os agentes locais.<\/p>\n\n\n\n<p>A inscri\u00e7\u00e3o \u00e9 gratuita e pode ser efetuada em\u00a0<a href=\"https:\/\/partilharleituras.wixsite.com\/partilhar\" target=\"_blank\" rel=\"noreferrer noopener\">https:\/\/partilharleituras.wixsite.com\/partilhar<\/a>, onde poder\u00e1 tamb\u00e9m ser consultado o programa.\u00a0<\/p>\n\n\n\n<p>Ser\u00e1 concedido certificado de ACD (A\u00e7\u00f5es de Curta Dura\u00e7\u00e3o) para professores, mediante inscri\u00e7\u00e3o.<\/p>\n","protected":false},"excerpt":{"rendered":"<p>O VIII Encontro Partilhar Leituras, dedicado ao tema \u201cA arte de fazer leitores\u201d, realiza-se no dia 4 de Maio, entre<\/p>\n","protected":false},"author":1,"featured_media":0,"comment_status":"closed","ping_status":"open","sticky":false,"template":"","format":"standard","meta":{"colormag_page_container_layout":"default_layout","colormag_page_sidebar_layout":"default_layout","_monsterinsights_skip_tracking":false,"_monsterinsights_sitenote_active":false,"_monsterinsights_sitenote_note":"","_monsterinsights_sitenote_category":0,"jetpack_post_was_ever_published":false,"_jetpack_newsletter_access":"","_jetpack_dont_email_post_to_subs":false,"_jetpack_newsletter_tier_id":0,"_jetpack_memberships_contains_paywalled_content":false,"_jetpack_memberships_contains_paid_content":false,"footnotes":"","jetpack_publicize_message":"","jetpack_publicize_feature_enabled":true,"jetpack_social_post_already_shared":true,"jetpack_social_options":{"image_generator_settings":{"template":"highway","default_image_id":0,"font":"","enabled":false},"version":2}},"categories":[93],"tags":[36,74,57,253],"class_list":["post-8065","post","type-post","status-publish","format-standard","hentry","category-educacao","tag-algarve","tag-educacao","tag-faro","tag-online"],"yoast_head":"<!-- This site is optimized with the Yoast SEO plugin v27.5 - https:\/\/yoast.com\/product\/yoast-seo-wordpress\/ -->\n<title>A arte de fazer leitores \u00e9 o tema do VIII encontro partilhar leituras - Algarve 7<\/title>\n<meta name=\"description\" content=\"A arte de fazer leitores \u00e9 o tema do VIII encontro partilhar leituras Educa\u00e7\u00e3o\" \/>\n<meta name=\"robots\" content=\"index, follow, max-snippet:-1, max-image-preview:large, max-video-preview:-1\" \/>\n<link rel=\"canonical\" href=\"https:\/\/algarve7.pt\/index.php\/2021\/05\/a-arte-de-fazer-leitores-e-o-tema-do-viii-encontro-partilhar-leituras\/educacao\/07\/48\/\" \/>\n<meta property=\"og:locale\" content=\"pt_PT\" \/>\n<meta property=\"og:type\" content=\"article\" \/>\n<meta property=\"og:title\" content=\"A arte de fazer leitores \u00e9 o tema do VIII encontro partilhar leituras - Algarve 7\" \/>\n<meta property=\"og:description\" content=\"A arte de fazer leitores \u00e9 o tema do VIII encontro partilhar leituras Educa\u00e7\u00e3o\" \/>\n<meta property=\"og:url\" content=\"https:\/\/algarve7.pt\/index.php\/2021\/05\/a-arte-de-fazer-leitores-e-o-tema-do-viii-encontro-partilhar-leituras\/educacao\/07\/48\/\" \/>\n<meta property=\"og:site_name\" content=\"Algarve 7\" \/>\n<meta property=\"article:publisher\" content=\"https:\/\/www.facebook.com\/algarve7\" \/>\n<meta property=\"article:author\" content=\"https:\/\/www.facebook.com\/algarve7\" \/>\n<meta property=\"article:published_time\" content=\"2021-05-01T06:48:44+00:00\" \/>\n<meta property=\"article:modified_time\" content=\"2021-05-01T06:49:11+00:00\" \/>\n<meta property=\"og:image\" content=\"https:\/\/algarve7.pt\/wp-content\/uploads\/2021\/05\/POST-FACE-FAZER-LEITORES-1.png\" \/>\n\t<meta property=\"og:image:width\" content=\"1200\" \/>\n\t<meta property=\"og:image:height\" content=\"1200\" \/>\n\t<meta property=\"og:image:type\" content=\"image\/png\" \/>\n<meta name=\"author\" content=\"Algarve 7\" \/>\n<meta name=\"twitter:card\" content=\"summary_large_image\" \/>\n<meta name=\"twitter:creator\" content=\"@Algarvesete\" \/>\n<meta name=\"twitter:site\" content=\"@Algarvesete\" \/>\n<meta name=\"twitter:label1\" content=\"Escrito por\" \/>\n\t<meta name=\"twitter:data1\" content=\"Algarve 7\" \/>\n\t<meta name=\"twitter:label2\" content=\"Tempo estimado de leitura\" \/>\n\t<meta name=\"twitter:data2\" content=\"2 minutos\" \/>\n<script type=\"application\/ld+json\" class=\"yoast-schema-graph\">{\"@context\":\"https:\\\/\\\/schema.org\",\"@graph\":[{\"@type\":\"Article\",\"@id\":\"https:\\\/\\\/algarve7.pt\\\/index.php\\\/2021\\\/05\\\/a-arte-de-fazer-leitores-e-o-tema-do-viii-encontro-partilhar-leituras\\\/educacao\\\/07\\\/48\\\/#article\",\"isPartOf\":{\"@id\":\"https:\\\/\\\/algarve7.pt\\\/index.php\\\/2021\\\/05\\\/a-arte-de-fazer-leitores-e-o-tema-do-viii-encontro-partilhar-leituras\\\/educacao\\\/07\\\/48\\\/\"},\"author\":{\"name\":\"Algarve 7\",\"@id\":\"https:\\\/\\\/algarve7.pt\\\/#\\\/schema\\\/person\\\/23fa70681308e7b319a3204bcea45e0c\"},\"headline\":\"A arte de fazer leitores \u00e9 o tema do VIII encontro partilhar leituras\",\"datePublished\":\"2021-05-01T06:48:44+00:00\",\"dateModified\":\"2021-05-01T06:49:11+00:00\",\"mainEntityOfPage\":{\"@id\":\"https:\\\/\\\/algarve7.pt\\\/index.php\\\/2021\\\/05\\\/a-arte-de-fazer-leitores-e-o-tema-do-viii-encontro-partilhar-leituras\\\/educacao\\\/07\\\/48\\\/\"},\"wordCount\":288,\"publisher\":{\"@id\":\"https:\\\/\\\/algarve7.pt\\\/#organization\"},\"keywords\":[\"Algarve\",\"Educa\u00e7\u00e3o\",\"Faro\",\"Online\"],\"articleSection\":[\"Educa\u00e7\u00e3o\"],\"inLanguage\":\"pt-PT\"},{\"@type\":\"WebPage\",\"@id\":\"https:\\\/\\\/algarve7.pt\\\/index.php\\\/2021\\\/05\\\/a-arte-de-fazer-leitores-e-o-tema-do-viii-encontro-partilhar-leituras\\\/educacao\\\/07\\\/48\\\/\",\"url\":\"https:\\\/\\\/algarve7.pt\\\/index.php\\\/2021\\\/05\\\/a-arte-de-fazer-leitores-e-o-tema-do-viii-encontro-partilhar-leituras\\\/educacao\\\/07\\\/48\\\/\",\"name\":\"A arte de fazer leitores \u00e9 o tema do VIII encontro partilhar leituras - Algarve 7\",\"isPartOf\":{\"@id\":\"https:\\\/\\\/algarve7.pt\\\/#website\"},\"datePublished\":\"2021-05-01T06:48:44+00:00\",\"dateModified\":\"2021-05-01T06:49:11+00:00\",\"description\":\"A arte de fazer leitores \u00e9 o tema do VIII encontro partilhar leituras Educa\u00e7\u00e3o\",\"breadcrumb\":{\"@id\":\"https:\\\/\\\/algarve7.pt\\\/index.php\\\/2021\\\/05\\\/a-arte-de-fazer-leitores-e-o-tema-do-viii-encontro-partilhar-leituras\\\/educacao\\\/07\\\/48\\\/#breadcrumb\"},\"inLanguage\":\"pt-PT\",\"potentialAction\":[{\"@type\":\"ReadAction\",\"target\":[\"https:\\\/\\\/algarve7.pt\\\/index.php\\\/2021\\\/05\\\/a-arte-de-fazer-leitores-e-o-tema-do-viii-encontro-partilhar-leituras\\\/educacao\\\/07\\\/48\\\/\"]}]},{\"@type\":\"BreadcrumbList\",\"@id\":\"https:\\\/\\\/algarve7.pt\\\/index.php\\\/2021\\\/05\\\/a-arte-de-fazer-leitores-e-o-tema-do-viii-encontro-partilhar-leituras\\\/educacao\\\/07\\\/48\\\/#breadcrumb\",\"itemListElement\":[{\"@type\":\"ListItem\",\"position\":1,\"name\":\"In\u00edcio\",\"item\":\"https:\\\/\\\/algarve7.pt\\\/\"},{\"@type\":\"ListItem\",\"position\":2,\"name\":\"A arte de fazer leitores \u00e9 o tema do VIII encontro partilhar leituras\"}]},{\"@type\":\"WebSite\",\"@id\":\"https:\\\/\\\/algarve7.pt\\\/#website\",\"url\":\"https:\\\/\\\/algarve7.pt\\\/\",\"name\":\"Algarve 7\",\"description\":\"Informa\u00e7\u00e3o sobre o Algarve\",\"publisher\":{\"@id\":\"https:\\\/\\\/algarve7.pt\\\/#organization\"},\"potentialAction\":[{\"@type\":\"SearchAction\",\"target\":{\"@type\":\"EntryPoint\",\"urlTemplate\":\"https:\\\/\\\/algarve7.pt\\\/?s={search_term_string}\"},\"query-input\":{\"@type\":\"PropertyValueSpecification\",\"valueRequired\":true,\"valueName\":\"search_term_string\"}}],\"inLanguage\":\"pt-PT\"},{\"@type\":\"Organization\",\"@id\":\"https:\\\/\\\/algarve7.pt\\\/#organization\",\"name\":\"Algarve 7\",\"url\":\"https:\\\/\\\/algarve7.pt\\\/\",\"logo\":{\"@type\":\"ImageObject\",\"inLanguage\":\"pt-PT\",\"@id\":\"https:\\\/\\\/algarve7.pt\\\/#\\\/schema\\\/logo\\\/image\\\/\",\"url\":\"https:\\\/\\\/algarve7.pt\\\/wp-content\\\/uploads\\\/2020\\\/10\\\/Logo-8.jpg\",\"contentUrl\":\"https:\\\/\\\/algarve7.pt\\\/wp-content\\\/uploads\\\/2020\\\/10\\\/Logo-8.jpg\",\"width\":1680,\"height\":1186,\"caption\":\"Algarve 7\"},\"image\":{\"@id\":\"https:\\\/\\\/algarve7.pt\\\/#\\\/schema\\\/logo\\\/image\\\/\"},\"sameAs\":[\"https:\\\/\\\/www.facebook.com\\\/algarve7\",\"https:\\\/\\\/x.com\\\/Algarvesete\",\"https:\\\/\\\/www.instagram.com\\\/jornalalgarve7\\\/\",\"https:\\\/\\\/www.linkedin.com\\\/company\\\/algarve7\",\"https:\\\/\\\/www.pinterest.pt\\\/geral0939\\\/_created\\\/\"]},{\"@type\":\"Person\",\"@id\":\"https:\\\/\\\/algarve7.pt\\\/#\\\/schema\\\/person\\\/23fa70681308e7b319a3204bcea45e0c\",\"name\":\"Algarve 7\",\"sameAs\":[\"https:\\\/\\\/algarve7.pt\",\"https:\\\/\\\/www.facebook.com\\\/algarve7\"],\"url\":\"https:\\\/\\\/algarve7.pt\\\/index.php\\\/author\\\/geralalgarve7-pt\\\/\"}]}<\/script>\n<!-- \/ Yoast SEO plugin. -->","yoast_head_json":{"title":"A arte de fazer leitores \u00e9 o tema do VIII encontro partilhar leituras - Algarve 7","description":"A arte de fazer leitores \u00e9 o tema do VIII encontro partilhar leituras Educa\u00e7\u00e3o","robots":{"index":"index","follow":"follow","max-snippet":"max-snippet:-1","max-image-preview":"max-image-preview:large","max-video-preview":"max-video-preview:-1"},"canonical":"https:\/\/algarve7.pt\/index.php\/2021\/05\/a-arte-de-fazer-leitores-e-o-tema-do-viii-encontro-partilhar-leituras\/educacao\/07\/48\/","og_locale":"pt_PT","og_type":"article","og_title":"A arte de fazer leitores \u00e9 o tema do VIII encontro partilhar leituras - Algarve 7","og_description":"A arte de fazer leitores \u00e9 o tema do VIII encontro partilhar leituras Educa\u00e7\u00e3o","og_url":"https:\/\/algarve7.pt\/index.php\/2021\/05\/a-arte-de-fazer-leitores-e-o-tema-do-viii-encontro-partilhar-leituras\/educacao\/07\/48\/","og_site_name":"Algarve 7","article_publisher":"https:\/\/www.facebook.com\/algarve7","article_author":"https:\/\/www.facebook.com\/algarve7","article_published_time":"2021-05-01T06:48:44+00:00","article_modified_time":"2021-05-01T06:49:11+00:00","og_image":[{"width":1200,"height":1200,"url":"https:\/\/algarve7.pt\/wp-content\/uploads\/2021\/05\/POST-FACE-FAZER-LEITORES-1.png","type":"image\/png"}],"author":"Algarve 7","twitter_card":"summary_large_image","twitter_creator":"@Algarvesete","twitter_site":"@Algarvesete","twitter_misc":{"Escrito por":"Algarve 7","Tempo estimado de leitura":"2 minutos"},"schema":{"@context":"https:\/\/schema.org","@graph":[{"@type":"Article","@id":"https:\/\/algarve7.pt\/index.php\/2021\/05\/a-arte-de-fazer-leitores-e-o-tema-do-viii-encontro-partilhar-leituras\/educacao\/07\/48\/#article","isPartOf":{"@id":"https:\/\/algarve7.pt\/index.php\/2021\/05\/a-arte-de-fazer-leitores-e-o-tema-do-viii-encontro-partilhar-leituras\/educacao\/07\/48\/"},"author":{"name":"Algarve 7","@id":"https:\/\/algarve7.pt\/#\/schema\/person\/23fa70681308e7b319a3204bcea45e0c"},"headline":"A arte de fazer leitores \u00e9 o tema do VIII encontro partilhar leituras","datePublished":"2021-05-01T06:48:44+00:00","dateModified":"2021-05-01T06:49:11+00:00","mainEntityOfPage":{"@id":"https:\/\/algarve7.pt\/index.php\/2021\/05\/a-arte-de-fazer-leitores-e-o-tema-do-viii-encontro-partilhar-leituras\/educacao\/07\/48\/"},"wordCount":288,"publisher":{"@id":"https:\/\/algarve7.pt\/#organization"},"keywords":["Algarve","Educa\u00e7\u00e3o","Faro","Online"],"articleSection":["Educa\u00e7\u00e3o"],"inLanguage":"pt-PT"},{"@type":"WebPage","@id":"https:\/\/algarve7.pt\/index.php\/2021\/05\/a-arte-de-fazer-leitores-e-o-tema-do-viii-encontro-partilhar-leituras\/educacao\/07\/48\/","url":"https:\/\/algarve7.pt\/index.php\/2021\/05\/a-arte-de-fazer-leitores-e-o-tema-do-viii-encontro-partilhar-leituras\/educacao\/07\/48\/","name":"A arte de fazer leitores \u00e9 o tema do VIII encontro partilhar leituras - Algarve 7","isPartOf":{"@id":"https:\/\/algarve7.pt\/#website"},"datePublished":"2021-05-01T06:48:44+00:00","dateModified":"2021-05-01T06:49:11+00:00","description":"A arte de fazer leitores \u00e9 o tema do VIII encontro partilhar leituras Educa\u00e7\u00e3o","breadcrumb":{"@id":"https:\/\/algarve7.pt\/index.php\/2021\/05\/a-arte-de-fazer-leitores-e-o-tema-do-viii-encontro-partilhar-leituras\/educacao\/07\/48\/#breadcrumb"},"inLanguage":"pt-PT","potentialAction":[{"@type":"ReadAction","target":["https:\/\/algarve7.pt\/index.php\/2021\/05\/a-arte-de-fazer-leitores-e-o-tema-do-viii-encontro-partilhar-leituras\/educacao\/07\/48\/"]}]},{"@type":"BreadcrumbList","@id":"https:\/\/algarve7.pt\/index.php\/2021\/05\/a-arte-de-fazer-leitores-e-o-tema-do-viii-encontro-partilhar-leituras\/educacao\/07\/48\/#breadcrumb","itemListElement":[{"@type":"ListItem","position":1,"name":"In\u00edcio","item":"https:\/\/algarve7.pt\/"},{"@type":"ListItem","position":2,"name":"A arte de fazer leitores \u00e9 o tema do VIII encontro partilhar leituras"}]},{"@type":"WebSite","@id":"https:\/\/algarve7.pt\/#website","url":"https:\/\/algarve7.pt\/","name":"Algarve 7","description":"Informa\u00e7\u00e3o sobre o Algarve","publisher":{"@id":"https:\/\/algarve7.pt\/#organization"},"potentialAction":[{"@type":"SearchAction","target":{"@type":"EntryPoint","urlTemplate":"https:\/\/algarve7.pt\/?s={search_term_string}"},"query-input":{"@type":"PropertyValueSpecification","valueRequired":true,"valueName":"search_term_string"}}],"inLanguage":"pt-PT"},{"@type":"Organization","@id":"https:\/\/algarve7.pt\/#organization","name":"Algarve 7","url":"https:\/\/algarve7.pt\/","logo":{"@type":"ImageObject","inLanguage":"pt-PT","@id":"https:\/\/algarve7.pt\/#\/schema\/logo\/image\/","url":"https:\/\/algarve7.pt\/wp-content\/uploads\/2020\/10\/Logo-8.jpg","contentUrl":"https:\/\/algarve7.pt\/wp-content\/uploads\/2020\/10\/Logo-8.jpg","width":1680,"height":1186,"caption":"Algarve 7"},"image":{"@id":"https:\/\/algarve7.pt\/#\/schema\/logo\/image\/"},"sameAs":["https:\/\/www.facebook.com\/algarve7","https:\/\/x.com\/Algarvesete","https:\/\/www.instagram.com\/jornalalgarve7\/","https:\/\/www.linkedin.com\/company\/algarve7","https:\/\/www.pinterest.pt\/geral0939\/_created\/"]},{"@type":"Person","@id":"https:\/\/algarve7.pt\/#\/schema\/person\/23fa70681308e7b319a3204bcea45e0c","name":"Algarve 7","sameAs":["https:\/\/algarve7.pt","https:\/\/www.facebook.com\/algarve7"],"url":"https:\/\/algarve7.pt\/index.php\/author\/geralalgarve7-pt\/"}]}},"jetpack_publicize_connections":[],"jetpack_featured_media_url":"","jetpack_shortlink":"https:\/\/wp.me\/pcezmW-265","jetpack_sharing_enabled":true,"_links":{"self":[{"href":"https:\/\/algarve7.pt\/index.php\/wp-json\/wp\/v2\/posts\/8065","targetHints":{"allow":["GET"]}}],"collection":[{"href":"https:\/\/algarve7.pt\/index.php\/wp-json\/wp\/v2\/posts"}],"about":[{"href":"https:\/\/algarve7.pt\/index.php\/wp-json\/wp\/v2\/types\/post"}],"author":[{"embeddable":true,"href":"https:\/\/algarve7.pt\/index.php\/wp-json\/wp\/v2\/users\/1"}],"replies":[{"embeddable":true,"href":"https:\/\/algarve7.pt\/index.php\/wp-json\/wp\/v2\/comments?post=8065"}],"version-history":[{"count":0,"href":"https:\/\/algarve7.pt\/index.php\/wp-json\/wp\/v2\/posts\/8065\/revisions"}],"wp:attachment":[{"href":"https:\/\/algarve7.pt\/index.php\/wp-json\/wp\/v2\/media?parent=8065"}],"wp:term":[{"taxonomy":"category","embeddable":true,"href":"https:\/\/algarve7.pt\/index.php\/wp-json\/wp\/v2\/categories?post=8065"},{"taxonomy":"post_tag","embeddable":true,"href":"https:\/\/algarve7.pt\/index.php\/wp-json\/wp\/v2\/tags?post=8065"}],"curies":[{"name":"wp","href":"https:\/\/api.w.org\/{rel}","templated":true}]}}