{"id":8056,"date":"2021-04-30T17:07:24","date_gmt":"2021-04-30T16:07:24","guid":{"rendered":"https:\/\/algarve7.pt\/?p=8056"},"modified":"2021-04-30T17:07:28","modified_gmt":"2021-04-30T16:07:28","slug":"programa-operacional-do-algarve-apoia-formacao-de-4-500-professores-para-acelerar-transicao-digital-na-educacao","status":"publish","type":"post","link":"https:\/\/algarve7.pt\/index.php\/2021\/04\/programa-operacional-do-algarve-apoia-formacao-de-4-500-professores-para-acelerar-transicao-digital-na-educacao\/educacao\/17\/07\/","title":{"rendered":"Programa operacional do Algarve apoia forma\u00e7\u00e3o de 4.500 professores para acelerar transi\u00e7\u00e3o digital na educa\u00e7\u00e3o"},"content":{"rendered":"\n<p>A Comiss\u00e3o Diretiva do Programa Operacional do Algarve &#8211; CRESC ALGARVE 2020, aprovou os programas de forma\u00e7\u00e3o de professores apresentados pelos Centros de Forma\u00e7\u00e3o de Agrupamentos de Escolas do Algarve, visando a capacita\u00e7\u00e3o de docentes, formadores do Sistema Nacional de Qualifica\u00e7\u00f5es e t\u00e9cnicos de tecnologias de informa\u00e7\u00e3o em cada escola, para garantir a aquisi\u00e7\u00e3o das compet\u00eancias necess\u00e1rias ao ensino no novo contexto digital.<\/p>\n\n\n\n<p>Esta prioridade, j\u00e1 identificada no\u00a0<a href=\"https:\/\/www.dgae.gov.pt\/comunicacao\/destaques\/plano-de-acao-para-a-transicao-digital-.aspx\" target=\"_blank\" rel=\"noreferrer noopener\"><strong><u>Plano de A\u00e7\u00e3o para a Transi\u00e7\u00e3o Digital<\/u><\/strong><\/a>, aprovado pelo Governo em abril de 2020, tornou-se ainda mais urgente no atual contexto de pandemia, e das respostas do sistema de educa\u00e7\u00e3o e forma\u00e7\u00e3o \u00e0 pandemia do COVID-19.<\/p>\n\n\n\n<p>Este plano tem uma perspetiva de resposta mais de curto prazo, decorrente da situa\u00e7\u00e3o pand\u00e9mica gerada pelo COVID-19, mas tem tamb\u00e9m uma perspetiva de m\u00e9dio e longo prazo, visando a sustenta\u00e7\u00e3o de condi\u00e7\u00f5es de maior e melhor efic\u00e1cia e efici\u00eancia na execu\u00e7\u00e3o dos recursos afetos \u00e0 qualifica\u00e7\u00e3o da nossa popula\u00e7\u00e3o, universalizando nesse contexto este apoio p\u00fablico, enquanto fator chave de desenvolvimento econ\u00f3mico e social.<\/p>\n\n\n\n<p>A capacita\u00e7\u00e3o dos docentes e de outros profissionais de educa\u00e7\u00e3o ter\u00e1, pois, um papel determinante no alicer\u00e7ar da integra\u00e7\u00e3o transversal das tecnologias de informa\u00e7\u00e3o e comunica\u00e7\u00e3o (TIC) e de todas as ferramentas digitais nas suas pr\u00e1ticas profissionais e pedag\u00f3gicas.<\/p>\n\n\n\n<p>No \u00e2mbito do referido plano assume particular import\u00e2ncia as a\u00e7\u00f5es alinhadas com o desenvolvimento da compet\u00eancia digital dos docentes, incluindo \u00e1reas como a do ensino a dist\u00e2ncia e do ensino misto, com a utiliza\u00e7\u00e3o de ferramentas digitais nos processos de ensino e aprendizagem, quer presenciais, quer remotos.<\/p>\n\n\n\n<p>Os programas aprovados preveem a&nbsp;<strong>forma\u00e7\u00e3o de mais de 4.500 docentes da educa\u00e7\u00e3o pr\u00e9-escolar e dos ensinos b\u00e1sico e secund\u00e1rio<\/strong>&nbsp;em exerc\u00edcio efetivo de fun\u00e7\u00f5es em agrupamentos de escolas ou escolas n\u00e3o agrupadas da rede p\u00fablica, bem como docentes que exercem fun\u00e7\u00f5es legalmente equiparadas ao exerc\u00edcio de fun\u00e7\u00f5es docentes, bem como os gestores escolares, detentores de cargos de gest\u00e3o interm\u00e9dia e, ainda outros agentes de educa\u00e7\u00e3o envolvidos no processo de acelera\u00e7\u00e3o da transi\u00e7\u00e3o digital na educa\u00e7\u00e3o, correspondendo a um volume de forma\u00e7\u00e3o superior a 116 mil horas de forma\u00e7\u00e3o.&nbsp;<\/p>\n\n\n\n<p>O financiamento p\u00fablico aprovado \u00e9 superior a 810.000,00\u20ac (oitocentos e dez mil euros), comparticipado em 80% pelo Fundo Social Europeu (FSE).<\/p>\n\n\n\n<p>As opera\u00e7\u00f5es a apoiar ser\u00e3o dinamizadas pelos 6 Centros de Forma\u00e7\u00e3o dos Agrupamentos de Escolas da regi\u00e3o, e pelo Instituto de Avalia\u00e7\u00e3o Educativa, e decorrer\u00e3o at\u00e9 30 de junho de 2023.<\/p>\n","protected":false},"excerpt":{"rendered":"<p>A Comiss\u00e3o Diretiva do Programa Operacional do Algarve &#8211; CRESC ALGARVE 2020, aprovou os programas de forma\u00e7\u00e3o de professores apresentados<\/p>\n","protected":false},"author":1,"featured_media":8057,"comment_status":"closed","ping_status":"open","sticky":false,"template":"","format":"standard","meta":{"colormag_page_container_layout":"default_layout","colormag_page_sidebar_layout":"default_layout","_monsterinsights_skip_tracking":false,"_monsterinsights_sitenote_active":false,"_monsterinsights_sitenote_note":"","_monsterinsights_sitenote_category":0,"jetpack_post_was_ever_published":false,"_jetpack_newsletter_access":"","_jetpack_dont_email_post_to_subs":false,"_jetpack_newsletter_tier_id":0,"_jetpack_memberships_contains_paywalled_content":false,"_jetpack_memberships_contains_paid_content":false,"footnotes":"","jetpack_publicize_message":"","jetpack_publicize_feature_enabled":true,"jetpack_social_post_already_shared":true,"jetpack_social_options":{"image_generator_settings":{"template":"highway","default_image_id":0,"font":"","enabled":false},"version":2}},"categories":[93],"tags":[143,288,74],"class_list":["post-8056","post","type-post","status-publish","format-standard","has-post-thumbnail","hentry","category-educacao","tag-ccdr-algarve","tag-cresc-algarve-2020","tag-educacao"],"yoast_head":"<!-- This site is optimized with the Yoast SEO plugin v27.5 - https:\/\/yoast.com\/product\/yoast-seo-wordpress\/ -->\n<title>Programa operacional do Algarve apoia forma\u00e7\u00e3o de 4.500 professores para acelerar transi\u00e7\u00e3o digital na educa\u00e7\u00e3o - Algarve 7<\/title>\n<meta name=\"description\" content=\"Programa operacional do Algarve apoia forma\u00e7\u00e3o de 4.500 professores para acelerar transi\u00e7\u00e3o digital na educa\u00e7\u00e3o Educa\u00e7\u00e3o\" \/>\n<meta name=\"robots\" content=\"index, follow, max-snippet:-1, max-image-preview:large, max-video-preview:-1\" \/>\n<link rel=\"canonical\" href=\"https:\/\/algarve7.pt\/index.php\/2021\/04\/programa-operacional-do-algarve-apoia-formacao-de-4-500-professores-para-acelerar-transicao-digital-na-educacao\/educacao\/17\/07\/\" \/>\n<meta property=\"og:locale\" content=\"pt_PT\" \/>\n<meta property=\"og:type\" content=\"article\" \/>\n<meta property=\"og:title\" content=\"Programa operacional do Algarve apoia forma\u00e7\u00e3o de 4.500 professores para acelerar transi\u00e7\u00e3o digital na educa\u00e7\u00e3o - Algarve 7\" \/>\n<meta property=\"og:description\" content=\"Programa operacional do Algarve apoia forma\u00e7\u00e3o de 4.500 professores para acelerar transi\u00e7\u00e3o digital na educa\u00e7\u00e3o Educa\u00e7\u00e3o\" \/>\n<meta property=\"og:url\" content=\"https:\/\/algarve7.pt\/index.php\/2021\/04\/programa-operacional-do-algarve-apoia-formacao-de-4-500-professores-para-acelerar-transicao-digital-na-educacao\/educacao\/17\/07\/\" \/>\n<meta property=\"og:site_name\" content=\"Algarve 7\" \/>\n<meta property=\"article:publisher\" content=\"https:\/\/www.facebook.com\/algarve7\" \/>\n<meta property=\"article:author\" content=\"https:\/\/www.facebook.com\/algarve7\" \/>\n<meta property=\"article:published_time\" content=\"2021-04-30T16:07:24+00:00\" \/>\n<meta property=\"article:modified_time\" content=\"2021-04-30T16:07:28+00:00\" \/>\n<meta property=\"og:image\" content=\"https:\/\/algarve7.pt\/wp-content\/uploads\/2021\/04\/formacaoprofessorestransicaodigital.jpg\" \/>\n\t<meta property=\"og:image:width\" content=\"1200\" \/>\n\t<meta property=\"og:image:height\" content=\"630\" \/>\n\t<meta property=\"og:image:type\" content=\"image\/jpeg\" \/>\n<meta name=\"author\" content=\"Algarve 7\" \/>\n<meta name=\"twitter:card\" content=\"summary_large_image\" \/>\n<meta name=\"twitter:creator\" content=\"@Algarvesete\" \/>\n<meta name=\"twitter:site\" content=\"@Algarvesete\" \/>\n<meta name=\"twitter:label1\" content=\"Escrito por\" \/>\n\t<meta name=\"twitter:data1\" content=\"Algarve 7\" \/>\n\t<meta name=\"twitter:label2\" content=\"Tempo estimado de leitura\" \/>\n\t<meta name=\"twitter:data2\" content=\"2 minutos\" \/>\n<script type=\"application\/ld+json\" class=\"yoast-schema-graph\">{\"@context\":\"https:\\\/\\\/schema.org\",\"@graph\":[{\"@type\":\"Article\",\"@id\":\"https:\\\/\\\/algarve7.pt\\\/index.php\\\/2021\\\/04\\\/programa-operacional-do-algarve-apoia-formacao-de-4-500-professores-para-acelerar-transicao-digital-na-educacao\\\/educacao\\\/17\\\/07\\\/#article\",\"isPartOf\":{\"@id\":\"https:\\\/\\\/algarve7.pt\\\/index.php\\\/2021\\\/04\\\/programa-operacional-do-algarve-apoia-formacao-de-4-500-professores-para-acelerar-transicao-digital-na-educacao\\\/educacao\\\/17\\\/07\\\/\"},\"author\":{\"name\":\"Algarve 7\",\"@id\":\"https:\\\/\\\/algarve7.pt\\\/#\\\/schema\\\/person\\\/23fa70681308e7b319a3204bcea45e0c\"},\"headline\":\"Programa operacional do Algarve apoia forma\u00e7\u00e3o de 4.500 professores para acelerar transi\u00e7\u00e3o digital na educa\u00e7\u00e3o\",\"datePublished\":\"2021-04-30T16:07:24+00:00\",\"dateModified\":\"2021-04-30T16:07:28+00:00\",\"mainEntityOfPage\":{\"@id\":\"https:\\\/\\\/algarve7.pt\\\/index.php\\\/2021\\\/04\\\/programa-operacional-do-algarve-apoia-formacao-de-4-500-professores-para-acelerar-transicao-digital-na-educacao\\\/educacao\\\/17\\\/07\\\/\"},\"wordCount\":470,\"publisher\":{\"@id\":\"https:\\\/\\\/algarve7.pt\\\/#organization\"},\"image\":{\"@id\":\"https:\\\/\\\/algarve7.pt\\\/index.php\\\/2021\\\/04\\\/programa-operacional-do-algarve-apoia-formacao-de-4-500-professores-para-acelerar-transicao-digital-na-educacao\\\/educacao\\\/17\\\/07\\\/#primaryimage\"},\"thumbnailUrl\":\"https:\\\/\\\/algarve7.pt\\\/wp-content\\\/uploads\\\/2021\\\/04\\\/formacaoprofessorestransicaodigital.jpg\",\"keywords\":[\"CCDR Algarve\",\"CRESC ALGARVE 2020\",\"Educa\u00e7\u00e3o\"],\"articleSection\":[\"Educa\u00e7\u00e3o\"],\"inLanguage\":\"pt-PT\"},{\"@type\":\"WebPage\",\"@id\":\"https:\\\/\\\/algarve7.pt\\\/index.php\\\/2021\\\/04\\\/programa-operacional-do-algarve-apoia-formacao-de-4-500-professores-para-acelerar-transicao-digital-na-educacao\\\/educacao\\\/17\\\/07\\\/\",\"url\":\"https:\\\/\\\/algarve7.pt\\\/index.php\\\/2021\\\/04\\\/programa-operacional-do-algarve-apoia-formacao-de-4-500-professores-para-acelerar-transicao-digital-na-educacao\\\/educacao\\\/17\\\/07\\\/\",\"name\":\"Programa operacional do Algarve apoia forma\u00e7\u00e3o de 4.500 professores para acelerar transi\u00e7\u00e3o digital na educa\u00e7\u00e3o - Algarve 7\",\"isPartOf\":{\"@id\":\"https:\\\/\\\/algarve7.pt\\\/#website\"},\"primaryImageOfPage\":{\"@id\":\"https:\\\/\\\/algarve7.pt\\\/index.php\\\/2021\\\/04\\\/programa-operacional-do-algarve-apoia-formacao-de-4-500-professores-para-acelerar-transicao-digital-na-educacao\\\/educacao\\\/17\\\/07\\\/#primaryimage\"},\"image\":{\"@id\":\"https:\\\/\\\/algarve7.pt\\\/index.php\\\/2021\\\/04\\\/programa-operacional-do-algarve-apoia-formacao-de-4-500-professores-para-acelerar-transicao-digital-na-educacao\\\/educacao\\\/17\\\/07\\\/#primaryimage\"},\"thumbnailUrl\":\"https:\\\/\\\/algarve7.pt\\\/wp-content\\\/uploads\\\/2021\\\/04\\\/formacaoprofessorestransicaodigital.jpg\",\"datePublished\":\"2021-04-30T16:07:24+00:00\",\"dateModified\":\"2021-04-30T16:07:28+00:00\",\"description\":\"Programa operacional do Algarve apoia forma\u00e7\u00e3o de 4.500 professores para acelerar transi\u00e7\u00e3o digital na educa\u00e7\u00e3o Educa\u00e7\u00e3o\",\"breadcrumb\":{\"@id\":\"https:\\\/\\\/algarve7.pt\\\/index.php\\\/2021\\\/04\\\/programa-operacional-do-algarve-apoia-formacao-de-4-500-professores-para-acelerar-transicao-digital-na-educacao\\\/educacao\\\/17\\\/07\\\/#breadcrumb\"},\"inLanguage\":\"pt-PT\",\"potentialAction\":[{\"@type\":\"ReadAction\",\"target\":[\"https:\\\/\\\/algarve7.pt\\\/index.php\\\/2021\\\/04\\\/programa-operacional-do-algarve-apoia-formacao-de-4-500-professores-para-acelerar-transicao-digital-na-educacao\\\/educacao\\\/17\\\/07\\\/\"]}]},{\"@type\":\"ImageObject\",\"inLanguage\":\"pt-PT\",\"@id\":\"https:\\\/\\\/algarve7.pt\\\/index.php\\\/2021\\\/04\\\/programa-operacional-do-algarve-apoia-formacao-de-4-500-professores-para-acelerar-transicao-digital-na-educacao\\\/educacao\\\/17\\\/07\\\/#primaryimage\",\"url\":\"https:\\\/\\\/algarve7.pt\\\/wp-content\\\/uploads\\\/2021\\\/04\\\/formacaoprofessorestransicaodigital.jpg\",\"contentUrl\":\"https:\\\/\\\/algarve7.pt\\\/wp-content\\\/uploads\\\/2021\\\/04\\\/formacaoprofessorestransicaodigital.jpg\",\"width\":1200,\"height\":630},{\"@type\":\"BreadcrumbList\",\"@id\":\"https:\\\/\\\/algarve7.pt\\\/index.php\\\/2021\\\/04\\\/programa-operacional-do-algarve-apoia-formacao-de-4-500-professores-para-acelerar-transicao-digital-na-educacao\\\/educacao\\\/17\\\/07\\\/#breadcrumb\",\"itemListElement\":[{\"@type\":\"ListItem\",\"position\":1,\"name\":\"In\u00edcio\",\"item\":\"https:\\\/\\\/algarve7.pt\\\/\"},{\"@type\":\"ListItem\",\"position\":2,\"name\":\"Programa operacional do Algarve apoia forma\u00e7\u00e3o de 4.500 professores para acelerar transi\u00e7\u00e3o digital na educa\u00e7\u00e3o\"}]},{\"@type\":\"WebSite\",\"@id\":\"https:\\\/\\\/algarve7.pt\\\/#website\",\"url\":\"https:\\\/\\\/algarve7.pt\\\/\",\"name\":\"Algarve 7\",\"description\":\"Informa\u00e7\u00e3o sobre o Algarve\",\"publisher\":{\"@id\":\"https:\\\/\\\/algarve7.pt\\\/#organization\"},\"potentialAction\":[{\"@type\":\"SearchAction\",\"target\":{\"@type\":\"EntryPoint\",\"urlTemplate\":\"https:\\\/\\\/algarve7.pt\\\/?s={search_term_string}\"},\"query-input\":{\"@type\":\"PropertyValueSpecification\",\"valueRequired\":true,\"valueName\":\"search_term_string\"}}],\"inLanguage\":\"pt-PT\"},{\"@type\":\"Organization\",\"@id\":\"https:\\\/\\\/algarve7.pt\\\/#organization\",\"name\":\"Algarve 7\",\"url\":\"https:\\\/\\\/algarve7.pt\\\/\",\"logo\":{\"@type\":\"ImageObject\",\"inLanguage\":\"pt-PT\",\"@id\":\"https:\\\/\\\/algarve7.pt\\\/#\\\/schema\\\/logo\\\/image\\\/\",\"url\":\"https:\\\/\\\/algarve7.pt\\\/wp-content\\\/uploads\\\/2020\\\/10\\\/Logo-8.jpg\",\"contentUrl\":\"https:\\\/\\\/algarve7.pt\\\/wp-content\\\/uploads\\\/2020\\\/10\\\/Logo-8.jpg\",\"width\":1680,\"height\":1186,\"caption\":\"Algarve 7\"},\"image\":{\"@id\":\"https:\\\/\\\/algarve7.pt\\\/#\\\/schema\\\/logo\\\/image\\\/\"},\"sameAs\":[\"https:\\\/\\\/www.facebook.com\\\/algarve7\",\"https:\\\/\\\/x.com\\\/Algarvesete\",\"https:\\\/\\\/www.instagram.com\\\/jornalalgarve7\\\/\",\"https:\\\/\\\/www.linkedin.com\\\/company\\\/algarve7\",\"https:\\\/\\\/www.pinterest.pt\\\/geral0939\\\/_created\\\/\"]},{\"@type\":\"Person\",\"@id\":\"https:\\\/\\\/algarve7.pt\\\/#\\\/schema\\\/person\\\/23fa70681308e7b319a3204bcea45e0c\",\"name\":\"Algarve 7\",\"sameAs\":[\"https:\\\/\\\/algarve7.pt\",\"https:\\\/\\\/www.facebook.com\\\/algarve7\"],\"url\":\"https:\\\/\\\/algarve7.pt\\\/index.php\\\/author\\\/geralalgarve7-pt\\\/\"}]}<\/script>\n<!-- \/ Yoast SEO plugin. -->","yoast_head_json":{"title":"Programa operacional do Algarve apoia forma\u00e7\u00e3o de 4.500 professores para acelerar transi\u00e7\u00e3o digital na educa\u00e7\u00e3o - Algarve 7","description":"Programa operacional do Algarve apoia forma\u00e7\u00e3o de 4.500 professores para acelerar transi\u00e7\u00e3o digital na educa\u00e7\u00e3o Educa\u00e7\u00e3o","robots":{"index":"index","follow":"follow","max-snippet":"max-snippet:-1","max-image-preview":"max-image-preview:large","max-video-preview":"max-video-preview:-1"},"canonical":"https:\/\/algarve7.pt\/index.php\/2021\/04\/programa-operacional-do-algarve-apoia-formacao-de-4-500-professores-para-acelerar-transicao-digital-na-educacao\/educacao\/17\/07\/","og_locale":"pt_PT","og_type":"article","og_title":"Programa operacional do Algarve apoia forma\u00e7\u00e3o de 4.500 professores para acelerar transi\u00e7\u00e3o digital na educa\u00e7\u00e3o - Algarve 7","og_description":"Programa operacional do Algarve apoia forma\u00e7\u00e3o de 4.500 professores para acelerar transi\u00e7\u00e3o digital na educa\u00e7\u00e3o Educa\u00e7\u00e3o","og_url":"https:\/\/algarve7.pt\/index.php\/2021\/04\/programa-operacional-do-algarve-apoia-formacao-de-4-500-professores-para-acelerar-transicao-digital-na-educacao\/educacao\/17\/07\/","og_site_name":"Algarve 7","article_publisher":"https:\/\/www.facebook.com\/algarve7","article_author":"https:\/\/www.facebook.com\/algarve7","article_published_time":"2021-04-30T16:07:24+00:00","article_modified_time":"2021-04-30T16:07:28+00:00","og_image":[{"width":1200,"height":630,"url":"https:\/\/algarve7.pt\/wp-content\/uploads\/2021\/04\/formacaoprofessorestransicaodigital.jpg","type":"image\/jpeg"}],"author":"Algarve 7","twitter_card":"summary_large_image","twitter_creator":"@Algarvesete","twitter_site":"@Algarvesete","twitter_misc":{"Escrito por":"Algarve 7","Tempo estimado de leitura":"2 minutos"},"schema":{"@context":"https:\/\/schema.org","@graph":[{"@type":"Article","@id":"https:\/\/algarve7.pt\/index.php\/2021\/04\/programa-operacional-do-algarve-apoia-formacao-de-4-500-professores-para-acelerar-transicao-digital-na-educacao\/educacao\/17\/07\/#article","isPartOf":{"@id":"https:\/\/algarve7.pt\/index.php\/2021\/04\/programa-operacional-do-algarve-apoia-formacao-de-4-500-professores-para-acelerar-transicao-digital-na-educacao\/educacao\/17\/07\/"},"author":{"name":"Algarve 7","@id":"https:\/\/algarve7.pt\/#\/schema\/person\/23fa70681308e7b319a3204bcea45e0c"},"headline":"Programa operacional do Algarve apoia forma\u00e7\u00e3o de 4.500 professores para acelerar transi\u00e7\u00e3o digital na educa\u00e7\u00e3o","datePublished":"2021-04-30T16:07:24+00:00","dateModified":"2021-04-30T16:07:28+00:00","mainEntityOfPage":{"@id":"https:\/\/algarve7.pt\/index.php\/2021\/04\/programa-operacional-do-algarve-apoia-formacao-de-4-500-professores-para-acelerar-transicao-digital-na-educacao\/educacao\/17\/07\/"},"wordCount":470,"publisher":{"@id":"https:\/\/algarve7.pt\/#organization"},"image":{"@id":"https:\/\/algarve7.pt\/index.php\/2021\/04\/programa-operacional-do-algarve-apoia-formacao-de-4-500-professores-para-acelerar-transicao-digital-na-educacao\/educacao\/17\/07\/#primaryimage"},"thumbnailUrl":"https:\/\/algarve7.pt\/wp-content\/uploads\/2021\/04\/formacaoprofessorestransicaodigital.jpg","keywords":["CCDR Algarve","CRESC ALGARVE 2020","Educa\u00e7\u00e3o"],"articleSection":["Educa\u00e7\u00e3o"],"inLanguage":"pt-PT"},{"@type":"WebPage","@id":"https:\/\/algarve7.pt\/index.php\/2021\/04\/programa-operacional-do-algarve-apoia-formacao-de-4-500-professores-para-acelerar-transicao-digital-na-educacao\/educacao\/17\/07\/","url":"https:\/\/algarve7.pt\/index.php\/2021\/04\/programa-operacional-do-algarve-apoia-formacao-de-4-500-professores-para-acelerar-transicao-digital-na-educacao\/educacao\/17\/07\/","name":"Programa operacional do Algarve apoia forma\u00e7\u00e3o de 4.500 professores para acelerar transi\u00e7\u00e3o digital na educa\u00e7\u00e3o - Algarve 7","isPartOf":{"@id":"https:\/\/algarve7.pt\/#website"},"primaryImageOfPage":{"@id":"https:\/\/algarve7.pt\/index.php\/2021\/04\/programa-operacional-do-algarve-apoia-formacao-de-4-500-professores-para-acelerar-transicao-digital-na-educacao\/educacao\/17\/07\/#primaryimage"},"image":{"@id":"https:\/\/algarve7.pt\/index.php\/2021\/04\/programa-operacional-do-algarve-apoia-formacao-de-4-500-professores-para-acelerar-transicao-digital-na-educacao\/educacao\/17\/07\/#primaryimage"},"thumbnailUrl":"https:\/\/algarve7.pt\/wp-content\/uploads\/2021\/04\/formacaoprofessorestransicaodigital.jpg","datePublished":"2021-04-30T16:07:24+00:00","dateModified":"2021-04-30T16:07:28+00:00","description":"Programa operacional do Algarve apoia forma\u00e7\u00e3o de 4.500 professores para acelerar transi\u00e7\u00e3o digital na educa\u00e7\u00e3o Educa\u00e7\u00e3o","breadcrumb":{"@id":"https:\/\/algarve7.pt\/index.php\/2021\/04\/programa-operacional-do-algarve-apoia-formacao-de-4-500-professores-para-acelerar-transicao-digital-na-educacao\/educacao\/17\/07\/#breadcrumb"},"inLanguage":"pt-PT","potentialAction":[{"@type":"ReadAction","target":["https:\/\/algarve7.pt\/index.php\/2021\/04\/programa-operacional-do-algarve-apoia-formacao-de-4-500-professores-para-acelerar-transicao-digital-na-educacao\/educacao\/17\/07\/"]}]},{"@type":"ImageObject","inLanguage":"pt-PT","@id":"https:\/\/algarve7.pt\/index.php\/2021\/04\/programa-operacional-do-algarve-apoia-formacao-de-4-500-professores-para-acelerar-transicao-digital-na-educacao\/educacao\/17\/07\/#primaryimage","url":"https:\/\/algarve7.pt\/wp-content\/uploads\/2021\/04\/formacaoprofessorestransicaodigital.jpg","contentUrl":"https:\/\/algarve7.pt\/wp-content\/uploads\/2021\/04\/formacaoprofessorestransicaodigital.jpg","width":1200,"height":630},{"@type":"BreadcrumbList","@id":"https:\/\/algarve7.pt\/index.php\/2021\/04\/programa-operacional-do-algarve-apoia-formacao-de-4-500-professores-para-acelerar-transicao-digital-na-educacao\/educacao\/17\/07\/#breadcrumb","itemListElement":[{"@type":"ListItem","position":1,"name":"In\u00edcio","item":"https:\/\/algarve7.pt\/"},{"@type":"ListItem","position":2,"name":"Programa operacional do Algarve apoia forma\u00e7\u00e3o de 4.500 professores para acelerar transi\u00e7\u00e3o digital na educa\u00e7\u00e3o"}]},{"@type":"WebSite","@id":"https:\/\/algarve7.pt\/#website","url":"https:\/\/algarve7.pt\/","name":"Algarve 7","description":"Informa\u00e7\u00e3o sobre o Algarve","publisher":{"@id":"https:\/\/algarve7.pt\/#organization"},"potentialAction":[{"@type":"SearchAction","target":{"@type":"EntryPoint","urlTemplate":"https:\/\/algarve7.pt\/?s={search_term_string}"},"query-input":{"@type":"PropertyValueSpecification","valueRequired":true,"valueName":"search_term_string"}}],"inLanguage":"pt-PT"},{"@type":"Organization","@id":"https:\/\/algarve7.pt\/#organization","name":"Algarve 7","url":"https:\/\/algarve7.pt\/","logo":{"@type":"ImageObject","inLanguage":"pt-PT","@id":"https:\/\/algarve7.pt\/#\/schema\/logo\/image\/","url":"https:\/\/algarve7.pt\/wp-content\/uploads\/2020\/10\/Logo-8.jpg","contentUrl":"https:\/\/algarve7.pt\/wp-content\/uploads\/2020\/10\/Logo-8.jpg","width":1680,"height":1186,"caption":"Algarve 7"},"image":{"@id":"https:\/\/algarve7.pt\/#\/schema\/logo\/image\/"},"sameAs":["https:\/\/www.facebook.com\/algarve7","https:\/\/x.com\/Algarvesete","https:\/\/www.instagram.com\/jornalalgarve7\/","https:\/\/www.linkedin.com\/company\/algarve7","https:\/\/www.pinterest.pt\/geral0939\/_created\/"]},{"@type":"Person","@id":"https:\/\/algarve7.pt\/#\/schema\/person\/23fa70681308e7b319a3204bcea45e0c","name":"Algarve 7","sameAs":["https:\/\/algarve7.pt","https:\/\/www.facebook.com\/algarve7"],"url":"https:\/\/algarve7.pt\/index.php\/author\/geralalgarve7-pt\/"}]}},"jetpack_publicize_connections":[],"jetpack_featured_media_url":"https:\/\/algarve7.pt\/wp-content\/uploads\/2021\/04\/formacaoprofessorestransicaodigital.jpg","jetpack_shortlink":"https:\/\/wp.me\/pcezmW-25W","jetpack_sharing_enabled":true,"_links":{"self":[{"href":"https:\/\/algarve7.pt\/index.php\/wp-json\/wp\/v2\/posts\/8056","targetHints":{"allow":["GET"]}}],"collection":[{"href":"https:\/\/algarve7.pt\/index.php\/wp-json\/wp\/v2\/posts"}],"about":[{"href":"https:\/\/algarve7.pt\/index.php\/wp-json\/wp\/v2\/types\/post"}],"author":[{"embeddable":true,"href":"https:\/\/algarve7.pt\/index.php\/wp-json\/wp\/v2\/users\/1"}],"replies":[{"embeddable":true,"href":"https:\/\/algarve7.pt\/index.php\/wp-json\/wp\/v2\/comments?post=8056"}],"version-history":[{"count":0,"href":"https:\/\/algarve7.pt\/index.php\/wp-json\/wp\/v2\/posts\/8056\/revisions"}],"wp:featuredmedia":[{"embeddable":true,"href":"https:\/\/algarve7.pt\/index.php\/wp-json\/wp\/v2\/media\/8057"}],"wp:attachment":[{"href":"https:\/\/algarve7.pt\/index.php\/wp-json\/wp\/v2\/media?parent=8056"}],"wp:term":[{"taxonomy":"category","embeddable":true,"href":"https:\/\/algarve7.pt\/index.php\/wp-json\/wp\/v2\/categories?post=8056"},{"taxonomy":"post_tag","embeddable":true,"href":"https:\/\/algarve7.pt\/index.php\/wp-json\/wp\/v2\/tags?post=8056"}],"curies":[{"name":"wp","href":"https:\/\/api.w.org\/{rel}","templated":true}]}}