{"id":8034,"date":"2021-04-29T18:18:43","date_gmt":"2021-04-29T17:18:43","guid":{"rendered":"https:\/\/algarve7.pt\/?p=8034"},"modified":"2021-04-29T18:18:49","modified_gmt":"2021-04-29T17:18:49","slug":"heliporto-de-loule-vai-ser-ampliado","status":"publish","type":"post","link":"https:\/\/algarve7.pt\/index.php\/2021\/04\/heliporto-de-loule-vai-ser-ampliado\/atualidade\/18\/18\/","title":{"rendered":"Heliporto de Loul\u00e9 vai ser ampliado"},"content":{"rendered":"\n<p>Foi lan\u00e7ado o concurso p\u00fablico para a obra de amplia\u00e7\u00e3o do Heliporto de Loul\u00e9, uma interven\u00e7\u00e3o que pretende aumentar a capacidade de resposta \u00e0s opera\u00e7\u00f5es a\u00e9reas de emerg\u00eancia e prote\u00e7\u00e3o civil na regi\u00e3o do Algarve.<\/p>\n\n\n\n<p>Trata-se de uma candidatura financiada pelo projeto transfronteiri\u00e7o Interreg\/CILIFO (Centro Ib\u00e9rico de Investiga\u00e7\u00e3o e Combate aos&nbsp;Inc\u00eandios Florestais), com um investimento estimado em 2,6 milh\u00f5es de euros.<\/p>\n\n\n\n<p>Localizado na Rua Humberto Pacheco, junto ao Quartel dos Bombeiros Municipais, este \u00e9 uma infraestrutura que opera nas \u00e1reas do salvamento e luta contra inc\u00eandios e tem como principais val\u00eancias a rece\u00e7\u00e3o de aeronaves particulares, aeronaves de emerg\u00eancia m\u00e9dica e combate a inc\u00eandios. \u00c9 aqui que se encontram, em perman\u00eancia, um helic\u00f3ptero do INEM (Instituto Nacional de Emerg\u00eancia M\u00e9dica) e outro da ANEPC (Autoridade Nacional de Emerg\u00eancia e Prote\u00e7\u00e3o Civil), ambos ao servi\u00e7o de toda a regi\u00e3o.<\/p>\n\n\n\n<p>A instala\u00e7\u00e3o atual \u00e9 composta por placa de opera\u00e7\u00e3o, hangar de apoio e edif\u00edcio de servi\u00e7os administrativos do Heliporto Municipal. Este projeto engloba, assim, a constru\u00e7\u00e3o de um novo hangar, a amplia\u00e7\u00e3o e remodela\u00e7\u00e3o de \u00e1reas de apoio ao hangar existente, a constru\u00e7\u00e3o de edif\u00edcio com \u00e1reas de apoio de gabinetes, arrecada\u00e7\u00f5es, instala\u00e7\u00f5es sanit\u00e1rias, balne\u00e1rios e zonas t\u00e9cnicas. Tamb\u00e9m a placa de estacionamento, os dep\u00f3sitos de combust\u00edvel e os pontos de abastecimento ser\u00e3o remodelados.<\/p>\n\n\n\n<p>Prev\u00ea-se que a os trabalhos decorram num prazo de 18 meses.<\/p>\n\n\n\n<p>A interven\u00e7\u00e3o de amplia\u00e7\u00e3o do Heliporto Municipal de Loul\u00e9 constitui um investimento de grande relev\u00e2ncia a n\u00edvel regional e nacional, visto tratar-se de uma infraestrutura supramunicipal de suporte \u00e0 atividade e opera\u00e7\u00f5es de emerg\u00eancia, salvamento e combate aos fogos florestais, com uma \u00e1rea de amplitude que abarca todo o Algarve e \u00e1reas adjacentes.<\/p>\n\n\n\n<p>Este \u00e9 mais um dos equipamentos que faz parte da \u2018cidadela da seguran\u00e7a e prote\u00e7\u00e3o civil\u2019 que, de h\u00e1 uns anos a esta parte, tem vindo a ser criada na \u00e1rea sul da cidade de Loul\u00e9. Gra\u00e7as \u00e0 centralidade e proximidade \u00e0s principais vias de comunica\u00e7\u00e3o como a A22, A1 ou Aeroporto de Faro, \u00e9 aqui que se instalou recentemente o&nbsp;Comando Regional de Emerg\u00eancia e Prote\u00e7\u00e3o Civil do Algarve e onde, em breve, ir\u00e3o nascer as novas instala\u00e7\u00f5es do INEM no Algarve.<\/p>\n","protected":false},"excerpt":{"rendered":"<p>Foi lan\u00e7ado o concurso p\u00fablico para a obra de amplia\u00e7\u00e3o do Heliporto de Loul\u00e9, uma interven\u00e7\u00e3o que pretende aumentar a<\/p>\n","protected":false},"author":1,"featured_media":8035,"comment_status":"closed","ping_status":"open","sticky":false,"template":"","format":"standard","meta":{"colormag_page_container_layout":"default_layout","colormag_page_sidebar_layout":"default_layout","_monsterinsights_skip_tracking":false,"_monsterinsights_sitenote_active":false,"_monsterinsights_sitenote_note":"","_monsterinsights_sitenote_category":0,"jetpack_post_was_ever_published":false,"_jetpack_newsletter_access":"","_jetpack_dont_email_post_to_subs":false,"_jetpack_newsletter_tier_id":0,"_jetpack_memberships_contains_paywalled_content":false,"_jetpack_memberships_contains_paid_content":false,"footnotes":"","jetpack_publicize_message":"","jetpack_publicize_feature_enabled":true,"jetpack_social_post_already_shared":true,"jetpack_social_options":{"image_generator_settings":{"template":"highway","default_image_id":0,"font":"","enabled":false},"version":2}},"categories":[11],"tags":[36,62,363,31],"class_list":["post-8034","post","type-post","status-publish","format-standard","has-post-thumbnail","hentry","category-atualidade","tag-algarve","tag-atualidade","tag-heliporto","tag-loule"],"yoast_head":"<!-- This site is optimized with the Yoast SEO plugin v27.5 - https:\/\/yoast.com\/product\/yoast-seo-wordpress\/ -->\n<title>Heliporto de Loul\u00e9 vai ser ampliado - Algarve 7<\/title>\n<meta name=\"description\" content=\"Heliporto de Loul\u00e9 vai ser ampliado Atualidade\" \/>\n<meta name=\"robots\" content=\"index, follow, max-snippet:-1, max-image-preview:large, max-video-preview:-1\" \/>\n<link rel=\"canonical\" href=\"https:\/\/algarve7.pt\/index.php\/2021\/04\/heliporto-de-loule-vai-ser-ampliado\/atualidade\/18\/18\/\" \/>\n<meta property=\"og:locale\" content=\"pt_PT\" \/>\n<meta property=\"og:type\" content=\"article\" \/>\n<meta property=\"og:title\" content=\"Heliporto de Loul\u00e9 vai ser ampliado - Algarve 7\" \/>\n<meta property=\"og:description\" content=\"Heliporto de Loul\u00e9 vai ser ampliado Atualidade\" \/>\n<meta property=\"og:url\" content=\"https:\/\/algarve7.pt\/index.php\/2021\/04\/heliporto-de-loule-vai-ser-ampliado\/atualidade\/18\/18\/\" \/>\n<meta property=\"og:site_name\" content=\"Algarve 7\" \/>\n<meta property=\"article:publisher\" content=\"https:\/\/www.facebook.com\/algarve7\" \/>\n<meta property=\"article:author\" content=\"https:\/\/www.facebook.com\/algarve7\" \/>\n<meta property=\"article:published_time\" content=\"2021-04-29T17:18:43+00:00\" \/>\n<meta property=\"article:modified_time\" content=\"2021-04-29T17:18:49+00:00\" \/>\n<meta property=\"og:image\" content=\"https:\/\/algarve7.pt\/wp-content\/uploads\/2021\/04\/Protecao-Civil-de-Loule-15-11-2016-9.jpg\" \/>\n\t<meta property=\"og:image:width\" content=\"1920\" \/>\n\t<meta property=\"og:image:height\" content=\"1280\" \/>\n\t<meta property=\"og:image:type\" content=\"image\/jpeg\" \/>\n<meta name=\"author\" content=\"Algarve 7\" \/>\n<meta name=\"twitter:card\" content=\"summary_large_image\" \/>\n<meta name=\"twitter:creator\" content=\"@Algarvesete\" \/>\n<meta name=\"twitter:site\" content=\"@Algarvesete\" \/>\n<meta name=\"twitter:label1\" content=\"Escrito por\" \/>\n\t<meta name=\"twitter:data1\" content=\"Algarve 7\" \/>\n\t<meta name=\"twitter:label2\" content=\"Tempo estimado de leitura\" \/>\n\t<meta name=\"twitter:data2\" content=\"2 minutos\" \/>\n<script type=\"application\/ld+json\" class=\"yoast-schema-graph\">{\"@context\":\"https:\\\/\\\/schema.org\",\"@graph\":[{\"@type\":\"Article\",\"@id\":\"https:\\\/\\\/algarve7.pt\\\/index.php\\\/2021\\\/04\\\/heliporto-de-loule-vai-ser-ampliado\\\/atualidade\\\/18\\\/18\\\/#article\",\"isPartOf\":{\"@id\":\"https:\\\/\\\/algarve7.pt\\\/index.php\\\/2021\\\/04\\\/heliporto-de-loule-vai-ser-ampliado\\\/atualidade\\\/18\\\/18\\\/\"},\"author\":{\"name\":\"Algarve 7\",\"@id\":\"https:\\\/\\\/algarve7.pt\\\/#\\\/schema\\\/person\\\/23fa70681308e7b319a3204bcea45e0c\"},\"headline\":\"Heliporto de Loul\u00e9 vai ser ampliado\",\"datePublished\":\"2021-04-29T17:18:43+00:00\",\"dateModified\":\"2021-04-29T17:18:49+00:00\",\"mainEntityOfPage\":{\"@id\":\"https:\\\/\\\/algarve7.pt\\\/index.php\\\/2021\\\/04\\\/heliporto-de-loule-vai-ser-ampliado\\\/atualidade\\\/18\\\/18\\\/\"},\"wordCount\":421,\"publisher\":{\"@id\":\"https:\\\/\\\/algarve7.pt\\\/#organization\"},\"image\":{\"@id\":\"https:\\\/\\\/algarve7.pt\\\/index.php\\\/2021\\\/04\\\/heliporto-de-loule-vai-ser-ampliado\\\/atualidade\\\/18\\\/18\\\/#primaryimage\"},\"thumbnailUrl\":\"https:\\\/\\\/algarve7.pt\\\/wp-content\\\/uploads\\\/2021\\\/04\\\/Protecao-Civil-de-Loule-15-11-2016-9.jpg\",\"keywords\":[\"Algarve\",\"Atualidade\",\"Heliporto\",\"Loul\u00e9\"],\"articleSection\":[\"Atualidade\"],\"inLanguage\":\"pt-PT\"},{\"@type\":\"WebPage\",\"@id\":\"https:\\\/\\\/algarve7.pt\\\/index.php\\\/2021\\\/04\\\/heliporto-de-loule-vai-ser-ampliado\\\/atualidade\\\/18\\\/18\\\/\",\"url\":\"https:\\\/\\\/algarve7.pt\\\/index.php\\\/2021\\\/04\\\/heliporto-de-loule-vai-ser-ampliado\\\/atualidade\\\/18\\\/18\\\/\",\"name\":\"Heliporto de Loul\u00e9 vai ser ampliado - Algarve 7\",\"isPartOf\":{\"@id\":\"https:\\\/\\\/algarve7.pt\\\/#website\"},\"primaryImageOfPage\":{\"@id\":\"https:\\\/\\\/algarve7.pt\\\/index.php\\\/2021\\\/04\\\/heliporto-de-loule-vai-ser-ampliado\\\/atualidade\\\/18\\\/18\\\/#primaryimage\"},\"image\":{\"@id\":\"https:\\\/\\\/algarve7.pt\\\/index.php\\\/2021\\\/04\\\/heliporto-de-loule-vai-ser-ampliado\\\/atualidade\\\/18\\\/18\\\/#primaryimage\"},\"thumbnailUrl\":\"https:\\\/\\\/algarve7.pt\\\/wp-content\\\/uploads\\\/2021\\\/04\\\/Protecao-Civil-de-Loule-15-11-2016-9.jpg\",\"datePublished\":\"2021-04-29T17:18:43+00:00\",\"dateModified\":\"2021-04-29T17:18:49+00:00\",\"description\":\"Heliporto de Loul\u00e9 vai ser ampliado Atualidade\",\"breadcrumb\":{\"@id\":\"https:\\\/\\\/algarve7.pt\\\/index.php\\\/2021\\\/04\\\/heliporto-de-loule-vai-ser-ampliado\\\/atualidade\\\/18\\\/18\\\/#breadcrumb\"},\"inLanguage\":\"pt-PT\",\"potentialAction\":[{\"@type\":\"ReadAction\",\"target\":[\"https:\\\/\\\/algarve7.pt\\\/index.php\\\/2021\\\/04\\\/heliporto-de-loule-vai-ser-ampliado\\\/atualidade\\\/18\\\/18\\\/\"]}]},{\"@type\":\"ImageObject\",\"inLanguage\":\"pt-PT\",\"@id\":\"https:\\\/\\\/algarve7.pt\\\/index.php\\\/2021\\\/04\\\/heliporto-de-loule-vai-ser-ampliado\\\/atualidade\\\/18\\\/18\\\/#primaryimage\",\"url\":\"https:\\\/\\\/algarve7.pt\\\/wp-content\\\/uploads\\\/2021\\\/04\\\/Protecao-Civil-de-Loule-15-11-2016-9.jpg\",\"contentUrl\":\"https:\\\/\\\/algarve7.pt\\\/wp-content\\\/uploads\\\/2021\\\/04\\\/Protecao-Civil-de-Loule-15-11-2016-9.jpg\",\"width\":1920,\"height\":1280},{\"@type\":\"BreadcrumbList\",\"@id\":\"https:\\\/\\\/algarve7.pt\\\/index.php\\\/2021\\\/04\\\/heliporto-de-loule-vai-ser-ampliado\\\/atualidade\\\/18\\\/18\\\/#breadcrumb\",\"itemListElement\":[{\"@type\":\"ListItem\",\"position\":1,\"name\":\"In\u00edcio\",\"item\":\"https:\\\/\\\/algarve7.pt\\\/\"},{\"@type\":\"ListItem\",\"position\":2,\"name\":\"Heliporto de Loul\u00e9 vai ser ampliado\"}]},{\"@type\":\"WebSite\",\"@id\":\"https:\\\/\\\/algarve7.pt\\\/#website\",\"url\":\"https:\\\/\\\/algarve7.pt\\\/\",\"name\":\"Algarve 7\",\"description\":\"Informa\u00e7\u00e3o sobre o Algarve\",\"publisher\":{\"@id\":\"https:\\\/\\\/algarve7.pt\\\/#organization\"},\"potentialAction\":[{\"@type\":\"SearchAction\",\"target\":{\"@type\":\"EntryPoint\",\"urlTemplate\":\"https:\\\/\\\/algarve7.pt\\\/?s={search_term_string}\"},\"query-input\":{\"@type\":\"PropertyValueSpecification\",\"valueRequired\":true,\"valueName\":\"search_term_string\"}}],\"inLanguage\":\"pt-PT\"},{\"@type\":\"Organization\",\"@id\":\"https:\\\/\\\/algarve7.pt\\\/#organization\",\"name\":\"Algarve 7\",\"url\":\"https:\\\/\\\/algarve7.pt\\\/\",\"logo\":{\"@type\":\"ImageObject\",\"inLanguage\":\"pt-PT\",\"@id\":\"https:\\\/\\\/algarve7.pt\\\/#\\\/schema\\\/logo\\\/image\\\/\",\"url\":\"https:\\\/\\\/algarve7.pt\\\/wp-content\\\/uploads\\\/2020\\\/10\\\/Logo-8.jpg\",\"contentUrl\":\"https:\\\/\\\/algarve7.pt\\\/wp-content\\\/uploads\\\/2020\\\/10\\\/Logo-8.jpg\",\"width\":1680,\"height\":1186,\"caption\":\"Algarve 7\"},\"image\":{\"@id\":\"https:\\\/\\\/algarve7.pt\\\/#\\\/schema\\\/logo\\\/image\\\/\"},\"sameAs\":[\"https:\\\/\\\/www.facebook.com\\\/algarve7\",\"https:\\\/\\\/x.com\\\/Algarvesete\",\"https:\\\/\\\/www.instagram.com\\\/jornalalgarve7\\\/\",\"https:\\\/\\\/www.linkedin.com\\\/company\\\/algarve7\",\"https:\\\/\\\/www.pinterest.pt\\\/geral0939\\\/_created\\\/\"]},{\"@type\":\"Person\",\"@id\":\"https:\\\/\\\/algarve7.pt\\\/#\\\/schema\\\/person\\\/23fa70681308e7b319a3204bcea45e0c\",\"name\":\"Algarve 7\",\"sameAs\":[\"https:\\\/\\\/algarve7.pt\",\"https:\\\/\\\/www.facebook.com\\\/algarve7\"],\"url\":\"https:\\\/\\\/algarve7.pt\\\/index.php\\\/author\\\/geralalgarve7-pt\\\/\"}]}<\/script>\n<!-- \/ Yoast SEO plugin. -->","yoast_head_json":{"title":"Heliporto de Loul\u00e9 vai ser ampliado - Algarve 7","description":"Heliporto de Loul\u00e9 vai ser ampliado Atualidade","robots":{"index":"index","follow":"follow","max-snippet":"max-snippet:-1","max-image-preview":"max-image-preview:large","max-video-preview":"max-video-preview:-1"},"canonical":"https:\/\/algarve7.pt\/index.php\/2021\/04\/heliporto-de-loule-vai-ser-ampliado\/atualidade\/18\/18\/","og_locale":"pt_PT","og_type":"article","og_title":"Heliporto de Loul\u00e9 vai ser ampliado - Algarve 7","og_description":"Heliporto de Loul\u00e9 vai ser ampliado Atualidade","og_url":"https:\/\/algarve7.pt\/index.php\/2021\/04\/heliporto-de-loule-vai-ser-ampliado\/atualidade\/18\/18\/","og_site_name":"Algarve 7","article_publisher":"https:\/\/www.facebook.com\/algarve7","article_author":"https:\/\/www.facebook.com\/algarve7","article_published_time":"2021-04-29T17:18:43+00:00","article_modified_time":"2021-04-29T17:18:49+00:00","og_image":[{"width":1920,"height":1280,"url":"https:\/\/algarve7.pt\/wp-content\/uploads\/2021\/04\/Protecao-Civil-de-Loule-15-11-2016-9.jpg","type":"image\/jpeg"}],"author":"Algarve 7","twitter_card":"summary_large_image","twitter_creator":"@Algarvesete","twitter_site":"@Algarvesete","twitter_misc":{"Escrito por":"Algarve 7","Tempo estimado de leitura":"2 minutos"},"schema":{"@context":"https:\/\/schema.org","@graph":[{"@type":"Article","@id":"https:\/\/algarve7.pt\/index.php\/2021\/04\/heliporto-de-loule-vai-ser-ampliado\/atualidade\/18\/18\/#article","isPartOf":{"@id":"https:\/\/algarve7.pt\/index.php\/2021\/04\/heliporto-de-loule-vai-ser-ampliado\/atualidade\/18\/18\/"},"author":{"name":"Algarve 7","@id":"https:\/\/algarve7.pt\/#\/schema\/person\/23fa70681308e7b319a3204bcea45e0c"},"headline":"Heliporto de Loul\u00e9 vai ser ampliado","datePublished":"2021-04-29T17:18:43+00:00","dateModified":"2021-04-29T17:18:49+00:00","mainEntityOfPage":{"@id":"https:\/\/algarve7.pt\/index.php\/2021\/04\/heliporto-de-loule-vai-ser-ampliado\/atualidade\/18\/18\/"},"wordCount":421,"publisher":{"@id":"https:\/\/algarve7.pt\/#organization"},"image":{"@id":"https:\/\/algarve7.pt\/index.php\/2021\/04\/heliporto-de-loule-vai-ser-ampliado\/atualidade\/18\/18\/#primaryimage"},"thumbnailUrl":"https:\/\/algarve7.pt\/wp-content\/uploads\/2021\/04\/Protecao-Civil-de-Loule-15-11-2016-9.jpg","keywords":["Algarve","Atualidade","Heliporto","Loul\u00e9"],"articleSection":["Atualidade"],"inLanguage":"pt-PT"},{"@type":"WebPage","@id":"https:\/\/algarve7.pt\/index.php\/2021\/04\/heliporto-de-loule-vai-ser-ampliado\/atualidade\/18\/18\/","url":"https:\/\/algarve7.pt\/index.php\/2021\/04\/heliporto-de-loule-vai-ser-ampliado\/atualidade\/18\/18\/","name":"Heliporto de Loul\u00e9 vai ser ampliado - Algarve 7","isPartOf":{"@id":"https:\/\/algarve7.pt\/#website"},"primaryImageOfPage":{"@id":"https:\/\/algarve7.pt\/index.php\/2021\/04\/heliporto-de-loule-vai-ser-ampliado\/atualidade\/18\/18\/#primaryimage"},"image":{"@id":"https:\/\/algarve7.pt\/index.php\/2021\/04\/heliporto-de-loule-vai-ser-ampliado\/atualidade\/18\/18\/#primaryimage"},"thumbnailUrl":"https:\/\/algarve7.pt\/wp-content\/uploads\/2021\/04\/Protecao-Civil-de-Loule-15-11-2016-9.jpg","datePublished":"2021-04-29T17:18:43+00:00","dateModified":"2021-04-29T17:18:49+00:00","description":"Heliporto de Loul\u00e9 vai ser ampliado Atualidade","breadcrumb":{"@id":"https:\/\/algarve7.pt\/index.php\/2021\/04\/heliporto-de-loule-vai-ser-ampliado\/atualidade\/18\/18\/#breadcrumb"},"inLanguage":"pt-PT","potentialAction":[{"@type":"ReadAction","target":["https:\/\/algarve7.pt\/index.php\/2021\/04\/heliporto-de-loule-vai-ser-ampliado\/atualidade\/18\/18\/"]}]},{"@type":"ImageObject","inLanguage":"pt-PT","@id":"https:\/\/algarve7.pt\/index.php\/2021\/04\/heliporto-de-loule-vai-ser-ampliado\/atualidade\/18\/18\/#primaryimage","url":"https:\/\/algarve7.pt\/wp-content\/uploads\/2021\/04\/Protecao-Civil-de-Loule-15-11-2016-9.jpg","contentUrl":"https:\/\/algarve7.pt\/wp-content\/uploads\/2021\/04\/Protecao-Civil-de-Loule-15-11-2016-9.jpg","width":1920,"height":1280},{"@type":"BreadcrumbList","@id":"https:\/\/algarve7.pt\/index.php\/2021\/04\/heliporto-de-loule-vai-ser-ampliado\/atualidade\/18\/18\/#breadcrumb","itemListElement":[{"@type":"ListItem","position":1,"name":"In\u00edcio","item":"https:\/\/algarve7.pt\/"},{"@type":"ListItem","position":2,"name":"Heliporto de Loul\u00e9 vai ser ampliado"}]},{"@type":"WebSite","@id":"https:\/\/algarve7.pt\/#website","url":"https:\/\/algarve7.pt\/","name":"Algarve 7","description":"Informa\u00e7\u00e3o sobre o Algarve","publisher":{"@id":"https:\/\/algarve7.pt\/#organization"},"potentialAction":[{"@type":"SearchAction","target":{"@type":"EntryPoint","urlTemplate":"https:\/\/algarve7.pt\/?s={search_term_string}"},"query-input":{"@type":"PropertyValueSpecification","valueRequired":true,"valueName":"search_term_string"}}],"inLanguage":"pt-PT"},{"@type":"Organization","@id":"https:\/\/algarve7.pt\/#organization","name":"Algarve 7","url":"https:\/\/algarve7.pt\/","logo":{"@type":"ImageObject","inLanguage":"pt-PT","@id":"https:\/\/algarve7.pt\/#\/schema\/logo\/image\/","url":"https:\/\/algarve7.pt\/wp-content\/uploads\/2020\/10\/Logo-8.jpg","contentUrl":"https:\/\/algarve7.pt\/wp-content\/uploads\/2020\/10\/Logo-8.jpg","width":1680,"height":1186,"caption":"Algarve 7"},"image":{"@id":"https:\/\/algarve7.pt\/#\/schema\/logo\/image\/"},"sameAs":["https:\/\/www.facebook.com\/algarve7","https:\/\/x.com\/Algarvesete","https:\/\/www.instagram.com\/jornalalgarve7\/","https:\/\/www.linkedin.com\/company\/algarve7","https:\/\/www.pinterest.pt\/geral0939\/_created\/"]},{"@type":"Person","@id":"https:\/\/algarve7.pt\/#\/schema\/person\/23fa70681308e7b319a3204bcea45e0c","name":"Algarve 7","sameAs":["https:\/\/algarve7.pt","https:\/\/www.facebook.com\/algarve7"],"url":"https:\/\/algarve7.pt\/index.php\/author\/geralalgarve7-pt\/"}]}},"jetpack_publicize_connections":[],"jetpack_featured_media_url":"https:\/\/algarve7.pt\/wp-content\/uploads\/2021\/04\/Protecao-Civil-de-Loule-15-11-2016-9.jpg","jetpack_shortlink":"https:\/\/wp.me\/pcezmW-25A","jetpack_sharing_enabled":true,"_links":{"self":[{"href":"https:\/\/algarve7.pt\/index.php\/wp-json\/wp\/v2\/posts\/8034","targetHints":{"allow":["GET"]}}],"collection":[{"href":"https:\/\/algarve7.pt\/index.php\/wp-json\/wp\/v2\/posts"}],"about":[{"href":"https:\/\/algarve7.pt\/index.php\/wp-json\/wp\/v2\/types\/post"}],"author":[{"embeddable":true,"href":"https:\/\/algarve7.pt\/index.php\/wp-json\/wp\/v2\/users\/1"}],"replies":[{"embeddable":true,"href":"https:\/\/algarve7.pt\/index.php\/wp-json\/wp\/v2\/comments?post=8034"}],"version-history":[{"count":0,"href":"https:\/\/algarve7.pt\/index.php\/wp-json\/wp\/v2\/posts\/8034\/revisions"}],"wp:featuredmedia":[{"embeddable":true,"href":"https:\/\/algarve7.pt\/index.php\/wp-json\/wp\/v2\/media\/8035"}],"wp:attachment":[{"href":"https:\/\/algarve7.pt\/index.php\/wp-json\/wp\/v2\/media?parent=8034"}],"wp:term":[{"taxonomy":"category","embeddable":true,"href":"https:\/\/algarve7.pt\/index.php\/wp-json\/wp\/v2\/categories?post=8034"},{"taxonomy":"post_tag","embeddable":true,"href":"https:\/\/algarve7.pt\/index.php\/wp-json\/wp\/v2\/tags?post=8034"}],"curies":[{"name":"wp","href":"https:\/\/api.w.org\/{rel}","templated":true}]}}