{"id":8028,"date":"2021-04-29T18:03:20","date_gmt":"2021-04-29T17:03:20","guid":{"rendered":"https:\/\/algarve7.pt\/?p=8028"},"modified":"2021-04-29T18:03:25","modified_gmt":"2021-04-29T17:03:25","slug":"silves-aulas-de-grupo-terra-sao-retomadas-a-partir-do-dia-03-de-maio","status":"publish","type":"post","link":"https:\/\/algarve7.pt\/index.php\/2021\/04\/silves-aulas-de-grupo-terra-sao-retomadas-a-partir-do-dia-03-de-maio\/desporto\/18\/03\/","title":{"rendered":"Silves aulas de grupo \u201cterra\u201d s\u00e3o retomadas a partir do dia 03 de maio"},"content":{"rendered":"\n<p>A C\u00e2mara Municipal de Silves informa que, a partir do pr\u00f3ximo dia 3 de maio, o Complexo das Piscinas Municipais de Silves retomar\u00e1 as aulas de grupo da vertente \u201cTerra\u201d. Os moldes de funcionamento s\u00e3o id\u00eanticos aos atualmente em vigor para outros servi\u00e7os, com obrigatoriedade de marca\u00e7\u00e3o pr\u00e9via junto dos servi\u00e7os do referido complexo, preferencialmente por via telef\u00f3nica atrav\u00e9s do 282&nbsp;440 270.&nbsp;<\/p>\n\n\n\n<p>Yoga, pilates clinico, pilates, zumba, localizada, local jump, strong, cycling, HIIT, core training e treino funcional s\u00e3o as aulas dispon\u00edveis, podendo os hor\u00e1rios ser consultados com maior pormenor no portal do Munic\u00edpio de Silves em&nbsp;<a href=\"http:\/\/www.cm-silves.pt\/\">www.cm-silves.pt<\/a>. Garantindo o cumprimento das orienta\u00e7\u00f5es das autoridades de sa\u00fade, e com vista e salvaguardar o distanciamento entre utilizadores, cada sala de aula tem um limite de utilizadores em simult\u00e2neo, sendo a lota\u00e7\u00e3o sala 1 de oito pessoas e da sala 2 de nove pessoas.&nbsp;<\/p>\n\n\n\n<p>Relembramos que o gin\u00e1sio e a piscina (em regime de utiliza\u00e7\u00e3o livre) encontram-se a funcionar desde o dia 5 de abril. O gin\u00e1sio, limitado \u00e0 utiliza\u00e7\u00e3o de um m\u00e1ximo de 20 pessoas em simult\u00e2neo, funciona das 7h30 \u00e0s 21h00, em blocos hor\u00e1rios de 90 minutos. A piscina, em regime livre, pode ser utilizada entre as 7h30 e as 16h30, com limite de oito utilizadores por bloco hor\u00e1rio de 90 minutos. A utiliza\u00e7\u00e3o dos balne\u00e1rios \u00e9 unicamente permitida para efeitos de troca de roupa, estando todos os restantes servi\u00e7os (duche, sauna, jac\u00fazi e banho turco) encerrados.<\/p>\n\n\n\n<p>De salientar que esta reabertura obedece ao estipulado na resolu\u00e7\u00e3o do conselho de ministros n.\u00ba 19\/2021, que estabelece uma estrat\u00e9gia de levantamento de medidas de confinamento no \u00e2mbito do combate \u00e0 COVID-19, e respeita o disposto nas orienta\u00e7\u00f5es da DGS em vigor para os equipamentos desta natureza.&nbsp;<\/p>\n\n\n\n<p><\/p>\n","protected":false},"excerpt":{"rendered":"<p>A C\u00e2mara Municipal de Silves informa que, a partir do pr\u00f3ximo dia 3 de maio, o Complexo das Piscinas Municipais<\/p>\n","protected":false},"author":1,"featured_media":8029,"comment_status":"closed","ping_status":"open","sticky":false,"template":"","format":"standard","meta":{"colormag_page_container_layout":"default_layout","colormag_page_sidebar_layout":"default_layout","_monsterinsights_skip_tracking":false,"_monsterinsights_sitenote_active":false,"_monsterinsights_sitenote_note":"","_monsterinsights_sitenote_category":0,"jetpack_post_was_ever_published":false,"_jetpack_newsletter_access":"","_jetpack_dont_email_post_to_subs":false,"_jetpack_newsletter_tier_id":0,"_jetpack_memberships_contains_paywalled_content":false,"_jetpack_memberships_contains_paid_content":false,"footnotes":"","jetpack_publicize_message":"","jetpack_publicize_feature_enabled":true,"jetpack_social_post_already_shared":true,"jetpack_social_options":{"image_generator_settings":{"template":"highway","default_image_id":0,"font":"","enabled":false},"version":2}},"categories":[15],"tags":[36,40,42],"class_list":["post-8028","post","type-post","status-publish","format-standard","has-post-thumbnail","hentry","category-desporto","tag-algarve","tag-desporto","tag-silves"],"yoast_head":"<!-- This site is optimized with the Yoast SEO plugin v27.5 - https:\/\/yoast.com\/product\/yoast-seo-wordpress\/ -->\n<title>Silves aulas de grupo \u201cterra\u201d s\u00e3o retomadas a partir do dia 03 de maio - Algarve 7<\/title>\n<meta name=\"description\" content=\"Silves aulas de grupo \u201cterra\u201d s\u00e3o retomadas a partir do dia 03 de maio Desporto\" \/>\n<meta name=\"robots\" content=\"index, follow, max-snippet:-1, max-image-preview:large, max-video-preview:-1\" \/>\n<link rel=\"canonical\" href=\"https:\/\/algarve7.pt\/index.php\/2021\/04\/silves-aulas-de-grupo-terra-sao-retomadas-a-partir-do-dia-03-de-maio\/desporto\/18\/03\/\" \/>\n<meta property=\"og:locale\" content=\"pt_PT\" \/>\n<meta property=\"og:type\" content=\"article\" \/>\n<meta property=\"og:title\" content=\"Silves aulas de grupo \u201cterra\u201d s\u00e3o retomadas a partir do dia 03 de maio - Algarve 7\" \/>\n<meta property=\"og:description\" content=\"Silves aulas de grupo \u201cterra\u201d s\u00e3o retomadas a partir do dia 03 de maio Desporto\" \/>\n<meta property=\"og:url\" content=\"https:\/\/algarve7.pt\/index.php\/2021\/04\/silves-aulas-de-grupo-terra-sao-retomadas-a-partir-do-dia-03-de-maio\/desporto\/18\/03\/\" \/>\n<meta property=\"og:site_name\" content=\"Algarve 7\" \/>\n<meta property=\"article:publisher\" content=\"https:\/\/www.facebook.com\/algarve7\" \/>\n<meta property=\"article:author\" content=\"https:\/\/www.facebook.com\/algarve7\" \/>\n<meta property=\"article:published_time\" content=\"2021-04-29T17:03:20+00:00\" \/>\n<meta property=\"article:modified_time\" content=\"2021-04-29T17:03:25+00:00\" \/>\n<meta property=\"og:image\" content=\"https:\/\/algarve7.pt\/wp-content\/uploads\/2021\/04\/aulas-de-grupo.jpg\" \/>\n\t<meta property=\"og:image:width\" content=\"1280\" \/>\n\t<meta property=\"og:image:height\" content=\"620\" \/>\n\t<meta property=\"og:image:type\" content=\"image\/jpeg\" \/>\n<meta name=\"author\" content=\"Algarve 7\" \/>\n<meta name=\"twitter:card\" content=\"summary_large_image\" \/>\n<meta name=\"twitter:creator\" content=\"@Algarvesete\" \/>\n<meta name=\"twitter:site\" content=\"@Algarvesete\" \/>\n<meta name=\"twitter:label1\" content=\"Escrito por\" \/>\n\t<meta name=\"twitter:data1\" content=\"Algarve 7\" \/>\n\t<meta name=\"twitter:label2\" content=\"Tempo estimado de leitura\" \/>\n\t<meta name=\"twitter:data2\" content=\"2 minutos\" \/>\n<script type=\"application\/ld+json\" class=\"yoast-schema-graph\">{\"@context\":\"https:\\\/\\\/schema.org\",\"@graph\":[{\"@type\":\"Article\",\"@id\":\"https:\\\/\\\/algarve7.pt\\\/index.php\\\/2021\\\/04\\\/silves-aulas-de-grupo-terra-sao-retomadas-a-partir-do-dia-03-de-maio\\\/desporto\\\/18\\\/03\\\/#article\",\"isPartOf\":{\"@id\":\"https:\\\/\\\/algarve7.pt\\\/index.php\\\/2021\\\/04\\\/silves-aulas-de-grupo-terra-sao-retomadas-a-partir-do-dia-03-de-maio\\\/desporto\\\/18\\\/03\\\/\"},\"author\":{\"name\":\"Algarve 7\",\"@id\":\"https:\\\/\\\/algarve7.pt\\\/#\\\/schema\\\/person\\\/23fa70681308e7b319a3204bcea45e0c\"},\"headline\":\"Silves aulas de grupo \u201cterra\u201d s\u00e3o retomadas a partir do dia 03 de maio\",\"datePublished\":\"2021-04-29T17:03:20+00:00\",\"dateModified\":\"2021-04-29T17:03:25+00:00\",\"mainEntityOfPage\":{\"@id\":\"https:\\\/\\\/algarve7.pt\\\/index.php\\\/2021\\\/04\\\/silves-aulas-de-grupo-terra-sao-retomadas-a-partir-do-dia-03-de-maio\\\/desporto\\\/18\\\/03\\\/\"},\"wordCount\":325,\"publisher\":{\"@id\":\"https:\\\/\\\/algarve7.pt\\\/#organization\"},\"image\":{\"@id\":\"https:\\\/\\\/algarve7.pt\\\/index.php\\\/2021\\\/04\\\/silves-aulas-de-grupo-terra-sao-retomadas-a-partir-do-dia-03-de-maio\\\/desporto\\\/18\\\/03\\\/#primaryimage\"},\"thumbnailUrl\":\"https:\\\/\\\/algarve7.pt\\\/wp-content\\\/uploads\\\/2021\\\/04\\\/aulas-de-grupo.jpg\",\"keywords\":[\"Algarve\",\"Desporto\",\"Silves\"],\"articleSection\":[\"Desporto\"],\"inLanguage\":\"pt-PT\"},{\"@type\":\"WebPage\",\"@id\":\"https:\\\/\\\/algarve7.pt\\\/index.php\\\/2021\\\/04\\\/silves-aulas-de-grupo-terra-sao-retomadas-a-partir-do-dia-03-de-maio\\\/desporto\\\/18\\\/03\\\/\",\"url\":\"https:\\\/\\\/algarve7.pt\\\/index.php\\\/2021\\\/04\\\/silves-aulas-de-grupo-terra-sao-retomadas-a-partir-do-dia-03-de-maio\\\/desporto\\\/18\\\/03\\\/\",\"name\":\"Silves aulas de grupo \u201cterra\u201d s\u00e3o retomadas a partir do dia 03 de maio - Algarve 7\",\"isPartOf\":{\"@id\":\"https:\\\/\\\/algarve7.pt\\\/#website\"},\"primaryImageOfPage\":{\"@id\":\"https:\\\/\\\/algarve7.pt\\\/index.php\\\/2021\\\/04\\\/silves-aulas-de-grupo-terra-sao-retomadas-a-partir-do-dia-03-de-maio\\\/desporto\\\/18\\\/03\\\/#primaryimage\"},\"image\":{\"@id\":\"https:\\\/\\\/algarve7.pt\\\/index.php\\\/2021\\\/04\\\/silves-aulas-de-grupo-terra-sao-retomadas-a-partir-do-dia-03-de-maio\\\/desporto\\\/18\\\/03\\\/#primaryimage\"},\"thumbnailUrl\":\"https:\\\/\\\/algarve7.pt\\\/wp-content\\\/uploads\\\/2021\\\/04\\\/aulas-de-grupo.jpg\",\"datePublished\":\"2021-04-29T17:03:20+00:00\",\"dateModified\":\"2021-04-29T17:03:25+00:00\",\"description\":\"Silves aulas de grupo \u201cterra\u201d s\u00e3o retomadas a partir do dia 03 de maio Desporto\",\"breadcrumb\":{\"@id\":\"https:\\\/\\\/algarve7.pt\\\/index.php\\\/2021\\\/04\\\/silves-aulas-de-grupo-terra-sao-retomadas-a-partir-do-dia-03-de-maio\\\/desporto\\\/18\\\/03\\\/#breadcrumb\"},\"inLanguage\":\"pt-PT\",\"potentialAction\":[{\"@type\":\"ReadAction\",\"target\":[\"https:\\\/\\\/algarve7.pt\\\/index.php\\\/2021\\\/04\\\/silves-aulas-de-grupo-terra-sao-retomadas-a-partir-do-dia-03-de-maio\\\/desporto\\\/18\\\/03\\\/\"]}]},{\"@type\":\"ImageObject\",\"inLanguage\":\"pt-PT\",\"@id\":\"https:\\\/\\\/algarve7.pt\\\/index.php\\\/2021\\\/04\\\/silves-aulas-de-grupo-terra-sao-retomadas-a-partir-do-dia-03-de-maio\\\/desporto\\\/18\\\/03\\\/#primaryimage\",\"url\":\"https:\\\/\\\/algarve7.pt\\\/wp-content\\\/uploads\\\/2021\\\/04\\\/aulas-de-grupo.jpg\",\"contentUrl\":\"https:\\\/\\\/algarve7.pt\\\/wp-content\\\/uploads\\\/2021\\\/04\\\/aulas-de-grupo.jpg\",\"width\":1280,\"height\":620},{\"@type\":\"BreadcrumbList\",\"@id\":\"https:\\\/\\\/algarve7.pt\\\/index.php\\\/2021\\\/04\\\/silves-aulas-de-grupo-terra-sao-retomadas-a-partir-do-dia-03-de-maio\\\/desporto\\\/18\\\/03\\\/#breadcrumb\",\"itemListElement\":[{\"@type\":\"ListItem\",\"position\":1,\"name\":\"In\u00edcio\",\"item\":\"https:\\\/\\\/algarve7.pt\\\/\"},{\"@type\":\"ListItem\",\"position\":2,\"name\":\"Silves aulas de grupo \u201cterra\u201d s\u00e3o retomadas a partir do dia 03 de maio\"}]},{\"@type\":\"WebSite\",\"@id\":\"https:\\\/\\\/algarve7.pt\\\/#website\",\"url\":\"https:\\\/\\\/algarve7.pt\\\/\",\"name\":\"Algarve 7\",\"description\":\"Informa\u00e7\u00e3o sobre o Algarve\",\"publisher\":{\"@id\":\"https:\\\/\\\/algarve7.pt\\\/#organization\"},\"potentialAction\":[{\"@type\":\"SearchAction\",\"target\":{\"@type\":\"EntryPoint\",\"urlTemplate\":\"https:\\\/\\\/algarve7.pt\\\/?s={search_term_string}\"},\"query-input\":{\"@type\":\"PropertyValueSpecification\",\"valueRequired\":true,\"valueName\":\"search_term_string\"}}],\"inLanguage\":\"pt-PT\"},{\"@type\":\"Organization\",\"@id\":\"https:\\\/\\\/algarve7.pt\\\/#organization\",\"name\":\"Algarve 7\",\"url\":\"https:\\\/\\\/algarve7.pt\\\/\",\"logo\":{\"@type\":\"ImageObject\",\"inLanguage\":\"pt-PT\",\"@id\":\"https:\\\/\\\/algarve7.pt\\\/#\\\/schema\\\/logo\\\/image\\\/\",\"url\":\"https:\\\/\\\/algarve7.pt\\\/wp-content\\\/uploads\\\/2020\\\/10\\\/Logo-8.jpg\",\"contentUrl\":\"https:\\\/\\\/algarve7.pt\\\/wp-content\\\/uploads\\\/2020\\\/10\\\/Logo-8.jpg\",\"width\":1680,\"height\":1186,\"caption\":\"Algarve 7\"},\"image\":{\"@id\":\"https:\\\/\\\/algarve7.pt\\\/#\\\/schema\\\/logo\\\/image\\\/\"},\"sameAs\":[\"https:\\\/\\\/www.facebook.com\\\/algarve7\",\"https:\\\/\\\/x.com\\\/Algarvesete\",\"https:\\\/\\\/www.instagram.com\\\/jornalalgarve7\\\/\",\"https:\\\/\\\/www.linkedin.com\\\/company\\\/algarve7\",\"https:\\\/\\\/www.pinterest.pt\\\/geral0939\\\/_created\\\/\"]},{\"@type\":\"Person\",\"@id\":\"https:\\\/\\\/algarve7.pt\\\/#\\\/schema\\\/person\\\/23fa70681308e7b319a3204bcea45e0c\",\"name\":\"Algarve 7\",\"sameAs\":[\"https:\\\/\\\/algarve7.pt\",\"https:\\\/\\\/www.facebook.com\\\/algarve7\"],\"url\":\"https:\\\/\\\/algarve7.pt\\\/index.php\\\/author\\\/geralalgarve7-pt\\\/\"}]}<\/script>\n<!-- \/ Yoast SEO plugin. -->","yoast_head_json":{"title":"Silves aulas de grupo \u201cterra\u201d s\u00e3o retomadas a partir do dia 03 de maio - Algarve 7","description":"Silves aulas de grupo \u201cterra\u201d s\u00e3o retomadas a partir do dia 03 de maio Desporto","robots":{"index":"index","follow":"follow","max-snippet":"max-snippet:-1","max-image-preview":"max-image-preview:large","max-video-preview":"max-video-preview:-1"},"canonical":"https:\/\/algarve7.pt\/index.php\/2021\/04\/silves-aulas-de-grupo-terra-sao-retomadas-a-partir-do-dia-03-de-maio\/desporto\/18\/03\/","og_locale":"pt_PT","og_type":"article","og_title":"Silves aulas de grupo \u201cterra\u201d s\u00e3o retomadas a partir do dia 03 de maio - Algarve 7","og_description":"Silves aulas de grupo \u201cterra\u201d s\u00e3o retomadas a partir do dia 03 de maio Desporto","og_url":"https:\/\/algarve7.pt\/index.php\/2021\/04\/silves-aulas-de-grupo-terra-sao-retomadas-a-partir-do-dia-03-de-maio\/desporto\/18\/03\/","og_site_name":"Algarve 7","article_publisher":"https:\/\/www.facebook.com\/algarve7","article_author":"https:\/\/www.facebook.com\/algarve7","article_published_time":"2021-04-29T17:03:20+00:00","article_modified_time":"2021-04-29T17:03:25+00:00","og_image":[{"width":1280,"height":620,"url":"https:\/\/algarve7.pt\/wp-content\/uploads\/2021\/04\/aulas-de-grupo.jpg","type":"image\/jpeg"}],"author":"Algarve 7","twitter_card":"summary_large_image","twitter_creator":"@Algarvesete","twitter_site":"@Algarvesete","twitter_misc":{"Escrito por":"Algarve 7","Tempo estimado de leitura":"2 minutos"},"schema":{"@context":"https:\/\/schema.org","@graph":[{"@type":"Article","@id":"https:\/\/algarve7.pt\/index.php\/2021\/04\/silves-aulas-de-grupo-terra-sao-retomadas-a-partir-do-dia-03-de-maio\/desporto\/18\/03\/#article","isPartOf":{"@id":"https:\/\/algarve7.pt\/index.php\/2021\/04\/silves-aulas-de-grupo-terra-sao-retomadas-a-partir-do-dia-03-de-maio\/desporto\/18\/03\/"},"author":{"name":"Algarve 7","@id":"https:\/\/algarve7.pt\/#\/schema\/person\/23fa70681308e7b319a3204bcea45e0c"},"headline":"Silves aulas de grupo \u201cterra\u201d s\u00e3o retomadas a partir do dia 03 de maio","datePublished":"2021-04-29T17:03:20+00:00","dateModified":"2021-04-29T17:03:25+00:00","mainEntityOfPage":{"@id":"https:\/\/algarve7.pt\/index.php\/2021\/04\/silves-aulas-de-grupo-terra-sao-retomadas-a-partir-do-dia-03-de-maio\/desporto\/18\/03\/"},"wordCount":325,"publisher":{"@id":"https:\/\/algarve7.pt\/#organization"},"image":{"@id":"https:\/\/algarve7.pt\/index.php\/2021\/04\/silves-aulas-de-grupo-terra-sao-retomadas-a-partir-do-dia-03-de-maio\/desporto\/18\/03\/#primaryimage"},"thumbnailUrl":"https:\/\/algarve7.pt\/wp-content\/uploads\/2021\/04\/aulas-de-grupo.jpg","keywords":["Algarve","Desporto","Silves"],"articleSection":["Desporto"],"inLanguage":"pt-PT"},{"@type":"WebPage","@id":"https:\/\/algarve7.pt\/index.php\/2021\/04\/silves-aulas-de-grupo-terra-sao-retomadas-a-partir-do-dia-03-de-maio\/desporto\/18\/03\/","url":"https:\/\/algarve7.pt\/index.php\/2021\/04\/silves-aulas-de-grupo-terra-sao-retomadas-a-partir-do-dia-03-de-maio\/desporto\/18\/03\/","name":"Silves aulas de grupo \u201cterra\u201d s\u00e3o retomadas a partir do dia 03 de maio - Algarve 7","isPartOf":{"@id":"https:\/\/algarve7.pt\/#website"},"primaryImageOfPage":{"@id":"https:\/\/algarve7.pt\/index.php\/2021\/04\/silves-aulas-de-grupo-terra-sao-retomadas-a-partir-do-dia-03-de-maio\/desporto\/18\/03\/#primaryimage"},"image":{"@id":"https:\/\/algarve7.pt\/index.php\/2021\/04\/silves-aulas-de-grupo-terra-sao-retomadas-a-partir-do-dia-03-de-maio\/desporto\/18\/03\/#primaryimage"},"thumbnailUrl":"https:\/\/algarve7.pt\/wp-content\/uploads\/2021\/04\/aulas-de-grupo.jpg","datePublished":"2021-04-29T17:03:20+00:00","dateModified":"2021-04-29T17:03:25+00:00","description":"Silves aulas de grupo \u201cterra\u201d s\u00e3o retomadas a partir do dia 03 de maio Desporto","breadcrumb":{"@id":"https:\/\/algarve7.pt\/index.php\/2021\/04\/silves-aulas-de-grupo-terra-sao-retomadas-a-partir-do-dia-03-de-maio\/desporto\/18\/03\/#breadcrumb"},"inLanguage":"pt-PT","potentialAction":[{"@type":"ReadAction","target":["https:\/\/algarve7.pt\/index.php\/2021\/04\/silves-aulas-de-grupo-terra-sao-retomadas-a-partir-do-dia-03-de-maio\/desporto\/18\/03\/"]}]},{"@type":"ImageObject","inLanguage":"pt-PT","@id":"https:\/\/algarve7.pt\/index.php\/2021\/04\/silves-aulas-de-grupo-terra-sao-retomadas-a-partir-do-dia-03-de-maio\/desporto\/18\/03\/#primaryimage","url":"https:\/\/algarve7.pt\/wp-content\/uploads\/2021\/04\/aulas-de-grupo.jpg","contentUrl":"https:\/\/algarve7.pt\/wp-content\/uploads\/2021\/04\/aulas-de-grupo.jpg","width":1280,"height":620},{"@type":"BreadcrumbList","@id":"https:\/\/algarve7.pt\/index.php\/2021\/04\/silves-aulas-de-grupo-terra-sao-retomadas-a-partir-do-dia-03-de-maio\/desporto\/18\/03\/#breadcrumb","itemListElement":[{"@type":"ListItem","position":1,"name":"In\u00edcio","item":"https:\/\/algarve7.pt\/"},{"@type":"ListItem","position":2,"name":"Silves aulas de grupo \u201cterra\u201d s\u00e3o retomadas a partir do dia 03 de maio"}]},{"@type":"WebSite","@id":"https:\/\/algarve7.pt\/#website","url":"https:\/\/algarve7.pt\/","name":"Algarve 7","description":"Informa\u00e7\u00e3o sobre o Algarve","publisher":{"@id":"https:\/\/algarve7.pt\/#organization"},"potentialAction":[{"@type":"SearchAction","target":{"@type":"EntryPoint","urlTemplate":"https:\/\/algarve7.pt\/?s={search_term_string}"},"query-input":{"@type":"PropertyValueSpecification","valueRequired":true,"valueName":"search_term_string"}}],"inLanguage":"pt-PT"},{"@type":"Organization","@id":"https:\/\/algarve7.pt\/#organization","name":"Algarve 7","url":"https:\/\/algarve7.pt\/","logo":{"@type":"ImageObject","inLanguage":"pt-PT","@id":"https:\/\/algarve7.pt\/#\/schema\/logo\/image\/","url":"https:\/\/algarve7.pt\/wp-content\/uploads\/2020\/10\/Logo-8.jpg","contentUrl":"https:\/\/algarve7.pt\/wp-content\/uploads\/2020\/10\/Logo-8.jpg","width":1680,"height":1186,"caption":"Algarve 7"},"image":{"@id":"https:\/\/algarve7.pt\/#\/schema\/logo\/image\/"},"sameAs":["https:\/\/www.facebook.com\/algarve7","https:\/\/x.com\/Algarvesete","https:\/\/www.instagram.com\/jornalalgarve7\/","https:\/\/www.linkedin.com\/company\/algarve7","https:\/\/www.pinterest.pt\/geral0939\/_created\/"]},{"@type":"Person","@id":"https:\/\/algarve7.pt\/#\/schema\/person\/23fa70681308e7b319a3204bcea45e0c","name":"Algarve 7","sameAs":["https:\/\/algarve7.pt","https:\/\/www.facebook.com\/algarve7"],"url":"https:\/\/algarve7.pt\/index.php\/author\/geralalgarve7-pt\/"}]}},"jetpack_publicize_connections":[],"jetpack_featured_media_url":"https:\/\/algarve7.pt\/wp-content\/uploads\/2021\/04\/aulas-de-grupo.jpg","jetpack_shortlink":"https:\/\/wp.me\/pcezmW-25u","jetpack_sharing_enabled":true,"_links":{"self":[{"href":"https:\/\/algarve7.pt\/index.php\/wp-json\/wp\/v2\/posts\/8028","targetHints":{"allow":["GET"]}}],"collection":[{"href":"https:\/\/algarve7.pt\/index.php\/wp-json\/wp\/v2\/posts"}],"about":[{"href":"https:\/\/algarve7.pt\/index.php\/wp-json\/wp\/v2\/types\/post"}],"author":[{"embeddable":true,"href":"https:\/\/algarve7.pt\/index.php\/wp-json\/wp\/v2\/users\/1"}],"replies":[{"embeddable":true,"href":"https:\/\/algarve7.pt\/index.php\/wp-json\/wp\/v2\/comments?post=8028"}],"version-history":[{"count":0,"href":"https:\/\/algarve7.pt\/index.php\/wp-json\/wp\/v2\/posts\/8028\/revisions"}],"wp:featuredmedia":[{"embeddable":true,"href":"https:\/\/algarve7.pt\/index.php\/wp-json\/wp\/v2\/media\/8029"}],"wp:attachment":[{"href":"https:\/\/algarve7.pt\/index.php\/wp-json\/wp\/v2\/media?parent=8028"}],"wp:term":[{"taxonomy":"category","embeddable":true,"href":"https:\/\/algarve7.pt\/index.php\/wp-json\/wp\/v2\/categories?post=8028"},{"taxonomy":"post_tag","embeddable":true,"href":"https:\/\/algarve7.pt\/index.php\/wp-json\/wp\/v2\/tags?post=8028"}],"curies":[{"name":"wp","href":"https:\/\/api.w.org\/{rel}","templated":true}]}}