{"id":8025,"date":"2021-04-29T17:51:37","date_gmt":"2021-04-29T16:51:37","guid":{"rendered":"https:\/\/algarve7.pt\/?p=8025"},"modified":"2021-04-29T17:51:40","modified_gmt":"2021-04-29T16:51:40","slug":"camara-municipal-de-aljezur-volta-a-apoiar-e-a-reforcar-os-apoios-aos-dispositivos-dos-postos-de-vigilancia-e-socorro-nas-praias-de-aljezur","status":"publish","type":"post","link":"https:\/\/algarve7.pt\/index.php\/2021\/04\/camara-municipal-de-aljezur-volta-a-apoiar-e-a-reforcar-os-apoios-aos-dispositivos-dos-postos-de-vigilancia-e-socorro-nas-praias-de-aljezur\/atualidade\/17\/51\/","title":{"rendered":"C\u00e2mara municipal de Aljezur volta a apoiar e a refor\u00e7ar os apoios aos dispositivos dos postos de vigil\u00e2ncia e socorro nas praias de Aljezur"},"content":{"rendered":"\n<p>Na presen\u00e7a da experiencia e dos condicionamentos do ver\u00e3o 2020 e pela for\u00e7a da Lei 24\/2020 de 25 de maio, que veio implementar e regrar o regime excecional e tempor\u00e1rio acerca da ocupa\u00e7\u00e3o e utiliza\u00e7\u00e3o das Praias para a \u00e9poca balnear do ver\u00e3o 2020, na presen\u00e7a ainda ativa da pandemia COVID-19, fica claro que se encontra ainda presente uma realidade fortemente condicionada, n\u00e3o s\u00f3 da utiliza\u00e7\u00e3o da praia pelos veraneantes mas tamb\u00e9m da manuten\u00e7\u00e3o de um conjunto de medidas adicionais, que ir\u00e3o mais uma vez representar um acr\u00e9scimo de&nbsp;responsabilidades e de preocupa\u00e7\u00f5es\/a\u00e7\u00f5es que ficam na depend\u00eancia dos \u201coperadores no espa\u00e7o praia\u201d. \u00c0&nbsp;imagem do ano anterior, acrescem esta ano, as d\u00favidas sobre a estabilidade econ\u00f3mica e din\u00e2mica empresarial para este ver\u00e3o de 2021.<\/p>\n\n\n\n<p>A realidade vivida no ver\u00e3o de 2020 n\u00e3o dever\u00e1 apresentar grande diverg\u00eancias para o presente ano, traduzindo- se mais uma vez, num ano de decr\u00e9scimo na receita em rela\u00e7\u00e3o ao ano anterior. Acresce para o presente ano, uma dificuldade j\u00e1 de certa forma sentida em ano anterior, com a necessidade de alojar estes profissionais, oriundos na sua maior parte de outras zonas do Pa\u00eds ou mesmo de outros Pa\u00edses, o que inevitavelmente obriga a ced\u00eancia de alojamento. A vida humana em toda a sua dimens\u00e3o, a seguran\u00e7a e sobretudo um forte sentimento de confian\u00e7a que o munic\u00edpio de Aljezur tem vindo a transmitir tem de permanecer forte e inabal\u00e1vel.<\/p>\n\n\n\n<p>Alias todo o trabalho efetuado neste contexto ao longo dos \u00faltimos anos, na afirma\u00e7\u00e3o do destino tur\u00edstico de excel\u00eancia e na sua valoriza\u00e7\u00e3o continua, obriga a um refor\u00e7o da afirma\u00e7\u00e3o da qualidade da oferta, da confian\u00e7a do utente e consumidor de modo a dinamizar a e refor\u00e7ar a economia local. Esta mensagem que muito bem foi dada no ano anterior e que resultou do esfor\u00e7o dos operadores antes de mais, teve no Munic\u00edpio um parceiro fundamental. Refira-se o apoio \u00e0 contrata\u00e7\u00e3o de nadadores salvadores, a pr\u00f3pria contrata\u00e7\u00e3o efetuada pelo munic\u00edpio para praias de uso balnear sem concess\u00e3o, mas tamb\u00e9m o esfor\u00e7o adicional dos colaboradores, que de forma constante e incans\u00e1vel, garantiram a limpeza e desinfe\u00e7\u00e3o de instala\u00e7\u00f5es sanit\u00e1rias e higieniza\u00e7\u00f5es do espa\u00e7o p\u00fablicos junto \u00e0s mesmas.<\/p>\n\n\n\n<p>Traduzido na responsabilidade de assegurar ao n\u00edvel de cada praia o dispositivo de vigil\u00e2ncia e socorro para o presente ano (2021), o Munic\u00edpio aprovou o valor de apoio de 75% do valor total do encargo com o vencimento l\u00edquido de cada Nadador Salvador, at\u00e9 ao limite m\u00e1ximo de novecentos euros, que fa\u00e7am parte do efetivo do sistema de vigil\u00e2ncia e socorro da praia da qual sejam titulares, at\u00e9 ao m\u00e1ximo de um dispositivo de tr\u00eas.<\/p>\n\n\n\n<p>O apoio ser\u00e1 concedido para o per\u00edodo da \u00e9poca balnear do presente ano, que dever\u00e1 ser compreendido entre 1 de junho e 30 de setembro do corrente. Ainda foi aprovado a possibilidade de empr\u00e9stimo de equipamentos para implementa\u00e7\u00e3o dos postos de vigil\u00e2ncia e socorro ou para complemento de faltas nos existentes.<\/p>\n\n\n\n<p>Esta \u00e9 mais uma medida de apoio, \u00e0 economia local, apoiando os concecion\u00e1rios, e contribuindo para a seguran\u00e7a e confian\u00e7a no Ver\u00e3o e em Praias Seguras.<\/p>\n","protected":false},"excerpt":{"rendered":"<p>Na presen\u00e7a da experiencia e dos condicionamentos do ver\u00e3o 2020 e pela for\u00e7a da Lei 24\/2020 de 25 de maio,<\/p>\n","protected":false},"author":1,"featured_media":8026,"comment_status":"closed","ping_status":"open","sticky":false,"template":"","format":"standard","meta":{"colormag_page_container_layout":"default_layout","colormag_page_sidebar_layout":"default_layout","_monsterinsights_skip_tracking":false,"_monsterinsights_sitenote_active":false,"_monsterinsights_sitenote_note":"","_monsterinsights_sitenote_category":0,"jetpack_post_was_ever_published":false,"_jetpack_newsletter_access":"","_jetpack_dont_email_post_to_subs":false,"_jetpack_newsletter_tier_id":0,"_jetpack_memberships_contains_paywalled_content":false,"_jetpack_memberships_contains_paid_content":false,"footnotes":"","jetpack_publicize_message":"","jetpack_publicize_feature_enabled":true,"jetpack_social_post_already_shared":true,"jetpack_social_options":{"image_generator_settings":{"template":"highway","default_image_id":0,"font":"","enabled":false},"version":2}},"categories":[11],"tags":[73,62,49],"class_list":["post-8025","post","type-post","status-publish","format-standard","has-post-thumbnail","hentry","category-atualidade","tag-aljezur","tag-atualidade","tag-praias"],"yoast_head":"<!-- This site is optimized with the Yoast SEO plugin v27.5 - https:\/\/yoast.com\/product\/yoast-seo-wordpress\/ -->\n<title>C\u00e2mara municipal de Aljezur volta a apoiar e a refor\u00e7ar os apoios aos dispositivos dos postos de vigil\u00e2ncia e socorro nas praias de Aljezur - Algarve 7<\/title>\n<meta name=\"description\" content=\"C\u00e2mara municipal de Aljezur volta a apoiar e a refor\u00e7ar os apoios aos dispositivos dos postos de vigil\u00e2ncia e socorro nas praias de Aljezur Atualidade\" \/>\n<meta name=\"robots\" content=\"index, follow, max-snippet:-1, max-image-preview:large, max-video-preview:-1\" \/>\n<link rel=\"canonical\" href=\"https:\/\/algarve7.pt\/index.php\/2021\/04\/camara-municipal-de-aljezur-volta-a-apoiar-e-a-reforcar-os-apoios-aos-dispositivos-dos-postos-de-vigilancia-e-socorro-nas-praias-de-aljezur\/atualidade\/17\/51\/\" \/>\n<meta property=\"og:locale\" content=\"pt_PT\" \/>\n<meta property=\"og:type\" content=\"article\" \/>\n<meta property=\"og:title\" content=\"C\u00e2mara municipal de Aljezur volta a apoiar e a refor\u00e7ar os apoios aos dispositivos dos postos de vigil\u00e2ncia e socorro nas praias de Aljezur - Algarve 7\" \/>\n<meta property=\"og:description\" content=\"C\u00e2mara municipal de Aljezur volta a apoiar e a refor\u00e7ar os apoios aos dispositivos dos postos de vigil\u00e2ncia e socorro nas praias de Aljezur Atualidade\" \/>\n<meta property=\"og:url\" content=\"https:\/\/algarve7.pt\/index.php\/2021\/04\/camara-municipal-de-aljezur-volta-a-apoiar-e-a-reforcar-os-apoios-aos-dispositivos-dos-postos-de-vigilancia-e-socorro-nas-praias-de-aljezur\/atualidade\/17\/51\/\" \/>\n<meta property=\"og:site_name\" content=\"Algarve 7\" \/>\n<meta property=\"article:publisher\" content=\"https:\/\/www.facebook.com\/algarve7\" \/>\n<meta property=\"article:author\" content=\"https:\/\/www.facebook.com\/algarve7\" \/>\n<meta property=\"article:published_time\" content=\"2021-04-29T16:51:37+00:00\" \/>\n<meta property=\"article:modified_time\" content=\"2021-04-29T16:51:40+00:00\" \/>\n<meta property=\"og:image\" content=\"https:\/\/algarve7.pt\/wp-content\/uploads\/2021\/04\/Praia-de-Monte-Clerigo_fb.jpg\" \/>\n\t<meta property=\"og:image:width\" content=\"1920\" \/>\n\t<meta property=\"og:image:height\" content=\"1038\" \/>\n\t<meta property=\"og:image:type\" content=\"image\/jpeg\" \/>\n<meta name=\"author\" content=\"Algarve 7\" \/>\n<meta name=\"twitter:card\" content=\"summary_large_image\" \/>\n<meta name=\"twitter:creator\" content=\"@Algarvesete\" \/>\n<meta name=\"twitter:site\" content=\"@Algarvesete\" \/>\n<meta name=\"twitter:label1\" content=\"Escrito por\" \/>\n\t<meta name=\"twitter:data1\" content=\"Algarve 7\" \/>\n\t<meta name=\"twitter:label2\" content=\"Tempo estimado de leitura\" \/>\n\t<meta name=\"twitter:data2\" content=\"3 minutos\" \/>\n<script type=\"application\/ld+json\" class=\"yoast-schema-graph\">{\"@context\":\"https:\\\/\\\/schema.org\",\"@graph\":[{\"@type\":\"Article\",\"@id\":\"https:\\\/\\\/algarve7.pt\\\/index.php\\\/2021\\\/04\\\/camara-municipal-de-aljezur-volta-a-apoiar-e-a-reforcar-os-apoios-aos-dispositivos-dos-postos-de-vigilancia-e-socorro-nas-praias-de-aljezur\\\/atualidade\\\/17\\\/51\\\/#article\",\"isPartOf\":{\"@id\":\"https:\\\/\\\/algarve7.pt\\\/index.php\\\/2021\\\/04\\\/camara-municipal-de-aljezur-volta-a-apoiar-e-a-reforcar-os-apoios-aos-dispositivos-dos-postos-de-vigilancia-e-socorro-nas-praias-de-aljezur\\\/atualidade\\\/17\\\/51\\\/\"},\"author\":{\"name\":\"Algarve 7\",\"@id\":\"https:\\\/\\\/algarve7.pt\\\/#\\\/schema\\\/person\\\/23fa70681308e7b319a3204bcea45e0c\"},\"headline\":\"C\u00e2mara municipal de Aljezur volta a apoiar e a refor\u00e7ar os apoios aos dispositivos dos postos de vigil\u00e2ncia e socorro nas praias de Aljezur\",\"datePublished\":\"2021-04-29T16:51:37+00:00\",\"dateModified\":\"2021-04-29T16:51:40+00:00\",\"mainEntityOfPage\":{\"@id\":\"https:\\\/\\\/algarve7.pt\\\/index.php\\\/2021\\\/04\\\/camara-municipal-de-aljezur-volta-a-apoiar-e-a-reforcar-os-apoios-aos-dispositivos-dos-postos-de-vigilancia-e-socorro-nas-praias-de-aljezur\\\/atualidade\\\/17\\\/51\\\/\"},\"wordCount\":603,\"publisher\":{\"@id\":\"https:\\\/\\\/algarve7.pt\\\/#organization\"},\"image\":{\"@id\":\"https:\\\/\\\/algarve7.pt\\\/index.php\\\/2021\\\/04\\\/camara-municipal-de-aljezur-volta-a-apoiar-e-a-reforcar-os-apoios-aos-dispositivos-dos-postos-de-vigilancia-e-socorro-nas-praias-de-aljezur\\\/atualidade\\\/17\\\/51\\\/#primaryimage\"},\"thumbnailUrl\":\"https:\\\/\\\/algarve7.pt\\\/wp-content\\\/uploads\\\/2021\\\/04\\\/Praia-de-Monte-Clerigo_fb.jpg\",\"keywords\":[\"Aljezur\",\"Atualidade\",\"Praias\"],\"articleSection\":[\"Atualidade\"],\"inLanguage\":\"pt-PT\"},{\"@type\":\"WebPage\",\"@id\":\"https:\\\/\\\/algarve7.pt\\\/index.php\\\/2021\\\/04\\\/camara-municipal-de-aljezur-volta-a-apoiar-e-a-reforcar-os-apoios-aos-dispositivos-dos-postos-de-vigilancia-e-socorro-nas-praias-de-aljezur\\\/atualidade\\\/17\\\/51\\\/\",\"url\":\"https:\\\/\\\/algarve7.pt\\\/index.php\\\/2021\\\/04\\\/camara-municipal-de-aljezur-volta-a-apoiar-e-a-reforcar-os-apoios-aos-dispositivos-dos-postos-de-vigilancia-e-socorro-nas-praias-de-aljezur\\\/atualidade\\\/17\\\/51\\\/\",\"name\":\"C\u00e2mara municipal de Aljezur volta a apoiar e a refor\u00e7ar os apoios aos dispositivos dos postos de vigil\u00e2ncia e socorro nas praias de Aljezur - Algarve 7\",\"isPartOf\":{\"@id\":\"https:\\\/\\\/algarve7.pt\\\/#website\"},\"primaryImageOfPage\":{\"@id\":\"https:\\\/\\\/algarve7.pt\\\/index.php\\\/2021\\\/04\\\/camara-municipal-de-aljezur-volta-a-apoiar-e-a-reforcar-os-apoios-aos-dispositivos-dos-postos-de-vigilancia-e-socorro-nas-praias-de-aljezur\\\/atualidade\\\/17\\\/51\\\/#primaryimage\"},\"image\":{\"@id\":\"https:\\\/\\\/algarve7.pt\\\/index.php\\\/2021\\\/04\\\/camara-municipal-de-aljezur-volta-a-apoiar-e-a-reforcar-os-apoios-aos-dispositivos-dos-postos-de-vigilancia-e-socorro-nas-praias-de-aljezur\\\/atualidade\\\/17\\\/51\\\/#primaryimage\"},\"thumbnailUrl\":\"https:\\\/\\\/algarve7.pt\\\/wp-content\\\/uploads\\\/2021\\\/04\\\/Praia-de-Monte-Clerigo_fb.jpg\",\"datePublished\":\"2021-04-29T16:51:37+00:00\",\"dateModified\":\"2021-04-29T16:51:40+00:00\",\"description\":\"C\u00e2mara municipal de Aljezur volta a apoiar e a refor\u00e7ar os apoios aos dispositivos dos postos de vigil\u00e2ncia e socorro nas praias de Aljezur Atualidade\",\"breadcrumb\":{\"@id\":\"https:\\\/\\\/algarve7.pt\\\/index.php\\\/2021\\\/04\\\/camara-municipal-de-aljezur-volta-a-apoiar-e-a-reforcar-os-apoios-aos-dispositivos-dos-postos-de-vigilancia-e-socorro-nas-praias-de-aljezur\\\/atualidade\\\/17\\\/51\\\/#breadcrumb\"},\"inLanguage\":\"pt-PT\",\"potentialAction\":[{\"@type\":\"ReadAction\",\"target\":[\"https:\\\/\\\/algarve7.pt\\\/index.php\\\/2021\\\/04\\\/camara-municipal-de-aljezur-volta-a-apoiar-e-a-reforcar-os-apoios-aos-dispositivos-dos-postos-de-vigilancia-e-socorro-nas-praias-de-aljezur\\\/atualidade\\\/17\\\/51\\\/\"]}]},{\"@type\":\"ImageObject\",\"inLanguage\":\"pt-PT\",\"@id\":\"https:\\\/\\\/algarve7.pt\\\/index.php\\\/2021\\\/04\\\/camara-municipal-de-aljezur-volta-a-apoiar-e-a-reforcar-os-apoios-aos-dispositivos-dos-postos-de-vigilancia-e-socorro-nas-praias-de-aljezur\\\/atualidade\\\/17\\\/51\\\/#primaryimage\",\"url\":\"https:\\\/\\\/algarve7.pt\\\/wp-content\\\/uploads\\\/2021\\\/04\\\/Praia-de-Monte-Clerigo_fb.jpg\",\"contentUrl\":\"https:\\\/\\\/algarve7.pt\\\/wp-content\\\/uploads\\\/2021\\\/04\\\/Praia-de-Monte-Clerigo_fb.jpg\",\"width\":1920,\"height\":1038},{\"@type\":\"BreadcrumbList\",\"@id\":\"https:\\\/\\\/algarve7.pt\\\/index.php\\\/2021\\\/04\\\/camara-municipal-de-aljezur-volta-a-apoiar-e-a-reforcar-os-apoios-aos-dispositivos-dos-postos-de-vigilancia-e-socorro-nas-praias-de-aljezur\\\/atualidade\\\/17\\\/51\\\/#breadcrumb\",\"itemListElement\":[{\"@type\":\"ListItem\",\"position\":1,\"name\":\"In\u00edcio\",\"item\":\"https:\\\/\\\/algarve7.pt\\\/\"},{\"@type\":\"ListItem\",\"position\":2,\"name\":\"C\u00e2mara municipal de Aljezur volta a apoiar e a refor\u00e7ar os apoios aos dispositivos dos postos de vigil\u00e2ncia e socorro nas praias de Aljezur\"}]},{\"@type\":\"WebSite\",\"@id\":\"https:\\\/\\\/algarve7.pt\\\/#website\",\"url\":\"https:\\\/\\\/algarve7.pt\\\/\",\"name\":\"Algarve 7\",\"description\":\"Informa\u00e7\u00e3o sobre o Algarve\",\"publisher\":{\"@id\":\"https:\\\/\\\/algarve7.pt\\\/#organization\"},\"potentialAction\":[{\"@type\":\"SearchAction\",\"target\":{\"@type\":\"EntryPoint\",\"urlTemplate\":\"https:\\\/\\\/algarve7.pt\\\/?s={search_term_string}\"},\"query-input\":{\"@type\":\"PropertyValueSpecification\",\"valueRequired\":true,\"valueName\":\"search_term_string\"}}],\"inLanguage\":\"pt-PT\"},{\"@type\":\"Organization\",\"@id\":\"https:\\\/\\\/algarve7.pt\\\/#organization\",\"name\":\"Algarve 7\",\"url\":\"https:\\\/\\\/algarve7.pt\\\/\",\"logo\":{\"@type\":\"ImageObject\",\"inLanguage\":\"pt-PT\",\"@id\":\"https:\\\/\\\/algarve7.pt\\\/#\\\/schema\\\/logo\\\/image\\\/\",\"url\":\"https:\\\/\\\/algarve7.pt\\\/wp-content\\\/uploads\\\/2020\\\/10\\\/Logo-8.jpg\",\"contentUrl\":\"https:\\\/\\\/algarve7.pt\\\/wp-content\\\/uploads\\\/2020\\\/10\\\/Logo-8.jpg\",\"width\":1680,\"height\":1186,\"caption\":\"Algarve 7\"},\"image\":{\"@id\":\"https:\\\/\\\/algarve7.pt\\\/#\\\/schema\\\/logo\\\/image\\\/\"},\"sameAs\":[\"https:\\\/\\\/www.facebook.com\\\/algarve7\",\"https:\\\/\\\/x.com\\\/Algarvesete\",\"https:\\\/\\\/www.instagram.com\\\/jornalalgarve7\\\/\",\"https:\\\/\\\/www.linkedin.com\\\/company\\\/algarve7\",\"https:\\\/\\\/www.pinterest.pt\\\/geral0939\\\/_created\\\/\"]},{\"@type\":\"Person\",\"@id\":\"https:\\\/\\\/algarve7.pt\\\/#\\\/schema\\\/person\\\/23fa70681308e7b319a3204bcea45e0c\",\"name\":\"Algarve 7\",\"sameAs\":[\"https:\\\/\\\/algarve7.pt\",\"https:\\\/\\\/www.facebook.com\\\/algarve7\"],\"url\":\"https:\\\/\\\/algarve7.pt\\\/index.php\\\/author\\\/geralalgarve7-pt\\\/\"}]}<\/script>\n<!-- \/ Yoast SEO plugin. -->","yoast_head_json":{"title":"C\u00e2mara municipal de Aljezur volta a apoiar e a refor\u00e7ar os apoios aos dispositivos dos postos de vigil\u00e2ncia e socorro nas praias de Aljezur - Algarve 7","description":"C\u00e2mara municipal de Aljezur volta a apoiar e a refor\u00e7ar os apoios aos dispositivos dos postos de vigil\u00e2ncia e socorro nas praias de Aljezur Atualidade","robots":{"index":"index","follow":"follow","max-snippet":"max-snippet:-1","max-image-preview":"max-image-preview:large","max-video-preview":"max-video-preview:-1"},"canonical":"https:\/\/algarve7.pt\/index.php\/2021\/04\/camara-municipal-de-aljezur-volta-a-apoiar-e-a-reforcar-os-apoios-aos-dispositivos-dos-postos-de-vigilancia-e-socorro-nas-praias-de-aljezur\/atualidade\/17\/51\/","og_locale":"pt_PT","og_type":"article","og_title":"C\u00e2mara municipal de Aljezur volta a apoiar e a refor\u00e7ar os apoios aos dispositivos dos postos de vigil\u00e2ncia e socorro nas praias de Aljezur - Algarve 7","og_description":"C\u00e2mara municipal de Aljezur volta a apoiar e a refor\u00e7ar os apoios aos dispositivos dos postos de vigil\u00e2ncia e socorro nas praias de Aljezur Atualidade","og_url":"https:\/\/algarve7.pt\/index.php\/2021\/04\/camara-municipal-de-aljezur-volta-a-apoiar-e-a-reforcar-os-apoios-aos-dispositivos-dos-postos-de-vigilancia-e-socorro-nas-praias-de-aljezur\/atualidade\/17\/51\/","og_site_name":"Algarve 7","article_publisher":"https:\/\/www.facebook.com\/algarve7","article_author":"https:\/\/www.facebook.com\/algarve7","article_published_time":"2021-04-29T16:51:37+00:00","article_modified_time":"2021-04-29T16:51:40+00:00","og_image":[{"width":1920,"height":1038,"url":"https:\/\/algarve7.pt\/wp-content\/uploads\/2021\/04\/Praia-de-Monte-Clerigo_fb.jpg","type":"image\/jpeg"}],"author":"Algarve 7","twitter_card":"summary_large_image","twitter_creator":"@Algarvesete","twitter_site":"@Algarvesete","twitter_misc":{"Escrito por":"Algarve 7","Tempo estimado de leitura":"3 minutos"},"schema":{"@context":"https:\/\/schema.org","@graph":[{"@type":"Article","@id":"https:\/\/algarve7.pt\/index.php\/2021\/04\/camara-municipal-de-aljezur-volta-a-apoiar-e-a-reforcar-os-apoios-aos-dispositivos-dos-postos-de-vigilancia-e-socorro-nas-praias-de-aljezur\/atualidade\/17\/51\/#article","isPartOf":{"@id":"https:\/\/algarve7.pt\/index.php\/2021\/04\/camara-municipal-de-aljezur-volta-a-apoiar-e-a-reforcar-os-apoios-aos-dispositivos-dos-postos-de-vigilancia-e-socorro-nas-praias-de-aljezur\/atualidade\/17\/51\/"},"author":{"name":"Algarve 7","@id":"https:\/\/algarve7.pt\/#\/schema\/person\/23fa70681308e7b319a3204bcea45e0c"},"headline":"C\u00e2mara municipal de Aljezur volta a apoiar e a refor\u00e7ar os apoios aos dispositivos dos postos de vigil\u00e2ncia e socorro nas praias de Aljezur","datePublished":"2021-04-29T16:51:37+00:00","dateModified":"2021-04-29T16:51:40+00:00","mainEntityOfPage":{"@id":"https:\/\/algarve7.pt\/index.php\/2021\/04\/camara-municipal-de-aljezur-volta-a-apoiar-e-a-reforcar-os-apoios-aos-dispositivos-dos-postos-de-vigilancia-e-socorro-nas-praias-de-aljezur\/atualidade\/17\/51\/"},"wordCount":603,"publisher":{"@id":"https:\/\/algarve7.pt\/#organization"},"image":{"@id":"https:\/\/algarve7.pt\/index.php\/2021\/04\/camara-municipal-de-aljezur-volta-a-apoiar-e-a-reforcar-os-apoios-aos-dispositivos-dos-postos-de-vigilancia-e-socorro-nas-praias-de-aljezur\/atualidade\/17\/51\/#primaryimage"},"thumbnailUrl":"https:\/\/algarve7.pt\/wp-content\/uploads\/2021\/04\/Praia-de-Monte-Clerigo_fb.jpg","keywords":["Aljezur","Atualidade","Praias"],"articleSection":["Atualidade"],"inLanguage":"pt-PT"},{"@type":"WebPage","@id":"https:\/\/algarve7.pt\/index.php\/2021\/04\/camara-municipal-de-aljezur-volta-a-apoiar-e-a-reforcar-os-apoios-aos-dispositivos-dos-postos-de-vigilancia-e-socorro-nas-praias-de-aljezur\/atualidade\/17\/51\/","url":"https:\/\/algarve7.pt\/index.php\/2021\/04\/camara-municipal-de-aljezur-volta-a-apoiar-e-a-reforcar-os-apoios-aos-dispositivos-dos-postos-de-vigilancia-e-socorro-nas-praias-de-aljezur\/atualidade\/17\/51\/","name":"C\u00e2mara municipal de Aljezur volta a apoiar e a refor\u00e7ar os apoios aos dispositivos dos postos de vigil\u00e2ncia e socorro nas praias de Aljezur - Algarve 7","isPartOf":{"@id":"https:\/\/algarve7.pt\/#website"},"primaryImageOfPage":{"@id":"https:\/\/algarve7.pt\/index.php\/2021\/04\/camara-municipal-de-aljezur-volta-a-apoiar-e-a-reforcar-os-apoios-aos-dispositivos-dos-postos-de-vigilancia-e-socorro-nas-praias-de-aljezur\/atualidade\/17\/51\/#primaryimage"},"image":{"@id":"https:\/\/algarve7.pt\/index.php\/2021\/04\/camara-municipal-de-aljezur-volta-a-apoiar-e-a-reforcar-os-apoios-aos-dispositivos-dos-postos-de-vigilancia-e-socorro-nas-praias-de-aljezur\/atualidade\/17\/51\/#primaryimage"},"thumbnailUrl":"https:\/\/algarve7.pt\/wp-content\/uploads\/2021\/04\/Praia-de-Monte-Clerigo_fb.jpg","datePublished":"2021-04-29T16:51:37+00:00","dateModified":"2021-04-29T16:51:40+00:00","description":"C\u00e2mara municipal de Aljezur volta a apoiar e a refor\u00e7ar os apoios aos dispositivos dos postos de vigil\u00e2ncia e socorro nas praias de Aljezur Atualidade","breadcrumb":{"@id":"https:\/\/algarve7.pt\/index.php\/2021\/04\/camara-municipal-de-aljezur-volta-a-apoiar-e-a-reforcar-os-apoios-aos-dispositivos-dos-postos-de-vigilancia-e-socorro-nas-praias-de-aljezur\/atualidade\/17\/51\/#breadcrumb"},"inLanguage":"pt-PT","potentialAction":[{"@type":"ReadAction","target":["https:\/\/algarve7.pt\/index.php\/2021\/04\/camara-municipal-de-aljezur-volta-a-apoiar-e-a-reforcar-os-apoios-aos-dispositivos-dos-postos-de-vigilancia-e-socorro-nas-praias-de-aljezur\/atualidade\/17\/51\/"]}]},{"@type":"ImageObject","inLanguage":"pt-PT","@id":"https:\/\/algarve7.pt\/index.php\/2021\/04\/camara-municipal-de-aljezur-volta-a-apoiar-e-a-reforcar-os-apoios-aos-dispositivos-dos-postos-de-vigilancia-e-socorro-nas-praias-de-aljezur\/atualidade\/17\/51\/#primaryimage","url":"https:\/\/algarve7.pt\/wp-content\/uploads\/2021\/04\/Praia-de-Monte-Clerigo_fb.jpg","contentUrl":"https:\/\/algarve7.pt\/wp-content\/uploads\/2021\/04\/Praia-de-Monte-Clerigo_fb.jpg","width":1920,"height":1038},{"@type":"BreadcrumbList","@id":"https:\/\/algarve7.pt\/index.php\/2021\/04\/camara-municipal-de-aljezur-volta-a-apoiar-e-a-reforcar-os-apoios-aos-dispositivos-dos-postos-de-vigilancia-e-socorro-nas-praias-de-aljezur\/atualidade\/17\/51\/#breadcrumb","itemListElement":[{"@type":"ListItem","position":1,"name":"In\u00edcio","item":"https:\/\/algarve7.pt\/"},{"@type":"ListItem","position":2,"name":"C\u00e2mara municipal de Aljezur volta a apoiar e a refor\u00e7ar os apoios aos dispositivos dos postos de vigil\u00e2ncia e socorro nas praias de Aljezur"}]},{"@type":"WebSite","@id":"https:\/\/algarve7.pt\/#website","url":"https:\/\/algarve7.pt\/","name":"Algarve 7","description":"Informa\u00e7\u00e3o sobre o Algarve","publisher":{"@id":"https:\/\/algarve7.pt\/#organization"},"potentialAction":[{"@type":"SearchAction","target":{"@type":"EntryPoint","urlTemplate":"https:\/\/algarve7.pt\/?s={search_term_string}"},"query-input":{"@type":"PropertyValueSpecification","valueRequired":true,"valueName":"search_term_string"}}],"inLanguage":"pt-PT"},{"@type":"Organization","@id":"https:\/\/algarve7.pt\/#organization","name":"Algarve 7","url":"https:\/\/algarve7.pt\/","logo":{"@type":"ImageObject","inLanguage":"pt-PT","@id":"https:\/\/algarve7.pt\/#\/schema\/logo\/image\/","url":"https:\/\/algarve7.pt\/wp-content\/uploads\/2020\/10\/Logo-8.jpg","contentUrl":"https:\/\/algarve7.pt\/wp-content\/uploads\/2020\/10\/Logo-8.jpg","width":1680,"height":1186,"caption":"Algarve 7"},"image":{"@id":"https:\/\/algarve7.pt\/#\/schema\/logo\/image\/"},"sameAs":["https:\/\/www.facebook.com\/algarve7","https:\/\/x.com\/Algarvesete","https:\/\/www.instagram.com\/jornalalgarve7\/","https:\/\/www.linkedin.com\/company\/algarve7","https:\/\/www.pinterest.pt\/geral0939\/_created\/"]},{"@type":"Person","@id":"https:\/\/algarve7.pt\/#\/schema\/person\/23fa70681308e7b319a3204bcea45e0c","name":"Algarve 7","sameAs":["https:\/\/algarve7.pt","https:\/\/www.facebook.com\/algarve7"],"url":"https:\/\/algarve7.pt\/index.php\/author\/geralalgarve7-pt\/"}]}},"jetpack_publicize_connections":[],"jetpack_featured_media_url":"https:\/\/algarve7.pt\/wp-content\/uploads\/2021\/04\/Praia-de-Monte-Clerigo_fb.jpg","jetpack_shortlink":"https:\/\/wp.me\/pcezmW-25r","jetpack_sharing_enabled":true,"_links":{"self":[{"href":"https:\/\/algarve7.pt\/index.php\/wp-json\/wp\/v2\/posts\/8025","targetHints":{"allow":["GET"]}}],"collection":[{"href":"https:\/\/algarve7.pt\/index.php\/wp-json\/wp\/v2\/posts"}],"about":[{"href":"https:\/\/algarve7.pt\/index.php\/wp-json\/wp\/v2\/types\/post"}],"author":[{"embeddable":true,"href":"https:\/\/algarve7.pt\/index.php\/wp-json\/wp\/v2\/users\/1"}],"replies":[{"embeddable":true,"href":"https:\/\/algarve7.pt\/index.php\/wp-json\/wp\/v2\/comments?post=8025"}],"version-history":[{"count":0,"href":"https:\/\/algarve7.pt\/index.php\/wp-json\/wp\/v2\/posts\/8025\/revisions"}],"wp:featuredmedia":[{"embeddable":true,"href":"https:\/\/algarve7.pt\/index.php\/wp-json\/wp\/v2\/media\/8026"}],"wp:attachment":[{"href":"https:\/\/algarve7.pt\/index.php\/wp-json\/wp\/v2\/media?parent=8025"}],"wp:term":[{"taxonomy":"category","embeddable":true,"href":"https:\/\/algarve7.pt\/index.php\/wp-json\/wp\/v2\/categories?post=8025"},{"taxonomy":"post_tag","embeddable":true,"href":"https:\/\/algarve7.pt\/index.php\/wp-json\/wp\/v2\/tags?post=8025"}],"curies":[{"name":"wp","href":"https:\/\/api.w.org\/{rel}","templated":true}]}}